{"id":61397,"date":"2021-08-23T16:29:19","date_gmt":"2021-08-23T21:29:19","guid":{"rendered":"https:\/\/www.grieta.org.mx\/?p=61397"},"modified":"2021-08-30T16:47:11","modified_gmt":"2021-08-30T21:47:11","slug":"con-enganos-proyecto-de-energia-solar-la-pimienta-busca-operar-en-campeche","status":"publish","type":"post","link":"https:\/\/www.grieta.org.mx\/index.php\/2021\/08\/23\/con-enganos-proyecto-de-energia-solar-la-pimienta-busca-operar-en-campeche\/","title":{"rendered":"Con enga\u00f1os, proyecto de energ\u00eda solar &#8216;La Pimienta&#8217; busca operar en Campeche"},"content":{"rendered":"<p>Wilbert Casanova \/ PorEsto!<\/p>\n<p>El proyecto de energ\u00eda solar \u201cLa Pimienta\u201d que se construye entre los municipios de Carmen y Palizada -con una inversi\u00f3n de 340 millones de d\u00f3lares y dos mil empleos temporales- es cuestionado por agrupaciones como Articulaci\u00f3n Yucat\u00e1n y Geocomunes, las cuales denuncian que se hace firmar \u201ccon enga\u00f1o\u201d a los due\u00f1os de las tierras y \u201cse desinforma a las comunidades rurales\u201d.<\/p>\n<p>La secretaria de Desarrollo Energ\u00e9tico Sustentable de Campeche, Ariana Rej\u00f3n Lara, al informar sobre el proyecto asever\u00f3 que, ya que cuenta con los permisos de operaci\u00f3n de la Comisi\u00f3n Reguladora de Energ\u00eda (CRE), estima se inaugure en el 2022, pese a que estaba previsto que se hiciera en este a\u00f1o.<\/p>\n<p>De los empleos a generar cuando termine, precis\u00f3 que ser\u00edan 200 y que incluso se contempla contratar mayoritariamente a mujeres.<\/p>\n<p>Por su parte, a trav\u00e9s de un texto, Articulaci\u00f3n Yucat\u00e1n y Geocomunes revelan que en un estudio sobre los proyectos de energ\u00eda que se llevan a cabo, se tienen problem\u00e1ticas espec\u00edficas como el que se desinforme a las comunidades locales y pueblos ind\u00edgenas sobre las caracter\u00edsticas y consecuencias de los megaproyectos.<\/p>\n<p>Adem\u00e1s, denuncia que \u201clos desarrolladores de estos proyectos hacen firmar contratos a los pobladores mediante enga\u00f1os, para acreditar derechos sobre sus tierras, sin siquiera dar a conocer de qu\u00e9 tratan y sobre sus consecuencias\u201d.<\/p>\n<p><img loading=\"lazy\" decoding=\"async\" data-attachment-id=\"61399\" data-permalink=\"https:\/\/www.grieta.org.mx\/index.php\/2021\/08\/23\/con-enganos-proyecto-de-energia-solar-la-pimienta-busca-operar-en-campeche\/lapimienta2\/\" data-orig-file=\"https:\/\/www.grieta.org.mx\/wp-content\/uploads\/2021\/08\/LaPimienta2-e1630359835386.png\" data-orig-size=\"800,531\" data-comments-opened=\"0\" data-image-meta=\"{&quot;aperture&quot;:&quot;0&quot;,&quot;credit&quot;:&quot;&quot;,&quot;camera&quot;:&quot;&quot;,&quot;caption&quot;:&quot;&quot;,&quot;created_timestamp&quot;:&quot;0&quot;,&quot;copyright&quot;:&quot;&quot;,&quot;focal_length&quot;:&quot;0&quot;,&quot;iso&quot;:&quot;0&quot;,&quot;shutter_speed&quot;:&quot;0&quot;,&quot;title&quot;:&quot;&quot;,&quot;orientation&quot;:&quot;0&quot;}\" data-image-title=\"LaPimienta2\" data-image-description=\"\" data-image-caption=\"\" data-medium-file=\"https:\/\/www.grieta.org.mx\/wp-content\/uploads\/2021\/08\/LaPimienta2-300x199.png\" data-large-file=\"https:\/\/www.grieta.org.mx\/wp-content\/uploads\/2021\/08\/LaPimienta2-1024x680.png\" src=\"http:\/\/www.grieta.org.mx\/wp-content\/uploads\/2021\/08\/LaPimienta2-e1630359835386.png\" alt=\"\" width=\"800\" height=\"531\" class=\"alignnone size-full wp-image-61399\" \/><\/p>\n<p>Incluso se\u00f1ala que las Manifestaciones de Impacto Ambiental (MIAs) presentan deficiencias metodol\u00f3gicas que no permiten evaluaciones oportunas por parte de las autoridades, ya que \u201ces la propia empresa desarrolladora quien contrata y paga a las consultoras\u201d.<\/p>\n<p><a href=\"https:\/\/www.poresto.net\/campeche\/2021\/8\/23\/con-enganos-proyecto-de-energia-solar-la-pimienta-busca-operar-en-campeche-274717.html\" rel=\"noopener\" target=\"_blank\">https:\/\/www.poresto.net\/campeche\/2021\/8\/23\/con-enganos-proyecto-de-energia-solar-la-pimienta-busca-operar-en-campeche-274717.html<\/a><\/p>\n","protected":false},"excerpt":{"rendered":"<p>Wilbert Casanova \/ PorEsto! El proyecto de energ\u00eda solar \u201cLa Pimienta\u201d que se construye entre los municipios de Carmen y Palizada -con una inversi\u00f3n de 340 millones de d\u00f3lares y &hellip; <a href=\"https:\/\/www.grieta.org.mx\/index.php\/2021\/08\/23\/con-enganos-proyecto-de-energia-solar-la-pimienta-busca-operar-en-campeche\/\" class=\"more-link\">Leer m\u00e1s<\/a><\/p>\n","protected":false},"author":2,"featured_media":61398,"comment_status":"closed","ping_status":"closed","sticky":false,"template":"","format":"standard","meta":{"ngg_post_thumbnail":0,"_jetpack_newsletter_access":"","_jetpack_dont_email_post_to_subs":false,"_jetpack_newsletter_tier_id":0,"_jetpack_memberships_contains_paywalled_content":false,"_jetpack_memberships_contains_paid_content":false,"footnotes":""},"categories":[11,80,2997,2258,3,922,926,2,420],"tags":[262,516],"class_list":["post-61397","post","type-post","status-publish","format-standard","has-post-thumbnail","hentry","category-campeche","category-cintillo","category-despojo-de-tierras-en-campeche","category-ecocidio-en-campeche","category-megaproyectos","category-megaproyectos-estados","category-mp-campeche","category-noticias-nacionales","category-parques-solares","tag-parque-solar","tag-parques-eolicos","entry"],"jetpack_featured_media_url":"https:\/\/www.grieta.org.mx\/wp-content\/uploads\/2021\/08\/LaPimienta-e1630359661405.png","jetpack_sharing_enabled":true,"jetpack_shortlink":"https:\/\/wp.me\/p7ZJR4-fYh","jetpack_likes_enabled":false,"jetpack-related-posts":[{"id":35945,"url":"https:\/\/www.grieta.org.mx\/index.php\/2019\/07\/05\/expansion-de-megaproyectos-en-la-peninsula-de-yucatan-video\/","url_meta":{"origin":61397,"position":0},"title":"Expansi\u00f3n de Megaproyectos en la Pen\u00ednsula de Yucat\u00e1n (Video)","author":"grieta","date":"5 julio, 2019","format":false,"excerpt":"https:\/\/youtu.be\/qLBARIAaBsI","rel":"","context":"En &quot;Campeche&quot;","block_context":{"text":"Campeche","link":"https:\/\/www.grieta.org.mx\/index.php\/category\/noticias-nacionales\/campeche\/"},"img":{"alt_text":"","src":"https:\/\/i0.wp.com\/img.youtube.com\/vi\/qLBARIAaBsI\/0.jpg?resize=350%2C200","width":350,"height":200},"classes":[]},{"id":58003,"url":"https:\/\/www.grieta.org.mx\/index.php\/2021\/03\/27\/son-proyectos-que-no-estan-siendo-consultados-por-tren-maya-se-harian-10-parques-solares-activistas-de-yucatan-no-quieren-mas-despojo-de-tierras\/","url_meta":{"origin":61397,"position":1},"title":"\u201cSon proyectos que no est\u00e1n siendo consultados\u201d: Por Tren Maya, se har\u00edan 10 parques solares; activistas de Yucat\u00e1n no quieren m\u00e1s despojo de tierras","author":"grieta","date":"27 marzo, 2021","format":false,"excerpt":"Itzel Chan \/ Noticaribe M\u00c9RIDA, MX.- Ante el anuncio relacionado con la construcci\u00f3n de 10 parques de energ\u00eda solar para abastecer los tramos electrificados del Tren Maya, integrantes de la Asamblea de Defensores del Territorio Maya M\u00fauch\u2019 X\u00edinbal, se pronuncian desde ahora que se oponen a m\u00e1s despojo de tierras.\u2026","rel":"","context":"En &quot;Campeche&quot;","block_context":{"text":"Campeche","link":"https:\/\/www.grieta.org.mx\/index.php\/category\/noticias-nacionales\/campeche\/"},"img":{"alt_text":"","src":"https:\/\/i0.wp.com\/www.grieta.org.mx\/wp-content\/uploads\/2021\/03\/ParquesSolaresTrenMalla-e1616978369383.png?resize=350%2C200&ssl=1","width":350,"height":200,"srcset":"https:\/\/i0.wp.com\/www.grieta.org.mx\/wp-content\/uploads\/2021\/03\/ParquesSolaresTrenMalla-e1616978369383.png?resize=350%2C200&ssl=1 1x, https:\/\/i0.wp.com\/www.grieta.org.mx\/wp-content\/uploads\/2021\/03\/ParquesSolaresTrenMalla-e1616978369383.png?resize=525%2C300&ssl=1 1.5x, https:\/\/i0.wp.com\/www.grieta.org.mx\/wp-content\/uploads\/2021\/03\/ParquesSolaresTrenMalla-e1616978369383.png?resize=700%2C400&ssl=1 2x"},"classes":[]},{"id":39859,"url":"https:\/\/www.grieta.org.mx\/index.php\/2019\/09\/29\/detengan-la-tala-de-la-selva-maya-piden-universitarios-de-san-francisco-california\/","url_meta":{"origin":61397,"position":2},"title":"Detengan la tala de la selva maya, piden universitarios de San Francisco, California","author":"grieta","date":"29 septiembre, 2019","format":false,"excerpt":"Mayapolitikon Estudiantes y profesores del City College de San Francisco, California, exhortaron al gobierno mexicano y a otros a detener la destrucci\u00f3n de los montes de Yucat\u00e1n con la instalaci\u00f3n de megaproyectos. \u201cEscribimos en apoyo a los activistas mayas quienes se oponen a la destrucci\u00f3n causada por el tren maya,\u2026","rel":"","context":"En &quot;Campeche&quot;","block_context":{"text":"Campeche","link":"https:\/\/www.grieta.org.mx\/index.php\/category\/noticias-nacionales\/campeche\/"},"img":{"alt_text":"","src":"https:\/\/i0.wp.com\/www.grieta.org.mx\/wp-content\/uploads\/2019\/10\/pedrousa-e1570060783615.jpg?resize=350%2C200&ssl=1","width":350,"height":200,"srcset":"https:\/\/i0.wp.com\/www.grieta.org.mx\/wp-content\/uploads\/2019\/10\/pedrousa-e1570060783615.jpg?resize=350%2C200&ssl=1 1x, https:\/\/i0.wp.com\/www.grieta.org.mx\/wp-content\/uploads\/2019\/10\/pedrousa-e1570060783615.jpg?resize=525%2C300&ssl=1 1.5x, https:\/\/i0.wp.com\/www.grieta.org.mx\/wp-content\/uploads\/2019\/10\/pedrousa-e1570060783615.jpg?resize=700%2C400&ssl=1 2x"},"classes":[]},{"id":29670,"url":"https:\/\/www.grieta.org.mx\/index.php\/2019\/02\/15\/tren-maya-podria-iniciarse-en-proximos-meses-campeche\/","url_meta":{"origin":61397,"position":3},"title":"Tren Maya podr\u00eda iniciarse en pr\u00f3ximos meses (Campeche)","author":"grieta","date":"15 febrero, 2019","format":false,"excerpt":"Redacci\u00f3n \/ Campeche Hoy CAMPECHE.\u00a0Ante la puesta en marcha el proyecto del Tren Maya, se dio a conocer que poco m\u00e1s de 350 kil\u00f3metros de v\u00edas f\u00e9rreas con los que cuenta en todo el estado, ser\u00e1n reemplazados para adecuarlas al proyecto del Tren Maya. El responsable del proyecto en Campeche,\u2026","rel":"","context":"En &quot;Campeche&quot;","block_context":{"text":"Campeche","link":"https:\/\/www.grieta.org.mx\/index.php\/category\/noticias-nacionales\/campeche\/"},"img":{"alt_text":"","src":"https:\/\/i0.wp.com\/www.grieta.org.mx\/wp-content\/uploads\/2018\/03\/14524434_1106112876131411_958039263622046936_o.jpg?resize=350%2C200&ssl=1","width":350,"height":200,"srcset":"https:\/\/i0.wp.com\/www.grieta.org.mx\/wp-content\/uploads\/2018\/03\/14524434_1106112876131411_958039263622046936_o.jpg?resize=350%2C200&ssl=1 1x, https:\/\/i0.wp.com\/www.grieta.org.mx\/wp-content\/uploads\/2018\/03\/14524434_1106112876131411_958039263622046936_o.jpg?resize=525%2C300&ssl=1 1.5x, https:\/\/i0.wp.com\/www.grieta.org.mx\/wp-content\/uploads\/2018\/03\/14524434_1106112876131411_958039263622046936_o.jpg?resize=700%2C400&ssl=1 2x"},"classes":[]},{"id":35613,"url":"https:\/\/www.grieta.org.mx\/index.php\/2019\/06\/27\/impactos-sociales-y-territoriales-del-proyecto-tren-maya-video\/","url_meta":{"origin":61397,"position":4},"title":"Impactos sociales y territoriales del proyecto tren maya (Video)","author":"grieta","date":"27 junio, 2019","format":false,"excerpt":"https:\/\/youtu.be\/FPH4ZTKgMPc","rel":"","context":"En &quot;CINTILLO&quot;","block_context":{"text":"CINTILLO","link":"https:\/\/www.grieta.org.mx\/index.php\/category\/cintillo\/"},"img":{"alt_text":"","src":"https:\/\/i0.wp.com\/www.grieta.org.mx\/wp-content\/uploads\/2018\/03\/14524434_1106112876131411_958039263622046936_o.jpg?resize=350%2C200&ssl=1","width":350,"height":200,"srcset":"https:\/\/i0.wp.com\/www.grieta.org.mx\/wp-content\/uploads\/2018\/03\/14524434_1106112876131411_958039263622046936_o.jpg?resize=350%2C200&ssl=1 1x, https:\/\/i0.wp.com\/www.grieta.org.mx\/wp-content\/uploads\/2018\/03\/14524434_1106112876131411_958039263622046936_o.jpg?resize=525%2C300&ssl=1 1.5x, https:\/\/i0.wp.com\/www.grieta.org.mx\/wp-content\/uploads\/2018\/03\/14524434_1106112876131411_958039263622046936_o.jpg?resize=700%2C400&ssl=1 2x"},"classes":[]},{"id":66234,"url":"https:\/\/www.grieta.org.mx\/index.php\/2023\/01\/29\/construccion-de-hotel-tren-maya-en-calakmul-genera-molestia-campeche\/","url_meta":{"origin":61397,"position":5},"title":"Construcci\u00f3n de Hotel Tren Maya en Calakmul genera molestia (Campeche)","author":"grieta","date":"29 enero, 2023","format":false,"excerpt":"Jairo Maga\u00f1a \/ Foto: Gobierno de M\u00e9xico \/ La Jornada Maya Ejidatarios se\u00f1alan que no se les ense\u00f1\u00f3 una MIA para el proyecto Calakmul, Campeche Video revela cuestionamientos y quejas sobre la construcci\u00f3n del hotel Edzn\u00e1, proyecto tur\u00edstico innovador (anunciado por Andr\u00e9s Manuel L\u00f3pez Obrador, presidente de M\u00e9xico, el 23\u2026","rel":"","context":"En &quot;Campeche&quot;","block_context":{"text":"Campeche","link":"https:\/\/www.grieta.org.mx\/index.php\/category\/noticias-nacionales\/campeche\/"},"img":{"alt_text":"","src":"https:\/\/i0.wp.com\/www.grieta.org.mx\/wp-content\/uploads\/2023\/01\/CalakmulHotel-e1676393960214.jpg?resize=350%2C200&ssl=1","width":350,"height":200,"srcset":"https:\/\/i0.wp.com\/www.grieta.org.mx\/wp-content\/uploads\/2023\/01\/CalakmulHotel-e1676393960214.jpg?resize=350%2C200&ssl=1 1x, https:\/\/i0.wp.com\/www.grieta.org.mx\/wp-content\/uploads\/2023\/01\/CalakmulHotel-e1676393960214.jpg?resize=525%2C300&ssl=1 1.5x, https:\/\/i0.wp.com\/www.grieta.org.mx\/wp-content\/uploads\/2023\/01\/CalakmulHotel-e1676393960214.jpg?resize=700%2C400&ssl=1 2x"},"classes":[]}],"_links":{"self":[{"href":"https:\/\/www.grieta.org.mx\/index.php\/wp-json\/wp\/v2\/posts\/61397","targetHints":{"allow":["GET"]}}],"collection":[{"href":"https:\/\/www.grieta.org.mx\/index.php\/wp-json\/wp\/v2\/posts"}],"about":[{"href":"https:\/\/www.grieta.org.mx\/index.php\/wp-json\/wp\/v2\/types\/post"}],"author":[{"embeddable":true,"href":"https:\/\/www.grieta.org.mx\/index.php\/wp-json\/wp\/v2\/users\/2"}],"replies":[{"embeddable":true,"href":"https:\/\/www.grieta.org.mx\/index.php\/wp-json\/wp\/v2\/comments?post=61397"}],"version-history":[{"count":1,"href":"https:\/\/www.grieta.org.mx\/index.php\/wp-json\/wp\/v2\/posts\/61397\/revisions"}],"predecessor-version":[{"id":61400,"href":"https:\/\/www.grieta.org.mx\/index.php\/wp-json\/wp\/v2\/posts\/61397\/revisions\/61400"}],"wp:featuredmedia":[{"embeddable":true,"href":"https:\/\/www.grieta.org.mx\/index.php\/wp-json\/wp\/v2\/media\/61398"}],"wp:attachment":[{"href":"https:\/\/www.grieta.org.mx\/index.php\/wp-json\/wp\/v2\/media?parent=61397"}],"wp:term":[{"taxonomy":"category","embeddable":true,"href":"https:\/\/www.grieta.org.mx\/index.php\/wp-json\/wp\/v2\/categories?post=61397"},{"taxonomy":"post_tag","embeddable":true,"href":"https:\/\/www.grieta.org.mx\/index.php\/wp-json\/wp\/v2\/tags?post=61397"}],"curies":[{"name":"wp","href":"https:\/\/api.w.org\/{rel}","templated":true}]}}