{"id":61348,"date":"2021-08-26T13:47:05","date_gmt":"2021-08-26T18:47:05","guid":{"rendered":"https:\/\/www.grieta.org.mx\/?p=61348"},"modified":"2021-08-29T14:00:55","modified_gmt":"2021-08-29T19:00:55","slug":"comunidades-riberenas-del-lago-de-chapala-exigen-a-conagua-liberar-playas-invadidas-por-particulares-jalisco","status":"publish","type":"post","link":"https:\/\/www.grieta.org.mx\/index.php\/2021\/08\/26\/comunidades-riberenas-del-lago-de-chapala-exigen-a-conagua-liberar-playas-invadidas-por-particulares-jalisco\/","title":{"rendered":"Comunidades ribere\u00f1as del Lago de Chapala exigen a Conagua liberar playas invadidas por particulares (Jalisco)"},"content":{"rendered":"<p>Foto: Mario Marlo<\/p>\n<p>Mario Marlo \/ Zona Docs<\/p>\n<p><strong>Guadalajara, Jalisco, 26 de agosto 2021.-<\/strong>\u00a0Esta ma\u00f1ana,\u00a0<strong>pobladores de comunidades ribere\u00f1as del Lago de Chapala<\/strong>, marcharon del Parque Rojo a las oficinas de la\u00a0<strong>Comisi\u00f3n Nacional del Agua (Conagua)<\/strong>, en la ciudad de Guadalajara, donde exigieron que la instituci\u00f3n\u00a0<strong>tome inmediatamente las medidas necesarias, para regularizar e inspeccionar las zonas federales que han sido ocupadas por particulares.<\/strong><\/p>\n<p>Con pancartas y consignas, los pobladores denunciaron que durante los \u00faltimos 30 a\u00f1os los pueblos ribere\u00f1os se han visto afectados por la<strong>\u00a0invaci\u00f3n de las \u00e1reas federales colindantes con el Lago de Chapala<\/strong>\u00a0debido a la falta de inspecci\u00f3n y vigilancia por parte de la Conagua.<\/p>\n<p><strong><em>\u00abLa problematica principal es la falta de regularizaci\u00f3n e inspecci\u00f3n y su estudio previo, de las concesiones otorgadas por Conagua para uso del espacio federal, estas concesiones en su escencia buscaba otorgar a los vecinos de un espacio para la explotaci\u00f3n de actividades agropecuarias, sin embargo esto ha desaparecido.\u00bb\u00a0<\/em><\/strong>Explicaron en un comunicado le\u00eddo frente a las oficinas de Conagua.<\/p>\n<p>Los pueblos ribere\u00f1os explicaron que la\u00a0<strong>pesca y agricultura fue por decadas la principal fuente de alimentaci\u00f3n y subsistencia<\/strong>\u00a0de los pobladores de esta zona, sin embargo, muchas de estas concesiones fueron compradas por particulares o vecinos cercanos a la zona federal para hacer m\u00e1s grandes sus propiedades.<\/p>\n<p><strong><em>\u00abLas concesiones que un d\u00eda proveyeron de productos del lago y del trabajo de la tierra, hoy son utilizadas para ganarle terreno cada a\u00f1o a la cuenca hidrol\u00f3gica del humedal m\u00e1s grande de M\u00e9xico.\u00bb<\/em><\/strong><\/p>\n<p>Lo anterior ha sido aprovechado por particulares que en temporada de estiaje,\u00a0<strong>levantan muros o mallas<\/strong>\u00a0<strong>y rellena con escombro la zona con el fin de ganarle terreno al lago<\/strong>\u00a0para posteriormente urbanizar.<\/p>\n<p>El pasado 13 de agosto los pobladores de la\u00a0<strong>comunidad de\u00a0<span class=\"css-901oao css-16my406 r-poiln3 r-bcqeeo r-qvutc0\">Ajijic<\/span><\/strong>, se organizaron para\u00a0<span class=\"css-901oao css-16my406 r-poiln3 r-bcqeeo r-qvutc0\"><strong>derribar las mallas cicl\u00f3nicas que fueron instaladas en zona federal del lago de Chapala<\/strong>\u00a0por particulares y que impedian el acceso a las y los pobladores.<\/span><\/p>\n<p>Por todo lo anterior, las comunidades ribere\u00f1as del lago de Chapala, exigieron a la Conagua:<\/p>\n<ul>\n<li><strong>Otorgue un padron de las conceciones otorgadas durante los \u00faltimos 50 a\u00f1os dentro de los territorios de los pueblos ribere\u00f1os.<\/strong><\/li>\n<li><strong>Realizar, en compa\u00f1ia de la Sociedad Organizada, una inspecci\u00f3n f\u00edsica de los lugares donde se han invadido la zona federal del Lago de Chapala.<\/strong><\/li>\n<li><strong>Iniciar con los procedimientos administrativos a los poseedores de las concesiones que han violentado el fin de la concesi\u00f3n y les sea retirada.<\/strong><\/li>\n<\/ul>\n<p>El Lago de Chapala es considerado el lago m\u00e1s grande de M\u00e9xico y es la principal fuente de abastecimiento de agua potable a la ciudad de Guadalajara. Desde hace m\u00e1s de 20 a\u00f1os, expertos han denunciado que el\u00a0<strong>agua de este lago se encuentra gravemente contaminado debido descargas insdustriales.<\/strong><\/p>\n<p><a href=\"https:\/\/www.zonadocs.mx\/2021\/08\/26\/comunidades-riberenas-del-lago-de-chapala-exigen-a-conagua-liberar-playas-invadidas-por-particulares\/\">https:\/\/www.zonadocs.mx\/2021\/08\/26\/comunidades-riberenas-del-lago-de-chapala-exigen-a-conagua-liberar-playas-invadidas-por-particulares\/<\/a><\/p>\n","protected":false},"excerpt":{"rendered":"<p>Foto: Mario Marlo Mario Marlo \/ Zona Docs Guadalajara, Jalisco, 26 de agosto 2021.-\u00a0Esta ma\u00f1ana,\u00a0pobladores de comunidades ribere\u00f1as del Lago de Chapala, marcharon del Parque Rojo a las oficinas de &hellip; <a href=\"https:\/\/www.grieta.org.mx\/index.php\/2021\/08\/26\/comunidades-riberenas-del-lago-de-chapala-exigen-a-conagua-liberar-playas-invadidas-por-particulares-jalisco\/\" class=\"more-link\">Leer m\u00e1s<\/a><\/p>\n","protected":false},"author":2,"featured_media":61352,"comment_status":"closed","ping_status":"closed","sticky":false,"template":"","format":"standard","meta":{"ngg_post_thumbnail":0,"_jetpack_newsletter_access":"","_jetpack_dont_email_post_to_subs":false,"_jetpack_newsletter_tier_id":0,"_jetpack_memberships_contains_paywalled_content":false,"_jetpack_memberships_contains_paid_content":false,"footnotes":""},"categories":[80,1278,2561,20,2,83],"tags":[154,2232,91,3041,460,3100,573],"class_list":["post-61348","post","type-post","status-publish","format-standard","has-post-thumbnail","hentry","category-cintillo","category-despojo-de-tierras-y-territorios","category-destruccion-ambiental-en-jalisco","category-jalisco","category-noticias-nacionales","category-temas-nacionales","tag-areas-naturales-protegidas","tag-conflictos-sociales-por-megaproyectos","tag-contaminacion-ambiental","tag-contaminacion-de-rios","tag-parador-turistico","tag-privatizacion-de-playas","tag-proyecto-turistico","entry"],"jetpack_featured_media_url":"https:\/\/www.grieta.org.mx\/wp-content\/uploads\/2021\/08\/Protesta-Pueblos-Chapala-3-scaled-1.jpg","jetpack_sharing_enabled":true,"jetpack_shortlink":"https:\/\/wp.me\/p7ZJR4-fXu","jetpack_likes_enabled":false,"jetpack-related-posts":[{"id":61796,"url":"https:\/\/www.grieta.org.mx\/index.php\/2021\/09\/15\/interpondran-denuncia-por-invasion-a-lago-de-chapala-jalisco\/","url_meta":{"origin":61348,"position":0},"title":"Interpondr\u00e1n denuncia por invasi\u00f3n a lago de Chapala (Jalisco)","author":"grieta","date":"15 septiembre, 2021","format":false,"excerpt":"Foto: Lauro Rodr\u00edguez Lauro Rodr\u00edguez \/ El Diario NTR Debido a que la invasi\u00f3n del lago de Chapala contin\u00faa,\u00a0pobladores de\u00a0Ajijic\u00a0que conforman la Uni\u00f3n de Pueblos Ribere\u00f1os\u00a0adelantaron que\u00a0interpondr\u00e1n una denuncia ante la\u00a0Comisi\u00f3n Nacional del Agua (Conagua). \u201cYa preparamos la denuncia, nada m\u00e1s estamos preparando pruebas para anex\u00e1rselas, entre esas\u00a0pruebas van videos\u201d,\u2026","rel":"","context":"En &quot;CINTILLO&quot;","block_context":{"text":"CINTILLO","link":"https:\/\/www.grieta.org.mx\/index.php\/category\/cintillo\/"},"img":{"alt_text":"","src":"https:\/\/i0.wp.com\/www.grieta.org.mx\/wp-content\/uploads\/2021\/09\/2021-09-14_10-09-47___3928.jpg?resize=350%2C200&ssl=1","width":350,"height":200,"srcset":"https:\/\/i0.wp.com\/www.grieta.org.mx\/wp-content\/uploads\/2021\/09\/2021-09-14_10-09-47___3928.jpg?resize=350%2C200&ssl=1 1x, https:\/\/i0.wp.com\/www.grieta.org.mx\/wp-content\/uploads\/2021\/09\/2021-09-14_10-09-47___3928.jpg?resize=525%2C300&ssl=1 1.5x, https:\/\/i0.wp.com\/www.grieta.org.mx\/wp-content\/uploads\/2021\/09\/2021-09-14_10-09-47___3928.jpg?resize=700%2C400&ssl=1 2x"},"classes":[]},{"id":72297,"url":"https:\/\/www.grieta.org.mx\/index.php\/2025\/09\/01\/festival-por-el-lago-de-chapala-reunio-a-pueblos-riberenos-en-defensa-del-lago-mas-grande-de-mexico-jalisco\/","url_meta":{"origin":61348,"position":1},"title":"Festival por el Lago de Chapala reuni\u00f3 a pueblos ribere\u00f1os en defensa del lago m\u00e1s grande de M\u00e9xico (Jalisco)","author":"grieta","date":"1 septiembre, 2025","format":false,"excerpt":"Imagen: Maro Marlo Durante m\u00e1s de once horas, habitantes de la ribera, activistas, artistas y comunidades extranjeras en Ajijic participaron en el Festival por el Lago de Chapala, un encuentro cultural y de protesta pac\u00edfica que visibiliz\u00f3 los riesgos de los proyectos de nuevos acueductos y exigi\u00f3 la restauraci\u00f3n integral\u2026","rel":"","context":"En &quot;CINTILLO&quot;","block_context":{"text":"CINTILLO","link":"https:\/\/www.grieta.org.mx\/index.php\/category\/cintillo\/"},"img":{"alt_text":"","src":"https:\/\/i0.wp.com\/www.grieta.org.mx\/wp-content\/uploads\/2025\/09\/IMG_2416.jpeg?resize=350%2C200&ssl=1","width":350,"height":200,"srcset":"https:\/\/i0.wp.com\/www.grieta.org.mx\/wp-content\/uploads\/2025\/09\/IMG_2416.jpeg?resize=350%2C200&ssl=1 1x, https:\/\/i0.wp.com\/www.grieta.org.mx\/wp-content\/uploads\/2025\/09\/IMG_2416.jpeg?resize=525%2C300&ssl=1 1.5x, https:\/\/i0.wp.com\/www.grieta.org.mx\/wp-content\/uploads\/2025\/09\/IMG_2416.jpeg?resize=700%2C400&ssl=1 2x, https:\/\/i0.wp.com\/www.grieta.org.mx\/wp-content\/uploads\/2025\/09\/IMG_2416.jpeg?resize=1050%2C600&ssl=1 3x"},"classes":[]},{"id":29862,"url":"https:\/\/www.grieta.org.mx\/index.php\/2019\/02\/28\/pretenden-despojar-de-sus-tierras-a-ejidatarios-de-santa-cruz-de-la-soledad-chapala-jalisco\/","url_meta":{"origin":61348,"position":2},"title":"Pretenden despojar de sus tierras a ejidatarios de Santa Cruz de la Soledad, Chapala (Jalisco)","author":"grieta","date":"28 febrero, 2019","format":false,"excerpt":"Defienden m\u00e1s de 450 hect\u00e1reas que podr\u00edan verse afectadas por la construcci\u00f3n de un complejo tur\u00edstico en el Cerro del Junco Isaura L\u00f3pez \/ El Occidental Ejidatarios de Santa Cruz de la Soledad en el municipio de Chapala, exigen justicia y el cumplimiento de la inscripci\u00f3n del Comisariado ejidal para\u2026","rel":"","context":"En &quot;CINTILLO&quot;","block_context":{"text":"CINTILLO","link":"https:\/\/www.grieta.org.mx\/index.php\/category\/cintillo\/"},"img":{"alt_text":"","src":"https:\/\/i0.wp.com\/www.grieta.org.mx\/wp-content\/uploads\/2018\/03\/14524434_1106112876131411_958039263622046936_o.jpg?resize=350%2C200&ssl=1","width":350,"height":200,"srcset":"https:\/\/i0.wp.com\/www.grieta.org.mx\/wp-content\/uploads\/2018\/03\/14524434_1106112876131411_958039263622046936_o.jpg?resize=350%2C200&ssl=1 1x, https:\/\/i0.wp.com\/www.grieta.org.mx\/wp-content\/uploads\/2018\/03\/14524434_1106112876131411_958039263622046936_o.jpg?resize=525%2C300&ssl=1 1.5x, https:\/\/i0.wp.com\/www.grieta.org.mx\/wp-content\/uploads\/2018\/03\/14524434_1106112876131411_958039263622046936_o.jpg?resize=700%2C400&ssl=1 2x"},"classes":[]},{"id":71012,"url":"https:\/\/www.grieta.org.mx\/index.php\/2025\/02\/13\/a-17-anos-de-la-muerte-del-nino-miguel-angel-lopez-rocha-por-contaminacion-en-el-rio-santiago-exigen-justicia-en-el-salto-jalisco\/","url_meta":{"origin":61348,"position":3},"title":"A 17 a\u00f1os de la muerte del ni\u00f1o Miguel \u00c1ngel L\u00f3pez Rocha por contaminaci\u00f3n en el r\u00edo Santiago exigen justicia en El Salto, Jalisco","author":"grieta","date":"13 febrero, 2025","format":false,"excerpt":"Imagen: Somos El Medio A 17 a\u00f1os de la muerte de Miguel \u00c1ngel L\u00f3pez Rocha, quien falleci\u00f3 intoxicado por las aguas del r\u00edo Santiago, organizaciones reportan 4,146 enfermos y 2,842 fallecidos en El Salto. Exigen acciones reales para sanear la cuenca Lerma-Santiago. Mario Marlo \/ Somos El Medio Guadalajara, Jalisco,\u2026","rel":"","context":"En &quot;CINTILLO&quot;","block_context":{"text":"CINTILLO","link":"https:\/\/www.grieta.org.mx\/index.php\/category\/cintillo\/"},"img":{"alt_text":"","src":"https:\/\/i0.wp.com\/www.grieta.org.mx\/wp-content\/uploads\/2025\/02\/El-Salto-Rio-Santiago.jpg?resize=350%2C200&ssl=1","width":350,"height":200,"srcset":"https:\/\/i0.wp.com\/www.grieta.org.mx\/wp-content\/uploads\/2025\/02\/El-Salto-Rio-Santiago.jpg?resize=350%2C200&ssl=1 1x, https:\/\/i0.wp.com\/www.grieta.org.mx\/wp-content\/uploads\/2025\/02\/El-Salto-Rio-Santiago.jpg?resize=525%2C300&ssl=1 1.5x, https:\/\/i0.wp.com\/www.grieta.org.mx\/wp-content\/uploads\/2025\/02\/El-Salto-Rio-Santiago.jpg?resize=700%2C400&ssl=1 2x, https:\/\/i0.wp.com\/www.grieta.org.mx\/wp-content\/uploads\/2025\/02\/El-Salto-Rio-Santiago.jpg?resize=1050%2C600&ssl=1 3x"},"classes":[]},{"id":53613,"url":"https:\/\/www.grieta.org.mx\/index.php\/2020\/09\/16\/colectivas-feministas-realizan-antigrita-en-guadalajara-jalisco\/","url_meta":{"origin":61348,"position":4},"title":"Colectivas feministas realizan Antigrita en Guadalajara (Jalisco)","author":"grieta","date":"16 septiembre, 2020","format":false,"excerpt":"Fotograf\u00edas: Mario Marlo Mario Marlo \/ Somos el Medio Guadalajara, 16 de septiembre. Esta tarde en la Glorieta de los y las Jaliscienses Ilustres, en Guadalajara, mujeres realizaron \u00abLa Antigrita\u00bb donde exigieron justicia por los feminicidios y las desapariciones en este estado. Las colectivas feministas que se reunieron en este\u2026","rel":"","context":"En &quot;CINTILLO&quot;","block_context":{"text":"CINTILLO","link":"https:\/\/www.grieta.org.mx\/index.php\/category\/cintillo\/"},"img":{"alt_text":"","src":"https:\/\/i0.wp.com\/www.grieta.org.mx\/wp-content\/uploads\/2020\/09\/Antigrita-5-1068x704-1.jpg?resize=350%2C200&ssl=1","width":350,"height":200,"srcset":"https:\/\/i0.wp.com\/www.grieta.org.mx\/wp-content\/uploads\/2020\/09\/Antigrita-5-1068x704-1.jpg?resize=350%2C200&ssl=1 1x, https:\/\/i0.wp.com\/www.grieta.org.mx\/wp-content\/uploads\/2020\/09\/Antigrita-5-1068x704-1.jpg?resize=525%2C300&ssl=1 1.5x, https:\/\/i0.wp.com\/www.grieta.org.mx\/wp-content\/uploads\/2020\/09\/Antigrita-5-1068x704-1.jpg?resize=700%2C400&ssl=1 2x, https:\/\/i0.wp.com\/www.grieta.org.mx\/wp-content\/uploads\/2020\/09\/Antigrita-5-1068x704-1.jpg?resize=1050%2C600&ssl=1 3x"},"classes":[]},{"id":34930,"url":"https:\/\/www.grieta.org.mx\/index.php\/2019\/06\/17\/jalisco-exigen-declaratoria-de-emergencia-sanitaria-en-chapala-jalisco\/","url_meta":{"origin":61348,"position":5},"title":"Exigen declaratoria de emergencia sanitaria en Chapala (Jalisco)","author":"grieta","date":"17 junio, 2019","format":false,"excerpt":"Sergio Blanco \/ El Informador Comunidades que padecen la contaminaci\u00f3n en la cuenca piden adem\u00e1s la detecci\u00f3n y atenci\u00f3n de las personas que padecen enfermedades renales derivadas de \u00e9sta En representaci\u00f3n de las comunidades que padecen\u00a0la contaminaci\u00f3n en la cuenca Lerma Chapala Santiago, por las descargas de agua sin tratar\u2026","rel":"","context":"En &quot;CINTILLO&quot;","block_context":{"text":"CINTILLO","link":"https:\/\/www.grieta.org.mx\/index.php\/category\/cintillo\/"},"img":{"alt_text":"","src":"https:\/\/i0.wp.com\/www.grieta.org.mx\/wp-content\/uploads\/2019\/06\/whatsapp_image_2019-06-17_at_3_03_19_pm_crop1560803372203.jpeg_1970638775.jpeg?resize=350%2C200&ssl=1","width":350,"height":200,"srcset":"https:\/\/i0.wp.com\/www.grieta.org.mx\/wp-content\/uploads\/2019\/06\/whatsapp_image_2019-06-17_at_3_03_19_pm_crop1560803372203.jpeg_1970638775.jpeg?resize=350%2C200&ssl=1 1x, https:\/\/i0.wp.com\/www.grieta.org.mx\/wp-content\/uploads\/2019\/06\/whatsapp_image_2019-06-17_at_3_03_19_pm_crop1560803372203.jpeg_1970638775.jpeg?resize=525%2C300&ssl=1 1.5x, https:\/\/i0.wp.com\/www.grieta.org.mx\/wp-content\/uploads\/2019\/06\/whatsapp_image_2019-06-17_at_3_03_19_pm_crop1560803372203.jpeg_1970638775.jpeg?resize=700%2C400&ssl=1 2x"},"classes":[]}],"_links":{"self":[{"href":"https:\/\/www.grieta.org.mx\/index.php\/wp-json\/wp\/v2\/posts\/61348","targetHints":{"allow":["GET"]}}],"collection":[{"href":"https:\/\/www.grieta.org.mx\/index.php\/wp-json\/wp\/v2\/posts"}],"about":[{"href":"https:\/\/www.grieta.org.mx\/index.php\/wp-json\/wp\/v2\/types\/post"}],"author":[{"embeddable":true,"href":"https:\/\/www.grieta.org.mx\/index.php\/wp-json\/wp\/v2\/users\/2"}],"replies":[{"embeddable":true,"href":"https:\/\/www.grieta.org.mx\/index.php\/wp-json\/wp\/v2\/comments?post=61348"}],"version-history":[{"count":1,"href":"https:\/\/www.grieta.org.mx\/index.php\/wp-json\/wp\/v2\/posts\/61348\/revisions"}],"predecessor-version":[{"id":61353,"href":"https:\/\/www.grieta.org.mx\/index.php\/wp-json\/wp\/v2\/posts\/61348\/revisions\/61353"}],"wp:featuredmedia":[{"embeddable":true,"href":"https:\/\/www.grieta.org.mx\/index.php\/wp-json\/wp\/v2\/media\/61352"}],"wp:attachment":[{"href":"https:\/\/www.grieta.org.mx\/index.php\/wp-json\/wp\/v2\/media?parent=61348"}],"wp:term":[{"taxonomy":"category","embeddable":true,"href":"https:\/\/www.grieta.org.mx\/index.php\/wp-json\/wp\/v2\/categories?post=61348"},{"taxonomy":"post_tag","embeddable":true,"href":"https:\/\/www.grieta.org.mx\/index.php\/wp-json\/wp\/v2\/tags?post=61348"}],"curies":[{"name":"wp","href":"https:\/\/api.w.org\/{rel}","templated":true}]}}