{"id":61333,"date":"2021-08-23T12:20:27","date_gmt":"2021-08-23T17:20:27","guid":{"rendered":"https:\/\/www.grieta.org.mx\/?p=61333"},"modified":"2021-08-29T12:34:01","modified_gmt":"2021-08-29T17:34:01","slug":"red-de-desaparecidos-en-colima-invita-a-participar-en-las-actividades-que-realizaran-por-dia-internacional-de-las-victimas-de-desapariciones-forzadas","status":"publish","type":"post","link":"https:\/\/www.grieta.org.mx\/index.php\/2021\/08\/23\/red-de-desaparecidos-en-colima-invita-a-participar-en-las-actividades-que-realizaran-por-dia-internacional-de-las-victimas-de-desapariciones-forzadas\/","title":{"rendered":"Red de Desaparecidos en Colima invita a participar en las actividades que realizar\u00e1n por  D\u00eda Internacional de las V\u00edctimas de Desapariciones Forzadas"},"content":{"rendered":"<p>Foto: El Comentario<\/p>\n<p>Francis Bravo \/ El Comentario<\/p>\n<p>Tras anunciar las acciones que con motivo del\u00a0<strong>D\u00eda Internacional de las V\u00edctimas de Desapariciones Forzadas<\/strong>\u00a0llevar\u00e1 a cabo, la\u00a0<strong>Red de Desaparecidos en Colima<\/strong>\u00a0dio a conocer que de 2017 a la fecha tienen contabilizadas en el estado 1,700 personas en paradero desconocido, cuyas edades oscilan entre los 17 y 29 a\u00f1os.<\/p>\n<p>En una rueda de prensa, la\u00a0<strong>Red de Desaparecidos en Colima<\/strong>\u00a0dio a conocer que por el\u00a0<strong>D\u00eda Internacional de las V\u00edctimas de Desapariciones Forzadas<\/strong>, el pr\u00f3ximo 29 de agosto acudir\u00e1n al Parque de la\u00a0<strong>Piedra Lisa<\/strong>, en la ciudad de\u00a0<strong>Colima<\/strong>, a colocar lonas con im\u00e1genes de sus familiares en paradero desconocido.<\/p>\n<p>El d\u00eda 30 se realizar\u00e1 una marcha por calles de la capital del estado para exigir justicia. La protesta iniciar\u00e1 a las 9 de la ma\u00f1ana partiendo de la\u00a0<strong>avenida Camino Real<\/strong>\u00a0esquina con\u00a0<strong>Sevilla del R\u00edo<\/strong>, para finalizar en\u00a0<strong>Catedral<\/strong>. A las 12:30 se celebrar\u00e1 la misa especial para familias y desaparecidos del estado.<\/p>\n<p>A esas actividades se est\u00e1 convocando a todos los colectivos de familiares de personas desaparecidas. Quienes no est\u00e9n asociados, pueden sumarse, llevar su lona a la\u00a0<strong>Piedra Lisa<\/strong>, marchar y presenciar la misa.<\/p>\n<p>Al dar lectura a un posicionamiento, la secretaria de la Red de Desaparecidos en Colima, Ana Silvia Larios Moreno, hizo un llamado a la sociedad colimense a unirse y tratar de resolver ese gran problema, que \u201cpaso a paso est\u00e1 minando la seguridad de nuestras casas, nuestras colonias, de nuestras ciudades y del pa\u00eds\u201d.<\/p>\n<p>Agreg\u00f3 que no pedir\u00e1n \u201ccompasi\u00f3n por nuestra situaci\u00f3n, queremos comprensi\u00f3n, queremos que todo el Mundo vea c\u00f3mo d\u00eda a d\u00eda este delito crece a pasos agigantados y va deteriorando a nuestra sociedad, y no existe una respuesta oportuna ni contundente por parte de nuestras autoridades. Recordemos que nadie har\u00e1 por nosotros lo que nosotros mismos no hagamos\u201d.<\/p>\n<p>Se\u00f1al\u00f3 que culpar al\u00a0<strong>Gobierno<\/strong>\u00a0no basta, pues es tiempo de hacer lo propio con apoyo de la sociedad, de los funcionarios responsables de brindar seguridad y de garantizar la justicia para todos los ciudadanos.<\/p>\n<p>\u201cNo podemos sentarnos a observar c\u00f3mo el pa\u00eds se ha transformado en un gran cementerio clandestino y nuestras familias poco a poco van perdiendo a un integrante sin nosotros atrevernos a decir algo, o peor a\u00fan, sin hacer algo para remediarlo\u201d.<\/p>\n<p>A nombre de todos los integrantes de cada uno de los colectivos de b\u00fasqueda de personas desaparecidas, hizo el llamado a toda sociedad, a todos y cada uno de los habitantes colimenses, a unirse, a ser emp\u00e1ticos y solidarios, a sumarse al clamor de justicia para los ausentes que, desgraciadamente, cada d\u00eda son m\u00e1s y parece no tener fin.<\/p>\n<p>Consider\u00f3 que se est\u00e1 a tiempo de poner un freno a la desaparici\u00f3n de personas, lo cual no solo afecta a un solo grupo de la sociedad, pues \u201ceste problema crece y terminar\u00e1 por ahogarnos en sangre y abandono\u201d.<\/p>\n<p>Por su parte,\u00a0<strong>Mar\u00eda del Carmen Sep\u00falveda G\u00f3mez<\/strong>, presidenta de\u00a0<strong>Red de Desaparecido en Colima<\/strong>, inform\u00f3 que durante 2021 se han localizado restos de a 26 personas, sin embargo, no todos han sido entregados a sus familiares por la falta de coincidencia de\u00a0<strong>ADN<\/strong>.<\/p>\n<p>En ese sentido, refiri\u00f3 que muchas familias que tienen a alguno de sus integrantes desaparecidos, no acuden a la\u00a0<strong>Fiscal\u00eda General del Estado<\/strong>\u00a0(FGE) al realizar una prueba de\u00a0<strong>ADN<\/strong>\u00a0por temor a que les pidan que presenten una denuncia, lo cual, aclar\u00f3, no es obligatorio.<\/p>\n<p>De igual manera, confirm\u00f3 que mantienen plena colaboraci\u00f3n con la\u00a0<strong>FGE<\/strong>, pero lament\u00f3 la falta de personal en todas las \u00e1reas de esa instituci\u00f3n, no solo en la de Desaparecidos, en donde solo trabajan 8 agentes para las 1,700 carpetas.<\/p>\n<p>Dijo que a ese n\u00famero hay que sumarle que todos los d\u00edas hay nuevos reportes, \u201ca lo mejor casos de chicas o j\u00f3venes que en su momento regresan con su familia, pero que cada carpeta al llegar es prioridad\u201d.<\/p>\n<p>Aclar\u00f3 que la falta de personal no es culpa de la\u00a0<strong>FGE<\/strong>\u00a0y exigi\u00f3 al\u00a0<strong>Gobierno<\/strong>\u00a0que se contrate m\u00e1s especialistas para dar el seguimiento correspondiente a cada carpeta.<\/p>\n<p><strong>Sep\u00falveda G\u00f3mez<\/strong>\u00a0se\u00f1al\u00f3 que\u00a0<strong>Colima<\/strong>\u00a0sigue estando entre los primeros lugares a nivel nacional en la cantidad de personas desaparecidas, siendo\u00a0<strong>Manzanillo<\/strong>,\u00a0<strong>Tecom\u00e1n<\/strong>\u00a0y\u00a0<strong>Cuauht\u00e9moc<\/strong>, los municipios con m\u00e1s casos.<br \/>\n<a href=\"https:\/\/elcomentario.ucol.mx\/atienden-en-colima-8-agentes-mas-de-1700-carpetas-de-personas-desaparecidas\/\">https:\/\/elcomentario.ucol.mx\/atienden-en-colima-8-agentes-mas-de-1700-carpetas-de-personas-desaparecidas\/<\/a><\/p>\n","protected":false},"excerpt":{"rendered":"<p>Foto: El Comentario Francis Bravo \/ El Comentario Tras anunciar las acciones que con motivo del\u00a0D\u00eda Internacional de las V\u00edctimas de Desapariciones Forzadas\u00a0llevar\u00e1 a cabo, la\u00a0Red de Desaparecidos en Colima\u00a0dio &hellip; <a href=\"https:\/\/www.grieta.org.mx\/index.php\/2021\/08\/23\/red-de-desaparecidos-en-colima-invita-a-participar-en-las-actividades-que-realizaran-por-dia-internacional-de-las-victimas-de-desapariciones-forzadas\/\" class=\"more-link\">Leer m\u00e1s<\/a><\/p>\n","protected":false},"author":2,"featured_media":61334,"comment_status":"closed","ping_status":"closed","sticky":false,"template":"","format":"standard","meta":{"ngg_post_thumbnail":0,"_jetpack_newsletter_access":"","_jetpack_dont_email_post_to_subs":false,"_jetpack_newsletter_tier_id":0,"_jetpack_memberships_contains_paywalled_content":false,"_jetpack_memberships_contains_paid_content":false,"footnotes":""},"categories":[80,13,87,1829,2,83],"tags":[3791,1828,3018,1668,3509],"class_list":["post-61333","post","type-post","status-publish","format-standard","has-post-thumbnail","hentry","category-cintillo","category-colima","category-desaparecidos","category-desaparecidos-en-colima","category-noticias-nacionales","category-temas-nacionales","tag-acciones-por-desaparecidos","tag-busqueda-de-desaparecidos","tag-colectivos-de-busqueda-de-desaparecidos","tag-familiares-de-desaparecidos","tag-red-de-desaparecidos","entry"],"jetpack_featured_media_url":"https:\/\/www.grieta.org.mx\/wp-content\/uploads\/2021\/08\/c8879b476eab41cd8fb93a844e42f428.jpg","jetpack_sharing_enabled":true,"jetpack_shortlink":"https:\/\/wp.me\/p7ZJR4-fXf","jetpack_likes_enabled":false,"jetpack-related-posts":[{"id":64950,"url":"https:\/\/www.grieta.org.mx\/index.php\/2022\/08\/27\/red-de-desparecidos-en-colima-a-c-coloca-mantas-para-recordar-la-lucha-por-encontrar-a-sus-familiares-colima\/","url_meta":{"origin":61333,"position":0},"title":"Red de Desparecidos en Colima A.C. coloca mantas para recordar la lucha por encontrar a sus familiares (Colima)","author":"grieta","date":"27 agosto, 2022","format":false,"excerpt":"Imagen: VDN Noticias Invitan a todos los colimenses a participar en la marcha en el marco del D\u00eda Internacional de las V\u00edctimas de Desapariciones Forzadas, el pr\u00f3ximo 30 de agosto Noni Medina \/ VDN Noticias En el marco de la pr\u00f3xima conmemoraci\u00f3n del D\u00eda Internacional de las V\u00edctimas de Desapariciones\u2026","rel":"","context":"En &quot;CINTILLO&quot;","block_context":{"text":"CINTILLO","link":"https:\/\/www.grieta.org.mx\/index.php\/category\/cintillo\/"},"img":{"alt_text":"","src":"https:\/\/i0.wp.com\/www.grieta.org.mx\/wp-content\/uploads\/2022\/08\/RED-DESAPARECIDOS.webp?resize=350%2C200&ssl=1","width":350,"height":200,"srcset":"https:\/\/i0.wp.com\/www.grieta.org.mx\/wp-content\/uploads\/2022\/08\/RED-DESAPARECIDOS.webp?resize=350%2C200&ssl=1 1x, https:\/\/i0.wp.com\/www.grieta.org.mx\/wp-content\/uploads\/2022\/08\/RED-DESAPARECIDOS.webp?resize=525%2C300&ssl=1 1.5x, https:\/\/i0.wp.com\/www.grieta.org.mx\/wp-content\/uploads\/2022\/08\/RED-DESAPARECIDOS.webp?resize=700%2C400&ssl=1 2x"},"classes":[]},{"id":67664,"url":"https:\/\/www.grieta.org.mx\/index.php\/2023\/08\/31\/familiares-alzan-la-voz-ante-crisis-de-desaparicion-de-personas-colima\/","url_meta":{"origin":61333,"position":1},"title":"Familiares alzan la voz ante crisis de desaparici\u00f3n de personas (Colima)","author":"grieta","date":"31 agosto, 2023","format":false,"excerpt":"Imagen: Diario Avanzada Heidi de Le\u00f3n Guti\u00e9rrez \/ Diario Avanzada Colima, M\u00e9xico, Avanzada (31\/08\/2023).- La Red Desaparecidos en Colima A.C., un colectivo conformado por familias en busca de sus seres queridos desaparecidos, ha emitido un contundente pronunciamiento que pone en relieve la creciente crisis de desapariciones que azota a M\u00e9xico.\u2026","rel":"","context":"En &quot;CINTILLO&quot;","block_context":{"text":"CINTILLO","link":"https:\/\/www.grieta.org.mx\/index.php\/category\/cintillo\/"},"img":{"alt_text":"","src":"https:\/\/i0.wp.com\/www.grieta.org.mx\/wp-content\/uploads\/2023\/09\/image-221.webp?resize=350%2C200&ssl=1","width":350,"height":200,"srcset":"https:\/\/i0.wp.com\/www.grieta.org.mx\/wp-content\/uploads\/2023\/09\/image-221.webp?resize=350%2C200&ssl=1 1x, https:\/\/i0.wp.com\/www.grieta.org.mx\/wp-content\/uploads\/2023\/09\/image-221.webp?resize=525%2C300&ssl=1 1.5x"},"classes":[]},{"id":65031,"url":"https:\/\/www.grieta.org.mx\/index.php\/2022\/08\/31\/no-mas-desapariciones-exige-red-de-desaparecidos-colima\/","url_meta":{"origin":61333,"position":2},"title":"\u00a1No m\u00e1s desapariciones!, exige Red de Desaparecidos (Colima)","author":"grieta","date":"31 agosto, 2022","format":false,"excerpt":"Imagen: El Diario de Colima Manolika Silva Rosales \/ El Diario de Colima En el marco del D\u00eda Internacional de las V\u00edctimas de Desaparici\u00f3n Forzada, colectivos y familiares de personas desaparecidas en Colima marcharon de la Piedra Lisa al Jard\u00edn de la Libertad, para exigir que aparezcan con vida. La\u2026","rel":"","context":"En &quot;CINTILLO&quot;","block_context":{"text":"CINTILLO","link":"https:\/\/www.grieta.org.mx\/index.php\/category\/cintillo\/"},"img":{"alt_text":"","src":"https:\/\/i0.wp.com\/www.grieta.org.mx\/wp-content\/uploads\/2022\/09\/4c09c605-5f41-4a79-b5fa-0117ab941b7a.jpg?resize=350%2C200&ssl=1","width":350,"height":200,"srcset":"https:\/\/i0.wp.com\/www.grieta.org.mx\/wp-content\/uploads\/2022\/09\/4c09c605-5f41-4a79-b5fa-0117ab941b7a.jpg?resize=350%2C200&ssl=1 1x, https:\/\/i0.wp.com\/www.grieta.org.mx\/wp-content\/uploads\/2022\/09\/4c09c605-5f41-4a79-b5fa-0117ab941b7a.jpg?resize=525%2C300&ssl=1 1.5x, https:\/\/i0.wp.com\/www.grieta.org.mx\/wp-content\/uploads\/2022\/09\/4c09c605-5f41-4a79-b5fa-0117ab941b7a.jpg?resize=700%2C400&ssl=1 2x"},"classes":[]},{"id":61506,"url":"https:\/\/www.grieta.org.mx\/index.php\/2021\/08\/29\/transforma-red-de-desaparecidos-colima-la-rotonda-de-los-colimenses-ilustres-en-la-plaza-de-las-y-los-desaparecidos\/","url_meta":{"origin":61333,"position":3},"title":"Transforma Red de Desaparecidos Colima la rotonda de los Colimenses Ilustres en la \u201cPlaza de las y los Desaparecidos\u201d","author":"grieta","date":"29 agosto, 2021","format":false,"excerpt":"Foto: El Comentario Francis Bravo \/ El Comentario Como parte de las actividades por el\u00a0D\u00eda Internacional de las V\u00edctimas de Desapariciones Forzadas, integrantes de la\u00a0Red de Desaparecidos en Colima\u00a0A.C., acudieron, en la capital del estado, a la\u00a0rotonda de los Colimenses Ilustres\u00a0a la que nombraron \u201cPlaza de las y los Desaparecidos\u201d,\u2026","rel":"","context":"En &quot;CINTILLO&quot;","block_context":{"text":"CINTILLO","link":"https:\/\/www.grieta.org.mx\/index.php\/category\/cintillo\/"},"img":{"alt_text":"","src":"https:\/\/i0.wp.com\/www.grieta.org.mx\/wp-content\/uploads\/2021\/09\/bda9643ac6601722a28f238714274da4-2.jpg?resize=350%2C200&ssl=1","width":350,"height":200,"srcset":"https:\/\/i0.wp.com\/www.grieta.org.mx\/wp-content\/uploads\/2021\/09\/bda9643ac6601722a28f238714274da4-2.jpg?resize=350%2C200&ssl=1 1x, https:\/\/i0.wp.com\/www.grieta.org.mx\/wp-content\/uploads\/2021\/09\/bda9643ac6601722a28f238714274da4-2.jpg?resize=525%2C300&ssl=1 1.5x, https:\/\/i0.wp.com\/www.grieta.org.mx\/wp-content\/uploads\/2021\/09\/bda9643ac6601722a28f238714274da4-2.jpg?resize=700%2C400&ssl=1 2x"},"classes":[]},{"id":52856,"url":"https:\/\/www.grieta.org.mx\/index.php\/2020\/08\/24\/familias-de-colima-marcharan-por-sus-seres-queridos-desaparecidos-este-30-de-agosto\/","url_meta":{"origin":61333,"position":4},"title":"Familias de Colima marchar\u00e1n por sus seres queridos desaparecidos este 30 de agosto","author":"grieta","date":"24 agosto, 2020","format":false,"excerpt":"Imagen: Zona Docs Las familias que integran la\u00a0Red Estatal de Desaparecidos en Colima A.C.\u00a0han convocado a salir a las calles para\u00a0marchar por sus amores desaparecidos el pr\u00f3ximo 30 de agosto,\u00a0D\u00eda Internacional de las V\u00edctimas de Desapariciones Forzadas. Redacci\u00f3n \/ Zona Docs La cita es el pr\u00f3ximo\u00a0domingo 30 de agosto en\u2026","rel":"","context":"En &quot;CINTILLO&quot;","block_context":{"text":"CINTILLO","link":"https:\/\/www.grieta.org.mx\/index.php\/category\/cintillo\/"},"img":{"alt_text":"","src":"https:\/\/i0.wp.com\/www.grieta.org.mx\/wp-content\/uploads\/2020\/08\/PORTADA-DESAPARECIDOS-COLIMA-1080x699-1.jpeg?resize=350%2C200&ssl=1","width":350,"height":200,"srcset":"https:\/\/i0.wp.com\/www.grieta.org.mx\/wp-content\/uploads\/2020\/08\/PORTADA-DESAPARECIDOS-COLIMA-1080x699-1.jpeg?resize=350%2C200&ssl=1 1x, https:\/\/i0.wp.com\/www.grieta.org.mx\/wp-content\/uploads\/2020\/08\/PORTADA-DESAPARECIDOS-COLIMA-1080x699-1.jpeg?resize=525%2C300&ssl=1 1.5x, https:\/\/i0.wp.com\/www.grieta.org.mx\/wp-content\/uploads\/2020\/08\/PORTADA-DESAPARECIDOS-COLIMA-1080x699-1.jpeg?resize=700%2C400&ssl=1 2x, https:\/\/i0.wp.com\/www.grieta.org.mx\/wp-content\/uploads\/2020\/08\/PORTADA-DESAPARECIDOS-COLIMA-1080x699-1.jpeg?resize=1050%2C600&ssl=1 3x"},"classes":[]},{"id":72274,"url":"https:\/\/www.grieta.org.mx\/index.php\/2025\/08\/30\/realizan-vigilia-por-las-personas-desaparecidas-en-colima\/","url_meta":{"origin":61333,"position":5},"title":"Realizan vigilia por las personas desaparecidas en Colima","author":"grieta","date":"30 agosto, 2025","format":false,"excerpt":"Imagen: edro Zamora Brise\u00f1o Redacci\u00f3n \/ Diario Avanzada Colima, M\u00e9xico, Avanzada (30\/08\/2025).-\u00a0Familiares de personas desaparecidas realizaron la noche del viernes una vigilia en memoria de las v\u00edctimas de este delito, en la plaza que lleva su nombre, por la Calzada Galv\u00e1n,\u00a0a un costado del parque de la Piedra Lisa. Convocadas\u2026","rel":"","context":"En &quot;CINTILLO&quot;","block_context":{"text":"CINTILLO","link":"https:\/\/www.grieta.org.mx\/index.php\/category\/cintillo\/"},"img":{"alt_text":"","src":"https:\/\/i0.wp.com\/www.grieta.org.mx\/wp-content\/uploads\/2025\/08\/3cdcbd90-3d79-491c-bc72-1f726864740a-1-1536x1152-1.webp?resize=350%2C200&ssl=1","width":350,"height":200,"srcset":"https:\/\/i0.wp.com\/www.grieta.org.mx\/wp-content\/uploads\/2025\/08\/3cdcbd90-3d79-491c-bc72-1f726864740a-1-1536x1152-1.webp?resize=350%2C200&ssl=1 1x, https:\/\/i0.wp.com\/www.grieta.org.mx\/wp-content\/uploads\/2025\/08\/3cdcbd90-3d79-491c-bc72-1f726864740a-1-1536x1152-1.webp?resize=525%2C300&ssl=1 1.5x, https:\/\/i0.wp.com\/www.grieta.org.mx\/wp-content\/uploads\/2025\/08\/3cdcbd90-3d79-491c-bc72-1f726864740a-1-1536x1152-1.webp?resize=700%2C400&ssl=1 2x, https:\/\/i0.wp.com\/www.grieta.org.mx\/wp-content\/uploads\/2025\/08\/3cdcbd90-3d79-491c-bc72-1f726864740a-1-1536x1152-1.webp?resize=1050%2C600&ssl=1 3x, https:\/\/i0.wp.com\/www.grieta.org.mx\/wp-content\/uploads\/2025\/08\/3cdcbd90-3d79-491c-bc72-1f726864740a-1-1536x1152-1.webp?resize=1400%2C800&ssl=1 4x"},"classes":[]}],"_links":{"self":[{"href":"https:\/\/www.grieta.org.mx\/index.php\/wp-json\/wp\/v2\/posts\/61333","targetHints":{"allow":["GET"]}}],"collection":[{"href":"https:\/\/www.grieta.org.mx\/index.php\/wp-json\/wp\/v2\/posts"}],"about":[{"href":"https:\/\/www.grieta.org.mx\/index.php\/wp-json\/wp\/v2\/types\/post"}],"author":[{"embeddable":true,"href":"https:\/\/www.grieta.org.mx\/index.php\/wp-json\/wp\/v2\/users\/2"}],"replies":[{"embeddable":true,"href":"https:\/\/www.grieta.org.mx\/index.php\/wp-json\/wp\/v2\/comments?post=61333"}],"version-history":[{"count":1,"href":"https:\/\/www.grieta.org.mx\/index.php\/wp-json\/wp\/v2\/posts\/61333\/revisions"}],"predecessor-version":[{"id":61335,"href":"https:\/\/www.grieta.org.mx\/index.php\/wp-json\/wp\/v2\/posts\/61333\/revisions\/61335"}],"wp:featuredmedia":[{"embeddable":true,"href":"https:\/\/www.grieta.org.mx\/index.php\/wp-json\/wp\/v2\/media\/61334"}],"wp:attachment":[{"href":"https:\/\/www.grieta.org.mx\/index.php\/wp-json\/wp\/v2\/media?parent=61333"}],"wp:term":[{"taxonomy":"category","embeddable":true,"href":"https:\/\/www.grieta.org.mx\/index.php\/wp-json\/wp\/v2\/categories?post=61333"},{"taxonomy":"post_tag","embeddable":true,"href":"https:\/\/www.grieta.org.mx\/index.php\/wp-json\/wp\/v2\/tags?post=61333"}],"curies":[{"name":"wp","href":"https:\/\/api.w.org\/{rel}","templated":true}]}}