{"id":61323,"date":"2021-08-06T18:42:10","date_gmt":"2021-08-06T23:42:10","guid":{"rendered":"https:\/\/www.grieta.org.mx\/?p=61323"},"modified":"2021-08-27T19:01:07","modified_gmt":"2021-08-28T00:01:07","slug":"cndh-senala-a-marina-por-desaparicion-forzada-en-guanajuato-en-2018","status":"publish","type":"post","link":"https:\/\/www.grieta.org.mx\/index.php\/2021\/08\/06\/cndh-senala-a-marina-por-desaparicion-forzada-en-guanajuato-en-2018\/","title":{"rendered":"CNDH se\u00f1ala a Marina por desaparici\u00f3n forzada en Guanajuato en 2018"},"content":{"rendered":"<blockquote><p><strong>En capturas de una grabaci\u00f3n se observan dos pick-up con la leyenda \u201cMarina\u201d y con hombres vestidos con uniformes t\u00e1cticos que atrapan a la v\u00edctima. Los hechos tuvieron lugar cinco meses despu\u00e9s de la retirada de Semar de Nuevo Laredo tras ser acusada de 47 desapariciones forzosas.<\/strong><\/p><\/blockquote>\n<p>Por Alberto Pradilla \/ Anumal Pol\u00edtico, 06 de Agosto de 2021<\/p>\n<p>Elementos de la Secretar\u00eda de Marina (Semar), con la posible colaboraci\u00f3n de agentes adscritos a la secretar\u00eda de Seguridad P\u00fablica del Estado, desaparecieron a un hombre en Salamanca, Guanajuato, en la tarde del 7 de noviembre de 2018. Esta es la conclusi\u00f3n a la que lleg\u00f3 la Comisi\u00f3n Nacional de los Derechos Humanos (CNDH) en su recomendaci\u00f3n VG43\/2021 que se hizo p\u00fablica el jueves.<\/p>\n<p>\u201cSe concluye fehacientemente que V1 fue v\u00edctima de una desaparici\u00f3n forzada por parte de elementos de SEMAR, con la anuencia y posible participaci\u00f3n de personal policial de las FSPE de Guanajuato\u201d, afirma el documento. La Marina, por su parte, rechaz\u00f3 la recomendaci\u00f3n, acus\u00f3 a la CNDH de incumplir con sus propias leyes y dijo que las capturas de video incluidas en el informe \u201cno son suficientes para acreditar\u201d que su personal detuvo y desapareci\u00f3 a la v\u00edctima.<\/p>\n<figure id=\"attachment_61325\" aria-describedby=\"caption-attachment-61325\" style=\"width: 620px\" class=\"wp-caption alignnone\"><img loading=\"lazy\" decoding=\"async\" data-attachment-id=\"61325\" data-permalink=\"https:\/\/www.grieta.org.mx\/index.php\/2021\/08\/06\/cndh-senala-a-marina-por-desaparicion-forzada-en-guanajuato-en-2018\/captura-de-pantalla-2021-08-05-a-las-11-40-04-p-m\/\" data-orig-file=\"https:\/\/www.grieta.org.mx\/wp-content\/uploads\/2021\/08\/Captura-de-pantalla-2021-08-05-a-las-11.40.04-p.m..png\" data-orig-size=\"620,480\" data-comments-opened=\"0\" data-image-meta=\"{&quot;aperture&quot;:&quot;0&quot;,&quot;credit&quot;:&quot;&quot;,&quot;camera&quot;:&quot;&quot;,&quot;caption&quot;:&quot;&quot;,&quot;created_timestamp&quot;:&quot;0&quot;,&quot;copyright&quot;:&quot;&quot;,&quot;focal_length&quot;:&quot;0&quot;,&quot;iso&quot;:&quot;0&quot;,&quot;shutter_speed&quot;:&quot;0&quot;,&quot;title&quot;:&quot;&quot;,&quot;orientation&quot;:&quot;0&quot;}\" data-image-title=\"Captura-de-pantalla-2021-08-05-a-las-11.40.04-p.m.\" data-image-description=\"\" data-image-caption=\"&lt;p&gt;Foto: Tomada del Informe de la CNDH, Animal Pol\u00edtico&lt;\/p&gt;\n\" data-medium-file=\"https:\/\/www.grieta.org.mx\/wp-content\/uploads\/2021\/08\/Captura-de-pantalla-2021-08-05-a-las-11.40.04-p.m.-300x232.png\" data-large-file=\"https:\/\/www.grieta.org.mx\/wp-content\/uploads\/2021\/08\/Captura-de-pantalla-2021-08-05-a-las-11.40.04-p.m..png\" class=\"wp-image-61325 size-full\" src=\"http:\/\/www.grieta.org.mx\/wp-content\/uploads\/2021\/08\/Captura-de-pantalla-2021-08-05-a-las-11.40.04-p.m..png\" alt=\"\" width=\"620\" height=\"480\" srcset=\"https:\/\/www.grieta.org.mx\/wp-content\/uploads\/2021\/08\/Captura-de-pantalla-2021-08-05-a-las-11.40.04-p.m..png 620w, https:\/\/www.grieta.org.mx\/wp-content\/uploads\/2021\/08\/Captura-de-pantalla-2021-08-05-a-las-11.40.04-p.m.-300x232.png 300w\" sizes=\"auto, (max-width: 620px) 100vw, 620px\" \/><figcaption id=\"caption-attachment-61325\" class=\"wp-caption-text\">Foto: Tomada del Informe de la CNDH, Animal Pol\u00edtico<\/figcaption><\/figure>\n<p>En capturas de estas grabaciones adjuntas a la recomendaci\u00f3n se observa c\u00f3mo una persona trata de escapar saltando una valla pero es interceptada por uniformados que se lo llevan, tal y como la testigo hab\u00eda referido. Tambi\u00e9n aparecen dos veh\u00edculos de la polic\u00eda estatal, que neg\u00f3 haber estado presente en el lugar hasta que la CNDH hizo alusi\u00f3n al video. Entonces, los oficiales cambiaron su versi\u00f3n y aseguraron que s\u00ed llegaron a la zona pero que no actuaron porque los marinos les dijeron que lo ten\u00edan todo controlado.<\/p>\n<p>El tercero es el informe de investigaci\u00f3n del 29 de noviembre de 2018 suscrito por elementos policiales de la Agencia de Investigaci\u00f3n Criminal de la entonces PGJ de Guanajuato, en el que entrevistan a varios vecinos que aseguran que los marinos \u201cingresaron a distintos inmuebles\u201d.<\/p>\n<p>La CNDH emiti\u00f3 un comunicado informando sobre la recomendaci\u00f3n, que estaba colgada en su p\u00e1gina web. Horas despu\u00e9s, sin embargo, este desapareci\u00f3 de la p\u00e1gina, aunque desde la instituci\u00f3n que dirige Rosario Piedra Ibarra alegaron que se trataba de un problema tecnol\u00f3gico que estaban solventando.<\/p>\n<p>Seg\u00fan relata la CNDH, cerca de las 16 horas del 7 de noviembre de 2018 elementos de la Marina capturaron a un joven que trataba de huir junto a una gasolinera en la calle Emilio Portes Gil, colonia San Juan de la Presa, en Salamanca, Guanajuato. A partir de ese momento no se le vuelve a ver. La identidad de la v\u00edctima permanece oculta y solo se conoce de \u00e9l que dej\u00f3 dos hijos menores y que su madre es quien present\u00f3 la denuncia por la desaparici\u00f3n.<\/p>\n<p>Para sustentar la acusaci\u00f3n, la CNDH se apoya en tres elementos. El primero, la declaraci\u00f3n de una testigo que llam\u00f3 a la madre de la v\u00edctima para advertirle de que los marinos quer\u00edan detener a su hijo. Seg\u00fan la madre, esta persona le asegur\u00f3 que el joven \u201chab\u00eda intentado evitar ser detenido, por lo que corri\u00f3 y al saltar una barda o cerca, se hab\u00eda lastimado una de sus piernas ya que se lesion\u00f3 con una varilla met\u00e1lica\u201d.<\/p>\n<p>El segundo son los videos de la gasolinera ubicada junto al lugar de los hechos. En ellos se observa dos veh\u00edculos pick up con la leyenda \u201cMarina\u201d en el lateral ocupados por hombres vestidos con ropa t\u00e1ctica, similar a la que utilizan los elementos de la Armada.<\/p>\n<p>\u201cLas personas uniformadas que aparecen en las im\u00e1genes, tanto a bordo de veh\u00edculos como desplaz\u00e1ndose a nivel de calle, as\u00ed como las que se aproximaron a V1 y evitaron que saltara la cerca de la Gasolinera 1, portaban uniformes percibidos en diversos tonos color gris verdoso, estampado con patr\u00f3n pixelado tipo camuflaje y lo que com\u00fanmente se conoce como equipo t\u00e1ctico (probablemente casco, botas y chaleco antibalas), as\u00ed como armas largas. Las caracter\u00edsticas de esta vestimenta coinciden con las de los uniformes y equipo t\u00e1ctico empleados por los elementos de la SEMAR\u201d, dice la recomendaci\u00f3n.<\/p>\n<figure id=\"attachment_61326\" aria-describedby=\"caption-attachment-61326\" style=\"width: 621px\" class=\"wp-caption alignnone\"><img loading=\"lazy\" decoding=\"async\" data-attachment-id=\"61326\" data-permalink=\"https:\/\/www.grieta.org.mx\/index.php\/2021\/08\/06\/cndh-senala-a-marina-por-desaparicion-forzada-en-guanajuato-en-2018\/captura-de-pantalla-2021-08-05-a-las-11-41-51-p-m\/\" data-orig-file=\"https:\/\/www.grieta.org.mx\/wp-content\/uploads\/2021\/08\/Captura-de-pantalla-2021-08-05-a-las-11.41.51-p.m..png\" data-orig-size=\"621,554\" data-comments-opened=\"0\" data-image-meta=\"{&quot;aperture&quot;:&quot;0&quot;,&quot;credit&quot;:&quot;&quot;,&quot;camera&quot;:&quot;&quot;,&quot;caption&quot;:&quot;&quot;,&quot;created_timestamp&quot;:&quot;0&quot;,&quot;copyright&quot;:&quot;&quot;,&quot;focal_length&quot;:&quot;0&quot;,&quot;iso&quot;:&quot;0&quot;,&quot;shutter_speed&quot;:&quot;0&quot;,&quot;title&quot;:&quot;&quot;,&quot;orientation&quot;:&quot;0&quot;}\" data-image-title=\"Captura-de-pantalla-2021-08-05-a-las-11.41.51-p.m.\" data-image-description=\"\" data-image-caption=\"&lt;p&gt;Foto: Tomada del Informe de la CNDH, Animal Pol\u00edtico&lt;\/p&gt;\n\" data-medium-file=\"https:\/\/www.grieta.org.mx\/wp-content\/uploads\/2021\/08\/Captura-de-pantalla-2021-08-05-a-las-11.41.51-p.m.-300x268.png\" data-large-file=\"https:\/\/www.grieta.org.mx\/wp-content\/uploads\/2021\/08\/Captura-de-pantalla-2021-08-05-a-las-11.41.51-p.m..png\" class=\"wp-image-61326 size-full\" src=\"http:\/\/www.grieta.org.mx\/wp-content\/uploads\/2021\/08\/Captura-de-pantalla-2021-08-05-a-las-11.41.51-p.m..png\" alt=\"\" width=\"621\" height=\"554\" srcset=\"https:\/\/www.grieta.org.mx\/wp-content\/uploads\/2021\/08\/Captura-de-pantalla-2021-08-05-a-las-11.41.51-p.m..png 621w, https:\/\/www.grieta.org.mx\/wp-content\/uploads\/2021\/08\/Captura-de-pantalla-2021-08-05-a-las-11.41.51-p.m.-300x268.png 300w\" sizes=\"auto, (max-width: 621px) 100vw, 621px\" \/><figcaption id=\"caption-attachment-61326\" class=\"wp-caption-text\">Foto: Tomada del Informe de la CNDH, Animal Pol\u00edtico<\/figcaption><\/figure>\n<p>Con estos elementos la CNDH establece que los elementos navales detuvieron arbitrariamente al joven (no hay registro de orden judicial para el arresto o conducta en flagrancia) y lo desaparecieron. Tambi\u00e9n, que la polic\u00eda estatal actu\u00f3 de forma negligente por acci\u00f3n o por omisi\u00f3n y que no hubo voluntad alguna de investigar, ya que la Fiscal\u00eda General de la Rep\u00fablica (FGR) no quiso hacerse cargo del caso.<\/p>\n<p>Por ello, pide a la Semar que identifique a los elementos que viajaban en las dos patrullas ya que, por el momento, sigue sin saber qui\u00e9nes eran los uniformados. Tambi\u00e9n advierte la necesidad de investigar la cadena de mando. A Semar y al estado de Guanajuato les pide colaboraci\u00f3n con las investigaciones, que se busque a la v\u00edctima y se le entregue, viva o muerta, a sus familiares, y que se pague una indemnizaci\u00f3n. Por \u00faltimo, reclama a la FGR que agote las posibilidades de investigar.<\/p>\n<p><strong>Marina dice que no hay pruebas <\/strong><\/p>\n<p>En todo momento la Marina neg\u00f3 que sus elementos estuviesen en ese lugar y, sobre todo, que se llevasen a la v\u00edctima. Seg\u00fan se\u00f1ala la recomendaci\u00f3n, durante las investigaciones la Armada se limit\u00f3 a asegurar que no ten\u00eda constancia de que su personal hubiese participado en los hechos. Cuando en octubre de 2019 la CNDH le requiri\u00f3 las bit\u00e1coras de los patrullajes de aquel d\u00eda no volvi\u00f3 a contestar.<\/p>\n<p>Tras hacerse p\u00fablica la recomendaci\u00f3n, Semar anunci\u00f3 que no la acepta y argument\u00f3 que su \u00d3rgano Interno de Control descart\u00f3 que sus elementos hubiesen cometido il\u00edcito alguno. Que la FGR no hubiese aceptado el caso es tambi\u00e9n un argumento para sustentar esta versi\u00f3n.<\/p>\n<p>En su respuesta tambi\u00e9n neg\u00f3 que las capturas de los videos en los que aparecen veh\u00edculos con la inscripci\u00f3n \u201cMarina\u201d y hombres uniformados como marinos sea prueba suficiente de que sus elementos estuviesen all\u00e1. \u201cDe las im\u00e1genes plasmadas en la recomendaci\u00f3n, si bien se puede evidenciar la presencia de personas con las caracter\u00edsticas similares a los veh\u00edculos y vestimenta t\u00e1ctica utilizada por los elementos navales, no se puede argumentar que hubo una participaci\u00f3n directa en la detenci\u00f3n de la v\u00edctima, debido a que no se cuenta con elementos de prueba contundentes que permitan verificar el momento exacto en el que la v\u00edctima fue probablemente detenida y posteriormente subida a alguna de las unidades con las caracter\u00edsticas anteriormente descritas\u201d, dijo Semar en un comunicado.<\/p>\n<p>Por \u00faltimo, la Semar asegur\u00f3 que la CNDH incumple su propia ley al no haber identificado a los presuntos perpetradores. De hecho, el art\u00edculo 31 dice que las quejas ser\u00e1n admitidas siempre y cuando pueda identificarse a posteriori a los funcionarios responsables de las violaciones a los Derechos Humanos. Y en este caso es imposible ya que la instituci\u00f3n a la que pertenecen niegan que estuviesen all\u00ed.<\/p>\n<p><strong>El mismo a\u00f1o de Nuevo Laredo<\/strong><\/p>\n<p>La recomendaci\u00f3n llega en un contexto en el que el papel de la Marina en 2018 es cuestionado por su posible participaci\u00f3n en la desaparici\u00f3n de al menos 47 personas en Nuevo Laredo, Tamaulipas. Los sucesos de Guanajuato recogidos por la CNDH tienen lugar apenas cinco meses despu\u00e9s de que 265 elementos navales fueran retirados de la ciudad fronteriza y acuartelados en la Ciudad de M\u00e9xico debido a los se\u00f1alamientos en su contra. Semar nunca dio informaci\u00f3n sobre las investigaciones internas o los destinos que se dio a aquellos hombres se\u00f1alados por graves violaciones a los Derechos Humanos.<\/p>\n<p>En este caso, la desaparici\u00f3n se produjo cuando los marinos llevaban apenas 15 d\u00edas desplegados en Guanajuato. A finales de octubre, los primeros elementos llegaron a Salamanca y Apaseo el Alto, donde se estableci\u00f3 su base de operaciones. Su objetivo, seg\u00fan se public\u00f3 en aquel momento, era combatir la violencia y reforzar la vigilancia en infraestructuras clave como la refiner\u00eda. Aunque el operativo inici\u00f3 cuando Enrique Pe\u00f1a Nieto todav\u00eda era presidente, el empleo de la Marina en labores de seguridad p\u00fablica y prevenci\u00f3n del huachicol se mantuvo con la llegada al poder de Andr\u00e9s Manuel L\u00f3pez Obrador, que no orden\u00f3 la retirada de los marinos hasta finales de 2019.<\/p>\n<p>La CNDH tambi\u00e9n se\u00f1al\u00f3 a Marina por las desapariciones de Nuevo Laredo. En la recomendaci\u00f3n 36VG\/2020 acus\u00f3 a la Armada de ser responsable de la ausencia de al menos 27 personas, de las que 12 aparecieron muertas. La FGR increment\u00f3 el n\u00famero de posibles v\u00edctimas a 47, que se investigan en 34 carpetas y por las que 30 elementos est\u00e1n en prisi\u00f3n. En aquel caso la Semar s\u00ed acept\u00f3 el informe de la CNDH. De hecho, el pasado 13 de julio se celebr\u00f3 un acto p\u00fablico en el que Marina pidi\u00f3 perd\u00f3n por lo sucedido. Hace tres a\u00f1os, cuando aquellas desapariciones se produjeron y los familiares comenzaron a denunciar su respuesta fue la misma que ahora en Guanajuato: negar que esos veh\u00edculos con la leyenda \u201cMarina\u201d en un costado y con hombres vestidos como marinos fueran sus elementos.<\/p>\n<p><a href=\"https:\/\/www.animalpolitico.com\/2021\/08\/cndh-marina-desaparicion-forzada-guanajuato-2018-semar-lo-niega\/?utm_source=pocket_mylist\">https:\/\/www.animalpolitico.com\/2021\/08\/cndh-marina-desaparicion-forzada-guanajuato-2018-semar-lo-niega\/?utm_source=pocket_mylist<\/a><\/p>\n","protected":false},"excerpt":{"rendered":"<p>En capturas de una grabaci\u00f3n se observan dos pick-up con la leyenda \u201cMarina\u201d y con hombres vestidos con uniformes t\u00e1cticos que atrapan a la v\u00edctima. Los hechos tuvieron lugar cinco &hellip; <a href=\"https:\/\/www.grieta.org.mx\/index.php\/2021\/08\/06\/cndh-senala-a-marina-por-desaparicion-forzada-en-guanajuato-en-2018\/\" class=\"more-link\">Leer m\u00e1s<\/a><\/p>\n","protected":false},"author":2,"featured_media":61324,"comment_status":"closed","ping_status":"closed","sticky":false,"template":"","format":"standard","meta":{"ngg_post_thumbnail":0,"_jetpack_newsletter_access":"","_jetpack_dont_email_post_to_subs":false,"_jetpack_newsletter_tier_id":0,"_jetpack_memberships_contains_paywalled_content":false,"_jetpack_memberships_contains_paid_content":false,"footnotes":""},"categories":[80,87,1432,17,3777,2337],"tags":[121,260,1617,614,130,2338,2445],"class_list":["post-61323","post","type-post","status-publish","format-standard","has-post-thumbnail","hentry","category-cintillo","category-desaparecidos","category-desaparecidos-en-guanajuato","category-guanajuato","category-militarizacion-en-guanajuato","category-violencia-de-las-fuerzas-represivas-en-guanajuato","tag-desaparecidos","tag-desaparicion-forzada","tag-marina","tag-militarizacion","tag-represion","tag-violencia-de-las-fuerzas-represivas","tag-violencia-fuerzas-represivas","entry"],"jetpack_featured_media_url":"https:\/\/www.grieta.org.mx\/wp-content\/uploads\/2021\/08\/marina-desaparicion-guanajuato-cndh.jpg","jetpack_sharing_enabled":true,"jetpack_shortlink":"https:\/\/wp.me\/p7ZJR4-fX5","jetpack_likes_enabled":false,"jetpack-related-posts":[{"id":31583,"url":"https:\/\/www.grieta.org.mx\/index.php\/2019\/04\/02\/buscaran-desaparecidos-en-cuartel-de-la-marina-en-nuevo-laredo-tamaulipas\/","url_meta":{"origin":61323,"position":0},"title":"Buscar\u00e1n desaparecidos en cuartel de la Marina en Nuevo Laredo (Tamaulipas)","author":"grieta","date":"2 abril, 2019","format":false,"excerpt":"El Bravo El cuartel oper\u00f3 durante varios meses en el cruce de la calle Arteaga y avenida Leona Vicario, en la colonia Victoria. Personal de la Fiscal\u00eda General de Justicia de Tamaulipas (FGJE) realizar\u00e1 una inspecci\u00f3n con un binomio canino en lo que fue un cuartel que us\u00f3 personal de\u2026","rel":"","context":"En &quot;CINTILLO&quot;","block_context":{"text":"CINTILLO","link":"https:\/\/www.grieta.org.mx\/index.php\/category\/cintillo\/"},"img":{"alt_text":"","src":"https:\/\/i0.wp.com\/www.grieta.org.mx\/wp-content\/uploads\/2019\/04\/Buscar%C3%A1n-desaparecidos-en-cuartel-de-la-Marina-en-Nuevo-Laredo-tama-abr.jpg?resize=350%2C200&ssl=1","width":350,"height":200,"srcset":"https:\/\/i0.wp.com\/www.grieta.org.mx\/wp-content\/uploads\/2019\/04\/Buscar%C3%A1n-desaparecidos-en-cuartel-de-la-Marina-en-Nuevo-Laredo-tama-abr.jpg?resize=350%2C200&ssl=1 1x, https:\/\/i0.wp.com\/www.grieta.org.mx\/wp-content\/uploads\/2019\/04\/Buscar%C3%A1n-desaparecidos-en-cuartel-de-la-Marina-en-Nuevo-Laredo-tama-abr.jpg?resize=525%2C300&ssl=1 1.5x"},"classes":[]},{"id":52797,"url":"https:\/\/www.grieta.org.mx\/index.php\/2020\/08\/10\/guanajuato-no-ha-retirado-los-cargos-contra-familiares-de-desaparecidos\/","url_meta":{"origin":61323,"position":1},"title":"Guanajuato no ha retirado los cargos contra familiares de desaparecidos","author":"grieta","date":"10 agosto, 2020","format":false,"excerpt":"Tres mujeres que buscan a sus familiares desaparecidos siguen acusadas de agredir a polic\u00edas durante una protesta el pasado 10 de julio, pese a que el gobierno de Guanajuato les dijo que retirar\u00edan los cargos en su contra. Por Redacci\u00f3n Animal Pol\u00edtico 10 de agosto, 2020 V\u00edctimas de la violencia\u2026","rel":"","context":"En &quot;CINTILLO&quot;","block_context":{"text":"CINTILLO","link":"https:\/\/www.grieta.org.mx\/index.php\/category\/cintillo\/"},"img":{"alt_text":"","src":"https:\/\/i0.wp.com\/www.grieta.org.mx\/wp-content\/uploads\/2020\/08\/guanajuato_victimas_comision_busqueda-e1594680656595.jpeg?resize=350%2C200&ssl=1","width":350,"height":200,"srcset":"https:\/\/i0.wp.com\/www.grieta.org.mx\/wp-content\/uploads\/2020\/08\/guanajuato_victimas_comision_busqueda-e1594680656595.jpeg?resize=350%2C200&ssl=1 1x, https:\/\/i0.wp.com\/www.grieta.org.mx\/wp-content\/uploads\/2020\/08\/guanajuato_victimas_comision_busqueda-e1594680656595.jpeg?resize=525%2C300&ssl=1 1.5x, https:\/\/i0.wp.com\/www.grieta.org.mx\/wp-content\/uploads\/2020\/08\/guanajuato_victimas_comision_busqueda-e1594680656595.jpeg?resize=700%2C400&ssl=1 2x, https:\/\/i0.wp.com\/www.grieta.org.mx\/wp-content\/uploads\/2020\/08\/guanajuato_victimas_comision_busqueda-e1594680656595.jpeg?resize=1050%2C600&ssl=1 3x"},"classes":[]},{"id":62418,"url":"https:\/\/www.grieta.org.mx\/index.php\/2021\/09\/06\/denuncian-agresiones-de-la-guardia-nacional-a-buscadoras-de-guanajuato\/","url_meta":{"origin":61323,"position":2},"title":"Denuncian agresiones de la Guardia Nacional a buscadoras de Guanajuato","author":"grieta","date":"6 septiembre, 2021","format":false,"excerpt":"Por Sididh \/ somoselmedio, 6 de septiembre de 2021 Ciudad de M\u00e9xico, 06 de septiembre de 2021. Luego de las agresiones y amenazas de elementos de la Guardia Nacional contra familiares de una persona desaparecida en Le\u00f3n, Guanajuato, colectivos de familias en b\u00fasqueda y organizaciones de la sociedad civil exigieron\u2026","rel":"","context":"En &quot;CINTILLO&quot;","block_context":{"text":"CINTILLO","link":"https:\/\/www.grieta.org.mx\/index.php\/category\/cintillo\/"},"img":{"alt_text":"","src":"https:\/\/i0.wp.com\/www.grieta.org.mx\/wp-content\/uploads\/2021\/10\/Guardia-Nacional.jpg?resize=350%2C200&ssl=1","width":350,"height":200,"srcset":"https:\/\/i0.wp.com\/www.grieta.org.mx\/wp-content\/uploads\/2021\/10\/Guardia-Nacional.jpg?resize=350%2C200&ssl=1 1x, https:\/\/i0.wp.com\/www.grieta.org.mx\/wp-content\/uploads\/2021\/10\/Guardia-Nacional.jpg?resize=525%2C300&ssl=1 1.5x, https:\/\/i0.wp.com\/www.grieta.org.mx\/wp-content\/uploads\/2021\/10\/Guardia-Nacional.jpg?resize=700%2C400&ssl=1 2x"},"classes":[]},{"id":63756,"url":"https:\/\/www.grieta.org.mx\/index.php\/2022\/02\/26\/la-cndh-denuncia-tortura-y-detencion-de-buscadores-de-desaparecidos-en-guanajuato\/","url_meta":{"origin":61323,"position":3},"title":"La CNDH denuncia tortura y detenci\u00f3n de buscadores de desaparecidos en Guanajuato","author":"grieta","date":"26 febrero, 2022","format":false,"excerpt":"La CNDH reprob\u00f3 que agentes de la Fiscal\u00eda de Guanajuato torturaran y detuvieran a integrantes del colectivo \"Una promesa por cumplir\", que se dedica a buscar a v\u00edctimas de desaparici\u00f3n forzada. Por Ver\u00f3nica Espinosa s\u00e1bado, 26 de febrero de 2022 \/ Proceso GUANAJUATO, Gto. (proceso.com.mx).\u2013 La Comisi\u00f3n Nacional de los\u2026","rel":"","context":"En &quot;Desaparecidos&quot;","block_context":{"text":"Desaparecidos","link":"https:\/\/www.grieta.org.mx\/index.php\/category\/temas-nacionales\/desaparecidos\/"},"img":{"alt_text":"","src":"https:\/\/i0.wp.com\/www.grieta.org.mx\/wp-content\/uploads\/2022\/03\/f800x450-138541_189987_5050.jpg?resize=350%2C200&ssl=1","width":350,"height":200,"srcset":"https:\/\/i0.wp.com\/www.grieta.org.mx\/wp-content\/uploads\/2022\/03\/f800x450-138541_189987_5050.jpg?resize=350%2C200&ssl=1 1x, https:\/\/i0.wp.com\/www.grieta.org.mx\/wp-content\/uploads\/2022\/03\/f800x450-138541_189987_5050.jpg?resize=525%2C300&ssl=1 1.5x, https:\/\/i0.wp.com\/www.grieta.org.mx\/wp-content\/uploads\/2022\/03\/f800x450-138541_189987_5050.jpg?resize=700%2C400&ssl=1 2x"},"classes":[]},{"id":52800,"url":"https:\/\/www.grieta.org.mx\/index.php\/2020\/08\/23\/policias-de-leon-reprimen-protesta-por-acoso-sexual-de-los-mismos-agentes-guanajuato\/","url_meta":{"origin":61323,"position":4},"title":"Polic\u00edas de Le\u00f3n reprimen protesta por acoso sexual de los mismos agentes (Guanajuato)","author":"grieta","date":"23 agosto, 2020","format":false,"excerpt":"Proceso,22 de agosto de 2020 CIUDAD DE M\u00c9XICO (proceso.com.mx).- Polic\u00edas municipales de Le\u00f3n, Guanajuato, reprimieron este s\u00e1bado a mujeres que protestaron para denunciar a los mismos agentes tras revelarse una serie de denuncias de acoso sexual contra ciudadanas. Activistas denunciaron en redes sociales que dos de sus compa\u00f1eras estaban desaparecidas,\u2026","rel":"","context":"En &quot;CINTILLO&quot;","block_context":{"text":"CINTILLO","link":"https:\/\/www.grieta.org.mx\/index.php\/category\/cintillo\/"},"img":{"alt_text":"","src":"https:\/\/i0.wp.com\/www.grieta.org.mx\/wp-content\/uploads\/2020\/08\/https-_cdn.proceso.com_.mx_media_2020_08_protesta-policias-leon.jpg?resize=350%2C200&ssl=1","width":350,"height":200,"srcset":"https:\/\/i0.wp.com\/www.grieta.org.mx\/wp-content\/uploads\/2020\/08\/https-_cdn.proceso.com_.mx_media_2020_08_protesta-policias-leon.jpg?resize=350%2C200&ssl=1 1x, https:\/\/i0.wp.com\/www.grieta.org.mx\/wp-content\/uploads\/2020\/08\/https-_cdn.proceso.com_.mx_media_2020_08_protesta-policias-leon.jpg?resize=525%2C300&ssl=1 1.5x, https:\/\/i0.wp.com\/www.grieta.org.mx\/wp-content\/uploads\/2020\/08\/https-_cdn.proceso.com_.mx_media_2020_08_protesta-policias-leon.jpg?resize=700%2C400&ssl=1 2x, https:\/\/i0.wp.com\/www.grieta.org.mx\/wp-content\/uploads\/2020\/08\/https-_cdn.proceso.com_.mx_media_2020_08_protesta-policias-leon.jpg?resize=1050%2C600&ssl=1 3x"},"classes":[]},{"id":51703,"url":"https:\/\/www.grieta.org.mx\/index.php\/2020\/07\/10\/policias-de-guanajuato-detienen-a-familiares-de-desaparecidos-y-a-una-de-ellas-le-rompen-la-pierna-por-protestar\/","url_meta":{"origin":61323,"position":5},"title":"Polic\u00edas de Guanajuato detienen a familiares de desaparecidos y a una de ellas le rompen la pierna por protestar","author":"grieta","date":"10 julio, 2020","format":false,"excerpt":"Colectivos y organismos de derechos humanos exigieron la liberaci\u00f3n de Gisela Verenice Olimpia Montoya, Carla Ver\u00f3nica Mart\u00ednez Jim\u00e9nez y Ver\u00f3nica Dur\u00e1n Lara, familiares de personas desaparecidas que protestaban contra el nombramiento del titular de la Comisi\u00f3n Estatal de B\u00fasqueda (CEB). Por Redacci\u00f3n Animal Pol\u00edtico 10 de julio de 2020 Polic\u00edas\u2026","rel":"","context":"En &quot;CINTILLO&quot;","block_context":{"text":"CINTILLO","link":"https:\/\/www.grieta.org.mx\/index.php\/category\/cintillo\/"},"img":{"alt_text":"","src":"https:\/\/i0.wp.com\/www.grieta.org.mx\/wp-content\/uploads\/2020\/07\/WhatsApp-Image-2020-07-10-at-12.53.35-e1594404031798.jpeg?resize=350%2C200&ssl=1","width":350,"height":200,"srcset":"https:\/\/i0.wp.com\/www.grieta.org.mx\/wp-content\/uploads\/2020\/07\/WhatsApp-Image-2020-07-10-at-12.53.35-e1594404031798.jpeg?resize=350%2C200&ssl=1 1x, https:\/\/i0.wp.com\/www.grieta.org.mx\/wp-content\/uploads\/2020\/07\/WhatsApp-Image-2020-07-10-at-12.53.35-e1594404031798.jpeg?resize=525%2C300&ssl=1 1.5x, https:\/\/i0.wp.com\/www.grieta.org.mx\/wp-content\/uploads\/2020\/07\/WhatsApp-Image-2020-07-10-at-12.53.35-e1594404031798.jpeg?resize=700%2C400&ssl=1 2x, https:\/\/i0.wp.com\/www.grieta.org.mx\/wp-content\/uploads\/2020\/07\/WhatsApp-Image-2020-07-10-at-12.53.35-e1594404031798.jpeg?resize=1050%2C600&ssl=1 3x"},"classes":[]}],"_links":{"self":[{"href":"https:\/\/www.grieta.org.mx\/index.php\/wp-json\/wp\/v2\/posts\/61323","targetHints":{"allow":["GET"]}}],"collection":[{"href":"https:\/\/www.grieta.org.mx\/index.php\/wp-json\/wp\/v2\/posts"}],"about":[{"href":"https:\/\/www.grieta.org.mx\/index.php\/wp-json\/wp\/v2\/types\/post"}],"author":[{"embeddable":true,"href":"https:\/\/www.grieta.org.mx\/index.php\/wp-json\/wp\/v2\/users\/2"}],"replies":[{"embeddable":true,"href":"https:\/\/www.grieta.org.mx\/index.php\/wp-json\/wp\/v2\/comments?post=61323"}],"version-history":[{"count":1,"href":"https:\/\/www.grieta.org.mx\/index.php\/wp-json\/wp\/v2\/posts\/61323\/revisions"}],"predecessor-version":[{"id":61327,"href":"https:\/\/www.grieta.org.mx\/index.php\/wp-json\/wp\/v2\/posts\/61323\/revisions\/61327"}],"wp:featuredmedia":[{"embeddable":true,"href":"https:\/\/www.grieta.org.mx\/index.php\/wp-json\/wp\/v2\/media\/61324"}],"wp:attachment":[{"href":"https:\/\/www.grieta.org.mx\/index.php\/wp-json\/wp\/v2\/media?parent=61323"}],"wp:term":[{"taxonomy":"category","embeddable":true,"href":"https:\/\/www.grieta.org.mx\/index.php\/wp-json\/wp\/v2\/categories?post=61323"},{"taxonomy":"post_tag","embeddable":true,"href":"https:\/\/www.grieta.org.mx\/index.php\/wp-json\/wp\/v2\/tags?post=61323"}],"curies":[{"name":"wp","href":"https:\/\/api.w.org\/{rel}","templated":true}]}}