{"id":61288,"date":"2021-08-15T13:36:11","date_gmt":"2021-08-15T18:36:11","guid":{"rendered":"https:\/\/www.grieta.org.mx\/?p=61288"},"modified":"2021-08-21T13:42:53","modified_gmt":"2021-08-21T18:42:53","slug":"grupo-mexico-se-define-sustentable-y-va-sembrando-tragedias-ambientales-sonora","status":"publish","type":"post","link":"https:\/\/www.grieta.org.mx\/index.php\/2021\/08\/15\/grupo-mexico-se-define-sustentable-y-va-sembrando-tragedias-ambientales-sonora\/","title":{"rendered":"Grupo M\u00e9xico se define \u201csustentable\u201d. Y va sembrando tragedias ambientales (Sonora)"},"content":{"rendered":"<h3>SinEmbargo\/Guadalupe Fuentes L\u00f3pez<\/h3>\n<h3><strong>Grupo M\u00e9xico ha ocasionado al menos 14 accidentes ambientales en el pa\u00eds, de acuerdo con lo documentado por la Semarnat hasta 2019. Organizaciones como PODER y v\u00edctimas de comunidades afectadas por los desastres se\u00f1alan que pese a las denuncias, la empresa del segundo hombre m\u00e1s rico de M\u00e9xico opera libremente sus concesiones.\u00a0<\/strong><\/h3>\n<p>Ciudad de M\u00e9xico, 7 de agosto (SinEmbargo).\u2013 Se define como una\u00a0<strong>empresa sustentable<\/strong>\u00a0reconocida por la Bolsa Mexicana de Valores (BMV), pero en la pr\u00e1ctica\u00a0<strong>Grupo M\u00e9xico<\/strong>\u00a0\u2014el conglomerado de\u00a0<strong>Germ\u00e1n Larrea Mota Velasco\u2014<\/strong>\u00a0acumula un historial de tragedias e impunidad debido a la\u00a0<strong>operaci\u00f3n de sus concesiones<\/strong>, denunciaron v\u00edctimas y el Proyecto sobre Organizaci\u00f3n, Desarrollo, Educaci\u00f3n e Investigaci\u00f3n (PODER), una organizaci\u00f3n regional que ha documentado las afectaciones de la empresa en los \u00faltimos a\u00f1os.<\/p>\n<p>El mayor desastre ambiental que ha ocasionado la empresa del segundo hombre m\u00e1s rico de M\u00e9xico fue en 2014, cuando su mina Buenavista derram\u00f3 40 millones de litros de una soluci\u00f3n de sulfato de cobre sobre los r\u00edos Sonora y Bacanuchi y afect\u00f3 la salud de cientos de personas de siete municipios, quienes hoy reclaman atenci\u00f3n m\u00e9dica por la grave exposici\u00f3n a metales pesados.<\/p>\n<div id=\"hybs-mslot-7989-0\" class=\"hybs-mslot\"><\/div>\n<p>A siete a\u00f1os del derrame, Grupo M\u00e9xico dice que ha cumplido en tiempo y forma los compromisos adquiridos en el Fideicomiso R\u00edo Sonora, pero las comunidades afectadas denuncian que ni la construcci\u00f3n de 36 plantas potabilizadoras ni la cl\u00ednica de atenci\u00f3n a la salud han sido entregadas.<\/p>\n<div id=\"standard_5\" class=\"st-placement standard_5 inImage\">\n<div class=\"st-adunit st-reset st-show\">\n<div class=\"st-adunit-ad st-reset\">\n<div class=\"st-reset render-mode-normal\">\n<div class=\"st-video-creative st-reset\">\n<div class=\"video-creative-container st-reset\"><\/div>\n<\/div>\n<\/div>\n<\/div>\n<\/div>\n<\/div>\n<figure id=\"attachment_4010658\" class=\"wp-caption alignnone\" aria-describedby=\"caption-attachment-4010658\"><img loading=\"lazy\" decoding=\"async\" class=\"size-full wp-image-4010658 img-sharpen lazyloaded\" src=\"https:\/\/i2.wp.com\/www.sinembargo.mx\/wp-content\/uploads\/2021\/08\/rio-sonora-aerea-profepa-2014.jpg?resize=700%2C1066&amp;quality=80&amp;strip=all&amp;ssl=1\" sizes=\"auto, (max-width: 700px) 100vw, 700px\" srcset=\"https:\/\/i2.wp.com\/www.sinembargo.mx\/wp-content\/uploads\/2021\/08\/rio-sonora-aerea-profepa-2014.jpg?w=700&amp;quality=80&amp;strip=all&amp;ssl=1 700w, https:\/\/i2.wp.com\/www.sinembargo.mx\/wp-content\/uploads\/2021\/08\/rio-sonora-aerea-profepa-2014.jpg?resize=197%2C300&amp;quality=80&amp;strip=all&amp;ssl=1 197w, https:\/\/i2.wp.com\/www.sinembargo.mx\/wp-content\/uploads\/2021\/08\/rio-sonora-aerea-profepa-2014.jpg?resize=400%2C609&amp;quality=80&amp;strip=all&amp;ssl=1 400w, https:\/\/i2.wp.com\/www.sinembargo.mx\/wp-content\/uploads\/2021\/08\/rio-sonora-aerea-profepa-2014.jpg?resize=696%2C1060&amp;quality=80&amp;strip=all&amp;ssl=1 696w\" alt=\"\" width=\"700\" height=\"1066\" data-recalc-dims=\"1\" data-ll-status=\"loaded\" \/><figcaption id=\"caption-attachment-4010658\" class=\"wp-caption-text\">En 2014 la mina Buenavista derram\u00f3 40 millones de litros de una soluci\u00f3n de sulfato de cobre sobre los r\u00edos Sonora y Bacanuchi. Foto: PODER.<\/figcaption><\/figure>\n<p>Incluso Mar\u00eda Luisa Albores, titular de la Secretar\u00eda del Medio Ambiente y Recursos Naturales (Semarnat), explic\u00f3 en mayo pasado que como parte de la apertura del caso, la administraci\u00f3n federal verificar\u00eda el uso del fideicomiso de 2 millones de d\u00f3lares creado por Grupo M\u00e9xico en 2014 y del que m\u00e1s tarde le fueron devueltos recursos por 800 millones de d\u00f3lares cuando la administraci\u00f3n anterior determin\u00f3 que ya hab\u00edan sido cumplidos los compromisos.<\/p>\n<p>\u201cGrupo M\u00e9xico es la empresa que m\u00e1s derechos humanos ha violado y no s\u00f3lo lo ha hecho en M\u00e9xico sino en otros pa\u00edses, tiene un largo historial de impunidad\u201d, dijo en entrevista Miguel Soto, director de Vinculaci\u00f3n Estrat\u00e9gica de la organizaci\u00f3n Poder. \u201cForma parte de las empresas que tienen capturado al Estado\u201d.<\/p>\n<p><strong>SinEmbargo<\/strong>\u00a0solicit\u00f3 una postura por parte de Grupo M\u00e9xico acerca de estos se\u00f1alamientos en su contra que han hecho tanto organizaciones como los habitantes de los municipios afectados por el derrame en Sonora, pero hasta el cierre de la nota no obtuvo respuesta.<\/p>\n<p>En el a\u00f1o 2019, el entonces Secretario de Semarnat, V\u00edctor Toledo, hablaba de 22 accidentes ambientales que ha ocasionado la empresa en todo el mundo, de los cuales, 14 fueron en M\u00e9xico.<\/p>\n<blockquote><p>\u201cDesde 1998 han estado provocando accidentes no solamente en el pa\u00eds sino tambi\u00e9n en Per\u00fa, Estados Unidos y Espa\u00f1a. Estamos ante una situaci\u00f3n especial de una firma industrial que ha tenido repetidamente 22 accidentes, no es para menos\u201d, se\u00f1al\u00f3 Toledo despu\u00e9s del \u00faltimo derrame provocado por la empresas que afect\u00f3 al Mar de Cort\u00e9s, uno de los mares de mayor biodiversidad del mundo y cuna de la vaquita marina, especie en peligro de extinci\u00f3n.<\/p><\/blockquote>\n<div id=\"standard_7\" class=\"st-placement standard_7 inImage\">\n<div class=\"st-adunit st-reset st-show\">\n<div class=\"st-adunit-ad st-reset\">\n<div class=\"st-display-render st-reset\">\n<div class=\"st-reset\">\n<div class=\"important-styled st-canvas-container open LeaderboardModule display-standard fssquz2\">\n<div class=\"important-styled st-canvas-el fhxwyqa\">\n<div class=\"important-styled st-canvas-container undefined fssquz2\">\n<div class=\"important-styled st-canvas-el f1bf8hv3\">\n<div class=\"important-styled st-canvas-container undefined fssquz2\">\n<div class=\"important-styled st-canvas-el fhxwyqa\">\n<div class=\"important-styled f1u5e9na\">\n<div class=\"important-styled display-render-wrapper f1u5e9na\"><\/div>\n<\/div>\n<\/div>\n<\/div>\n<div class=\"important-styled st-canvas-container undefined fssquz2\">\n<div class=\"important-styled st-canvas-el f1rh6x5f\">\n<div class=\"important-styled display-render x-to-close f9k8010\"><\/div>\n<\/div>\n<\/div>\n<\/div>\n<\/div>\n<\/div>\n<\/div>\n<\/div>\n<\/div>\n<\/div>\n<\/div>\n<\/div>\n<figure id=\"attachment_4010661\" class=\"wp-caption alignnone\" aria-describedby=\"caption-attachment-4010661\"><img loading=\"lazy\" decoding=\"async\" class=\"size-full wp-image-4010661 img-sharpen lazyloaded\" src=\"https:\/\/i2.wp.com\/www.sinembargo.mx\/wp-content\/uploads\/2021\/08\/cuartoscuro-558972-digital.jpeg?resize=700%2C467&amp;quality=80&amp;strip=all&amp;ssl=1\" sizes=\"auto, (max-width: 700px) 100vw, 700px\" srcset=\"https:\/\/i2.wp.com\/www.sinembargo.mx\/wp-content\/uploads\/2021\/08\/cuartoscuro-558972-digital.jpeg?w=700&amp;quality=80&amp;strip=all&amp;ssl=1 700w, https:\/\/i2.wp.com\/www.sinembargo.mx\/wp-content\/uploads\/2021\/08\/cuartoscuro-558972-digital.jpeg?resize=300%2C200&amp;quality=80&amp;strip=all&amp;ssl=1 300w, https:\/\/i2.wp.com\/www.sinembargo.mx\/wp-content\/uploads\/2021\/08\/cuartoscuro-558972-digital.jpeg?resize=400%2C267&amp;quality=80&amp;strip=all&amp;ssl=1 400w, https:\/\/i2.wp.com\/www.sinembargo.mx\/wp-content\/uploads\/2021\/08\/cuartoscuro-558972-digital.jpeg?resize=696%2C464&amp;quality=80&amp;strip=all&amp;ssl=1 696w\" alt=\"\" width=\"700\" height=\"467\" data-recalc-dims=\"1\" data-ll-status=\"loaded\" \/><figcaption id=\"caption-attachment-4010661\" class=\"wp-caption-text\">Germ\u00e1n Larrea Mota Velasco, due\u00f1o de Grupo M\u00e9xico. Foto: Cuartoscuro.<\/figcaption><\/figure>\n<p>Pero si Grupo M\u00e9xico ha sido el causante de 14 accidentes ambientales en el pa\u00eds, \u00bfpor qu\u00e9 sigue operando libremente? La respuesta, explicaron organizaciones y v\u00edctimas, es el uso de recursos econ\u00f3micos que le sirven para hacer relaciones p\u00fablicas, tanto en medios de comunicaci\u00f3n como con gobiernos, y para pagar abogados que le libran de sanciones.<\/p>\n<blockquote><p>\u201cTienen la habilidad de hacer relaciones p\u00fablicas, con convenios importantes con medios de comunicaci\u00f3n y agencias que logran hacer un trabajo como de lavado de imagen. Tambi\u00e9n tienen abogados importantes\u201d, se\u00f1al\u00f3 Miguel Soto de PODER. \u201cJusto cuando ocurri\u00f3 el derrame en el R\u00edo Sonora, Grupo M\u00e9xico emprendi\u00f3 una campa\u00f1a en los cines para tratar de desviar la conversaci\u00f3n\u201d.<\/p>\n<div class=\"container-fluid pb-4 bg-gray1 my-md-5\">\n<div class=\"row pt-4\">\n<div class=\"col-12 col-md-6 col-lg-12 text-center px-0 px-md-3\">\n<div id=\"div-gpt-ad-1625604366244-4010012\" data-google-query-id=\"CIbFnvHgwvICFVaBpgQdvYwEUA\"><\/div>\n<\/div>\n<div class=\"col-12 col-md-6 text-center d-none d-lg-block\"><\/div>\n<\/div>\n<\/div>\n<\/blockquote>\n<p>La organizaci\u00f3n PODER tambi\u00e9n menciona que las grandes empresas extractivistas, como Grupo M\u00e9xico, cuentan con especialistas en\u00a0<em>lobbying<\/em>, es decir, personas que se re\u00fanen con pol\u00edticos y funcionarios para hacer cabildeo. A esto se a\u00f1ade la capacidad de dividir a las comunidades.<\/p>\n<p>\u201cEn las comunidades buscan hacer cosas como pintar una escuela o construir un auditorio para ganarse la voluntad de la gente, les ofrecen empleos precarios, pero al final dejan da\u00f1os a la poblaci\u00f3n\u201d, coment\u00f3 Miguel Soto de la organizaci\u00f3n PODER.<\/p>\n<div id=\"standard_8\" class=\"st-placement standard_8 inImage\">\n<div class=\"st-adunit st-reset st-show\">\n<div class=\"st-adunit-ad st-reset\">\n<div class=\"st-display-render st-reset\">\n<div class=\"st-reset\">\n<div class=\"important-styled st-canvas-container open LeaderboardModule display-standard fssquz2\">\n<div class=\"important-styled st-canvas-el fhxwyqa\">\n<div class=\"important-styled st-canvas-container undefined fssquz2\">\n<div class=\"important-styled st-canvas-el f1bf8hv3\">\n<div class=\"important-styled st-canvas-container undefined fssquz2\">\n<div class=\"important-styled st-canvas-el fhxwyqa\">\n<div class=\"important-styled f1u5e9na\">\n<div class=\"important-styled display-render-wrapper f1u5e9na\"><\/div>\n<\/div>\n<\/div>\n<\/div>\n<div class=\"important-styled st-canvas-container undefined fssquz2\">\n<div class=\"important-styled st-canvas-el f1rh6x5f\">\n<div class=\"important-styled display-render x-to-close f9k8010\"><\/div>\n<\/div>\n<\/div>\n<\/div>\n<\/div>\n<\/div>\n<\/div>\n<\/div>\n<\/div>\n<\/div>\n<\/div>\n<\/div>\n<figure id=\"attachment_4010662\" class=\"wp-caption alignnone\" aria-describedby=\"caption-attachment-4010662\"><img loading=\"lazy\" decoding=\"async\" class=\"size-full wp-image-4010662 img-sharpen lazyloaded\" src=\"https:\/\/i0.wp.com\/www.sinembargo.mx\/wp-content\/uploads\/2021\/08\/cuartoscuro-713306-digital.jpeg?resize=700%2C467&amp;quality=80&amp;strip=all&amp;ssl=1\" sizes=\"auto, (max-width: 700px) 100vw, 700px\" srcset=\"https:\/\/i0.wp.com\/www.sinembargo.mx\/wp-content\/uploads\/2021\/08\/cuartoscuro-713306-digital.jpeg?w=700&amp;quality=80&amp;strip=all&amp;ssl=1 700w, https:\/\/i0.wp.com\/www.sinembargo.mx\/wp-content\/uploads\/2021\/08\/cuartoscuro-713306-digital.jpeg?resize=300%2C200&amp;quality=80&amp;strip=all&amp;ssl=1 300w, https:\/\/i0.wp.com\/www.sinembargo.mx\/wp-content\/uploads\/2021\/08\/cuartoscuro-713306-digital.jpeg?resize=400%2C267&amp;quality=80&amp;strip=all&amp;ssl=1 400w, https:\/\/i0.wp.com\/www.sinembargo.mx\/wp-content\/uploads\/2021\/08\/cuartoscuro-713306-digital.jpeg?resize=696%2C464&amp;quality=80&amp;strip=all&amp;ssl=1 696w\" alt=\"\" width=\"700\" height=\"467\" data-recalc-dims=\"1\" data-ll-status=\"loaded\" \/><figcaption id=\"caption-attachment-4010662\" class=\"wp-caption-text\">Activistas ecologistas se manifiestan frente al edificio donde se encuentran las oficinas de Grupo M\u00e9xico, luego del derrame de \u00e1cido sulf\u00farico en el Golfo de California. Foto: Cuartoscuro.<\/figcaption><\/figure>\n<p>Martha Patricia, habitante de Bavi\u00e1cora afectada por el derrame de la mina Buenavista en 2014 asegur\u00f3 que Grupo M\u00e9xico opera en total impunidad.<\/p>\n<p>\u201cSe atienen a que nosotros no tenemos los recursos y los abogados no se quieren pelear de a gratis con Grupo M\u00e9xico\u201d, destac\u00f3. \u201cTodo es en t\u00e9rminos de lo que la empresa dice. Paga para que le hagan los estudios y todo. Y si dice que ya todo est\u00e1 bien, se cierra el caso sin cerciorarse. Es una impunidad total\u201d.<\/p>\n<p><strong>LAS AFECTACIONES EN M\u00c9XICO<\/strong><\/p>\n<p>Grupo M\u00e9xico ocupa el primer lugar en producci\u00f3n minera en M\u00e9xico y Per\u00fa, el tercero en Estados Unidos y el cuarto a nivel mundial. En el a\u00f1o 2020, la empresa tuvo ventas por 8 mil 566 millones de d\u00f3lares, seg\u00fan su reporte financiero.<\/p>\n<p>En M\u00e9xico ha recibido 333 concesiones de las secretar\u00edas de Econom\u00eda (SE), de Comunicaciones y Transportes (SCT), y de Medio Ambiente y Recursos Naturales desde el sexenio de Carlos Salinas de Gortari hasta el de Enrique Pe\u00f1a Nieto con vigencia hasta 2063 y algunas ubicadas en \u00c1reas Naturales Protegidas, de acuerdo con una revisi\u00f3n al Portal de Transparencia del Instituto Nacional de Acceso a la Informaci\u00f3n (INAI).<\/p>\n<p>No obstante, de las concesiones otorgadas en \u00c1reas Naturales Protegidas ninguna est\u00e1 en operaci\u00f3n, seg\u00fan muestra el Portafolio de Proyectos Mineros de 2020.<\/p>\n<figure id=\"attachment_4010664\" class=\"wp-caption alignnone\" aria-describedby=\"caption-attachment-4010664\">\n<div id=\"standard_9\" class=\"st-placement standard_9 inImage\">\n<div class=\"st-adunit st-reset st-show\">\n<div class=\"st-adunit-ad st-reset\">\n<div class=\"st-display-render st-reset\">\n<div class=\"st-reset\">\n<div class=\"important-styled st-canvas-container open LeaderboardModule display-standard fssquz2\">\n<div class=\"important-styled st-canvas-el fhxwyqa\">\n<div class=\"important-styled st-canvas-container undefined fssquz2\">\n<div class=\"important-styled st-canvas-el fgv61lq\">\n<div class=\"important-styled st-canvas-container undefined fssquz2\">\n<div class=\"important-styled st-canvas-el fhxwyqa\">\n<div class=\"important-styled f1u5e9na\">\n<div class=\"important-styled display-render-wrapper f1u5e9na\"><\/div>\n<\/div>\n<\/div>\n<\/div>\n<div class=\"important-styled st-canvas-container undefined fssquz2\">\n<div class=\"important-styled st-canvas-el f1rh6x5f\">\n<div class=\"important-styled display-render x-to-close f9k8010\"><\/div>\n<\/div>\n<\/div>\n<\/div>\n<\/div>\n<\/div>\n<\/div>\n<\/div>\n<\/div>\n<\/div>\n<\/div>\n<\/div>\n<p><img loading=\"lazy\" decoding=\"async\" class=\"size-full wp-image-4010664 img-sharpen lazyloaded\" src=\"https:\/\/i1.wp.com\/www.sinembargo.mx\/wp-content\/uploads\/2021\/08\/cuartoscuro-667814-digital.jpeg?resize=700%2C467&amp;quality=80&amp;strip=all&amp;ssl=1\" sizes=\"auto, (max-width: 700px) 100vw, 700px\" srcset=\"https:\/\/i1.wp.com\/www.sinembargo.mx\/wp-content\/uploads\/2021\/08\/cuartoscuro-667814-digital.jpeg?w=700&amp;quality=80&amp;strip=all&amp;ssl=1 700w, https:\/\/i1.wp.com\/www.sinembargo.mx\/wp-content\/uploads\/2021\/08\/cuartoscuro-667814-digital.jpeg?resize=300%2C200&amp;quality=80&amp;strip=all&amp;ssl=1 300w, https:\/\/i1.wp.com\/www.sinembargo.mx\/wp-content\/uploads\/2021\/08\/cuartoscuro-667814-digital.jpeg?resize=400%2C267&amp;quality=80&amp;strip=all&amp;ssl=1 400w, https:\/\/i1.wp.com\/www.sinembargo.mx\/wp-content\/uploads\/2021\/08\/cuartoscuro-667814-digital.jpeg?resize=696%2C464&amp;quality=80&amp;strip=all&amp;ssl=1 696w\" alt=\"\" width=\"700\" height=\"467\" data-recalc-dims=\"1\" data-ll-status=\"loaded\" \/><figcaption id=\"caption-attachment-4010664\" class=\"wp-caption-text\">La empresa del segundo hombre m\u00e1s rico de M\u00e9xico es se\u00f1alada de provocar los peores desastres ambientales. Foto: Cuartoscuro.<\/figcaption><\/figure>\n<p>De las concesiones que s\u00ed est\u00e1n en operaci\u00f3n, algunas han ocasionado da\u00f1os ambientales y laborales, seg\u00fan ha documentado la organizaci\u00f3n PODER y las propias v\u00edctimas.<\/p>\n<p>Las que destacan, debido a lo medi\u00e1tico que se han vuelto los casos, son las siguientes:<\/p>\n<p><strong>\u2013Pasta de Conchos<\/strong><\/p>\n<p>El 19 de febrero de 2006 se registr\u00f3 una explosi\u00f3n en la mina 8 de la Unidad Pasta de Conchos, en Coahuila, en la que 65 de los 73 obreros que se encontraban trabajando en ese turno quedaron atrapados. En ese a\u00f1o se inici\u00f3 el rescate que se suspendi\u00f3 un a\u00f1o despu\u00e9s y los cuerpos contin\u00faan sepultados.<\/p>\n<p>La mina, operada por Grupo M\u00e9xico, ten\u00eda reportes de fallas de seguridad desde el a\u00f1o 2000.<\/p>\n<p>La semana pasada, la Organizaci\u00f3n Familiares Pasta de Conchos y el Centro Prodh le dieron un plazo al Estado mexicano de un mes para dar respuesta a los peticionarios en el litigio ante la CIDH por las violaciones a los derechos humanos cometidos contra los mineros.<\/p>\n<figure id=\"attachment_4010665\" class=\"wp-caption alignnone\" aria-describedby=\"caption-attachment-4010665\">\n<div id=\"standard_10\" class=\"st-placement standard_10 inImage\">\n<div class=\"st-adunit st-reset st-show\"><\/div>\n<\/div>\n<p><img loading=\"lazy\" decoding=\"async\" class=\"size-full wp-image-4010665 img-sharpen lazyloaded\" src=\"https:\/\/i0.wp.com\/www.sinembargo.mx\/wp-content\/uploads\/2021\/08\/cuartoscuro-782794-digital.jpeg?resize=700%2C467&amp;quality=80&amp;strip=all&amp;ssl=1\" sizes=\"auto, (max-width: 700px) 100vw, 700px\" srcset=\"https:\/\/i0.wp.com\/www.sinembargo.mx\/wp-content\/uploads\/2021\/08\/cuartoscuro-782794-digital.jpeg?w=700&amp;quality=80&amp;strip=all&amp;ssl=1 700w, https:\/\/i0.wp.com\/www.sinembargo.mx\/wp-content\/uploads\/2021\/08\/cuartoscuro-782794-digital.jpeg?resize=300%2C200&amp;quality=80&amp;strip=all&amp;ssl=1 300w, https:\/\/i0.wp.com\/www.sinembargo.mx\/wp-content\/uploads\/2021\/08\/cuartoscuro-782794-digital.jpeg?resize=400%2C267&amp;quality=80&amp;strip=all&amp;ssl=1 400w, https:\/\/i0.wp.com\/www.sinembargo.mx\/wp-content\/uploads\/2021\/08\/cuartoscuro-782794-digital.jpeg?resize=696%2C464&amp;quality=80&amp;strip=all&amp;ssl=1 696w\" alt=\"\" width=\"700\" height=\"467\" data-recalc-dims=\"1\" data-ll-status=\"loaded\" \/><figcaption id=\"caption-attachment-4010665\" class=\"wp-caption-text\">La mina de Pasta de Conchos permanece cerrada desde el a\u00f1o 2006 cuanto se suscit\u00f3 una explosi\u00f3n que cost\u00f3 la vida de 63 mineros. Foto: Cuartoscuro.<\/figcaption><\/figure>\n<p><strong>\u2013Afectaciones en R\u00edo Bola\u00f1os<\/strong><\/p>\n<p>Una ruptura en la presa de jales de la mina de plata de Bola\u00f1os, propiedad de Grupo M\u00e9xico desde 1993, provoc\u00f3 que se vertieran mercurio, plomo y ars\u00e9nico en el R\u00edo Bola\u00f1os en Jalisco en 2010, lo que caus\u00f3 la muerte de peces y afectaciones a la vida de las poblaciones ribere\u00f1as.<\/p>\n<p><strong>\u2013R\u00edo Sonora<\/strong><\/p>\n<p>El 6 de agosto de 2014, la mina Buenavista del Cobre\u00a0\u2014subsidiaria de Grupo M\u00e9xico\u2014\u00a0derram\u00f3 40 mil metros c\u00fabicos de \u00e1cido sulf\u00farico con 700 toneladas de metales pesados en los r\u00edos Bacanuchi y Sonora, que afectaron a siete municipios: Ures, Bavi\u00e1cora, Aconchi, Hu\u00e9pac, Ban\u00e1michi, San Felipe de Jes\u00fas y Arizpe.<\/p>\n<p>Las afectaciones a las comunidades han sido tanto en salud como de agua limpia para consumo, recreaci\u00f3n y producci\u00f3n agr\u00edcola y ganadera, acusaron los Comit\u00e9s de Cuenca R\u00edo Sonora a siete a\u00f1os del derrame.<\/p>\n<p>El 13 de febrero de 2017, a s\u00f3lo tres a\u00f1os del peor desastre ambiental minero en la historia del pa\u00eds, el Gobierno de Enrique Pe\u00f1a Nieto y la empresa cerraron unilateralmente el Fideicomiso R\u00edo Sonora sin cumplir el compromiso de construir 36 plantas potabilizadoras y una cl\u00ednica de atenci\u00f3n a la salud, por lo que los habitantes de los siete municipios afectados a\u00fan cargan con el costo de las enfermedades, los medicamentos y de los garrafones por las altas cantidades de ars\u00e9nico y plomo en el agua, reconocidas por la Comisi\u00f3n Federal para la Protecci\u00f3n contra Riesgos Sanitarios (Cofepris) en noviembre pasado.<\/p>\n<div id=\"standard_11\" class=\"st-placement standard_11 inImage\">\n<div class=\"st-adunit st-reset st-show\">\n<div class=\"st-adunit-ad st-reset\">\n<div class=\"st-display-render st-reset\">\n<div class=\"st-reset\">\n<div class=\"important-styled st-canvas-container open Leaderboard display-standard fssquz2\">\n<div class=\"important-styled st-canvas-el fhxwyqa\">\n<div class=\"important-styled st-canvas-container undefined fssquz2\">\n<div class=\"important-styled st-canvas-el f1hxvskv\">\n<div class=\"important-styled st-canvas-container undefined fssquz2\">\n<div class=\"important-styled st-canvas-el f1g55ed\">\n<div class=\"important-styled display-render x-to-close f9k8010\"><\/div>\n<\/div>\n<\/div>\n<\/div>\n<\/div>\n<\/div>\n<\/div>\n<\/div>\n<\/div>\n<\/div>\n<\/div>\n<\/div>\n<figure id=\"attachment_4010668\" class=\"wp-caption alignnone\" aria-describedby=\"caption-attachment-4010668\"><img loading=\"lazy\" decoding=\"async\" class=\"img-sharpen wp-image-4010668 size-full lazyloaded\" src=\"https:\/\/i1.wp.com\/www.sinembargo.mx\/wp-content\/uploads\/2021\/08\/animales-muertos-derrame-rs-poder.jpg?resize=700%2C525&amp;quality=80&amp;strip=all&amp;ssl=1\" sizes=\"auto, (max-width: 700px) 100vw, 700px\" srcset=\"https:\/\/i1.wp.com\/www.sinembargo.mx\/wp-content\/uploads\/2021\/08\/animales-muertos-derrame-rs-poder.jpg?w=700&amp;quality=80&amp;strip=all&amp;ssl=1 700w, https:\/\/i1.wp.com\/www.sinembargo.mx\/wp-content\/uploads\/2021\/08\/animales-muertos-derrame-rs-poder.jpg?resize=300%2C225&amp;quality=80&amp;strip=all&amp;ssl=1 300w, https:\/\/i1.wp.com\/www.sinembargo.mx\/wp-content\/uploads\/2021\/08\/animales-muertos-derrame-rs-poder.jpg?resize=400%2C300&amp;quality=80&amp;strip=all&amp;ssl=1 400w, https:\/\/i1.wp.com\/www.sinembargo.mx\/wp-content\/uploads\/2021\/08\/animales-muertos-derrame-rs-poder.jpg?resize=696%2C522&amp;quality=80&amp;strip=all&amp;ssl=1 696w\" alt=\"\" width=\"700\" height=\"525\" data-recalc-dims=\"1\" data-ll-status=\"loaded\" \/><figcaption id=\"caption-attachment-4010668\" class=\"wp-caption-text\">Las afectaciones a las comunidades han sido tanto en salud como de agua limpia para consumo, recreaci\u00f3n y producci\u00f3n agr\u00edcola y ganadera. Foto: Cuartoscuro.<\/figcaption><\/figure>\n<p><strong>\u2013Muerte de mineros en San Luis<\/strong><\/p>\n<p>El 12 de febrero de 2016 cinco trabajadores fallecieron en la mina de carb\u00f3n Charcas en San Luis Potos\u00ed y en octubre\u00a0dentro de su mina La Caridad se volc\u00f3 un carro-tanque que derram\u00f3 10 mil litros de \u00e1cido d\u00e9bil en Nacozari de Garc\u00eda, Sonora.<\/p>\n<p><strong>\u2013Derrame en Sombrerete<\/strong><\/p>\n<p>En mayo de 2019, agricultores y ganaderos del municipio de Sombrerete denunciaron al Gobierno del estado y a dirigentes sindicales de la Unidad Minera San Mart\u00edn, que pertenece al Grupo M\u00e9xico, por el derrame de desechos con cianuro y otros contaminantes en el r\u00edo de la comunidad.<\/p>\n<figure id=\"attachment_4010676\" class=\"wp-caption alignnone\" aria-describedby=\"caption-attachment-4010676\"><img loading=\"lazy\" decoding=\"async\" class=\"size-full wp-image-4010676 img-sharpen lazyloaded\" src=\"https:\/\/i1.wp.com\/www.sinembargo.mx\/wp-content\/uploads\/2021\/08\/cuartoscuro-713305-digital.jpeg?resize=700%2C467&amp;quality=80&amp;strip=all&amp;ssl=1\" sizes=\"auto, (max-width: 700px) 100vw, 700px\" srcset=\"https:\/\/i1.wp.com\/www.sinembargo.mx\/wp-content\/uploads\/2021\/08\/cuartoscuro-713305-digital.jpeg?w=700&amp;quality=80&amp;strip=all&amp;ssl=1 700w, https:\/\/i1.wp.com\/www.sinembargo.mx\/wp-content\/uploads\/2021\/08\/cuartoscuro-713305-digital.jpeg?resize=300%2C200&amp;quality=80&amp;strip=all&amp;ssl=1 300w, https:\/\/i1.wp.com\/www.sinembargo.mx\/wp-content\/uploads\/2021\/08\/cuartoscuro-713305-digital.jpeg?resize=400%2C267&amp;quality=80&amp;strip=all&amp;ssl=1 400w, https:\/\/i1.wp.com\/www.sinembargo.mx\/wp-content\/uploads\/2021\/08\/cuartoscuro-713305-digital.jpeg?resize=696%2C464&amp;quality=80&amp;strip=all&amp;ssl=1 696w\" alt=\"\" width=\"700\" height=\"467\" data-recalc-dims=\"1\" data-ll-status=\"loaded\" \/><figcaption id=\"caption-attachment-4010676\" class=\"wp-caption-text\">Protestas contra Grupo M\u00e9xico por derrame en Mar de Cort\u00e9s. Foto: Cuartoscuro.<\/figcaption><\/figure>\n<p><strong>\u2013Derrame en Mar de Cort\u00e9s<\/strong><\/p>\n<p>El 9 de julio de 2019, una falla en las v\u00e1lvulas de las tuber\u00edas de Grupo M\u00e9xico durante un proceso de trasvase en la Terminal Mar\u00edtima de Guaymas, provoc\u00f3 el derrame de 3 mil litros de \u00e1cido sulf\u00farico en el Mar de Cort\u00e9s, informaron autoridades portuarias.<\/p>\n<p>Metal\u00fargica de Cobre de M\u00e9xico, subsidiaria de Grupo M\u00e9xico, inform\u00f3 que la fuga ocurri\u00f3 alrededor de las 15:00 horas del martes y no ocasion\u00f3 da\u00f1os a personas.<\/p>\n<blockquote class=\"wp-embedded-content\" data-secret=\"YV98VnIlLn\"><p><a href=\"https:\/\/www.sinembargo.mx\/07-08-2021\/4010012\">Grupo M\u00e9xico se define \u201csustentable\u201d. Y va sembrando tragedias ambientales<\/a><\/p><\/blockquote>\n<p><iframe loading=\"lazy\" class=\"wp-embedded-content\" sandbox=\"allow-scripts\" security=\"restricted\" style=\"position: absolute; clip: rect(1px, 1px, 1px, 1px);\" title=\"\u00abGrupo M\u00e9xico se define \u201csustentable\u201d. Y va sembrando tragedias ambientales\u00bb \u2014 SinEmbargo MX\" src=\"https:\/\/www.sinembargo.mx\/07-08-2021\/4010012\/embed#?secret=YV98VnIlLn\" data-secret=\"YV98VnIlLn\" width=\"600\" height=\"338\" frameborder=\"0\" marginwidth=\"0\" marginheight=\"0\" scrolling=\"no\"><\/iframe><\/p>\n","protected":false},"excerpt":{"rendered":"<p>SinEmbargo\/Guadalupe Fuentes L\u00f3pez Grupo M\u00e9xico ha ocasionado al menos 14 accidentes ambientales en el pa\u00eds, de acuerdo con lo documentado por la Semarnat hasta 2019. Organizaciones como PODER y v\u00edctimas &hellip; <a href=\"https:\/\/www.grieta.org.mx\/index.php\/2021\/08\/15\/grupo-mexico-se-define-sustentable-y-va-sembrando-tragedias-ambientales-sonora\/\" class=\"more-link\">Leer m\u00e1s<\/a><\/p>\n","protected":false},"author":2,"featured_media":61293,"comment_status":"closed","ping_status":"closed","sticky":false,"template":"","format":"standard","meta":{"ngg_post_thumbnail":0,"_jetpack_newsletter_access":"","_jetpack_dont_email_post_to_subs":false,"_jetpack_newsletter_tier_id":0,"_jetpack_memberships_contains_paywalled_content":false,"_jetpack_memberships_contains_paid_content":false,"footnotes":""},"categories":[2557,1462,2721,2215,2,31],"tags":[2967,2216,2111,91,2187,1689,109],"class_list":["post-61288","post","type-post","status-publish","format-standard","has-post-thumbnail","hentry","category-contaminacion-y-danos-a-la-naturaleza-por-megaproyectos","category-contaminacion-y-danos-a-la-salud-por-mineria-en-sonora","category-crisis-ecologica-y-ambiental-en-sonora","category-mineria-en-sonora","category-noticias-nacionales","category-sonora","tag-afectaciones-por-mineria","tag-conflictos-por-mineria","tag-contaminacion","tag-contaminacion-ambiental","tag-crisis-ambiental","tag-danos-ambientales","tag-mineria","entry"],"jetpack_featured_media_url":"https:\/\/www.grieta.org.mx\/wp-content\/uploads\/2021\/08\/photo-2021-08-05-15-32-42.jpg","jetpack_sharing_enabled":true,"jetpack_shortlink":"https:\/\/wp.me\/p7ZJR4-fWw","jetpack_likes_enabled":false,"jetpack-related-posts":[{"id":36073,"url":"https:\/\/www.grieta.org.mx\/index.php\/2019\/07\/05\/grupo-mexico-planea-construir-presa-de-jales-en-bacanuchi-ciudadanos-se-oponen-temen-otro-derrame-sonora\/","url_meta":{"origin":61288,"position":0},"title":"Grupo M\u00e9xico planea construir presa de jales en Bacanuchi, ciudadanos se oponen, temen otro derrame (Sonora)","author":"grieta","date":"5 julio, 2019","format":false,"excerpt":"https:\/\/proyectopuente.com.mx\/2019\/07\/05\/grupo-mexico-planea-construir-presa-de-jales-en-bacanuchi-ciudadanos-se-oponen-temen-otro-derrame-2\/","rel":"","context":"En &quot;Contaminaci\u00f3n ambiental por megaproyectos en Sonora&quot;","block_context":{"text":"Contaminaci\u00f3n ambiental por megaproyectos en Sonora","link":"https:\/\/www.grieta.org.mx\/index.php\/category\/noticias-nacionales\/sonora\/contaminacion-y-danos-a-la-naturaleza-por-megaproyectos\/"},"img":{"alt_text":"","src":"https:\/\/i0.wp.com\/www.grieta.org.mx\/wp-content\/uploads\/2018\/03\/14524434_1106112876131411_958039263622046936_o.jpg?resize=350%2C200&ssl=1","width":350,"height":200,"srcset":"https:\/\/i0.wp.com\/www.grieta.org.mx\/wp-content\/uploads\/2018\/03\/14524434_1106112876131411_958039263622046936_o.jpg?resize=350%2C200&ssl=1 1x, https:\/\/i0.wp.com\/www.grieta.org.mx\/wp-content\/uploads\/2018\/03\/14524434_1106112876131411_958039263622046936_o.jpg?resize=525%2C300&ssl=1 1.5x, https:\/\/i0.wp.com\/www.grieta.org.mx\/wp-content\/uploads\/2018\/03\/14524434_1106112876131411_958039263622046936_o.jpg?resize=700%2C400&ssl=1 2x"},"classes":[]},{"id":9067,"url":"https:\/\/www.grieta.org.mx\/index.php\/2016\/08\/22\/contaminacion-y-danos-a-la-salud-por-mineria-en-sonora\/","url_meta":{"origin":61288,"position":1},"title":"Contaminaci\u00f3n y da\u00f1os a la salud por miner\u00eda en Sonora","author":"Admin","date":"22 agosto, 2016","format":false,"excerpt":"Denuncian contaminaci\u00f3n del R\u00edo Sonora provocada por miner\u00eda 22\/08\/16. Contaminaci\u00f3n, despojo y negligencia: las acusaciones contra Grupo M\u00e9xico en Sonora Animal Pol\u00edtico 08\/08\/16. A 2 a\u00f1os del derrame contaminante en el R\u00edo Sonora, una 'mancha' que no se borra Expansi\u00f3n 01\/08\/16. A dos a\u00f1os de la contaminaci\u00f3n en R\u00edo Sonora:\u2026","rel":"","context":"En &quot;Miner\u00eda&quot;","block_context":{"text":"Miner\u00eda","link":"https:\/\/www.grieta.org.mx\/index.php\/category\/megaproyectos\/mineria\/"},"img":{"alt_text":"","src":"https:\/\/i0.wp.com\/www.grieta.org.mx\/wp-content\/uploads\/2018\/03\/14524434_1106112876131411_958039263622046936_o.jpg?resize=350%2C200&ssl=1","width":350,"height":200,"srcset":"https:\/\/i0.wp.com\/www.grieta.org.mx\/wp-content\/uploads\/2018\/03\/14524434_1106112876131411_958039263622046936_o.jpg?resize=350%2C200&ssl=1 1x, https:\/\/i0.wp.com\/www.grieta.org.mx\/wp-content\/uploads\/2018\/03\/14524434_1106112876131411_958039263622046936_o.jpg?resize=525%2C300&ssl=1 1.5x, https:\/\/i0.wp.com\/www.grieta.org.mx\/wp-content\/uploads\/2018\/03\/14524434_1106112876131411_958039263622046936_o.jpg?resize=700%2C400&ssl=1 2x"},"classes":[]},{"id":36173,"url":"https:\/\/www.grieta.org.mx\/index.php\/2019\/07\/11\/grupo-mexico-de-german-larrea-derrama-ahora-3000-litros-de-acido-sulfurico-en-mar-de-cortes-sonora\/","url_meta":{"origin":61288,"position":2},"title":"Grupo M\u00e9xico, de Germ\u00e1n Larrea, derrama ahora 3,000 litros de \u00e1cido sulf\u00farico en Mar de Cort\u00e9s (Sonora)","author":"grieta","date":"11 julio, 2019","format":false,"excerpt":"Redacci\u00f3n\/ SIN EMBARGO La empresa asegur\u00f3 que dio aviso a la Administraci\u00f3n Portuaria Integral de Guaymas y a la Secretar\u00eda de Marina, dependencia que estuvo presente en el lugar y al constatar que la situaci\u00f3n estaba controlada determin\u00f3 que no era necesario activar un plan de emergencia. Ciudad de M\u00e9xico,\u2026","rel":"","context":"En &quot;CINTILLO&quot;","block_context":{"text":"CINTILLO","link":"https:\/\/www.grieta.org.mx\/index.php\/category\/cintillo\/"},"img":{"alt_text":"","src":"https:\/\/i0.wp.com\/www.grieta.org.mx\/wp-content\/uploads\/2019\/07\/grupo-mexico-mar-de-cortes.jpg?resize=350%2C200&ssl=1","width":350,"height":200,"srcset":"https:\/\/i0.wp.com\/www.grieta.org.mx\/wp-content\/uploads\/2019\/07\/grupo-mexico-mar-de-cortes.jpg?resize=350%2C200&ssl=1 1x, https:\/\/i0.wp.com\/www.grieta.org.mx\/wp-content\/uploads\/2019\/07\/grupo-mexico-mar-de-cortes.jpg?resize=525%2C300&ssl=1 1.5x, https:\/\/i0.wp.com\/www.grieta.org.mx\/wp-content\/uploads\/2019\/07\/grupo-mexico-mar-de-cortes.jpg?resize=700%2C400&ssl=1 2x, https:\/\/i0.wp.com\/www.grieta.org.mx\/wp-content\/uploads\/2019\/07\/grupo-mexico-mar-de-cortes.jpg?resize=1050%2C600&ssl=1 3x"},"classes":[]},{"id":36195,"url":"https:\/\/www.grieta.org.mx\/index.php\/2019\/07\/11\/derrame-de-acido-en-guaymas-provocara-muerte-de-fauna-y-flora-en-mar-de-cortes-investigador-sonora\/","url_meta":{"origin":61288,"position":3},"title":"Derrame de \u00e1cido en Guaymas provocar\u00e1 muerte de fauna y flora en Mar de Cort\u00e9s: Investigador (Sonora)","author":"grieta","date":"11 julio, 2019","format":false,"excerpt":"Ra\u00fal Flores Mart\u00ednezRa\u00fal Flores Mart\u00ednez El Mar de Cort\u00e9s vive una contingencia ambiental con el derrame de tres mil litros de \u00e1cido sulf\u00farico, ocasionado por la fuga de un tanque en la Terminal Mar\u00edtima de Guaymas, Sonora, lo que va a provocar afectaciones severas en la vida de la flora\u2026","rel":"","context":"En &quot;CINTILLO&quot;","block_context":{"text":"CINTILLO","link":"https:\/\/www.grieta.org.mx\/index.php\/category\/cintillo\/"},"img":{"alt_text":"","src":"https:\/\/i0.wp.com\/www.grieta.org.mx\/wp-content\/uploads\/2019\/07\/Mar-Cort%C3%A9s-1.jpg?resize=350%2C200&ssl=1","width":350,"height":200,"srcset":"https:\/\/i0.wp.com\/www.grieta.org.mx\/wp-content\/uploads\/2019\/07\/Mar-Cort%C3%A9s-1.jpg?resize=350%2C200&ssl=1 1x, https:\/\/i0.wp.com\/www.grieta.org.mx\/wp-content\/uploads\/2019\/07\/Mar-Cort%C3%A9s-1.jpg?resize=525%2C300&ssl=1 1.5x, https:\/\/i0.wp.com\/www.grieta.org.mx\/wp-content\/uploads\/2019\/07\/Mar-Cort%C3%A9s-1.jpg?resize=700%2C400&ssl=1 2x"},"classes":[]},{"id":36305,"url":"https:\/\/www.grieta.org.mx\/index.php\/2019\/07\/13\/grupo-mexico-impunidad-ante-graves-delitos-ambientales-sonora\/","url_meta":{"origin":61288,"position":4},"title":"Grupo M\u00e9xico: Impunidad ante graves delitos ambientales (Sonora)","author":"grieta","date":"13 julio, 2019","format":false,"excerpt":"HERMOSILLO, Son. (proceso.com.mx).- La imprudencia ambiental con la que opera Grupo M\u00e9xico est\u00e1 documentada en 127 infracciones federales que van desde derrumbes en sus minas hasta macroderrames de t\u00f3xicos. La organizaci\u00f3n de Grupo Poder ofrece un compilado de una catorcena de desastres ambientales registrados desde principios de este siglo. El\u2026","rel":"","context":"En &quot;CINTILLO&quot;","block_context":{"text":"CINTILLO","link":"https:\/\/www.grieta.org.mx\/index.php\/category\/cintillo\/"},"img":{"alt_text":"","src":"https:\/\/i0.wp.com\/www.grieta.org.mx\/wp-content\/uploads\/2019\/07\/Grupo-M%C3%A9xico-derrame.jpg?resize=350%2C200&ssl=1","width":350,"height":200,"srcset":"https:\/\/i0.wp.com\/www.grieta.org.mx\/wp-content\/uploads\/2019\/07\/Grupo-M%C3%A9xico-derrame.jpg?resize=350%2C200&ssl=1 1x, https:\/\/i0.wp.com\/www.grieta.org.mx\/wp-content\/uploads\/2019\/07\/Grupo-M%C3%A9xico-derrame.jpg?resize=525%2C300&ssl=1 1.5x, https:\/\/i0.wp.com\/www.grieta.org.mx\/wp-content\/uploads\/2019\/07\/Grupo-M%C3%A9xico-derrame.jpg?resize=700%2C400&ssl=1 2x"},"classes":[]},{"id":60160,"url":"https:\/\/www.grieta.org.mx\/index.php\/2021\/06\/26\/buenavista-del-cobre-la-mina-que-se-come-a-cananea-sonora\/","url_meta":{"origin":61288,"position":5},"title":"Buenavista del Cobre, la mina que se come a Cananea (Sonora)","author":"grieta","date":"26 junio, 2021","format":false,"excerpt":"cananVista general del Ejido Cananea, Sonora tomada el 19 de noviembre de 2019, mientras de fondo se observa la mina Buena Vista del Cobre que rodea a la poblaci\u00f3n sonorense. Los yacimientos de cobre en Cananea, Sonora, comenzaron a explotarse en 1760. Despu\u00e9s de tener varios due\u00f1os y m\u00e9todos extractivos,\u2026","rel":"","context":"En &quot;CINTILLO&quot;","block_context":{"text":"CINTILLO","link":"https:\/\/www.grieta.org.mx\/index.php\/category\/cintillo\/"},"img":{"alt_text":"","src":"https:\/\/i0.wp.com\/www.grieta.org.mx\/wp-content\/uploads\/2021\/06\/BUENAVISTA-DEL-COBRE-_-CANANEA-003-768x512-1.jpg?resize=350%2C200&ssl=1","width":350,"height":200,"srcset":"https:\/\/i0.wp.com\/www.grieta.org.mx\/wp-content\/uploads\/2021\/06\/BUENAVISTA-DEL-COBRE-_-CANANEA-003-768x512-1.jpg?resize=350%2C200&ssl=1 1x, https:\/\/i0.wp.com\/www.grieta.org.mx\/wp-content\/uploads\/2021\/06\/BUENAVISTA-DEL-COBRE-_-CANANEA-003-768x512-1.jpg?resize=525%2C300&ssl=1 1.5x, https:\/\/i0.wp.com\/www.grieta.org.mx\/wp-content\/uploads\/2021\/06\/BUENAVISTA-DEL-COBRE-_-CANANEA-003-768x512-1.jpg?resize=700%2C400&ssl=1 2x"},"classes":[]}],"_links":{"self":[{"href":"https:\/\/www.grieta.org.mx\/index.php\/wp-json\/wp\/v2\/posts\/61288","targetHints":{"allow":["GET"]}}],"collection":[{"href":"https:\/\/www.grieta.org.mx\/index.php\/wp-json\/wp\/v2\/posts"}],"about":[{"href":"https:\/\/www.grieta.org.mx\/index.php\/wp-json\/wp\/v2\/types\/post"}],"author":[{"embeddable":true,"href":"https:\/\/www.grieta.org.mx\/index.php\/wp-json\/wp\/v2\/users\/2"}],"replies":[{"embeddable":true,"href":"https:\/\/www.grieta.org.mx\/index.php\/wp-json\/wp\/v2\/comments?post=61288"}],"version-history":[{"count":1,"href":"https:\/\/www.grieta.org.mx\/index.php\/wp-json\/wp\/v2\/posts\/61288\/revisions"}],"predecessor-version":[{"id":61294,"href":"https:\/\/www.grieta.org.mx\/index.php\/wp-json\/wp\/v2\/posts\/61288\/revisions\/61294"}],"wp:featuredmedia":[{"embeddable":true,"href":"https:\/\/www.grieta.org.mx\/index.php\/wp-json\/wp\/v2\/media\/61293"}],"wp:attachment":[{"href":"https:\/\/www.grieta.org.mx\/index.php\/wp-json\/wp\/v2\/media?parent=61288"}],"wp:term":[{"taxonomy":"category","embeddable":true,"href":"https:\/\/www.grieta.org.mx\/index.php\/wp-json\/wp\/v2\/categories?post=61288"},{"taxonomy":"post_tag","embeddable":true,"href":"https:\/\/www.grieta.org.mx\/index.php\/wp-json\/wp\/v2\/tags?post=61288"}],"curies":[{"name":"wp","href":"https:\/\/api.w.org\/{rel}","templated":true}]}}