{"id":61266,"date":"2021-08-15T18:43:01","date_gmt":"2021-08-15T23:43:01","guid":{"rendered":"http:\/\/www.grieta.org.mx\/?p=61266"},"modified":"2021-08-20T01:56:52","modified_gmt":"2021-08-20T06:56:52","slug":"resistir-ante-el-estado-los-caciques-viejos-y-nuevos-en-la-mazateca-oaxaca","status":"publish","type":"post","link":"https:\/\/www.grieta.org.mx\/index.php\/2021\/08\/15\/resistir-ante-el-estado-los-caciques-viejos-y-nuevos-en-la-mazateca-oaxaca\/","title":{"rendered":"Resistir ante el Estado, los caciques viejos y nuevos en la mazateca (Oaxaca)"},"content":{"rendered":"<p>Avispa Midia \/ \u00c1ngel Huerta.<\/p>\n<p>*Desde el a\u00f1o 2010, en Eloxochitl\u00e1n de Flores Mag\u00f3n se vive un ambiente represivo. Caciques y pol\u00edticos locales, bajo la mirada de las instituciones y desde ellas, han desatado una persecuci\u00f3n pol\u00edtica y jur\u00eddica contra l@s representantes de la Asamblea Comunitaria. A continuaci\u00f3n, presentamos la segunda parte de esta historia, en la cual hacemos un repaso en el conflicto y la violencia desatada por el grupo encabezado por Manuel Zepeda y su hija Elisa Zepeda.<\/p>\n<p><img loading=\"lazy\" decoding=\"async\" data-attachment-id=\"61267\" data-permalink=\"https:\/\/www.grieta.org.mx\/index.php\/2021\/08\/15\/resistir-ante-el-estado-los-caciques-viejos-y-nuevos-en-la-mazateca-oaxaca\/1-182\/\" data-orig-file=\"https:\/\/www.grieta.org.mx\/wp-content\/uploads\/2021\/08\/1-3.jpg\" data-orig-size=\"1022,666\" data-comments-opened=\"0\" data-image-meta=\"{&quot;aperture&quot;:&quot;0&quot;,&quot;credit&quot;:&quot;&quot;,&quot;camera&quot;:&quot;&quot;,&quot;caption&quot;:&quot;&quot;,&quot;created_timestamp&quot;:&quot;0&quot;,&quot;copyright&quot;:&quot;&quot;,&quot;focal_length&quot;:&quot;0&quot;,&quot;iso&quot;:&quot;0&quot;,&quot;shutter_speed&quot;:&quot;0&quot;,&quot;title&quot;:&quot;&quot;,&quot;orientation&quot;:&quot;0&quot;}\" data-image-title=\"1\" data-image-description=\"\" data-image-caption=\"\" data-medium-file=\"https:\/\/www.grieta.org.mx\/wp-content\/uploads\/2021\/08\/1-3-300x195.jpg\" data-large-file=\"https:\/\/www.grieta.org.mx\/wp-content\/uploads\/2021\/08\/1-3.jpg\" class=\"alignnone wp-image-61267\" src=\"http:\/\/www.grieta.org.mx\/wp-content\/uploads\/2021\/08\/1-3.jpg\" alt=\"\" width=\"800\" height=\"521\" srcset=\"https:\/\/www.grieta.org.mx\/wp-content\/uploads\/2021\/08\/1-3.jpg 1022w, https:\/\/www.grieta.org.mx\/wp-content\/uploads\/2021\/08\/1-3-300x195.jpg 300w, https:\/\/www.grieta.org.mx\/wp-content\/uploads\/2021\/08\/1-3-768x500.jpg 768w\" sizes=\"auto, (max-width: 800px) 100vw, 800px\" \/><br \/>\nMujeres Mazatecas se reunen en asamblea para conocer la situaci\u00f3n del plant\u00f3n en Ciudad de M\u00e9xico y la lucha jur\u00eddica por los siete presos pol\u00edticos. Foto de la Asamblea Comunitaria de Eloxochitl\u00e1n.<\/p>\n<p>De acuerdo con Argelia Betanzos, el 24 de noviembre de 2014, Manuel Zepeda y Elisa Zepeda tomaron con violencia el palacio municipal de Eloxochitl\u00e1n. Tambi\u00e9n refiere que fue Elisa quien meti\u00f3 sus manos al pantal\u00f3n de Bola\u00f1os para quitarle el sello municipal. Su padre, enca\u00f1onando a Bola\u00f1os, lo oblig\u00f3 a firmar un documento que ya ten\u00eda redactado, llamado \u201cLicencia por 180 d\u00edas\u201d, con el cual, en forma ilegal, dejaron en el mismo acto delictivo al C. Juan Salazar Hern\u00e1ndez (Efra\u00edn Salazar) como supuesto Presidente Municipal. Posteriormente, Bola\u00f1os testific\u00f3 que al estar enca\u00f1onando firm\u00f3 con una r\u00fabrica alternativa, no la que usa para asuntos oficiales.<\/p>\n<p><img loading=\"lazy\" decoding=\"async\" data-attachment-id=\"61268\" data-permalink=\"https:\/\/www.grieta.org.mx\/index.php\/2021\/08\/15\/resistir-ante-el-estado-los-caciques-viejos-y-nuevos-en-la-mazateca-oaxaca\/a-95\/\" data-orig-file=\"https:\/\/www.grieta.org.mx\/wp-content\/uploads\/2021\/08\/a-4.jpg\" data-orig-size=\"973,1280\" data-comments-opened=\"0\" data-image-meta=\"{&quot;aperture&quot;:&quot;0&quot;,&quot;credit&quot;:&quot;&quot;,&quot;camera&quot;:&quot;&quot;,&quot;caption&quot;:&quot;&quot;,&quot;created_timestamp&quot;:&quot;0&quot;,&quot;copyright&quot;:&quot;&quot;,&quot;focal_length&quot;:&quot;0&quot;,&quot;iso&quot;:&quot;0&quot;,&quot;shutter_speed&quot;:&quot;0&quot;,&quot;title&quot;:&quot;&quot;,&quot;orientation&quot;:&quot;0&quot;}\" data-image-title=\"a\" data-image-description=\"\" data-image-caption=\"\" data-medium-file=\"https:\/\/www.grieta.org.mx\/wp-content\/uploads\/2021\/08\/a-4-228x300.jpg\" data-large-file=\"https:\/\/www.grieta.org.mx\/wp-content\/uploads\/2021\/08\/a-4-778x1024.jpg\" class=\"alignnone wp-image-61268\" src=\"http:\/\/www.grieta.org.mx\/wp-content\/uploads\/2021\/08\/a-4.jpg\" alt=\"\" width=\"800\" height=\"1052\" srcset=\"https:\/\/www.grieta.org.mx\/wp-content\/uploads\/2021\/08\/a-4.jpg 973w, https:\/\/www.grieta.org.mx\/wp-content\/uploads\/2021\/08\/a-4-228x300.jpg 228w, https:\/\/www.grieta.org.mx\/wp-content\/uploads\/2021\/08\/a-4-778x1024.jpg 778w, https:\/\/www.grieta.org.mx\/wp-content\/uploads\/2021\/08\/a-4-768x1010.jpg 768w\" sizes=\"auto, (max-width: 800px) 100vw, 800px\" \/><br \/>\nDocumento conseguido bajo tortura. En \u00e9l, Bolan\u0303os firma con otra r\u00fabrica.<\/p>\n<p><img loading=\"lazy\" decoding=\"async\" data-attachment-id=\"61269\" data-permalink=\"https:\/\/www.grieta.org.mx\/index.php\/2021\/08\/15\/resistir-ante-el-estado-los-caciques-viejos-y-nuevos-en-la-mazateca-oaxaca\/b-34\/\" data-orig-file=\"https:\/\/www.grieta.org.mx\/wp-content\/uploads\/2021\/08\/b-3.jpg\" data-orig-size=\"959,1280\" data-comments-opened=\"0\" data-image-meta=\"{&quot;aperture&quot;:&quot;0&quot;,&quot;credit&quot;:&quot;&quot;,&quot;camera&quot;:&quot;&quot;,&quot;caption&quot;:&quot;&quot;,&quot;created_timestamp&quot;:&quot;0&quot;,&quot;copyright&quot;:&quot;&quot;,&quot;focal_length&quot;:&quot;0&quot;,&quot;iso&quot;:&quot;0&quot;,&quot;shutter_speed&quot;:&quot;0&quot;,&quot;title&quot;:&quot;&quot;,&quot;orientation&quot;:&quot;0&quot;}\" data-image-title=\"b\" data-image-description=\"\" data-image-caption=\"\" data-medium-file=\"https:\/\/www.grieta.org.mx\/wp-content\/uploads\/2021\/08\/b-3-225x300.jpg\" data-large-file=\"https:\/\/www.grieta.org.mx\/wp-content\/uploads\/2021\/08\/b-3-767x1024.jpg\" class=\"alignnone wp-image-61269\" src=\"http:\/\/www.grieta.org.mx\/wp-content\/uploads\/2021\/08\/b-3.jpg\" alt=\"\" width=\"800\" height=\"1068\" srcset=\"https:\/\/www.grieta.org.mx\/wp-content\/uploads\/2021\/08\/b-3.jpg 959w, https:\/\/www.grieta.org.mx\/wp-content\/uploads\/2021\/08\/b-3-225x300.jpg 225w, https:\/\/www.grieta.org.mx\/wp-content\/uploads\/2021\/08\/b-3-767x1024.jpg 767w, https:\/\/www.grieta.org.mx\/wp-content\/uploads\/2021\/08\/b-3-768x1025.jpg 768w\" sizes=\"auto, (max-width: 800px) 100vw, 800px\" \/><br \/>\nDocumento con la firma oficial de Alfredo Bolan\u0303os.<\/p>\n<p>\u201cManuel Zepeda Cortes, Elisa Zepeda Lagunes, sus primos, hermanos y un grupo de 50 personas, irrumpieron en las oficinas de la presidencia municipal. Zepeda Cort\u00e9s, con varias patadas, abri\u00f3 la puerta de la oficina e inmediatamente me golpe\u00f3 en repetidas ocasiones en la cara, patadas en diferentes partes del cuerpo, hasta tirarme en el piso, aun as\u00ed, me segu\u00edan golpeando. Cuando por fin pude levantarme, Elisa Zepeda Lagunes con su mano izquierda me jalo de los cabellos y con su mano derecha me dio varios golpes en la cara, dici\u00e9ndome que yo no era presidente a partir de esos momentos, porque ellos ya ten\u00edan el control\u201d, todo esto, de acuerdo a Bola\u00f1os, se denunci\u00f3 en la agencia del ministerio publico de Huautla.<\/p>\n<p>Manuel Zepeda mantuvo el control del cabildo, sin embargo, el d\u00eda domingo 14 de diciembre, aproximadamente a las 11:30 de la ma\u00f1ana, Alfredo Bola\u00f1os en su calidad de presidente municipal electo, convoc\u00f3 a un acto que es obligatorio y tradicional, la renovaci\u00f3n del alcalde, figura encargada de regular las tierras y quien tambi\u00e9n funciona como v\u00ednculo del juzgado.<\/p>\n<p>A la cancha municipal principal de Eloxochitl\u00e1n arribaron 1,500 personas para aquella asamblea. Argelia recuerda que, al estar congregados, Manuel Zepeda \u201cten\u00eda a su gente de por s\u00ed cuidando el palacio municipal, gente armada, entonces, desata la balacera contra la asamblea, los compa\u00f1eros caen heridos de bala, se suscita un desorden total\u201d.<\/p>\n<p>\u201cEntonces cuando ocurren esas cosas, la mayor\u00eda se concentr\u00f3 en dar atenci\u00f3n m\u00e9dica a los heridos. Huautla est\u00e1 muy lejos, hab\u00eda que contratar un taxi. Las mujeres alborotadas se regresaron al lugar alterno que se llama tierra f\u00e9rtil, otros se fueron a sus casas, cada quien actu\u00f3 como pudo y por supuesto, otros hombres evitaron que los hombres armados vinieran a hacer una segunda incursi\u00f3n\u201d. recuerda Argelia.<br \/>\nViolencia y persecuci\u00f3n<\/p>\n<p>En el ataque resultaron heridos: Ausencio Romero Andrade con una bala incrustada en el cuello; el ni\u00f1o Iv\u00e1n Herrera, de 11 a\u00f1os, por un roz\u00f3n de bala en la cabeza; Rogelio L\u00f3pez Z\u00fa\u00f1iga, herido de bala en la mano; Elpidio Casta\u00f1eda Chazares, con bala incrustada en el cuello y Germ\u00e1n Carrera Romero, herido en la cabeza. El caso est\u00e1 documentado en la averiguaci\u00f3n previa 789\/(HJ)\/2014 y su acumulada 04-(F.M)\/2015 por tentativa de homicidio.<\/p>\n<p>De acuerdo a los testimonios de los presos de Eloxochitl\u00e1n, despu\u00e9s de ser capturado por la asamblea para impedir que continuara disparando contra l@s presentes, Manuel Zepeda Lagunes, hijo de Zepeda Cort\u00e9s, fue capturado y entregado vivo a la autoridad ministerial en calidad de detenido por portaci\u00f3n de arma de fuego.<\/p>\n<p>La polic\u00eda estatal declar\u00f3 que retuvo a los integrantes de la asamblea con el cuerpo de Zepeda Lagunes, sin embargo, de acuerdo a datos del expediente 02\/2015, la necropsia y el acta de defunci\u00f3n establecen que Manuel Zepeda Lagunes falleci\u00f3 a las 11 horas de la noche en Huautla de Jim\u00e9nez, es decir, tres horas despu\u00e9s de ser entregado a la polic\u00eda.<\/p>\n<p>\u201cLa entonces Procuradur\u00eda trat\u00f3 de ocultar los hechos, pero en su intento, cometi\u00f3 una serie de violaciones a los derechos humanos y una serie de violaciones procesales que revelan su intento por ocultar que el joven falleci\u00f3 en sus manos y no en manos de la Asamblea Comunitaria\u201d, afirman varios comunicados de dicha organizaci\u00f3n.<\/p>\n<p>Durante este ataque tambi\u00e9n falleci\u00f3 Gustavo Estrada Andrade, quien trabajaba como polic\u00eda. Aunque de acuerdo a la asamblea, los polic\u00edas contratados por Efra\u00edn Salazar (presidente impuesto por Zepeda), incluyendo a Gustavo, no eran reconocidos como tales. Argelia recalca que \u201cno pod\u00edan ser polic\u00edas municipales en virtud de que no estaba reconocido el supuesto presidente Juan Salazar (Efra\u00edn Salazar), no ejerc\u00eda recurso alguno\u201d.<\/p>\n<p>En su momento, Elisa Zepeda hizo la afirmaci\u00f3n que fue testigo del asesinato de Gustavo. Estos dichos los sostuvo desde sus redes sociales y en diversos medios, sin embargo, en su declaraci\u00f3n oficial no dice nada al respecto. Por otro lado, la polic\u00eda estatal refiere que a las dos de la tarde entr\u00f3 a restablecer el orden, pero levantaron el cuerpo de Gustavo en la casa de Zepeda Cort\u00e9s hasta el 15 de diciembre\u201d, advierte Betanzos sobre las contradicciones.<\/p>\n<p>Seg\u00fan Betanzos, el fallecimiento de estas dos personas est\u00e1 rodeado de condiciones inciertas, en el tiempo, en las causas de muerte, en la fecha y en el lugar de muerte. Adem\u00e1s de otros elementos como lo son: la desaparici\u00f3n intempestiva de la perita Erika Ortiz Pati\u00f1on, quien realiz\u00f3 las necropsias y el primer examen m\u00e9dico de Elisa Zepeda y quien de acuerdo a las autoridades no est\u00e1 localizable. Otro elemento discordante es la afirmaci\u00f3n de Manuel Zepeda Cort\u00e9s de que se enter\u00f3 del fallecimiento de su hijo hasta el d\u00eda lunes 15 de diciembre, a las siete de la ma\u00f1ana, mediante una llamada del procurador.<\/p>\n<p><img loading=\"lazy\" decoding=\"async\" data-attachment-id=\"61270\" data-permalink=\"https:\/\/www.grieta.org.mx\/index.php\/2021\/08\/15\/resistir-ante-el-estado-los-caciques-viejos-y-nuevos-en-la-mazateca-oaxaca\/c-25\/\" data-orig-file=\"https:\/\/www.grieta.org.mx\/wp-content\/uploads\/2021\/08\/c-2.jpg\" data-orig-size=\"881,1280\" data-comments-opened=\"0\" data-image-meta=\"{&quot;aperture&quot;:&quot;0&quot;,&quot;credit&quot;:&quot;&quot;,&quot;camera&quot;:&quot;&quot;,&quot;caption&quot;:&quot;&quot;,&quot;created_timestamp&quot;:&quot;0&quot;,&quot;copyright&quot;:&quot;&quot;,&quot;focal_length&quot;:&quot;0&quot;,&quot;iso&quot;:&quot;0&quot;,&quot;shutter_speed&quot;:&quot;0&quot;,&quot;title&quot;:&quot;&quot;,&quot;orientation&quot;:&quot;0&quot;}\" data-image-title=\"c\" data-image-description=\"\" data-image-caption=\"\" data-medium-file=\"https:\/\/www.grieta.org.mx\/wp-content\/uploads\/2021\/08\/c-2-206x300.jpg\" data-large-file=\"https:\/\/www.grieta.org.mx\/wp-content\/uploads\/2021\/08\/c-2-705x1024.jpg\" class=\"alignnone wp-image-61270\" src=\"http:\/\/www.grieta.org.mx\/wp-content\/uploads\/2021\/08\/c-2.jpg\" alt=\"\" width=\"800\" height=\"1162\" srcset=\"https:\/\/www.grieta.org.mx\/wp-content\/uploads\/2021\/08\/c-2.jpg 881w, https:\/\/www.grieta.org.mx\/wp-content\/uploads\/2021\/08\/c-2-206x300.jpg 206w, https:\/\/www.grieta.org.mx\/wp-content\/uploads\/2021\/08\/c-2-705x1024.jpg 705w, https:\/\/www.grieta.org.mx\/wp-content\/uploads\/2021\/08\/c-2-768x1116.jpg 768w\" sizes=\"auto, (max-width: 800px) 100vw, 800px\" \/><br \/>\nPrimer expediente me\u0301dico de Elisa Zepeda, en el cual no registran, ni la profundidad ni otras lesiones ma\u0301s que en la cabeza.<\/p>\n<p><img loading=\"lazy\" decoding=\"async\" data-attachment-id=\"61271\" data-permalink=\"https:\/\/www.grieta.org.mx\/index.php\/2021\/08\/15\/resistir-ante-el-estado-los-caciques-viejos-y-nuevos-en-la-mazateca-oaxaca\/d-20\/\" data-orig-file=\"https:\/\/www.grieta.org.mx\/wp-content\/uploads\/2021\/08\/d-2.jpg\" data-orig-size=\"854,1280\" data-comments-opened=\"0\" data-image-meta=\"{&quot;aperture&quot;:&quot;0&quot;,&quot;credit&quot;:&quot;&quot;,&quot;camera&quot;:&quot;&quot;,&quot;caption&quot;:&quot;&quot;,&quot;created_timestamp&quot;:&quot;0&quot;,&quot;copyright&quot;:&quot;&quot;,&quot;focal_length&quot;:&quot;0&quot;,&quot;iso&quot;:&quot;0&quot;,&quot;shutter_speed&quot;:&quot;0&quot;,&quot;title&quot;:&quot;&quot;,&quot;orientation&quot;:&quot;0&quot;}\" data-image-title=\"d\" data-image-description=\"\" data-image-caption=\"\" data-medium-file=\"https:\/\/www.grieta.org.mx\/wp-content\/uploads\/2021\/08\/d-2-200x300.jpg\" data-large-file=\"https:\/\/www.grieta.org.mx\/wp-content\/uploads\/2021\/08\/d-2-683x1024.jpg\" class=\"alignnone wp-image-61271\" src=\"http:\/\/www.grieta.org.mx\/wp-content\/uploads\/2021\/08\/d-2.jpg\" alt=\"\" width=\"800\" height=\"1199\" srcset=\"https:\/\/www.grieta.org.mx\/wp-content\/uploads\/2021\/08\/d-2.jpg 854w, https:\/\/www.grieta.org.mx\/wp-content\/uploads\/2021\/08\/d-2-200x300.jpg 200w, https:\/\/www.grieta.org.mx\/wp-content\/uploads\/2021\/08\/d-2-683x1024.jpg 683w, https:\/\/www.grieta.org.mx\/wp-content\/uploads\/2021\/08\/d-2-768x1151.jpg 768w\" sizes=\"auto, (max-width: 800px) 100vw, 800px\" \/><br \/>\narte del expediente del caso donde un segundo me\u0301dico agrega ma\u0301s lesiones en el cuerpo de Elisa Zepeda.<\/p>\n<p>En el expediente del caso proporcionado a Avispa Midia por la Asamblea Comunitaria, se logra apreciar que fueron realizados dos ex\u00e1menes m\u00e9dicos a Elisa Zepeda. En el primero, la perito se\u00f1ala que Zepeda tuvo un n\u00famero de heridas con caracter\u00edsticas generales, sin embargo, no se\u00f1ala de qu\u00e9 profundidad, s\u00f3lo la longitud y no da m\u00e1s detalle de ello. Tampoco registr\u00f3 la herida de la mano que, en otro documento, fechado dos d\u00edas despu\u00e9s, fue registrado por otro m\u00e9dico en la ciudad de Oaxaca.<\/p>\n<p>En diversos medios y en su declaraci\u00f3n, Elisa Zepeda asegura que fue atacada por una turba de 30 personas. Sin embargo, a la fecha, por las contradicciones y nula voluntad de aclarar los hechos, no se sabe a ciencia cierta qui\u00e9nes la atacaron, ni su grado de responsabilidad. La ahora diputada local inform\u00f3 a los medios de comunicaci\u00f3n que se hab\u00eda tratado de violencia pol\u00edtica en su contra y diversas organizaciones de derechos humanos la respaldaron. Con ello acusaron formalmente a 34 miembros de la Asamblea Comunitaria del homicidio de su hermano, Manuel Zepeda Lagunas.<\/p>\n<p>D\u00edas despu\u00e9s, los Zepeda sitiaron el pueblo. Como una estrategia para desarticular la organizaci\u00f3n comunitaria, se inici\u00f3 una persecuci\u00f3n de integrantes de la asamblea, girando m\u00e1s de 30 \u00f3rdenes de aprehensi\u00f3n contra hombres y mujeres con el fin de desmovilizarlos y criminalizarlos, por lo cual familias completas tuvieron que desplazarse en condiciones precarias ante el temor de nuevas agresiones. El d\u00eda 18 de diciembre, el grupo de Manuel Zepeda nuevamente tom\u00f3 el palacio municipal y realiz\u00f3 patrullajes con supuestos polic\u00edas.<\/p>\n<p>De acuerdo a Argelia, Elisa y Manuel ofrecieron un listado de personas, todas con representaci\u00f3n comunitaria, activistas, l\u00edderes, antrop\u00f3logos, enfermeras, maestros rurales, \u201cel listado fue perseguido y el listado se le acus\u00f3 supuestamente de haber quitado la vida al joven (Manuel Zepeda Lagunas) y (acusaron) a otro joven haberle intentado quitar la vida a Elisa\u201d.<br \/>\nLa construcci\u00f3n de un perfil pol\u00edtico<\/p>\n<p>De acuerdo a una nota de la ONU Mujeres publicada el 13 de noviembre de 2018, Elisa Zepeda coment\u00f3 lo siguiente: \u201cEn 2014, entr\u00f3 una administraci\u00f3n municipal que dec\u00eda que las mujeres no deb\u00edamos participar en la vida p\u00fablica. Pero nosotras, como mujeres, persistimos, elevando las preocupaciones de nuestra comunidad a la municipalidad. Asistimos a una asamblea en diciembre de 2014; la mayor\u00eda \u00e9ramos mujeres. All\u00ed lleg\u00f3 la emboscada y fuimos atacadas por hombres de la administraci\u00f3n municipal\u201d.<\/p>\n<p>Sin embargo, en un comunicado publicado en Voices in movement, la Asamblea Comunitaria le record\u00f3 a Elisa Zepeda que desde el 2009 estuvo trabajando en las distintas administraciones del cabildo municipal. En el documento, se\u00f1alan que su trayectoria en Eloxochitl\u00e1n de Flores Mag\u00f3n se encuentra documentada sobre todo \u201csu repentina e inesperada aparici\u00f3n como Defensora Comunitaria o Defensora de Derechos Humanos a finales del 2014\u201d.<\/p>\n<p>La asamblea afirma que Elisa Zepeda s\u00ed tuvo participaci\u00f3n en los gobiernos anteriores, tal es el caso que \u201cen el a\u00f1o 2007, el Presidente Municipal Jaime Betanzos la invit\u00f3 a participar en el Programa de SAGARPA llamado PROFEMOR-SINACATRI\u201d. En el trienio del 2008 al 2010, fue contratada por el profesor Eusebio Morales, quien en aquel momento ocupaba la Presidencia Municipal. Tambi\u00e9n, en el trienio del 2011 al 2013, su padre, Manuel Zepeda, la nombr\u00f3 presidenta del DIF Municipal, cargo que constituy\u00f3 en s\u00ed, su primer contacto directo con algunas mujeres de la comunidad.<\/p>\n<p><img loading=\"lazy\" decoding=\"async\" data-attachment-id=\"61272\" data-permalink=\"https:\/\/www.grieta.org.mx\/index.php\/2021\/08\/15\/resistir-ante-el-estado-los-caciques-viejos-y-nuevos-en-la-mazateca-oaxaca\/e-14\/\" data-orig-file=\"https:\/\/www.grieta.org.mx\/wp-content\/uploads\/2021\/08\/e-2.jpg\" data-orig-size=\"1022,682\" data-comments-opened=\"0\" data-image-meta=\"{&quot;aperture&quot;:&quot;0&quot;,&quot;credit&quot;:&quot;&quot;,&quot;camera&quot;:&quot;&quot;,&quot;caption&quot;:&quot;&quot;,&quot;created_timestamp&quot;:&quot;0&quot;,&quot;copyright&quot;:&quot;&quot;,&quot;focal_length&quot;:&quot;0&quot;,&quot;iso&quot;:&quot;0&quot;,&quot;shutter_speed&quot;:&quot;0&quot;,&quot;title&quot;:&quot;&quot;,&quot;orientation&quot;:&quot;0&quot;}\" data-image-title=\"e\" data-image-description=\"\" data-image-caption=\"\" data-medium-file=\"https:\/\/www.grieta.org.mx\/wp-content\/uploads\/2021\/08\/e-2-300x200.jpg\" data-large-file=\"https:\/\/www.grieta.org.mx\/wp-content\/uploads\/2021\/08\/e-2.jpg\" class=\"alignnone wp-image-61272\" src=\"http:\/\/www.grieta.org.mx\/wp-content\/uploads\/2021\/08\/e-2.jpg\" alt=\"\" width=\"800\" height=\"534\" srcset=\"https:\/\/www.grieta.org.mx\/wp-content\/uploads\/2021\/08\/e-2.jpg 1022w, https:\/\/www.grieta.org.mx\/wp-content\/uploads\/2021\/08\/e-2-300x200.jpg 300w, https:\/\/www.grieta.org.mx\/wp-content\/uploads\/2021\/08\/e-2-768x513.jpg 768w\" sizes=\"auto, (max-width: 800px) 100vw, 800px\" \/><br \/>\nAspectos del plant\u00f3n por los presos de Eloxochiltl\u00e1n de Flores Mag\u00f3n en Ciudad de M\u00e9xico. Foto de \u00c1ngel Huerta.<\/p>\n<p><img loading=\"lazy\" decoding=\"async\" data-attachment-id=\"61273\" data-permalink=\"https:\/\/www.grieta.org.mx\/index.php\/2021\/08\/15\/resistir-ante-el-estado-los-caciques-viejos-y-nuevos-en-la-mazateca-oaxaca\/f-10\/\" data-orig-file=\"https:\/\/www.grieta.org.mx\/wp-content\/uploads\/2021\/08\/f.jpg\" data-orig-size=\"1280,854\" data-comments-opened=\"0\" data-image-meta=\"{&quot;aperture&quot;:&quot;0&quot;,&quot;credit&quot;:&quot;&quot;,&quot;camera&quot;:&quot;&quot;,&quot;caption&quot;:&quot;&quot;,&quot;created_timestamp&quot;:&quot;0&quot;,&quot;copyright&quot;:&quot;&quot;,&quot;focal_length&quot;:&quot;0&quot;,&quot;iso&quot;:&quot;0&quot;,&quot;shutter_speed&quot;:&quot;0&quot;,&quot;title&quot;:&quot;&quot;,&quot;orientation&quot;:&quot;0&quot;}\" data-image-title=\"f\" data-image-description=\"\" data-image-caption=\"\" data-medium-file=\"https:\/\/www.grieta.org.mx\/wp-content\/uploads\/2021\/08\/f-300x200.jpg\" data-large-file=\"https:\/\/www.grieta.org.mx\/wp-content\/uploads\/2021\/08\/f-1024x683.jpg\" class=\"alignnone wp-image-61273\" src=\"http:\/\/www.grieta.org.mx\/wp-content\/uploads\/2021\/08\/f.jpg\" alt=\"\" width=\"800\" height=\"534\" srcset=\"https:\/\/www.grieta.org.mx\/wp-content\/uploads\/2021\/08\/f.jpg 1280w, https:\/\/www.grieta.org.mx\/wp-content\/uploads\/2021\/08\/f-300x200.jpg 300w, https:\/\/www.grieta.org.mx\/wp-content\/uploads\/2021\/08\/f-1024x683.jpg 1024w, https:\/\/www.grieta.org.mx\/wp-content\/uploads\/2021\/08\/f-768x512.jpg 768w\" sizes=\"auto, (max-width: 800px) 100vw, 800px\" \/><br \/>\nMujeres mazatecas durante el planto\u0301n que mantienen afuera del CJF. Foto de \u00c1ngel Huerta.<\/p>\n<p>La hija del preso pol\u00edtico Jaime Betanzos se\u00f1ala que la fabricaci\u00f3n de delitos ten\u00eda ese objetivo, de posicionar a Elisa Zepeda en cargos p\u00fablicos, por lo tanto, la l\u00f3gica es que, si se cae la fabricaci\u00f3n de delitos o se descubre del todo, pues tambi\u00e9n se debe caer el perfil pol\u00edtico que fue construido con base en esta fabricaci\u00f3n. \u201cAll\u00ed es donde radica la dificultad, porque adem\u00e1s el perfil pol\u00edtico que se construy\u00f3 es de una mujer, entonces de pronto es dif\u00edcil tumbar, ni demeritar, ni dudar siquiera de ese tipo de historias\u201d.<\/p>\n<p>\u201cNos enfrentamos a todo ese esquema y nosotras sabedoras de lo dif\u00edcil que es nuestro caso, de pronto tenemos que hacer muchos ejercicios entre nosotras de auto convencernos de resistir, porque si desesperamos antes de tener la victoria pues podemos realmente arriesgarlo todo y dejar a nuestros compa\u00f1eros en prisi\u00f3n\u201d, apunta Argelia.<\/p>\n<p>Pese a ello, la asamblea siempre ha buscado la intervenci\u00f3n estatal, tal como constat\u00f3 en su momento el Centro de Derechos Humanos Miguel Agust\u00edn Pro Ju\u00e1rez quien, de acuerdo a un reportaje de la periodista Lydiette Carri\u00f3n, advierte que \u201cEl cabildo (de Eloxochitl\u00e1n), junto con la Asamblea Comunitaria pidieron en forma oficial la intervenci\u00f3n de la procuradur\u00eda General de Justicia del Estado de Oaxaca, y de la Secretar\u00eda de Gobernaci\u00f3n de Oaxaca [\u2026] Ninguna de las instancias de gobierno de la entidad respondi\u00f3 a los llamados\u201d.<br \/>\nInc\u00f3gnitas en las muertes de Manuel y Gustavo<\/p>\n<p>\u201cNosotros pedimos la exhumaci\u00f3n de los cuerpos, porque realmente queremos conocer la verdad de lo que pas\u00f3 con esos cuerpos al fallecer, \u00bfEn qu\u00e9 lugar? \u00bfDe que motivos muri\u00f3? \u00bfDe qu\u00e9 causas murieron?, \u00bfEn d\u00f3nde murieron?, \u00bfQu\u00e9 es lo que realmente hay en sus cuerpos?, (informaci\u00f3n) que nos pudiera brindar justicia para ellos y desde luego obtener la certeza de que es falsa la acusaci\u00f3n contra nuestros compa\u00f1eros, porque hasta ahorita para nada se ha confirmado, ning\u00fan enunciado con los que se acusa a ellos\u201d, apunta Argelia Betanzos.<\/p>\n<p><img loading=\"lazy\" decoding=\"async\" data-attachment-id=\"61274\" data-permalink=\"https:\/\/www.grieta.org.mx\/index.php\/2021\/08\/15\/resistir-ante-el-estado-los-caciques-viejos-y-nuevos-en-la-mazateca-oaxaca\/g-6\/\" data-orig-file=\"https:\/\/www.grieta.org.mx\/wp-content\/uploads\/2021\/08\/g-1.jpg\" data-orig-size=\"1280,853\" data-comments-opened=\"0\" data-image-meta=\"{&quot;aperture&quot;:&quot;0&quot;,&quot;credit&quot;:&quot;&quot;,&quot;camera&quot;:&quot;&quot;,&quot;caption&quot;:&quot;&quot;,&quot;created_timestamp&quot;:&quot;0&quot;,&quot;copyright&quot;:&quot;&quot;,&quot;focal_length&quot;:&quot;0&quot;,&quot;iso&quot;:&quot;0&quot;,&quot;shutter_speed&quot;:&quot;0&quot;,&quot;title&quot;:&quot;&quot;,&quot;orientation&quot;:&quot;0&quot;}\" data-image-title=\"g\" data-image-description=\"\" data-image-caption=\"\" data-medium-file=\"https:\/\/www.grieta.org.mx\/wp-content\/uploads\/2021\/08\/g-1-300x200.jpg\" data-large-file=\"https:\/\/www.grieta.org.mx\/wp-content\/uploads\/2021\/08\/g-1-1024x682.jpg\" class=\"alignnone wp-image-61274\" src=\"http:\/\/www.grieta.org.mx\/wp-content\/uploads\/2021\/08\/g-1.jpg\" alt=\"\" width=\"800\" height=\"533\" srcset=\"https:\/\/www.grieta.org.mx\/wp-content\/uploads\/2021\/08\/g-1.jpg 1280w, https:\/\/www.grieta.org.mx\/wp-content\/uploads\/2021\/08\/g-1-300x200.jpg 300w, https:\/\/www.grieta.org.mx\/wp-content\/uploads\/2021\/08\/g-1-1024x682.jpg 1024w, https:\/\/www.grieta.org.mx\/wp-content\/uploads\/2021\/08\/g-1-768x512.jpg 768w\" sizes=\"auto, (max-width: 800px) 100vw, 800px\" \/><br \/>\nArgelia Betanzos se mantuvo en huelga de hambre, al igual que Fernando Gavito, por ma\u0301s de 50 di\u0301as.<\/p>\n<p>De acuerdo a ella, \u201cel avance en la defensa jur\u00eddica del caso Eloxochitl\u00e1n confirma que hay elementos para una revisi\u00f3n que proceda a la libertad de los presos. Ya son 18 autos de libertad logrados en casos similares y ocho amparos federales que declaran ilegales y violatorios todos los autos de formal prisi\u00f3n, as\u00ed como las \u00f3rdenes de aprehensi\u00f3n a los m\u00e1s de 30 ciudadanos y ciudadanas falsamente acusados\u201d.<\/p>\n<p>Argelia afirma que, durante el primer a\u00f1o de la pandemia, los jueces empezaron a desconocer todo, hicieron de cuenta que no ten\u00edan pruebas a favor de los presos y ya no se habla de una lucha jur\u00eddica pulcra. Para Betanzos, el caso \u201cfue intervenido por una corrupci\u00f3n absoluta que ya vino a empa\u00f1ar todo el terreno y las esperanzas que en determinado momento las v\u00edas legales nos estaban dando\u201d.<\/p>\n<p>La lucha de las mujeres Mazatecas la conciben as\u00ed: \u201cComo una lucha justa llena de convicciones y de verdad que tarde o temprano, no lo s\u00e9, tendr\u00e1 que tener su resultado positivo. O sea, no hay de otra, porque tenemos toda la demostraci\u00f3n, pero al mismo tiempo es una lucha compleja que exige de nosotros much\u00edsima resistencia y paciencia\u201d.<br \/>\nNace una esperanza en el pueblo de entre las nubes<\/p>\n<p>De acuerdo a Argelia Betanzos, los primeros en enfrentarse al antiguo r\u00e9gimen caciquil de los Hern\u00e1ndez fue una familia que lleg\u00f3 de Puebla a Eloxochitl\u00e1n a finales del siglo XX. En alg\u00fan momento, los Hern\u00e1ndez se asumieron como zapatistas, pero sus acciones de robo, asesinatos y saqueos no reflejaban los ideales del mismo. Ellos llegaron a tener tanto poder que eran el enlace de la regi\u00f3n de la ca\u00f1ada con el gobierno estatal. En 1930, una familia de apellido Gallardo comenz\u00f3 a cuestionar el control caciquil. \u201cDicen que ellos se opusieron de tal manera que se rebelaron en un acto, despu\u00e9s de rebelarse contra el grupo caciquil tuvieron que ser desplazados y huyeron para siempre del municipio\u201d.<\/p>\n<p>Argelia Betanzos asegura que este antecedente qued\u00f3 muy marcado para las generaciones j\u00f3venes de los a\u00f1os treinta. El padre del abuelo materno de Argelia, de nombre Vidal Zepeda, \u201cfue un hombre mazateco muy l\u00facido. Su padre era un alfabetizador de Cuernavaca, Morelos, le ense\u00f1\u00f3 a escribir, entonces Vidal se hizo un hombre de vocaci\u00f3n religiosa, pero tambi\u00e9n m\u00fasico y alfabetizador y recorri\u00f3 varios lugares alfabetizando, fundando parroquias y generando bandas de m\u00fasica\u201d.<\/p>\n<p>Despu\u00e9s, su hijo, el abuelo de Argelia, Acacio, empez\u00f3 a ser testigo, de \u201cpor un lado ver el crecimiento cultural de su padre, pero por otro lado, ser testigo del asedio contra su padre por parte del grupo caciquil, al punto de querer quitarle la vida m\u00e1s de una vez\u201d, rememora Argelia.<\/p>\n<p>Ella recuerda que Gregoria fue testigo cuando un grupo de pistoleros lleg\u00f3 a su casa para asesinar a toda la familia, al abuelo Vidal, a sus abuelos Acacio y Gregoria y a los ni\u00f1os que se encontraban ah\u00ed. Su t\u00edo \u00c1ngel los salv\u00f3, matando a los sicarios.<\/p>\n<p>Vidal Zepeda tuvo a su hijo menor al cual llam\u00f3 Francisco Zepeda, y quien lleg\u00f3 a graduarse de maestro contribuyendo a la educaci\u00f3n en su pueblo. Francisco convoc\u00f3 a las juventudes mazatecas durante los veranos y les instruy\u00f3 con las letras de Ricardo Flores Mag\u00f3n, adem\u00e1s de invitarles a realizar tardes culturales de poemas, escritura, reflexiones y bailables. La herencia de los Gallardo prevaleci\u00f3 en Vidal, luego en sus hijos, y en los abuelos paternos de Argelia, Luis y Gudelia. \u201cLuis se aferr\u00f3 a aprender el castellano, tambi\u00e9n a leer y a escribir, llega a ser secretario y funcionario en la presidencia municipal, se caracteriz\u00f3 por ser muy habilidoso en la generaci\u00f3n de documentos y tambi\u00e9n de ser un hombre cuestionador del grupo caciquil, que ten\u00edan que ver con muchas cosas, desde entrometerse en las propiedades de las familias originarias para robar le\u00f1a, comida, cosechas enteras, ganado y gallinas\u201d.<\/p>\n<p>Argelia relata que Luis, junto con su esposa Gudelia, fue a meterse a cada barrio, \u201cDice una de sus hijas, \u2018yo era ni\u00f1a, cuando mis papas me llevaban hasta Pe\u00f1a Colorada alfabetizar y escuchaba que mi padre dec\u00eda -ustedes tienen el mismo valor y la misma dignidad que cualquiera de los que viven all\u00e1 en el centro y que cualquiera de los Hern\u00e1ndez, jam\u00e1s tienen que dejar que se metan a sus propiedades-\u201d.<\/p>\n<p>\u201cEn los noventas mis padres deciden iniciar, participar, colaborar con lo que se llamaron las jornadas magonistas que ten\u00edan que ver con instruir a las infancias. Escuchaban c\u00e1tedras y conferencias sobre Mag\u00f3n, \u00bfQui\u00e9n era?, \u00bfCu\u00e1l era parte de su obra?, sobre Margarita\u201d. Despu\u00e9s de esos ejercicios, que eran muy locales, comenta Argelia, \u201calrededor del a\u00f1o 95 se abrieron las jornadas magonistas, que convocaron a j\u00f3venes y adultos de la ciudad, luego las jornadas se extendieron a todo el mundo, llegaron muchos extranjeros, eso dur\u00f3 una d\u00e9cada\u201d.<\/p>\n<p>Cuando las jornadas se realizaron, comenta Betanzos, \u201cse empezaron a conmover, las fibras que quedaban del caciquismo, lo que queda del cacique Eleazar Hern\u00e1ndez Ordaz ha practicado, las mismas cosas de sus padres, en el sentido de despojo de familias y tambi\u00e9n ocasionalmente ha tomado las armas para lastimarnos\u201d.<\/p>\n<p>El asesinato del padre de Eleazar Hern\u00e1ndez, (Felipe Hern\u00e1ndez) cacique del pueblo, marco un hito en Eloxochitl\u00e1n. Antes de su muerte, de acuerdo a Argelia, \u201cliteralmente la comunidad les pertenec\u00eda totalmente a la familia caciquil, despu\u00e9s dejo de pertenecerle entera, aunque el descendiente (Eleazar), intenta todav\u00eda imponer sus pr\u00e1cticas, pero cost\u00f3 el derramamiento de sangre de un centenar de ind\u00edgenas (\u2026) todos eran culpables de la muerte del cacique y nadie sabe de esto\u201d.<\/p>\n<p><img loading=\"lazy\" decoding=\"async\" data-attachment-id=\"61275\" data-permalink=\"https:\/\/www.grieta.org.mx\/index.php\/2021\/08\/15\/resistir-ante-el-estado-los-caciques-viejos-y-nuevos-en-la-mazateca-oaxaca\/h-5\/\" data-orig-file=\"https:\/\/www.grieta.org.mx\/wp-content\/uploads\/2021\/08\/h.png\" data-orig-size=\"569,570\" data-comments-opened=\"0\" data-image-meta=\"{&quot;aperture&quot;:&quot;0&quot;,&quot;credit&quot;:&quot;&quot;,&quot;camera&quot;:&quot;&quot;,&quot;caption&quot;:&quot;&quot;,&quot;created_timestamp&quot;:&quot;0&quot;,&quot;copyright&quot;:&quot;&quot;,&quot;focal_length&quot;:&quot;0&quot;,&quot;iso&quot;:&quot;0&quot;,&quot;shutter_speed&quot;:&quot;0&quot;,&quot;title&quot;:&quot;&quot;,&quot;orientation&quot;:&quot;0&quot;}\" data-image-title=\"h\" data-image-description=\"\" data-image-caption=\"\" data-medium-file=\"https:\/\/www.grieta.org.mx\/wp-content\/uploads\/2021\/08\/h-300x300.png\" data-large-file=\"https:\/\/www.grieta.org.mx\/wp-content\/uploads\/2021\/08\/h.png\" class=\"alignnone wp-image-61275\" src=\"http:\/\/www.grieta.org.mx\/wp-content\/uploads\/2021\/08\/h.png\" alt=\"\" width=\"800\" height=\"801\" srcset=\"https:\/\/www.grieta.org.mx\/wp-content\/uploads\/2021\/08\/h.png 569w, https:\/\/www.grieta.org.mx\/wp-content\/uploads\/2021\/08\/h-300x300.png 300w, https:\/\/www.grieta.org.mx\/wp-content\/uploads\/2021\/08\/h-150x150.png 150w\" sizes=\"auto, (max-width: 800px) 100vw, 800px\" \/><br \/>\nCarmela Bonfil Nieto, hija del preso pol\u00edtico Herminio Bonfil Avenda\u00f1o<\/p>\n<p>\u201cDespu\u00e9s de ese sacrificio \u00bfPor qu\u00e9 no vamos a oponernos a esos reg\u00edmenes?, Eleazar Hern\u00e1ndez estuvo con Manuel Zepeda y Elisa Zepeda en una campa\u00f1a que hicieron en el 2010 para denostar a todas las jornadas magonistas, que en el a\u00f1o 2000 ya reflejaba mucha participaci\u00f3n de hombres y mujeres de la comunidad\u201d, se\u00f1ala Argelia. Entonces, lo que queda del cacicazgo representado en Eleazar, contin\u00faa trabajando con las nuevas figuras caciquiles, que ahora no se apellidan Hern\u00e1ndez, sino Zepeda o Zepeda Lagunes y que han recrudecido la persecuci\u00f3n contra la asamblea.<\/p>\n<p>Elisa Zepeda, desde su posici\u00f3n en el Congreso del estado como diputada local y candidata de MORENA a la reelecci\u00f3n de la diputaci\u00f3n por el distrito electoral con cabecera en Teotitl\u00e1n de Flores Mag\u00f3n en las pasadas elecciones, aunque no gan\u00f3 la elecci\u00f3n, a\u00fan conserva sus influencias. Adem\u00e1s, como Presidenta de la Comisi\u00f3n Permanente de Administraci\u00f3n y Procuraci\u00f3n de Justicia e integrante de la Comisi\u00f3n Permanente de Derechos Humanos en el Congreso de Oaxaca, de acuerdo con el movimiento por la liberaci\u00f3n de los presos pol\u00edticos de Eloxochitl\u00e1n, ha presionado a los jueces y a diversas instituciones, medios y personalidades para continuar imponiendo su versi\u00f3n de los hechos , construida con respaldo del entonces gobierno estatal perredista de Gabino Cu\u00e9 y ahora con el apoyo del partido MORENA.<\/p>\n<p>\u201cNosotros lo que hemos pugnado y buscado pues es resistir, reorganizarnos y reencontrarnos y a que me refiero con reencontrarnos, pues cito las palabras de Mart\u00edn Peralta Betanzos, que dice que \u2018despu\u00e9s, al final, estas resistencias nos han llevado a reencontrarnos, porque a lo mejor muchos en el coraz\u00f3n ten\u00edamos anidada la lucha por la libre determinaci\u00f3n, pero de pronto nuestra vida, pues nos estaba entreteniendo, distrayendo u ocupando en otros temas que tambi\u00e9n pueden ser buenos, pero que esta lucha nos obliga a ese regreso otra vez y a esa reflexi\u00f3n para que al final esto tenga un fruto: la liberaci\u00f3n s\u00ed, pero tambi\u00e9n la insistencia de la libre determinaci\u00f3n de nuestra comunidad\u201d, concluye Betanzos.<\/p>\n<p><a href=\"https:\/\/avispa.org\/resistir-ante-el-estado-los-caciques-viejos-y-nuevos-en-la-mazateca\/\" target=\"_blank\" rel=\"noopener\">https:\/\/avispa.org\/resistir-ante-el-estado-los-caciques-viejos-y-nuevos-en-la-mazateca\/<\/a><\/p>\n","protected":false},"excerpt":{"rendered":"<p>Avispa Midia \/ \u00c1ngel Huerta. *Desde el a\u00f1o 2010, en Eloxochitl\u00e1n de Flores Mag\u00f3n se vive un ambiente represivo. Caciques y pol\u00edticos locales, bajo la mirada de las instituciones y &hellip; <a href=\"https:\/\/www.grieta.org.mx\/index.php\/2021\/08\/15\/resistir-ante-el-estado-los-caciques-viejos-y-nuevos-en-la-mazateca-oaxaca\/\" class=\"more-link\">Leer m\u00e1s<\/a><\/p>\n","protected":false},"author":2,"featured_media":61267,"comment_status":"closed","ping_status":"closed","sticky":false,"template":"","format":"standard","meta":{"ngg_post_thumbnail":0,"_jetpack_newsletter_access":"","_jetpack_dont_email_post_to_subs":false,"_jetpack_newsletter_tier_id":0,"_jetpack_memberships_contains_paywalled_content":false,"_jetpack_memberships_contains_paid_content":false,"footnotes":""},"categories":[80,25,3798,1496,2909,83],"tags":[],"class_list":["post-61266","post","type-post","status-publish","format-standard","has-post-thumbnail","hentry","category-cintillo","category-oaxaca","category-presas-y-presos-politicps-en-oaxaca","category-represion-en-oaxaca","category-resistencias-y-rebeldias-en-oaxaca","category-temas-nacionales","entry"],"jetpack_featured_media_url":"https:\/\/www.grieta.org.mx\/wp-content\/uploads\/2021\/08\/1-3.jpg","jetpack_sharing_enabled":true,"jetpack_shortlink":"https:\/\/wp.me\/p7ZJR4-fWa","jetpack_likes_enabled":false,"jetpack-related-posts":[{"id":65585,"url":"https:\/\/www.grieta.org.mx\/index.php\/2022\/08\/23\/ex-preso-politico-de-eloxochitlan-enfrenta-nueva-orden-de-aprehension-oaxaca\/","url_meta":{"origin":61266,"position":0},"title":"Ex preso pol\u00edtico de Eloxochitl\u00e1n enfrenta nueva orden de aprehensi\u00f3n (Oaxaca)","author":"grieta","date":"23 agosto, 2022","format":false,"excerpt":"Imagen: Avispa Media \u00d1ani Pinto \/ Avispa Media Miguel Peralta Betanzos, ex preso pol\u00edtico originario de Eloxochitl\u00e1n de Flores Mag\u00f3n, Oaxaca, quien en 2019 consigui\u00f3 su libertad despu\u00e9s de cuatro a\u00f1os de prisi\u00f3n pol\u00edtica debido a su labor de denuncia de los abusos de poder por grupos caciquiles en la\u2026","rel":"","context":"En &quot;CINTILLO&quot;","block_context":{"text":"CINTILLO","link":"https:\/\/www.grieta.org.mx\/index.php\/category\/cintillo\/"},"img":{"alt_text":"","src":"https:\/\/i0.wp.com\/www.grieta.org.mx\/wp-content\/uploads\/2022\/10\/Protesta-en-exigencia-de-libertad-de-Miguel-Peralta_2019.jpg?resize=350%2C200&ssl=1","width":350,"height":200,"srcset":"https:\/\/i0.wp.com\/www.grieta.org.mx\/wp-content\/uploads\/2022\/10\/Protesta-en-exigencia-de-libertad-de-Miguel-Peralta_2019.jpg?resize=350%2C200&ssl=1 1x, https:\/\/i0.wp.com\/www.grieta.org.mx\/wp-content\/uploads\/2022\/10\/Protesta-en-exigencia-de-libertad-de-Miguel-Peralta_2019.jpg?resize=525%2C300&ssl=1 1.5x, https:\/\/i0.wp.com\/www.grieta.org.mx\/wp-content\/uploads\/2022\/10\/Protesta-en-exigencia-de-libertad-de-Miguel-Peralta_2019.jpg?resize=700%2C400&ssl=1 2x"},"classes":[]},{"id":61257,"url":"https:\/\/www.grieta.org.mx\/index.php\/2021\/08\/11\/mujeres-mazatecas-sostienen-resistencia-por-libertad-de-presos-politicos-oaxaca\/","url_meta":{"origin":61266,"position":1},"title":"Mujeres mazatecas sostienen resistencia por libertad de presos pol\u00edticos (Oaxaca)","author":"grieta","date":"11 agosto, 2021","format":false,"excerpt":"Avispa Midia \/ \u00c1ngel Huerta. *Desde el a\u00f1o 2010, en Eloxochitl\u00e1n de Flores Mag\u00f3n se vive un ambiente represivo. Caciques y pol\u00edticos locales, bajo la mirada de las instituciones y desde ellas, han desatado una persecuci\u00f3n pol\u00edtica y jur\u00eddica contra l@s representantes de la Asamblea Comunitaria. A continuaci\u00f3n, presentamos un\u2026","rel":"","context":"En &quot;CINTILLO&quot;","block_context":{"text":"CINTILLO","link":"https:\/\/www.grieta.org.mx\/index.php\/category\/cintillo\/"},"img":{"alt_text":"","src":"https:\/\/i0.wp.com\/www.grieta.org.mx\/wp-content\/uploads\/2021\/08\/a-3.jpg?resize=350%2C200&ssl=1","width":350,"height":200,"srcset":"https:\/\/i0.wp.com\/www.grieta.org.mx\/wp-content\/uploads\/2021\/08\/a-3.jpg?resize=350%2C200&ssl=1 1x, https:\/\/i0.wp.com\/www.grieta.org.mx\/wp-content\/uploads\/2021\/08\/a-3.jpg?resize=525%2C300&ssl=1 1.5x, https:\/\/i0.wp.com\/www.grieta.org.mx\/wp-content\/uploads\/2021\/08\/a-3.jpg?resize=700%2C400&ssl=1 2x, https:\/\/i0.wp.com\/www.grieta.org.mx\/wp-content\/uploads\/2021\/08\/a-3.jpg?resize=1050%2C600&ssl=1 3x"},"classes":[]},{"id":68485,"url":"https:\/\/www.grieta.org.mx\/index.php\/2024\/02\/12\/dan-46-anos-de-carcel-a-activista-comunitario-que-se-opuso-al-corredor-interoceanico-oaxaca\/","url_meta":{"origin":61266,"position":2},"title":"Dan 46 a\u00f1os de c\u00e1rcel a activista comunitario que se opuso al Corredor Interoce\u00e1nico (Oaxaca)","author":"grieta","date":"12 febrero, 2024","format":false,"excerpt":"Imagen: Diana Manzo Diana Manzo \/Istmo Press OAXACA. -Un juez de Oaxaca dict\u00f3 sentencia por 46 a\u00f1os y seis meses de prisi\u00f3n a David Hern\u00e1ndez Salazar, defensor comunitario binniz\u00e1 (zapoteco), que se opuso al Polo de Desarrollo industrial del Corredor Interoce\u00e1nico del Istmo de Tehuantepec en su comunidad, Puente Madera,\u2026","rel":"","context":"En &quot;5. Istmo&quot;","block_context":{"text":"5. Istmo","link":"https:\/\/www.grieta.org.mx\/index.php\/category\/espejos-de-la-resistencia\/5-istmo\/"},"img":{"alt_text":"","src":"https:\/\/i0.wp.com\/www.grieta.org.mx\/wp-content\/uploads\/2024\/02\/activista_agua_David_Hernandez_Diana_Manzo.jpg?resize=350%2C200&ssl=1","width":350,"height":200,"srcset":"https:\/\/i0.wp.com\/www.grieta.org.mx\/wp-content\/uploads\/2024\/02\/activista_agua_David_Hernandez_Diana_Manzo.jpg?resize=350%2C200&ssl=1 1x, https:\/\/i0.wp.com\/www.grieta.org.mx\/wp-content\/uploads\/2024\/02\/activista_agua_David_Hernandez_Diana_Manzo.jpg?resize=525%2C300&ssl=1 1.5x, https:\/\/i0.wp.com\/www.grieta.org.mx\/wp-content\/uploads\/2024\/02\/activista_agua_David_Hernandez_Diana_Manzo.jpg?resize=700%2C400&ssl=1 2x"},"classes":[]},{"id":71552,"url":"https:\/\/www.grieta.org.mx\/index.php\/2025\/04\/06\/denuncian-atentado-y-robo-de-equipo-de-fotoperiodista-mazateco-david-peralta-betanzos-oaxaca\/","url_meta":{"origin":61266,"position":3},"title":"Denuncian atentado y robo de equipo de fotoperiodista mazateco, David Peralta Betanzos (Oaxaca)","author":"grieta","date":"6 abril, 2025","format":false,"excerpt":"Imagen: Istmo Press Istmo Press \/ Diana Manzo Oaxaca, Oax.- David Peralta, fotoperiodista y comunicador mazateco, de la comunidad de Eloxochitl\u00e1n de Flores Mag\u00f3n, Oaxaca vivi\u00f3 un atentado y el robo de su equipo de documentaci\u00f3n, el pasado 3 de abril denunci\u00f3 en redes sociales el Observatorio Memoria y Libertad.\u2026","rel":"","context":"En &quot;CINTILLO&quot;","block_context":{"text":"CINTILLO","link":"https:\/\/www.grieta.org.mx\/index.php\/category\/cintillo\/"},"img":{"alt_text":"","src":"https:\/\/i0.wp.com\/www.grieta.org.mx\/wp-content\/uploads\/2025\/04\/IMG_5034-800x445-1.jpeg?resize=350%2C200&ssl=1","width":350,"height":200,"srcset":"https:\/\/i0.wp.com\/www.grieta.org.mx\/wp-content\/uploads\/2025\/04\/IMG_5034-800x445-1.jpeg?resize=350%2C200&ssl=1 1x, https:\/\/i0.wp.com\/www.grieta.org.mx\/wp-content\/uploads\/2025\/04\/IMG_5034-800x445-1.jpeg?resize=525%2C300&ssl=1 1.5x, https:\/\/i0.wp.com\/www.grieta.org.mx\/wp-content\/uploads\/2025\/04\/IMG_5034-800x445-1.jpeg?resize=700%2C400&ssl=1 2x"},"classes":[]},{"id":60476,"url":"https:\/\/www.grieta.org.mx\/index.php\/2021\/07\/01\/san-antonino-castillo-aprueba-reglamento-interno-para-el-cuidado-del-agua-oaxaca\/","url_meta":{"origin":61266,"position":4},"title":"San Antonino Castillo aprueba reglamento interno para el cuidado del agua (Oaxaca)","author":"grieta","date":"1 julio, 2021","format":false,"excerpt":"La Coperacha \/ Redacci\u00f3n. Foto: NVI Noticias. La comunidad zapoteca San Antonino Castillo Velasco, ubicada en Valles Centrales de Oaxaca, aprob\u00f3 un reglamento interno, con validez jur\u00eddica, para el cuidado del agua y blindar el recurso ante la industria extractiva y la privatizaci\u00f3n. Durante una asamblea comunitaria ocurrida el 25\u2026","rel":"","context":"En &quot;CINTILLO&quot;","block_context":{"text":"CINTILLO","link":"https:\/\/www.grieta.org.mx\/index.php\/category\/cintillo\/"},"img":{"alt_text":"","src":"https:\/\/i0.wp.com\/www.grieta.org.mx\/wp-content\/uploads\/2021\/07\/1-1.jpg?resize=350%2C200&ssl=1","width":350,"height":200,"srcset":"https:\/\/i0.wp.com\/www.grieta.org.mx\/wp-content\/uploads\/2021\/07\/1-1.jpg?resize=350%2C200&ssl=1 1x, https:\/\/i0.wp.com\/www.grieta.org.mx\/wp-content\/uploads\/2021\/07\/1-1.jpg?resize=525%2C300&ssl=1 1.5x, https:\/\/i0.wp.com\/www.grieta.org.mx\/wp-content\/uploads\/2021\/07\/1-1.jpg?resize=700%2C400&ssl=1 2x"},"classes":[]},{"id":45053,"url":"https:\/\/www.grieta.org.mx\/index.php\/2020\/02\/24\/la-violencia-no-sera-nuestra-forma-de-lucha-contra-megaproyectos-pero-habra-resistencia-comunitaria-asamblea-oaxaquena\/","url_meta":{"origin":61266,"position":5},"title":"La violencia no ser\u00e1 nuestra forma de lucha contra megaproyectos pero habr\u00e1 resistencia comunitaria: Asamblea Oaxaque\u00f1a","author":"grieta","date":"24 febrero, 2020","format":false,"excerpt":"P\u00e1gina 3 \/ Pedro Mat\u00edas. En el marco de las Jornadas de lucha \u201cSamir Somos Todas y Todos\u201d, convocadas por el Congreso Nacional Ind\u00edgena y el Ej\u00e9rcito Zapatista de Liberaci\u00f3n Nacional, se constituy\u00f3 la Asamblea Oaxaque\u00f1a en Defensa de la Tierra y el Territorio. Imagen de @ColmenaOaxaca. Oaxaca, Oax.-\u201cLa violencia\u2026","rel":"","context":"En &quot;CINTILLO&quot;","block_context":{"text":"CINTILLO","link":"https:\/\/www.grieta.org.mx\/index.php\/category\/cintillo\/"},"img":{"alt_text":"","src":"https:\/\/i0.wp.com\/www.grieta.org.mx\/wp-content\/uploads\/2020\/02\/Resistencia-comunitaria-696x352.jpeg?resize=350%2C200&ssl=1","width":350,"height":200,"srcset":"https:\/\/i0.wp.com\/www.grieta.org.mx\/wp-content\/uploads\/2020\/02\/Resistencia-comunitaria-696x352.jpeg?resize=350%2C200&ssl=1 1x, https:\/\/i0.wp.com\/www.grieta.org.mx\/wp-content\/uploads\/2020\/02\/Resistencia-comunitaria-696x352.jpeg?resize=525%2C300&ssl=1 1.5x"},"classes":[]}],"_links":{"self":[{"href":"https:\/\/www.grieta.org.mx\/index.php\/wp-json\/wp\/v2\/posts\/61266","targetHints":{"allow":["GET"]}}],"collection":[{"href":"https:\/\/www.grieta.org.mx\/index.php\/wp-json\/wp\/v2\/posts"}],"about":[{"href":"https:\/\/www.grieta.org.mx\/index.php\/wp-json\/wp\/v2\/types\/post"}],"author":[{"embeddable":true,"href":"https:\/\/www.grieta.org.mx\/index.php\/wp-json\/wp\/v2\/users\/2"}],"replies":[{"embeddable":true,"href":"https:\/\/www.grieta.org.mx\/index.php\/wp-json\/wp\/v2\/comments?post=61266"}],"version-history":[{"count":1,"href":"https:\/\/www.grieta.org.mx\/index.php\/wp-json\/wp\/v2\/posts\/61266\/revisions"}],"predecessor-version":[{"id":61276,"href":"https:\/\/www.grieta.org.mx\/index.php\/wp-json\/wp\/v2\/posts\/61266\/revisions\/61276"}],"wp:featuredmedia":[{"embeddable":true,"href":"https:\/\/www.grieta.org.mx\/index.php\/wp-json\/wp\/v2\/media\/61267"}],"wp:attachment":[{"href":"https:\/\/www.grieta.org.mx\/index.php\/wp-json\/wp\/v2\/media?parent=61266"}],"wp:term":[{"taxonomy":"category","embeddable":true,"href":"https:\/\/www.grieta.org.mx\/index.php\/wp-json\/wp\/v2\/categories?post=61266"},{"taxonomy":"post_tag","embeddable":true,"href":"https:\/\/www.grieta.org.mx\/index.php\/wp-json\/wp\/v2\/tags?post=61266"}],"curies":[{"name":"wp","href":"https:\/\/api.w.org\/{rel}","templated":true}]}}