{"id":61242,"date":"2021-08-19T20:08:15","date_gmt":"2021-08-20T01:08:15","guid":{"rendered":"http:\/\/www.grieta.org.mx\/?p=61242"},"modified":"2021-08-20T00:13:54","modified_gmt":"2021-08-20T05:13:54","slug":"pobladores-de-san-pedro-apostol-oaxaca-exigen-a-semarnat-no-ceder-a-presiones-de-minera","status":"publish","type":"post","link":"https:\/\/www.grieta.org.mx\/index.php\/2021\/08\/19\/pobladores-de-san-pedro-apostol-oaxaca-exigen-a-semarnat-no-ceder-a-presiones-de-minera\/","title":{"rendered":"Pobladores de San Pedro Ap\u00f3stol, Oaxaca exigen a Semarnat no ceder a presiones de minera"},"content":{"rendered":"<p>Noticias \/ Octavio V\u00e9lez.<\/p>\n<p><img loading=\"lazy\" decoding=\"async\" data-attachment-id=\"61243\" data-permalink=\"https:\/\/www.grieta.org.mx\/index.php\/2021\/08\/19\/pobladores-de-san-pedro-apostol-oaxaca-exigen-a-semarnat-no-ceder-a-presiones-de-minera\/x-26\/\" data-orig-file=\"https:\/\/www.grieta.org.mx\/wp-content\/uploads\/2021\/08\/x-1.jpg\" data-orig-size=\"1144,645\" data-comments-opened=\"0\" data-image-meta=\"{&quot;aperture&quot;:&quot;0&quot;,&quot;credit&quot;:&quot;&quot;,&quot;camera&quot;:&quot;&quot;,&quot;caption&quot;:&quot;&quot;,&quot;created_timestamp&quot;:&quot;0&quot;,&quot;copyright&quot;:&quot;&quot;,&quot;focal_length&quot;:&quot;0&quot;,&quot;iso&quot;:&quot;0&quot;,&quot;shutter_speed&quot;:&quot;0&quot;,&quot;title&quot;:&quot;&quot;,&quot;orientation&quot;:&quot;0&quot;}\" data-image-title=\"x\" data-image-description=\"\" data-image-caption=\"\" data-medium-file=\"https:\/\/www.grieta.org.mx\/wp-content\/uploads\/2021\/08\/x-1-300x169.jpg\" data-large-file=\"https:\/\/www.grieta.org.mx\/wp-content\/uploads\/2021\/08\/x-1-1024x577.jpg\" class=\"alignnone wp-image-61243\" src=\"http:\/\/www.grieta.org.mx\/wp-content\/uploads\/2021\/08\/x-1.jpg\" alt=\"\" width=\"800\" height=\"451\" srcset=\"https:\/\/www.grieta.org.mx\/wp-content\/uploads\/2021\/08\/x-1.jpg 1144w, https:\/\/www.grieta.org.mx\/wp-content\/uploads\/2021\/08\/x-1-300x169.jpg 300w, https:\/\/www.grieta.org.mx\/wp-content\/uploads\/2021\/08\/x-1-1024x577.jpg 1024w, https:\/\/www.grieta.org.mx\/wp-content\/uploads\/2021\/08\/x-1-768x433.jpg 768w\" sizes=\"auto, (max-width: 800px) 100vw, 800px\" \/><\/p>\n<p>El Ayuntamiento de San Pedro Ap\u00f3stol, Ocotl\u00e1n, demand\u00f3 a la Secretar\u00eda del Medio Ambiente y Recursos Naturales (Semarnat) no ceder a las presiones de la Compa\u00f1\u00eda Minera Cuzcatl\u00e1n y ratificar su negativa de autorizaci\u00f3n a la Manifestaci\u00f3n de Impacto Ambiental (MIA), para desarrollar el proyecto San Jos\u00e9 II.<\/p>\n<p>En una comunicaci\u00f3n, el presidente municipal, Alejandro Taurino \u00c1vila Gopar, inform\u00f3 que la mina ha generado problemas graves por la contaminaci\u00f3n del ambiente, la p\u00e9rdida de flora y fauna, el surgimiento de enfermedades y muerte de ganado, la erosi\u00f3n de la tierra y p\u00e9rdida de cosechas, durante los 12 a\u00f1os de explotaci\u00f3n en el Valle de Ocotl\u00e1n.<\/p>\n<p>Explic\u00f3 que el deterioro ambiental se agudiz\u00f3 desde el 8 de octubre de 2018 con el derrame t\u00f3xico de un mill\u00f3n 516 mil litros de la presa de jales por varios kil\u00f3metros del cauce del r\u00edo Coyote, a su paso por siete comunidades, antes de unirse con el r\u00edo Atoyac, el cual desemboca en el Oc\u00e9ano Pac\u00edfico.<\/p>\n<p>Detectan contaminantes<\/p>\n<p>En el documento se precis\u00f3 que seg\u00fan estudios desarrollados por la Procuradur\u00eda Federal de Protecci\u00f3n al Ambiente (Profepa) y la Comisi\u00f3n Nacional del Agua (Conagua), pertenecientes a la Semarnat, demostraron la presencia de contaminantes en el r\u00edo Coyote, pero estas mismas instituciones exoneraron a la Compa\u00f1\u00eda Minera Cuzcatl\u00e1n, filial de la canadiense Fortuna Silver Mines.<\/p>\n<p>Ante esta situaci\u00f3n, subray\u00f3 que la localidad de San Pedro Ap\u00f3stol, Ocotl\u00e1n, junto a las dem\u00e1s comunidades perjudicadas y una red de afectados incorporados en la organizaci\u00f3n \u201cArticulaci\u00f3n por la Vida, contra la Miner\u00eda del Valle de Ocotl\u00e1n\u201d, exigen a la Semarnat no ceder a la presi\u00f3n de la empresa minera y ratificar su negativa de autorizaci\u00f3n al MIA para ejecutar el proyecto San Jos\u00e9 II.<\/p>\n<p>\u201cEsta determinaci\u00f3n no es un logro de las instituciones, de gobierno alguno, ni de ning\u00fan actor o actores ajenos, sino como consecuencia de una larga lucha de resistencia de los pueblos y comunidades afectadas\u201d, anot\u00f3 el presidente municipal Alejandro Taurino \u00c1vila Gopar.<\/p>\n<p>Adem\u00e1s, el edil reclam\u00f3 a la Semarnat cumplir los acuerdos signados por el jefe de la Unidad Coordinadora de Participaci\u00f3n Social y Transparencia, Daniel Quezada Daniel, con las comunidades, el 28 de marzo pasado en San Pedro Ap\u00f3stol, Ocotl\u00e1n, para el desarrollo de estudios de la calidad del agua, la entrega de todo el expediente del derrame t\u00f3xico, retomar el di\u00e1logo con las comunidades y ratificar la negativa de autorizaci\u00f3n a la MIA presentada por la empresa minera.<\/p>\n<p>Para finalizar, Alejandro Taurino \u00c1vila Gopar advirti\u00f3 que las comunidades permanecen en alerta ante el constante asedio de la Compa\u00f1\u00eda Minera Cuzcatl\u00e1n hacia su territorio en busca de minerales, porque contin\u00faan vigentes 31 concesiones en el Valle de Ocotl\u00e1n.<\/p>\n<p><a href=\"https:\/\/www.nvinoticias.com\/nota\/194058\/pobladores-de-san-pedro-apostol-oaxaca-exigen-semarnat-no-ceder-presiones-de-minera\" target=\"_blank\" rel=\"noopener\">https:\/\/www.nvinoticias.com\/nota\/194058\/pobladores-de-san-pedro-apostol-oaxaca-exigen-semarnat-no-ceder-presiones-de-minera<\/a><\/p>\n","protected":false},"excerpt":{"rendered":"<p>Noticias \/ Octavio V\u00e9lez. El Ayuntamiento de San Pedro Ap\u00f3stol, Ocotl\u00e1n, demand\u00f3 a la Secretar\u00eda del Medio Ambiente y Recursos Naturales (Semarnat) no ceder a las presiones de la Compa\u00f1\u00eda &hellip; <a href=\"https:\/\/www.grieta.org.mx\/index.php\/2021\/08\/19\/pobladores-de-san-pedro-apostol-oaxaca-exigen-a-semarnat-no-ceder-a-presiones-de-minera\/\" class=\"more-link\">Leer m\u00e1s<\/a><\/p>\n","protected":false},"author":2,"featured_media":61243,"comment_status":"closed","ping_status":"closed","sticky":false,"template":"","format":"standard","meta":{"ngg_post_thumbnail":0,"_jetpack_newsletter_access":"","_jetpack_dont_email_post_to_subs":false,"_jetpack_newsletter_tier_id":0,"_jetpack_memberships_contains_paywalled_content":false,"_jetpack_memberships_contains_paid_content":false,"footnotes":""},"categories":[80,1357,2355,2,25,2909],"tags":[],"class_list":["post-61242","post","type-post","status-publish","format-standard","has-post-thumbnail","hentry","category-cintillo","category-conflictos-mineros-en-oaxaca","category-conflictos-por-agua-en-oaxaca","category-noticias-nacionales","category-oaxaca","category-resistencias-y-rebeldias-en-oaxaca","entry"],"jetpack_featured_media_url":"https:\/\/www.grieta.org.mx\/wp-content\/uploads\/2021\/08\/x-1.jpg","jetpack_sharing_enabled":true,"jetpack_shortlink":"https:\/\/wp.me\/p7ZJR4-fVM","jetpack_likes_enabled":false,"jetpack-related-posts":[{"id":63723,"url":"https:\/\/www.grieta.org.mx\/index.php\/2022\/03\/03\/oaxaca-comunidades-afectadas-por-cuzcatlan-acusan-a-semarnat-de-traicion\/","url_meta":{"origin":61242,"position":0},"title":"Oaxaca: Comunidades afectadas por Cuzcatl\u00e1n acusan a Semarnat de traici\u00f3n","author":"grieta","date":"3 marzo, 2022","format":false,"excerpt":"Avispa Midia \/ Sara Frabes. La ma\u00f1ana de este mi\u00e9rcoles (2), doce comunidades afectadas por minera Cuzcatl\u00e1n, filial de la canadiense Fortuna Silver Mines, realizaron la ocupaci\u00f3n simb\u00f3lica de la sede de la Secretar\u00eda de Medio Ambiente y Recursos Naturales (Semarnat), en la ciudad de Oaxaca, en protesta contra la\u2026","rel":"","context":"En &quot;CINTILLO&quot;","block_context":{"text":"CINTILLO","link":"https:\/\/www.grieta.org.mx\/index.php\/category\/cintillo\/"},"img":{"alt_text":"","src":"https:\/\/i0.wp.com\/www.grieta.org.mx\/wp-content\/uploads\/2022\/03\/2.jpeg?resize=350%2C200&ssl=1","width":350,"height":200,"srcset":"https:\/\/i0.wp.com\/www.grieta.org.mx\/wp-content\/uploads\/2022\/03\/2.jpeg?resize=350%2C200&ssl=1 1x, https:\/\/i0.wp.com\/www.grieta.org.mx\/wp-content\/uploads\/2022\/03\/2.jpeg?resize=525%2C300&ssl=1 1.5x, https:\/\/i0.wp.com\/www.grieta.org.mx\/wp-content\/uploads\/2022\/03\/2.jpeg?resize=700%2C400&ssl=1 2x"},"classes":[]},{"id":27084,"url":"https:\/\/www.grieta.org.mx\/index.php\/2018\/10\/10\/lluvia-desborda-presa-de-la-minera-cuzcatlan-y-contamina-afluente-del-rio-del-coyote-en-magdalena-ocotlan-oaxaca\/","url_meta":{"origin":61242,"position":1},"title":"Lluvia desborda presa de la minera Cuzcatl\u00e1n y contamina afluente del R\u00edo del Coyote en Magdalena Ocotl\u00e1n (Oaxaca)","author":"grieta","date":"10 octubre, 2018","format":false,"excerpt":"P\u00e1gina 3. Pedro Mat\u00edas, En la foto puede apreciarse un hilo de agua en color diferente, que podr\u00eda estar contaminando el afluente. Imagen de: http:\/\/denunciaoaxaca.org\/presa-de-jales-contamina-rio-del-coyote-en-magdalena-ocotlan\/ Oaxaca, Oax.- Las autoridades agrarias y municipales de Magdalena Ocotl\u00e1n denunciaron la contaminaci\u00f3n del afluente del R\u00edo del Coyote por un derrame de la presa\u2026","rel":"","context":"En &quot;CINTILLO&quot;","block_context":{"text":"CINTILLO","link":"https:\/\/www.grieta.org.mx\/index.php\/category\/cintillo\/"},"img":{"alt_text":"","src":"https:\/\/i0.wp.com\/www.grieta.org.mx\/wp-content\/uploads\/2018\/10\/jales-agua-contaminada.jpg?resize=350%2C200&ssl=1","width":350,"height":200,"srcset":"https:\/\/i0.wp.com\/www.grieta.org.mx\/wp-content\/uploads\/2018\/10\/jales-agua-contaminada.jpg?resize=350%2C200&ssl=1 1x, https:\/\/i0.wp.com\/www.grieta.org.mx\/wp-content\/uploads\/2018\/10\/jales-agua-contaminada.jpg?resize=525%2C300&ssl=1 1.5x, https:\/\/i0.wp.com\/www.grieta.org.mx\/wp-content\/uploads\/2018\/10\/jales-agua-contaminada.jpg?resize=700%2C400&ssl=1 2x"},"classes":[]},{"id":59664,"url":"https:\/\/www.grieta.org.mx\/index.php\/2021\/04\/08\/denuncia-de-comunidades-del-municipio-de-san-pedro-apostol-ocotlan-oaxaca\/","url_meta":{"origin":61242,"position":2},"title":"Denuncia de comunidades del municipio de San Pedro Ap\u00f3stol, Ocotl\u00e1n, Oaxaca.","author":"grieta","date":"8 abril, 2021","format":false,"excerpt":"Colectivo Gieta. Comunidades de San Pedro Ap\u00f3stol, Ocotl\u00e1n, Oaxaca, denunciaron que la Semarnat ejerce rasismo institucional hacia las comunidades originarias de Oaxaca. Afirman que el proyecto minero San Jos\u00e9 que \u201cse ubica en el municipio de San Jos\u00e9 del Progreso; a tan s\u00f3lo 42 km al sur de la capital\u2026","rel":"","context":"En &quot;CINTILLO&quot;","block_context":{"text":"CINTILLO","link":"https:\/\/www.grieta.org.mx\/index.php\/category\/cintillo\/"},"img":{"alt_text":"","src":"https:\/\/i0.wp.com\/www.grieta.org.mx\/wp-content\/uploads\/2018\/03\/14524434_1106112876131411_958039263622046936_o.jpg?resize=350%2C200&ssl=1","width":350,"height":200,"srcset":"https:\/\/i0.wp.com\/www.grieta.org.mx\/wp-content\/uploads\/2018\/03\/14524434_1106112876131411_958039263622046936_o.jpg?resize=350%2C200&ssl=1 1x, https:\/\/i0.wp.com\/www.grieta.org.mx\/wp-content\/uploads\/2018\/03\/14524434_1106112876131411_958039263622046936_o.jpg?resize=525%2C300&ssl=1 1.5x, https:\/\/i0.wp.com\/www.grieta.org.mx\/wp-content\/uploads\/2018\/03\/14524434_1106112876131411_958039263622046936_o.jpg?resize=700%2C400&ssl=1 2x"},"classes":[]},{"id":27785,"url":"https:\/\/www.grieta.org.mx\/index.php\/2018\/12\/03\/sin-agua-5-municipios-de-valles-centrales-por-contaminacion-de-minera-oaxaca\/","url_meta":{"origin":61242,"position":3},"title":"Sin agua 5 municipios de Valles Centrales por contaminaci\u00f3n de Minera (Oaxaca)","author":"grieta","date":"3 diciembre, 2018","format":false,"excerpt":"P\u00e1gina 3. Jaime Guerrero, Oaxaca.- La contaminaci\u00f3n al r\u00edo El Coyote ocasionada por la Compa\u00f1\u00eda Minera Cuzcatl\u00e1n, S. A. de C. V., mantiene sin agua a los municipios de Magdalena Ocotl\u00e1n, San Mat\u00edas Chilazoa, Texas de Morelos, La Barda Paso de Piedra y San Pedro Ap\u00f3stol, desde el pasado 8\u2026","rel":"","context":"En &quot;CINTILLO&quot;","block_context":{"text":"CINTILLO","link":"https:\/\/www.grieta.org.mx\/index.php\/category\/cintillo\/"},"img":{"alt_text":"","src":"https:\/\/i0.wp.com\/www.grieta.org.mx\/wp-content\/uploads\/2018\/12\/0-2-20-660x330.jpg?resize=350%2C200&ssl=1","width":350,"height":200,"srcset":"https:\/\/i0.wp.com\/www.grieta.org.mx\/wp-content\/uploads\/2018\/12\/0-2-20-660x330.jpg?resize=350%2C200&ssl=1 1x, https:\/\/i0.wp.com\/www.grieta.org.mx\/wp-content\/uploads\/2018\/12\/0-2-20-660x330.jpg?resize=525%2C300&ssl=1 1.5x"},"classes":[]},{"id":61249,"url":"https:\/\/www.grieta.org.mx\/index.php\/2021\/04\/11\/minera-cuzcatlan-de-la-fortune-silver-mines-quiere-ser-amiga-de-la-4t-oaxaca\/","url_meta":{"origin":61242,"position":4},"title":"Minera Cuzcatl\u00e1n, de la Fortune Silver Mines, quiere ser amiga de la 4T (Oaxaca)","author":"grieta","date":"11 abril, 2021","format":false,"excerpt":"Contal\u00ednea \/ Z\u00f3zimo Camacho. En la Minera Cuzcatl\u00e1n, de la canadiense Fortuna Silver Mines, est\u00e1n de pl\u00e1cemes. Finalmente los actuales funcionarios federales y estatales no han resultado tan duros de roer. Los sugestivos cabilderos del emporio minero han conseguido la bendici\u00f3n del gobierno de Oaxaca y de dos secretar\u00edas federales\u2026","rel":"","context":"En &quot;CINTILLO&quot;","block_context":{"text":"CINTILLO","link":"https:\/\/www.grieta.org.mx\/index.php\/category\/cintillo\/"},"img":{"alt_text":"","src":"https:\/\/i0.wp.com\/www.grieta.org.mx\/wp-content\/uploads\/2021\/08\/Y.jpg?resize=350%2C200&ssl=1","width":350,"height":200,"srcset":"https:\/\/i0.wp.com\/www.grieta.org.mx\/wp-content\/uploads\/2021\/08\/Y.jpg?resize=350%2C200&ssl=1 1x, https:\/\/i0.wp.com\/www.grieta.org.mx\/wp-content\/uploads\/2021\/08\/Y.jpg?resize=525%2C300&ssl=1 1.5x"},"classes":[]},{"id":59655,"url":"https:\/\/www.grieta.org.mx\/index.php\/2021\/04\/08\/se-agota-el-oro-y-la-plata-en-oaxaca-se-lo-llevo-minera-cuzcatlan-y-de-paso-contamino-el-rio\/","url_meta":{"origin":61242,"position":5},"title":"Se agota el oro y la plata en Oaxaca; se lo llev\u00f3 Minera Cuzcatl\u00e1n y de paso contamin\u00f3 el r\u00edo","author":"grieta","date":"8 abril, 2021","format":false,"excerpt":"Regeneraci\u00f3n Radio \/ Sandra Suaste. Contaminaci\u00f3n, da\u00f1os a la salud, elusi\u00f3n de pagos y deterioro en las relaciones comunitarias son algunas de las consecuencias despu\u00e9s de 12 a\u00f1os de que Minera Cuzcatl\u00e1n se instal\u00f3 en San Jos\u00e9 del Progreso, Oaxaca. Y aunque la mina est\u00e1 situada en esa zona, los\u2026","rel":"","context":"En &quot;CINTILLO&quot;","block_context":{"text":"CINTILLO","link":"https:\/\/www.grieta.org.mx\/index.php\/category\/cintillo\/"},"img":{"alt_text":"","src":"https:\/\/i0.wp.com\/www.grieta.org.mx\/wp-content\/uploads\/2018\/03\/14524434_1106112876131411_958039263622046936_o.jpg?resize=350%2C200&ssl=1","width":350,"height":200,"srcset":"https:\/\/i0.wp.com\/www.grieta.org.mx\/wp-content\/uploads\/2018\/03\/14524434_1106112876131411_958039263622046936_o.jpg?resize=350%2C200&ssl=1 1x, https:\/\/i0.wp.com\/www.grieta.org.mx\/wp-content\/uploads\/2018\/03\/14524434_1106112876131411_958039263622046936_o.jpg?resize=525%2C300&ssl=1 1.5x, https:\/\/i0.wp.com\/www.grieta.org.mx\/wp-content\/uploads\/2018\/03\/14524434_1106112876131411_958039263622046936_o.jpg?resize=700%2C400&ssl=1 2x"},"classes":[]}],"_links":{"self":[{"href":"https:\/\/www.grieta.org.mx\/index.php\/wp-json\/wp\/v2\/posts\/61242","targetHints":{"allow":["GET"]}}],"collection":[{"href":"https:\/\/www.grieta.org.mx\/index.php\/wp-json\/wp\/v2\/posts"}],"about":[{"href":"https:\/\/www.grieta.org.mx\/index.php\/wp-json\/wp\/v2\/types\/post"}],"author":[{"embeddable":true,"href":"https:\/\/www.grieta.org.mx\/index.php\/wp-json\/wp\/v2\/users\/2"}],"replies":[{"embeddable":true,"href":"https:\/\/www.grieta.org.mx\/index.php\/wp-json\/wp\/v2\/comments?post=61242"}],"version-history":[{"count":1,"href":"https:\/\/www.grieta.org.mx\/index.php\/wp-json\/wp\/v2\/posts\/61242\/revisions"}],"predecessor-version":[{"id":61244,"href":"https:\/\/www.grieta.org.mx\/index.php\/wp-json\/wp\/v2\/posts\/61242\/revisions\/61244"}],"wp:featuredmedia":[{"embeddable":true,"href":"https:\/\/www.grieta.org.mx\/index.php\/wp-json\/wp\/v2\/media\/61243"}],"wp:attachment":[{"href":"https:\/\/www.grieta.org.mx\/index.php\/wp-json\/wp\/v2\/media?parent=61242"}],"wp:term":[{"taxonomy":"category","embeddable":true,"href":"https:\/\/www.grieta.org.mx\/index.php\/wp-json\/wp\/v2\/categories?post=61242"},{"taxonomy":"post_tag","embeddable":true,"href":"https:\/\/www.grieta.org.mx\/index.php\/wp-json\/wp\/v2\/tags?post=61242"}],"curies":[{"name":"wp","href":"https:\/\/api.w.org\/{rel}","templated":true}]}}