{"id":61170,"date":"2021-08-06T23:13:57","date_gmt":"2021-08-07T04:13:57","guid":{"rendered":"https:\/\/www.grieta.org.mx\/?p=61170"},"modified":"2021-08-17T23:17:44","modified_gmt":"2021-08-18T04:17:44","slug":"pueblos-y-barrios-originarios-rechazan-nuevas-centralidades-del-gobierno-de-sheinbaum-ciudad-de-mexico","status":"publish","type":"post","link":"https:\/\/www.grieta.org.mx\/index.php\/2021\/08\/06\/pueblos-y-barrios-originarios-rechazan-nuevas-centralidades-del-gobierno-de-sheinbaum-ciudad-de-mexico\/","title":{"rendered":"Pueblos y barrios originarios rechazan \u201cnuevas centralidades\u201d del gobierno de Sheinbaum (Ciudad de M\u00e9xico)"},"content":{"rendered":"<p>Texto y Fotos: Arturo Contreras Camero \/ Pie de P\u00e1gina<\/p>\n<p><strong>El Frente por la defensa de los derechos de los pueblos y barrios originarios de la cuenca del An\u00e1huac rechaza la propuesta de crear nuevas centralidades urbanas en barrios y pueblos de la ciudad, como estipula el proyecto de Programa de ordenamiento territorial 2020-2035 de la jefatura de Gobierno<\/strong><\/p>\n<p>CIUDAD DE M\u00c9XICO.- \u201c\u00a1La ciudad est\u00e1 siendo construida sobre los pueblos y barrios!\u201d, alerta con un micr\u00f3fono desde la banqueta Alejandro Vel\u00e1zquez, miembro de la organizaci\u00f3n de pueblos y barrios de Xochimilco, que es parte del Frente de pueblos y barrios del An\u00e1huac. Frente a \u00e9l una veintena de personas, todas de diferentes barrios y colonias de la ciudad, detr\u00e1s, una l\u00ednea de mujeres otom\u00edes sostienen banderas y mantas. Todos se oponen a la propuesta de nuevas centralidades y desarrollo urbano del Programa de ordenamiento territorial 2020- 2035.<\/p>\n<p>Dicho Programa junto con el Plan General de Desarrollo de la Ciudad son una propuesta de la jefatura de Gobierno de la Ciudad de M\u00e9xico sobre c\u00f3mo deber\u00eda planearse y desarrollarse la ciudad de aqu\u00ed a 15 y 20 a\u00f1os. Su creaci\u00f3n fue un mandato de la Constituci\u00f3n de la ciudad, promulgada en 2018. Y su elaboraci\u00f3n supon\u00eda una participaci\u00f3n social amplia, sin embargo, la oficina de la jefa de Gobierno, Claudia Shienbuam, se adelant\u00f3 y desarroll\u00f3 un proyecto que apenas se est\u00e1 empezando a dar a conocer entre la ciudadan\u00eda.<\/p>\n<p>La decisi\u00f3n <a href=\"https:\/\/piedepagina.mx\/por-clamor-popular-abren-proceso-de-planeacion-de-la-cdmx-a-20-anos\/\">levant\u00f3 cr\u00edticas entre diversos grupos vecinales<\/a>, lo que llev\u00f3 a que el gobierno pospusiera el plazo de consulta sobre ambas propuestas desde este mes hasta el pr\u00f3ximo a\u00f1o. Por eso, el Frente de pueblos y barrios del An\u00e1huac levanta su protesta en la banqueta de las oficinas del Instituto de Planeaci\u00f3n de la Ciudad (el encargado de elaborar las propuestas y el que las deber\u00e1 llevar a cabo), para que el gobierno escuche otras propuestas.<\/p>\n<p>Durante el mitin, Alejandr\u00f3 Vel\u00e1zquez explic\u00f3 que el proyecto de programa de ordenamiento territorial, el documento que determina qu\u00e9 y d\u00f3nde se construye en la ciudad, establece la creaci\u00f3n de nuevas centralidades, o polos de desarrollo en la ciudad.<\/p>\n<p>Seg\u00fan el proyecto en la ciudad existen 12 centralidades urbanas y se planea sumar siete m\u00e1s, tres de ellas se pretenden hacer en pueblos originarios o con suelo de conservaci\u00f3n como Topilejo en Tlalpan, San Antonio Tec\u00f3mitl en Milpa Alta y Santa Mar\u00eda Tepepan en Xochimilco. La propuesta completa, de 546 p\u00e1ginas, <a href=\"https:\/\/sepi.cdmx.gob.mx\/storage\/app\/uploads\/public\/60e\/8ed\/a61\/60e8eda61cceb813715848.pdf\">se puede consultar en este enlace<\/a>.<\/p>\n<p>\u201cHacemos un llamado, una exigencia, a no pasar por encima de los pueblos. Estamos cansados de que se pase por encima de los pueblos. Antes fue un proceso de conquista, ahora con estos polos empieza una nueva colonizaci\u00f3n\u201d, asegura Alejandro.<\/p>\n<figure class=\"wp-block-image size-full\"><img loading=\"lazy\" decoding=\"async\" class=\"wp-image-71945\" src=\"https:\/\/piedepagina.mx\/wp-content\/uploads\/2021\/08\/pdp_pueblos_originarioa_seduvi_050821_acc-3-1.jpg\" sizes=\"auto, (max-width: 992px) 100vw, 992px\" srcset=\"https:\/\/piedepagina.mx\/wp-content\/uploads\/2021\/08\/pdp_pueblos_originarioa_seduvi_050821_acc-3-1.jpg 992w, https:\/\/piedepagina.mx\/wp-content\/uploads\/2021\/08\/pdp_pueblos_originarioa_seduvi_050821_acc-3-1-450x300.jpg 450w, https:\/\/piedepagina.mx\/wp-content\/uploads\/2021\/08\/pdp_pueblos_originarioa_seduvi_050821_acc-3-1-768x512.jpg 768w\" alt=\"\" width=\"992\" height=\"661\" \/><figcaption>Alejandro Vel\u00e1zquez, miembro de la organizaci\u00f3n\u00a0de pueblos y barrios de Xochimilco, que es parte del Frente de pueblos y barrios del An\u00e1huac, sostiene la propuesta de usos de suelo presentada en el Plan de Ordenamiento Territorial en la Ciudad de M\u00e9xico.<\/figcaption><\/figure>\n<p><strong>Hablando del rey de Roma<\/strong><\/p>\n<p>Durante la protesta del Frente, personal de la oficina del director del Instituto de Planeaci\u00f3n de la Ciudad sali\u00f3 del edificio a escuchar las demandas. El Frente le entreg\u00f3 una carta con los motivos por los que se oponen a su proyecto y por los que consideran, se deber\u00eda elaborar uno nuevo.<\/p>\n<p>El Frente plante\u00f3 una reuni\u00f3n con el Instituto para el pr\u00f3ximo jueves. Pablo Benlliure, director del Instituto, ha sostenido diversas reuniones con grupos vecinales de la ciudad durante las \u00faltimas semanas.<\/p>\n<p>\u201cNos vamos a preparar, estamos por invitar a acad\u00e9micos, para que si quieren hablar de temas especializados, pues tengamos asesor\u00eda para poder responder, que sea algo muy incluyente\u201d, coment\u00f3 Alejandro. \u201cLa difusi\u00f3n del Plan y del Programa no puede ser \u00fanicamente a trav\u00e9s de la descarga por internet de documentos de m\u00e1s de mil p\u00e1ginas (en conjunto ambos suman 822 hojas). Los documentos contienen informaci\u00f3n especializada, lo que impide igualdad de condiciones o un piso com\u00fan para debatir ampliamente sobre sus contenidos\u201d.<\/p>\n<figure class=\"wp-block-image size-full\"><img loading=\"lazy\" decoding=\"async\" class=\"wp-image-71946\" src=\"https:\/\/piedepagina.mx\/wp-content\/uploads\/2021\/08\/pdp_pueblos_originarioa_seduvi_050821_acc-2.jpg\" sizes=\"auto, (max-width: 992px) 100vw, 992px\" srcset=\"https:\/\/piedepagina.mx\/wp-content\/uploads\/2021\/08\/pdp_pueblos_originarioa_seduvi_050821_acc-2.jpg 992w, https:\/\/piedepagina.mx\/wp-content\/uploads\/2021\/08\/pdp_pueblos_originarioa_seduvi_050821_acc-2-450x300.jpg 450w, https:\/\/piedepagina.mx\/wp-content\/uploads\/2021\/08\/pdp_pueblos_originarioa_seduvi_050821_acc-2-768x512.jpg 768w\" alt=\"\" width=\"992\" height=\"661\" \/><figcaption>El Frente por la defensa de los derechos de los pueblos y barrios originarios de la cuenca del An\u00e1huac se form\u00f3 recientemente y coordina a una red de divcersos colectivos vecinales y barriales de la ciudad.\u00a0<\/figcaption><\/figure>\n<h3><strong>El desarrollo en las \u00abnuevas centralidades\u00a0<\/strong>\u00ab<\/h3>\n<p>El n\u00facleo que se propone en Topilejo y en Tec\u00f3mitl, Milpa Alta, necesitar\u00e1 pasar por encima de las leyes que rigen la propiedad agraria, ejidal, de las tierras, mientras que Santa Mar\u00eda Tepepan es una zona altamente afectada por la construcci\u00f3n de condominios residenciales de lujo.<\/p>\n<p>Alejandro teme que en estas zonas se pretenda hacer un desarrollo inmobiliario como el que se est\u00e1 realizando en el Pueblo de Xoco, cerca de Coyoac\u00e1n, donde la construcci\u00f3n del megaproyecto urbano M\u00edtikah amenaza la permanencia del barrio y del pueblo de Xoco.<\/p>\n<p>La propuesta de Programa abiertamente establece la posibilidad de urbanizar el suelo de conservaci\u00f3n con industria o comercio, seg\u00fan alerta el Frente en el comunicado que entregaron al Instituto, sin tener claro el impacto negativo que esto podr\u00eda tener en esas comunidades.<\/p>\n<p><a href=\"https:\/\/piedepagina.mx\/pueblos-y-barrios-originarios-rechazan-nuevas-centralidades-del-gobierno-de-sheinbaum\/\" target=\"_blank\" rel=\"noopener\">https:\/\/piedepagina.mx\/pueblos-y-barrios-originarios-rechazan-nuevas-centralidades-del-gobierno-de-sheinbaum\/<\/a><\/p>\n","protected":false},"excerpt":{"rendered":"<p>Texto y Fotos: Arturo Contreras Camero \/ Pie de P\u00e1gina El Frente por la defensa de los derechos de los pueblos y barrios originarios de la cuenca del An\u00e1huac rechaza &hellip; <a href=\"https:\/\/www.grieta.org.mx\/index.php\/2021\/08\/06\/pueblos-y-barrios-originarios-rechazan-nuevas-centralidades-del-gobierno-de-sheinbaum-ciudad-de-mexico\/\" class=\"more-link\">Leer m\u00e1s<\/a><\/p>\n","protected":false},"author":2,"featured_media":61171,"comment_status":"closed","ping_status":"closed","sticky":false,"template":"","format":"standard","meta":{"ngg_post_thumbnail":0,"_jetpack_newsletter_access":"","_jetpack_dont_email_post_to_subs":false,"_jetpack_newsletter_tier_id":0,"_jetpack_memberships_contains_paywalled_content":false,"_jetpack_memberships_contains_paid_content":false,"footnotes":""},"categories":[80,14,1044,2065,2],"tags":[1210],"class_list":["post-61170","post","type-post","status-publish","format-standard","has-post-thumbnail","hentry","category-cintillo","category-ciudad-de-mexico","category-desarrollos-inmobiliarios-en-la-ciudad-de-mexico","category-movilizaciones-y-protestas-de-habitantes-de-la-ciudad-de-mexico","category-noticias-nacionales","tag-conflictos-por-desarrollos-inmobiliarios","entry"],"jetpack_featured_media_url":"https:\/\/www.grieta.org.mx\/wp-content\/uploads\/2021\/08\/Pueblos-y-barrios-originarios-rechazan-nuevas-centralidades-del-gobierno-de-Sheinbaum-cdmx-ago.jpg","jetpack_sharing_enabled":true,"jetpack_shortlink":"https:\/\/wp.me\/p7ZJR4-fUC","jetpack_likes_enabled":false,"jetpack-related-posts":[{"id":62261,"url":"https:\/\/www.grieta.org.mx\/index.php\/2021\/10\/05\/pueblos-y-barrios-originarios-de-cdmx-luchan-por-reconocimiento-oficial\/","url_meta":{"origin":61170,"position":0},"title":"Pueblos y barrios originarios de CDMX luchan por reconocimiento oficial","author":"grieta","date":"5 octubre, 2021","format":false,"excerpt":"exto y fotos: Arturo Contreras Camero Pie de P\u00e1gina El Frente de los Pueblos y Barrios del An\u00e1huac logr\u00f3 abrir una mesa de negociaci\u00f3n para que la Secretar\u00eda de Pueblos y Barrios de la Ciudad de M\u00e9xico los registre y reconozca, lo que les permitir\u00eda opinar sobre los proyectos planeados\u2026","rel":"","context":"En &quot;CINTILLO&quot;","block_context":{"text":"CINTILLO","link":"https:\/\/www.grieta.org.mx\/index.php\/category\/cintillo\/"},"img":{"alt_text":"","src":"https:\/\/i0.wp.com\/www.grieta.org.mx\/wp-content\/uploads\/2021\/10\/Pueblos-y-barrios-originarios-de-CDMX-luchan-por-reconocimiento-oficial-octo-cdmx.jpg?resize=350%2C200&ssl=1","width":350,"height":200,"srcset":"https:\/\/i0.wp.com\/www.grieta.org.mx\/wp-content\/uploads\/2021\/10\/Pueblos-y-barrios-originarios-de-CDMX-luchan-por-reconocimiento-oficial-octo-cdmx.jpg?resize=350%2C200&ssl=1 1x, https:\/\/i0.wp.com\/www.grieta.org.mx\/wp-content\/uploads\/2021\/10\/Pueblos-y-barrios-originarios-de-CDMX-luchan-por-reconocimiento-oficial-octo-cdmx.jpg?resize=525%2C300&ssl=1 1.5x, https:\/\/i0.wp.com\/www.grieta.org.mx\/wp-content\/uploads\/2021\/10\/Pueblos-y-barrios-originarios-de-CDMX-luchan-por-reconocimiento-oficial-octo-cdmx.jpg?resize=700%2C400&ssl=1 2x"},"classes":[]},{"id":26442,"url":"https:\/\/www.grieta.org.mx\/index.php\/2018\/09\/15\/detiene-la-policia-de-la-ciudad-de-mexico-a-integrantes-de-la-asamblea-general-de-los-pueblos-barrios-y-colonias-de-coyoacan\/","url_meta":{"origin":61170,"position":1},"title":"Detiene la polic\u00eda de la Ciudad de M\u00e9xico a integrantes de la Asamblea General de los Pueblos, Barrios y Colonias de Coyoac\u00e1n","author":"grieta","date":"15 septiembre, 2018","format":false,"excerpt":"COLECTIVO GRIETA El d\u00eda de hoy, s\u00e1bado 15 de septiembre hacia las 10:30 hrs., polic\u00edas capitalinos detuvieron con lujo de violencia a Gustavo Rosas y Vicente Soria, defensores del manantial ubicado en el predio de Aztecas 215, donde la inmobiliaria \"Quiero Casa\" de los hermanos Shabot Cherem lleva dos a\u00f1os\u2026","rel":"","context":"En &quot;CINTILLO&quot;","block_context":{"text":"CINTILLO","link":"https:\/\/www.grieta.org.mx\/index.php\/category\/cintillo\/"},"img":{"alt_text":"","src":"https:\/\/i0.wp.com\/www.grieta.org.mx\/wp-content\/uploads\/2018\/03\/14524434_1106112876131411_958039263622046936_o.jpg?resize=350%2C200&ssl=1","width":350,"height":200,"srcset":"https:\/\/i0.wp.com\/www.grieta.org.mx\/wp-content\/uploads\/2018\/03\/14524434_1106112876131411_958039263622046936_o.jpg?resize=350%2C200&ssl=1 1x, https:\/\/i0.wp.com\/www.grieta.org.mx\/wp-content\/uploads\/2018\/03\/14524434_1106112876131411_958039263622046936_o.jpg?resize=525%2C300&ssl=1 1.5x, https:\/\/i0.wp.com\/www.grieta.org.mx\/wp-content\/uploads\/2018\/03\/14524434_1106112876131411_958039263622046936_o.jpg?resize=700%2C400&ssl=1 2x"},"classes":[]},{"id":64927,"url":"https:\/\/www.grieta.org.mx\/index.php\/2022\/08\/23\/pueblos-nahuas-de-cuajimalpa-se-niegan-a-desaparecer-ciudad-de-mexico\/","url_meta":{"origin":61170,"position":2},"title":"Pueblos nahuas de Cuajimalpa se niegan a desaparecer (Ciudad de M\u00e9xico)","author":"grieta","date":"23 agosto, 2022","format":false,"excerpt":"Texto y Fotos:\u00a0Joel Cabrales** \/ Pie de P\u00e1gina 19 agosto, 2022 Cuatro pueblos nahuas de Cuajimalpa protestan contra el \u201csistema de registro y documentaci\u00f3n de Pueblos y Barrios Originarios y Comunidades Ind\u00edgenas Residentes de la Ciudad de M\u00e9xico por omitir su derecho colectivo y ser discriminatorio. \u201cEnaltecer\u00e1s a tu pueblo\u2026","rel":"","context":"En &quot;Ciudad de M\u00e9xico&quot;","block_context":{"text":"Ciudad de M\u00e9xico","link":"https:\/\/www.grieta.org.mx\/index.php\/category\/noticias-nacionales\/ciudad-de-mexico\/"},"img":{"alt_text":"","src":"https:\/\/i0.wp.com\/www.grieta.org.mx\/wp-content\/uploads\/2018\/03\/14524434_1106112876131411_958039263622046936_o.jpg?resize=350%2C200&ssl=1","width":350,"height":200,"srcset":"https:\/\/i0.wp.com\/www.grieta.org.mx\/wp-content\/uploads\/2018\/03\/14524434_1106112876131411_958039263622046936_o.jpg?resize=350%2C200&ssl=1 1x, https:\/\/i0.wp.com\/www.grieta.org.mx\/wp-content\/uploads\/2018\/03\/14524434_1106112876131411_958039263622046936_o.jpg?resize=525%2C300&ssl=1 1.5x, https:\/\/i0.wp.com\/www.grieta.org.mx\/wp-content\/uploads\/2018\/03\/14524434_1106112876131411_958039263622046936_o.jpg?resize=700%2C400&ssl=1 2x"},"classes":[]},{"id":10052,"url":"https:\/\/www.grieta.org.mx\/index.php\/2016\/03\/10\/pueblos-de-xochimilco-contra-megaproyectos\/","url_meta":{"origin":61170,"position":3},"title":"Pueblos de Xochimilco contra megaproyectos","author":"grieta","date":"10 marzo, 2016","format":false,"excerpt":"08\/03\/16. Comunicado. CONTRA PROYECTO ECOTUR\u00cdSTICO en XochimilcoCoordinaci\u00f3n de Pueblos, Barrios Originarios y Colonias de Xochimilco 29\/02\/16. Mapa de megaproyectos en XochimilcoCoordinaci\u00f3n de Pueblos, Barrios Originarios y Colonias de Xochimilco 22\/01\/16. Walmart dejar\u00eda sin agua a colonias enteras de XochimilcoCoordinaci\u00f3n de Pueblos, Barrios Originarios y Colonias de Xochimilco 17\/01\/16. Crean en\u2026","rel":"","context":"En &quot;Ciudad de M\u00e9xico&quot;","block_context":{"text":"Ciudad de M\u00e9xico","link":"https:\/\/www.grieta.org.mx\/index.php\/category\/noticias-nacionales\/ciudad-de-mexico\/"},"img":{"alt_text":"","src":"https:\/\/i0.wp.com\/www.grieta.org.mx\/wp-content\/uploads\/2018\/03\/14524434_1106112876131411_958039263622046936_o.jpg?resize=350%2C200&ssl=1","width":350,"height":200,"srcset":"https:\/\/i0.wp.com\/www.grieta.org.mx\/wp-content\/uploads\/2018\/03\/14524434_1106112876131411_958039263622046936_o.jpg?resize=350%2C200&ssl=1 1x, https:\/\/i0.wp.com\/www.grieta.org.mx\/wp-content\/uploads\/2018\/03\/14524434_1106112876131411_958039263622046936_o.jpg?resize=525%2C300&ssl=1 1.5x, https:\/\/i0.wp.com\/www.grieta.org.mx\/wp-content\/uploads\/2018\/03\/14524434_1106112876131411_958039263622046936_o.jpg?resize=700%2C400&ssl=1 2x"},"classes":[]},{"id":68058,"url":"https:\/\/www.grieta.org.mx\/index.php\/2023\/11\/05\/pueblos-originarios-buscan-frenar-al-pgot-por-temor-a-despojos-y-megaproyectos-ciudad-de-mexico\/","url_meta":{"origin":61170,"position":4},"title":"Pueblos originarios buscan frenar al PGOT por temor a despojos y megaproyectos (Ciudad de M\u00e9xico)","author":"grieta","date":"5 noviembre, 2023","format":false,"excerpt":"\u00a0 Integrantes de pueblos y barrios originarios manifestaron su inconformidad contra la aprobaci\u00f3n del PGOT a las afueras del Estadio Azteca. Jos\u00e9 Luis Ramos Col\u00edn \/ Publimetro Fotos tomadas de: publimetro.com.mx Sesenta y seis pueblos y barrios originarios de la CDMX aseguran que el PGOT promover\u00e1 la urbanizaci\u00f3n del suelo\u2026","rel":"","context":"En &quot;CINTILLO&quot;","block_context":{"text":"CINTILLO","link":"https:\/\/www.grieta.org.mx\/index.php\/category\/cintillo\/"},"img":{"alt_text":"","src":"","width":0,"height":0},"classes":[]},{"id":42302,"url":"https:\/\/www.grieta.org.mx\/index.php\/2019\/12\/17\/resisten-contra-megaproyecto-urbanizador-en-xochimilco-ciudad-de-mexico\/","url_meta":{"origin":61170,"position":5},"title":"Resisten contra megaproyecto urbanizador en Xochimilco (Ciudad de M\u00e9xico)","author":"grieta","date":"17 diciembre, 2019","format":false,"excerpt":"Foto: Mar\u00eda Fernanda Ruiz Arturo Contreras Camero \/ Pie de P\u00e1gina Pobladores de Xochimilco se organizan en contra del plan de las autoridades locales de \u201cdesarrollar\u201d la demarcaci\u00f3n con base en su urbanizaci\u00f3n con plazas comerciales y tiendas de conveniencia. Un tipo de desarrollo, advierten, que podr\u00eda terminar por secar\u2026","rel":"","context":"En &quot;CINTILLO&quot;","block_context":{"text":"CINTILLO","link":"https:\/\/www.grieta.org.mx\/index.php\/category\/cintillo\/"},"img":{"alt_text":"","src":"https:\/\/i0.wp.com\/www.grieta.org.mx\/wp-content\/uploads\/2019\/12\/Resisten-contra-megaproyecto-urbanizador-en-Xochimilco-cdmx-dic.jpg?resize=350%2C200&ssl=1","width":350,"height":200,"srcset":"https:\/\/i0.wp.com\/www.grieta.org.mx\/wp-content\/uploads\/2019\/12\/Resisten-contra-megaproyecto-urbanizador-en-Xochimilco-cdmx-dic.jpg?resize=350%2C200&ssl=1 1x, https:\/\/i0.wp.com\/www.grieta.org.mx\/wp-content\/uploads\/2019\/12\/Resisten-contra-megaproyecto-urbanizador-en-Xochimilco-cdmx-dic.jpg?resize=525%2C300&ssl=1 1.5x, https:\/\/i0.wp.com\/www.grieta.org.mx\/wp-content\/uploads\/2019\/12\/Resisten-contra-megaproyecto-urbanizador-en-Xochimilco-cdmx-dic.jpg?resize=700%2C400&ssl=1 2x, https:\/\/i0.wp.com\/www.grieta.org.mx\/wp-content\/uploads\/2019\/12\/Resisten-contra-megaproyecto-urbanizador-en-Xochimilco-cdmx-dic.jpg?resize=1050%2C600&ssl=1 3x"},"classes":[]}],"_links":{"self":[{"href":"https:\/\/www.grieta.org.mx\/index.php\/wp-json\/wp\/v2\/posts\/61170","targetHints":{"allow":["GET"]}}],"collection":[{"href":"https:\/\/www.grieta.org.mx\/index.php\/wp-json\/wp\/v2\/posts"}],"about":[{"href":"https:\/\/www.grieta.org.mx\/index.php\/wp-json\/wp\/v2\/types\/post"}],"author":[{"embeddable":true,"href":"https:\/\/www.grieta.org.mx\/index.php\/wp-json\/wp\/v2\/users\/2"}],"replies":[{"embeddable":true,"href":"https:\/\/www.grieta.org.mx\/index.php\/wp-json\/wp\/v2\/comments?post=61170"}],"version-history":[{"count":1,"href":"https:\/\/www.grieta.org.mx\/index.php\/wp-json\/wp\/v2\/posts\/61170\/revisions"}],"predecessor-version":[{"id":61172,"href":"https:\/\/www.grieta.org.mx\/index.php\/wp-json\/wp\/v2\/posts\/61170\/revisions\/61172"}],"wp:featuredmedia":[{"embeddable":true,"href":"https:\/\/www.grieta.org.mx\/index.php\/wp-json\/wp\/v2\/media\/61171"}],"wp:attachment":[{"href":"https:\/\/www.grieta.org.mx\/index.php\/wp-json\/wp\/v2\/media?parent=61170"}],"wp:term":[{"taxonomy":"category","embeddable":true,"href":"https:\/\/www.grieta.org.mx\/index.php\/wp-json\/wp\/v2\/categories?post=61170"},{"taxonomy":"post_tag","embeddable":true,"href":"https:\/\/www.grieta.org.mx\/index.php\/wp-json\/wp\/v2\/tags?post=61170"}],"curies":[{"name":"wp","href":"https:\/\/api.w.org\/{rel}","templated":true}]}}