{"id":61167,"date":"2021-04-26T22:59:14","date_gmt":"2021-04-27T03:59:14","guid":{"rendered":"https:\/\/www.grieta.org.mx\/?p=61167"},"modified":"2021-08-17T23:04:38","modified_gmt":"2021-08-18T04:04:38","slug":"ante-la-imposicion-de-chedraui-mujeres-se-organizan-en-defensa-de-la-vida-ciudad-de-mexico","status":"publish","type":"post","link":"https:\/\/www.grieta.org.mx\/index.php\/2021\/04\/26\/ante-la-imposicion-de-chedraui-mujeres-se-organizan-en-defensa-de-la-vida-ciudad-de-mexico\/","title":{"rendered":"Ante la imposici\u00f3n de Chedraui, mujeres se organizan en defensa de la vida (Ciudad de M\u00e9xico)"},"content":{"rendered":"<p>\u00c1ngel Huerta \/ Avispa Midia<\/p>\n<p>La Sierra de Santa Catarina es una cadena monta\u00f1osa ubicada al sureste de la Ciudad de M\u00e9xico, en las alcald\u00edas de Tl\u00e1huac e Iztapalapa, limitada al sur por los pueblos de San Francisco Tlaltenco y Santiago Zapotitl\u00e1n. Fue declarada \u00e1rea de conservaci\u00f3n ecol\u00f3gica. Tiene una importancia estrat\u00e9gica para la ciudad, pues permite la recarga de los mantos fre\u00e1ticos de que se abastecen de agua los capitalinos.<\/p>\n<p>La inmobiliaria y constructora Patlali S. A de C. V. pretende la construcci\u00f3n de una plaza comercial de 11 215 m2 de construcci\u00f3n en un terreno de 6 283 m2, de tres niveles sobre el nivel de la banqueta y un nivel de estacionamiento bajo el nivel de la banqueta, sobre el predio Carretera a Santa Catarina Eje 10 sur, en el pueblo originario de San Francisco Tlaltenco, en la alcald\u00eda Tl\u00e1huac. Van a instalarse diferentes tiendas, como un Chedraui, restaurantes y un cine. Dicha construcci\u00f3n quedar\u00e1 frente a la sierra Santa Catarina.<\/p>\n<p>Gitana Periferia, vecina de Zapotitl\u00e1n y parte de la organizaci\u00f3n de mujeres aut\u00f3nomas feministas de Tl\u00e1huac, en entrevista para <em>Avispa M\u00eddia<\/em> comenta que su familia lleg\u00f3 en Zapotitl\u00e1n en los a\u00f1os ochentas. \u201cNo hab\u00eda ni edificios, ni transporte p\u00fablico y casi ni siquiera electricidad, ni otro tipo de servicios. Vivo en medio de dos cerros que pertenecen a la sierra de Santa Catarina. Uno es el cerro rojo, \u2018las minas\u2019 que le dicen, y el otro es el ex volc\u00e1n Xaltepec, ambos en la actualidad est\u00e1n siendo minados. En lo que llevo de vida ya han bajado la mitad del cerro, pr\u00e1cticamente se ha perdido la fauna y flora. Toda la arena que sale del cerro est\u00e1 siendo llevada para la construcci\u00f3n del aeropuerto\u201d.<\/p>\n<p>La construcci\u00f3n de la plaza comercial se da pese a que la misma Alcald\u00eda en su proyecto de desarrollo urbano tiene el conocimiento de los Censos Econ\u00f3micos de 1994, donde en ese entonces la Delegaci\u00f3n Tl\u00e1huac ten\u00eda al comercio como la actividad que ocupaba m\u00e1s poblaci\u00f3n, contaba con 3,750 establecimientos (2.23% del Distrito Federal), y ocupaba a 7,729 personas (1.36% del Distrito Federal). Destaca el subsector de \u2018minoristas\u2019 con el 94% de los establecimientos y el 80% del personal ocupado, lo que denota que el comercio al interior de la delegaci\u00f3n es principalmente a peque\u00f1a escala.<\/p>\n<figure class=\"wp-block-image size-large\"><img loading=\"lazy\" decoding=\"async\" data-attachment-id=\"43981\" data-permalink=\"https:\/\/www.grieta.org.mx\/index.php\/2020\/01\/17\/diputado-tala-y-fracciona-el-pulmon-de-guanajuato\/sergio_fernando_ascencio_\/\" data-orig-file=\"https:\/\/www.grieta.org.mx\/wp-content\/uploads\/2020\/02\/Sergio_Fernando_Ascencio_.jpg\" data-orig-size=\"1280,720\" data-comments-opened=\"0\" data-image-meta=\"{&quot;aperture&quot;:&quot;0&quot;,&quot;credit&quot;:&quot;&quot;,&quot;camera&quot;:&quot;&quot;,&quot;caption&quot;:&quot;&quot;,&quot;created_timestamp&quot;:&quot;0&quot;,&quot;copyright&quot;:&quot;&quot;,&quot;focal_length&quot;:&quot;0&quot;,&quot;iso&quot;:&quot;0&quot;,&quot;shutter_speed&quot;:&quot;0&quot;,&quot;title&quot;:&quot;&quot;,&quot;orientation&quot;:&quot;0&quot;}\" data-image-title=\"Sergio_Fernando_Ascencio_\" data-image-description=\"\" data-image-caption=\"&lt;p&gt;Sergio Fernando Ascencio Barba. Fotograf\u00eda de Diputados PAN LXIV Legislatura.&lt;\/p&gt;\n\" data-medium-file=\"https:\/\/www.grieta.org.mx\/wp-content\/uploads\/2020\/02\/Sergio_Fernando_Ascencio_-300x169.jpg\" data-large-file=\"https:\/\/www.grieta.org.mx\/wp-content\/uploads\/2020\/02\/Sergio_Fernando_Ascencio_-1024x576.jpg\" class=\"wp-image-43981 td-animation-stack-type0-2\" src=\"https:\/\/avispa.org\/wp-content\/uploads\/2021\/04\/04_26_Muejres9.jpeg\" sizes=\"auto, (max-width: 640px) 100vw, 640px\" srcset=\"https:\/\/avispa.org\/wp-content\/uploads\/2021\/04\/04_26_Muejres9.jpeg 640w, https:\/\/avispa.org\/wp-content\/uploads\/2021\/04\/04_26_Muejres9-200x300.jpeg 200w, https:\/\/avispa.org\/wp-content\/uploads\/2021\/04\/04_26_Muejres9-280x420.jpeg 280w\" alt=\"\" width=\"640\" height=\"960\" \/><\/figure>\n<p>En entrevista para <em>Avispa Midia<\/em> Cat, de la organizaci\u00f3n Calpulli aut\u00f3noma de Tl\u00e1huac en defensa de la madre tierra y de mujeres aut\u00f3nomas feministas de Tl\u00e1huac se\u00f1ala: \u201cDenunciamos este proyecto llamado paseo Tl\u00e1huac, porque atenta y pone en riesgo toda el \u00e1rea de reserva ecol\u00f3gica de la sierra de Santa Catarina. En la actualidad existe este reconocimiento a nivel legal, a nivel oficial y es una injusticia que quieran construir una mega plaza comercial en una zona que se debe preservar por su importancia ecol\u00f3gica, por los ecosistemas milenarios que encierra la sierra de Santa Catarina y, en concreto, el lado de Tlaltenco\u201d.<\/p>\n<p>\u201cLa llegada 12 del metro pudo bien facilitar el acceso de muchas otras personas que salen de las periferias de este lado a la zona oriente sur para el centro u otros lados, pero al mismo tiempo implic\u00f3 la entrada de megaproyectos para estas zonas. Estos hechos se han detonado justo durante la pandemia cuando la gente ha estado encerrada cuando no ha podido estar viendo lo que est\u00e1n haciendo empresas y monopolios pol\u00edticos\u201d,\u00a0 apunta Periferia.<\/p>\n<h3 id=\"h-impactos\"><strong><span class=\"has-inline-color has-black-color\">Impactos<\/span><\/strong><\/h3>\n<p>Del 30 de julio al 15 de agosto, se realiz\u00f3 una consulta vecinal en l\u00ednea, por parte de la empresa Inmobiliaria y constructora Patlali. Las personas encuestadas mostraron su preocupaci\u00f3n por los impactos negativos reconocidos en su portal. Entre ellos, est\u00e1 el riesgo de mayor desabasto de agua y reducci\u00f3n de asistencia a mercados locales y tiendas familiares, as\u00ed como delincuencia organizada por la construcci\u00f3n de muros ciegos del proyecto que pueden generar espacios oscuros en zonas colindantes del proyecto.<\/p>\n<figure class=\"wp-block-image size-large\"><img loading=\"lazy\" decoding=\"async\" data-attachment-id=\"43982\" data-permalink=\"https:\/\/www.grieta.org.mx\/index.php\/2020\/01\/17\/diputado-tala-y-fracciona-el-pulmon-de-guanajuato\/sierra_2\/\" data-orig-file=\"https:\/\/www.grieta.org.mx\/wp-content\/uploads\/2020\/02\/Sierra_2.jpg\" data-orig-size=\"1600,900\" data-comments-opened=\"0\" data-image-meta=\"{&quot;aperture&quot;:&quot;0&quot;,&quot;credit&quot;:&quot;&quot;,&quot;camera&quot;:&quot;&quot;,&quot;caption&quot;:&quot;&quot;,&quot;created_timestamp&quot;:&quot;0&quot;,&quot;copyright&quot;:&quot;&quot;,&quot;focal_length&quot;:&quot;0&quot;,&quot;iso&quot;:&quot;0&quot;,&quot;shutter_speed&quot;:&quot;0&quot;,&quot;title&quot;:&quot;&quot;,&quot;orientation&quot;:&quot;0&quot;}\" data-image-title=\"Sierra_2\" data-image-description=\"\" data-image-caption=\"&lt;p&gt;El diputado panista Fernando Ascencio Barba fraccion\u00f3 sin los permisos correspondientes la Sierra de Santa Rosa, considerado el pulm\u00f3n en Guanajuato. Sin contar con las autorizaciones, las residencias ya est\u00e1n a la venta en internet&lt;\/p&gt;\n&lt;p&gt;Texto: Carmen Pizano \/ PopLab&lt;\/p&gt;\n&lt;p&gt;Fotos: Juan Jos\u00e9 Plascencia \/ PopLab&lt;\/p&gt;\n&lt;p&gt;GUANAJUATO.- Bajo el amparo del gobierno estatal, el gobierno municipal de Guanajuato y el Sistema Municipal de Agua Potable y Alcantarillado (Simapag), el diputado panista Sergio Fernando Ascencio Barba atenta contra uno de los pocos \u201cpulmones\u201d de la capital del estado: la Sierra de Santa Rosa.&lt;\/p&gt;\n&lt;p&gt;El desarrollo inmobiliario de la empresa Loma de Irapuato, cuyo \u00fanico administrador es el legislador panista representante del distrito 15, ha provocado una indiscriminada tala de \u00e1rboles.&lt;\/p&gt;\n&lt;p&gt;La resistencia de los habitantes a proporcionar agua potable de la Presa del Peralillo para los fines comerciales del empresario deriv\u00f3 en un conflicto social.&lt;\/p&gt;\n&lt;p&gt;Sin hacer alg\u00fan tr\u00e1mite ante la Secretar\u00eda de Medio Ambiente y Recursos Naturales (Semarnat), el empresario y pol\u00edtico irapuatense inici\u00f3 con el proyecto de construir un hotel en la Sierra de Santa Rosa.&lt;\/p&gt;\n&lt;p&gt;Con el aval del organismo operador del agua, bajo la direcci\u00f3n de Jos\u00e9 Lara Lona, consigui\u00f3 la firma del Comit\u00e9 del Agua de Santa Rosa, para el suministro del l\u00edquido en el hotel. Esta decisi\u00f3n trajo la inconformidad de los habitantes.&lt;\/p&gt;\n&lt;p&gt;Meses despu\u00e9s, el legislador del PAN cambi\u00f3 el proyecto a un fraccionamiento residencial. Le pareci\u00f3 m\u00e1s rentable fraccionar los 67 mil 680 metros cuadrados del predio conocido como Cucursola.&lt;br \/&gt;\nM\u00e1s demanda de agua&lt;\/p&gt;\n&lt;p&gt;El cambio de proyecto de hotel a fraccionamiento residencial implica que el suministro de agua se duplique. En el documento original presentado al Comit\u00e9 de Agua de Santa Rosa, el desarrollador solicitaba 700 metros c\u00fabicos mensuales para la operaci\u00f3n del hotel. En el nuevo proyecto presentado ante el Simapag para fraccionamiento residencial, la empresa del diputado panista solicita 1 mil 800 metros c\u00fabicos de agua.&lt;\/p&gt;\n&lt;p&gt;Al llegar como delegada de la comunidad Santa Rosa, Blanca Cabrera Mart\u00ednez advirti\u00f3 del riesgo que correr\u00edan los habitantes de la zona por el desabasto del agua, al ceder el recurso de la Presa de Peralillo para un desarrollo habitacional como el impulsado por Sergio Fernando Ascencio Barba.&lt;br \/&gt;\nDe la Presa de Peralillo se abastecen de agua comunidades de la Sierra&lt;br \/&gt;\nDe la Presa de Peralillo se abastecen de agua comunidades de la Sierra.&lt;\/p&gt;\n&lt;p&gt;Ascencio ha pedido la colaboraci\u00f3n del gobierno de Diego Sinhue Rodr\u00edguez para liberar los permisos estatales y municipales. El alcalde panista Alejandro Navarro Salda\u00f1a ha permitido en los \u00faltimos meses la lotificaci\u00f3n y, sin permisos, la empresa ya ofrece a la venta los terrenos residenciales.&lt;\/p&gt;\n&lt;p&gt;El Comit\u00e9 del Agua de Santa Rosa asegur\u00f3 que no habr\u00e1 suministro para el fraccionamiento, porque as\u00ed lo han pedido los pobladores. Pero la incertidumbre del abasto del l\u00edquido no ha frenado al diputado, quien comenz\u00f3 a ofrecer los predios de entre 1 mil y 1 mil 200 metros cuadrados.&lt;br \/&gt;\nOrigen del desarrollo&lt;\/p&gt;\n&lt;p&gt;Durante la gubernatura de Miguel M\u00e1rquez M\u00e1rquez y el gobierno municipal de \u00c9dgar Castro Cerrillo se dieron las primeras autorizaciones para el desarrollo en el predio conocido como La Rosita. Esto, sin que exista ning\u00fan permiso por parte de Semarnat, seg\u00fan confirm\u00f3 el exdelegado de la dependencia federal, Israel Cabrera Barr\u00f3n.&lt;\/p&gt;\n&lt;p&gt;El ahora diputado local por el PVEM coment\u00f3 que hasta marzo de 2018 no existi\u00f3 en Semarnat ninguna autorizaci\u00f3n para el desarrollo. PoPLab confirm\u00f3 con fuentes del gobierno federal que no existe ante Semarnat ning\u00fan tipo de tr\u00e1mite en los \u00faltimos dos a\u00f1os para el desarrollo habitacional.&lt;\/p&gt;\n&lt;p&gt;Loma de Irapuato, empresa del ahora diputado federal, realiz\u00f3 todos los tr\u00e1mites para la construcci\u00f3n de un hotel que no tendr\u00eda m\u00e1s de 70 habitaciones s\u00f3lo ante las autoridades de Guanajuato.&lt;\/p&gt;\n&lt;p&gt;El Comit\u00e9 del Agua de Santa Rosa, con la intervenci\u00f3n del entonces director de Simapag Jos\u00e9 Lara Lona, autoriz\u00f3 que pudieran extraer hasta 700 metros c\u00fabicos de agua cruda al mes.&lt;br \/&gt;\nEn el convenio firmado por el Comit\u00e9 del Agua se concede el l\u00edquido para un hotel que no exceder\u00eda los 700 metros c\u00fabicos al mes en la primera etapa&lt;\/p&gt;\n&lt;p&gt;Sin aviso a las autoridades, Ascencio cambi\u00f3 el proyecto a un fraccionamiento residencial.&lt;\/p&gt;\n&lt;p&gt;El descontento entre la poblaci\u00f3n oblig\u00f3 al Comit\u00e9 de Agua que preside Francisco Granado a negar una nueva autorizaci\u00f3n para que el fraccionamiento pueda tomar agua de la Presa de Peralillo. \u00c9sta abastece del l\u00edquido a Santa Rosa de Lima y comunidades aleda\u00f1as, como Monte de San Nicol\u00e1s y Las Flores.&lt;br \/&gt;\n\u00bfQui\u00e9n es Sergio Fernando Ascencio Barba?&lt;\/p&gt;\n&lt;p&gt;Empresario dedicado al ramo tur\u00edstico. Lleg\u00f3 a la diputaci\u00f3n federal despu\u00e9s de aspirar a ser el candidato del PAN a la presidencia municipal de Irapuato en el a\u00f1o 2018.&lt;\/p&gt;\n&lt;p&gt;Es nieto del empresario, ya fallecido, Fernando Barba, desarrollador de Villas de Irapuato. Es sobrino en segundo grado de Rafael Barba Vargas, compadre del ex gobernador Miguel M\u00e1rquez, se\u00f1alado reiteradametne por realizar tr\u00e1fico de influencia durante su sexenio.&lt;\/p&gt;\n&lt;p&gt;Trabaj\u00f3 durante un a\u00f1o como jefe de departamento en el \u00e1rea de Planeaci\u00f3n de Sedesol, durante el sexenio de Vicente Fox Quesada. De 2014 a 2015 fue integrante del Consejo Municipal de Vivienda de Irapuato.&lt;\/p&gt;\n&lt;p&gt;Ascencio Barba es propietario de Hotel One; director general del Centro Corporativo Stern; director de Stain Hotels y presidente de la Oficina de Convenciones y Visitantes de Irapuato, actividades que combina con la tarea de legislador, seg\u00fan consta en el curr\u00edculum publicado por la C\u00e1mara de Diputados.&lt;br \/&gt;\nSergio Fernando Ascencio Barba. Fotograf\u00eda de Diputados PAN LXIV Legislatura&lt;br \/&gt;\nSergio Fernando Ascencio Barba. Fotograf\u00eda de Diputados PAN LXIV Legislatura.&lt;br \/&gt;\nTala a cambio de donativo de \u00e1rboles al municipio&lt;\/p&gt;\n&lt;p&gt;El terreno r\u00fastico conocido como La Rosita, donde actualmente se trazan 51 lotes que van a conformar el fraccionamiento Cucursola, luce talado. Tiene varios caminos que ser\u00e1n los que dividan una casa-habitaci\u00f3n de otra.&lt;\/p&gt;\n&lt;p&gt;El director de Medio Ambiente y Ordenamiento Territorial del municipio, Juan Carlos Delgado Z\u00e1rate, confirm\u00f3 que el gobierno municipal otorg\u00f3 los permisos para lotificar y tumbar \u00e1rboles. A cambio, pidieron \u201ccompensar\u201d con la siembra de otros \u00e1rboles en la sierra y la donaci\u00f3n de otros tantos al municipio.&lt;br \/&gt;\nParte de la tala solo para lotificar. Fotograf\u00eda de Juan Jos\u00e9 Plascencia&lt;br \/&gt;\nParte de la tala solo para lotificar. Fotograf\u00eda de Juan Jos\u00e9 Plascencia.&lt;\/p&gt;\n\" data-medium-file=\"https:\/\/www.grieta.org.mx\/wp-content\/uploads\/2020\/02\/Sierra_2-300x169.jpg\" data-large-file=\"https:\/\/www.grieta.org.mx\/wp-content\/uploads\/2020\/02\/Sierra_2-1024x576.jpg\" class=\"wp-image-43982 td-animation-stack-type0-2\" src=\"https:\/\/avispa.org\/wp-content\/uploads\/2021\/04\/04_26_Mujeres2.jpeg\" sizes=\"auto, (max-width: 720px) 100vw, 720px\" srcset=\"https:\/\/avispa.org\/wp-content\/uploads\/2021\/04\/04_26_Mujeres2.jpeg 720w, https:\/\/avispa.org\/wp-content\/uploads\/2021\/04\/04_26_Mujeres2-225x300.jpeg 225w, https:\/\/avispa.org\/wp-content\/uploads\/2021\/04\/04_26_Mujeres2-696x928.jpeg 696w, https:\/\/avispa.org\/wp-content\/uploads\/2021\/04\/04_26_Mujeres2-315x420.jpeg 315w\" alt=\"\" width=\"720\" height=\"960\" \/><\/figure>\n<p>\u201cSe supone que en los escritos oficiales enuncian que ayudar\u00e1 o beneficiar\u00e1 a la comunidad de Tlaltenco y Tl\u00e1huac, sin embargo como residentes de Tl\u00e1huac, pues nos damos cuenta que simplemente vienen a expropiar nuestro territorio. Nosotros nos estamos organizando s\u00ed, sobre todo en la defensa del territorio, pero al mismo tiempo en la defensa de las identidades culturales que aqu\u00ed se denotan. Por otra parte en la preservaci\u00f3n de la vida en todas sus manifestaciones no solo estamos hablando de el cuidado del medio ambiente sino tambi\u00e9n de nuestros cuerpos\u201d, sostiene Periferia.<\/p>\n<p>Un centro comercial va a detonar m\u00e1s veh\u00edculos, tr\u00e1fico, humos, desechos, basura de la propia empresa. \u201cQui\u00e9n sabe a d\u00f3nde la van a ir dejar. El agua se est\u00e1 tomando de los pozos que existen en Tl\u00e1huac, mientras que a todas las colonias pueblos y barrios originarios se les est\u00e1 manteniendo con pipas desde el a\u00f1o pasado en plena pandemia. Al mismo tiempo va a aumentar la precarizaci\u00f3n laboral sobre todo en una cuesti\u00f3n de g\u00e9nero. Las mujeres en esta zona vivimos en una precariedad, la pobreza tiene rostro femenino y una plaza no viene a implementar trabajos para la comunidad\u201d, dice Periferia.<\/p>\n<p>\u201cSabemos que ni siquiera va a trabajar en esa plaza gente de aqu\u00ed, van a contratar a otras personas de otros lugares y la gente de aqu\u00ed se va a quedar sin trabajo, o los trabajos que pueden acceder son trabajos precarizados, explotadores, con jornadas largas, con sueldos miserables y que solo van a engordar el bolsillo de los due\u00f1os de ese tipo de empresas que quieren entrar a este pueblo\u201d, comenta Periferia.<\/p>\n<h3 id=\"h-autonom-a\"><strong><span class=\"has-inline-color has-black-color\">Autonom\u00eda<\/span><\/strong><\/h3>\n<figure class=\"wp-block-image size-large\"><img loading=\"lazy\" decoding=\"async\" data-attachment-id=\"43983\" data-permalink=\"https:\/\/www.grieta.org.mx\/index.php\/2020\/01\/17\/diputado-tala-y-fracciona-el-pulmon-de-guanajuato\/delgado\/\" data-orig-file=\"https:\/\/www.grieta.org.mx\/wp-content\/uploads\/2020\/02\/Delgado.jpg\" data-orig-size=\"1280,960\" data-comments-opened=\"0\" data-image-meta=\"{&quot;aperture&quot;:&quot;0&quot;,&quot;credit&quot;:&quot;&quot;,&quot;camera&quot;:&quot;&quot;,&quot;caption&quot;:&quot;&quot;,&quot;created_timestamp&quot;:&quot;0&quot;,&quot;copyright&quot;:&quot;&quot;,&quot;focal_length&quot;:&quot;0&quot;,&quot;iso&quot;:&quot;0&quot;,&quot;shutter_speed&quot;:&quot;0&quot;,&quot;title&quot;:&quot;&quot;,&quot;orientation&quot;:&quot;0&quot;}\" data-image-title=\"Delgado\" data-image-description=\"\" data-image-caption=\"&lt;p&gt;Juan Carlos Delgado Z\u00e1rate, director de Medio Ambiente y Ordenamiento Territorial.&lt;\/p&gt;\n\" data-medium-file=\"https:\/\/www.grieta.org.mx\/wp-content\/uploads\/2020\/02\/Delgado-300x225.jpg\" data-large-file=\"https:\/\/www.grieta.org.mx\/wp-content\/uploads\/2020\/02\/Delgado-1024x768.jpg\" class=\"wp-image-43983 td-animation-stack-type0-2\" src=\"https:\/\/avispa.org\/wp-content\/uploads\/2021\/04\/04_26_Mujeres1.jpeg\" sizes=\"auto, (max-width: 768px) 100vw, 768px\" srcset=\"https:\/\/avispa.org\/wp-content\/uploads\/2021\/04\/04_26_Mujeres1.jpeg 768w, https:\/\/avispa.org\/wp-content\/uploads\/2021\/04\/04_26_Mujeres1-300x238.jpeg 300w, https:\/\/avispa.org\/wp-content\/uploads\/2021\/04\/04_26_Mujeres1-696x552.jpeg 696w, https:\/\/avispa.org\/wp-content\/uploads\/2021\/04\/04_26_Mujeres1-530x420.jpeg 530w\" alt=\"\" width=\"768\" height=\"609\" \/><\/figure>\n<p>\u201cA la gente de Tlaltenco no nos van a enga\u00f1ar\u201d, revira Cat, \u201cconocemos nuestra historia, sabemos que el cerro esta para sembrar, para obtener alimentos, para esparcirse sanamente, para nuestras familias y la comunidad en general. Nuestro pueblo tiene un origen milenario, incluso se funda antes de lo que es la cabecera de San Pedro Tl\u00e1huac. Hay vestigios en la parte de la ci\u00e9nega que corresponden a los antecedentes de la chinampa, se conoce como terremote tlaltenco, es una historia rica la de nuestro pueblo que los mega proyectos buscan desaparecer aprovech\u00e1ndose de la desinformaci\u00f3n que hay sobre nuestras culturas de la cuenca del Valle de M\u00e9xico, en concreto en los pueblos de Tl\u00e1huac.\u201d<\/p>\n<p>\u201cEl gobierno que est\u00e1 en la alcald\u00eda no quiere reconocer nuestra autonom\u00eda alimentaria, al contrario quiere terminar con esa poca autonom\u00eda que a\u00fan queda en nuestro pueblo de Tlaltenco. Todav\u00eda se siembra ma\u00edz en el cerro, se siembra calabaza, se siembra haba, se siembra frijol de varios tipos, se siembra semilla originaria que tambi\u00e9n est\u00e1 en riesgo de desaparecer con ese tipo de urbanizaci\u00f3n depredadora, as\u00ed que pues una y otra cosa est\u00e1n ligadas, nuestra historia, nuestra memoria nuestra identidad, con la cuestion ecologica\u201d, expresa Cat.<\/p>\n<h3 id=\"h-mujeres-en-defensa-de-la-vida\"><strong><span class=\"has-inline-color has-black-color\">Mujeres en defensa de la vida<\/span><\/strong><\/h3>\n<p>De acuerdo con Cat,\u00a0 \u201ccomo mujeres nos estamos organizando, porque ya estamos cansadas de la violencia, todo este desprecio a la cocina ind\u00edgena, a los saberes medicinales de las\u00a0 mujeres originarias de Tlaltenco y de otros pueblos de Tl\u00e1huac, entonces tambi\u00e9n hemos emprendido una lucha por hacer valer nuestra voz y nuestros derechos culturales y humanos como mujeres\u201d.<\/p>\n<p>De manera que, \u201cdenunciamos estos megaproyectos por que atentan directamente contra la seguridad de las mujeres, la urbanizaci\u00f3n depredadora genera m\u00e1s feminicidio, esto est\u00e1 comprobado, los megaproyectos acarrean el aumento de los feminicidios en las comunidades ind\u00edgenas, sobre todo nos despojan de nuestra autonom\u00eda, a nosotras, al ya no contar con espacios para sembrar, espacios para recrearnos, espacios para aprender los saberes que nos generan la vida, nos van despojando de cultura\u201d, se\u00f1ala Cat.<\/p>\n<figure class=\"wp-block-image size-large\"><img loading=\"lazy\" decoding=\"async\" data-attachment-id=\"43984\" data-permalink=\"https:\/\/www.grieta.org.mx\/index.php\/2020\/01\/17\/diputado-tala-y-fracciona-el-pulmon-de-guanajuato\/cucursola\/\" data-orig-file=\"https:\/\/www.grieta.org.mx\/wp-content\/uploads\/2020\/02\/Cucursola.jpg\" data-orig-size=\"1600,900\" data-comments-opened=\"0\" data-image-meta=\"{&quot;aperture&quot;:&quot;0&quot;,&quot;credit&quot;:&quot;&quot;,&quot;camera&quot;:&quot;&quot;,&quot;caption&quot;:&quot;&quot;,&quot;created_timestamp&quot;:&quot;0&quot;,&quot;copyright&quot;:&quot;&quot;,&quot;focal_length&quot;:&quot;0&quot;,&quot;iso&quot;:&quot;0&quot;,&quot;shutter_speed&quot;:&quot;0&quot;,&quot;title&quot;:&quot;&quot;,&quot;orientation&quot;:&quot;0&quot;}\" data-image-title=\"Cucursola\" data-image-description=\"\" data-image-caption=\"&lt;p&gt;Confirm\u00f3 que, sin dar aviso a las autoridades, el desarrollador cambi\u00f3 el proyecto.&lt;\/p&gt;\n&lt;p&gt;    \u201cCuando yo llegu\u00e9 les dije: \u2018a ver, vengan ac\u00e1. Suspendo las obras (los representantes de la empresa), sacan todo el expediente con validaciones el hotel, y los planos del fraccionamiento sin validar. Nos sentamos a platicar, (me dicen) que ya no le conviene el hotel, se pone sobre la mesa un fraccionamiento\u201d.&lt;br \/&gt;\n    Juan Carlos Delgado Z\u00e1rate, director de Medio ambiente y Desarrollo Territorial.&lt;\/p&gt;\n&lt;p&gt;Para cuando la direcci\u00f3n municipal se dio cuenta del cambio, sin aviso de la constructora, ya ten\u00edan al 50 por ciento la construcci\u00f3n de una casa club para el fraccionamiento residencial en la Sierra de Santa Rosa.&lt;\/p&gt;\n\" data-medium-file=\"https:\/\/www.grieta.org.mx\/wp-content\/uploads\/2020\/02\/Cucursola-300x169.jpg\" data-large-file=\"https:\/\/www.grieta.org.mx\/wp-content\/uploads\/2020\/02\/Cucursola-1024x576.jpg\" class=\"wp-image-43984 td-animation-stack-type0-2\" src=\"https:\/\/avispa.org\/wp-content\/uploads\/2021\/04\/04_26_Mujeres4.jpeg\" sizes=\"auto, (max-width: 720px) 100vw, 720px\" srcset=\"https:\/\/avispa.org\/wp-content\/uploads\/2021\/04\/04_26_Mujeres4.jpeg 720w, https:\/\/avispa.org\/wp-content\/uploads\/2021\/04\/04_26_Mujeres4-225x300.jpeg 225w, https:\/\/avispa.org\/wp-content\/uploads\/2021\/04\/04_26_Mujeres4-696x928.jpeg 696w, https:\/\/avispa.org\/wp-content\/uploads\/2021\/04\/04_26_Mujeres4-315x420.jpeg 315w\" alt=\"\" width=\"720\" height=\"960\" \/><\/figure>\n<p>Periferia sostiene que, \u201csi entra ese centro comercial en este pueblo, permitir\u00e1 entonces que en todos los otros pueblos de la alcald\u00eda pues empiecen tambi\u00e9n a detonarse otros monopolios econ\u00f3micos y otros centros comerciales. Tambi\u00e9n por eso nos ha parecido pertinente fortalecer las redes de solidaridad y apoyo mutuo con estas otras alcald\u00edas que tambi\u00e9n est\u00e1n en la defensa del territorio\u201d.<\/p>\n<p>Para ella expresar su desacuerdo con la devastaci\u00f3n de los ecosistemas de Tl\u00e1huac y, en particular de Tlaltenco, deviene de un proceso personal. \u201cVivo aqu\u00ed en la alcald\u00eda de Tl\u00e1huac, en una colonia que pertenece al pueblo originario de zapotitl\u00e1n, mi familia es migrante, es originaria de la sierra norte de Puebla, por ello tambi\u00e9n ubico que en Tl\u00e1huac y en las zonas perif\u00e9ricas al margen de la centralidad de la ciudad, viven muchos migrantes que son originarios pero no de este territorio\u201d, sostiene Periferia.<\/p>\n<h3 id=\"h-tl-huac-y-san-francisco-tlaltenco-una-historia-de-resistencia\"><strong><span class=\"has-inline-color has-black-color\">Tl\u00e1huac y San Francisco Tlaltenco, una historia de resistencia<\/span><\/strong><\/h3>\n<p>Tlaltenco ha sido escenario de sucesos hist\u00f3ricos que con el tiempo son poco recordados. Por ejemplo el Bar\u00f3n de Humboldt en sus ensayos describi\u00f3, a principios del siglo XIX,\u00a0 algunos aspectos del sistema de navegaci\u00f3n y comunicaci\u00f3n que la ciudad ten\u00eda con los lagos cercanos, se\u00f1alando la poca profundidad del lago de Texcoco que evitaba, en los meses secos de enero y febrero, el tr\u00e1nsito de canoas a la capital.<\/p>\n<p>\u201cNo hay este inconveniente en el lago de Xochimilco; porque desde Chalco, Mixquic y Tl\u00e1huac no se interrumpe nunca la navegaci\u00f3n, y van diariamente a M\u00e9xico sus legumbres, frutas y flores por el canal de Iztapalapa. Cerca de Tl\u00e1huac, en Tlaltenco, hubo una compuerta y otra a la entrada de Tulyehualco. En el lugar de aquella hay todav\u00eda un arco de piedra que durante la \u00e9poca colonial sirvi\u00f3 de aduana para controlar el tr\u00e1nsito de mercanc\u00edas\u201d, escribe Humboldt.<\/p>\n<figure class=\"wp-block-image size-large\"><img loading=\"lazy\" decoding=\"async\" data-attachment-id=\"43985\" data-permalink=\"https:\/\/www.grieta.org.mx\/index.php\/2020\/01\/17\/diputado-tala-y-fracciona-el-pulmon-de-guanajuato\/firmas_cucursola\/\" data-orig-file=\"https:\/\/www.grieta.org.mx\/wp-content\/uploads\/2020\/02\/Firmas_Cucursola.jpg\" data-orig-size=\"960,1280\" data-comments-opened=\"0\" data-image-meta=\"{&quot;aperture&quot;:&quot;0&quot;,&quot;credit&quot;:&quot;&quot;,&quot;camera&quot;:&quot;&quot;,&quot;caption&quot;:&quot;&quot;,&quot;created_timestamp&quot;:&quot;0&quot;,&quot;copyright&quot;:&quot;&quot;,&quot;focal_length&quot;:&quot;0&quot;,&quot;iso&quot;:&quot;0&quot;,&quot;shutter_speed&quot;:&quot;0&quot;,&quot;title&quot;:&quot;&quot;,&quot;orientation&quot;:&quot;0&quot;}\" data-image-title=\"Firmas_Cucursola\" data-image-description=\"\" data-image-caption=\"&lt;p&gt;El convenio para ceder agua al fallido hotel viene con la firma del diputado federal .&lt;\/p&gt;\n\" data-medium-file=\"https:\/\/www.grieta.org.mx\/wp-content\/uploads\/2020\/02\/Firmas_Cucursola-225x300.jpg\" data-large-file=\"https:\/\/www.grieta.org.mx\/wp-content\/uploads\/2020\/02\/Firmas_Cucursola-768x1024.jpg\" class=\"wp-image-43985 td-animation-stack-type0-2\" src=\"https:\/\/avispa.org\/wp-content\/uploads\/2021\/04\/04_26_Mujeres3.jpeg\" sizes=\"auto, (max-width: 960px) 100vw, 960px\" srcset=\"https:\/\/avispa.org\/wp-content\/uploads\/2021\/04\/04_26_Mujeres3.jpeg 960w, https:\/\/avispa.org\/wp-content\/uploads\/2021\/04\/04_26_Mujeres3-300x225.jpeg 300w, https:\/\/avispa.org\/wp-content\/uploads\/2021\/04\/04_26_Mujeres3-768x576.jpeg 768w, https:\/\/avispa.org\/wp-content\/uploads\/2021\/04\/04_26_Mujeres3-696x522.jpeg 696w, https:\/\/avispa.org\/wp-content\/uploads\/2021\/04\/04_26_Mujeres3-560x420.jpeg 560w, https:\/\/avispa.org\/wp-content\/uploads\/2021\/04\/04_26_Mujeres3-80x60.jpeg 80w, https:\/\/avispa.org\/wp-content\/uploads\/2021\/04\/04_26_Mujeres3-265x198.jpeg 265w\" alt=\"\" width=\"960\" height=\"720\" \/><\/figure>\n<p>En las calles de Tlaltenco a\u00fan se siente el sentimiento de rebeld\u00eda, de resistencia. Muchas de las casas fueron construidas durante y despu\u00e9s de la revoluci\u00f3n. Marca de eso son las placas rotuladas, algunas de piedra, que se\u00f1alan a las familias que ah\u00ed viven, as\u00ed como su profesi\u00f3n u oficio, de acuerdo a Baruc Martinez D\u00edas en su investigaci\u00f3n nombrada \u201c<em>Chinampas y libertad: aspectos del zapatismo en la regi\u00f3n de Tl\u00e1huac.\u201d<\/em><\/p>\n<p>\u201cDe acuerdo con las propias concepciones hist\u00f3ricas de los habitantes de la regi\u00f3n de Tl\u00e1huac, la revoluci\u00f3n fue anunciada por un presagio, o <em>tetzahuitl<\/em> en lengua n\u00e1huatl. Matiana Flores Mart\u00ednez, originaria de Zapotitl\u00e1n y quien naci\u00f3 hacia 1905, aseguraba: \u201c[\u2026] <em>huan utiquihtahqueh ce hueye tlecuhuatl, ihquion utechtetzahuililuc ye huitz hueye guerra, mayaneliztle, miquiztle<\/em> [\u2026] y vimos una gran culebra de fuego [el cometa Halley], as\u00ed se nos anunci\u00f3 que vendr\u00eda la gran guerra, el hambre, la muerte\u201d, rescata Martinez en su texto.<\/p>\n<p>De acuerdo a Martines en la zona de Tl\u00e1huac se desarrollaron 73 combates entre los a\u00f1os 1911 a 1918, siendo el pueblo de Tl\u00e1huac crucial para las victorias del ej\u00e9rcito del sur, muchos de ellos incorpor\u00e1ndose a las filas del zapatismo. \u201cSu adhesi\u00f3n a la causa insurgente se manifest\u00f3 de m\u00faltiples formas: con combatientes, con informaci\u00f3n, con arrieros-esp\u00edas, con parque, con vestimenta, con comida, etc\u00e9tera.\u201d<\/p>\n<p>\u201cEl 21 de julio de 1914, por ejemplo, la participaci\u00f3n de la gente de Ixtayopan hizo posible la victoria de los campesinos insurrectos en contra del ej\u00e9rcito federal. No s\u00f3lo los de Ixtayopan apoyaron a las fuerzas rebeldes, tambi\u00e9n existe constancia de la ayuda que brindaron al Ej\u00e9rcito Libertador los de Zapotitl\u00e1n, Tlaltenco, Yecahuitzotl, Tl\u00e1huac, Tulyehualco, Xico, Tetelco y Mixquic,\u201d contin\u00faa Baruc.<\/p>\n<figure class=\"wp-block-image size-large\"><img loading=\"lazy\" decoding=\"async\" data-attachment-id=\"43986\" data-permalink=\"https:\/\/www.grieta.org.mx\/index.php\/2020\/01\/17\/diputado-tala-y-fracciona-el-pulmon-de-guanajuato\/registro_publico_loma_de_irapuato\/\" data-orig-file=\"https:\/\/www.grieta.org.mx\/wp-content\/uploads\/2020\/02\/Registro_Publico_Loma_de_Irapuato.png\" data-orig-size=\"818,624\" data-comments-opened=\"0\" data-image-meta=\"{&quot;aperture&quot;:&quot;0&quot;,&quot;credit&quot;:&quot;&quot;,&quot;camera&quot;:&quot;&quot;,&quot;caption&quot;:&quot;&quot;,&quot;created_timestamp&quot;:&quot;0&quot;,&quot;copyright&quot;:&quot;&quot;,&quot;focal_length&quot;:&quot;0&quot;,&quot;iso&quot;:&quot;0&quot;,&quot;shutter_speed&quot;:&quot;0&quot;,&quot;title&quot;:&quot;&quot;,&quot;orientation&quot;:&quot;0&quot;}\" data-image-title=\"Registro_Publico_Loma_de_Irapuato\" data-image-description=\"\" data-image-caption=\"&lt;p&gt;En el Registro P\u00fablico del Comercio tambi\u00e9n aparece como \u00fanico administrador de la empresa Loma de Irapuato. &lt;\/p&gt;\n\" data-medium-file=\"https:\/\/www.grieta.org.mx\/wp-content\/uploads\/2020\/02\/Registro_Publico_Loma_de_Irapuato-300x229.png\" data-large-file=\"https:\/\/www.grieta.org.mx\/wp-content\/uploads\/2020\/02\/Registro_Publico_Loma_de_Irapuato.png\" class=\"wp-image-43986 td-animation-stack-type0-2\" src=\"https:\/\/avispa.org\/wp-content\/uploads\/2021\/04\/04_26_Mujeres8-1024x843.jpeg\" sizes=\"auto, (max-width: 1024px) 100vw, 1024px\" srcset=\"https:\/\/avispa.org\/wp-content\/uploads\/2021\/04\/04_26_Mujeres8-1024x843.jpeg 1024w, https:\/\/avispa.org\/wp-content\/uploads\/2021\/04\/04_26_Mujeres8-300x247.jpeg 300w, https:\/\/avispa.org\/wp-content\/uploads\/2021\/04\/04_26_Mujeres8-768x632.jpeg 768w, https:\/\/avispa.org\/wp-content\/uploads\/2021\/04\/04_26_Mujeres8-696x573.jpeg 696w, https:\/\/avispa.org\/wp-content\/uploads\/2021\/04\/04_26_Mujeres8-1068x879.jpeg 1068w, https:\/\/avispa.org\/wp-content\/uploads\/2021\/04\/04_26_Mujeres8-510x420.jpeg 510w, https:\/\/avispa.org\/wp-content\/uploads\/2021\/04\/04_26_Mujeres8.jpeg 1440w\" alt=\"\" width=\"1024\" height=\"843\" \/><\/figure>\n<p>En 1915 despu\u00e9s de la toma de la Ciudad de M\u00e9xico por los ej\u00e9rcitos revolucionarios fue inevitable el avance del carrancismo. Por su relaci\u00f3n con los Estados Unidos tuvo acceso a una gran cantidad de armas y a la inyecci\u00f3n de capital. Esto origin\u00f3 un repliegue considerable de las fuerzas rebeldes. \u201cLos pueblos fueron reprimidos con severidad, algunos de ellos como Tl\u00e1huac y Xico,inclusive, fueron quemados por el ej\u00e9rcito que comandaba Pablo Gonz\u00e1lez\u201d, se\u00f1ala Barut.<\/p>\n<p>En cuanto a los recuerdos de la Revoluci\u00f3n, don Juan Reyes habitante longevo y reconocido en Tlatenco rememora en la pl\u00e1tica el d\u00eda en que los carrancistas quemaron buena parte de la poblaci\u00f3n. \u201cEntonces muchos eran zapatistas, muchos carrancistas. Fue un carrancista el que dijo: \u2018\u00bfC\u00f3mo es posible que no puedan sacar de ah\u00ed a los zapatistas?\u2019 <em>\u00a1Pues qui\u00e9n sabe d\u00f3nde est\u00e1n!<\/em>, dijo otro. <em>\u00bfQu\u00e9 propone usted para sacarlos del pueblo?<\/em>, le preguntaron. \u2018\u00a1Quemarlo!\u2019, respondi\u00f3 aquel.<em>\u00bfY qu\u00e9 ganamos con quemarlo?<\/em> \u2018Que una vez quemado todos se van a ir, qui\u00e9n va a querer vivir aqu\u00ed\u2019. Y as\u00ed lo hicieron. Los carrancistas quedaron de acuerdo y nos platican los que vieron eso porque ya estaba yo <em>chicampeano<\/em>, ten\u00eda diecisiete a\u00f1os, cuando \u00edbamos camino de Iztapalapa, porque all\u00e1 nos fuimos a refugiar\u201d, se\u00f1ala Sergio Rojas en la Revista <em>Nosotros<\/em> N\u00fam. 33, noviembre de 2000.<\/p>\n<p>Los vestigios del esp\u00edritu de la revoluci\u00f3n logran percibirse cuando Cat y Periferia nos cuentan con indignaci\u00f3n la imposici\u00f3n de una mega plaza comercial, el amor a la sierra y a su rica historia, pero sobre todo al amor y respeto a la vida. Al momento la empresa espera los resultados de los estudios de impacto ambiental, para empezar las obras, que tardar\u00e1n unos meses m\u00e1s por el tema de la pandemia. Sin embargo las y los pobladores de Tlaltenco mantienen las actividades y resisten ante la imposici\u00f3n de un proyecto que consideran de muerte.<\/p>\n<p>\u201cNo es poco lo que estamos defendiendo estamos proponiendo que se siga preservando la agricultura de nuestros pueblos y que los gobiernos respeten nuestra cultura, nuestra identidad, no que vengan a imponer proyectos que nadie les est\u00e1 pidiendo. Lo que estamos pidiendo en lugar que pongan ese proyecto, es que tengamos agua diario porque es nuestro derecho humano, no es un regalo, ni una d\u00e1diva del gobierno que podamos acceder al agua diariamente\u201d, sostiene Cat.<\/p>\n<p><em>*Por seguridad los nombres de las entrevistadas fueron cambiados.<\/em><\/p>\n<p><a href=\"https:\/\/avispa.org\/ante-la-imposicion-de-chedraui-mujeres-se-organizan-en-defensa-de-la-vida\/\" target=\"_blank\" rel=\"noopener\">https:\/\/avispa.org\/ante-la-imposicion-de-chedraui-mujeres-se-organizan-en-defensa-de-la-vida\/<\/a><\/p>\n","protected":false},"excerpt":{"rendered":"<p>\u00c1ngel Huerta \/ Avispa Midia La Sierra de Santa Catarina es una cadena monta\u00f1osa ubicada al sureste de la Ciudad de M\u00e9xico, en las alcald\u00edas de Tl\u00e1huac e Iztapalapa, limitada &hellip; <a href=\"https:\/\/www.grieta.org.mx\/index.php\/2021\/04\/26\/ante-la-imposicion-de-chedraui-mujeres-se-organizan-en-defensa-de-la-vida-ciudad-de-mexico\/\" class=\"more-link\">Leer m\u00e1s<\/a><\/p>\n","protected":false},"author":2,"featured_media":61168,"comment_status":"closed","ping_status":"closed","sticky":false,"template":"","format":"standard","meta":{"ngg_post_thumbnail":0,"_jetpack_newsletter_access":"","_jetpack_dont_email_post_to_subs":false,"_jetpack_newsletter_tier_id":0,"_jetpack_memberships_contains_paywalled_content":false,"_jetpack_memberships_contains_paid_content":false,"footnotes":""},"categories":[80,14,3012,1278,1225,3161,2065,2,83],"tags":[1065],"class_list":["post-61167","post","type-post","status-publish","format-standard","has-post-thumbnail","hentry","category-cintillo","category-ciudad-de-mexico","category-despojo-de-tierras-en-la-ciudad-de-mexico","category-despojo-de-tierras-y-territorios","category-explotacion-laboral-en-la-ciudad-de-mexico","category-luchas-de-las-mujeres-en-la-ciudad-de-mexico","category-movilizaciones-y-protestas-de-habitantes-de-la-ciudad-de-mexico","category-noticias-nacionales","category-temas-nacionales","tag-despojo-de-agua-y-tierras","entry"],"jetpack_featured_media_url":"https:\/\/www.grieta.org.mx\/wp-content\/uploads\/2021\/08\/Ante-la-imposicion-de-Chedraui-mujeres-se-organizan-en-defensa-de-la-vida-cdmx-ago.jpg","jetpack_sharing_enabled":true,"jetpack_shortlink":"https:\/\/wp.me\/p7ZJR4-fUz","jetpack_likes_enabled":false,"jetpack-related-posts":[{"id":71911,"url":"https:\/\/www.grieta.org.mx\/index.php\/2025\/07\/03\/encuentro-de-resistencias-mas-alla-de-la-aviacion-la-turistificacion-y-el-capitalismo-en-san-gregorio-atlapulco-xochimilco-ciudad-de-mexico\/","url_meta":{"origin":61167,"position":0},"title":"Encuentro de Resistencias &#8220;M\u00e1s all\u00e1 de la aviaci\u00f3n, la turistificaci\u00f3n y el capitalismo&#8221; en San Gregorio Atlapulco, Xochimilco. (Ciudad de M\u00e9xico)","author":"grieta","date":"3 julio, 2025","format":false,"excerpt":"Del Barrio News Este jueves 03 de julio fueron inaugurados los trabajos del Encuentro de Resistencias \"M\u00e1s all\u00e1 de la aviaci\u00f3n, la turistificaci\u00f3n y el capitalismo\" en San Gregorio Atlapulco, Xochimilco, el cual re\u00fane a diversos movimientos en defensa del territorio, iniciativas anti-turistificaci\u00f3n y luchas por el agua y la\u2026","rel":"","context":"En &quot;CINTILLO&quot;","block_context":{"text":"CINTILLO","link":"https:\/\/www.grieta.org.mx\/index.php\/category\/cintillo\/"},"img":{"alt_text":"","src":"https:\/\/i0.wp.com\/www.grieta.org.mx\/wp-content\/uploads\/2025\/07\/b7.jpg?resize=350%2C200&ssl=1","width":350,"height":200,"srcset":"https:\/\/i0.wp.com\/www.grieta.org.mx\/wp-content\/uploads\/2025\/07\/b7.jpg?resize=350%2C200&ssl=1 1x, https:\/\/i0.wp.com\/www.grieta.org.mx\/wp-content\/uploads\/2025\/07\/b7.jpg?resize=525%2C300&ssl=1 1.5x, https:\/\/i0.wp.com\/www.grieta.org.mx\/wp-content\/uploads\/2025\/07\/b7.jpg?resize=700%2C400&ssl=1 2x, https:\/\/i0.wp.com\/www.grieta.org.mx\/wp-content\/uploads\/2025\/07\/b7.jpg?resize=1050%2C600&ssl=1 3x, https:\/\/i0.wp.com\/www.grieta.org.mx\/wp-content\/uploads\/2025\/07\/b7.jpg?resize=1400%2C800&ssl=1 4x"},"classes":[]},{"id":4152,"url":"https:\/\/www.grieta.org.mx\/index.php\/2016\/03\/21\/denuncias-de-despojo-y-proteccion-de-tierras-por-comuneros-de-milpa-alta\/","url_meta":{"origin":61167,"position":1},"title":"Denuncias de despojo y protecci\u00f3n de tierras por comuneros de Milpa Alta","author":"grieta","date":"21 marzo, 2016","format":false,"excerpt":"10\/03\/16. Guardia Forestal, defensa del pulm\u00f3n de la Ciudad de M\u00e9xicoDesinform\u00e9monos 25\/01\/16. La Marina insiste en levantar un cuartel sobre las tierras que quitan la sed a la Ciudad de M\u00e9xicoDesinform\u00e9monos 17\/01\/16. Crean en Xicomulco movimiento de resistencia contra la urbanizaci\u00f3nLa Jornada 21\/12\/15. Rechazan en Ciudad de M\u00e9xico la construcci\u00f3n\u2026","rel":"","context":"En &quot;Ciudad de M\u00e9xico&quot;","block_context":{"text":"Ciudad de M\u00e9xico","link":"https:\/\/www.grieta.org.mx\/index.php\/category\/noticias-nacionales\/ciudad-de-mexico\/"},"img":{"alt_text":"","src":"https:\/\/i0.wp.com\/www.grieta.org.mx\/wp-content\/uploads\/2018\/03\/14524434_1106112876131411_958039263622046936_o.jpg?resize=350%2C200&ssl=1","width":350,"height":200,"srcset":"https:\/\/i0.wp.com\/www.grieta.org.mx\/wp-content\/uploads\/2018\/03\/14524434_1106112876131411_958039263622046936_o.jpg?resize=350%2C200&ssl=1 1x, https:\/\/i0.wp.com\/www.grieta.org.mx\/wp-content\/uploads\/2018\/03\/14524434_1106112876131411_958039263622046936_o.jpg?resize=525%2C300&ssl=1 1.5x, https:\/\/i0.wp.com\/www.grieta.org.mx\/wp-content\/uploads\/2018\/03\/14524434_1106112876131411_958039263622046936_o.jpg?resize=700%2C400&ssl=1 2x"},"classes":[]},{"id":41934,"url":"https:\/\/www.grieta.org.mx\/index.php\/2019\/12\/03\/plan-de-mitikah-requiere-talar-60-arboles-mas-denuncian-ciudad-de-mexico\/","url_meta":{"origin":61167,"position":2},"title":"Plan de M\u00edtikah requiere talar 60 \u00e1rboles m\u00e1s, denuncian (Ciudad de M\u00e9xico)","author":"grieta","date":"3 diciembre, 2019","format":false,"excerpt":"La Silla Rota De acuerdo con un proyecto presentado por la Secretar\u00eda de Medio Ambiente a los habitantes de Xoco, el pozo se construir\u00eda en el \u00e1rea donde se ubicaba el Centro La posible construcci\u00f3n de un pozo de agua, como parte de las obras de mitigaci\u00f3n por el desarrollo\u2026","rel":"","context":"En &quot;CINTILLO&quot;","block_context":{"text":"CINTILLO","link":"https:\/\/www.grieta.org.mx\/index.php\/category\/cintillo\/"},"img":{"alt_text":"","src":"https:\/\/i0.wp.com\/www.grieta.org.mx\/wp-content\/uploads\/2019\/12\/Plan-de-M%C3%ADtikah-requiere-talar-60-cdmx-dic.jpg?resize=350%2C200","width":350,"height":200},"classes":[]},{"id":58892,"url":"https:\/\/www.grieta.org.mx\/index.php\/2021\/04\/21\/con-tumbas-de-animales-en-peligro-de-extincion-se-oponen-a-puente-ciudad-de-mexico\/","url_meta":{"origin":61167,"position":3},"title":"Con tumbas de animales en peligro de extinci\u00f3n, se oponen a puente (Ciudad de M\u00e9xico)","author":"grieta","date":"21 abril, 2021","format":false,"excerpt":"Jon\u00e1s L\u00f3pez \/ Excelsior Foto tomada de: Excelsior Los inconformes con el puente vehicular que se construye en Perif\u00e9rico oriente y Canal Nacional, montar\u00e1n guardia en espera de la sentencia Activistas pernoctar\u00e1n frente al D\u00e9cimo Quinto Tribunal Colegiado esperando que el viernes emita una suspensi\u00f3n definitiva de las obras de\u2026","rel":"","context":"En &quot;CINTILLO&quot;","block_context":{"text":"CINTILLO","link":"https:\/\/www.grieta.org.mx\/index.php\/category\/cintillo\/"},"img":{"alt_text":"","src":"https:\/\/i0.wp.com\/www.grieta.org.mx\/wp-content\/uploads\/2021\/04\/Con-tumbas-de-animales-en-peligro-de-extincion-se-oponen-a-puente-cdmx-abr.jpg?resize=350%2C200&ssl=1","width":350,"height":200,"srcset":"https:\/\/i0.wp.com\/www.grieta.org.mx\/wp-content\/uploads\/2021\/04\/Con-tumbas-de-animales-en-peligro-de-extincion-se-oponen-a-puente-cdmx-abr.jpg?resize=350%2C200&ssl=1 1x, https:\/\/i0.wp.com\/www.grieta.org.mx\/wp-content\/uploads\/2021\/04\/Con-tumbas-de-animales-en-peligro-de-extincion-se-oponen-a-puente-cdmx-abr.jpg?resize=525%2C300&ssl=1 1.5x, https:\/\/i0.wp.com\/www.grieta.org.mx\/wp-content\/uploads\/2021\/04\/Con-tumbas-de-animales-en-peligro-de-extincion-se-oponen-a-puente-cdmx-abr.jpg?resize=700%2C400&ssl=1 2x, https:\/\/i0.wp.com\/www.grieta.org.mx\/wp-content\/uploads\/2021\/04\/Con-tumbas-de-animales-en-peligro-de-extincion-se-oponen-a-puente-cdmx-abr.jpg?resize=1050%2C600&ssl=1 3x"},"classes":[]},{"id":61444,"url":"https:\/\/www.grieta.org.mx\/index.php\/2021\/08\/29\/vecinos-se-oponen-a-construccion-de-banco-del-bienestar-en-parque-de-coyoacan-cdmx\/","url_meta":{"origin":61167,"position":4},"title":"Vecinos se oponen a construcci\u00f3n de Banco del Bienestar en parque de Coyoac\u00e1n, CdMx","author":"grieta","date":"29 agosto, 2021","format":false,"excerpt":"Redacci\u00f3n \/ SinEmbargo Habitantes de la Alcald\u00eda de Coyoac\u00e1n protestaron en contra de la construcci\u00f3n de una sucursal del Banco del Bienestar que se edificar\u00eda en el parque Xicot\u00e9ncatl; denunciaron que no fueron consultados previamente. Ciudad de M\u00e9xico, 29 de agosto (SinEmbargo).\u2013 Vecinos de la colonia San Diego Churubusco y\u2026","rel":"","context":"En &quot;CINTILLO&quot;","block_context":{"text":"CINTILLO","link":"https:\/\/www.grieta.org.mx\/index.php\/category\/cintillo\/"},"img":{"alt_text":"","src":"https:\/\/i0.wp.com\/www.grieta.org.mx\/wp-content\/uploads\/2021\/09\/Vecinos-se-oponen-a-construccion-de-Banco-del-Bienestar-en-parque-de-Coyoacan-CdMx-ago.jpg?resize=350%2C200&ssl=1","width":350,"height":200,"srcset":"https:\/\/i0.wp.com\/www.grieta.org.mx\/wp-content\/uploads\/2021\/09\/Vecinos-se-oponen-a-construccion-de-Banco-del-Bienestar-en-parque-de-Coyoacan-CdMx-ago.jpg?resize=350%2C200&ssl=1 1x, https:\/\/i0.wp.com\/www.grieta.org.mx\/wp-content\/uploads\/2021\/09\/Vecinos-se-oponen-a-construccion-de-Banco-del-Bienestar-en-parque-de-Coyoacan-CdMx-ago.jpg?resize=525%2C300&ssl=1 1.5x, https:\/\/i0.wp.com\/www.grieta.org.mx\/wp-content\/uploads\/2021\/09\/Vecinos-se-oponen-a-construccion-de-Banco-del-Bienestar-en-parque-de-Coyoacan-CdMx-ago.jpg?resize=700%2C400&ssl=1 2x, https:\/\/i0.wp.com\/www.grieta.org.mx\/wp-content\/uploads\/2021\/09\/Vecinos-se-oponen-a-construccion-de-Banco-del-Bienestar-en-parque-de-Coyoacan-CdMx-ago.jpg?resize=1050%2C600&ssl=1 3x"},"classes":[]},{"id":71103,"url":"https:\/\/www.grieta.org.mx\/index.php\/2025\/02\/20\/6-anos-de-impunidad-colocan-busto-en-honor-a-samir-flores-en-ciudad-universitaria-ciudad-de-mexico\/","url_meta":{"origin":61167,"position":5},"title":"6 a\u00f1os de impunidad. Colocan busto en honor a Samir Flores en Ciudad Universitaria (Ciudad de M\u00e9xico)","author":"grieta","date":"20 febrero, 2025","format":false,"excerpt":"Axomalli Villanueva \/ La Izquierda Diario Imagen: @alexmelon A seis a\u00f1os del asesinato del defensor del territorio y l\u00edder comunitario Samir Flores Soberanes, estudiantes y organizaciones sociales convocaron a un memorial en Ciudad Universitaria de la UNAM, recordando que a\u00fan su muerte sigue impune. Samir Flores Soberanes, l\u00edder comunitario nahua\u2026","rel":"","context":"En &quot;Abuso policiaco y tortura en la Ciudad de M\u00e9xico&quot;","block_context":{"text":"Abuso policiaco y tortura en la Ciudad de M\u00e9xico","link":"https:\/\/www.grieta.org.mx\/index.php\/category\/noticias-nacionales\/ciudad-de-mexico\/abuso-policiaco-y-tortura-en-la-ciudad-de-mexico\/"},"img":{"alt_text":"","src":"https:\/\/i0.wp.com\/www.grieta.org.mx\/wp-content\/uploads\/2025\/02\/6-anos-de-impunidad.-Colocan-busto-en-honor-a-Samir-Flores-en-Ciudad-Universitaria.jpg?resize=350%2C200&ssl=1","width":350,"height":200,"srcset":"https:\/\/i0.wp.com\/www.grieta.org.mx\/wp-content\/uploads\/2025\/02\/6-anos-de-impunidad.-Colocan-busto-en-honor-a-Samir-Flores-en-Ciudad-Universitaria.jpg?resize=350%2C200&ssl=1 1x, https:\/\/i0.wp.com\/www.grieta.org.mx\/wp-content\/uploads\/2025\/02\/6-anos-de-impunidad.-Colocan-busto-en-honor-a-Samir-Flores-en-Ciudad-Universitaria.jpg?resize=525%2C300&ssl=1 1.5x, https:\/\/i0.wp.com\/www.grieta.org.mx\/wp-content\/uploads\/2025\/02\/6-anos-de-impunidad.-Colocan-busto-en-honor-a-Samir-Flores-en-Ciudad-Universitaria.jpg?resize=700%2C400&ssl=1 2x"},"classes":[]}],"_links":{"self":[{"href":"https:\/\/www.grieta.org.mx\/index.php\/wp-json\/wp\/v2\/posts\/61167","targetHints":{"allow":["GET"]}}],"collection":[{"href":"https:\/\/www.grieta.org.mx\/index.php\/wp-json\/wp\/v2\/posts"}],"about":[{"href":"https:\/\/www.grieta.org.mx\/index.php\/wp-json\/wp\/v2\/types\/post"}],"author":[{"embeddable":true,"href":"https:\/\/www.grieta.org.mx\/index.php\/wp-json\/wp\/v2\/users\/2"}],"replies":[{"embeddable":true,"href":"https:\/\/www.grieta.org.mx\/index.php\/wp-json\/wp\/v2\/comments?post=61167"}],"version-history":[{"count":1,"href":"https:\/\/www.grieta.org.mx\/index.php\/wp-json\/wp\/v2\/posts\/61167\/revisions"}],"predecessor-version":[{"id":61169,"href":"https:\/\/www.grieta.org.mx\/index.php\/wp-json\/wp\/v2\/posts\/61167\/revisions\/61169"}],"wp:featuredmedia":[{"embeddable":true,"href":"https:\/\/www.grieta.org.mx\/index.php\/wp-json\/wp\/v2\/media\/61168"}],"wp:attachment":[{"href":"https:\/\/www.grieta.org.mx\/index.php\/wp-json\/wp\/v2\/media?parent=61167"}],"wp:term":[{"taxonomy":"category","embeddable":true,"href":"https:\/\/www.grieta.org.mx\/index.php\/wp-json\/wp\/v2\/categories?post=61167"},{"taxonomy":"post_tag","embeddable":true,"href":"https:\/\/www.grieta.org.mx\/index.php\/wp-json\/wp\/v2\/tags?post=61167"}],"curies":[{"name":"wp","href":"https:\/\/api.w.org\/{rel}","templated":true}]}}