{"id":61128,"date":"2021-08-15T09:17:13","date_gmt":"2021-08-15T14:17:13","guid":{"rendered":"https:\/\/www.grieta.org.mx\/?p=61128"},"modified":"2021-08-16T10:01:22","modified_gmt":"2021-08-16T15:01:22","slug":"421-madrid-marcha","status":"publish","type":"post","link":"https:\/\/www.grieta.org.mx\/index.php\/2021\/08\/15\/421-madrid-marcha\/","title":{"rendered":"&#8220;No nos conquistaron&#8221;: La marcha y la palabra de la Brigada zapatista en Madrid,  13 de agosto (VIDEO)"},"content":{"rendered":"<p><strong>VOCESENLUCHA<\/strong><\/p>\n<p>En medio de la Gira por la Vida, el Escuadr\u00f3n 421 del Ej\u00e9rcito Zapatista de Liberaci\u00f3n Nacional, #EZLN, llega a Madrid a 500 a\u00f1os de la invasi\u00f3n de Tenochtitl\u00e1n por parte del imperio espa\u00f1ol. En un evento hist\u00f3rico, el 13 de agosto de 2021 caminamos desde la Puerta del Sol de la capital del Reino hasta la Plaza de Col\u00f3n. All\u00ed, en el s\u00edmbolo de la extrema derecha espa\u00f1olista, brot\u00f3 la palabra zapatista.<\/p>\n<p>Este v\u00eddeo es un testimonio audiovisual de ese encuentro entre pueblos, abajo y a la izquierda.<\/p>\n<p><iframe loading=\"lazy\" title=\"YouTube video player\" src=\"https:\/\/www.youtube.com\/embed\/gNI6-ftMfQc\" width=\"610\" height=\"343\" frameborder=\"0\" allowfullscreen=\"allowfullscreen\"><\/iframe><\/p>\n<p><img loading=\"lazy\" decoding=\"async\" data-attachment-id=\"61130\" data-permalink=\"https:\/\/www.grieta.org.mx\/index.php\/2021\/08\/15\/421-madrid-marcha\/421-madrid-carabela-mg_8012-1024x636\/\" data-orig-file=\"https:\/\/www.grieta.org.mx\/wp-content\/uploads\/2021\/08\/421-Madrid-Carabela-MG_8012-1024x636-1.jpg\" data-orig-size=\"1024,636\" data-comments-opened=\"0\" data-image-meta=\"{&quot;aperture&quot;:&quot;0&quot;,&quot;credit&quot;:&quot;&quot;,&quot;camera&quot;:&quot;&quot;,&quot;caption&quot;:&quot;&quot;,&quot;created_timestamp&quot;:&quot;0&quot;,&quot;copyright&quot;:&quot;&quot;,&quot;focal_length&quot;:&quot;0&quot;,&quot;iso&quot;:&quot;0&quot;,&quot;shutter_speed&quot;:&quot;0&quot;,&quot;title&quot;:&quot;&quot;,&quot;orientation&quot;:&quot;0&quot;}\" data-image-title=\"421 Madrid Carabela MG_8012-1024&amp;#215;636\" data-image-description=\"\" data-image-caption=\"\" data-medium-file=\"https:\/\/www.grieta.org.mx\/wp-content\/uploads\/2021\/08\/421-Madrid-Carabela-MG_8012-1024x636-1-300x186.jpg\" data-large-file=\"https:\/\/www.grieta.org.mx\/wp-content\/uploads\/2021\/08\/421-Madrid-Carabela-MG_8012-1024x636-1.jpg\" class=\"alignnone wp-image-61130\" src=\"http:\/\/www.grieta.org.mx\/wp-content\/uploads\/2021\/08\/421-Madrid-Carabela-MG_8012-1024x636-1.jpg\" alt=\"\" width=\"800\" height=\"497\" srcset=\"https:\/\/www.grieta.org.mx\/wp-content\/uploads\/2021\/08\/421-Madrid-Carabela-MG_8012-1024x636-1.jpg 1024w, https:\/\/www.grieta.org.mx\/wp-content\/uploads\/2021\/08\/421-Madrid-Carabela-MG_8012-1024x636-1-300x186.jpg 300w, https:\/\/www.grieta.org.mx\/wp-content\/uploads\/2021\/08\/421-Madrid-Carabela-MG_8012-1024x636-1-768x477.jpg 768w\" sizes=\"auto, (max-width: 800px) 100vw, 800px\" \/><\/p>\n<p><img loading=\"lazy\" decoding=\"async\" data-attachment-id=\"61131\" data-permalink=\"https:\/\/www.grieta.org.mx\/index.php\/2021\/08\/15\/421-madrid-marcha\/421-madrid-marcha-mg_8033\/\" data-orig-file=\"https:\/\/www.grieta.org.mx\/wp-content\/uploads\/2021\/08\/421-Madrid-marcha-MG_8033.jpg\" data-orig-size=\"1261,794\" data-comments-opened=\"0\" data-image-meta=\"{&quot;aperture&quot;:&quot;0&quot;,&quot;credit&quot;:&quot;&quot;,&quot;camera&quot;:&quot;&quot;,&quot;caption&quot;:&quot;&quot;,&quot;created_timestamp&quot;:&quot;0&quot;,&quot;copyright&quot;:&quot;&quot;,&quot;focal_length&quot;:&quot;0&quot;,&quot;iso&quot;:&quot;0&quot;,&quot;shutter_speed&quot;:&quot;0&quot;,&quot;title&quot;:&quot;&quot;,&quot;orientation&quot;:&quot;0&quot;}\" data-image-title=\"421 Madrid marcha MG_8033\" data-image-description=\"\" data-image-caption=\"\" data-medium-file=\"https:\/\/www.grieta.org.mx\/wp-content\/uploads\/2021\/08\/421-Madrid-marcha-MG_8033-300x189.jpg\" data-large-file=\"https:\/\/www.grieta.org.mx\/wp-content\/uploads\/2021\/08\/421-Madrid-marcha-MG_8033-1024x645.jpg\" class=\"alignnone wp-image-61131\" src=\"http:\/\/www.grieta.org.mx\/wp-content\/uploads\/2021\/08\/421-Madrid-marcha-MG_8033.jpg\" alt=\"\" width=\"800\" height=\"504\" srcset=\"https:\/\/www.grieta.org.mx\/wp-content\/uploads\/2021\/08\/421-Madrid-marcha-MG_8033.jpg 1261w, https:\/\/www.grieta.org.mx\/wp-content\/uploads\/2021\/08\/421-Madrid-marcha-MG_8033-300x189.jpg 300w, https:\/\/www.grieta.org.mx\/wp-content\/uploads\/2021\/08\/421-Madrid-marcha-MG_8033-1024x645.jpg 1024w, https:\/\/www.grieta.org.mx\/wp-content\/uploads\/2021\/08\/421-Madrid-marcha-MG_8033-768x484.jpg 768w\" sizes=\"auto, (max-width: 800px) 100vw, 800px\" \/><\/p>\n<p><img loading=\"lazy\" decoding=\"async\" data-attachment-id=\"61132\" data-permalink=\"https:\/\/www.grieta.org.mx\/index.php\/2021\/08\/15\/421-madrid-marcha\/421-sol-mg_8026\/\" data-orig-file=\"https:\/\/www.grieta.org.mx\/wp-content\/uploads\/2021\/08\/421-Sol-MG_8026.jpg\" data-orig-size=\"1180,801\" data-comments-opened=\"0\" data-image-meta=\"{&quot;aperture&quot;:&quot;0&quot;,&quot;credit&quot;:&quot;&quot;,&quot;camera&quot;:&quot;&quot;,&quot;caption&quot;:&quot;&quot;,&quot;created_timestamp&quot;:&quot;0&quot;,&quot;copyright&quot;:&quot;&quot;,&quot;focal_length&quot;:&quot;0&quot;,&quot;iso&quot;:&quot;0&quot;,&quot;shutter_speed&quot;:&quot;0&quot;,&quot;title&quot;:&quot;&quot;,&quot;orientation&quot;:&quot;0&quot;}\" data-image-title=\"421 Sol MG_8026\" data-image-description=\"\" data-image-caption=\"\" data-medium-file=\"https:\/\/www.grieta.org.mx\/wp-content\/uploads\/2021\/08\/421-Sol-MG_8026-300x204.jpg\" data-large-file=\"https:\/\/www.grieta.org.mx\/wp-content\/uploads\/2021\/08\/421-Sol-MG_8026-1024x695.jpg\" class=\"alignnone wp-image-61132\" src=\"http:\/\/www.grieta.org.mx\/wp-content\/uploads\/2021\/08\/421-Sol-MG_8026.jpg\" alt=\"\" width=\"800\" height=\"543\" srcset=\"https:\/\/www.grieta.org.mx\/wp-content\/uploads\/2021\/08\/421-Sol-MG_8026.jpg 1180w, https:\/\/www.grieta.org.mx\/wp-content\/uploads\/2021\/08\/421-Sol-MG_8026-300x204.jpg 300w, https:\/\/www.grieta.org.mx\/wp-content\/uploads\/2021\/08\/421-Sol-MG_8026-1024x695.jpg 1024w, https:\/\/www.grieta.org.mx\/wp-content\/uploads\/2021\/08\/421-Sol-MG_8026-768x521.jpg 768w\" sizes=\"auto, (max-width: 800px) 100vw, 800px\" \/><\/p>\n<p><img loading=\"lazy\" decoding=\"async\" data-attachment-id=\"61133\" data-permalink=\"https:\/\/www.grieta.org.mx\/index.php\/2021\/08\/15\/421-madrid-marcha\/421-madrid-bandera-y-esperanza-mg_8040\/\" data-orig-file=\"https:\/\/www.grieta.org.mx\/wp-content\/uploads\/2021\/08\/421-Madrid-Bandera-y-esperanza-MG_8040.jpg\" data-orig-size=\"1825,1111\" data-comments-opened=\"0\" data-image-meta=\"{&quot;aperture&quot;:&quot;0&quot;,&quot;credit&quot;:&quot;&quot;,&quot;camera&quot;:&quot;&quot;,&quot;caption&quot;:&quot;&quot;,&quot;created_timestamp&quot;:&quot;0&quot;,&quot;copyright&quot;:&quot;&quot;,&quot;focal_length&quot;:&quot;0&quot;,&quot;iso&quot;:&quot;0&quot;,&quot;shutter_speed&quot;:&quot;0&quot;,&quot;title&quot;:&quot;&quot;,&quot;orientation&quot;:&quot;0&quot;}\" data-image-title=\"421 Madrid Bandera y esperanza MG_8040\" data-image-description=\"\" data-image-caption=\"\" data-medium-file=\"https:\/\/www.grieta.org.mx\/wp-content\/uploads\/2021\/08\/421-Madrid-Bandera-y-esperanza-MG_8040-300x183.jpg\" data-large-file=\"https:\/\/www.grieta.org.mx\/wp-content\/uploads\/2021\/08\/421-Madrid-Bandera-y-esperanza-MG_8040-1024x623.jpg\" class=\"alignnone wp-image-61133\" src=\"http:\/\/www.grieta.org.mx\/wp-content\/uploads\/2021\/08\/421-Madrid-Bandera-y-esperanza-MG_8040.jpg\" alt=\"\" width=\"800\" height=\"487\" srcset=\"https:\/\/www.grieta.org.mx\/wp-content\/uploads\/2021\/08\/421-Madrid-Bandera-y-esperanza-MG_8040.jpg 1825w, https:\/\/www.grieta.org.mx\/wp-content\/uploads\/2021\/08\/421-Madrid-Bandera-y-esperanza-MG_8040-300x183.jpg 300w, https:\/\/www.grieta.org.mx\/wp-content\/uploads\/2021\/08\/421-Madrid-Bandera-y-esperanza-MG_8040-1024x623.jpg 1024w, https:\/\/www.grieta.org.mx\/wp-content\/uploads\/2021\/08\/421-Madrid-Bandera-y-esperanza-MG_8040-768x468.jpg 768w, https:\/\/www.grieta.org.mx\/wp-content\/uploads\/2021\/08\/421-Madrid-Bandera-y-esperanza-MG_8040-1536x935.jpg 1536w\" sizes=\"auto, (max-width: 800px) 100vw, 800px\" \/><\/p>\n<p><img loading=\"lazy\" decoding=\"async\" data-attachment-id=\"61134\" data-permalink=\"https:\/\/www.grieta.org.mx\/index.php\/2021\/08\/15\/421-madrid-marcha\/421-madrid-detalle-mg_8062\/\" data-orig-file=\"https:\/\/www.grieta.org.mx\/wp-content\/uploads\/2021\/08\/421-Madrid-detalle-MG_8062.jpg\" data-orig-size=\"1117,732\" data-comments-opened=\"0\" data-image-meta=\"{&quot;aperture&quot;:&quot;0&quot;,&quot;credit&quot;:&quot;&quot;,&quot;camera&quot;:&quot;&quot;,&quot;caption&quot;:&quot;&quot;,&quot;created_timestamp&quot;:&quot;0&quot;,&quot;copyright&quot;:&quot;&quot;,&quot;focal_length&quot;:&quot;0&quot;,&quot;iso&quot;:&quot;0&quot;,&quot;shutter_speed&quot;:&quot;0&quot;,&quot;title&quot;:&quot;&quot;,&quot;orientation&quot;:&quot;0&quot;}\" data-image-title=\"421 Madrid detalle MG_8062\" data-image-description=\"\" data-image-caption=\"\" data-medium-file=\"https:\/\/www.grieta.org.mx\/wp-content\/uploads\/2021\/08\/421-Madrid-detalle-MG_8062-300x197.jpg\" data-large-file=\"https:\/\/www.grieta.org.mx\/wp-content\/uploads\/2021\/08\/421-Madrid-detalle-MG_8062-1024x671.jpg\" class=\"alignnone wp-image-61134\" src=\"http:\/\/www.grieta.org.mx\/wp-content\/uploads\/2021\/08\/421-Madrid-detalle-MG_8062.jpg\" alt=\"\" width=\"800\" height=\"524\" srcset=\"https:\/\/www.grieta.org.mx\/wp-content\/uploads\/2021\/08\/421-Madrid-detalle-MG_8062.jpg 1117w, https:\/\/www.grieta.org.mx\/wp-content\/uploads\/2021\/08\/421-Madrid-detalle-MG_8062-300x197.jpg 300w, https:\/\/www.grieta.org.mx\/wp-content\/uploads\/2021\/08\/421-Madrid-detalle-MG_8062-1024x671.jpg 1024w, https:\/\/www.grieta.org.mx\/wp-content\/uploads\/2021\/08\/421-Madrid-detalle-MG_8062-768x503.jpg 768w, https:\/\/www.grieta.org.mx\/wp-content\/uploads\/2021\/08\/421-Madrid-detalle-MG_8062-765x500.jpg 765w\" sizes=\"auto, (max-width: 800px) 100vw, 800px\" \/><\/p>\n<p><img loading=\"lazy\" decoding=\"async\" data-attachment-id=\"61135\" data-permalink=\"https:\/\/www.grieta.org.mx\/index.php\/2021\/08\/15\/421-madrid-marcha\/421-madrid-ayuntamiento-mg_8044\/\" data-orig-file=\"https:\/\/www.grieta.org.mx\/wp-content\/uploads\/2021\/08\/421-Madrid-ayuntamiento-MG_8044.jpg\" data-orig-size=\"1158,724\" data-comments-opened=\"0\" data-image-meta=\"{&quot;aperture&quot;:&quot;0&quot;,&quot;credit&quot;:&quot;&quot;,&quot;camera&quot;:&quot;&quot;,&quot;caption&quot;:&quot;&quot;,&quot;created_timestamp&quot;:&quot;0&quot;,&quot;copyright&quot;:&quot;&quot;,&quot;focal_length&quot;:&quot;0&quot;,&quot;iso&quot;:&quot;0&quot;,&quot;shutter_speed&quot;:&quot;0&quot;,&quot;title&quot;:&quot;&quot;,&quot;orientation&quot;:&quot;0&quot;}\" data-image-title=\"421 Madrid ayuntamiento MG_8044\" data-image-description=\"\" data-image-caption=\"\" data-medium-file=\"https:\/\/www.grieta.org.mx\/wp-content\/uploads\/2021\/08\/421-Madrid-ayuntamiento-MG_8044-300x188.jpg\" data-large-file=\"https:\/\/www.grieta.org.mx\/wp-content\/uploads\/2021\/08\/421-Madrid-ayuntamiento-MG_8044-1024x640.jpg\" class=\"alignnone wp-image-61135\" src=\"http:\/\/www.grieta.org.mx\/wp-content\/uploads\/2021\/08\/421-Madrid-ayuntamiento-MG_8044.jpg\" alt=\"\" width=\"800\" height=\"500\" srcset=\"https:\/\/www.grieta.org.mx\/wp-content\/uploads\/2021\/08\/421-Madrid-ayuntamiento-MG_8044.jpg 1158w, https:\/\/www.grieta.org.mx\/wp-content\/uploads\/2021\/08\/421-Madrid-ayuntamiento-MG_8044-300x188.jpg 300w, https:\/\/www.grieta.org.mx\/wp-content\/uploads\/2021\/08\/421-Madrid-ayuntamiento-MG_8044-1024x640.jpg 1024w, https:\/\/www.grieta.org.mx\/wp-content\/uploads\/2021\/08\/421-Madrid-ayuntamiento-MG_8044-768x480.jpg 768w\" sizes=\"auto, (max-width: 800px) 100vw, 800px\" \/><\/p>\n<p><a href=\"https:\/\/vocesenlucha.com\/2021\/08\/15\/brigada-zapatista-en-madrid\/\" target=\"_blank\" rel=\"noopener\">https:\/\/vocesenlucha.com\/2021\/08\/15\/brigada-zapatista-en-madrid\/<\/a><\/p>\n","protected":false},"excerpt":{"rendered":"<p>VOCESENLUCHA En medio de la Gira por la Vida, el Escuadr\u00f3n 421 del Ej\u00e9rcito Zapatista de Liberaci\u00f3n Nacional, #EZLN, llega a Madrid a 500 a\u00f1os de la invasi\u00f3n de Tenochtitl\u00e1n &hellip; <a href=\"https:\/\/www.grieta.org.mx\/index.php\/2021\/08\/15\/421-madrid-marcha\/\" class=\"more-link\">Leer m\u00e1s<\/a><\/p>\n","protected":false},"author":2,"featured_media":61129,"comment_status":"closed","ping_status":"closed","sticky":false,"template":"","format":"standard","meta":{"ngg_post_thumbnail":0,"_jetpack_newsletter_access":"","_jetpack_dont_email_post_to_subs":false,"_jetpack_newsletter_tier_id":0,"_jetpack_memberships_contains_paywalled_content":false,"_jetpack_memberships_contains_paid_content":false,"footnotes":""},"categories":[80,2,2661,3916],"tags":[3934,3961,3917],"class_list":["post-61128","post","type-post","status-publish","format-standard","has-post-thumbnail","hentry","category-cintillo","category-noticias-nacionales","category-redes-de-resistencia-y-rebeldia","category-travesia-por-la-vida","tag-europa","tag-madrid","tag-travesia-por-la-vida","entry"],"jetpack_featured_media_url":"https:\/\/www.grieta.org.mx\/wp-content\/uploads\/2021\/08\/421-Madrid-13-08-MG_8073.jpg","jetpack_sharing_enabled":true,"jetpack_shortlink":"https:\/\/wp.me\/p7ZJR4-fTW","jetpack_likes_enabled":false,"jetpack-related-posts":[{"id":61108,"url":"https:\/\/www.grieta.org.mx\/index.php\/2021\/08\/11\/video-del-concierto-bienvenida-gira-zapatista-europea-2021-12-de-agosto-auditorio-pilar-bardem-de-rivas-vaciamadrid-madrid\/","url_meta":{"origin":61128,"position":0},"title":"Video del &#8220;Concierto bienvenida Gira Zapatista Europea 2021&#8221;: 12 de agosto, Auditorio Pilar Bardem de Rivas Vaciamadrid (Madrid)","author":"grieta","date":"11 agosto, 2021","format":false,"excerpt":"LA TERCERA \u00a0 Desde CGT queremos dar la bienvenida a las, los y loas compa\u00f1ero\/as zapatistas, que se encuentran de Gira por Europa, celebrando un concierto el d\u00eda 12 de agosto en Rivas-Vaciamadrid, en el Auditorio Pilar Bardem, a las 18:00 h., la entrada al auditorio ser\u00e1 exclusiva para las\u2026","rel":"","context":"En &quot;CINTILLO&quot;","block_context":{"text":"CINTILLO","link":"https:\/\/www.grieta.org.mx\/index.php\/category\/cintillo\/"},"img":{"alt_text":"","src":"https:\/\/i0.wp.com\/www.grieta.org.mx\/wp-content\/uploads\/2021\/08\/Cartel-concierto-Madrid-12-agosto.jpg?resize=350%2C200&ssl=1","width":350,"height":200,"srcset":"https:\/\/i0.wp.com\/www.grieta.org.mx\/wp-content\/uploads\/2021\/08\/Cartel-concierto-Madrid-12-agosto.jpg?resize=350%2C200&ssl=1 1x, https:\/\/i0.wp.com\/www.grieta.org.mx\/wp-content\/uploads\/2021\/08\/Cartel-concierto-Madrid-12-agosto.jpg?resize=525%2C300&ssl=1 1.5x, https:\/\/i0.wp.com\/www.grieta.org.mx\/wp-content\/uploads\/2021\/08\/Cartel-concierto-Madrid-12-agosto.jpg?resize=700%2C400&ssl=1 2x"},"classes":[]},{"id":61465,"url":"https:\/\/www.grieta.org.mx\/index.php\/2021\/08\/22\/apenas-500-anos-despues-escuadron-maritimo-zapatista-en-voz-de-lupita-5-7\/","url_meta":{"origin":61128,"position":1},"title":"Apenas 500 a\u00f1os despu\u00e9s | Escuadr\u00f3n Mar\u00edtimo Zapatista \/ En voz de Lupita (5\/7)","author":"grieta","date":"22 agosto, 2021","format":false,"excerpt":"Por Medios Libres o como se llamen Publicado en Camino al Andar 22 de agosto de 2021. Escuchamos las palabras del movimiento zapatista, el 13 de agosto pasado en Madrid, luego de una marcha hist\u00f3rica en las calles de la capital espa\u00f1ola, dos semanas despu\u00e9s del Encuentro de mujeres, personas\u2026","rel":"","context":"En &quot;NOTICIAS NACIONALES&quot;","block_context":{"text":"NOTICIAS NACIONALES","link":"https:\/\/www.grieta.org.mx\/index.php\/category\/noticias-nacionales\/"},"img":{"alt_text":"","src":"","width":0,"height":0},"classes":[]},{"id":60944,"url":"https:\/\/www.grieta.org.mx\/index.php\/2021\/08\/10\/en-euskal-herria-pais-vasco-organizan-distintas-actividades-para-recibir-a-la-delegacion-del-ezln-videos-y-fotos\/","url_meta":{"origin":61128,"position":2},"title":"En Euskal Herria (Pa\u00eds Vasco) organizan distintas actividades para recibir a la delegaci\u00f3n del EZLN (VIDEOS Y FOTOS)","author":"grieta","date":"10 agosto, 2021","format":false,"excerpt":"VIDEO: BIRA ZAPATISTA COLECTIVO GRIETA Como en muchos otros rincones de la Europa insumisa, este fin de semana se realizaron distintas acciones en Euskal Herria (Pa\u00eds Vasco, Estado espa\u00f1ol), para mostrar el apoyo a la \"Traves\u00eda por la vida\" del Ej\u00e9rcito Zapatista de Liberaci\u00f3n Nacional (EZLN) y exigir una vez\u2026","rel":"","context":"En &quot;CINTILLO&quot;","block_context":{"text":"CINTILLO","link":"https:\/\/www.grieta.org.mx\/index.php\/category\/cintillo\/"},"img":{"alt_text":"","src":"https:\/\/i0.wp.com\/www.grieta.org.mx\/wp-content\/uploads\/2021\/08\/Mesa-Donostiphoto_2021-08-09_08-58-13.jpg?resize=350%2C200&ssl=1","width":350,"height":200,"srcset":"https:\/\/i0.wp.com\/www.grieta.org.mx\/wp-content\/uploads\/2021\/08\/Mesa-Donostiphoto_2021-08-09_08-58-13.jpg?resize=350%2C200&ssl=1 1x, https:\/\/i0.wp.com\/www.grieta.org.mx\/wp-content\/uploads\/2021\/08\/Mesa-Donostiphoto_2021-08-09_08-58-13.jpg?resize=525%2C300&ssl=1 1.5x, https:\/\/i0.wp.com\/www.grieta.org.mx\/wp-content\/uploads\/2021\/08\/Mesa-Donostiphoto_2021-08-09_08-58-13.jpg?resize=700%2C400&ssl=1 2x, https:\/\/i0.wp.com\/www.grieta.org.mx\/wp-content\/uploads\/2021\/08\/Mesa-Donostiphoto_2021-08-09_08-58-13.jpg?resize=1050%2C600&ssl=1 3x"},"classes":[]},{"id":59433,"url":"https:\/\/www.grieta.org.mx\/index.php\/2021\/05\/22\/preparativos-en-la-otra-europa-para-recibir-a-la-travesia-zapatista-por-la-vida-videos-y-fotos\/","url_meta":{"origin":61128,"position":3},"title":"Preparativos en la Otra Europa para recibir a la &#8220;Traves\u00eda zapatista por la vida&#8221; (VIDEOS y FOTOS)","author":"grieta","date":"22 mayo, 2021","format":false,"excerpt":"Los pasados 15 y 16 de mayo, distintos colectivos y organizaciones europeas de abajo y a la izquierda realizaron actividades en preparaci\u00f3n de la llegada de parte de la delegaci\u00f3n del Ej\u00e9rcito Zapatista de Liberaci\u00f3n Nacional (EZLN) que navega hacia el Viejo Continente.\u00a0 Se comparten las im\u00e1genes de algunas de\u2026","rel":"","context":"En &quot;CINTILLO&quot;","block_context":{"text":"CINTILLO","link":"https:\/\/www.grieta.org.mx\/index.php\/category\/cintillo\/"},"img":{"alt_text":"","src":"https:\/\/i0.wp.com\/www.grieta.org.mx\/wp-content\/uploads\/2021\/05\/photo_2021-05-19_23-45-27.jpg?resize=350%2C200&ssl=1","width":350,"height":200,"srcset":"https:\/\/i0.wp.com\/www.grieta.org.mx\/wp-content\/uploads\/2021\/05\/photo_2021-05-19_23-45-27.jpg?resize=350%2C200&ssl=1 1x, https:\/\/i0.wp.com\/www.grieta.org.mx\/wp-content\/uploads\/2021\/05\/photo_2021-05-19_23-45-27.jpg?resize=525%2C300&ssl=1 1.5x, https:\/\/i0.wp.com\/www.grieta.org.mx\/wp-content\/uploads\/2021\/05\/photo_2021-05-19_23-45-27.jpg?resize=700%2C400&ssl=1 2x, https:\/\/i0.wp.com\/www.grieta.org.mx\/wp-content\/uploads\/2021\/05\/photo_2021-05-19_23-45-27.jpg?resize=1050%2C600&ssl=1 3x"},"classes":[]},{"id":60753,"url":"https:\/\/www.grieta.org.mx\/index.php\/2021\/07\/23\/semana-de-acciones-en-varias-ciudades-europeas-para-pedir-via-libre-para-la-delegacion-zapatista\/","url_meta":{"origin":61128,"position":4},"title":"Semana de acciones en varias ciudades europeas para pedir v\u00eda libre para la delegaci\u00f3n zapatista","author":"grieta","date":"23 julio, 2021","format":false,"excerpt":"Desde el martes pasado se han venido realizando acciones frente a las embajadas y consulados de Francia de Alemania, Italia, B\u00e9lgica, Dinamarca y algunas ciudades francesas. Hoy han sucedido en Pa\u00edses Bajos y Grecia, y en el Estado espa\u00f1ol, se han convocado para este s\u00e1bado en Granada, Barcelona, Bilbao y\u2026","rel":"","context":"En &quot;CINTILLO&quot;","block_context":{"text":"CINTILLO","link":"https:\/\/www.grieta.org.mx\/index.php\/category\/cintillo\/"},"img":{"alt_text":"","src":"https:\/\/i0.wp.com\/www.grieta.org.mx\/wp-content\/uploads\/2021\/07\/pasolibre-Amsterdam.jpg?resize=350%2C200&ssl=1","width":350,"height":200,"srcset":"https:\/\/i0.wp.com\/www.grieta.org.mx\/wp-content\/uploads\/2021\/07\/pasolibre-Amsterdam.jpg?resize=350%2C200&ssl=1 1x, https:\/\/i0.wp.com\/www.grieta.org.mx\/wp-content\/uploads\/2021\/07\/pasolibre-Amsterdam.jpg?resize=525%2C300&ssl=1 1.5x, https:\/\/i0.wp.com\/www.grieta.org.mx\/wp-content\/uploads\/2021\/07\/pasolibre-Amsterdam.jpg?resize=700%2C400&ssl=1 2x, https:\/\/i0.wp.com\/www.grieta.org.mx\/wp-content\/uploads\/2021\/07\/pasolibre-Amsterdam.jpg?resize=1050%2C600&ssl=1 3x, https:\/\/i0.wp.com\/www.grieta.org.mx\/wp-content\/uploads\/2021\/07\/pasolibre-Amsterdam.jpg?resize=1400%2C800&ssl=1 4x"},"classes":[]},{"id":60587,"url":"https:\/\/www.grieta.org.mx\/index.php\/2021\/05\/18\/numerosas-ciudades-europeas-muestran-su-apoyo-a-la-gira-por-la-vida-zapatista\/","url_meta":{"origin":61128,"position":5},"title":"Numerosas ciudades europeas muestran su apoyo a la \u2018Gira por la vida\u2019 Zapatista","author":"grieta","date":"18 mayo, 2021","format":false,"excerpt":"Se han celebrado diversas acciones ante la inminente llegada a Europa del \u201cvirus\u201d de la resistencia y rebeld\u00eda zapatistas. Redacci\u00f3n LA TERCERA Este fin de semana, varias decenas de ciudades europeas se han manifestado de manera simult\u00e1nea en apoyo a la \u2018Gira por la vida\u2019, como han bautizado las comunidades\u2026","rel":"","context":"En &quot;CINTILLO&quot;","block_context":{"text":"CINTILLO","link":"https:\/\/www.grieta.org.mx\/index.php\/category\/cintillo\/"},"img":{"alt_text":"","src":"https:\/\/i0.wp.com\/www.grieta.org.mx\/wp-content\/uploads\/2021\/07\/4096-2731-max..-1-950x0-c-default.jpg?resize=350%2C200&ssl=1","width":350,"height":200,"srcset":"https:\/\/i0.wp.com\/www.grieta.org.mx\/wp-content\/uploads\/2021\/07\/4096-2731-max..-1-950x0-c-default.jpg?resize=350%2C200&ssl=1 1x, https:\/\/i0.wp.com\/www.grieta.org.mx\/wp-content\/uploads\/2021\/07\/4096-2731-max..-1-950x0-c-default.jpg?resize=525%2C300&ssl=1 1.5x, https:\/\/i0.wp.com\/www.grieta.org.mx\/wp-content\/uploads\/2021\/07\/4096-2731-max..-1-950x0-c-default.jpg?resize=700%2C400&ssl=1 2x"},"classes":[]}],"_links":{"self":[{"href":"https:\/\/www.grieta.org.mx\/index.php\/wp-json\/wp\/v2\/posts\/61128","targetHints":{"allow":["GET"]}}],"collection":[{"href":"https:\/\/www.grieta.org.mx\/index.php\/wp-json\/wp\/v2\/posts"}],"about":[{"href":"https:\/\/www.grieta.org.mx\/index.php\/wp-json\/wp\/v2\/types\/post"}],"author":[{"embeddable":true,"href":"https:\/\/www.grieta.org.mx\/index.php\/wp-json\/wp\/v2\/users\/2"}],"replies":[{"embeddable":true,"href":"https:\/\/www.grieta.org.mx\/index.php\/wp-json\/wp\/v2\/comments?post=61128"}],"version-history":[{"count":1,"href":"https:\/\/www.grieta.org.mx\/index.php\/wp-json\/wp\/v2\/posts\/61128\/revisions"}],"predecessor-version":[{"id":61142,"href":"https:\/\/www.grieta.org.mx\/index.php\/wp-json\/wp\/v2\/posts\/61128\/revisions\/61142"}],"wp:featuredmedia":[{"embeddable":true,"href":"https:\/\/www.grieta.org.mx\/index.php\/wp-json\/wp\/v2\/media\/61129"}],"wp:attachment":[{"href":"https:\/\/www.grieta.org.mx\/index.php\/wp-json\/wp\/v2\/media?parent=61128"}],"wp:term":[{"taxonomy":"category","embeddable":true,"href":"https:\/\/www.grieta.org.mx\/index.php\/wp-json\/wp\/v2\/categories?post=61128"},{"taxonomy":"post_tag","embeddable":true,"href":"https:\/\/www.grieta.org.mx\/index.php\/wp-json\/wp\/v2\/tags?post=61128"}],"curies":[{"name":"wp","href":"https:\/\/api.w.org\/{rel}","templated":true}]}}