{"id":61122,"date":"2021-08-01T17:03:54","date_gmt":"2021-08-01T22:03:54","guid":{"rendered":"https:\/\/www.grieta.org.mx\/?p=61122"},"modified":"2021-08-15T17:09:53","modified_gmt":"2021-08-15T22:09:53","slug":"mueren-con-violencia-al-menos-seis-mujeres-trans-en-cinco-anos-en-tamaulipas","status":"publish","type":"post","link":"https:\/\/www.grieta.org.mx\/index.php\/2021\/08\/01\/mueren-con-violencia-al-menos-seis-mujeres-trans-en-cinco-anos-en-tamaulipas\/","title":{"rendered":"Mueren con violencia al menos seis mujeres trans en cinco a\u00f1os en Tamaulipas"},"content":{"rendered":"<p>Cristina G\u00f3mez\/Milenio<br \/>\n1 agosto 2021<\/p>\n<blockquote><p>La Fiscal\u00eda General de Justicia del Estado se\u00f1al\u00f3 no tener un registro especial de este tipo de cr\u00edmenes que s\u00ed ocurren en la entidad <\/p><\/blockquote>\n<p>Por lo menos seis mujeres trans han sido asesinadas en los \u00faltimos cinco a\u00f1os en Tamaulipas, sin que la Fiscal\u00eda General de Justicia del Estado lleve un registro de estos cr\u00edmenes de odio cometidos en la entidad.<\/p>\n<p>El 23 de noviembre de 2016, perdi\u00f3 la vida la deportista \u201cHannia\u201d, cuyo nombre real era Jes\u00fas Camacho Rodr\u00edguez, quien recibi\u00f3 tres impactos de bala luego de discutir con un hombre en un bar de Ciudad Victoria.<\/p>\n<p>Ella era una mujer trans, campeona delantera de la Selecci\u00f3n Gay de Futbol de Tamaulipas y ten\u00eda 30 a\u00f1os de edad. Falleci\u00f3 minutos despu\u00e9s de ser trasladada al Hospital General de la capital, mientras el agresor se dio a la fuga a bordo de una camioneta.<\/p>\n<p>En 2017, otra tamaulipeca trans fue v\u00edctima de homicidio en el interior de una est\u00e9tica de su propiedad, ubicada en el fraccionamiento Casa Blanca de la fronteriza ciudad de Matamoros; a ella la mataron a golpes y con heridas producidas por arma blanca.<\/p>\n<p>Una vecina encontr\u00f3 el cuerpo de quien se hac\u00eda llamar Bianka Cruz Y\u00e1\u00f1ez, quien ten\u00eda 45 a\u00f1os de edad cuando la asesinaron. Presentaba uno de sus ojos semidesprendido y la polic\u00eda dijo entonces tener dos l\u00edneas de investigaci\u00f3n: el robo y un pleito con su pareja, con quien discut\u00eda con frecuencia. El homicida huy\u00f3 en el auto de su v\u00edctima.<\/p>\n<p>\u200bTambi\u00e9n en Matamoros, pero el 5 de enero de 2018, otra mujer trans muri\u00f3 de forma violenta en su propio domicilio localizado en calle Naranjo y Bamb\u00fa de la colonia Mariano Matamoros.<\/p>\n<p>Ten\u00eda 48 a\u00f1os. Su cuerpo fue hallado en una de las habitaciones de la vivienda que rentaba y presentaba m\u00faltiples heridas por arma blanca. De acuerdo con testimonios de vecinos, ella trabajaba en una est\u00e9tica y entre la comunidad gay se le conoc\u00eda como Giovanny Carrera o \u201cGiovanny Internacional\u201d, pues realizaba shows en bares gay.<\/p>\n<p>Ese mismo a\u00f1o, tres mujeres transexuales fueron ejecutadas en el municipio de Padilla. Los hechos ocurrieron el 17 de febrero y fueron trabajadores agr\u00edcolas quienes reportaron el hallazgo de cinco personas sin vida, de las cuales tres eran transexuales.<\/p>\n<p>Primero se encontr\u00f3 un autom\u00f3vil incendiado en una brecha del poblado Barretal y al acudir la Polic\u00eda Estatal descubri\u00f3 al exterior del veh\u00edculo los cad\u00e1veres, que presentaban heridas de armas de fuego y una de las v\u00edctimas fue alcanzada parcialmente por el fuego de la camioneta.<\/p>\n<p>Se presumi\u00f3 que las v\u00edctimas fueron levantadas en un baile en el Barretal y posteriormente ejecutadas. No fueron identificadas y sus cuerpos yac\u00edan a corta distancia del auto al que se le prendi\u00f3 fuego. La Fiscal\u00eda de Justicia del Estado nunca inform\u00f3 de las investigaciones.<\/p>\n<p>La dependencia dijo no tener un registro de los cr\u00edmenes contra mujeres trans ni recordar hechos de este tipo en la entidad. Sin embargo, testimonios period\u00edsticos dan cuenta de que s\u00ed han ocurrido.<\/p>\n<p>Ana Karen L\u00f3pez Quintana, presidenta de la Asociaci\u00f3n Tamaulipas Diversidad Vihda Trans AC, ha se\u00f1alado que para las autoridades este grupo es invisible.<\/p>\n<p>Ella calcula que en cinco a\u00f1os se han cometido 25 cr\u00edmenes de odio en Tamaulipas, pues adem\u00e1s de los asesinatos a mujeres trans, hay homicidios contra otros miembros de la comunidad LGBTTTQ+.<\/p>\n<p>CGCH<\/p>\n<p><a href=\"https:\/\/www.milenio.com\/policia\/mujeres-trans-asesinan-a-seis-en-tamaulipas-en-un-lustro?utm_source=pocket_mylist\" rel=\"noopener\" target=\"_blank\">https:\/\/www.milenio.com\/policia\/mujeres-trans-asesinan-a-seis-en-tamaulipas-en-un-lustro?utm_source=pocket_mylist<\/a><\/p>\n","protected":false},"excerpt":{"rendered":"<p>Cristina G\u00f3mez\/Milenio 1 agosto 2021 La Fiscal\u00eda General de Justicia del Estado se\u00f1al\u00f3 no tener un registro especial de este tipo de cr\u00edmenes que s\u00ed ocurren en la entidad Por &hellip; <a href=\"https:\/\/www.grieta.org.mx\/index.php\/2021\/08\/01\/mueren-con-violencia-al-menos-seis-mujeres-trans-en-cinco-anos-en-tamaulipas\/\" class=\"more-link\">Leer m\u00e1s<\/a><\/p>\n","protected":false},"author":2,"featured_media":61123,"comment_status":"closed","ping_status":"closed","sticky":false,"template":"","format":"standard","meta":{"ngg_post_thumbnail":0,"_jetpack_newsletter_access":"","_jetpack_dont_email_post_to_subs":false,"_jetpack_newsletter_tier_id":0,"_jetpack_memberships_contains_paywalled_content":false,"_jetpack_memberships_contains_paid_content":false,"footnotes":""},"categories":[80,3988,2,33],"tags":[3396,408,3989,1568],"class_list":["post-61122","post","type-post","status-publish","format-standard","has-post-thumbnail","hentry","category-cintillo","category-crimenes-de-odio-en-tamaulipas","category-noticias-nacionales","category-tamaulipas","tag-crimenes-de-odio","tag-derechos-comunidad-lgbttti","tag-diversidad-sexual","tag-transfeminicidio","entry"],"jetpack_featured_media_url":"https:\/\/www.grieta.org.mx\/wp-content\/uploads\/2021\/08\/colectivo-minuto-silencio-mujeres-asesinadas_0_30_1350_840.jpeg","jetpack_sharing_enabled":true,"jetpack_shortlink":"https:\/\/wp.me\/p7ZJR4-fTQ","jetpack_likes_enabled":false,"jetpack-related-posts":[{"id":49627,"url":"https:\/\/www.grieta.org.mx\/index.php\/2020\/05\/17\/en-cinco-anos-25-crimenes-de-odio-contra-la-comunidad-lgtttiq-en-tamaulipas\/","url_meta":{"origin":61122,"position":0},"title":"En cinco a\u00f1os 25 cr\u00edmenes de odio contra la comunidad LGTTTIQ+ en Tamaulipas","author":"grieta","date":"17 mayo, 2020","format":false,"excerpt":"Anahy Meza\/Milenio 17 mayo 2020 Activistas de la comunidad LGTTTIQ+ de la zona sur aseguran que no hay avances suficientes para erradicar discriminaci\u00f3n y cr\u00edmenes de odio Activistas de la comunidad LGTTTIQ+ de la zona sur. Foto: tomada de Milenio En cinco a\u00f1os se han registrado 25 cr\u00edmenes de odio\u2026","rel":"","context":"En &quot;CINTILLO&quot;","block_context":{"text":"CINTILLO","link":"https:\/\/www.grieta.org.mx\/index.php\/category\/cintillo\/"},"img":{"alt_text":"","src":"https:\/\/i0.wp.com\/www.grieta.org.mx\/wp-content\/uploads\/2020\/05\/activistas-de-la-comunidad-lgtttiq_140_0_712_443.jpg?resize=350%2C200&ssl=1","width":350,"height":200,"srcset":"https:\/\/i0.wp.com\/www.grieta.org.mx\/wp-content\/uploads\/2020\/05\/activistas-de-la-comunidad-lgtttiq_140_0_712_443.jpg?resize=350%2C200&ssl=1 1x, https:\/\/i0.wp.com\/www.grieta.org.mx\/wp-content\/uploads\/2020\/05\/activistas-de-la-comunidad-lgtttiq_140_0_712_443.jpg?resize=525%2C300&ssl=1 1.5x, https:\/\/i0.wp.com\/www.grieta.org.mx\/wp-content\/uploads\/2020\/05\/activistas-de-la-comunidad-lgtttiq_140_0_712_443.jpg?resize=700%2C400&ssl=1 2x"},"classes":[]},{"id":53329,"url":"https:\/\/www.grieta.org.mx\/index.php\/2020\/08\/30\/mas-activistas-se-suman-a-la-huelga-de-hambre-por-crimenes-de-odio-en-veracruz\/","url_meta":{"origin":61122,"position":1},"title":"M\u00e1s activistas se suman a la huelga de hambre por cr\u00edmenes de odio en Veracruz","author":"grieta","date":"30 agosto, 2020","format":false,"excerpt":"Jos\u00e9 Mart\u00edn \/ Vanguardia de Veracruz Xalapa, Ver.- Por lo menos seis integrantes de la comunidad L\u00e9sbico, Gay, Bisexual, Travesti, Transexual, Transg\u00e9nero e Intersexual (LGBTTTI) mantienen una huelga de hambre como protesta ante el incremento de cr\u00edmenes de odio, y crueldad con la que se ataca a las mujeres trans.\u2026","rel":"","context":"En &quot;CINTILLO&quot;","block_context":{"text":"CINTILLO","link":"https:\/\/www.grieta.org.mx\/index.php\/category\/cintillo\/"},"img":{"alt_text":"","src":"https:\/\/i0.wp.com\/www.grieta.org.mx\/wp-content\/uploads\/2020\/09\/mas2.jpg?resize=350%2C200&ssl=1","width":350,"height":200,"srcset":"https:\/\/i0.wp.com\/www.grieta.org.mx\/wp-content\/uploads\/2020\/09\/mas2.jpg?resize=350%2C200&ssl=1 1x, https:\/\/i0.wp.com\/www.grieta.org.mx\/wp-content\/uploads\/2020\/09\/mas2.jpg?resize=525%2C300&ssl=1 1.5x, https:\/\/i0.wp.com\/www.grieta.org.mx\/wp-content\/uploads\/2020\/09\/mas2.jpg?resize=700%2C400&ssl=1 2x, https:\/\/i0.wp.com\/www.grieta.org.mx\/wp-content\/uploads\/2020\/09\/mas2.jpg?resize=1050%2C600&ssl=1 3x"},"classes":[]},{"id":66005,"url":"https:\/\/www.grieta.org.mx\/index.php\/2022\/12\/27\/documentan-25-crimenes-de-odio-en-la-region-del-istmo-de-tehuantepec-oaxaca\/","url_meta":{"origin":61122,"position":2},"title":"Documentan 25 cr\u00edmenes de odio en la regi\u00f3n del Istmo de Tehuantepec (Oaxaca)","author":"grieta","date":"27 diciembre, 2022","format":false,"excerpt":"Imagen: Cortes\u00eda Gerardo Valdivieso Parada \/NVINoticias En este a\u00f1o se present\u00f3 el informe \u201cDocumentaci\u00f3n de casos de violencia y cr\u00edmenes contra personas muxhe (sic) y trans en el Istmo de Tehuantepec en el Istmo de Tehuantepec\u201d, a cargo un grupo de lideresas muxe' que trabajan en el proyecto \u201cTransform\u00e1ndome\u201d de\u2026","rel":"","context":"En &quot;CINTILLO&quot;","block_context":{"text":"CINTILLO","link":"https:\/\/www.grieta.org.mx\/index.php\/category\/cintillo\/"},"img":{"alt_text":"","src":"https:\/\/i0.wp.com\/www.grieta.org.mx\/wp-content\/uploads\/2022\/12\/marcha_cazorla.webp?resize=350%2C200&ssl=1","width":350,"height":200,"srcset":"https:\/\/i0.wp.com\/www.grieta.org.mx\/wp-content\/uploads\/2022\/12\/marcha_cazorla.webp?resize=350%2C200&ssl=1 1x, https:\/\/i0.wp.com\/www.grieta.org.mx\/wp-content\/uploads\/2022\/12\/marcha_cazorla.webp?resize=525%2C300&ssl=1 1.5x, https:\/\/i0.wp.com\/www.grieta.org.mx\/wp-content\/uploads\/2022\/12\/marcha_cazorla.webp?resize=700%2C400&ssl=1 2x"},"classes":[]},{"id":56172,"url":"https:\/\/www.grieta.org.mx\/index.php\/2021\/01\/07\/crimenes-de-odio-en-jalisco-invisibles-e-impunes\/","url_meta":{"origin":61122,"position":3},"title":"Cr\u00edmenes de odio en Jalisco: invisibles e impunes","author":"grieta","date":"7 enero, 2021","format":false,"excerpt":"Foto: Andrea Bravo Andrea Bravo, Olimpia Cruz, Mariana Pineda, Isabel Doniz, Hugo Escand\u00f3n y Ezequiel Franco \/ Zona Docs \u201cLos medios no hablaron sobre ella, y si lo hicieron fue poco y con escasa informaci\u00f3n (\u2026) La asesinaron, una r\u00e1faga de fuego desfigur\u00f3 su cuerpo y fue envuelta en s\u00e1banas.\u2026","rel":"","context":"En &quot;CINTILLO&quot;","block_context":{"text":"CINTILLO","link":"https:\/\/www.grieta.org.mx\/index.php\/category\/cintillo\/"},"img":{"alt_text":"","src":"https:\/\/i0.wp.com\/www.grieta.org.mx\/wp-content\/uploads\/2021\/01\/R4.png?resize=350%2C200&ssl=1","width":350,"height":200,"srcset":"https:\/\/i0.wp.com\/www.grieta.org.mx\/wp-content\/uploads\/2021\/01\/R4.png?resize=350%2C200&ssl=1 1x, https:\/\/i0.wp.com\/www.grieta.org.mx\/wp-content\/uploads\/2021\/01\/R4.png?resize=525%2C300&ssl=1 1.5x, https:\/\/i0.wp.com\/www.grieta.org.mx\/wp-content\/uploads\/2021\/01\/R4.png?resize=700%2C400&ssl=1 2x"},"classes":[]},{"id":55649,"url":"https:\/\/www.grieta.org.mx\/index.php\/2020\/12\/08\/urgen-investigar-los-crimenes-de-odio-en-oaxaca-de-geovanna-y-sherlyn\/","url_meta":{"origin":61122,"position":4},"title":"Urgen investigar los cr\u00edmenes de odio en Oaxaca de Geovanna y Sherlyn","author":"grieta","date":"8 diciembre, 2020","format":false,"excerpt":"P\u00e1gina 3 \/ Pedro Mat\u00edas. Ombudsman pide investigar los cr\u00edmenes de odio suscitados en los \u00faltimos d\u00edas en Oaxaca OAXACA, Oax.- La Defensor\u00eda de los Derechos Humanos del Pueblo de Oaxaca urgi\u00f3 a las autoridades de procuraci\u00f3n y administraci\u00f3n de justicia a que atiendan los casos de Geovanna y Sherlyn,\u2026","rel":"","context":"En &quot;CINTILLO&quot;","block_context":{"text":"CINTILLO","link":"https:\/\/www.grieta.org.mx\/index.php\/category\/cintillo\/"},"img":{"alt_text":"","src":"https:\/\/i0.wp.com\/www.grieta.org.mx\/wp-content\/uploads\/2020\/12\/1-1.jpg?resize=350%2C200&ssl=1","width":350,"height":200,"srcset":"https:\/\/i0.wp.com\/www.grieta.org.mx\/wp-content\/uploads\/2020\/12\/1-1.jpg?resize=350%2C200&ssl=1 1x, https:\/\/i0.wp.com\/www.grieta.org.mx\/wp-content\/uploads\/2020\/12\/1-1.jpg?resize=525%2C300&ssl=1 1.5x, https:\/\/i0.wp.com\/www.grieta.org.mx\/wp-content\/uploads\/2020\/12\/1-1.jpg?resize=700%2C400&ssl=1 2x"},"classes":[]},{"id":22444,"url":"https:\/\/www.grieta.org.mx\/index.php\/2017\/04\/29\/tamaulipas-un-estado-silenciado-por-los-crimenes-contra-periodistas-cidh\/","url_meta":{"origin":61122,"position":5},"title":"Tamaulipas, un estado silenciado por los cr\u00edmenes contra periodistas: CIDH","author":"grieta","date":"29 abril, 2017","format":false,"excerpt":"Redacci\u00f3n\/Animal Pol\u00edtico La violencia contra periodistas en M\u00e9xico ha llegado a niveles alarmantes e incluso se ha intensificado en los \u00faltimos a\u00f1os, tiempo en el que destaca el caso de Tamaulipas, entidad considerada como una zona silenciada por la Comisi\u00f3n Interamericana de Derechos Humanos (CIDH). \u201cTamaulipas fue una de las\u2026","rel":"","context":"En &quot;CINTILLO&quot;","block_context":{"text":"CINTILLO","link":"https:\/\/www.grieta.org.mx\/index.php\/category\/cintillo\/"},"img":{"alt_text":"","src":"https:\/\/i0.wp.com\/www.grieta.org.mx\/wp-content\/uploads\/2018\/04\/t1-1.jpg?resize=350%2C200&ssl=1","width":350,"height":200,"srcset":"https:\/\/i0.wp.com\/www.grieta.org.mx\/wp-content\/uploads\/2018\/04\/t1-1.jpg?resize=350%2C200&ssl=1 1x, https:\/\/i0.wp.com\/www.grieta.org.mx\/wp-content\/uploads\/2018\/04\/t1-1.jpg?resize=525%2C300&ssl=1 1.5x, https:\/\/i0.wp.com\/www.grieta.org.mx\/wp-content\/uploads\/2018\/04\/t1-1.jpg?resize=700%2C400&ssl=1 2x"},"classes":[]}],"_links":{"self":[{"href":"https:\/\/www.grieta.org.mx\/index.php\/wp-json\/wp\/v2\/posts\/61122","targetHints":{"allow":["GET"]}}],"collection":[{"href":"https:\/\/www.grieta.org.mx\/index.php\/wp-json\/wp\/v2\/posts"}],"about":[{"href":"https:\/\/www.grieta.org.mx\/index.php\/wp-json\/wp\/v2\/types\/post"}],"author":[{"embeddable":true,"href":"https:\/\/www.grieta.org.mx\/index.php\/wp-json\/wp\/v2\/users\/2"}],"replies":[{"embeddable":true,"href":"https:\/\/www.grieta.org.mx\/index.php\/wp-json\/wp\/v2\/comments?post=61122"}],"version-history":[{"count":1,"href":"https:\/\/www.grieta.org.mx\/index.php\/wp-json\/wp\/v2\/posts\/61122\/revisions"}],"predecessor-version":[{"id":61124,"href":"https:\/\/www.grieta.org.mx\/index.php\/wp-json\/wp\/v2\/posts\/61122\/revisions\/61124"}],"wp:featuredmedia":[{"embeddable":true,"href":"https:\/\/www.grieta.org.mx\/index.php\/wp-json\/wp\/v2\/media\/61123"}],"wp:attachment":[{"href":"https:\/\/www.grieta.org.mx\/index.php\/wp-json\/wp\/v2\/media?parent=61122"}],"wp:term":[{"taxonomy":"category","embeddable":true,"href":"https:\/\/www.grieta.org.mx\/index.php\/wp-json\/wp\/v2\/categories?post=61122"},{"taxonomy":"post_tag","embeddable":true,"href":"https:\/\/www.grieta.org.mx\/index.php\/wp-json\/wp\/v2\/tags?post=61122"}],"curies":[{"name":"wp","href":"https:\/\/api.w.org\/{rel}","templated":true}]}}