{"id":61118,"date":"2021-08-01T16:46:02","date_gmt":"2021-08-01T21:46:02","guid":{"rendered":"https:\/\/www.grieta.org.mx\/?p=61118"},"modified":"2021-08-15T17:01:25","modified_gmt":"2021-08-15T22:01:25","slug":"temen-por-haitianos-desaparecidos-en-tampico-hace-mes-y-medio-tamaulipas","status":"publish","type":"post","link":"https:\/\/www.grieta.org.mx\/index.php\/2021\/08\/01\/temen-por-haitianos-desaparecidos-en-tampico-hace-mes-y-medio-tamaulipas\/","title":{"rendered":"Temen por haitianos desaparecidos en Tampico hace mes y medio (Tamaulipas)"},"content":{"rendered":"<p>Cristina G\u00f3mez\/Milenio<br \/>\n1 agosto 2021<\/p>\n<blockquote><p>Se les perdi\u00f3 el rastro despu\u00e9s de ser hospitalizados por un accidente carretero y activista denuncia falta de apoyo para su localizaci\u00f3n <\/p><\/blockquote>\n<p>A casi mes y medio de la presunta desaparici\u00f3n de 18 migrantes haitianos en Tampico, el Comit\u00e9 Ciudadano en Defensa de los Naturalizados y Afromexicanos teme hayan ca\u00eddo en manos de la delincuencia de Tamaulipas.<\/p>\n<p>Wilner Metelus, presidente del organismo, inform\u00f3 que contin\u00faan desaparecidas estas personas que el pasado 17 de junio llegaron al puerto para recibir atenci\u00f3n m\u00e9dica en el Hospital General Carlos Canseco, luego de haber sufrido un accidente a bordo de un autob\u00fas.<\/p>\n<p>Este percance ocurri\u00f3 sobre la carretera Tampico-Mante y a la fecha se desconoce su paradero, asegur\u00f3 el activista, quien expres\u00f3 su temor de que est\u00e9n retenidos por una organizaci\u00f3n criminal.<\/p>\n<p><img decoding=\"async\" data-attachment-id=\"61119\" data-permalink=\"https:\/\/www.grieta.org.mx\/index.php\/2021\/08\/01\/temen-por-haitianos-desaparecidos-en-tampico-hace-mes-y-medio-tamaulipas\/registra-volcadura-autobus-carretera-tampico_thumb_591_348\/\" data-orig-file=\"https:\/\/www.grieta.org.mx\/wp-content\/uploads\/2021\/08\/registra-volcadura-autobus-carretera-tampico_thumb_591_348.jpg\" data-orig-size=\"618,348\" data-comments-opened=\"0\" data-image-meta=\"{&quot;aperture&quot;:&quot;0&quot;,&quot;credit&quot;:&quot;&quot;,&quot;camera&quot;:&quot;&quot;,&quot;caption&quot;:&quot;&quot;,&quot;created_timestamp&quot;:&quot;0&quot;,&quot;copyright&quot;:&quot;&quot;,&quot;focal_length&quot;:&quot;0&quot;,&quot;iso&quot;:&quot;0&quot;,&quot;shutter_speed&quot;:&quot;0&quot;,&quot;title&quot;:&quot;&quot;,&quot;orientation&quot;:&quot;0&quot;}\" data-image-title=\"registra-volcadura-autobus-carretera-tampico_thumb_591_348\" data-image-description=\"\" data-image-caption=\"\" data-medium-file=\"https:\/\/www.grieta.org.mx\/wp-content\/uploads\/2021\/08\/registra-volcadura-autobus-carretera-tampico_thumb_591_348-300x169.jpg\" data-large-file=\"https:\/\/www.grieta.org.mx\/wp-content\/uploads\/2021\/08\/registra-volcadura-autobus-carretera-tampico_thumb_591_348.jpg\" src=\"http:\/\/www.grieta.org.mx\/wp-content\/uploads\/2021\/08\/registra-volcadura-autobus-carretera-tampico_thumb_591_348.jpg\" alt=\"\" width=\"100%\"class=\"alignnone size-full wp-image-61119\" srcset=\"https:\/\/www.grieta.org.mx\/wp-content\/uploads\/2021\/08\/registra-volcadura-autobus-carretera-tampico_thumb_591_348.jpg 618w, https:\/\/www.grieta.org.mx\/wp-content\/uploads\/2021\/08\/registra-volcadura-autobus-carretera-tampico_thumb_591_348-300x169.jpg 300w\" sizes=\"(max-width: 618px) 100vw, 618px\" \/><br \/>\nFue el 17 de junio cuando ocurri\u00f3 el accidente.<\/p>\n<p>\u201cEn el autob\u00fas ven\u00edan 51 haitianos y 18 de ellos fueron llevados al hospital general de Tampico, en donde me informaron que 15 ya hab\u00edan sido dados de alta el mismo d\u00eda y que hab\u00eda agentes de migraci\u00f3n atr\u00e1s de ellos, pero que no ten\u00edan m\u00e1s informaci\u00f3n\u201d.<br \/>\nMetelus se comunica entonces con el director del Instituto Nacional de Migraci\u00f3n y se entera de la detenci\u00f3n de 24 haitianos que tambi\u00e9n hab\u00edan estado en el autob\u00fas del accidente.<\/p>\n<p>\u201cEllos se encuentran en la Estaci\u00f3n Migratoria Siglo XXI seg\u00fan el director, pero todos los haitianos que estuvieron en el accidente tienen visa humanitaria, no son indocumentados\u201d.<br \/>\nSu preocupaci\u00f3n es que el director del INM le coment\u00f3 que no hab\u00eda agentes suyos en el hospital cuando llegaron los migrantes. Despu\u00e9s tambi\u00e9n les perdi\u00f3 el rastro a los otros tres que se hab\u00edan quedado internados, unos menores de 3, 2 y 1 a\u00f1o, los cuales fueron llevados a un hospital particular con gastos cubiertos por el seguro de la compa\u00f1\u00eda de autotransporte.<\/p>\n<p>Reprocha que a estas alturas no se haya emitido un pronunciamiento de ning\u00fan nivel de gobierno, cuando se trata de seres humanos. Refiere que tambi\u00e9n se desconoce el paradero del chofer del autob\u00fas, de origen mexicano.<\/p>\n<p>\u201cExigimos respuestas inmediatas, queremos saber d\u00f3nde est\u00e1n, hemos avisado al subsecretario de Gobernaci\u00f3n, Alejandro Encinas; no se han pronunciado ni el presidente ni el gobernador, yo tengo bastante preocupaci\u00f3n, estamos hablando de Tamaulipas, un estado donde diario hay secuestros y los haitianos son muy vulnerables, as\u00ed que exigimos una explicaci\u00f3n\u201d.<br \/>\nReprueba el traslado de los 24 haitianos a la Estaci\u00f3n Migratoria Siglo XXI ubicada en Tapachula Chiapas, donde asegura se encuentran en condiciones infrahumanas.<\/p>\n<p>Wilner Metelus menciona que hay 17 mil migrantes haitianos varados en la frontera sur, para los cuales tambi\u00e9n pide un trato humanitario y solidario<\/p>\n<p>\u200bCGCH<\/p>\n<p><a href=\"https:\/\/www.milenio.com\/policia\/haitianos-desaparecidos-en-tampico-pueden-estar-secuestrados\" rel=\"noopener\" target=\"_blank\">https:\/\/www.milenio.com\/policia\/haitianos-desaparecidos-en-tampico-pueden-estar-secuestrados<\/a><\/p>\n","protected":false},"excerpt":{"rendered":"<p>Cristina G\u00f3mez\/Milenio 1 agosto 2021 Se les perdi\u00f3 el rastro despu\u00e9s de ser hospitalizados por un accidente carretero y activista denuncia falta de apoyo para su localizaci\u00f3n A casi mes &hellip; <a href=\"https:\/\/www.grieta.org.mx\/index.php\/2021\/08\/01\/temen-por-haitianos-desaparecidos-en-tampico-hace-mes-y-medio-tamaulipas\/\" class=\"more-link\">Leer m\u00e1s<\/a><\/p>\n","protected":false},"author":2,"featured_media":61120,"comment_status":"closed","ping_status":"closed","sticky":false,"template":"","format":"standard","meta":{"ngg_post_thumbnail":0,"_jetpack_newsletter_access":"","_jetpack_dont_email_post_to_subs":false,"_jetpack_newsletter_tier_id":0,"_jetpack_memberships_contains_paywalled_content":false,"_jetpack_memberships_contains_paid_content":false,"footnotes":""},"categories":[80,87,1197,86,2124,2,33,83],"tags":[1410,2600,158,2417,2940],"class_list":["post-61118","post","type-post","status-publish","format-standard","has-post-thumbnail","hentry","category-cintillo","category-desaparecidos","category-desaparecidos-en-tamaulipas","category-migrantes","category-migrantes-en-tamaulipas","category-noticias-nacionales","category-tamaulipas","category-temas-nacionales","tag-abusos-contra-migrantes","tag-inm","tag-migrantes","tag-migrantes-desaparecidos","tag-migrantes-haitianos","entry"],"jetpack_featured_media_url":"https:\/\/www.grieta.org.mx\/wp-content\/uploads\/2021\/08\/migrantes-haitianos-africanos-tapachula-chiapas.jpg","jetpack_sharing_enabled":true,"jetpack_shortlink":"https:\/\/wp.me\/p7ZJR4-fTM","jetpack_likes_enabled":false,"jetpack-related-posts":[{"id":61760,"url":"https:\/\/www.grieta.org.mx\/index.php\/2021\/09\/16\/migrantes-haitianos-bloquean-carretera-en-altamira-tamaulipas\/","url_meta":{"origin":61118,"position":0},"title":"Migrantes haitianos bloquean carretera en Altamira, Tamaulipas","author":"grieta","date":"16 septiembre, 2021","format":false,"excerpt":"Roberto Aguilar\/El Universal 16 septiembre 2021 El bloqueo se registr\u00f3 a la altura del puente Las Pi\u00f1as, en la carretera Tampico \u2013 Mante; se acord\u00f3 liberar la vialidad y que los migrantes siguieran su camino Ciudad Victoria, Tamaulipas.- Con palos y llantas, la noche del mi\u00e9rcoles, migrantes haitianos realizaron un\u2026","rel":"","context":"En &quot;CINTILLO&quot;","block_context":{"text":"CINTILLO","link":"https:\/\/www.grieta.org.mx\/index.php\/category\/cintillo\/"},"img":{"alt_text":"","src":"https:\/\/i0.wp.com\/www.grieta.org.mx\/wp-content\/uploads\/2021\/09\/haitianos.png?resize=350%2C200&ssl=1","width":350,"height":200,"srcset":"https:\/\/i0.wp.com\/www.grieta.org.mx\/wp-content\/uploads\/2021\/09\/haitianos.png?resize=350%2C200&ssl=1 1x, https:\/\/i0.wp.com\/www.grieta.org.mx\/wp-content\/uploads\/2021\/09\/haitianos.png?resize=525%2C300&ssl=1 1.5x, https:\/\/i0.wp.com\/www.grieta.org.mx\/wp-content\/uploads\/2021\/09\/haitianos.png?resize=700%2C400&ssl=1 2x, https:\/\/i0.wp.com\/www.grieta.org.mx\/wp-content\/uploads\/2021\/09\/haitianos.png?resize=1050%2C600&ssl=1 3x"},"classes":[]},{"id":65371,"url":"https:\/\/www.grieta.org.mx\/index.php\/2022\/09\/27\/viven-en-hacinamiento-cientos-de-migrantes-haitianos-en-reynosa-tamaulipas\/","url_meta":{"origin":61118,"position":1},"title":"Viven en hacinamiento cientos de migrantes haitianos en Reynosa (Tamaulipas)","author":"grieta","date":"27 septiembre, 2022","format":false,"excerpt":"Rosal\u00eda Quint\u00e1\/Hoy Tamaulipas 27 septiembre 2022 Reynosa, Tamaulipas. \u2013 Cientos de migrantes haitianos viven en las calles aleda\u00f1as al albergue Senda de Vida, mientras esperan poder cruzar legalmente a Estados Unidos. Sin poder ingresar al albergue, porque no hay cupo seg\u00fan sus directivos, los migrantes han colocado peque\u00f1as carpas para\u2026","rel":"","context":"En &quot;CINTILLO&quot;","block_context":{"text":"CINTILLO","link":"https:\/\/www.grieta.org.mx\/index.php\/category\/cintillo\/"},"img":{"alt_text":"","src":"https:\/\/i0.wp.com\/www.grieta.org.mx\/wp-content\/uploads\/2022\/09\/Viven-en-hacinamiento-cientos-de-migrantes-haitianos-en-Reynosa.jpg?resize=350%2C200&ssl=1","width":350,"height":200,"srcset":"https:\/\/i0.wp.com\/www.grieta.org.mx\/wp-content\/uploads\/2022\/09\/Viven-en-hacinamiento-cientos-de-migrantes-haitianos-en-Reynosa.jpg?resize=350%2C200&ssl=1 1x, https:\/\/i0.wp.com\/www.grieta.org.mx\/wp-content\/uploads\/2022\/09\/Viven-en-hacinamiento-cientos-de-migrantes-haitianos-en-Reynosa.jpg?resize=525%2C300&ssl=1 1.5x, https:\/\/i0.wp.com\/www.grieta.org.mx\/wp-content\/uploads\/2022\/09\/Viven-en-hacinamiento-cientos-de-migrantes-haitianos-en-Reynosa.jpg?resize=700%2C400&ssl=1 2x"},"classes":[]},{"id":31598,"url":"https:\/\/www.grieta.org.mx\/index.php\/2019\/03\/30\/han-interceptado-a-779-migrantes-en-tamaulipas\/","url_meta":{"origin":61118,"position":2},"title":"Han interceptado a 779 migrantes en Tamaulipas","author":"grieta","date":"30 marzo, 2019","format":false,"excerpt":"Alfredo Pe\u00f1a \/ Excelsior En lo que ha sido la ciudad de Reynosa se han asegurado 491 personas mientras que Nuevo Laredo hay 209 y recientemente en lo que es Ciudad Victoria fueron 35 indocumentados REYNOSA, Tamaulipas. En lo que a sido estos dos meses el Instituto Nacional de Migraci\u00f3n\u2026","rel":"","context":"En &quot;CINTILLO&quot;","block_context":{"text":"CINTILLO","link":"https:\/\/www.grieta.org.mx\/index.php\/category\/cintillo\/"},"img":{"alt_text":"","src":"https:\/\/i0.wp.com\/www.grieta.org.mx\/wp-content\/uploads\/2019\/04\/Han-interceptado-a-779-migrantes-en-Tamaulipas-abr.jpg?resize=350%2C200&ssl=1","width":350,"height":200,"srcset":"https:\/\/i0.wp.com\/www.grieta.org.mx\/wp-content\/uploads\/2019\/04\/Han-interceptado-a-779-migrantes-en-Tamaulipas-abr.jpg?resize=350%2C200&ssl=1 1x, https:\/\/i0.wp.com\/www.grieta.org.mx\/wp-content\/uploads\/2019\/04\/Han-interceptado-a-779-migrantes-en-Tamaulipas-abr.jpg?resize=525%2C300&ssl=1 1.5x"},"classes":[]},{"id":33207,"url":"https:\/\/www.grieta.org.mx\/index.php\/2019\/05\/08\/saturan-migrantes-al-inm-en-tamaulipas\/","url_meta":{"origin":61118,"position":3},"title":"Saturan migrantes al INM en Tamaulipas","author":"grieta","date":"8 mayo, 2019","format":false,"excerpt":"Debate En lo que va del a\u00f1o van alrededor de 858 migrantes han sido detenidos en Tampico, Tamaulipas Tampico, Tamaulipas.- Aseguramientos de migrantes en Tamaulipas tienen frecuentemente saturada la peque\u00f1a estaci\u00f3n del Instituto Nacional de Migraci\u00f3n (INM) en Tampico. De acuerdo con registros period\u00edsticos, en lo que va de este\u2026","rel":"","context":"En &quot;CINTILLO&quot;","block_context":{"text":"CINTILLO","link":"https:\/\/www.grieta.org.mx\/index.php\/category\/cintillo\/"},"img":{"alt_text":"","src":"https:\/\/i0.wp.com\/www.grieta.org.mx\/wp-content\/uploads\/2019\/05\/Saturan-migrantes-al-INM-en-Tamaulipas-may.jpg?resize=350%2C200&ssl=1","width":350,"height":200,"srcset":"https:\/\/i0.wp.com\/www.grieta.org.mx\/wp-content\/uploads\/2019\/05\/Saturan-migrantes-al-INM-en-Tamaulipas-may.jpg?resize=350%2C200&ssl=1 1x, https:\/\/i0.wp.com\/www.grieta.org.mx\/wp-content\/uploads\/2019\/05\/Saturan-migrantes-al-INM-en-Tamaulipas-may.jpg?resize=525%2C300&ssl=1 1.5x, https:\/\/i0.wp.com\/www.grieta.org.mx\/wp-content\/uploads\/2019\/05\/Saturan-migrantes-al-INM-en-Tamaulipas-may.jpg?resize=700%2C400&ssl=1 2x"},"classes":[]},{"id":51386,"url":"https:\/\/www.grieta.org.mx\/index.php\/2020\/06\/23\/protestan-migrantes-y-provocan-cierre-de-puente-en-matamoros-tamaulipas\/","url_meta":{"origin":61118,"position":4},"title":"Protestan migrantes y provocan cierre de puente en Matamoros (Tamaulipas)","author":"grieta","date":"23 junio, 2020","format":false,"excerpt":"Jaime Jim\u00e9nez\/El Sol de Tampico 23 junio 2020 Fue cerrado por espacio de horas despu\u00e9s que un grupo de migrantes intent\u00f3 cruzar a los Estados Unidos de manera forzosa El puente nuevo internacional de Matamoros, Tamaulipas fue cerrado por algunas horas | Jaime Jim\u00e9nez | El Sol de Tampico Reynosa,\u2026","rel":"","context":"En &quot;CINTILLO&quot;","block_context":{"text":"CINTILLO","link":"https:\/\/www.grieta.org.mx\/index.php\/category\/cintillo\/"},"img":{"alt_text":"","src":"https:\/\/i0.wp.com\/www.grieta.org.mx\/wp-content\/uploads\/2020\/06\/WhatsApp-Image-2020-06-23-at-11.38.34.jpeg?resize=350%2C200&ssl=1","width":350,"height":200,"srcset":"https:\/\/i0.wp.com\/www.grieta.org.mx\/wp-content\/uploads\/2020\/06\/WhatsApp-Image-2020-06-23-at-11.38.34.jpeg?resize=350%2C200&ssl=1 1x, https:\/\/i0.wp.com\/www.grieta.org.mx\/wp-content\/uploads\/2020\/06\/WhatsApp-Image-2020-06-23-at-11.38.34.jpeg?resize=525%2C300&ssl=1 1.5x, https:\/\/i0.wp.com\/www.grieta.org.mx\/wp-content\/uploads\/2020\/06\/WhatsApp-Image-2020-06-23-at-11.38.34.jpeg?resize=700%2C400&ssl=1 2x"},"classes":[]},{"id":65154,"url":"https:\/\/www.grieta.org.mx\/index.php\/2022\/09\/05\/se-manifiestan-migrantes-en-senda-de-vida-en-reynosa-quieren-respuesta-de-abogados-tamaulipas\/","url_meta":{"origin":61118,"position":5},"title":"Se manifiestan migrantes en Senda de Vida en Reynosa; quieren respuesta de abogados (Tamaulipas)","author":"grieta","date":"5 septiembre, 2022","format":false,"excerpt":"Rosal\u00eda Quint\u00e1\/Hoy Tamaulipas 5 septiembre 2022 Reynosa, Tamaulipas. - Migrantes haitianos se manifestaron en la entrada del Albergue Senda de Vida en Reynosa, en demanda de una respuesta r\u00e1pida para que puedan cruzar hacia los Estados Unidos. Uno de los manifestantes coment\u00f3 que desde hace una semana est\u00e1n solicitando al\u2026","rel":"","context":"En &quot;CINTILLO&quot;","block_context":{"text":"CINTILLO","link":"https:\/\/www.grieta.org.mx\/index.php\/category\/cintillo\/"},"img":{"alt_text":"","src":"https:\/\/i0.wp.com\/www.grieta.org.mx\/wp-content\/uploads\/2022\/09\/Se-manifiestan-migrantes-en-Senda-de-Vida-en-Reynosa-quieren-respuesta-de-abogados.jpg?resize=350%2C200&ssl=1","width":350,"height":200,"srcset":"https:\/\/i0.wp.com\/www.grieta.org.mx\/wp-content\/uploads\/2022\/09\/Se-manifiestan-migrantes-en-Senda-de-Vida-en-Reynosa-quieren-respuesta-de-abogados.jpg?resize=350%2C200&ssl=1 1x, https:\/\/i0.wp.com\/www.grieta.org.mx\/wp-content\/uploads\/2022\/09\/Se-manifiestan-migrantes-en-Senda-de-Vida-en-Reynosa-quieren-respuesta-de-abogados.jpg?resize=525%2C300&ssl=1 1.5x, https:\/\/i0.wp.com\/www.grieta.org.mx\/wp-content\/uploads\/2022\/09\/Se-manifiestan-migrantes-en-Senda-de-Vida-en-Reynosa-quieren-respuesta-de-abogados.jpg?resize=700%2C400&ssl=1 2x"},"classes":[]}],"_links":{"self":[{"href":"https:\/\/www.grieta.org.mx\/index.php\/wp-json\/wp\/v2\/posts\/61118","targetHints":{"allow":["GET"]}}],"collection":[{"href":"https:\/\/www.grieta.org.mx\/index.php\/wp-json\/wp\/v2\/posts"}],"about":[{"href":"https:\/\/www.grieta.org.mx\/index.php\/wp-json\/wp\/v2\/types\/post"}],"author":[{"embeddable":true,"href":"https:\/\/www.grieta.org.mx\/index.php\/wp-json\/wp\/v2\/users\/2"}],"replies":[{"embeddable":true,"href":"https:\/\/www.grieta.org.mx\/index.php\/wp-json\/wp\/v2\/comments?post=61118"}],"version-history":[{"count":1,"href":"https:\/\/www.grieta.org.mx\/index.php\/wp-json\/wp\/v2\/posts\/61118\/revisions"}],"predecessor-version":[{"id":61121,"href":"https:\/\/www.grieta.org.mx\/index.php\/wp-json\/wp\/v2\/posts\/61118\/revisions\/61121"}],"wp:featuredmedia":[{"embeddable":true,"href":"https:\/\/www.grieta.org.mx\/index.php\/wp-json\/wp\/v2\/media\/61120"}],"wp:attachment":[{"href":"https:\/\/www.grieta.org.mx\/index.php\/wp-json\/wp\/v2\/media?parent=61118"}],"wp:term":[{"taxonomy":"category","embeddable":true,"href":"https:\/\/www.grieta.org.mx\/index.php\/wp-json\/wp\/v2\/categories?post=61118"},{"taxonomy":"post_tag","embeddable":true,"href":"https:\/\/www.grieta.org.mx\/index.php\/wp-json\/wp\/v2\/tags?post=61118"}],"curies":[{"name":"wp","href":"https:\/\/api.w.org\/{rel}","templated":true}]}}