{"id":61108,"date":"2021-08-11T13:16:20","date_gmt":"2021-08-11T18:16:20","guid":{"rendered":"https:\/\/www.grieta.org.mx\/?p=61108"},"modified":"2021-08-15T13:38:54","modified_gmt":"2021-08-15T18:38:54","slug":"video-del-concierto-bienvenida-gira-zapatista-europea-2021-12-de-agosto-auditorio-pilar-bardem-de-rivas-vaciamadrid-madrid","status":"publish","type":"post","link":"https:\/\/www.grieta.org.mx\/index.php\/2021\/08\/11\/video-del-concierto-bienvenida-gira-zapatista-europea-2021-12-de-agosto-auditorio-pilar-bardem-de-rivas-vaciamadrid-madrid\/","title":{"rendered":"Video del &#8220;Concierto bienvenida Gira Zapatista Europea 2021&#8221;: 12 de agosto, Auditorio Pilar Bardem de Rivas Vaciamadrid (Madrid)"},"content":{"rendered":"<p>LA TERCERA<\/p>\n<p><iframe loading=\"lazy\" title=\"YouTube video player\" src=\"https:\/\/www.youtube.com\/embed\/Xf72nCzwWq8\" width=\"613\" height=\"344\" frameborder=\"0\" allowfullscreen=\"allowfullscreen\"><\/iframe><\/p>\n<p>&nbsp;<\/p>\n<p><img loading=\"lazy\" decoding=\"async\" data-attachment-id=\"61109\" data-permalink=\"https:\/\/www.grieta.org.mx\/index.php\/2021\/08\/11\/video-del-concierto-bienvenida-gira-zapatista-europea-2021-12-de-agosto-auditorio-pilar-bardem-de-rivas-vaciamadrid-madrid\/cartel-concierto-madrid-12-agosto\/\" data-orig-file=\"https:\/\/www.grieta.org.mx\/wp-content\/uploads\/2021\/08\/Cartel-concierto-Madrid-12-agosto.jpg\" data-orig-size=\"950,1355\" data-comments-opened=\"0\" data-image-meta=\"{&quot;aperture&quot;:&quot;0&quot;,&quot;credit&quot;:&quot;&quot;,&quot;camera&quot;:&quot;&quot;,&quot;caption&quot;:&quot;&quot;,&quot;created_timestamp&quot;:&quot;0&quot;,&quot;copyright&quot;:&quot;&quot;,&quot;focal_length&quot;:&quot;0&quot;,&quot;iso&quot;:&quot;0&quot;,&quot;shutter_speed&quot;:&quot;0&quot;,&quot;title&quot;:&quot;&quot;,&quot;orientation&quot;:&quot;0&quot;}\" data-image-title=\"Cartel concierto Madrid 12 agosto\" data-image-description=\"\" data-image-caption=\"\" data-medium-file=\"https:\/\/www.grieta.org.mx\/wp-content\/uploads\/2021\/08\/Cartel-concierto-Madrid-12-agosto-210x300.jpg\" data-large-file=\"https:\/\/www.grieta.org.mx\/wp-content\/uploads\/2021\/08\/Cartel-concierto-Madrid-12-agosto-718x1024.jpg\" class=\"alignnone wp-image-61109\" src=\"http:\/\/www.grieta.org.mx\/wp-content\/uploads\/2021\/08\/Cartel-concierto-Madrid-12-agosto.jpg\" alt=\"\" width=\"800\" height=\"1141\" srcset=\"https:\/\/www.grieta.org.mx\/wp-content\/uploads\/2021\/08\/Cartel-concierto-Madrid-12-agosto.jpg 950w, https:\/\/www.grieta.org.mx\/wp-content\/uploads\/2021\/08\/Cartel-concierto-Madrid-12-agosto-210x300.jpg 210w, https:\/\/www.grieta.org.mx\/wp-content\/uploads\/2021\/08\/Cartel-concierto-Madrid-12-agosto-718x1024.jpg 718w, https:\/\/www.grieta.org.mx\/wp-content\/uploads\/2021\/08\/Cartel-concierto-Madrid-12-agosto-768x1095.jpg 768w\" sizes=\"auto, (max-width: 800px) 100vw, 800px\" \/><\/p>\n<p>Desde CGT queremos dar la bienvenida a las, los y loas compa\u00f1ero\/as zapatistas, que se encuentran de Gira por Europa, celebrando un concierto el d\u00eda 12 de agosto en Rivas-Vaciamadrid, en el Auditorio Pilar Bardem, a las 18:00 h., la entrada al auditorio ser\u00e1 exclusiva para las personas y los colectivos organizadores de la Gira a nivel estatal e internacional, as\u00ed como para los, loas y las compa\u00f1eras zapatistas que se encuentren en Madrid.<\/p>\n<p><strong>Los grupos que actuar\u00e1n son Amparanoia y Boikot.<\/strong><\/p>\n<p>Concierto de #LaGiraZapatistaVa, en #RivasVaciaMadrid para dar la bienvenida al #EZLN y los colectivos y personas que organizan esta #GiraPorLaVida, con #Boikot y #Amparanoia, el viernes 12 de agosto #12A a las 18\u201900 horas.<br \/>\nSi no puedes estar este d\u00eda en Rivas-VaciaMadrid, en el auditorio Pilar Bardem, puedes seguirlo en directo en el canal de YouTube de Rojo y Negro TV, la televisi\u00f3n de la #CGT, porque lo emitiremos en directo.<\/p>\n<p><a href=\"https:\/\/www.tercerainformacion.es\/articulo\/cultura\/11\/08\/2021\/concierto-bienvenida-gira-zapatista-europea-2021-12-de-agosto-en-el-auditorio-pilar-bardem-de-rivas-vaciamadrid\/\" target=\"_blank\" rel=\"noopener\">https:\/\/www.tercerainformacion.es\/articulo\/cultura\/11\/08\/2021\/concierto-bienvenida-gira-zapatista-europea-2021-12-de-agosto-en-el-auditorio-pilar-bardem-de-rivas-vaciamadrid\/<\/a><\/p>\n","protected":false},"excerpt":{"rendered":"<p>LA TERCERA &nbsp; Desde CGT queremos dar la bienvenida a las, los y loas compa\u00f1ero\/as zapatistas, que se encuentran de Gira por Europa, celebrando un concierto el d\u00eda 12 de &hellip; <a href=\"https:\/\/www.grieta.org.mx\/index.php\/2021\/08\/11\/video-del-concierto-bienvenida-gira-zapatista-europea-2021-12-de-agosto-auditorio-pilar-bardem-de-rivas-vaciamadrid-madrid\/\" class=\"more-link\">Leer m\u00e1s<\/a><\/p>\n","protected":false},"author":2,"featured_media":61109,"comment_status":"closed","ping_status":"closed","sticky":false,"template":"","format":"standard","meta":{"ngg_post_thumbnail":0,"_jetpack_newsletter_access":"","_jetpack_dont_email_post_to_subs":false,"_jetpack_newsletter_tier_id":0,"_jetpack_memberships_contains_paywalled_content":false,"_jetpack_memberships_contains_paid_content":false,"footnotes":""},"categories":[80,2,2661,3916],"tags":[3987,3934,3961,3917],"class_list":["post-61108","post","type-post","status-publish","format-standard","has-post-thumbnail","hentry","category-cintillo","category-noticias-nacionales","category-redes-de-resistencia-y-rebeldia","category-travesia-por-la-vida","tag-artes-por-la-vida","tag-europa","tag-madrid","tag-travesia-por-la-vida","entry"],"jetpack_featured_media_url":"https:\/\/www.grieta.org.mx\/wp-content\/uploads\/2021\/08\/Cartel-concierto-Madrid-12-agosto.jpg","jetpack_sharing_enabled":true,"jetpack_shortlink":"https:\/\/wp.me\/p7ZJR4-fTC","jetpack_likes_enabled":false,"jetpack-related-posts":[{"id":60411,"url":"https:\/\/www.grieta.org.mx\/index.php\/2021\/07\/04\/travesia-por-la-vida-emotiva-bienvenida-madrilena-a-la-delegacion-maritima-zapatista\/","url_meta":{"origin":61108,"position":0},"title":"Traves\u00eda por la vida:  Emotiva bienvenida madrile\u00f1a a la delegaci\u00f3n mar\u00edtima zapatista","author":"grieta","date":"4 julio, 2021","format":false,"excerpt":"En un acto sencillo pero de gestos emotivos transcurri\u00f3 la bienvenida de los zapatistas en Madrid: \"Bienvenidas Pasad, pasad y revolucionadnos, os abrazamos y \u00a1que vuestra energ\u00eda inunde Madrid!\u201d Susana Albarr\u00e1n M\u00e9ndez\/\u00a0\u00a0\u00c1lvaro Lorite\/\u00a0Elvira Meg\u00edas \/ EL SALTO DIARIO \u201cOs damos la bienvenida desde la reci\u00e9n bautizada por vosotras Tierra Insumisa\u2026","rel":"","context":"En &quot;CINTILLO&quot;","block_context":{"text":"CINTILLO","link":"https:\/\/www.grieta.org.mx\/index.php\/category\/cintillo\/"},"img":{"alt_text":"","src":"https:\/\/i0.wp.com\/www.grieta.org.mx\/wp-content\/uploads\/2021\/07\/Bienvenida-en-Madrid-al-Escuadro%CC%81n-421-del-EZLN-25.jpg?resize=350%2C200&ssl=1","width":350,"height":200,"srcset":"https:\/\/i0.wp.com\/www.grieta.org.mx\/wp-content\/uploads\/2021\/07\/Bienvenida-en-Madrid-al-Escuadro%CC%81n-421-del-EZLN-25.jpg?resize=350%2C200&ssl=1 1x, https:\/\/i0.wp.com\/www.grieta.org.mx\/wp-content\/uploads\/2021\/07\/Bienvenida-en-Madrid-al-Escuadro%CC%81n-421-del-EZLN-25.jpg?resize=525%2C300&ssl=1 1.5x, https:\/\/i0.wp.com\/www.grieta.org.mx\/wp-content\/uploads\/2021\/07\/Bienvenida-en-Madrid-al-Escuadro%CC%81n-421-del-EZLN-25.jpg?resize=700%2C400&ssl=1 2x, https:\/\/i0.wp.com\/www.grieta.org.mx\/wp-content\/uploads\/2021\/07\/Bienvenida-en-Madrid-al-Escuadro%CC%81n-421-del-EZLN-25.jpg?resize=1050%2C600&ssl=1 3x, https:\/\/i0.wp.com\/www.grieta.org.mx\/wp-content\/uploads\/2021\/07\/Bienvenida-en-Madrid-al-Escuadro%CC%81n-421-del-EZLN-25.jpg?resize=1400%2C800&ssl=1 4x"},"classes":[]},{"id":61692,"url":"https:\/\/www.grieta.org.mx\/index.php\/2021\/09\/14\/comienza-la-gira-zapatista-por-europa-con-la-llegada-de-170-mujeres-hombres-ninos-y-ninas-de-pueblos-mayas-de-chiapas\/","url_meta":{"origin":61108,"position":1},"title":"Comienza la gira zapatista por Europa con la llegada de 170 mujeres, hombres, ni\u00f1os y ni\u00f1as de pueblos mayas de Chiapas","author":"grieta","date":"14 septiembre, 2021","format":false,"excerpt":"Los, las y loas zapatistas empezaron su viaje hace meses. Despu\u00e9s de m\u00faltiples obst\u00e1culos para obtener sus pasaportes as\u00ed como sortear los problemas para acceder a la vacunaci\u00f3n del covid19, los zapatistas subieron ayer en dos vuelos desde Ciudad de M\u00e9xico que aterrizan hoy en Viena. Susana Albarr\u00e1n M\u00e9ndez\/ EL\u2026","rel":"","context":"En &quot;CINTILLO&quot;","block_context":{"text":"CINTILLO","link":"https:\/\/www.grieta.org.mx\/index.php\/category\/cintillo\/"},"img":{"alt_text":"","src":"https:\/\/i0.wp.com\/www.grieta.org.mx\/wp-content\/uploads\/2021\/09\/Viena3.jpg?resize=350%2C200&ssl=1","width":350,"height":200,"srcset":"https:\/\/i0.wp.com\/www.grieta.org.mx\/wp-content\/uploads\/2021\/09\/Viena3.jpg?resize=350%2C200&ssl=1 1x, https:\/\/i0.wp.com\/www.grieta.org.mx\/wp-content\/uploads\/2021\/09\/Viena3.jpg?resize=525%2C300&ssl=1 1.5x, https:\/\/i0.wp.com\/www.grieta.org.mx\/wp-content\/uploads\/2021\/09\/Viena3.jpg?resize=700%2C400&ssl=1 2x"},"classes":[]},{"id":60639,"url":"https:\/\/www.grieta.org.mx\/index.php\/2021\/07\/01\/la-comitiva-zapatista-presento-en-merida-extremadura-su-gira-europea\/","url_meta":{"origin":61108,"position":2},"title":"La comitiva zapatista present\u00f3 en M\u00e9rida, Extremadura, su gira europea","author":"grieta","date":"1 julio, 2021","format":false,"excerpt":"Ayer, en M\u00e9rida, tuvo lugar la primera de las presentaciones de la gira europea zapatista programadas en el Estado espa\u00f1ol. Una nutrida representaci\u00f3n ciudadana y de diversos espacios activistas de Extremadura dio la bienvenida a la comitiva. Redacci\u00f3n EL SALTO EXTREMADURA Este mi\u00e9rcoles, 30 de junio, lleg\u00f3 a Extremadura el\u2026","rel":"","context":"En &quot;CINTILLO&quot;","block_context":{"text":"CINTILLO","link":"https:\/\/www.grieta.org.mx\/index.php\/category\/cintillo\/"},"img":{"alt_text":"","src":"https:\/\/i0.wp.com\/www.grieta.org.mx\/wp-content\/uploads\/2021\/07\/5866_20210630.jpg?resize=350%2C200&ssl=1","width":350,"height":200,"srcset":"https:\/\/i0.wp.com\/www.grieta.org.mx\/wp-content\/uploads\/2021\/07\/5866_20210630.jpg?resize=350%2C200&ssl=1 1x, https:\/\/i0.wp.com\/www.grieta.org.mx\/wp-content\/uploads\/2021\/07\/5866_20210630.jpg?resize=525%2C300&ssl=1 1.5x, https:\/\/i0.wp.com\/www.grieta.org.mx\/wp-content\/uploads\/2021\/07\/5866_20210630.jpg?resize=700%2C400&ssl=1 2x, https:\/\/i0.wp.com\/www.grieta.org.mx\/wp-content\/uploads\/2021\/07\/5866_20210630.jpg?resize=1050%2C600&ssl=1 3x, https:\/\/i0.wp.com\/www.grieta.org.mx\/wp-content\/uploads\/2021\/07\/5866_20210630.jpg?resize=1400%2C800&ssl=1 4x"},"classes":[]},{"id":61679,"url":"https:\/\/www.grieta.org.mx\/index.php\/2021\/09\/14\/cientos-dan-calurosa-bienvenida-a-delegacion-de-zapatistas-en-el-aeropuerto-de-viena\/","url_meta":{"origin":61108,"position":3},"title":"Cientos dan calurosa bienvenida a delegaci\u00f3n de zapatistas en el aeropuerto de Viena","author":"grieta","date":"14 septiembre, 2021","format":false,"excerpt":"EFE\/ SIN EMBARGO Luego de su llegada al aeropuerto de Viena, centenares de simpatizantes, austr\u00edacos y tambi\u00e9n latinoamericanos residentes en Austria recibieron al escuadr\u00f3n zapatista con banderas, pancartas al aire y lemas zapatistas. Viena, 14 de septiembre (EFE).- Cientos de personas ofrecieron hoy una calurosa bienvenida en el aeropuerto de\u2026","rel":"","context":"En &quot;CINTILLO&quot;","block_context":{"text":"CINTILLO","link":"https:\/\/www.grieta.org.mx\/index.php\/category\/cintillo\/"},"img":{"alt_text":"","src":"https:\/\/i0.wp.com\/www.grieta.org.mx\/wp-content\/uploads\/2021\/09\/escuadron-zapatista.jpg?resize=350%2C200&ssl=1","width":350,"height":200,"srcset":"https:\/\/i0.wp.com\/www.grieta.org.mx\/wp-content\/uploads\/2021\/09\/escuadron-zapatista.jpg?resize=350%2C200&ssl=1 1x, https:\/\/i0.wp.com\/www.grieta.org.mx\/wp-content\/uploads\/2021\/09\/escuadron-zapatista.jpg?resize=525%2C300&ssl=1 1.5x, https:\/\/i0.wp.com\/www.grieta.org.mx\/wp-content\/uploads\/2021\/09\/escuadron-zapatista.jpg?resize=700%2C400&ssl=1 2x, https:\/\/i0.wp.com\/www.grieta.org.mx\/wp-content\/uploads\/2021\/09\/escuadron-zapatista.jpg?resize=1050%2C600&ssl=1 3x"},"classes":[]},{"id":62027,"url":"https:\/\/www.grieta.org.mx\/index.php\/2021\/09\/22\/ya-vienen-videoclip-colectivo-de-la-mano-de-horazz-y-suaia-para-dar-la-bienvenida-a-la-gira-zapatista\/","url_meta":{"origin":61108,"position":4},"title":"\u201cYa vienen\u201d \u2013 Videoclip colectivo de la mano de Horazz y Suaia para dar la bienvenida a la Gira Zapatista","author":"grieta","date":"22 septiembre, 2021","format":false,"excerpt":"RADIO ZAPATISTA Castellano (m\u00e1s abajo en euskara) \u201cYA VIENEN\u201d, VIDEOCLIP COLECTIVO DE LA MANO DE HORAZZ Y SUAIA PARA DAR LA BIENVENIDA A LA GIRA ZAPATISTA Estos dos artistas conectan con su hiphop-reggae Madrid y Bilbao, dos de las paradas de la gira europea que llevar\u00e1 a cabo la delegaci\u00f3n\u2026","rel":"","context":"En &quot;Alto a la Guerra contra los pueblos zapatistas&quot;","block_context":{"text":"Alto a la Guerra contra los pueblos zapatistas","link":"https:\/\/www.grieta.org.mx\/index.php\/category\/redes-de-resistencia-y-rebeldia\/contra-la-guerra-al-ezln\/"},"img":{"alt_text":"","src":"https:\/\/i0.wp.com\/www.grieta.org.mx\/wp-content\/uploads\/2021\/09\/Viena8-1.jpg?resize=350%2C200&ssl=1","width":350,"height":200,"srcset":"https:\/\/i0.wp.com\/www.grieta.org.mx\/wp-content\/uploads\/2021\/09\/Viena8-1.jpg?resize=350%2C200&ssl=1 1x, https:\/\/i0.wp.com\/www.grieta.org.mx\/wp-content\/uploads\/2021\/09\/Viena8-1.jpg?resize=525%2C300&ssl=1 1.5x, https:\/\/i0.wp.com\/www.grieta.org.mx\/wp-content\/uploads\/2021\/09\/Viena8-1.jpg?resize=700%2C400&ssl=1 2x"},"classes":[]},{"id":60753,"url":"https:\/\/www.grieta.org.mx\/index.php\/2021\/07\/23\/semana-de-acciones-en-varias-ciudades-europeas-para-pedir-via-libre-para-la-delegacion-zapatista\/","url_meta":{"origin":61108,"position":5},"title":"Semana de acciones en varias ciudades europeas para pedir v\u00eda libre para la delegaci\u00f3n zapatista","author":"grieta","date":"23 julio, 2021","format":false,"excerpt":"Desde el martes pasado se han venido realizando acciones frente a las embajadas y consulados de Francia de Alemania, Italia, B\u00e9lgica, Dinamarca y algunas ciudades francesas. Hoy han sucedido en Pa\u00edses Bajos y Grecia, y en el Estado espa\u00f1ol, se han convocado para este s\u00e1bado en Granada, Barcelona, Bilbao y\u2026","rel":"","context":"En &quot;CINTILLO&quot;","block_context":{"text":"CINTILLO","link":"https:\/\/www.grieta.org.mx\/index.php\/category\/cintillo\/"},"img":{"alt_text":"","src":"https:\/\/i0.wp.com\/www.grieta.org.mx\/wp-content\/uploads\/2021\/07\/pasolibre-Amsterdam.jpg?resize=350%2C200&ssl=1","width":350,"height":200,"srcset":"https:\/\/i0.wp.com\/www.grieta.org.mx\/wp-content\/uploads\/2021\/07\/pasolibre-Amsterdam.jpg?resize=350%2C200&ssl=1 1x, https:\/\/i0.wp.com\/www.grieta.org.mx\/wp-content\/uploads\/2021\/07\/pasolibre-Amsterdam.jpg?resize=525%2C300&ssl=1 1.5x, https:\/\/i0.wp.com\/www.grieta.org.mx\/wp-content\/uploads\/2021\/07\/pasolibre-Amsterdam.jpg?resize=700%2C400&ssl=1 2x, https:\/\/i0.wp.com\/www.grieta.org.mx\/wp-content\/uploads\/2021\/07\/pasolibre-Amsterdam.jpg?resize=1050%2C600&ssl=1 3x, https:\/\/i0.wp.com\/www.grieta.org.mx\/wp-content\/uploads\/2021\/07\/pasolibre-Amsterdam.jpg?resize=1400%2C800&ssl=1 4x"},"classes":[]}],"_links":{"self":[{"href":"https:\/\/www.grieta.org.mx\/index.php\/wp-json\/wp\/v2\/posts\/61108","targetHints":{"allow":["GET"]}}],"collection":[{"href":"https:\/\/www.grieta.org.mx\/index.php\/wp-json\/wp\/v2\/posts"}],"about":[{"href":"https:\/\/www.grieta.org.mx\/index.php\/wp-json\/wp\/v2\/types\/post"}],"author":[{"embeddable":true,"href":"https:\/\/www.grieta.org.mx\/index.php\/wp-json\/wp\/v2\/users\/2"}],"replies":[{"embeddable":true,"href":"https:\/\/www.grieta.org.mx\/index.php\/wp-json\/wp\/v2\/comments?post=61108"}],"version-history":[{"count":1,"href":"https:\/\/www.grieta.org.mx\/index.php\/wp-json\/wp\/v2\/posts\/61108\/revisions"}],"predecessor-version":[{"id":61112,"href":"https:\/\/www.grieta.org.mx\/index.php\/wp-json\/wp\/v2\/posts\/61108\/revisions\/61112"}],"wp:featuredmedia":[{"embeddable":true,"href":"https:\/\/www.grieta.org.mx\/index.php\/wp-json\/wp\/v2\/media\/61109"}],"wp:attachment":[{"href":"https:\/\/www.grieta.org.mx\/index.php\/wp-json\/wp\/v2\/media?parent=61108"}],"wp:term":[{"taxonomy":"category","embeddable":true,"href":"https:\/\/www.grieta.org.mx\/index.php\/wp-json\/wp\/v2\/categories?post=61108"},{"taxonomy":"post_tag","embeddable":true,"href":"https:\/\/www.grieta.org.mx\/index.php\/wp-json\/wp\/v2\/tags?post=61108"}],"curies":[{"name":"wp","href":"https:\/\/api.w.org\/{rel}","templated":true}]}}