{"id":61081,"date":"2021-08-06T20:18:05","date_gmt":"2021-08-07T01:18:05","guid":{"rendered":"http:\/\/www.grieta.org.mx\/?p=61081"},"modified":"2021-08-14T20:23:29","modified_gmt":"2021-08-15T01:23:29","slug":"ixtacamaxtitlan-denuncia-actividades-de-exploracion-ilegal-de-la-minera-almaden-minerals-puebla","status":"publish","type":"post","link":"https:\/\/www.grieta.org.mx\/index.php\/2021\/08\/06\/ixtacamaxtitlan-denuncia-actividades-de-exploracion-ilegal-de-la-minera-almaden-minerals-puebla\/","title":{"rendered":"Ixtacamaxtitl\u00e1n denuncia actividades de exploraci\u00f3n ilegal de la minera Almaden Minerals (Puebla)"},"content":{"rendered":"<p>Gabriela Hern\u00e1ndez \/ Proceso <\/p>\n<p>PUEBLA, Pue. (apro).- Pobladores del municipio de Ixtacamaxtitl\u00e1n, ubicado en la Sierra Norte de Puebla, presentaron una denuncia ante la Procuradur\u00eda Federal de Protecci\u00f3n al Ambiente (Profepa) en contra de la empresa Minera Gorri\u00f3n, subsidiaria de la canadiense Almaden Minerals, por iniciar tareas de exploraci\u00f3n en esa localidad sin contar con los permisos correspondientes.<\/p>\n<p>En un comunicado detallaron que en los d\u00edas 25 y 28 de julio notaron la presencia de trabajadores de la empresa canadiense, quienes realizaban trabajos de barrenaci\u00f3n en terrenos de la comunidad de Santa Mar\u00eda Sotoltepec, conocidos como \u201cCerro Blanco\u201d. <\/p>\n<p>\u201cDenunciamos a esta empresa nuevamente porque no cuenta con los permisos para realizar actividades de exploraci\u00f3n. Semarnat le ha negado la autorizaci\u00f3n ambiental, pero, m\u00e1s importante a\u00fan, porque no cuenta con el permiso de las personas que vivimos en Ixtacamaxtitll\u00e1nn y en toda la cuenca del r\u00edo Apulco\u201d, apuntaron.<\/p>\n<p>Los pobladores, agrupados en la Uni\u00f3n de Ejidos y Comunidades en Defensa de la Tierra y el Agua Atcolhuac, reiteraron que no quieren ning\u00fan \u201cproyecto de muerte\u201d en su territorio. <\/p>\n<p>Por ello, solicitaron a la Procuradur\u00eda Federal de Protecci\u00f3n al Ambiente (Profepa) que investigue y formule un dictamen t\u00e9cnico sobre los trabajos de exploraci\u00f3n que realiza Minera Gorri\u00f3n en ese municipio, y que verifique si cuentan con permiso de la Secretar\u00eda de Medio Ambiente y Recursos Naturales (Semarnat), en apego a la regulaci\u00f3n ambiental. <\/p>\n<p>Tambi\u00e9n pidieron que finque responsabilidad ambiental en caso de haberse cometido alguna violaci\u00f3n. \u201cLa prontitud con que se atienda esta denuncia debe responder a los da\u00f1os y grave deterioro ambiental al que ha sido sometida la zona debido a la actividad de esta empresa\u201d, recalca el comunicado.<\/p>\n<p><a href=\"https:\/\/www.proceso.com.mx\/nacional\/estados\/2021\/8\/6\/pobladores-de-ixtacamaxtitlan-denuncian-actividades-de-exploracion-ilegal-de-la-minera-almaden-minerals-269408.html?utm_source=pocket_mylist\">https:\/\/www.proceso.com.mx\/nacional\/estados\/2021\/8\/6\/pobladores-de-ixtacamaxtitlan-denuncian-actividades-de-exploracion-ilegal-de-la-minera-almaden-minerals-269408.html?utm_source=pocket_mylist<\/a><\/p>\n","protected":false},"excerpt":{"rendered":"<p>Gabriela Hern\u00e1ndez \/ Proceso PUEBLA, Pue. (apro).- Pobladores del municipio de Ixtacamaxtitl\u00e1n, ubicado en la Sierra Norte de Puebla, presentaron una denuncia ante la Procuradur\u00eda Federal de Protecci\u00f3n al Ambiente &hellip; <a href=\"https:\/\/www.grieta.org.mx\/index.php\/2021\/08\/06\/ixtacamaxtitlan-denuncia-actividades-de-exploracion-ilegal-de-la-minera-almaden-minerals-puebla\/\" class=\"more-link\">Leer m\u00e1s<\/a><\/p>\n","protected":false},"author":1,"featured_media":61082,"comment_status":"closed","ping_status":"closed","sticky":false,"template":"","format":"standard","meta":{"ngg_post_thumbnail":0,"_jetpack_newsletter_access":"","_jetpack_dont_email_post_to_subs":false,"_jetpack_newsletter_tier_id":0,"_jetpack_memberships_contains_paywalled_content":false,"_jetpack_memberships_contains_paid_content":false,"footnotes":""},"categories":[80,2703,3,6,1024,2,26],"tags":[2967,1487,2846,109],"class_list":["post-61081","post","type-post","status-publish","format-standard","has-post-thumbnail","hentry","category-cintillo","category-defensa-de-los-recursos-naturales-en-puebla","category-megaproyectos","category-mineria","category-mineria-en-puebla","category-noticias-nacionales","category-puebla","tag-afectaciones-por-mineria","tag-almaden","tag-lucha-contra-la-mineria","tag-mineria","entry"],"jetpack_featured_media_url":"https:\/\/www.grieta.org.mx\/wp-content\/uploads\/2021\/08\/f800x450-140368_191814_5050.jpg","jetpack_sharing_enabled":true,"jetpack_shortlink":"https:\/\/wp.me\/p7ZJR4-fTb","jetpack_likes_enabled":false,"jetpack-related-posts":[{"id":36006,"url":"https:\/\/www.grieta.org.mx\/index.php\/2017\/04\/27\/almaden-minerals-mintio-a-semarnat-y-a-pobladores-de-ixtacamaxtitlan-puebla\/","url_meta":{"origin":61081,"position":0},"title":"Almaden Minerals minti\u00f3 a Semarnat y a pobladores de Ixtacamaxtitl\u00e1n (Puebla)","author":"Admin","date":"27 abril, 2017","format":false,"excerpt":"Aranzaz\u00fa Ayala Mart\u00ednez \/ LADO B \u00bfC\u00f3mo entr\u00f3 Almaden Minerals al municipio de Ixtacamaxtitl\u00e1n, en la Sierra de Puebla? \u00bfQu\u00e9 Derechos Humanos de los habitantes ha violado, qu\u00e9 mentiras les ha dicho, cu\u00e1les son las ganancias que espera de explotar durante 14 a\u00f1os? Esas preguntas son las que se responden\u2026","rel":"","context":"En &quot;26. Sierra Puebla&quot;","block_context":{"text":"26. Sierra Puebla","link":"https:\/\/www.grieta.org.mx\/index.php\/category\/espejos-de-la-resistencia\/26-sierra-puebla\/"},"img":{"alt_text":"","src":"https:\/\/i0.wp.com\/www.grieta.org.mx\/wp-content\/uploads\/2019\/07\/IxtacamatitlanB1-95-1.jpg?resize=350%2C200&ssl=1","width":350,"height":200,"srcset":"https:\/\/i0.wp.com\/www.grieta.org.mx\/wp-content\/uploads\/2019\/07\/IxtacamatitlanB1-95-1.jpg?resize=350%2C200&ssl=1 1x, https:\/\/i0.wp.com\/www.grieta.org.mx\/wp-content\/uploads\/2019\/07\/IxtacamatitlanB1-95-1.jpg?resize=525%2C300&ssl=1 1.5x, https:\/\/i0.wp.com\/www.grieta.org.mx\/wp-content\/uploads\/2019\/07\/IxtacamatitlanB1-95-1.jpg?resize=700%2C400&ssl=1 2x"},"classes":[]},{"id":53528,"url":"https:\/\/www.grieta.org.mx\/index.php\/2020\/09\/17\/tras-resolucion-judicial-minera-exige-reactivar-evaluacion-de-mina-en-ixtacamaxtitlan-puebla\/","url_meta":{"origin":61081,"position":1},"title":"Tras resoluci\u00f3n judicial, minera exige reactivar evaluaci\u00f3n de mina en Ixtacamaxtitl\u00e1n (Puebla)","author":"Admin","date":"17 septiembre, 2020","format":false,"excerpt":"Gabriela Hern\u00e1ndez - Proceso PUEBLA, Pue. (apro).- Minera Gorri\u00f3n, subsidiaria de la empresa canadiense Almaden Minerals, inform\u00f3 que obtuvo a su favor una resoluci\u00f3n judicial en contra de la determinaci\u00f3n de la Secretar\u00eda de Medio Ambiente y Recursos Naturales (Semarnat) de suspender el proceso de evaluaci\u00f3n de impacto ambiental de\u2026","rel":"","context":"En &quot;CINTILLO&quot;","block_context":{"text":"CINTILLO","link":"https:\/\/www.grieta.org.mx\/index.php\/category\/cintillo\/"},"img":{"alt_text":"","src":"https:\/\/i0.wp.com\/www.grieta.org.mx\/wp-content\/uploads\/2020\/09\/Minera.jpg?resize=350%2C200&ssl=1","width":350,"height":200,"srcset":"https:\/\/i0.wp.com\/www.grieta.org.mx\/wp-content\/uploads\/2020\/09\/Minera.jpg?resize=350%2C200&ssl=1 1x, https:\/\/i0.wp.com\/www.grieta.org.mx\/wp-content\/uploads\/2020\/09\/Minera.jpg?resize=525%2C300&ssl=1 1.5x, https:\/\/i0.wp.com\/www.grieta.org.mx\/wp-content\/uploads\/2020\/09\/Minera.jpg?resize=700%2C400&ssl=1 2x, https:\/\/i0.wp.com\/www.grieta.org.mx\/wp-content\/uploads\/2020\/09\/Minera.jpg?resize=1050%2C600&ssl=1 3x"},"classes":[]},{"id":63519,"url":"https:\/\/www.grieta.org.mx\/index.php\/2022\/02\/18\/corte-retira-concesiones-a-una-minera-canadiense-puebla\/","url_meta":{"origin":61081,"position":2},"title":"Corte retira concesiones a una minera canadiense (Puebla)","author":"Admin","date":"18 febrero, 2022","format":false,"excerpt":"Redacci\u00f3n \/ Sputnik La Suprema Corte de Justicia de la Naci\u00f3n (SCJN) de M\u00e9xico resolvi\u00f3 retirar dos concesiones a la empresa minera de origen canadiense Almaden Minerals Ltd. El fallo se considera hist\u00f3rico, pues es la primera vez que la SCJN reconoce la violaci\u00f3n al derecho a la consulta y\u2026","rel":"","context":"En &quot;CINTILLO&quot;","block_context":{"text":"CINTILLO","link":"https:\/\/www.grieta.org.mx\/index.php\/category\/cintillo\/"},"img":{"alt_text":"","src":"https:\/\/i0.wp.com\/www.grieta.org.mx\/wp-content\/uploads\/2022\/02\/Captura-de-Pantalla-2022-02-26-a-las-12.43.51.png?resize=350%2C200&ssl=1","width":350,"height":200,"srcset":"https:\/\/i0.wp.com\/www.grieta.org.mx\/wp-content\/uploads\/2022\/02\/Captura-de-Pantalla-2022-02-26-a-las-12.43.51.png?resize=350%2C200&ssl=1 1x, https:\/\/i0.wp.com\/www.grieta.org.mx\/wp-content\/uploads\/2022\/02\/Captura-de-Pantalla-2022-02-26-a-las-12.43.51.png?resize=525%2C300&ssl=1 1.5x, https:\/\/i0.wp.com\/www.grieta.org.mx\/wp-content\/uploads\/2022\/02\/Captura-de-Pantalla-2022-02-26-a-las-12.43.51.png?resize=700%2C400&ssl=1 2x, https:\/\/i0.wp.com\/www.grieta.org.mx\/wp-content\/uploads\/2022\/02\/Captura-de-Pantalla-2022-02-26-a-las-12.43.51.png?resize=1050%2C600&ssl=1 3x, https:\/\/i0.wp.com\/www.grieta.org.mx\/wp-content\/uploads\/2022\/02\/Captura-de-Pantalla-2022-02-26-a-las-12.43.51.png?resize=1400%2C800&ssl=1 4x"},"classes":[]},{"id":34641,"url":"https:\/\/www.grieta.org.mx\/index.php\/2019\/05\/19\/mina-desaparecera-comunidad-en-ixtacamaxtitlan-acusan-puebla\/","url_meta":{"origin":61081,"position":3},"title":"Mina desaparecer\u00e1 comunidad en Ixtacamaxtitl\u00e1n, acusan (Puebla)","author":"Admin","date":"19 mayo, 2019","format":false,"excerpt":"Efra\u00edn N\u00fa\u00f1ez \/ e-consulta La desaparici\u00f3n de la comunidad de Santa Mar\u00eda, por la excavaci\u00f3n del cerro de Quimixoch\u00edo, as\u00ed como la p\u00e9rdida de manantiales, cultivos y especies end\u00e9micas de flora y fauna, denunciaron pobladores del municipio de Ixtacamaxtitl\u00e1n por la operaci\u00f3n de la minera canadiense Almaden Minerals. Los afectados\u2026","rel":"","context":"En &quot;CINTILLO&quot;","block_context":{"text":"CINTILLO","link":"https:\/\/www.grieta.org.mx\/index.php\/category\/cintillo\/"},"img":{"alt_text":"","src":"https:\/\/i0.wp.com\/www.grieta.org.mx\/wp-content\/uploads\/2019\/06\/minshf_0.jpg?resize=350%2C200&ssl=1","width":350,"height":200,"srcset":"https:\/\/i0.wp.com\/www.grieta.org.mx\/wp-content\/uploads\/2019\/06\/minshf_0.jpg?resize=350%2C200&ssl=1 1x, https:\/\/i0.wp.com\/www.grieta.org.mx\/wp-content\/uploads\/2019\/06\/minshf_0.jpg?resize=525%2C300&ssl=1 1.5x"},"classes":[]},{"id":54002,"url":"https:\/\/www.grieta.org.mx\/index.php\/2020\/09\/23\/habitantes-se-resisten-a-mineria-que-extraera-oro-y-plata-en-puebla\/","url_meta":{"origin":61081,"position":4},"title":"Habitantes se resisten a miner\u00eda que extraer\u00e1 oro y plata en Puebla","author":"Admin","date":"23 septiembre, 2020","format":false,"excerpt":"Israel Vel\u00e1zquez - La Silla Rota PUEBLA. -Ni Almaden Minerals ni los habitantes de Ixtacamaxtitl\u00e1n se dan por vencidos. La minera canadiense se empe\u00f1a en extraer oro y plata a cielo abierto en la Sierra Norte de Puebla, y los habitantes insisten en frenarla para proteger el medio ambiente. Almaden\u2026","rel":"","context":"En &quot;CINTILLO&quot;","block_context":{"text":"CINTILLO","link":"https:\/\/www.grieta.org.mx\/index.php\/category\/cintillo\/"},"img":{"alt_text":"","src":"https:\/\/i0.wp.com\/www.grieta.org.mx\/wp-content\/uploads\/2020\/10\/ixtacafotoface2_2-focus-min0.02-0.57-983-557.jpg?resize=350%2C200&ssl=1","width":350,"height":200,"srcset":"https:\/\/i0.wp.com\/www.grieta.org.mx\/wp-content\/uploads\/2020\/10\/ixtacafotoface2_2-focus-min0.02-0.57-983-557.jpg?resize=350%2C200&ssl=1 1x, https:\/\/i0.wp.com\/www.grieta.org.mx\/wp-content\/uploads\/2020\/10\/ixtacafotoface2_2-focus-min0.02-0.57-983-557.jpg?resize=525%2C300&ssl=1 1.5x, https:\/\/i0.wp.com\/www.grieta.org.mx\/wp-content\/uploads\/2020\/10\/ixtacafotoface2_2-focus-min0.02-0.57-983-557.jpg?resize=700%2C400&ssl=1 2x"},"classes":[]},{"id":32560,"url":"https:\/\/www.grieta.org.mx\/index.php\/2019\/04\/24\/juzgado-reconoce-ilegalidad-de-concesiones-mineras-en-ixtacamaxtitlan-puebla\/","url_meta":{"origin":61081,"position":5},"title":"Juzgado reconoce ilegalidad de concesiones mineras en Ixtacamaxtitl\u00e1n (Puebla)","author":"grieta","date":"24 abril, 2019","format":false,"excerpt":"Mely Arellano \/ Lado B Un juzgado federal determin\u00f3 que las concesiones de la minera Almaden Minerals son ilegales y orden\u00f3 a la Secretar\u00eda de Econom\u00eda (SE) cancelarlas, por haberlas entregado sin consulta ni consentimiento del pueblo ind\u00edgena en Ixtacamaxtitl\u00e1n, en la sierra de Puebla. Lo anterior deriva de una\u2026","rel":"","context":"En &quot;26. Sierra Puebla&quot;","block_context":{"text":"26. Sierra Puebla","link":"https:\/\/www.grieta.org.mx\/index.php\/category\/espejos-de-la-resistencia\/26-sierra-puebla\/"},"img":{"alt_text":"","src":"https:\/\/i0.wp.com\/www.grieta.org.mx\/wp-content\/uploads\/2019\/04\/rio-ixtacamaxtitlan-mujeres-contra-la-mina_opt.jpg?resize=350%2C200&ssl=1","width":350,"height":200,"srcset":"https:\/\/i0.wp.com\/www.grieta.org.mx\/wp-content\/uploads\/2019\/04\/rio-ixtacamaxtitlan-mujeres-contra-la-mina_opt.jpg?resize=350%2C200&ssl=1 1x, https:\/\/i0.wp.com\/www.grieta.org.mx\/wp-content\/uploads\/2019\/04\/rio-ixtacamaxtitlan-mujeres-contra-la-mina_opt.jpg?resize=525%2C300&ssl=1 1.5x, https:\/\/i0.wp.com\/www.grieta.org.mx\/wp-content\/uploads\/2019\/04\/rio-ixtacamaxtitlan-mujeres-contra-la-mina_opt.jpg?resize=700%2C400&ssl=1 2x"},"classes":[]}],"_links":{"self":[{"href":"https:\/\/www.grieta.org.mx\/index.php\/wp-json\/wp\/v2\/posts\/61081","targetHints":{"allow":["GET"]}}],"collection":[{"href":"https:\/\/www.grieta.org.mx\/index.php\/wp-json\/wp\/v2\/posts"}],"about":[{"href":"https:\/\/www.grieta.org.mx\/index.php\/wp-json\/wp\/v2\/types\/post"}],"author":[{"embeddable":true,"href":"https:\/\/www.grieta.org.mx\/index.php\/wp-json\/wp\/v2\/users\/1"}],"replies":[{"embeddable":true,"href":"https:\/\/www.grieta.org.mx\/index.php\/wp-json\/wp\/v2\/comments?post=61081"}],"version-history":[{"count":1,"href":"https:\/\/www.grieta.org.mx\/index.php\/wp-json\/wp\/v2\/posts\/61081\/revisions"}],"predecessor-version":[{"id":61083,"href":"https:\/\/www.grieta.org.mx\/index.php\/wp-json\/wp\/v2\/posts\/61081\/revisions\/61083"}],"wp:featuredmedia":[{"embeddable":true,"href":"https:\/\/www.grieta.org.mx\/index.php\/wp-json\/wp\/v2\/media\/61082"}],"wp:attachment":[{"href":"https:\/\/www.grieta.org.mx\/index.php\/wp-json\/wp\/v2\/media?parent=61081"}],"wp:term":[{"taxonomy":"category","embeddable":true,"href":"https:\/\/www.grieta.org.mx\/index.php\/wp-json\/wp\/v2\/categories?post=61081"},{"taxonomy":"post_tag","embeddable":true,"href":"https:\/\/www.grieta.org.mx\/index.php\/wp-json\/wp\/v2\/tags?post=61081"}],"curies":[{"name":"wp","href":"https:\/\/api.w.org\/{rel}","templated":true}]}}