{"id":61021,"date":"2021-07-17T22:15:05","date_gmt":"2021-07-18T03:15:05","guid":{"rendered":"https:\/\/www.grieta.org.mx\/?p=61021"},"modified":"2021-08-13T22:17:46","modified_gmt":"2021-08-14T03:17:46","slug":"exigen-docentes-pago-de-adeudos-pendientes-michoacan","status":"publish","type":"post","link":"https:\/\/www.grieta.org.mx\/index.php\/2021\/07\/17\/exigen-docentes-pago-de-adeudos-pendientes-michoacan\/","title":{"rendered":"Exigen docentes pago de adeudos pendientes (Michoac\u00e1n)"},"content":{"rendered":"<p><iframe loading=\"lazy\" title=\"YouTube video player\" src=\"https:\/\/www.youtube.com\/embed\/9Ox9ZCyRb8w\" width=\"1140\" height=\"642\" frameborder=\"0\" allowfullscreen=\"allowfullscreen\"><span style=\"display: inline-block; width: 0px; overflow: hidden; line-height: 0;\" data-mce-type=\"bookmark\" class=\"mce_SELRES_start\">\ufeff<\/span><\/iframe><\/p>\n<p>Uriel Morales P\u00e9rez\/ Quadrat\u00edn, 17 de julio de 2021<\/p>\n<p>MORELIA, Mich., 17 de julio de 2021.- Debido a la persistencia de los atrasos en los pagos, docentes del Sindicato Nacional de Trabajadores de la Educaci\u00f3n (SNTE) salieron este s\u00e1bado a exigir sus salarios.<\/p>\n<p>Al reciente modo de protesta que ha desarrollado el mandatario Silvano Aureoles en la Ciudad de M\u00e9xico, los maestros se colocaron en bancos de pl\u00e1stico frente a la puerta de Palacio de Gobierno de Morelia a la espera de una audiencia con las autoridades.<\/p>\n<p>Arturo Victoria P\u00e9rez, secretario general de la Zona 43 Morelia de este gremio, afirm\u00f3 que esta situaci\u00f3n no es nueva, pues por los \u00faltimos a\u00f1os ha sido una constante y esto les ha afectado en su econom\u00eda.<\/p>\n<p>\u201cSomos un grupo de maestros que nos estamos concentrando para protestar por en\u00e9sima ocasi\u00f3n contra esta pol\u00edtica de diferenciaci\u00f3n que tiene el gobernador del estado contra los trabajadores de la educaci\u00f3n en Michoac\u00e1n\u201d.<\/p>\n<p>Afirma que adem\u00e1s de esta quincena reciente, hay conceptos que se siguen retrasando en su pago, principalmente bonos y pagos retroactivos para m\u00e1s de 30 mil profesores.<\/p>\n<p>\u201cEl pago de esta quincena 12 se ha retrasado con dos d\u00edas y no hay visos de que se pague pr\u00f3ximamente; en los retroactivos salariales nuevamente se desviaron del objetivo inicial que era pagarse en junio y tenemos pendientes todav\u00eda de cinco a\u00f1os\u201d.<\/p>\n<p>En este punto en el Centro Hist\u00f3rico permanecer\u00e1n al menos cuatro horas, en espera de que alg\u00fan representante del sector educativo los reciba para abordar el tema de los atrasos en los pagos quincenales para miles de trabajadores de la educaci\u00f3n.<\/p>\n<p>\u201cVamos a protestar al menos las cuatro horas que el gobernador protest\u00f3 en M\u00e9xico, vamos a aguantar para ironizar y satirizar lo que \u00e9l ha hecho\u201d, expres\u00f3.<\/p>\n<p><a href=\"https:\/\/www.quadratin.com.mx\/educativas\/exigen-docentes-pago-de-adeudos-pendientes\/?utm_source=pocket_mylist\">https:\/\/www.quadratin.com.mx\/educativas\/exigen-docentes-pago-de-adeudos-pendientes\/?utm_source=pocket_mylist<\/a><\/p>\n","protected":false},"excerpt":{"rendered":"<p>\ufeff Uriel Morales P\u00e9rez\/ Quadrat\u00edn, 17 de julio de 2021 MORELIA, Mich., 17 de julio de 2021.- Debido a la persistencia de los atrasos en los pagos, docentes del Sindicato &hellip; <a href=\"https:\/\/www.grieta.org.mx\/index.php\/2021\/07\/17\/exigen-docentes-pago-de-adeudos-pendientes-michoacan\/\" class=\"more-link\">Leer m\u00e1s<\/a><\/p>\n","protected":false},"author":2,"featured_media":21928,"comment_status":"closed","ping_status":"closed","sticky":false,"template":"","format":"standard","meta":{"ngg_post_thumbnail":0,"_jetpack_newsletter_access":"","_jetpack_dont_email_post_to_subs":false,"_jetpack_newsletter_tier_id":0,"_jetpack_memberships_contains_paywalled_content":false,"_jetpack_memberships_contains_paid_content":false,"footnotes":""},"categories":[80,2210,2840,21,1007,2752,2934],"tags":[2250,2566,3217,1361,1679],"class_list":["post-61021","post","type-post","status-publish","format-standard","has-post-thumbnail","hentry","category-cintillo","category-crisis-en-el-sistema-educativo-de-michoacan","category-explotacion-y-precariedad-laboral-en-michoacan","category-michoacan","category-movilizaciones-del-magisterio-en-michoacan","category-precariedad-laboral-en-michoacan","category-resistencias-en-michoacan","tag-conflictos-laborales-en-el-sector-publico","tag-crisis-en-el-sistema-educativo","tag-falta-de-pagos-a-maestros","tag-protestas-de-maestros","tag-protestas-magisteriales","entry"],"jetpack_featured_media_url":"https:\/\/www.grieta.org.mx\/wp-content\/uploads\/2018\/03\/14524434_1106112876131411_958039263622046936_o.jpg","jetpack_sharing_enabled":true,"jetpack_shortlink":"https:\/\/wp.me\/p7ZJR4-fSd","jetpack_likes_enabled":false,"jetpack-related-posts":[{"id":62598,"url":"https:\/\/www.grieta.org.mx\/index.php\/2021\/10\/21\/con-protesta-en-uruapan-exigen-maestros-al-gobernador-pagos-quincenales-michoacan\/","url_meta":{"origin":61021,"position":0},"title":"Con protesta en Uruapan exigen maestros al Gobernador pagos quincenales (Michoac\u00e1n)","author":"grieta","date":"21 octubre, 2021","format":false,"excerpt":"Uriel Morales \/Quadat\u00edn, 21 de octubre de 2021 MORELIA, Mich., 21 de octubre de 2021.- \u201c\u00a1Si los m\u00e1rtires vivieran, con nosotros andar\u00edan!\u201d, con este grito, integrantes del magisterio michoacano recibieron al gobernador Alfredo Ram\u00edrez Bedolla a su llegada a Uruapan. Son docentes de la Secci\u00f3n XVIII de la Coordinadora Nacional\u2026","rel":"","context":"En &quot;Conflictos laborales en Michoac\u00e1n&quot;","block_context":{"text":"Conflictos laborales en Michoac\u00e1n","link":"https:\/\/www.grieta.org.mx\/index.php\/category\/noticias-nacionales\/michoacan\/conflictos-laborales-en-michoacan\/"},"img":{"alt_text":"","src":"https:\/\/i0.wp.com\/www.grieta.org.mx\/wp-content\/uploads\/2021\/11\/Con-protesta-en-Uruapan-exigen-maestros-al-Gobernador-pagos-quincenales-1160x700-1.jpg?resize=350%2C200&ssl=1","width":350,"height":200,"srcset":"https:\/\/i0.wp.com\/www.grieta.org.mx\/wp-content\/uploads\/2021\/11\/Con-protesta-en-Uruapan-exigen-maestros-al-Gobernador-pagos-quincenales-1160x700-1.jpg?resize=350%2C200&ssl=1 1x, https:\/\/i0.wp.com\/www.grieta.org.mx\/wp-content\/uploads\/2021\/11\/Con-protesta-en-Uruapan-exigen-maestros-al-Gobernador-pagos-quincenales-1160x700-1.jpg?resize=525%2C300&ssl=1 1.5x, https:\/\/i0.wp.com\/www.grieta.org.mx\/wp-content\/uploads\/2021\/11\/Con-protesta-en-Uruapan-exigen-maestros-al-Gobernador-pagos-quincenales-1160x700-1.jpg?resize=700%2C400&ssl=1 2x, https:\/\/i0.wp.com\/www.grieta.org.mx\/wp-content\/uploads\/2021\/11\/Con-protesta-en-Uruapan-exigen-maestros-al-Gobernador-pagos-quincenales-1160x700-1.jpg?resize=1050%2C600&ssl=1 3x"},"classes":[]},{"id":38865,"url":"https:\/\/www.grieta.org.mx\/index.php\/2019\/09\/06\/cnte-marcha-en-morelia-por-atraso-de-pagos\/","url_meta":{"origin":61021,"position":1},"title":"CNTE marcha en Morelia por atraso de pagos","author":"grieta","date":"6 septiembre, 2019","format":false,"excerpt":"Los docentes aseguraron que no regalar\u00e1n ni un d\u00eda de salario ni ninguna de sus prestaciones; prev\u00e9n que el paro permanezca hasta el pr\u00f3ximo mi\u00e9rcoles Miguel Garc\u00eda Tinoco \/Exc\u00e9lsior, 06 de septiembre de 2019 MICHOAC\u00c1N.- La Secci\u00f3n XVIII de la CNTE en Michoac\u00e1n convoc\u00f3 a los m\u00e1s de 32 mil\u2026","rel":"","context":"En &quot;CINTILLO&quot;","block_context":{"text":"CINTILLO","link":"https:\/\/www.grieta.org.mx\/index.php\/category\/cintillo\/"},"img":{"alt_text":"","src":"https:\/\/i0.wp.com\/www.grieta.org.mx\/wp-content\/uploads\/2019\/09\/2214380.jpg?resize=350%2C200&ssl=1","width":350,"height":200,"srcset":"https:\/\/i0.wp.com\/www.grieta.org.mx\/wp-content\/uploads\/2019\/09\/2214380.jpg?resize=350%2C200&ssl=1 1x, https:\/\/i0.wp.com\/www.grieta.org.mx\/wp-content\/uploads\/2019\/09\/2214380.jpg?resize=525%2C300&ssl=1 1.5x"},"classes":[]},{"id":61023,"url":"https:\/\/www.grieta.org.mx\/index.php\/2021\/08\/16\/bloquea-cnte-plaza-altozano-en-protesta-por-sus-salarios-atrasados-michoacan\/","url_meta":{"origin":61021,"position":2},"title":"Bloquea CNTE plaza Altozano en protesta por sus salarios atrasados  (Michoac\u00e1n)","author":"grieta","date":"16 agosto, 2021","format":false,"excerpt":"Uriel Morales P\u00e9rez\/Quadrat\u00edn, 13 de agosto de 2021 MORELIA, Mich., 13 de agosto de 2021.- El magisterio michoacano encabeza este viernes una nueva jornada de manifestaciones en Morelia, como parte de su plan de acci\u00f3n acordado previamente y que ha desarrollado en los \u00faltimos d\u00edas. En esta ocasi\u00f3n, los integrantes\u2026","rel":"","context":"En &quot;CINTILLO&quot;","block_context":{"text":"CINTILLO","link":"https:\/\/www.grieta.org.mx\/index.php\/category\/cintillo\/"},"img":{"alt_text":"","src":"https:\/\/i0.wp.com\/www.grieta.org.mx\/wp-content\/uploads\/2021\/08\/WhatsApp-Image-2021-08-13-at-10.42.02-1.jpeg?resize=350%2C200&ssl=1","width":350,"height":200,"srcset":"https:\/\/i0.wp.com\/www.grieta.org.mx\/wp-content\/uploads\/2021\/08\/WhatsApp-Image-2021-08-13-at-10.42.02-1.jpeg?resize=350%2C200&ssl=1 1x, https:\/\/i0.wp.com\/www.grieta.org.mx\/wp-content\/uploads\/2021\/08\/WhatsApp-Image-2021-08-13-at-10.42.02-1.jpeg?resize=525%2C300&ssl=1 1.5x, https:\/\/i0.wp.com\/www.grieta.org.mx\/wp-content\/uploads\/2021\/08\/WhatsApp-Image-2021-08-13-at-10.42.02-1.jpeg?resize=700%2C400&ssl=1 2x, https:\/\/i0.wp.com\/www.grieta.org.mx\/wp-content\/uploads\/2021\/08\/WhatsApp-Image-2021-08-13-at-10.42.02-1.jpeg?resize=1050%2C600&ssl=1 3x, https:\/\/i0.wp.com\/www.grieta.org.mx\/wp-content\/uploads\/2021\/08\/WhatsApp-Image-2021-08-13-at-10.42.02-1.jpeg?resize=1400%2C800&ssl=1 4x"},"classes":[]},{"id":67606,"url":"https:\/\/www.grieta.org.mx\/index.php\/2023\/05\/15\/insuficiente-el-incremento-salarial-a-los-maestros-cnte-michoacan\/","url_meta":{"origin":61021,"position":3},"title":"Insuficiente, el incremento salarial a los maestros: CNTE (Michoac\u00e1n)","author":"grieta","date":"15 mayo, 2023","format":false,"excerpt":"Dirigente de fracci\u00f3n magisterial se\u00f1ala que el aumento debe superar al 10 por ciento, dado que los aumentos no se aplican directa a ingresos","rel":"","context":"En &quot;CINTILLO&quot;","block_context":{"text":"CINTILLO","link":"https:\/\/www.grieta.org.mx\/index.php\/category\/cintillo\/"},"img":{"alt_text":"","src":"https:\/\/i0.wp.com\/www.grieta.org.mx\/wp-content\/uploads\/2023\/09\/CNTE-2-marcha-acg.jpg?resize=350%2C200&ssl=1","width":350,"height":200,"srcset":"https:\/\/i0.wp.com\/www.grieta.org.mx\/wp-content\/uploads\/2023\/09\/CNTE-2-marcha-acg.jpg?resize=350%2C200&ssl=1 1x, https:\/\/i0.wp.com\/www.grieta.org.mx\/wp-content\/uploads\/2023\/09\/CNTE-2-marcha-acg.jpg?resize=525%2C300&ssl=1 1.5x, https:\/\/i0.wp.com\/www.grieta.org.mx\/wp-content\/uploads\/2023\/09\/CNTE-2-marcha-acg.jpg?resize=700%2C400&ssl=1 2x, https:\/\/i0.wp.com\/www.grieta.org.mx\/wp-content\/uploads\/2023\/09\/CNTE-2-marcha-acg.jpg?resize=1050%2C600&ssl=1 3x, https:\/\/i0.wp.com\/www.grieta.org.mx\/wp-content\/uploads\/2023\/09\/CNTE-2-marcha-acg.jpg?resize=1400%2C800&ssl=1 4x"},"classes":[]},{"id":43781,"url":"https:\/\/www.grieta.org.mx\/index.php\/2020\/01\/28\/marchan-sindicados-en-morelia-en-demanda-de-sus-pagos-atrasados\/","url_meta":{"origin":61021,"position":4},"title":"Marchan sindicados en Morelia en demanda de sus pagos atrasados","author":"grieta","date":"28 enero, 2020","format":false,"excerpt":"Uriel Morales P\u00e9rez \/Quadrat\u00edn, 28 de enero de 2019 MORELIA, Mich., 28 de enero de 2020.- Trabajadores del sector educativo en Michoac\u00e1n participan en la marcha en calles de Morelia en demanda de cumplimiento a pliegos petitorios que por meses se arrastran como pendientes. En el contingente se encuentran integrantes\u2026","rel":"","context":"En &quot;CINTILLO&quot;","block_context":{"text":"CINTILLO","link":"https:\/\/www.grieta.org.mx\/index.php\/category\/cintillo\/"},"img":{"alt_text":"","src":"https:\/\/i0.wp.com\/www.grieta.org.mx\/wp-content\/uploads\/2020\/01\/images.jpg?resize=350%2C200&ssl=1","width":350,"height":200,"srcset":"https:\/\/i0.wp.com\/www.grieta.org.mx\/wp-content\/uploads\/2020\/01\/images.jpg?resize=350%2C200&ssl=1 1x, https:\/\/i0.wp.com\/www.grieta.org.mx\/wp-content\/uploads\/2020\/01\/images.jpg?resize=525%2C300&ssl=1 1.5x"},"classes":[]},{"id":59379,"url":"https:\/\/www.grieta.org.mx\/index.php\/2021\/02\/08\/maestros-de-michoacan-realizan-caravana-hacia-cdmx\/","url_meta":{"origin":61021,"position":5},"title":"Maestros de Michoac\u00e1n realizan caravana hacia CdMx","author":"grieta","date":"8 febrero, 2021","format":false,"excerpt":"Alma Paola Wong y Jocelyn Estrada Milenio Michoac\u00e1n \/ 08.02.2021 16:01:52 Maestros de Michoac\u00e1n iniciaron una caravana vehicular con rumbo a la Ciudad de M\u00e9xico para pedir al gobierno federal intervenga para que la administraci\u00f3n estatal cumpla el pago de adeudos econ\u00f3micos y la entrega de mil 200 plazas a\u2026","rel":"","context":"En &quot;Conflictos laborales en Michoac\u00e1n&quot;","block_context":{"text":"Conflictos laborales en Michoac\u00e1n","link":"https:\/\/www.grieta.org.mx\/index.php\/category\/noticias-nacionales\/michoacan\/conflictos-laborales-en-michoacan\/"},"img":{"alt_text":"","src":"https:\/\/i0.wp.com\/www.grieta.org.mx\/wp-content\/uploads\/2021\/05\/maestros-marcharon-morelia-cdmx-jocelyn_0_65_1024_638.jpeg?resize=350%2C200&ssl=1","width":350,"height":200,"srcset":"https:\/\/i0.wp.com\/www.grieta.org.mx\/wp-content\/uploads\/2021\/05\/maestros-marcharon-morelia-cdmx-jocelyn_0_65_1024_638.jpeg?resize=350%2C200&ssl=1 1x, https:\/\/i0.wp.com\/www.grieta.org.mx\/wp-content\/uploads\/2021\/05\/maestros-marcharon-morelia-cdmx-jocelyn_0_65_1024_638.jpeg?resize=525%2C300&ssl=1 1.5x, https:\/\/i0.wp.com\/www.grieta.org.mx\/wp-content\/uploads\/2021\/05\/maestros-marcharon-morelia-cdmx-jocelyn_0_65_1024_638.jpeg?resize=700%2C400&ssl=1 2x"},"classes":[]}],"_links":{"self":[{"href":"https:\/\/www.grieta.org.mx\/index.php\/wp-json\/wp\/v2\/posts\/61021","targetHints":{"allow":["GET"]}}],"collection":[{"href":"https:\/\/www.grieta.org.mx\/index.php\/wp-json\/wp\/v2\/posts"}],"about":[{"href":"https:\/\/www.grieta.org.mx\/index.php\/wp-json\/wp\/v2\/types\/post"}],"author":[{"embeddable":true,"href":"https:\/\/www.grieta.org.mx\/index.php\/wp-json\/wp\/v2\/users\/2"}],"replies":[{"embeddable":true,"href":"https:\/\/www.grieta.org.mx\/index.php\/wp-json\/wp\/v2\/comments?post=61021"}],"version-history":[{"count":1,"href":"https:\/\/www.grieta.org.mx\/index.php\/wp-json\/wp\/v2\/posts\/61021\/revisions"}],"predecessor-version":[{"id":61022,"href":"https:\/\/www.grieta.org.mx\/index.php\/wp-json\/wp\/v2\/posts\/61021\/revisions\/61022"}],"wp:featuredmedia":[{"embeddable":true,"href":"https:\/\/www.grieta.org.mx\/index.php\/wp-json\/wp\/v2\/media\/21928"}],"wp:attachment":[{"href":"https:\/\/www.grieta.org.mx\/index.php\/wp-json\/wp\/v2\/media?parent=61021"}],"wp:term":[{"taxonomy":"category","embeddable":true,"href":"https:\/\/www.grieta.org.mx\/index.php\/wp-json\/wp\/v2\/categories?post=61021"},{"taxonomy":"post_tag","embeddable":true,"href":"https:\/\/www.grieta.org.mx\/index.php\/wp-json\/wp\/v2\/tags?post=61021"}],"curies":[{"name":"wp","href":"https:\/\/api.w.org\/{rel}","templated":true}]}}