{"id":61004,"date":"2021-08-12T21:54:33","date_gmt":"2021-08-13T02:54:33","guid":{"rendered":"http:\/\/www.grieta.org.mx\/?p=61004"},"modified":"2021-08-12T21:55:40","modified_gmt":"2021-08-13T02:55:40","slug":"quince-indigenas-quemados-huazantlan-a-mas-de-un-ano-de-una-masacre-impune-oaxaca","status":"publish","type":"post","link":"https:\/\/www.grieta.org.mx\/index.php\/2021\/08\/12\/quince-indigenas-quemados-huazantlan-a-mas-de-un-ano-de-una-masacre-impune-oaxaca\/","title":{"rendered":"Quince ind\u00edgenas quemados: Huazantl\u00e1n, a m\u00e1s de un a\u00f1o de una masacre impune (Oaxaca)"},"content":{"rendered":"<p>Proceso \/ Pedro Mat\u00edas.<\/p>\n<p><img loading=\"lazy\" decoding=\"async\" data-attachment-id=\"61005\" data-permalink=\"https:\/\/www.grieta.org.mx\/index.php\/2021\/08\/12\/quince-indigenas-quemados-huazantlan-a-mas-de-un-ano-de-una-masacre-impune-oaxaca\/1-181\/\" data-orig-file=\"https:\/\/www.grieta.org.mx\/wp-content\/uploads\/2021\/08\/1-2.jpg\" data-orig-size=\"608,342\" data-comments-opened=\"0\" data-image-meta=\"{&quot;aperture&quot;:&quot;0&quot;,&quot;credit&quot;:&quot;&quot;,&quot;camera&quot;:&quot;&quot;,&quot;caption&quot;:&quot;&quot;,&quot;created_timestamp&quot;:&quot;0&quot;,&quot;copyright&quot;:&quot;&quot;,&quot;focal_length&quot;:&quot;0&quot;,&quot;iso&quot;:&quot;0&quot;,&quot;shutter_speed&quot;:&quot;0&quot;,&quot;title&quot;:&quot;&quot;,&quot;orientation&quot;:&quot;0&quot;}\" data-image-title=\"1\" data-image-description=\"\" data-image-caption=\"\" data-medium-file=\"https:\/\/www.grieta.org.mx\/wp-content\/uploads\/2021\/08\/1-2-300x169.jpg\" data-large-file=\"https:\/\/www.grieta.org.mx\/wp-content\/uploads\/2021\/08\/1-2.jpg\" class=\"alignnone wp-image-61005\" src=\"http:\/\/www.grieta.org.mx\/wp-content\/uploads\/2021\/08\/1-2.jpg\" alt=\"\" width=\"800\" height=\"450\" srcset=\"https:\/\/www.grieta.org.mx\/wp-content\/uploads\/2021\/08\/1-2.jpg 608w, https:\/\/www.grieta.org.mx\/wp-content\/uploads\/2021\/08\/1-2-300x169.jpg 300w\" sizes=\"auto, (max-width: 800px) 100vw, 800px\" \/><br \/>\nProtesta en Oaxaca. Familiares de las v\u00edctimas. Foto: Mario Jim\u00e9nez Leyva<\/p>\n<p>El silencio del gobierno s\u00f3lo se compara con el del cementerio donde fueron enterrados 15 ind\u00edgenas ikoots (huaves) en Huazantl\u00e1n del R\u00edo, un municipio envuelto en un conflicto donde se mezclan el tr\u00e1fico de migrantes, la posesi\u00f3n de la tierra y la instalaci\u00f3n de torres e\u00f3licas en hect\u00e1reas ejidales.<\/p>\n<p>El 21 de junio del a\u00f1o pasado, en la comunidad oaxaque\u00f1a de Huazantl\u00e1n del R\u00edo ocurri\u00f3 la matanza de 15 ind\u00edgenas huaves. Fueron apaleados, apedreados y quemados vivos. El origen de esta tragedia est\u00e1 en la disputa entre dos grupos comunitarios por el control de esta zona del Istmo de Tehuantepec que es clave por varias razones: en ella se planea desarrollar varios megaproyectos \u2013parques e\u00f3licos y el corredor interoce\u00e1nico, entre otros\u2013, adem\u00e1s que por ah\u00ed pasa el tr\u00e1fico de indocumentados y es una regi\u00f3n de huachicoleo. A m\u00e1s de un a\u00f1o de la masacre, no ha habido justicia.<\/p>\n<p>Oaxaca, Oax. (Proceso).- El silencio del gobierno s\u00f3lo se compara con el del cementerio donde fueron enterrados 15 ind\u00edgenas ikoots (huaves) agredidos a palos y pedradas y quemados vivos en Huazantl\u00e1n del R\u00edo, un municipio envuelto en un conflicto donde se mezclan el tr\u00e1fico de migrantes, la posesi\u00f3n de la tierra y la instalaci\u00f3n de torres e\u00f3licas en 2 mil hect\u00e1reas ejidales.<\/p>\n<p>A m\u00e1s de un a\u00f1o de la matanza, Mar\u00eda del Rosario Guerra Salazar, una de las sobrevivientes, recrimina al gobernador Alejandro Murat Hinojosa y al presidente Andr\u00e9s Manuel L\u00f3pez Obrador: \u201c\u00bfQu\u00e9 espera el gobierno, \u00a1que nos maten a todos!?\u201d, \u201c\u00bfHasta cu\u00e1ndo va a actuar la autoridad?\u201d<\/p>\n<p>Mar\u00eda del Rosario ahora est\u00e1 desplazada de la comunidad huave junto con otras 60 personas por un conflicto intercomunitario; entre los desplazados hay familiares de las v\u00edctimas de la masacre, quienes adem\u00e1s est\u00e1n amenazados por las autoridades municipales de Huazantl\u00e1n, que \u201cnos quieren asesinar para no dejar ni un testigo de la masacre\u201d.<\/p>\n<p>El pasado 21 de junio, frente al Palacio de Gobierno de Oaxaca, los sobrevivientes de la masacre en Huazantl\u00e1n del R\u00edo reclamaron que la Fiscal\u00eda General de Oaxaca no avanza en las investigaciones.<\/p>\n<p>En tanto, el asesor jur\u00eddico del Comit\u00e9 de V\u00edctimas de la Masacre del 21 de junio en Huazantl\u00e1n del R\u00edo, Juan Carlos Pascual Diego, narra en entrevista con Proceso su peregrinar para exigir justicia:<\/p>\n<p>\u201cEn noviembre pasado el Comit\u00e9 de V\u00edctimas fue a Palacio Nacional. No nos atendieron. Fuimos a la Secretar\u00eda de Gobernaci\u00f3n. No nos atendieron. En nuestra desesperaci\u00f3n fuimos a la Nunciatura Apost\u00f3lica y ante la embajada de Estados Unidos. S\u00f3lo nos dieron una palmada. Fuimos al Congreso de la Uni\u00f3n y nos ignoraron, siempre con la justificaci\u00f3n de la pandemia.<\/p>\n<p>\u201cFuimos con el Alto Comisionado de Derechos Humanos de la ONU en M\u00e9xico: jam\u00e1s obtuvimos respuesta. Hay un documento en la Corte Interamericana de Derechos Humanos y tampoco hay gran avance, pese a que se trata de delitos de lesa humanidad por la cantidad de v\u00edctimas y la sa\u00f1a con la que fueron privadas de la vida.\u201d<\/p>\n<p>Pascual Diego refiere que esta omisi\u00f3n m\u00e1s bien es un acto de discriminaci\u00f3n y desprecio a los ind\u00edgenas. Pone como ejemplo la matanza de la familia LeBar\u00f3n, el 4 de noviembre de 2019, cuando presuntos miembros del crimen organizado dieron muerte a nueve personas en el municipio de Bavispe, Sonora. En ese caso, dice, el gobierno puso toda la atenci\u00f3n, hay detenidos, hay una investigaci\u00f3n seria y expedita.<\/p>\n<p>\u201cPero, \u00bfqu\u00e9 pasa con la masacre de 15 ind\u00edgenas ikoots? \u00bfLa sa\u00f1a con que fueron asesinados en Huazantl\u00e1n del R\u00edo no merece justicia?\u201d Y a\u00f1ade: \u201cSer\u00e1 porque los LeBar\u00f3n eran blancos y extranjeros y los ikoots son nacionales e ind\u00edgenas.<\/p>\n<p><a href=\"https:\/\/www.proceso.com.mx\/reportajes\/2021\/8\/12\/quince-indigenas-quemados-huazantlan-mas-de-un-ano-de-una-masacre-impune-269769.html\" target=\"_blank\" rel=\"noopener\">https:\/\/www.proceso.com.mx\/reportajes\/2021\/8\/12\/quince-indigenas-quemados-huazantlan-mas-de-un-ano-de-una-masacre-impune-269769.html<\/a><\/p>\n","protected":false},"excerpt":{"rendered":"<p>Proceso \/ Pedro Mat\u00edas. Protesta en Oaxaca. Familiares de las v\u00edctimas. Foto: Mario Jim\u00e9nez Leyva El silencio del gobierno s\u00f3lo se compara con el del cementerio donde fueron enterrados 15 &hellip; <a href=\"https:\/\/www.grieta.org.mx\/index.php\/2021\/08\/12\/quince-indigenas-quemados-huazantlan-a-mas-de-un-ano-de-una-masacre-impune-oaxaca\/\" class=\"more-link\">Leer m\u00e1s<\/a><\/p>\n","protected":false},"author":2,"featured_media":61005,"comment_status":"closed","ping_status":"closed","sticky":false,"template":"","format":"standard","meta":{"ngg_post_thumbnail":0,"_jetpack_newsletter_access":"","_jetpack_dont_email_post_to_subs":false,"_jetpack_newsletter_tier_id":0,"_jetpack_memberships_contains_paywalled_content":false,"_jetpack_memberships_contains_paid_content":false,"footnotes":""},"categories":[2242,80,2,25,1496,2909],"tags":[],"class_list":["post-61004","post","type-post","status-publish","format-standard","has-post-thumbnail","hentry","category-brutalidad-policiaca-en-oaxaca","category-cintillo","category-noticias-nacionales","category-oaxaca","category-represion-en-oaxaca","category-resistencias-y-rebeldias-en-oaxaca","entry"],"jetpack_featured_media_url":"https:\/\/www.grieta.org.mx\/wp-content\/uploads\/2021\/08\/1-2.jpg","jetpack_sharing_enabled":true,"jetpack_shortlink":"https:\/\/wp.me\/p7ZJR4-fRW","jetpack_likes_enabled":false,"jetpack-related-posts":[{"id":48547,"url":"https:\/\/www.grieta.org.mx\/index.php\/2020\/05\/03\/mediante-un-comunicado-urgente-autoridaes-de-la-agencia-municipal-de-huazantlan-del-rio-municipio-de-san-mateo-del-mar-oaxaca-denuncian-ataque-armado-y-barbarie-en-dicha-comunidad-y-responsabiliza\/","url_meta":{"origin":61004,"position":0},"title":"En comunicado URGENTE, autoridades de Huazantl\u00e1n del R\u00edo, Municipio de San Mateo del Mar, denuncian ataque armado y barbarie; responsabilizan al Presidente Municipal (Oaxaca)","author":"grieta","date":"3 mayo, 2020","format":false,"excerpt":"Colectivo Grieta. En comunicado URGENTE dirigido a la opini\u00f3n p\u00fablica, a los medios de comunicaci\u00f3n, a los organismos de defensa de los derechos humanos, al presidente de M\u00e9xico y al gobernador del Estado de Oaxaca, con fecha 3 de mayo de 2020, comunidades y autoridades comunitarias del pueblo Ikoots de\u2026","rel":"","context":"En &quot;CINTILLO&quot;","block_context":{"text":"CINTILLO","link":"https:\/\/www.grieta.org.mx\/index.php\/category\/cintillo\/"},"img":{"alt_text":"","src":"https:\/\/i0.wp.com\/www.grieta.org.mx\/wp-content\/uploads\/2018\/03\/14524434_1106112876131411_958039263622046936_o.jpg?resize=350%2C200&ssl=1","width":350,"height":200,"srcset":"https:\/\/i0.wp.com\/www.grieta.org.mx\/wp-content\/uploads\/2018\/03\/14524434_1106112876131411_958039263622046936_o.jpg?resize=350%2C200&ssl=1 1x, https:\/\/i0.wp.com\/www.grieta.org.mx\/wp-content\/uploads\/2018\/03\/14524434_1106112876131411_958039263622046936_o.jpg?resize=525%2C300&ssl=1 1.5x, https:\/\/i0.wp.com\/www.grieta.org.mx\/wp-content\/uploads\/2018\/03\/14524434_1106112876131411_958039263622046936_o.jpg?resize=700%2C400&ssl=1 2x"},"classes":[]},{"id":51110,"url":"https:\/\/www.grieta.org.mx\/index.php\/2020\/06\/21\/la-union-de-agencias-y-comunidades-indigenas-ikoots-hace-un-llamando-a-la-accion-urgente-para-exigir-que-paren-las-agresiones-en-contra-de-los-pueblos-del-san-mateo-del-mar-oaxaca\/","url_meta":{"origin":61004,"position":1},"title":"La Uni\u00f3n de Agencias y Comunidades Ind\u00edgenas Ikoots hace un llamando a la ACCI\u00d3N URGENTE para exigir que paren las agresiones contra los pueblos del San Mateo del Mar (Oaxaca)","author":"grieta","date":"21 junio, 2020","format":false,"excerpt":"Colectivo Grieta, Las autoridades Ikoots (Huaves), reportan un nuevo ataque: personas heridas por armas de fuego y alertan nuevamente del clima de violencia en San Mateo del Mar, Oaxaca El 3 de mayo pasado, las autoridades comunitarias del municipio de San Mateo del Mar, Tehuantepec: de Barrio Nuevo; Barrio Espinal;\u2026","rel":"","context":"En &quot;CINTILLO&quot;","block_context":{"text":"CINTILLO","link":"https:\/\/www.grieta.org.mx\/index.php\/category\/cintillo\/"},"img":{"alt_text":"","src":"https:\/\/i0.wp.com\/www.grieta.org.mx\/wp-content\/uploads\/2018\/03\/14524434_1106112876131411_958039263622046936_o.jpg?resize=350%2C200&ssl=1","width":350,"height":200,"srcset":"https:\/\/i0.wp.com\/www.grieta.org.mx\/wp-content\/uploads\/2018\/03\/14524434_1106112876131411_958039263622046936_o.jpg?resize=350%2C200&ssl=1 1x, https:\/\/i0.wp.com\/www.grieta.org.mx\/wp-content\/uploads\/2018\/03\/14524434_1106112876131411_958039263622046936_o.jpg?resize=525%2C300&ssl=1 1.5x, https:\/\/i0.wp.com\/www.grieta.org.mx\/wp-content\/uploads\/2018\/03\/14524434_1106112876131411_958039263622046936_o.jpg?resize=700%2C400&ssl=1 2x"},"classes":[]},{"id":48552,"url":"https:\/\/www.grieta.org.mx\/index.php\/2020\/05\/03\/reportan-balacera-quema-de-vivienda-y-vehiculos-en-huazantlan-del-rio-habria-lesionados-y-desaparecidos-oaxaca\/","url_meta":{"origin":61004,"position":2},"title":"Reportan balacera, quema de vivienda y veh\u00edculos en Huazantl\u00e1n del R\u00edo; habr\u00eda lesionados y desaparecidos (Oaxaca)","author":"grieta","date":"3 mayo, 2020","format":false,"excerpt":"\u00a0 NVI Noticias \/ Redacii\u00f3n. Seg\u00fan trascendi\u00f3, el d\u00eda de ayer por la madrugada se registr\u00f3 un ataque armado cuando sujetos desconocidos quemaron la casa del agente municipal de Huazantl\u00e1n del Rio, en San Mateo del Mar, Luis Ch\u00e1vez, adem\u00e1s de realizar disparos. Seg\u00fan versiones extraoficiales, los hechos violentos ocurrieron\u2026","rel":"","context":"En &quot;CINTILLO&quot;","block_context":{"text":"CINTILLO","link":"https:\/\/www.grieta.org.mx\/index.php\/category\/cintillo\/"},"img":{"alt_text":"","src":"https:\/\/i0.wp.com\/www.grieta.org.mx\/wp-content\/uploads\/2020\/05\/Screenshot_2020-05-04-Reportan-balacera-quema-de-vivienda-y-veh%C3%ADculos-en-Huazantl%C3%A1n-del-R%C3%ADo-habr%C3%ADa-lesionados-y-desaparec....jpg?resize=350%2C200&ssl=1","width":350,"height":200,"srcset":"https:\/\/i0.wp.com\/www.grieta.org.mx\/wp-content\/uploads\/2020\/05\/Screenshot_2020-05-04-Reportan-balacera-quema-de-vivienda-y-veh%C3%ADculos-en-Huazantl%C3%A1n-del-R%C3%ADo-habr%C3%ADa-lesionados-y-desaparec....jpg?resize=350%2C200&ssl=1 1x, https:\/\/i0.wp.com\/www.grieta.org.mx\/wp-content\/uploads\/2020\/05\/Screenshot_2020-05-04-Reportan-balacera-quema-de-vivienda-y-veh%C3%ADculos-en-Huazantl%C3%A1n-del-R%C3%ADo-habr%C3%ADa-lesionados-y-desaparec....jpg?resize=525%2C300&ssl=1 1.5x, https:\/\/i0.wp.com\/www.grieta.org.mx\/wp-content\/uploads\/2020\/05\/Screenshot_2020-05-04-Reportan-balacera-quema-de-vivienda-y-veh%C3%ADculos-en-Huazantl%C3%A1n-del-R%C3%ADo-habr%C3%ADa-lesionados-y-desaparec....jpg?resize=700%2C400&ssl=1 2x, https:\/\/i0.wp.com\/www.grieta.org.mx\/wp-content\/uploads\/2020\/05\/Screenshot_2020-05-04-Reportan-balacera-quema-de-vivienda-y-veh%C3%ADculos-en-Huazantl%C3%A1n-del-R%C3%ADo-habr%C3%ADa-lesionados-y-desaparec....jpg?resize=1050%2C600&ssl=1 3x, https:\/\/i0.wp.com\/www.grieta.org.mx\/wp-content\/uploads\/2020\/05\/Screenshot_2020-05-04-Reportan-balacera-quema-de-vivienda-y-veh%C3%ADculos-en-Huazantl%C3%A1n-del-R%C3%ADo-habr%C3%ADa-lesionados-y-desaparec....jpg?resize=1400%2C800&ssl=1 4x"},"classes":[]},{"id":24799,"url":"https:\/\/www.grieta.org.mx\/index.php\/2018\/07\/17\/ejecutan-a-otro-integrante-del-comite-por-la-defensa-de-los-derechos-indigenas-en-oaxaca\/","url_meta":{"origin":61004,"position":3},"title":"Ejecutan a otro integrante del Comit\u00e9 por la Defensa de los Derechos Ind\u00edgenas en Oaxaca","author":"grieta","date":"17 julio, 2018","format":false,"excerpt":"Proceso. Pedro Mat\u00edas, Oaxaca (apro).- Abraham Hern\u00e1ndez Gonz\u00e1lez, coordinador del Comit\u00e9 por la Defensa de los Derechos Ind\u00edgenas (Codedi) en Pochutla, fue levantado por un comando y posteriormente ejecutado. El Codedi denunci\u00f3 que esta ma\u00f1ana, alrededor de las 11:30, un grupo de sujetos armados \u2013vestidos con ropa de militar y\u2026","rel":"","context":"En &quot;CINTILLO&quot;","block_context":{"text":"CINTILLO","link":"https:\/\/www.grieta.org.mx\/index.php\/category\/cintillo\/"},"img":{"alt_text":"","src":"https:\/\/i0.wp.com\/www.grieta.org.mx\/wp-content\/uploads\/2018\/07\/Codedi-Proceso-1.jpg?resize=350%2C200&ssl=1","width":350,"height":200,"srcset":"https:\/\/i0.wp.com\/www.grieta.org.mx\/wp-content\/uploads\/2018\/07\/Codedi-Proceso-1.jpg?resize=350%2C200&ssl=1 1x, https:\/\/i0.wp.com\/www.grieta.org.mx\/wp-content\/uploads\/2018\/07\/Codedi-Proceso-1.jpg?resize=525%2C300&ssl=1 1.5x, https:\/\/i0.wp.com\/www.grieta.org.mx\/wp-content\/uploads\/2018\/07\/Codedi-Proceso-1.jpg?resize=700%2C400&ssl=1 2x, https:\/\/i0.wp.com\/www.grieta.org.mx\/wp-content\/uploads\/2018\/07\/Codedi-Proceso-1.jpg?resize=1050%2C600&ssl=1 3x"},"classes":[]},{"id":37554,"url":"https:\/\/www.grieta.org.mx\/index.php\/2019\/08\/04\/convocatoria-a-asamblea-el-istmo-es-nuestro-6-7-y-8-de-septiembre-en-juchitan-oaxaca\/","url_meta":{"origin":61004,"position":4},"title":"Convocatoria a Asamblea \u00abEl Istmo es Nuestro\u00bb 6, 7 y 8 de septiembre en Juchit\u00e1n, Oaxaca","author":"grieta","date":"4 agosto, 2019","format":false,"excerpt":"LES ESCRIBIMOS MUJERES Y HOMBRES DE OAXACA, EN TIEMPO DE SIEMBRA DE MILPA, CULTIVO DE MA\u00cdZ, CALABAZA Y FRIJOL QUE DESDE NUESTROS ANTEPASADOS HACE POSIBLE LA SUPERVIVENCIA Y LA RESISTENCIA DE NUESTROS PUEBLOS HASTA EL D\u00cdA DE HOY. NUESTRA PALABRA VIENE DEL SUR DE M\u00c9XICO, DESDE NUESTROS TERRITORIOS COMO PUEBLOS\u2026","rel":"","context":"En &quot;CINTILLO&quot;","block_context":{"text":"CINTILLO","link":"https:\/\/www.grieta.org.mx\/index.php\/category\/cintillo\/"},"img":{"alt_text":"","src":"https:\/\/i0.wp.com\/www.grieta.org.mx\/wp-content\/uploads\/2019\/05\/logo-CNI-To.png?resize=350%2C200&ssl=1","width":350,"height":200,"srcset":"https:\/\/i0.wp.com\/www.grieta.org.mx\/wp-content\/uploads\/2019\/05\/logo-CNI-To.png?resize=350%2C200&ssl=1 1x, https:\/\/i0.wp.com\/www.grieta.org.mx\/wp-content\/uploads\/2019\/05\/logo-CNI-To.png?resize=525%2C300&ssl=1 1.5x"},"classes":[]},{"id":27365,"url":"https:\/\/www.grieta.org.mx\/index.php\/2018\/10\/26\/ejecutan-a-otro-integrante-de-codedi-suman-cinco-los-crimenes-politicos-en-este-ano-contra-esa-organizacion-oaxaca\/","url_meta":{"origin":61004,"position":5},"title":"Ejecutan a otro integrante de CODEDI; suman cinco los cr\u00edmenes pol\u00edticos en este a\u00f1o contra esa organizaci\u00f3n (Oaxaca)","author":"grieta","date":"26 octubre, 2018","format":false,"excerpt":"P\u00e1gina 3. Pedro Mat\u00edas, Oaxaca, Oax.- El integrante del Comit\u00e9 por la Defensa de los Derechos Ind\u00edgenas (CODEDI), Noel Castillo Aguilar, fue asesinado este jueves 25 de octubre, en el crucero de Barra de la Cruz, perteneciente al municipio de Santiago Astata, con lo que suman cinco los cr\u00edmenes pol\u00edticos\u2026","rel":"","context":"En &quot;CINTILLO&quot;","block_context":{"text":"CINTILLO","link":"https:\/\/www.grieta.org.mx\/index.php\/category\/cintillo\/"},"img":{"alt_text":"","src":"https:\/\/i0.wp.com\/www.grieta.org.mx\/wp-content\/uploads\/2018\/10\/Noel-Castillo-Aguilar-defensor-de-derechos-indigenas-oaxaca-1.jpg?resize=350%2C200&ssl=1","width":350,"height":200,"srcset":"https:\/\/i0.wp.com\/www.grieta.org.mx\/wp-content\/uploads\/2018\/10\/Noel-Castillo-Aguilar-defensor-de-derechos-indigenas-oaxaca-1.jpg?resize=350%2C200&ssl=1 1x, https:\/\/i0.wp.com\/www.grieta.org.mx\/wp-content\/uploads\/2018\/10\/Noel-Castillo-Aguilar-defensor-de-derechos-indigenas-oaxaca-1.jpg?resize=525%2C300&ssl=1 1.5x, https:\/\/i0.wp.com\/www.grieta.org.mx\/wp-content\/uploads\/2018\/10\/Noel-Castillo-Aguilar-defensor-de-derechos-indigenas-oaxaca-1.jpg?resize=700%2C400&ssl=1 2x"},"classes":[]}],"_links":{"self":[{"href":"https:\/\/www.grieta.org.mx\/index.php\/wp-json\/wp\/v2\/posts\/61004","targetHints":{"allow":["GET"]}}],"collection":[{"href":"https:\/\/www.grieta.org.mx\/index.php\/wp-json\/wp\/v2\/posts"}],"about":[{"href":"https:\/\/www.grieta.org.mx\/index.php\/wp-json\/wp\/v2\/types\/post"}],"author":[{"embeddable":true,"href":"https:\/\/www.grieta.org.mx\/index.php\/wp-json\/wp\/v2\/users\/2"}],"replies":[{"embeddable":true,"href":"https:\/\/www.grieta.org.mx\/index.php\/wp-json\/wp\/v2\/comments?post=61004"}],"version-history":[{"count":1,"href":"https:\/\/www.grieta.org.mx\/index.php\/wp-json\/wp\/v2\/posts\/61004\/revisions"}],"predecessor-version":[{"id":61006,"href":"https:\/\/www.grieta.org.mx\/index.php\/wp-json\/wp\/v2\/posts\/61004\/revisions\/61006"}],"wp:featuredmedia":[{"embeddable":true,"href":"https:\/\/www.grieta.org.mx\/index.php\/wp-json\/wp\/v2\/media\/61005"}],"wp:attachment":[{"href":"https:\/\/www.grieta.org.mx\/index.php\/wp-json\/wp\/v2\/media?parent=61004"}],"wp:term":[{"taxonomy":"category","embeddable":true,"href":"https:\/\/www.grieta.org.mx\/index.php\/wp-json\/wp\/v2\/categories?post=61004"},{"taxonomy":"post_tag","embeddable":true,"href":"https:\/\/www.grieta.org.mx\/index.php\/wp-json\/wp\/v2\/tags?post=61004"}],"curies":[{"name":"wp","href":"https:\/\/api.w.org\/{rel}","templated":true}]}}