{"id":60944,"date":"2021-08-10T21:25:08","date_gmt":"2021-08-11T02:25:08","guid":{"rendered":"https:\/\/www.grieta.org.mx\/?p=60944"},"modified":"2021-09-21T17:12:39","modified_gmt":"2021-09-21T22:12:39","slug":"en-euskal-herria-pais-vasco-organizan-distintas-actividades-para-recibir-a-la-delegacion-del-ezln-videos-y-fotos","status":"publish","type":"post","link":"https:\/\/www.grieta.org.mx\/index.php\/2021\/08\/10\/en-euskal-herria-pais-vasco-organizan-distintas-actividades-para-recibir-a-la-delegacion-del-ezln-videos-y-fotos\/","title":{"rendered":"En Euskal Herria (Pa\u00eds Vasco) organizan distintas actividades para recibir a la delegaci\u00f3n del EZLN (VIDEOS Y FOTOS)"},"content":{"rendered":"<div style=\"width: 640px;\" class=\"wp-video\"><video class=\"wp-video-shortcode\" id=\"video-60944-1\" width=\"640\" height=\"352\" preload=\"metadata\" controls=\"controls\"><source type=\"video\/mp4\" src=\"http:\/\/www.grieta.org.mx\/wp-content\/uploads\/2021\/08\/VID-20210808-WA0008.mp4?_=1\" \/><a href=\"http:\/\/www.grieta.org.mx\/wp-content\/uploads\/2021\/08\/VID-20210808-WA0008.mp4\">http:\/\/www.grieta.org.mx\/wp-content\/uploads\/2021\/08\/VID-20210808-WA0008.mp4<\/a><\/video><\/div>\n<p>VIDEO: BIRA ZAPATISTA<\/p>\n<p>COLECTIVO GRIETA<\/p>\n<p>Como en muchos otros rincones de la Europa insumisa, este fin de semana se realizaron distintas acciones en Euskal Herria (Pa\u00eds Vasco, Estado espa\u00f1ol), para mostrar el apoyo a la &#8220;Traves\u00eda por la vida&#8221; del Ej\u00e9rcito Zapatista de Liberaci\u00f3n Nacional (EZLN) y exigir una vez m\u00e1s al gobierno franc\u00e9s que permita la entrada de la delegaci\u00f3n zapatista.<\/p>\n<figure id=\"attachment_60946\" aria-describedby=\"caption-attachment-60946\" style=\"width: 800px\" class=\"wp-caption alignnone\"><img loading=\"lazy\" decoding=\"async\" data-attachment-id=\"60946\" data-permalink=\"https:\/\/www.grieta.org.mx\/index.php\/2021\/08\/10\/en-euskal-herria-pais-vasco-organizan-distintas-actividades-para-recibir-a-la-delegacion-del-ezln-videos-y-fotos\/iruna-photo_2021-08-07_10-27-26\/\" data-orig-file=\"https:\/\/www.grieta.org.mx\/wp-content\/uploads\/2021\/08\/Iruna-photo_2021-08-07_10-27-26.jpg\" data-orig-size=\"720,1280\" data-comments-opened=\"0\" data-image-meta=\"{&quot;aperture&quot;:&quot;0&quot;,&quot;credit&quot;:&quot;&quot;,&quot;camera&quot;:&quot;&quot;,&quot;caption&quot;:&quot;&quot;,&quot;created_timestamp&quot;:&quot;0&quot;,&quot;copyright&quot;:&quot;&quot;,&quot;focal_length&quot;:&quot;0&quot;,&quot;iso&quot;:&quot;0&quot;,&quot;shutter_speed&quot;:&quot;0&quot;,&quot;title&quot;:&quot;&quot;,&quot;orientation&quot;:&quot;0&quot;}\" data-image-title=\"Iru\u00f1a photo_2021-08-07_10-27-26\" data-image-description=\"\" data-image-caption=\"\" data-medium-file=\"https:\/\/www.grieta.org.mx\/wp-content\/uploads\/2021\/08\/Iruna-photo_2021-08-07_10-27-26-169x300.jpg\" data-large-file=\"https:\/\/www.grieta.org.mx\/wp-content\/uploads\/2021\/08\/Iruna-photo_2021-08-07_10-27-26-576x1024.jpg\" class=\"wp-image-60946\" src=\"http:\/\/www.grieta.org.mx\/wp-content\/uploads\/2021\/08\/Iruna-photo_2021-08-07_10-27-26.jpg\" alt=\"\" width=\"800\" height=\"1422\" srcset=\"https:\/\/www.grieta.org.mx\/wp-content\/uploads\/2021\/08\/Iruna-photo_2021-08-07_10-27-26.jpg 720w, https:\/\/www.grieta.org.mx\/wp-content\/uploads\/2021\/08\/Iruna-photo_2021-08-07_10-27-26-169x300.jpg 169w, https:\/\/www.grieta.org.mx\/wp-content\/uploads\/2021\/08\/Iruna-photo_2021-08-07_10-27-26-576x1024.jpg 576w\" sizes=\"auto, (max-width: 800px) 100vw, 800px\" \/><figcaption id=\"caption-attachment-60946\" class=\"wp-caption-text\">Graffiti de un\u00a0 zapatista con el vestuario tradicional de los Sanfermines de Iru\u00f1a (Pamplona, Navarra). FOTO: M. MESTRE<\/figcaption><\/figure>\n<p>En Gipuzkoa (Guip\u00fazcoa), al igual que en Vizcaya y \u00c1lava, las otras dos provincias que conforman el Pa\u00eds Vasco al sur de los Pirineos, las movilizaciones y muestras de apoyo a la &#8220;Traves\u00eda por la vida&#8221; propuesta por los ind\u00edgenas rebeldes chiapanecos, se han venido verificando desde hace varios meses. En d\u00edas recientes en Gipuzkoa las \u00faltimas acciones organizadas por colectivos solidarios han tenido lugar en Pasaia, Hernani, Azpeitia y, este 8 de agosto, en Donosti (San Sebasti\u00e1n), la capital provincial.<\/p>\n<figure id=\"attachment_60947\" aria-describedby=\"caption-attachment-60947\" style=\"width: 853px\" class=\"wp-caption alignnone\"><img loading=\"lazy\" decoding=\"async\" data-attachment-id=\"60947\" data-permalink=\"https:\/\/www.grieta.org.mx\/index.php\/2021\/08\/10\/en-euskal-herria-pais-vasco-organizan-distintas-actividades-para-recibir-a-la-delegacion-del-ezln-videos-y-fotos\/mesa-donostiphoto_2021-08-09_08-58-13\/\" data-orig-file=\"https:\/\/www.grieta.org.mx\/wp-content\/uploads\/2021\/08\/Mesa-Donostiphoto_2021-08-09_08-58-13.jpg\" data-orig-size=\"1280,957\" data-comments-opened=\"0\" data-image-meta=\"{&quot;aperture&quot;:&quot;0&quot;,&quot;credit&quot;:&quot;&quot;,&quot;camera&quot;:&quot;&quot;,&quot;caption&quot;:&quot;&quot;,&quot;created_timestamp&quot;:&quot;0&quot;,&quot;copyright&quot;:&quot;&quot;,&quot;focal_length&quot;:&quot;0&quot;,&quot;iso&quot;:&quot;0&quot;,&quot;shutter_speed&quot;:&quot;0&quot;,&quot;title&quot;:&quot;&quot;,&quot;orientation&quot;:&quot;0&quot;}\" data-image-title=\"Mesa Donostiphoto_2021-08-09_08-58-13\" data-image-description=\"\" data-image-caption=\"\" data-medium-file=\"https:\/\/www.grieta.org.mx\/wp-content\/uploads\/2021\/08\/Mesa-Donostiphoto_2021-08-09_08-58-13-300x224.jpg\" data-large-file=\"https:\/\/www.grieta.org.mx\/wp-content\/uploads\/2021\/08\/Mesa-Donostiphoto_2021-08-09_08-58-13-1024x766.jpg\" class=\"wp-image-60947 size-full\" src=\"http:\/\/www.grieta.org.mx\/wp-content\/uploads\/2021\/08\/Mesa-Donostiphoto_2021-08-09_08-58-13.jpg\" alt=\"\" width=\"853\" height=\"638\" srcset=\"https:\/\/www.grieta.org.mx\/wp-content\/uploads\/2021\/08\/Mesa-Donostiphoto_2021-08-09_08-58-13.jpg 1280w, https:\/\/www.grieta.org.mx\/wp-content\/uploads\/2021\/08\/Mesa-Donostiphoto_2021-08-09_08-58-13-300x224.jpg 300w, https:\/\/www.grieta.org.mx\/wp-content\/uploads\/2021\/08\/Mesa-Donostiphoto_2021-08-09_08-58-13-1024x766.jpg 1024w, https:\/\/www.grieta.org.mx\/wp-content\/uploads\/2021\/08\/Mesa-Donostiphoto_2021-08-09_08-58-13-768x574.jpg 768w\" sizes=\"auto, (max-width: 853px) 100vw, 853px\" \/><figcaption id=\"caption-attachment-60947\" class=\"wp-caption-text\">&#8220;Ongi etorriak E.H. Europara&#8221; (Bienvenidos a Pa\u00eds Vasco y a Europa). FOTO: BIRA ZAPATISTA<\/figcaption><\/figure>\n<p>Frente al Mercado de la Bretxa (Brecha),\u00a0 en la zona c\u00e9ntrica de Donosti conocida como la parte vieja de la ciudad, compa\u00f1eras y compa\u00f1eros organizaron una mesa de informaci\u00f3n, acci\u00f3n en la que particip\u00f3 la Batucada Feminista, conformada por compa\u00f1eras de \u00e9sta y otras localidades vascas.<\/p>\n<div style=\"width: 640px;\" class=\"wp-video\"><video class=\"wp-video-shortcode\" id=\"video-60944-2\" width=\"640\" height=\"352\" preload=\"metadata\" controls=\"controls\"><source type=\"video\/mp4\" src=\"http:\/\/www.grieta.org.mx\/wp-content\/uploads\/2021\/08\/VID-20210808-WA0012.mp4?_=2\" \/><a href=\"http:\/\/www.grieta.org.mx\/wp-content\/uploads\/2021\/08\/VID-20210808-WA0012.mp4\">http:\/\/www.grieta.org.mx\/wp-content\/uploads\/2021\/08\/VID-20210808-WA0012.mp4<\/a><\/video><\/div>\n<p>VIDEO: BIRA ZAPATISTA<\/p>\n<p>Solidarios con los pueblos ind\u00edgenas rebeldes de Chiapas desde los primeros d\u00edas del levantamiento zapatista de enero de 1994, compa\u00f1eros de diversos colectivos vascos se organizan y apoyan\u00a0 de manera por dem\u00e1s\u00a0 entusiasta y comprometida la difusi\u00f3n de esta nueva iniciativa pol\u00edtica del EZLN: la &#8220;Traves\u00eda por la Vida&#8221;.<\/p>\n<figure id=\"attachment_60945\" aria-describedby=\"caption-attachment-60945\" style=\"width: 800px\" class=\"wp-caption alignnone\"><img loading=\"lazy\" decoding=\"async\" data-attachment-id=\"60945\" data-permalink=\"https:\/\/www.grieta.org.mx\/index.php\/2021\/08\/10\/en-euskal-herria-pais-vasco-organizan-distintas-actividades-para-recibir-a-la-delegacion-del-ezln-videos-y-fotos\/cartel-donosti-photo_2021-08-08_14-51-35\/\" data-orig-file=\"https:\/\/www.grieta.org.mx\/wp-content\/uploads\/2021\/08\/Cartel-Donosti-photo_2021-08-08_14-51-35.jpg\" data-orig-size=\"905,1280\" data-comments-opened=\"0\" data-image-meta=\"{&quot;aperture&quot;:&quot;0&quot;,&quot;credit&quot;:&quot;&quot;,&quot;camera&quot;:&quot;&quot;,&quot;caption&quot;:&quot;&quot;,&quot;created_timestamp&quot;:&quot;0&quot;,&quot;copyright&quot;:&quot;&quot;,&quot;focal_length&quot;:&quot;0&quot;,&quot;iso&quot;:&quot;0&quot;,&quot;shutter_speed&quot;:&quot;0&quot;,&quot;title&quot;:&quot;&quot;,&quot;orientation&quot;:&quot;0&quot;}\" data-image-title=\"Cartel Donosti photo_2021-08-08_14-51-35\" data-image-description=\"\" data-image-caption=\"&lt;p&gt;&amp;#8220;Gira Zapatista por la Vida&amp;#8221;. FOTO: ESPECIAL&lt;\/p&gt;\n\" data-medium-file=\"https:\/\/www.grieta.org.mx\/wp-content\/uploads\/2021\/08\/Cartel-Donosti-photo_2021-08-08_14-51-35-212x300.jpg\" data-large-file=\"https:\/\/www.grieta.org.mx\/wp-content\/uploads\/2021\/08\/Cartel-Donosti-photo_2021-08-08_14-51-35-724x1024.jpg\" class=\"wp-image-60945\" src=\"http:\/\/www.grieta.org.mx\/wp-content\/uploads\/2021\/08\/Cartel-Donosti-photo_2021-08-08_14-51-35.jpg\" alt=\"\" width=\"800\" height=\"1131\" srcset=\"https:\/\/www.grieta.org.mx\/wp-content\/uploads\/2021\/08\/Cartel-Donosti-photo_2021-08-08_14-51-35.jpg 905w, https:\/\/www.grieta.org.mx\/wp-content\/uploads\/2021\/08\/Cartel-Donosti-photo_2021-08-08_14-51-35-212x300.jpg 212w, https:\/\/www.grieta.org.mx\/wp-content\/uploads\/2021\/08\/Cartel-Donosti-photo_2021-08-08_14-51-35-724x1024.jpg 724w, https:\/\/www.grieta.org.mx\/wp-content\/uploads\/2021\/08\/Cartel-Donosti-photo_2021-08-08_14-51-35-768x1086.jpg 768w\" sizes=\"auto, (max-width: 800px) 100vw, 800px\" \/><figcaption id=\"caption-attachment-60945\" class=\"wp-caption-text\">&#8220;Gira Zapatista por la Vida&#8221;. FOTO: BIRA ZAPATISTA<\/figcaption><\/figure>\n<figure id=\"attachment_60949\" aria-describedby=\"caption-attachment-60949\" style=\"width: 1280px\" class=\"wp-caption alignnone\"><img loading=\"lazy\" decoding=\"async\" data-attachment-id=\"60949\" data-permalink=\"https:\/\/www.grieta.org.mx\/index.php\/2021\/08\/10\/en-euskal-herria-pais-vasco-organizan-distintas-actividades-para-recibir-a-la-delegacion-del-ezln-videos-y-fotos\/mesa-juego-photo_2021-08-09_23-35-09\/\" data-orig-file=\"https:\/\/www.grieta.org.mx\/wp-content\/uploads\/2021\/08\/Mesa-juego-photo_2021-08-09_23-35-09.jpg\" data-orig-size=\"1280,957\" data-comments-opened=\"0\" data-image-meta=\"{&quot;aperture&quot;:&quot;0&quot;,&quot;credit&quot;:&quot;&quot;,&quot;camera&quot;:&quot;&quot;,&quot;caption&quot;:&quot;&quot;,&quot;created_timestamp&quot;:&quot;0&quot;,&quot;copyright&quot;:&quot;&quot;,&quot;focal_length&quot;:&quot;0&quot;,&quot;iso&quot;:&quot;0&quot;,&quot;shutter_speed&quot;:&quot;0&quot;,&quot;title&quot;:&quot;&quot;,&quot;orientation&quot;:&quot;0&quot;}\" data-image-title=\"Mesa juego photo_2021-08-09_23-35-09\" data-image-description=\"\" data-image-caption=\"&lt;p&gt;Mesa informativa con el juego de mesa &amp;#8220;Autonom\u00eda Zapatista&amp;#8221;. FOTO: BIRA ZAPATISTA&lt;\/p&gt;\n\" data-medium-file=\"https:\/\/www.grieta.org.mx\/wp-content\/uploads\/2021\/08\/Mesa-juego-photo_2021-08-09_23-35-09-300x224.jpg\" data-large-file=\"https:\/\/www.grieta.org.mx\/wp-content\/uploads\/2021\/08\/Mesa-juego-photo_2021-08-09_23-35-09-1024x766.jpg\" class=\"size-full wp-image-60949\" src=\"http:\/\/www.grieta.org.mx\/wp-content\/uploads\/2021\/08\/Mesa-juego-photo_2021-08-09_23-35-09.jpg\" alt=\"\" width=\"1280\" height=\"957\" srcset=\"https:\/\/www.grieta.org.mx\/wp-content\/uploads\/2021\/08\/Mesa-juego-photo_2021-08-09_23-35-09.jpg 1280w, https:\/\/www.grieta.org.mx\/wp-content\/uploads\/2021\/08\/Mesa-juego-photo_2021-08-09_23-35-09-300x224.jpg 300w, https:\/\/www.grieta.org.mx\/wp-content\/uploads\/2021\/08\/Mesa-juego-photo_2021-08-09_23-35-09-1024x766.jpg 1024w, https:\/\/www.grieta.org.mx\/wp-content\/uploads\/2021\/08\/Mesa-juego-photo_2021-08-09_23-35-09-768x574.jpg 768w\" sizes=\"auto, (max-width: 1280px) 100vw, 1280px\" \/><figcaption id=\"caption-attachment-60949\" class=\"wp-caption-text\">Mesa informativa con el juego de mesa &#8220;Autonom\u00eda Zapatista&#8221;. FOTO: BIRA ZAPATISTA<\/figcaption><\/figure>\n<figure id=\"attachment_60964\" aria-describedby=\"caption-attachment-60964\" style=\"width: 800px\" class=\"wp-caption alignnone\"><img loading=\"lazy\" decoding=\"async\" data-attachment-id=\"60964\" data-permalink=\"https:\/\/www.grieta.org.mx\/index.php\/2021\/08\/10\/en-euskal-herria-pais-vasco-organizan-distintas-actividades-para-recibir-a-la-delegacion-del-ezln-videos-y-fotos\/fuerza-aerea-zapatista-detalle\/\" data-orig-file=\"https:\/\/www.grieta.org.mx\/wp-content\/uploads\/2021\/08\/Fuerza-aerea-zapatista-detalle.png\" data-orig-size=\"1176,501\" data-comments-opened=\"0\" data-image-meta=\"{&quot;aperture&quot;:&quot;0&quot;,&quot;credit&quot;:&quot;&quot;,&quot;camera&quot;:&quot;&quot;,&quot;caption&quot;:&quot;&quot;,&quot;created_timestamp&quot;:&quot;0&quot;,&quot;copyright&quot;:&quot;&quot;,&quot;focal_length&quot;:&quot;0&quot;,&quot;iso&quot;:&quot;0&quot;,&quot;shutter_speed&quot;:&quot;0&quot;,&quot;title&quot;:&quot;&quot;,&quot;orientation&quot;:&quot;0&quot;}\" data-image-title=\"Fuerza a\u00e9rea zapatista detalle\" data-image-description=\"\" data-image-caption=\"&lt;p&gt;FOTO: BIRA ZAPATISTA&lt;\/p&gt;\n\" data-medium-file=\"https:\/\/www.grieta.org.mx\/wp-content\/uploads\/2021\/08\/Fuerza-aerea-zapatista-detalle-300x128.png\" data-large-file=\"https:\/\/www.grieta.org.mx\/wp-content\/uploads\/2021\/08\/Fuerza-aerea-zapatista-detalle-1024x436.png\" class=\"wp-image-60964\" src=\"http:\/\/www.grieta.org.mx\/wp-content\/uploads\/2021\/08\/Fuerza-aerea-zapatista-detalle.png\" alt=\"\" width=\"800\" height=\"341\" srcset=\"https:\/\/www.grieta.org.mx\/wp-content\/uploads\/2021\/08\/Fuerza-aerea-zapatista-detalle.png 1176w, https:\/\/www.grieta.org.mx\/wp-content\/uploads\/2021\/08\/Fuerza-aerea-zapatista-detalle-300x128.png 300w, https:\/\/www.grieta.org.mx\/wp-content\/uploads\/2021\/08\/Fuerza-aerea-zapatista-detalle-1024x436.png 1024w, https:\/\/www.grieta.org.mx\/wp-content\/uploads\/2021\/08\/Fuerza-aerea-zapatista-detalle-768x327.png 768w\" sizes=\"auto, (max-width: 800px) 100vw, 800px\" \/><figcaption id=\"caption-attachment-60964\" class=\"wp-caption-text\">&#8220;Ongi etorri zapatistas&#8221;. FOTO: BIRA ZAPATISTA<\/figcaption><\/figure>\n","protected":false},"excerpt":{"rendered":"<p>VIDEO: BIRA ZAPATISTA COLECTIVO GRIETA Como en muchos otros rincones de la Europa insumisa, este fin de semana se realizaron distintas acciones en Euskal Herria (Pa\u00eds Vasco, Estado espa\u00f1ol), para &hellip; <a href=\"https:\/\/www.grieta.org.mx\/index.php\/2021\/08\/10\/en-euskal-herria-pais-vasco-organizan-distintas-actividades-para-recibir-a-la-delegacion-del-ezln-videos-y-fotos\/\" class=\"more-link\">Leer m\u00e1s<\/a><\/p>\n","protected":false},"author":2,"featured_media":60947,"comment_status":"closed","ping_status":"closed","sticky":false,"template":"","format":"standard","meta":{"ngg_post_thumbnail":0,"_jetpack_newsletter_access":"","_jetpack_dont_email_post_to_subs":false,"_jetpack_newsletter_tier_id":0,"_jetpack_memberships_contains_paywalled_content":false,"_jetpack_memberships_contains_paid_content":false,"footnotes":""},"categories":[80,1775,2,2661,3916],"tags":[3934,3985,3984,3917],"class_list":["post-60944","post","type-post","status-publish","format-standard","has-post-thumbnail","hentry","category-cintillo","category-colectivo-grieta","category-noticias-nacionales","category-redes-de-resistencia-y-rebeldia","category-travesia-por-la-vida","tag-europa","tag-euskal-herria","tag-pais-vasco","tag-travesia-por-la-vida","entry"],"jetpack_featured_media_url":"https:\/\/www.grieta.org.mx\/wp-content\/uploads\/2021\/08\/Mesa-Donostiphoto_2021-08-09_08-58-13.jpg","jetpack_sharing_enabled":true,"jetpack_shortlink":"https:\/\/wp.me\/p7ZJR4-fQY","jetpack_likes_enabled":false,"jetpack-related-posts":[{"id":61204,"url":"https:\/\/www.grieta.org.mx\/index.php\/2021\/06\/13\/movilizaciones-en-artea-y-zeberio-para-celebrar-la-llegada-a-europa-de-la-gira-zapatista-euskal-herria-pais-vasco\/","url_meta":{"origin":60944,"position":0},"title":"Movilizaciones en Artea y Zeberio para celebrar la llegada a Europa de la gira zapatista (Euskal Herria\/Pa\u00ecs Vasco)","author":"grieta","date":"13 junio, 2021","format":false,"excerpt":"Este fin de semana se han repetido las movilizaciones en diferentes lugares de Europa para celebrar la llegada de la \u00abGira por la vida\u00bb zapatista al continente. En Euskal Herria se han organizado actos en Zeberio y Artea. En Zeberio han pintado un un mural con motivo de la gira\u2026","rel":"","context":"En &quot;CINTILLO&quot;","block_context":{"text":"CINTILLO","link":"https:\/\/www.grieta.org.mx\/index.php\/category\/cintillo\/"},"img":{"alt_text":"","src":"https:\/\/i0.wp.com\/www.grieta.org.mx\/wp-content\/uploads\/2021\/08\/Zeberio.png?resize=350%2C200&ssl=1","width":350,"height":200,"srcset":"https:\/\/i0.wp.com\/www.grieta.org.mx\/wp-content\/uploads\/2021\/08\/Zeberio.png?resize=350%2C200&ssl=1 1x, https:\/\/i0.wp.com\/www.grieta.org.mx\/wp-content\/uploads\/2021\/08\/Zeberio.png?resize=525%2C300&ssl=1 1.5x, https:\/\/i0.wp.com\/www.grieta.org.mx\/wp-content\/uploads\/2021\/08\/Zeberio.png?resize=700%2C400&ssl=1 2x"},"classes":[]},{"id":61797,"url":"https:\/\/www.grieta.org.mx\/index.php\/2021\/09\/20\/en-euskal-herria-pais-vasco-exigen-la-presentacion-con-vida-de-las-2-autoridades-autonomas-zapatistas-secuestradas-y-se-preparan-para-recibir-a-la-extemporanea\/","url_meta":{"origin":60944,"position":1},"title":"En Euskal Herria (Pa\u00eds Vasco) exigen la presentaci\u00f3n con vida de las 2 autoridades aut\u00f3nomas zapatistas secuestradas y se preparan para recibir a &#8220;La Extempor\u00e1nea&#8221;","author":"grieta","date":"20 septiembre, 2021","format":false,"excerpt":"COLECTIVO GRIETA 18 de septiembre. Reunidos para proseguir con la organizaci\u00f3n y preparativos con miras a recibir a los delegados zapatistas de la compa\u00f1\u00eda \"La Extempor\u00e1nea\", compa\u00f1eros, compa\u00f1eras y colectivos de Guipuzkoa provenientes de Azpeitia, Donosti, Pasaia, Tolosa, Villabona, Irun, Oiartzun, Errenter\u00eda y Hernani, se encontraron en \u00e9sta \u00faltima localidad\u2026","rel":"","context":"En &quot;CINTILLO&quot;","block_context":{"text":"CINTILLO","link":"https:\/\/www.grieta.org.mx\/index.php\/category\/cintillo\/"},"img":{"alt_text":"","src":"https:\/\/i0.wp.com\/www.grieta.org.mx\/wp-content\/uploads\/2021\/09\/E-1-2021-09-18_16-26-07.jpg?resize=350%2C200&ssl=1","width":350,"height":200,"srcset":"https:\/\/i0.wp.com\/www.grieta.org.mx\/wp-content\/uploads\/2021\/09\/E-1-2021-09-18_16-26-07.jpg?resize=350%2C200&ssl=1 1x, https:\/\/i0.wp.com\/www.grieta.org.mx\/wp-content\/uploads\/2021\/09\/E-1-2021-09-18_16-26-07.jpg?resize=525%2C300&ssl=1 1.5x, https:\/\/i0.wp.com\/www.grieta.org.mx\/wp-content\/uploads\/2021\/09\/E-1-2021-09-18_16-26-07.jpg?resize=700%2C400&ssl=1 2x"},"classes":[]},{"id":59433,"url":"https:\/\/www.grieta.org.mx\/index.php\/2021\/05\/22\/preparativos-en-la-otra-europa-para-recibir-a-la-travesia-zapatista-por-la-vida-videos-y-fotos\/","url_meta":{"origin":60944,"position":2},"title":"Preparativos en la Otra Europa para recibir a la &#8220;Traves\u00eda zapatista por la vida&#8221; (VIDEOS y FOTOS)","author":"grieta","date":"22 mayo, 2021","format":false,"excerpt":"Los pasados 15 y 16 de mayo, distintos colectivos y organizaciones europeas de abajo y a la izquierda realizaron actividades en preparaci\u00f3n de la llegada de parte de la delegaci\u00f3n del Ej\u00e9rcito Zapatista de Liberaci\u00f3n Nacional (EZLN) que navega hacia el Viejo Continente.\u00a0 Se comparten las im\u00e1genes de algunas de\u2026","rel":"","context":"En &quot;CINTILLO&quot;","block_context":{"text":"CINTILLO","link":"https:\/\/www.grieta.org.mx\/index.php\/category\/cintillo\/"},"img":{"alt_text":"","src":"https:\/\/i0.wp.com\/www.grieta.org.mx\/wp-content\/uploads\/2021\/05\/photo_2021-05-19_23-45-27.jpg?resize=350%2C200&ssl=1","width":350,"height":200,"srcset":"https:\/\/i0.wp.com\/www.grieta.org.mx\/wp-content\/uploads\/2021\/05\/photo_2021-05-19_23-45-27.jpg?resize=350%2C200&ssl=1 1x, https:\/\/i0.wp.com\/www.grieta.org.mx\/wp-content\/uploads\/2021\/05\/photo_2021-05-19_23-45-27.jpg?resize=525%2C300&ssl=1 1.5x, https:\/\/i0.wp.com\/www.grieta.org.mx\/wp-content\/uploads\/2021\/05\/photo_2021-05-19_23-45-27.jpg?resize=700%2C400&ssl=1 2x, https:\/\/i0.wp.com\/www.grieta.org.mx\/wp-content\/uploads\/2021\/05\/photo_2021-05-19_23-45-27.jpg?resize=1050%2C600&ssl=1 3x"},"classes":[]},{"id":59916,"url":"https:\/\/www.grieta.org.mx\/index.php\/2021\/06\/23\/travesia-por-la-vida-indigenas-mayas-del-ezln-desembarcan-en-europa-galeria-de-videos-y-fotos\/","url_meta":{"origin":60944,"position":3},"title":"Traves\u00eda por la vida: Ind\u00edgenas mayas del EZLN desembarcan en Europa (galer\u00eda de videos y fotos)","author":"grieta","date":"23 junio, 2021","format":false,"excerpt":"COLECTIVO GRIETA\/ con informaci\u00f3n, fotos y videos de la COORDINACI\u00d3N EUROPEA PARA El \"Viaje por la vida\" y COLECTIVOS DE LA OTRA EUROPA ayer rebautizada SLUMIL K\u00b4AJXEMK\u00b4OP (\u201cTierra Insumisa\u201d, \u201cTierra que no se resigna, que no desmaya\u201d). Al grito de \u00a1Zapata vive! y \u00a1Viva el EZLN!, despu\u00e9s de tres lluviosas\u00a0\u2026","rel":"","context":"En &quot;CINTILLO&quot;","block_context":{"text":"CINTILLO","link":"https:\/\/www.grieta.org.mx\/index.php\/category\/cintillo\/"},"img":{"alt_text":"","src":"https:\/\/i0.wp.com\/www.grieta.org.mx\/wp-content\/uploads\/2021\/06\/photo_2021-05-19_23-45-27.jpg?resize=350%2C200&ssl=1","width":350,"height":200,"srcset":"https:\/\/i0.wp.com\/www.grieta.org.mx\/wp-content\/uploads\/2021\/06\/photo_2021-05-19_23-45-27.jpg?resize=350%2C200&ssl=1 1x, https:\/\/i0.wp.com\/www.grieta.org.mx\/wp-content\/uploads\/2021\/06\/photo_2021-05-19_23-45-27.jpg?resize=525%2C300&ssl=1 1.5x, https:\/\/i0.wp.com\/www.grieta.org.mx\/wp-content\/uploads\/2021\/06\/photo_2021-05-19_23-45-27.jpg?resize=700%2C400&ssl=1 2x, https:\/\/i0.wp.com\/www.grieta.org.mx\/wp-content\/uploads\/2021\/06\/photo_2021-05-19_23-45-27.jpg?resize=1050%2C600&ssl=1 3x"},"classes":[]},{"id":59835,"url":"https:\/\/www.grieta.org.mx\/index.php\/2021\/06\/19\/la-otra-europa-realiza-conferencia-de-prensa-en-vigo-galicia-por-la-llegada-de-la-delegacion-zapatista-video\/","url_meta":{"origin":60944,"position":4},"title":"La Otra Europa realiza conferencia de prensa en Vigo, Galicia, por la llegada de la delegaci\u00f3n zapatista (video)","author":"grieta","date":"19 junio, 2021","format":false,"excerpt":"COLECTIVO GRIETA\/con informaci\u00f3n de Y RETIEMBLE! MADRID FOTO: cedida Espacio ECOAR\/ EL SALTO \ufeff Vigo, Galicia, 18 de junio.-En el puerto de Vigo, Galicia, Estado espa\u00f1ol, colectivos y organizaciones europeas de abajo y a la izquierda hicieron p\u00fablico su benepl\u00e1cito por la pronta llegada del velero La Monta\u00f1a, a bordo\u2026","rel":"","context":"En &quot;CINTILLO&quot;","block_context":{"text":"CINTILLO","link":"https:\/\/www.grieta.org.mx\/index.php\/category\/cintillo\/"},"img":{"alt_text":"","src":"https:\/\/i0.wp.com\/www.grieta.org.mx\/wp-content\/uploads\/2021\/06\/Montana-3.jpg?resize=350%2C200&ssl=1","width":350,"height":200,"srcset":"https:\/\/i0.wp.com\/www.grieta.org.mx\/wp-content\/uploads\/2021\/06\/Montana-3.jpg?resize=350%2C200&ssl=1 1x, https:\/\/i0.wp.com\/www.grieta.org.mx\/wp-content\/uploads\/2021\/06\/Montana-3.jpg?resize=525%2C300&ssl=1 1.5x, https:\/\/i0.wp.com\/www.grieta.org.mx\/wp-content\/uploads\/2021\/06\/Montana-3.jpg?resize=700%2C400&ssl=1 2x, https:\/\/i0.wp.com\/www.grieta.org.mx\/wp-content\/uploads\/2021\/06\/Montana-3.jpg?resize=1050%2C600&ssl=1 3x, https:\/\/i0.wp.com\/www.grieta.org.mx\/wp-content\/uploads\/2021\/06\/Montana-3.jpg?resize=1400%2C800&ssl=1 4x"},"classes":[]},{"id":59140,"url":"https:\/\/www.grieta.org.mx\/index.php\/2021\/05\/03\/saludan-en-la-ciudad-de-mexico-el-inicio-de-la-travesia-maritima-zapatista-a-europa\/","url_meta":{"origin":60944,"position":5},"title":"Saludan en la Ciudad de M\u00e9xico el inicio de la traves\u00eda mar\u00edtima zapatista a Europa","author":"grieta","date":"3 mayo, 2021","format":false,"excerpt":"COLECTIVO GRIETA, Ciudad de M\u00e9xico, 2 de mayo.- Para hacer p\u00fablica su adhesi\u00f3n a la reciente iniciativa del Ej\u00e9rcito Zapatista de Liberaci\u00f3n Nacional (EZLN), \"Zapatistas. Una traves\u00eda por la vida\", y desearles buen viaje a los siete ind\u00edgenas mayas (tzotziles, tzeltales, choles y tojolabales) \u00a0integrantes del Escuadr\u00f3n 421 \u00a0que hoy\u2026","rel":"","context":"En &quot;CINTILLO&quot;","block_context":{"text":"CINTILLO","link":"https:\/\/www.grieta.org.mx\/index.php\/category\/cintillo\/"},"img":{"alt_text":"","src":"https:\/\/i0.wp.com\/www.grieta.org.mx\/wp-content\/uploads\/2021\/05\/Screenshot_2021-05-03-Saludan-en-la-Ciudad-de-Mexico-el-inicio-de-la-travesia-maritima-zapatista-a-Europa.png?resize=350%2C200&ssl=1","width":350,"height":200,"srcset":"https:\/\/i0.wp.com\/www.grieta.org.mx\/wp-content\/uploads\/2021\/05\/Screenshot_2021-05-03-Saludan-en-la-Ciudad-de-Mexico-el-inicio-de-la-travesia-maritima-zapatista-a-Europa.png?resize=350%2C200&ssl=1 1x, https:\/\/i0.wp.com\/www.grieta.org.mx\/wp-content\/uploads\/2021\/05\/Screenshot_2021-05-03-Saludan-en-la-Ciudad-de-Mexico-el-inicio-de-la-travesia-maritima-zapatista-a-Europa.png?resize=525%2C300&ssl=1 1.5x, https:\/\/i0.wp.com\/www.grieta.org.mx\/wp-content\/uploads\/2021\/05\/Screenshot_2021-05-03-Saludan-en-la-Ciudad-de-Mexico-el-inicio-de-la-travesia-maritima-zapatista-a-Europa.png?resize=700%2C400&ssl=1 2x"},"classes":[]}],"_links":{"self":[{"href":"https:\/\/www.grieta.org.mx\/index.php\/wp-json\/wp\/v2\/posts\/60944","targetHints":{"allow":["GET"]}}],"collection":[{"href":"https:\/\/www.grieta.org.mx\/index.php\/wp-json\/wp\/v2\/posts"}],"about":[{"href":"https:\/\/www.grieta.org.mx\/index.php\/wp-json\/wp\/v2\/types\/post"}],"author":[{"embeddable":true,"href":"https:\/\/www.grieta.org.mx\/index.php\/wp-json\/wp\/v2\/users\/2"}],"replies":[{"embeddable":true,"href":"https:\/\/www.grieta.org.mx\/index.php\/wp-json\/wp\/v2\/comments?post=60944"}],"version-history":[{"count":1,"href":"https:\/\/www.grieta.org.mx\/index.php\/wp-json\/wp\/v2\/posts\/60944\/revisions"}],"predecessor-version":[{"id":61072,"href":"https:\/\/www.grieta.org.mx\/index.php\/wp-json\/wp\/v2\/posts\/60944\/revisions\/61072"}],"wp:featuredmedia":[{"embeddable":true,"href":"https:\/\/www.grieta.org.mx\/index.php\/wp-json\/wp\/v2\/media\/60947"}],"wp:attachment":[{"href":"https:\/\/www.grieta.org.mx\/index.php\/wp-json\/wp\/v2\/media?parent=60944"}],"wp:term":[{"taxonomy":"category","embeddable":true,"href":"https:\/\/www.grieta.org.mx\/index.php\/wp-json\/wp\/v2\/categories?post=60944"},{"taxonomy":"post_tag","embeddable":true,"href":"https:\/\/www.grieta.org.mx\/index.php\/wp-json\/wp\/v2\/tags?post=60944"}],"curies":[{"name":"wp","href":"https:\/\/api.w.org\/{rel}","templated":true}]}}