{"id":60941,"date":"2021-08-09T00:34:25","date_gmt":"2021-08-09T05:34:25","guid":{"rendered":"https:\/\/www.grieta.org.mx\/?p=60941"},"modified":"2021-08-09T13:41:13","modified_gmt":"2021-08-09T18:41:13","slug":"mexico-la-permanente-batalla-de-los-yaquis-contra-el-despojo","status":"publish","type":"post","link":"https:\/\/www.grieta.org.mx\/index.php\/2021\/08\/09\/mexico-la-permanente-batalla-de-los-yaquis-contra-el-despojo\/","title":{"rendered":"M\u00e9xico: la permanente batalla de los yaquis contra el despojo"},"content":{"rendered":"<div class=\"ap_single_first\">\n<div class=\"ap_desktop_container\">\n<div class=\"ap_single_first_excerpt ap_mobile_noshow\">Las constantes denuncias de represi\u00f3n, asesinatos y desaparici\u00f3n forzada que padecen los yaquis no encuentran eco entre las autoridades mexicanas, las cuales se limitan a registrar los hechos y abrir carpetas de investigaci\u00f3n con escasos resultados.<\/div>\n<\/div>\n<div class=\"ap_desktop_container\">\n<div class=\"ap_single_credits ap_mobile_noshow\">Archivo Cuartoscuro<\/div>\n<div class=\"ap_single_first_info\">\n<div class=\"ap_single_first_info_author\">Por<strong>Carmen Garc\u00eda Bermejo | Mongabay Latam<\/strong><\/div>\n<div class=\"ap_single_first_info_date\">\u00a08 de agosto, 2021<\/div>\n<\/div>\n<div class=\"ap_single_sharers_head ap_single_sharers\">\n<div class=\"ap_single_sharers_share ap_single_sharers_share_tw\"><\/div>\n<\/div>\n<\/div>\n<\/div>\n<div class=\"ap_desktop_container\">\n<div class=\"ap_single_desktop_cols\">\n<div class=\"ap_single_desktop_col\">\n<div class=\"ap_single_content\">\n<p>Hablar de la\u00a0<strong>tribu yaqui<\/strong>, como ellos se autoidentifican, es abrir un libro que contiene m\u00e1s de 500 a\u00f1os de historia. Si uno revisa entre sus p\u00e1ginas es inevitable toparse con un tema que se ha mantenido como una constante para este pueblo ind\u00edgena de M\u00e9xico: la defensa de su territorio de\u00a0<strong>proyectos de extracci\u00f3n de agua, gas, minerales y maderas preciosas, sumado al asedio del crimen organizado y el despojo de sus tierras.<\/strong><\/p>\n<p>El territorio de los ind\u00edgenas yaquis es singular. Tiene costas, valle, una fracci\u00f3n de la Sierra Madre Occidental y toda la Sierra del Bacatete. Sus tierras son f\u00e9rtiles para la agricultura, poseen un bosque con amplia biodiversidad y playas libres de desarrollos inmobiliarios.<\/p>\n<div id=\"sm-it-main-container-1628534214462\" class=\"sm-it-main-container\" data-it=\"c55f3f45-3071-4fb1-a95a-82d134eeb3d6\" data-device=\"desktop\" data-index=\"0\">\n<div id=\"sm-alternative-1628534214462\" class=\"sm-alternative\" data-device=\"desktop\">En los \u00faltimos 15 a\u00f1os, sin embargo, los yaquis se han visto obligados a librar una batalla contra la construcci\u00f3n del Acueducto Independencia, que aseguran\u00a0 es responsable del desabastecimiento de agua en sus comunidades; a reclamar sus derechos frente la instalaci\u00f3n del Gasoducto Sonora, que se\u00f1alan pone en peligro a los pueblos ind\u00edgenas y a vigilar que las concesiones que se otorgan a empresas mineras no afecte su normal acceso al agua.<\/div>\n<\/div>\n<p>La resistencia para proteger su territorio ha coincidido con una violencia que, en los \u00faltimos meses, ha mostrado su peor rostro:\u00a0<strong>asesinatos, amenazas, encarcelamiento contra l\u00edderes ind\u00edgenas e integrantes de los pueblos y desapariciones forzadas<\/strong>. En las \u00faltimas tres semanas, diez yaquis han desaparecido y sus compa\u00f1eros a\u00fan no logran dar con su paradero.<\/p>\n<h2><b>Pueblo en vilo<\/b><\/h2>\n<p>Los yaquis habitan la regi\u00f3n centro-sur del estado de Sonora (noroeste de M\u00e9xico) y est\u00e1n organizados en ocho pueblos:\u00a0<strong>P\u00f3tam, Hu\u00edrivis, T\u00f3rim, C\u00f3corit, Loma de B\u00e1cum, V\u00edcam, R\u00e1hum y Belem<\/strong>\u00a0que se distribuyen a lo largo de los 500 kil\u00f3metros por donde serpentea el R\u00edo Yaqui, su principal fuente de vida e identidad.<\/p>\n<p>La poblaci\u00f3n ind\u00edgena en el territorio es de poco m\u00e1s de\u00a0<strong>30 mil habitantes<\/strong>. Cada uno de sus ocho pueblos tiene una estructura de gobierno tradicional, guardias comunitarias, sistema de asambleas y un sistema religioso ligado a su cultura.<\/p>\n<p>Sin embargo, desde la conquista espa\u00f1ola, los yaquis se mantienen en resistencia para proteger sus tierras.<\/p>\n<p>El pasado 14 de julio una nueva tragedia los ensombreci\u00f3:\u00a0<strong>siete integrantes de la guardia tradicional de Loma de B\u00e1cum y tres personas m\u00e1s de la comunidad fueron v\u00edctimas de desaparici\u00f3n forzada<\/strong>.<\/p>\n<p>&nbsp;<\/p>\n<p>Los siete guardias hac\u00edan su trabajo de vigilancia por los 49 kil\u00f3metros de camino que hay entre Loma de B\u00e1cum y el rancho El Coyote. Los dem\u00e1s transitaban hacia el rancho Agua Caliente, a 40 minutos de B\u00e1cum, para recoger vacas que llevar\u00edan al pueblo donde se preparaba un festejo tradicional. En ambos casos, nadie los volvi\u00f3 a ver.<\/p>\n<p>\u201cEl origen de esta violencia es la intromisi\u00f3n de las empresas mineras en nuestro territorio. Sabemos que son las que auspician este tipo de delitos para crear psicosis con el fin de que la poblaci\u00f3n abandone sus lugares de origen\u201d, asevera Guadalupe Flores Maldonado, vocero del pueblo yaqui Loma de B\u00e1cum.<\/p>\n<p>En la regi\u00f3n ind\u00edgena hay 25 concesiones otorgadas a empresas mineras de Canad\u00e1, Estados Unidos y M\u00e9xico que est\u00e1n en operaci\u00f3n, de acuerdo con la Cartograf\u00eda Minera de la Secretar\u00eda de Econom\u00eda del gobierno mexicano.<\/p>\n<p>Abogado y asesor de la guardia tradicional, Flores Maldonado es un hombre de 65 a\u00f1os y comenta que la presi\u00f3n que ejercen las empresas mineras para obtener concesiones coincide con el incremento de la violencia en los pueblos, donde aparecen grupos armados que intimidan a la poblaci\u00f3n cometiendo diversos delitos. Por eso considera que el secuestro de sus compa\u00f1eros de Lomas de B\u00e1cum no es com\u00fan porque nadie llama pidiendo su rescate.<\/p>\n<p>&nbsp;<\/p>\n<p>\u201cLa Fiscal\u00eda de Sonora no abre una l\u00ednea de investigaci\u00f3n sobre el actuar de las empresas mineras. Le carga todo al crimen organizado, que tambi\u00e9n nos golpea, pero nosotros queremos que indague esas t\u00e1cticas usadas por las transnacionales contra la poblaci\u00f3n\u201d, precisa Flores Maldonado.<\/p>\n<p>Por su parte, la Fiscal\u00eda de Sonora comenta: \u201cNo podemos dar informaci\u00f3n al respecto para no entorpecer la investigaci\u00f3n\u201d. Aunque tampoco confirma si atienden la petici\u00f3n de los ind\u00edgenas en relaci\u00f3n a su percepci\u00f3n sobre las mineras.<\/p>\n<p>Mongabay Latam solicit\u00f3 entrevistas con la empresa Mexicana del Cobre, filial del Grupo M\u00e9xico, y a la Compa\u00f1\u00eda Minera Dolores que operan dentro del territorio yaqui para conocer su opini\u00f3n sobre los se\u00f1alamientos de los ind\u00edgenas. Pero hasta el momento de la publicaci\u00f3n del reportaje, no respondieron.<\/p>\n<p><strong>Los yaquis secuestrados el 14 de julio en B\u00e1cum son conocidos por su labor de vigilancia y trabajo en el pueblo<\/strong>. Se trata de Benjam\u00edn Portela, de 65 a\u00f1os; Artemio Arballo, de 60 a\u00f1os; Mart\u00edn Hurtado, de 53 a\u00f1os; Gustavo Acosta, de 49 a\u00f1os; Heladio Molina, de 44 a\u00f1os; Braulio P\u00e9rez, de 40 a\u00f1os; Leocadio Galaviz, de 38 a\u00f1os; Fabi\u00e1n Sombra, de 34 a\u00f1os; Juan Justino Galaviz, de 28 a\u00f1os, y Fabi\u00e1n Valencia, de 27 a\u00f1os.<\/p>\n<p>&nbsp;<\/p>\n<p>El pasado 14 de junio, los ind\u00edgenas de este pueblo recibieron una noticia alentadora: el gobierno de M\u00e9xico ha propuesto desviar el trazo original por donde corre el Gasoducto Sonora, que pon\u00eda en riesgo a la poblaci\u00f3n.<\/p>\n<p>Desde 2014, los habitantes de Loma de B\u00e1cum se opusieron a la construcci\u00f3n de esa enorme lengua de cilindros de acero que la empresa IEnova, filial de la transnacional Sempra Energy (Estados Unidos), desplaz\u00f3\u00a0<strong>sobre 90 kil\u00f3metros del territorio yaqui para exportar gas natural.<\/strong><\/p>\n<p>Durante seis a\u00f1os, denunciaron acciones de represi\u00f3n, el encarcelamiento de dirigentes, como Fidencio Aldama, y amenazas constantes por oponerse al gasoducto. Aunque la empresa logr\u00f3 colocar los cilindros, los ind\u00edgenas frenaron su operaci\u00f3n cuando un juez les otorg\u00f3 un amparo en 2017.<\/p>\n<p>Ese largo litigio est\u00e1 a punto de llegar a su fin, luego de que el gobierno expres\u00f3, el 14 de junio, la intenci\u00f3n de desviar la ruta del gasoducto.<\/p>\n<h2><b>Desapariciones<\/b><\/h2>\n<p>Lo que nunca imaginaron fue que, justo un mes despu\u00e9s de ese anuncio, una decena de yaquis ser\u00edan reportados como desaparecidos.<\/p>\n<blockquote class=\"wp-embedded-content\" data-secret=\"KfiDn8LPRx\"><p><a href=\"https:\/\/www.animalpolitico.com\/2021\/08\/mexico-la-permanente-batalla-de-los-yaquis-contra-el-despojo\/\">M\u00e9xico: la permanente batalla de los yaquis contra el despojo<\/a><\/p><\/blockquote>\n<p><iframe loading=\"lazy\" class=\"wp-embedded-content\" sandbox=\"allow-scripts\" security=\"restricted\" style=\"position: absolute; clip: rect(1px, 1px, 1px, 1px);\" title=\"&#8220;M\u00e9xico: la permanente batalla de los yaquis contra el despojo&#8221; &#8212; Animal Pol\u00edtico\" src=\"https:\/\/www.animalpolitico.com\/2021\/08\/mexico-la-permanente-batalla-de-los-yaquis-contra-el-despojo\/embed\/#?secret=KfiDn8LPRx\" data-secret=\"KfiDn8LPRx\" width=\"600\" height=\"338\" frameborder=\"0\" marginwidth=\"0\" marginheight=\"0\" scrolling=\"no\"><\/iframe><\/p>\n<\/div>\n<\/div>\n<\/div>\n<\/div>\n","protected":false},"excerpt":{"rendered":"<p>Las constantes denuncias de represi\u00f3n, asesinatos y desaparici\u00f3n forzada que padecen los yaquis no encuentran eco entre las autoridades mexicanas, las cuales se limitan a registrar los hechos y abrir &hellip; <a href=\"https:\/\/www.grieta.org.mx\/index.php\/2021\/08\/09\/mexico-la-permanente-batalla-de-los-yaquis-contra-el-despojo\/\" class=\"more-link\">Leer m\u00e1s<\/a><\/p>\n","protected":false},"author":2,"featured_media":60942,"comment_status":"closed","ping_status":"closed","sticky":false,"template":"","format":"standard","meta":{"ngg_post_thumbnail":0,"_jetpack_newsletter_access":"","_jetpack_dont_email_post_to_subs":false,"_jetpack_newsletter_tier_id":0,"_jetpack_memberships_contains_paywalled_content":false,"_jetpack_memberships_contains_paid_content":false,"footnotes":""},"categories":[1463,1405,1406,2,31],"tags":[184,2465,1917,462],"class_list":["post-60941","post","type-post","status-publish","format-standard","has-post-thumbnail","hentry","category-desaparecidos-en-sonora","category-lucha-y-resistencia-de-los-pueblos-originarios-en-sonora","category-lucha-y-resistencia-del-pueblo-yaqui","category-noticias-nacionales","category-sonora","tag-despojo","tag-despojo-de-territorios-indigenas","tag-represion-contra-el-pueblo-yaqui","tag-tribu-yaqui","entry"],"jetpack_featured_media_url":"https:\/\/www.grieta.org.mx\/wp-content\/uploads\/2021\/08\/cuartoscuro_771020_digital.jpeg","jetpack_sharing_enabled":true,"jetpack_shortlink":"https:\/\/wp.me\/p7ZJR4-fQV","jetpack_likes_enabled":false,"jetpack-related-posts":[{"id":9051,"url":"https:\/\/www.grieta.org.mx\/index.php\/2016\/08\/24\/lucha-y-resistencia-de-la-tribu-yaqui\/","url_meta":{"origin":60941,"position":0},"title":"Lucha y resistencia de la tribu yaqui","author":"Admin","date":"24 agosto, 2016","format":false,"excerpt":"IEnova despoja tierras de la reserva ind\u00edgena yaqui para construcci\u00f3n de Gasoducto Sonora 24\/08\/16. Gasoducto divide a los yaquis El Universal Lucha de la tribu Yaqui en defensa del agua y contra el Acueducto Independencia 22\/02\/16. Contin\u00faa la lucha del agua de la Tribu Yaqui Contral\u00ednea 07\/12\/15. Liberan yaquis carretera\u2026","rel":"","context":"En &quot;21. Yaquis&quot;","block_context":{"text":"21. Yaquis","link":"https:\/\/www.grieta.org.mx\/index.php\/category\/espejos-de-la-resistencia\/21-yaquis\/"},"img":{"alt_text":"","src":"https:\/\/i0.wp.com\/www.grieta.org.mx\/wp-content\/uploads\/2018\/03\/14524434_1106112876131411_958039263622046936_o.jpg?resize=350%2C200&ssl=1","width":350,"height":200,"srcset":"https:\/\/i0.wp.com\/www.grieta.org.mx\/wp-content\/uploads\/2018\/03\/14524434_1106112876131411_958039263622046936_o.jpg?resize=350%2C200&ssl=1 1x, https:\/\/i0.wp.com\/www.grieta.org.mx\/wp-content\/uploads\/2018\/03\/14524434_1106112876131411_958039263622046936_o.jpg?resize=525%2C300&ssl=1 1.5x, https:\/\/i0.wp.com\/www.grieta.org.mx\/wp-content\/uploads\/2018\/03\/14524434_1106112876131411_958039263622046936_o.jpg?resize=700%2C400&ssl=1 2x"},"classes":[]},{"id":62060,"url":"https:\/\/www.grieta.org.mx\/index.php\/2021\/09\/29\/en-manifestacion-niegan-dialogo-con-amlo-a-familiares-de-yaquis-desaparecidos-sonora\/","url_meta":{"origin":60941,"position":1},"title":"En manifestaci\u00f3n, niegan di\u00e1logo con AMLO a familiares de yaquis desaparecidos (Sonora)","author":"grieta","date":"29 septiembre, 2021","format":false,"excerpt":"Proyecto Puente\/Juan Pedro Maytorena \u00a0 Hermosillo, Sonora.- \u00a0 Familiares, amigos y compa\u00f1eros de los 10 yaquis desaparecidos el pasado 14 de julio, se manifestaron pac\u00edficamente este martes en el evento de presentaci\u00f3n del Plan de Justicia para la tribu presidido por Andr\u00e9s Manuel L\u00f3pez Obrador. Portando lonas y estandartes con\u2026","rel":"","context":"En &quot;Desaparecidos en Sonora&quot;","block_context":{"text":"Desaparecidos en Sonora","link":"https:\/\/www.grieta.org.mx\/index.php\/category\/noticias-nacionales\/sonora\/desaparecidos-en-sonora\/"},"img":{"alt_text":"","src":"https:\/\/i0.wp.com\/www.grieta.org.mx\/wp-content\/uploads\/2021\/09\/desaparicion-indigenas-yaquis-sonora.jpg?resize=350%2C200&ssl=1","width":350,"height":200,"srcset":"https:\/\/i0.wp.com\/www.grieta.org.mx\/wp-content\/uploads\/2021\/09\/desaparicion-indigenas-yaquis-sonora.jpg?resize=350%2C200&ssl=1 1x, https:\/\/i0.wp.com\/www.grieta.org.mx\/wp-content\/uploads\/2021\/09\/desaparicion-indigenas-yaquis-sonora.jpg?resize=525%2C300&ssl=1 1.5x, https:\/\/i0.wp.com\/www.grieta.org.mx\/wp-content\/uploads\/2021\/09\/desaparicion-indigenas-yaquis-sonora.jpg?resize=700%2C400&ssl=1 2x"},"classes":[]},{"id":9272,"url":"https:\/\/www.grieta.org.mx\/index.php\/2015\/05\/17\/baja-california-sur-es-un-hermano-de-la-tribu-yaqui-caravana-nacional-en-defensa-del-territorio-el-trabajo-el-agua-y-la-vida\/","url_meta":{"origin":60941,"position":2},"title":"\u201cBaja California Sur es un hermano de la Tribu Yaqui\u201d: Caravana Nacional en Defensa del Territorio, el Trabajo, el Agua y la Vida","author":"grieta","date":"17 mayo, 2015","format":false,"excerpt":"Radio Zapatista Sudcaliforniano La Caravana Nacional en Defensa del Territorio, el Trabajo, el Agua y la Vida toc\u00f3 tierra suricaliforniana, ayer s\u00e1bado 16 de mayo. El Frente Ciudadano en Defensa del Agua y la Vida que desde hace m\u00e1s de un a\u00f1o se constituy\u00f3 en Baja California Sur para fortalecer\u2026","rel":"","context":"En &quot;CINTILLO&quot;","block_context":{"text":"CINTILLO","link":"https:\/\/www.grieta.org.mx\/index.php\/category\/cintillo\/"},"img":{"alt_text":"","src":"https:\/\/i0.wp.com\/www.grieta.org.mx\/wp-content\/uploads\/2018\/03\/14524434_1106112876131411_958039263622046936_o.jpg?resize=350%2C200&ssl=1","width":350,"height":200,"srcset":"https:\/\/i0.wp.com\/www.grieta.org.mx\/wp-content\/uploads\/2018\/03\/14524434_1106112876131411_958039263622046936_o.jpg?resize=350%2C200&ssl=1 1x, https:\/\/i0.wp.com\/www.grieta.org.mx\/wp-content\/uploads\/2018\/03\/14524434_1106112876131411_958039263622046936_o.jpg?resize=525%2C300&ssl=1 1.5x, https:\/\/i0.wp.com\/www.grieta.org.mx\/wp-content\/uploads\/2018\/03\/14524434_1106112876131411_958039263622046936_o.jpg?resize=700%2C400&ssl=1 2x"},"classes":[]},{"id":66268,"url":"https:\/\/www.grieta.org.mx\/index.php\/2023\/02\/14\/asedio-sobre-la-tribu-yaqui\/","url_meta":{"origin":60941,"position":3},"title":"Asedio sobre la tribu yaqui","author":"grieta","date":"14 febrero, 2023","format":false,"excerpt":"\u00a0 Aristegui Noticias\/Por Alberto Vizcarra Ozuna El pueblo yaqui ha sufrido de asedio de las autoridades durante la \u00faltima d\u00e9cada para que se rinda y renuncie a la defensa jur\u00eddica de las aguas del R\u00edo Yaqui y en contra del Acueducto Independencia, ahora se suma el atemorizante de una desbocada\u2026","rel":"","context":"En &quot;Lucha y resistencia de los pueblos originarios en Sonora&quot;","block_context":{"text":"Lucha y resistencia de los pueblos originarios en Sonora","link":"https:\/\/www.grieta.org.mx\/index.php\/category\/noticias-nacionales\/sonora\/lucha-y-resistencia-de-los-pueblos-originarios-en-sonora\/"},"img":{"alt_text":"","src":"https:\/\/i0.wp.com\/www.grieta.org.mx\/wp-content\/uploads\/2023\/02\/Captura-de-pantalla-2020-10-13-a-las-19.30.21.png?resize=350%2C200&ssl=1","width":350,"height":200,"srcset":"https:\/\/i0.wp.com\/www.grieta.org.mx\/wp-content\/uploads\/2023\/02\/Captura-de-pantalla-2020-10-13-a-las-19.30.21.png?resize=350%2C200&ssl=1 1x, https:\/\/i0.wp.com\/www.grieta.org.mx\/wp-content\/uploads\/2023\/02\/Captura-de-pantalla-2020-10-13-a-las-19.30.21.png?resize=525%2C300&ssl=1 1.5x, https:\/\/i0.wp.com\/www.grieta.org.mx\/wp-content\/uploads\/2023\/02\/Captura-de-pantalla-2020-10-13-a-las-19.30.21.png?resize=700%2C400&ssl=1 2x"},"classes":[]},{"id":61662,"url":"https:\/\/www.grieta.org.mx\/index.php\/2021\/09\/12\/mujeres-yaquis-de-loma-de-bacum-marcharan-por-familiares-desaparecidos-no-hay-noticias-de-su-paradero-sonora\/","url_meta":{"origin":60941,"position":4},"title":"Mujeres yaquis de Loma de B\u00e1cum marchar\u00e1n por familiares desaparecidos; no hay noticias de su paradero (Sonora)","author":"grieta","date":"12 septiembre, 2021","format":false,"excerpt":"Loma de B\u00e1cum, Sonora.- Las mujeres yaquis de Loma de B\u00e1cum marchar\u00e1n este lunes para exigir la presentaci\u00f3n con vida de sus siete familiares desaparecidos y otros tres hombres cercanos a la etnia que fueron privados de la libertad hace dos meses. Madres, esposas, hermanas, primas y familiares de los\u2026","rel":"","context":"En &quot;Desaparecidos en Sonora&quot;","block_context":{"text":"Desaparecidos en Sonora","link":"https:\/\/www.grieta.org.mx\/index.php\/category\/noticias-nacionales\/sonora\/desaparecidos-en-sonora\/"},"img":{"alt_text":"","src":"https:\/\/i0.wp.com\/www.grieta.org.mx\/wp-content\/uploads\/2021\/09\/E_HzaL_XMAI2VSd.jpg?resize=350%2C200&ssl=1","width":350,"height":200,"srcset":"https:\/\/i0.wp.com\/www.grieta.org.mx\/wp-content\/uploads\/2021\/09\/E_HzaL_XMAI2VSd.jpg?resize=350%2C200&ssl=1 1x, https:\/\/i0.wp.com\/www.grieta.org.mx\/wp-content\/uploads\/2021\/09\/E_HzaL_XMAI2VSd.jpg?resize=525%2C300&ssl=1 1.5x"},"classes":[]},{"id":28122,"url":"https:\/\/www.grieta.org.mx\/index.php\/2015\/08\/31\/yaquis-los-combatientes-de-la-primera-guerra-del-agua-en-mexico-sonora\/","url_meta":{"origin":60941,"position":5},"title":"Yaquis: los combatientes de la primera guerra del agua en M\u00e9xico (Sonora)","author":"grieta","date":"31 agosto, 2015","format":false,"excerpt":"Desde hace cientos de a\u00f1os los yaquis han vivido en rebeld\u00eda. Pero ahora enfrentan la lucha decisiva por su sobrevivencia: defender sus reservas de agua de un pol\u00e9mico acueducto. BBC MUNDO A lo largo de su historia, el pueblo Yaqui \u2013asentado en el estado de Sonora, en el noreste de\u2026","rel":"","context":"En &quot;21. Yaquis&quot;","block_context":{"text":"21. Yaquis","link":"https:\/\/www.grieta.org.mx\/index.php\/category\/espejos-de-la-resistencia\/21-yaquis\/"},"img":{"alt_text":"","src":"https:\/\/i0.wp.com\/www.grieta.org.mx\/wp-content\/uploads\/2019\/01\/yaquis_624x351_getty_nocredit-960x500.jpg?resize=350%2C200&ssl=1","width":350,"height":200,"srcset":"https:\/\/i0.wp.com\/www.grieta.org.mx\/wp-content\/uploads\/2019\/01\/yaquis_624x351_getty_nocredit-960x500.jpg?resize=350%2C200&ssl=1 1x, https:\/\/i0.wp.com\/www.grieta.org.mx\/wp-content\/uploads\/2019\/01\/yaquis_624x351_getty_nocredit-960x500.jpg?resize=525%2C300&ssl=1 1.5x, https:\/\/i0.wp.com\/www.grieta.org.mx\/wp-content\/uploads\/2019\/01\/yaquis_624x351_getty_nocredit-960x500.jpg?resize=700%2C400&ssl=1 2x"},"classes":[]}],"_links":{"self":[{"href":"https:\/\/www.grieta.org.mx\/index.php\/wp-json\/wp\/v2\/posts\/60941","targetHints":{"allow":["GET"]}}],"collection":[{"href":"https:\/\/www.grieta.org.mx\/index.php\/wp-json\/wp\/v2\/posts"}],"about":[{"href":"https:\/\/www.grieta.org.mx\/index.php\/wp-json\/wp\/v2\/types\/post"}],"author":[{"embeddable":true,"href":"https:\/\/www.grieta.org.mx\/index.php\/wp-json\/wp\/v2\/users\/2"}],"replies":[{"embeddable":true,"href":"https:\/\/www.grieta.org.mx\/index.php\/wp-json\/wp\/v2\/comments?post=60941"}],"version-history":[{"count":1,"href":"https:\/\/www.grieta.org.mx\/index.php\/wp-json\/wp\/v2\/posts\/60941\/revisions"}],"predecessor-version":[{"id":60943,"href":"https:\/\/www.grieta.org.mx\/index.php\/wp-json\/wp\/v2\/posts\/60941\/revisions\/60943"}],"wp:featuredmedia":[{"embeddable":true,"href":"https:\/\/www.grieta.org.mx\/index.php\/wp-json\/wp\/v2\/media\/60942"}],"wp:attachment":[{"href":"https:\/\/www.grieta.org.mx\/index.php\/wp-json\/wp\/v2\/media?parent=60941"}],"wp:term":[{"taxonomy":"category","embeddable":true,"href":"https:\/\/www.grieta.org.mx\/index.php\/wp-json\/wp\/v2\/categories?post=60941"},{"taxonomy":"post_tag","embeddable":true,"href":"https:\/\/www.grieta.org.mx\/index.php\/wp-json\/wp\/v2\/tags?post=60941"}],"curies":[{"name":"wp","href":"https:\/\/api.w.org\/{rel}","templated":true}]}}