{"id":60938,"date":"2021-08-07T13:30:16","date_gmt":"2021-08-07T18:30:16","guid":{"rendered":"https:\/\/www.grieta.org.mx\/?p=60938"},"modified":"2021-08-09T13:33:50","modified_gmt":"2021-08-09T18:33:50","slug":"hallan-sin-vida-a-alondra-y-a-karina-reportadas-como-desaparecidas-en-sinaloa","status":"publish","type":"post","link":"https:\/\/www.grieta.org.mx\/index.php\/2021\/08\/07\/hallan-sin-vida-a-alondra-y-a-karina-reportadas-como-desaparecidas-en-sinaloa\/","title":{"rendered":"Hallan sin vida a Alondra y a Karina, reportadas como desaparecidas en Sinaloa"},"content":{"rendered":"<p>Las j\u00f3venes, de 16 y 26 a\u00f1os, desaparecieron el 2 de agosto al salir de su domicilio en el poblado de Talayote, en la sindicatura de Las Tapias, Culiac\u00e1n.<\/p>\n<p><img decoding=\"async\" src=\"https:\/\/www.animalpolitico.com\/wp-content\/uploads\/2021\/08\/Sinaloa-desaparecidas-alondra-karina.jpg\" \/><\/p>\n<p>La adolescente de 16 a\u00f1os y la joven de 26 a\u00f1os que fueron reportadas como desaparecidas en la zona conocida como\u00a0<strong>Talayote<\/strong>, en la sindicatura de Las Tapias,\u00a0<strong>Culiac\u00e1n, Sinaloa<\/strong>, fueron localizadas sin vida;\u00a0sus familiares las identificaron\u00a0como Evelin Alondra \u201cN\u201d y Karina \u201cN\u201d.<\/p>\n<p>El\u00a0<em>portal L\u00ednea Directa<\/em>, inform\u00f3 que los cuerpos de ambas mujeres, en estado de descomposici\u00f3n, fueron descubiertos la tarde del mi\u00e9rcoles y presentaban signos de golpes contusos en diversas partes del cuerpo.<\/p>\n<p>Se\u00f1al\u00f3 que tras informarse la desaparici\u00f3n, familiares y amigos emprendieron la b\u00fasqueda de ambas j\u00f3venes, que los llev\u00f3 a encontrar primero una motocicleta en la que viajaban y, 200 metros adelante, dentro de un arroyo, localizaron los cuerpos.<\/p>\n<p>Ser\u00e1n las autoridades correspondientes las que se encargar\u00e1n de determinar las causas de la muerte de las mujeres.<\/p>\n<p>El 3 de agosto, la Fiscal\u00eda de Sinaloa emiti\u00f3 una\u00a0<strong>Alerta Amber<\/strong>\u00a0por la desaparici\u00f3n de Evelin Alondra, de 16 a\u00f1os, quien desapareci\u00f3 el 2 de agosto, a las 11:00 horas, al salir de su domicilio ubicado en el poblado de Talayote, en la sindicatura de Las Tapias, Culiac\u00e1n.<\/p>\n<p>En el caso de Karina \u201cN\u201d, de 26 a\u00f1os, se activ\u00f3 el protocolo Alba, luego de que desapareci\u00f3 el 2 de agosto, al salir de su domicilio, en la misma comunidad El Talayote.<\/p>\n<p>De acuerdo con datos presentados por la secretaria de Seguridad y Protecci\u00f3n Ciudadana, Rosa Icela Rodr\u00edguez, el pasado 21 de julio, Culiac\u00e1n se encuentra entre los\u00a0municipios con mayor incidencia de homicidios dolosos<\/p>\n<p><a href=\"https:\/\/www.animalpolitico.com\/2021\/08\/hallan-sin-vida-alondra-karina-reportadas-como-desaparecidas-en-sinaloa\/\">https:\/\/www.animalpolitico.com\/2021\/08\/hallan-sin-vida-alondra-karina-reportadas-como-desaparecidas-en-sinaloa\/<\/a><\/p>\n","protected":false},"excerpt":{"rendered":"<p>Las j\u00f3venes, de 16 y 26 a\u00f1os, desaparecieron el 2 de agosto al salir de su domicilio en el poblado de Talayote, en la sindicatura de Las Tapias, Culiac\u00e1n. La &hellip; <a href=\"https:\/\/www.grieta.org.mx\/index.php\/2021\/08\/07\/hallan-sin-vida-a-alondra-y-a-karina-reportadas-como-desaparecidas-en-sinaloa\/\" class=\"more-link\">Leer m\u00e1s<\/a><\/p>\n","protected":false},"author":2,"featured_media":60939,"comment_status":"closed","ping_status":"closed","sticky":false,"template":"","format":"standard","meta":{"ngg_post_thumbnail":0,"_jetpack_newsletter_access":"","_jetpack_dont_email_post_to_subs":false,"_jetpack_newsletter_tier_id":0,"_jetpack_memberships_contains_paywalled_content":false,"_jetpack_memberships_contains_paid_content":false,"footnotes":""},"categories":[1132,30,83],"tags":[3225,2959,2999,81],"class_list":["post-60938","post","type-post","status-publish","format-standard","has-post-thumbnail","hentry","category-feminicidios-en-sinaloa","category-sinaloa","category-temas-nacionales","tag-aumento-de-la-violencia-contra-las-mujeres","tag-estadisticas-de-feminicidio","tag-feminicidio-violencia-contra-las-mujeres","tag-feminicidios","entry"],"jetpack_featured_media_url":"https:\/\/www.grieta.org.mx\/wp-content\/uploads\/2021\/08\/Sinaloa-desaparecidas-alondra-karina.jpg","jetpack_sharing_enabled":true,"jetpack_shortlink":"https:\/\/wp.me\/p7ZJR4-fQS","jetpack_likes_enabled":false,"jetpack-related-posts":[{"id":61909,"url":"https:\/\/www.grieta.org.mx\/index.php\/2021\/09\/20\/el-ya-basta-de-las-mujeres-sinaloenses\/","url_meta":{"origin":60938,"position":0},"title":"El \u00a1ya basta! de las mujeres sinaloenses","author":"grieta","date":"20 septiembre, 2021","format":false,"excerpt":"Rio Doce\/Nelda Ortega El cuerpo sin vida de Karen \u201cN\u201d, de apenas 16 a\u00f1os de edad, fue encontrado el jueves 3 de septiembre, cerca del Pante\u00f3n de La Lima, a unos metros de Ciudad Universitaria en Culiac\u00e1n, y la reacci\u00f3n de las mujeres activistas no se hizo esperar. Como reguero\u2026","rel":"","context":"En &quot;Desaparecidos en Sinaloa&quot;","block_context":{"text":"Desaparecidos en Sinaloa","link":"https:\/\/www.grieta.org.mx\/index.php\/category\/noticias-nacionales\/sinaloa\/desaparecidos-en-sinaloa\/"},"img":{"alt_text":"","src":"https:\/\/i0.wp.com\/www.grieta.org.mx\/wp-content\/uploads\/2021\/09\/mujeres-asesinadas-pd3zwx74g3jdpme9t9qfvfhpa9ficconhpo0v246mg.jpg?resize=350%2C200&ssl=1","width":350,"height":200,"srcset":"https:\/\/i0.wp.com\/www.grieta.org.mx\/wp-content\/uploads\/2021\/09\/mujeres-asesinadas-pd3zwx74g3jdpme9t9qfvfhpa9ficconhpo0v246mg.jpg?resize=350%2C200&ssl=1 1x, https:\/\/i0.wp.com\/www.grieta.org.mx\/wp-content\/uploads\/2021\/09\/mujeres-asesinadas-pd3zwx74g3jdpme9t9qfvfhpa9ficconhpo0v246mg.jpg?resize=525%2C300&ssl=1 1.5x, https:\/\/i0.wp.com\/www.grieta.org.mx\/wp-content\/uploads\/2021\/09\/mujeres-asesinadas-pd3zwx74g3jdpme9t9qfvfhpa9ficconhpo0v246mg.jpg?resize=700%2C400&ssl=1 2x, https:\/\/i0.wp.com\/www.grieta.org.mx\/wp-content\/uploads\/2021\/09\/mujeres-asesinadas-pd3zwx74g3jdpme9t9qfvfhpa9ficconhpo0v246mg.jpg?resize=1050%2C600&ssl=1 3x"},"classes":[]},{"id":58065,"url":"https:\/\/www.grieta.org.mx\/index.php\/2021\/03\/10\/manifestacion-8m-por-mujeres-victimas-de-feminicidios-en-sinaloa\/","url_meta":{"origin":60938,"position":1},"title":"Manifestaci\u00f3n 8M por mujeres v\u00edctimas de feminicidios en Sinaloa","author":"grieta","date":"10 marzo, 2021","format":false,"excerpt":"DEBATE\/ Mar\u00eda Arredondo Sinaloa.- Este 8 de marzo se manifiestan frente a la Catedral de la ciudad de Culiac\u00e1n, Sinaloa, familiares de mujeres v\u00edctimas de feminicidios acompa\u00f1adas de otras ciudadanas pertenecientes al movimiento feminista. Cada que el sem\u00e1foro de la avenida Obreg\u00f3n pinta su color rojo para los automovilistas, las\u2026","rel":"","context":"En &quot;Feminicidios en Sinaloa&quot;","block_context":{"text":"Feminicidios en Sinaloa","link":"https:\/\/www.grieta.org.mx\/index.php\/category\/noticias-nacionales\/sinaloa\/feminicidios-en-sinaloa\/"},"img":{"alt_text":"","src":"https:\/\/i0.wp.com\/www.grieta.org.mx\/wp-content\/uploads\/2021\/04\/Sinaloa.jpg?resize=350%2C200&ssl=1","width":350,"height":200,"srcset":"https:\/\/i0.wp.com\/www.grieta.org.mx\/wp-content\/uploads\/2021\/04\/Sinaloa.jpg?resize=350%2C200&ssl=1 1x, https:\/\/i0.wp.com\/www.grieta.org.mx\/wp-content\/uploads\/2021\/04\/Sinaloa.jpg?resize=525%2C300&ssl=1 1.5x, https:\/\/i0.wp.com\/www.grieta.org.mx\/wp-content\/uploads\/2021\/04\/Sinaloa.jpg?resize=700%2C400&ssl=1 2x, https:\/\/i0.wp.com\/www.grieta.org.mx\/wp-content\/uploads\/2021\/04\/Sinaloa.jpg?resize=1050%2C600&ssl=1 3x"},"classes":[]},{"id":57174,"url":"https:\/\/www.grieta.org.mx\/index.php\/2021\/02\/22\/cerca-de-800-mujeres-han-sido-asesinadas-en-el-estado-de-sinaloa-en-la-ultima-decada\/","url_meta":{"origin":60938,"position":2},"title":"Cerca de 800 mujeres han sido asesinadas en el estado de Sinaloa en la \u00faltima d\u00e9cada","author":"grieta","date":"22 febrero, 2021","format":false,"excerpt":"Una protesta contra los feminicidios en M\u00e9xico . Foto: J. Ra\u00fal P\u00e9rez Proceso\/EuropaPress La Coordinaci\u00f3n General del Consejo Estatal de Seguridad P\u00fablica de Sinaloa, que preside Ricardo Jenny del Rinc\u00f3n, inform\u00f3 que en la \u00faltima d\u00e9cada han sido asesinadas cerca de 800 mujeres en la entidad, de las cuales al\u2026","rel":"","context":"En &quot;CINTILLO&quot;","block_context":{"text":"CINTILLO","link":"https:\/\/www.grieta.org.mx\/index.php\/category\/cintillo\/"},"img":{"alt_text":"","src":"https:\/\/i0.wp.com\/www.grieta.org.mx\/wp-content\/uploads\/2021\/02\/f800x450-130593_182039_5050.jpg?resize=350%2C200&ssl=1","width":350,"height":200,"srcset":"https:\/\/i0.wp.com\/www.grieta.org.mx\/wp-content\/uploads\/2021\/02\/f800x450-130593_182039_5050.jpg?resize=350%2C200&ssl=1 1x, https:\/\/i0.wp.com\/www.grieta.org.mx\/wp-content\/uploads\/2021\/02\/f800x450-130593_182039_5050.jpg?resize=525%2C300&ssl=1 1.5x, https:\/\/i0.wp.com\/www.grieta.org.mx\/wp-content\/uploads\/2021\/02\/f800x450-130593_182039_5050.jpg?resize=700%2C400&ssl=1 2x"},"classes":[]},{"id":975,"url":"https:\/\/www.grieta.org.mx\/index.php\/2015\/11\/01\/instalan-altar-para-victimas-de-feminicidio-en-sinaloa\/","url_meta":{"origin":60938,"position":3},"title":"Instalan altar para v\u00edctimas de feminicidio en Sinaloa","author":"grieta","date":"1 noviembre, 2015","format":false,"excerpt":"Javier Valdez C\u00e1rdenas, Sinaloa Culiac\u00e1n, Sin. El Colectivo de Mujeres Activas instal\u00f3 en Catedral un altar de muertos en protesta por los feminicidios, que en la entidad suman alrededor de 50 en lo que va del a\u00f1o. En una de las pancartas fue escrita la leyenda Altar en memoria de\u2026","rel":"","context":"En &quot;CINTILLO&quot;","block_context":{"text":"CINTILLO","link":"https:\/\/www.grieta.org.mx\/index.php\/category\/cintillo\/"},"img":{"alt_text":"","src":"https:\/\/i0.wp.com\/www.grieta.org.mx\/wp-content\/uploads\/2018\/03\/14524434_1106112876131411_958039263622046936_o.jpg?resize=350%2C200&ssl=1","width":350,"height":200,"srcset":"https:\/\/i0.wp.com\/www.grieta.org.mx\/wp-content\/uploads\/2018\/03\/14524434_1106112876131411_958039263622046936_o.jpg?resize=350%2C200&ssl=1 1x, https:\/\/i0.wp.com\/www.grieta.org.mx\/wp-content\/uploads\/2018\/03\/14524434_1106112876131411_958039263622046936_o.jpg?resize=525%2C300&ssl=1 1.5x, https:\/\/i0.wp.com\/www.grieta.org.mx\/wp-content\/uploads\/2018\/03\/14524434_1106112876131411_958039263622046936_o.jpg?resize=700%2C400&ssl=1 2x"},"classes":[]},{"id":37935,"url":"https:\/\/www.grieta.org.mx\/index.php\/2019\/08\/16\/preocupa-la-alza-de-los-feminicidios-en-culiacan-sinaloa\/","url_meta":{"origin":60938,"position":4},"title":"Preocupa la alza de los feminicidios en Culiac\u00e1n (Sinaloa)","author":"grieta","date":"16 agosto, 2019","format":false,"excerpt":"Foto: Reuters\/ Archivo Jes\u00fas Verdugo \/ El Sol de Sinaloa Culiac\u00e1n, Sin.\u00a0La integrante del Observatorio Ciudadano Nacional del Feminicidio, Atziri Avila, realiz\u00f3 un llamado a que tanto las autoridades de justicia y la sociedad en general trate los casos de feminicidios como delitos y no como un concepto de moda\u2026","rel":"","context":"En &quot;CINTILLO&quot;","block_context":{"text":"CINTILLO","link":"https:\/\/www.grieta.org.mx\/index.php\/category\/cintillo\/"},"img":{"alt_text":"","src":"https:\/\/i0.wp.com\/www.grieta.org.mx\/wp-content\/uploads\/2019\/08\/5780345ec4618877778b456e.jpg?resize=350%2C200&ssl=1","width":350,"height":200,"srcset":"https:\/\/i0.wp.com\/www.grieta.org.mx\/wp-content\/uploads\/2019\/08\/5780345ec4618877778b456e.jpg?resize=350%2C200&ssl=1 1x, https:\/\/i0.wp.com\/www.grieta.org.mx\/wp-content\/uploads\/2019\/08\/5780345ec4618877778b456e.jpg?resize=525%2C300&ssl=1 1.5x, https:\/\/i0.wp.com\/www.grieta.org.mx\/wp-content\/uploads\/2019\/08\/5780345ec4618877778b456e.jpg?resize=700%2C400&ssl=1 2x"},"classes":[]},{"id":33579,"url":"https:\/\/www.grieta.org.mx\/index.php\/2019\/05\/05\/torturadas-violadas-a-balazos-asi-son-asesinadas-las-mujeres-en-sinaloa\/","url_meta":{"origin":60938,"position":5},"title":"Torturadas, violadas, a balazos, as\u00ed son asesinadas las mujeres en Sinaloa","author":"grieta","date":"5 mayo, 2019","format":false,"excerpt":"En los primeros meses del 2019, en Sinaloa han sido asesinadas al menos 13 mujeres. Redacci\u00f3n \/ El Sol de Sinaloa Culiac\u00e1n, Sin.\u00a0En los primeros cuatro meses de este 2019, en\u00a0Sinaloa\u00a0han sido\u00a0asesinadas\u00a0por lo menos\u00a013 mujeres, de acuerdo a datos\u00a0period\u00edsticos. La cifra podr\u00eda aumentar, ya que algunas\u00a0f\u00e9minas localizadas sin vida, la\u00a0Fiscal\u00eda\u2026","rel":"","context":"En &quot;CINTILLO&quot;","block_context":{"text":"CINTILLO","link":"https:\/\/www.grieta.org.mx\/index.php\/category\/cintillo\/"},"img":{"alt_text":"","src":"https:\/\/i0.wp.com\/www.grieta.org.mx\/wp-content\/uploads\/2019\/05\/f9816f1e-537c-4f85-b51c-69455f9abe53.jpg?resize=350%2C200&ssl=1","width":350,"height":200,"srcset":"https:\/\/i0.wp.com\/www.grieta.org.mx\/wp-content\/uploads\/2019\/05\/f9816f1e-537c-4f85-b51c-69455f9abe53.jpg?resize=350%2C200&ssl=1 1x, https:\/\/i0.wp.com\/www.grieta.org.mx\/wp-content\/uploads\/2019\/05\/f9816f1e-537c-4f85-b51c-69455f9abe53.jpg?resize=525%2C300&ssl=1 1.5x, https:\/\/i0.wp.com\/www.grieta.org.mx\/wp-content\/uploads\/2019\/05\/f9816f1e-537c-4f85-b51c-69455f9abe53.jpg?resize=700%2C400&ssl=1 2x"},"classes":[]}],"_links":{"self":[{"href":"https:\/\/www.grieta.org.mx\/index.php\/wp-json\/wp\/v2\/posts\/60938","targetHints":{"allow":["GET"]}}],"collection":[{"href":"https:\/\/www.grieta.org.mx\/index.php\/wp-json\/wp\/v2\/posts"}],"about":[{"href":"https:\/\/www.grieta.org.mx\/index.php\/wp-json\/wp\/v2\/types\/post"}],"author":[{"embeddable":true,"href":"https:\/\/www.grieta.org.mx\/index.php\/wp-json\/wp\/v2\/users\/2"}],"replies":[{"embeddable":true,"href":"https:\/\/www.grieta.org.mx\/index.php\/wp-json\/wp\/v2\/comments?post=60938"}],"version-history":[{"count":1,"href":"https:\/\/www.grieta.org.mx\/index.php\/wp-json\/wp\/v2\/posts\/60938\/revisions"}],"predecessor-version":[{"id":60940,"href":"https:\/\/www.grieta.org.mx\/index.php\/wp-json\/wp\/v2\/posts\/60938\/revisions\/60940"}],"wp:featuredmedia":[{"embeddable":true,"href":"https:\/\/www.grieta.org.mx\/index.php\/wp-json\/wp\/v2\/media\/60939"}],"wp:attachment":[{"href":"https:\/\/www.grieta.org.mx\/index.php\/wp-json\/wp\/v2\/media?parent=60938"}],"wp:term":[{"taxonomy":"category","embeddable":true,"href":"https:\/\/www.grieta.org.mx\/index.php\/wp-json\/wp\/v2\/categories?post=60938"},{"taxonomy":"post_tag","embeddable":true,"href":"https:\/\/www.grieta.org.mx\/index.php\/wp-json\/wp\/v2\/tags?post=60938"}],"curies":[{"name":"wp","href":"https:\/\/api.w.org\/{rel}","templated":true}]}}