{"id":60931,"date":"2021-08-02T13:14:47","date_gmt":"2021-08-02T18:14:47","guid":{"rendered":"https:\/\/www.grieta.org.mx\/?p=60931"},"modified":"2021-08-09T13:23:04","modified_gmt":"2021-08-09T18:23:04","slug":"desaparecen-ocho-adolescentes-migrantes-en-ciudad-juarez-estaban-en-custodia-del-estado","status":"publish","type":"post","link":"https:\/\/www.grieta.org.mx\/index.php\/2021\/08\/02\/desaparecen-ocho-adolescentes-migrantes-en-ciudad-juarez-estaban-en-custodia-del-estado\/","title":{"rendered":"Desaparecen ocho adolescentes migrantes en Ciudad Ju\u00e1rez, estaban en custodia del Estado"},"content":{"rendered":"<div id=\"post-feat-img\" class=\"left relative\">\n<div class=\"post-feat-text\"><strong><em>La situaci\u00f3n exhibe omisiones en los albergues y en la implementaci\u00f3n de medidas para la seguridad y protecci\u00f3n de ni\u00f1as, ni\u00f1os y adolescentes migrantes no acompa\u00f1ados en la frontera, advierte la Red por la Infancia<\/em><\/strong><\/div>\n<\/div>\n<div id=\"content-area\" class=\"post-23774 post type-post status-publish format-standard has-post-thumbnail hentry category-migracion tag-adolescentes tag-ciudad-juarez tag-desaparecidas tag-migrantes tag-portada\">\n<div class=\"post-cont-out\">\n<div class=\"post-cont-in\">\n<div id=\"content-main\" class=\"left relative\">\n<h4 class=\"has-text-align-center\"><strong>KAREN CANO \/ LA VERDAD<\/strong><\/h4>\n<p>Juana Alicia y Daniela Alejandra tienen 17 a\u00f1os; Yajaira, Juana Macario, Elizabeth y Juana Marleny, 16; Maricela, 15; y Elsa, 14 a\u00f1os. Todas son migrantes no acompa\u00f1adas reportadas como desaparecidas por los albergues donde se encontraban resguardadas y bajo la custodia del Estado en Ciudad Ju\u00e1rez.<\/p>\n<p>Los reportes de ausencia de las ocho adolescentes procedentes de Centroam\u00e9rica se activaron de manera escalonada entre el 17 y el 25 de julio, de acuerdo con datos oficiales.<\/p>\n<p>Las autoridades de Chihuahua las buscan con pesquisas donde reportan que las adolescentes \u201csalieron sin autorizaci\u00f3n\u201d del lugar en el que se encontraban a la espera de ser reunificadas con sus familias en Guatemala, Honduras y Nicaragua, tras su fallido intento de cruzar a Estados Unidos.<\/p>\n<p>\u201cSu tr\u00e1mite ya estaba resuelto, solo estaban en espera de ser trasladadas a sus ciudades de origen, se determin\u00f3 que no corr\u00edan riesgo, se habl\u00f3 con sus familias y eso fue lo que pidieron (\u2026) fueron canalizadas, pero al final del d\u00eda decidieron salir del albergue\u201d, dijo Jos\u00e9 Alfredo Villa S\u00e1nchez, director del Centro de Asistencia Social para la protecci\u00f3n de Ni\u00f1as, Ni\u00f1os y Adolescentes (NNA) en Situaci\u00f3n de Migraci\u00f3n \u201cNohem\u00ed \u00c1lvarez Quillay\u201d.<\/p>\n<p>Ese albergue report\u00f3 la desaparici\u00f3n de Juana Macario Cocinero, de Guatemala, a quien no se localiza desde el pasado 20 de julio. Las otras adolescentes se encontraban en YMCA, de donde Maricela Tol Tzoc, Juana Marleny Ceto Cabo, Elizabeth Cuin Mej\u00eda, Daniela Alejandra Salcido Sierra y Juana Alicia Tol Tzoc desaparecieron el 17 de este mes, mientras que Yajaira del Carmen Dolmos Parrilla y Elsa Mar\u00eda Quino Pol, el d\u00eda 25.<\/p>\n<p>Para Catalina Castillo Casta\u00f1eda, representante de la Red de la Infancia en Ciudad Ju\u00e1rez, esta situaci\u00f3n exhibe una clara omisi\u00f3n del Estado.<\/p>\n<p>Se est\u00e1 violentando el derecho a la protecci\u00f3n de la infancia migrante y se falla en la implementaci\u00f3n de medidas de seguridad, porque son adolescentes sin la protecci\u00f3n que necesitan para su sobrevivencia y seguridad, afirma.<\/p>\n<p>Castillo Casta\u00f1eda advierte que al encontrarse sin supervisi\u00f3n ni cuidado, la preocupaci\u00f3n es que las adolescentes puedan ser f\u00e1cilmente interceptadas por el crimen organizado, para su abuso y explotaci\u00f3n.<\/p>\n<p>\u201cTodas esas problem\u00e1ticas que ya tenemos las ponen a ellas en un mayor riesgo porque, adem\u00e1s, \u00bfQui\u00e9n las va a buscar? \u00bfQui\u00e9n va a solicitar algo por ellas?\u201d, cuestiona.<\/p>\n<p>Comenta que preocupa la vulnerabilidad que enfrentan los ni\u00f1os, ni\u00f1as y adolescentes (NNA) migrantes en los albergues, porque estos lugares tienen un d\u00e9ficit en su capacidad de cuidado y de perspectiva de derechos humanos.<\/p>\n<p>\u201cHay una ausencia del Estado y es una complejidad m\u00e1s de este sistema tan ausente de las pol\u00edticas p\u00fablicas a favor de las ni\u00f1as, ni\u00f1os y adolescentes\u201d, agrega.<\/p>\n<p>Considera que la situaci\u00f3n exhibe tambi\u00e9n que el estado est\u00e1 rebasado ante la cantidad de NNA migrantes no acompa\u00f1ados que arriban a esta frontera con la intenci\u00f3n de cruzar a Estados Unidos.<\/p>\n<p>En estas circunstancias, a\u00f1ade, las necesidades de seguridad y protecci\u00f3n de la infancia migrante son m\u00e1s apremiantes, toda vez de que no cuentan con nadie que les busque o abogue por ellas, por encontrarse en un lugar alejado de sus familias.<\/p>\n<blockquote class=\"wp-embedded-content\" data-secret=\"Myy0B2PVMA\"><p><a href=\"https:\/\/laverdadjuarez.com\/index.php\/2021\/07\/30\/desaparecen-ocho-adolescentes-migrantes-en-ciudad-juarez-estaban-en-custodia-del-estado\/\">Desaparecen ocho adolescentes migrantes en Ciudad Ju\u00e1rez, estaban en custodia del Estado<\/a><\/p><\/blockquote>\n<p><iframe loading=\"lazy\" class=\"wp-embedded-content\" sandbox=\"allow-scripts\" security=\"restricted\" style=\"position: absolute; clip: rect(1px, 1px, 1px, 1px);\" title=\"&#8220;Desaparecen ocho adolescentes migrantes en Ciudad Ju\u00e1rez, estaban en custodia del Estado&#8221; &#8212; La Verdad Ju\u00e1rez\" src=\"https:\/\/laverdadjuarez.com\/index.php\/2021\/07\/30\/desaparecen-ocho-adolescentes-migrantes-en-ciudad-juarez-estaban-en-custodia-del-estado\/embed\/#?secret=Myy0B2PVMA\" data-secret=\"Myy0B2PVMA\" width=\"600\" height=\"338\" frameborder=\"0\" marginwidth=\"0\" marginheight=\"0\" scrolling=\"no\"><\/iframe><\/p>\n<p>&nbsp;<\/p>\n<\/div>\n<\/div>\n<\/div>\n<\/div>\n","protected":false},"excerpt":{"rendered":"<p>La situaci\u00f3n exhibe omisiones en los albergues y en la implementaci\u00f3n de medidas para la seguridad y protecci\u00f3n de ni\u00f1as, ni\u00f1os y adolescentes migrantes no acompa\u00f1ados en la frontera, advierte &hellip; <a href=\"https:\/\/www.grieta.org.mx\/index.php\/2021\/08\/02\/desaparecen-ocho-adolescentes-migrantes-en-ciudad-juarez-estaban-en-custodia-del-estado\/\" class=\"more-link\">Leer m\u00e1s<\/a><\/p>\n","protected":false},"author":2,"featured_media":60932,"comment_status":"closed","ping_status":"closed","sticky":false,"template":"","format":"standard","meta":{"ngg_post_thumbnail":0,"_jetpack_newsletter_access":"","_jetpack_dont_email_post_to_subs":false,"_jetpack_newsletter_tier_id":0,"_jetpack_memberships_contains_paywalled_content":false,"_jetpack_memberships_contains_paid_content":false,"footnotes":""},"categories":[12,2184,1042,1193,2],"tags":[1395,2668,3700,1828],"class_list":["post-60931","post","type-post","status-publish","format-standard","has-post-thumbnail","hentry","category-chihuahua","category-criminalizacion-de-la-pobreza-en-chihuahua","category-desaparecidos-en-chihuahua","category-migrantes-en-chihuahua","category-noticias-nacionales","tag-abuso-contra-migrantes","tag-abusos-contra-mujeres-migrantes","tag-aumento-desaparecidos","tag-busqueda-de-desaparecidos","entry"],"jetpack_featured_media_url":"https:\/\/www.grieta.org.mx\/wp-content\/uploads\/2021\/08\/Pesquisas_Migrantes-desaparecidas-1024x819-1.jpg","jetpack_sharing_enabled":true,"jetpack_shortlink":"https:\/\/wp.me\/p7ZJR4-fQL","jetpack_likes_enabled":false,"jetpack-related-posts":[{"id":35505,"url":"https:\/\/www.grieta.org.mx\/index.php\/2019\/06\/20\/galeria-migrantes-cruzan-el-rio-bravo-desafian-a-la-guardia-nacional-chihuahua\/","url_meta":{"origin":60931,"position":0},"title":"Galer\u00eda: Migrantes cruzan el r\u00edo Bravo, desaf\u00edan a la Guardia Nacional (Chihuahua)","author":"grieta","date":"20 junio, 2019","format":false,"excerpt":"Fotograf\u00edas: Rey R. Jauregui\/ LA VERDAD Ciudad Ju\u00e1rez \u2013 Trepados a la estructura ferroviaria binacional conocida como el puente negro o resistiendo el afluente del r\u00edo Bravo, los migrantes extranjeros contin\u00faan su trayecto hacia Estados Unido por Ciudad Ju\u00e1rez, en un franco desaf\u00edo a la custodia que mantienen elementos militarizados\u2026","rel":"","context":"En &quot;Chihuahua&quot;","block_context":{"text":"Chihuahua","link":"https:\/\/www.grieta.org.mx\/index.php\/category\/noticias-nacionales\/chihuahua\/"},"img":{"alt_text":"","src":"https:\/\/i0.wp.com\/www.grieta.org.mx\/wp-content\/uploads\/2019\/06\/Mujer-y-adolescente-migrate-Rey-R.-Jauregui-1000x600.jpeg?resize=350%2C200&ssl=1","width":350,"height":200,"srcset":"https:\/\/i0.wp.com\/www.grieta.org.mx\/wp-content\/uploads\/2019\/06\/Mujer-y-adolescente-migrate-Rey-R.-Jauregui-1000x600.jpeg?resize=350%2C200&ssl=1 1x, https:\/\/i0.wp.com\/www.grieta.org.mx\/wp-content\/uploads\/2019\/06\/Mujer-y-adolescente-migrate-Rey-R.-Jauregui-1000x600.jpeg?resize=525%2C300&ssl=1 1.5x, https:\/\/i0.wp.com\/www.grieta.org.mx\/wp-content\/uploads\/2019\/06\/Mujer-y-adolescente-migrate-Rey-R.-Jauregui-1000x600.jpeg?resize=700%2C400&ssl=1 2x"},"classes":[]},{"id":62911,"url":"https:\/\/www.grieta.org.mx\/index.php\/2021\/12\/17\/familiares-de-migrantes-desaparecidos-en-chihuahua-exigen-intervencion-federal-en-la-busqueda\/","url_meta":{"origin":60931,"position":1},"title":"Familiares de migrantes desaparecidos en Chihuahua exigen intervenci\u00f3n federal en la b\u00fasqueda","author":"grieta","date":"17 diciembre, 2021","format":false,"excerpt":"En los \u00faltimos seis meses, el desierto de Chihuahua ha sido testigo de la desaparici\u00f3n de al menos 30 personas migrantes; los operativos de b\u00fasqueda estatales no han sido exitosos y solo una vez se ha recurrido a la b\u00fasqueda por helic\u00f3ptero. \u00d3SCAR ROSALES \/ RA\u00cdCHALI Familiares de un grupo\u2026","rel":"","context":"En &quot;Chihuahua&quot;","block_context":{"text":"Chihuahua","link":"https:\/\/www.grieta.org.mx\/index.php\/category\/noticias-nacionales\/chihuahua\/"},"img":{"alt_text":"","src":"https:\/\/i0.wp.com\/www.grieta.org.mx\/wp-content\/uploads\/2021\/12\/Familiares-de-migrantes-desaparecidos-01_Rai%CC%81chali-e1639749541211.jpeg?resize=350%2C200&ssl=1","width":350,"height":200,"srcset":"https:\/\/i0.wp.com\/www.grieta.org.mx\/wp-content\/uploads\/2021\/12\/Familiares-de-migrantes-desaparecidos-01_Rai%CC%81chali-e1639749541211.jpeg?resize=350%2C200&ssl=1 1x, https:\/\/i0.wp.com\/www.grieta.org.mx\/wp-content\/uploads\/2021\/12\/Familiares-de-migrantes-desaparecidos-01_Rai%CC%81chali-e1639749541211.jpeg?resize=525%2C300&ssl=1 1.5x, https:\/\/i0.wp.com\/www.grieta.org.mx\/wp-content\/uploads\/2021\/12\/Familiares-de-migrantes-desaparecidos-01_Rai%CC%81chali-e1639749541211.jpeg?resize=700%2C400&ssl=1 2x, https:\/\/i0.wp.com\/www.grieta.org.mx\/wp-content\/uploads\/2021\/12\/Familiares-de-migrantes-desaparecidos-01_Rai%CC%81chali-e1639749541211.jpeg?resize=1050%2C600&ssl=1 3x"},"classes":[]},{"id":35092,"url":"https:\/\/www.grieta.org.mx\/index.php\/2019\/06\/19\/usan-militares-brazalete-de-guardia-nacional-en-patrullaje-antimigrante-en-ciudad-juarez-chihuahua\/","url_meta":{"origin":60931,"position":2},"title":"Usan militares brazalete de Guardia Nacional en patrullaje antimigrante en Ciudad Ju\u00e1rez (Chihuahua)","author":"grieta","date":"19 junio, 2019","format":false,"excerpt":"Fotos e Informaci\u00f3n: Alejandro S\u00e1nchez\/ LA VERDAD Ciudad Ju\u00e1rez \u2013 Los militares que vigilan el bordo del r\u00edo Bravo, para evitar el paso de migrantes hacia Estado Unidos, portan desde este mi\u00e9rcoles un brazalete negro con las siglas GN (Guardia Nacional) en blanco y un escudo de la nueva agrupaci\u00f3n\u2026","rel":"","context":"En &quot;Chihuahua&quot;","block_context":{"text":"Chihuahua","link":"https:\/\/www.grieta.org.mx\/index.php\/category\/noticias-nacionales\/chihuahua\/"},"img":{"alt_text":"","src":"https:\/\/i0.wp.com\/www.grieta.org.mx\/wp-content\/uploads\/2019\/06\/GN-A.-S%C3%A1nchez.jpg?resize=350%2C200&ssl=1","width":350,"height":200,"srcset":"https:\/\/i0.wp.com\/www.grieta.org.mx\/wp-content\/uploads\/2019\/06\/GN-A.-S%C3%A1nchez.jpg?resize=350%2C200&ssl=1 1x, https:\/\/i0.wp.com\/www.grieta.org.mx\/wp-content\/uploads\/2019\/06\/GN-A.-S%C3%A1nchez.jpg?resize=525%2C300&ssl=1 1.5x, https:\/\/i0.wp.com\/www.grieta.org.mx\/wp-content\/uploads\/2019\/06\/GN-A.-S%C3%A1nchez.jpg?resize=700%2C400&ssl=1 2x"},"classes":[]},{"id":20135,"url":"https:\/\/www.grieta.org.mx\/index.php\/2016\/08\/15\/denuncian-a-retenes-antimigrantes-despojan-a-migrantes-de-sus-pertenencias-en-chihuahua\/","url_meta":{"origin":60931,"position":3},"title":"Denuncian a retenes \u2018antimigrantes\u2019; despojan a migrantes de sus pertenencias en Chihuahua","author":"grieta","date":"15 agosto, 2016","format":false,"excerpt":"El Z\u00f3calo de Saltillo Chihuahua.- El presb\u00edtero Francisco Javier Calvillo de la Casa de Migrante en Ciudad Ju\u00e1rez denunci\u00f3 la instalaci\u00f3n de retenes en el estado de Chihuahua donde los migrantes son asaltados, desconociendo si estos bloqueos son implementados por corporaciones en la entidad chihuahuense. Una cadena televisiva internacional inform\u00f3\u2026","rel":"","context":"En &quot;CINTILLO&quot;","block_context":{"text":"CINTILLO","link":"https:\/\/www.grieta.org.mx\/index.php\/category\/cintillo\/"},"img":{"alt_text":"","src":"https:\/\/i0.wp.com\/www.grieta.org.mx\/wp-content\/uploads\/2018\/03\/14524434_1106112876131411_958039263622046936_o.jpg?resize=350%2C200&ssl=1","width":350,"height":200,"srcset":"https:\/\/i0.wp.com\/www.grieta.org.mx\/wp-content\/uploads\/2018\/03\/14524434_1106112876131411_958039263622046936_o.jpg?resize=350%2C200&ssl=1 1x, https:\/\/i0.wp.com\/www.grieta.org.mx\/wp-content\/uploads\/2018\/03\/14524434_1106112876131411_958039263622046936_o.jpg?resize=525%2C300&ssl=1 1.5x, https:\/\/i0.wp.com\/www.grieta.org.mx\/wp-content\/uploads\/2018\/03\/14524434_1106112876131411_958039263622046936_o.jpg?resize=700%2C400&ssl=1 2x"},"classes":[]},{"id":35519,"url":"https:\/\/www.grieta.org.mx\/index.php\/2019\/06\/27\/galeria-guardia-nacional-extiende-muro-humano-a-zonas-semideserticas-chihuahua\/","url_meta":{"origin":60931,"position":4},"title":"Galer\u00eda: Guardia Nacional extiende \u2018muro humano\u2019 a zonas semides\u00e9rticas (Chihuahua)","author":"grieta","date":"27 junio, 2019","format":false,"excerpt":"Fotograf\u00edas: Rey R. Jauregui\/ LA VERDAD Ciudad Ju\u00e1rez \u2013 La Guardia Nacional (GN) endureci\u00f3 sus acciones para evitar el paso de migrantes hacia Estados Unidos al extender su patrullaje m\u00e1s all\u00e1 del r\u00edo Bravo, colocando vigilancia en la zona fronteriza entre Anapra, Ciudad Ju\u00e1rez y Sunland Park, Nuevo M\u00e9xico. Elementos\u2026","rel":"","context":"En &quot;Chihuahua&quot;","block_context":{"text":"Chihuahua","link":"https:\/\/www.grieta.org.mx\/index.php\/category\/noticias-nacionales\/chihuahua\/"},"img":{"alt_text":"","src":"https:\/\/i0.wp.com\/www.grieta.org.mx\/wp-content\/uploads\/2019\/06\/Militares-en-el-Muro-Rey-R.-Jauregui.jpeg?resize=350%2C200&ssl=1","width":350,"height":200,"srcset":"https:\/\/i0.wp.com\/www.grieta.org.mx\/wp-content\/uploads\/2019\/06\/Militares-en-el-Muro-Rey-R.-Jauregui.jpeg?resize=350%2C200&ssl=1 1x, https:\/\/i0.wp.com\/www.grieta.org.mx\/wp-content\/uploads\/2019\/06\/Militares-en-el-Muro-Rey-R.-Jauregui.jpeg?resize=525%2C300&ssl=1 1.5x, https:\/\/i0.wp.com\/www.grieta.org.mx\/wp-content\/uploads\/2019\/06\/Militares-en-el-Muro-Rey-R.-Jauregui.jpeg?resize=700%2C400&ssl=1 2x, https:\/\/i0.wp.com\/www.grieta.org.mx\/wp-content\/uploads\/2019\/06\/Militares-en-el-Muro-Rey-R.-Jauregui.jpeg?resize=1050%2C600&ssl=1 3x"},"classes":[]},{"id":35319,"url":"https:\/\/www.grieta.org.mx\/index.php\/2019\/06\/22\/a-las-puertas-de-estados-unidos-mexico-persigue-y-detiene-a-migrantes-chihuahua\/","url_meta":{"origin":60931,"position":5},"title":"A las puertas de Estados Unidos, M\u00e9xico persigue y detiene a migrantes (Chihuahua)","author":"grieta","date":"22 junio, 2019","format":false,"excerpt":"Los extranjeros indocumentados que llegan a la frontera por Ciudad Ju\u00e1rez son perseguidos en el bordo del r\u00edo Bravo por militares en la Guardia Nacional, quienes los detienen y entregan a oficiales de Migraci\u00f3n para evitar su paso a territorio estadunidense. Texto y Fotos: Rey R. Jauregui \/ LA VERDAD\/\u2026","rel":"","context":"En &quot;Chihuahua&quot;","block_context":{"text":"Chihuahua","link":"https:\/\/www.grieta.org.mx\/index.php\/category\/noticias-nacionales\/chihuahua\/"},"img":{"alt_text":"","src":"https:\/\/i0.wp.com\/www.grieta.org.mx\/wp-content\/uploads\/2019\/06\/Detenidas.jpeg?resize=350%2C200&ssl=1","width":350,"height":200,"srcset":"https:\/\/i0.wp.com\/www.grieta.org.mx\/wp-content\/uploads\/2019\/06\/Detenidas.jpeg?resize=350%2C200&ssl=1 1x, https:\/\/i0.wp.com\/www.grieta.org.mx\/wp-content\/uploads\/2019\/06\/Detenidas.jpeg?resize=525%2C300&ssl=1 1.5x, https:\/\/i0.wp.com\/www.grieta.org.mx\/wp-content\/uploads\/2019\/06\/Detenidas.jpeg?resize=700%2C400&ssl=1 2x, https:\/\/i0.wp.com\/www.grieta.org.mx\/wp-content\/uploads\/2019\/06\/Detenidas.jpeg?resize=1050%2C600&ssl=1 3x"},"classes":[]}],"_links":{"self":[{"href":"https:\/\/www.grieta.org.mx\/index.php\/wp-json\/wp\/v2\/posts\/60931","targetHints":{"allow":["GET"]}}],"collection":[{"href":"https:\/\/www.grieta.org.mx\/index.php\/wp-json\/wp\/v2\/posts"}],"about":[{"href":"https:\/\/www.grieta.org.mx\/index.php\/wp-json\/wp\/v2\/types\/post"}],"author":[{"embeddable":true,"href":"https:\/\/www.grieta.org.mx\/index.php\/wp-json\/wp\/v2\/users\/2"}],"replies":[{"embeddable":true,"href":"https:\/\/www.grieta.org.mx\/index.php\/wp-json\/wp\/v2\/comments?post=60931"}],"version-history":[{"count":1,"href":"https:\/\/www.grieta.org.mx\/index.php\/wp-json\/wp\/v2\/posts\/60931\/revisions"}],"predecessor-version":[{"id":60933,"href":"https:\/\/www.grieta.org.mx\/index.php\/wp-json\/wp\/v2\/posts\/60931\/revisions\/60933"}],"wp:featuredmedia":[{"embeddable":true,"href":"https:\/\/www.grieta.org.mx\/index.php\/wp-json\/wp\/v2\/media\/60932"}],"wp:attachment":[{"href":"https:\/\/www.grieta.org.mx\/index.php\/wp-json\/wp\/v2\/media?parent=60931"}],"wp:term":[{"taxonomy":"category","embeddable":true,"href":"https:\/\/www.grieta.org.mx\/index.php\/wp-json\/wp\/v2\/categories?post=60931"},{"taxonomy":"post_tag","embeddable":true,"href":"https:\/\/www.grieta.org.mx\/index.php\/wp-json\/wp\/v2\/tags?post=60931"}],"curies":[{"name":"wp","href":"https:\/\/api.w.org\/{rel}","templated":true}]}}