{"id":60911,"date":"2021-08-02T21:49:52","date_gmt":"2021-08-03T02:49:52","guid":{"rendered":"http:\/\/www.grieta.org.mx\/?p=60911"},"modified":"2021-08-05T22:03:06","modified_gmt":"2021-08-06T03:03:06","slug":"autoridad-estatal-se-desentiende-de-la-desaparicion-de-ninas-y-mujeres-denuncian-colectivos-guanajuato","status":"publish","type":"post","link":"https:\/\/www.grieta.org.mx\/index.php\/2021\/08\/02\/autoridad-estatal-se-desentiende-de-la-desaparicion-de-ninas-y-mujeres-denuncian-colectivos-guanajuato\/","title":{"rendered":"Autoridad estatal se desentiende de la desaparici\u00f3n de ni\u00f1as y mujeres, denuncian colectivos (Guanajuato)"},"content":{"rendered":"<blockquote><p>Familiares y activistas, en la desesperanza total ante falta de acciones para b\u00fasqueda y localizaci\u00f3n inmediata de Lizet Carolina, de 13 a\u00f1os, en Irapuato, y de Karen Anah\u00ed, de 15 a\u00f1os, en P\u00e9njamo<\/p><\/blockquote>\n<p><iframe loading=\"lazy\" title=\"YouTube video player\" src=\"https:\/\/www.youtube.com\/embed\/6Ut9SJwnV4U\" width=\"560\" height=\"315\" frameborder=\"0\" allowfullscreen=\"allowfullscreen\"><\/iframe><\/p>\n<p>Texto y fotos: Edith Dom\u00ednguez \/POPLab<\/p>\n<p>\u00bfD\u00f3nde est\u00e1 Lizet Carolina Vargas Cervantes, ni\u00f1a de 13 a\u00f1os que sali\u00f3 de su domicilio en el municipio de Irapuato al medio d\u00eda del pasado 25 de julio?, este domingo cumpli\u00f3 ocho d\u00edas desaparecida, y en respuesta a una protesta, fueron cerradas las puertas de la Presidencia Municipal. \u00bfY d\u00f3nde est\u00e1 Karen Anah\u00ed O\u00f1ate R\u00edos de 15 a\u00f1os de edad, desaparecida el pasado 29 de julio en P\u00e9njamo?, tambi\u00e9n ayer cumpli\u00f3 cuatro d\u00edas desaparecida.<\/p>\n<p>En Guanajuato son un foco rojo las desapariciones de ni\u00f1as, adolescentes y mujeres, denuncian colectivos de familiares de personas desaparecidas. A ello se suma la falta de atenci\u00f3n, con perspectiva de g\u00e9nero, de la Fiscal\u00eda General del Estado en las investigaciones de los casos m\u00e1s recientes que han generado indignaci\u00f3n en Irapuato y P\u00e9njamo.<br \/>\n\u00bfD\u00f3nde est\u00e1 Lizet Carolina Vargas Cervantes?<\/p>\n<p>Desde la banqueta, una mujer vestida de negro levanta las manos y se solidariza con el dolor que sufre la familia de Lizet Carolina Vargas Cervantes, menor desaparecida desde el pasado 25 de julio. A gritos se une a la demanda de los familiares y amigos de Lizet, que al mediod\u00eda del domingo recorrieron las principales calles en Irapuato. Su grito desesperado es para las autoridades municipales y estatales, que les ayuden a buscar a la menor y regrese con vida a su casa.<\/p>\n<figure id=\"attachment_60913\" aria-describedby=\"caption-attachment-60913\" style=\"width: 750px\" class=\"wp-caption alignnone\"><img loading=\"lazy\" decoding=\"async\" data-attachment-id=\"60913\" data-permalink=\"https:\/\/www.grieta.org.mx\/index.php\/2021\/08\/02\/autoridad-estatal-se-desentiende-de-la-desaparicion-de-ninas-y-mujeres-denuncian-colectivos-guanajuato\/menor_irapuato_2\/\" data-orig-file=\"https:\/\/www.grieta.org.mx\/wp-content\/uploads\/2021\/08\/MENOR_IRAPUATO_2.jpg\" data-orig-size=\"1920,1080\" data-comments-opened=\"0\" data-image-meta=\"{&quot;aperture&quot;:&quot;0&quot;,&quot;credit&quot;:&quot;&quot;,&quot;camera&quot;:&quot;&quot;,&quot;caption&quot;:&quot;&quot;,&quot;created_timestamp&quot;:&quot;0&quot;,&quot;copyright&quot;:&quot;&quot;,&quot;focal_length&quot;:&quot;0&quot;,&quot;iso&quot;:&quot;0&quot;,&quot;shutter_speed&quot;:&quot;0&quot;,&quot;title&quot;:&quot;&quot;,&quot;orientation&quot;:&quot;0&quot;}\" data-image-title=\"MENOR_IRAPUATO_2\" data-image-description=\"\" data-image-caption=\"&lt;p&gt;Foto: Edith Dom\u00ednguez&lt;\/p&gt;\n\" data-medium-file=\"https:\/\/www.grieta.org.mx\/wp-content\/uploads\/2021\/08\/MENOR_IRAPUATO_2-300x169.jpg\" data-large-file=\"https:\/\/www.grieta.org.mx\/wp-content\/uploads\/2021\/08\/MENOR_IRAPUATO_2-1024x576.jpg\" class=\"wp-image-60913\" src=\"http:\/\/www.grieta.org.mx\/wp-content\/uploads\/2021\/08\/MENOR_IRAPUATO_2.jpg\" alt=\"\" width=\"750\" height=\"422\" srcset=\"https:\/\/www.grieta.org.mx\/wp-content\/uploads\/2021\/08\/MENOR_IRAPUATO_2.jpg 1920w, https:\/\/www.grieta.org.mx\/wp-content\/uploads\/2021\/08\/MENOR_IRAPUATO_2-300x169.jpg 300w, https:\/\/www.grieta.org.mx\/wp-content\/uploads\/2021\/08\/MENOR_IRAPUATO_2-1024x576.jpg 1024w, https:\/\/www.grieta.org.mx\/wp-content\/uploads\/2021\/08\/MENOR_IRAPUATO_2-768x432.jpg 768w, https:\/\/www.grieta.org.mx\/wp-content\/uploads\/2021\/08\/MENOR_IRAPUATO_2-1536x864.jpg 1536w\" sizes=\"auto, (max-width: 750px) 100vw, 750px\" \/><figcaption id=\"caption-attachment-60913\" class=\"wp-caption-text\">Foto: Edith Dom\u00ednguez<\/figcaption><\/figure>\n<p>La mujer que viste de negro se encuentra con la t\u00eda de Lizet, se abrazan, m\u00e1s que abrazar un cuerpo, la mujer se une al dolor de una familia que llora por la ausencia de una hija; abrazadas caminan y marchan hasta llegar a las puertas de la presidencia municipal de Irapuato.<\/p>\n<p>Desde las escalinatas de la puerta principal de la presidencia municipal -como testigos los ciudadanos que se encontraban en esos momentos en el jard\u00edn principal- la mujer grita desde el fondo de su coraz\u00f3n, mientras se llevaba las manos a los lados de la boca: \u201c\u00a1No es la primera, por favor, ya es justo y necesario que escuchen las voces de madres dolidas, no m\u00e1s perdidos, no m\u00e1s muertes, no m\u00e1s desaparecidos, Ricardo Ortiz t\u00fa tambi\u00e9n eres padre!\u201d. De momentos se sostiene del hombro de la t\u00eda de Liz.<\/p>\n<p>Esta no dej\u00f3 de gritar para pedir ayuda a la ciudadan\u00eda en general y a las autoridades, empu\u00f1aba la mano derecha y gritaba fuerte: \u201c\u00a1Necesitamos el apoyo de todos los irapuatenses, ay\u00fadennos por favor a encontrar a esta ni\u00f1a de 13 a\u00f1os!, Ricardo Ortiz, \u00bfd\u00f3nde est\u00e1 tu poder? \u00a1Ay\u00fadanos, estamos desesperados sus padres, sus familiares est\u00e1n deshechos, ya tiene m\u00e1s de ocho d\u00edas este desmadre, ay\u00fadanos!\u201d.<\/p>\n<figure id=\"attachment_60914\" aria-describedby=\"caption-attachment-60914\" style=\"width: 750px\" class=\"wp-caption alignnone\"><img loading=\"lazy\" decoding=\"async\" data-attachment-id=\"60914\" data-permalink=\"https:\/\/www.grieta.org.mx\/index.php\/2021\/08\/02\/autoridad-estatal-se-desentiende-de-la-desaparicion-de-ninas-y-mujeres-denuncian-colectivos-guanajuato\/menor_irapuato_6\/\" data-orig-file=\"https:\/\/www.grieta.org.mx\/wp-content\/uploads\/2021\/08\/MENOR_IRAPUATO_6.jpg\" data-orig-size=\"1920,1080\" data-comments-opened=\"0\" data-image-meta=\"{&quot;aperture&quot;:&quot;0&quot;,&quot;credit&quot;:&quot;&quot;,&quot;camera&quot;:&quot;&quot;,&quot;caption&quot;:&quot;&quot;,&quot;created_timestamp&quot;:&quot;0&quot;,&quot;copyright&quot;:&quot;&quot;,&quot;focal_length&quot;:&quot;0&quot;,&quot;iso&quot;:&quot;0&quot;,&quot;shutter_speed&quot;:&quot;0&quot;,&quot;title&quot;:&quot;&quot;,&quot;orientation&quot;:&quot;0&quot;}\" data-image-title=\"MENOR_IRAPUATO_6\" data-image-description=\"\" data-image-caption=\"&lt;p&gt;Foto: Edith Dom\u00ednguez&lt;\/p&gt;\n\" data-medium-file=\"https:\/\/www.grieta.org.mx\/wp-content\/uploads\/2021\/08\/MENOR_IRAPUATO_6-300x169.jpg\" data-large-file=\"https:\/\/www.grieta.org.mx\/wp-content\/uploads\/2021\/08\/MENOR_IRAPUATO_6-1024x576.jpg\" class=\"wp-image-60914\" src=\"http:\/\/www.grieta.org.mx\/wp-content\/uploads\/2021\/08\/MENOR_IRAPUATO_6.jpg\" alt=\"\" width=\"750\" height=\"422\" srcset=\"https:\/\/www.grieta.org.mx\/wp-content\/uploads\/2021\/08\/MENOR_IRAPUATO_6.jpg 1920w, https:\/\/www.grieta.org.mx\/wp-content\/uploads\/2021\/08\/MENOR_IRAPUATO_6-300x169.jpg 300w, https:\/\/www.grieta.org.mx\/wp-content\/uploads\/2021\/08\/MENOR_IRAPUATO_6-1024x576.jpg 1024w, https:\/\/www.grieta.org.mx\/wp-content\/uploads\/2021\/08\/MENOR_IRAPUATO_6-768x432.jpg 768w, https:\/\/www.grieta.org.mx\/wp-content\/uploads\/2021\/08\/MENOR_IRAPUATO_6-1536x864.jpg 1536w\" sizes=\"auto, (max-width: 750px) 100vw, 750px\" \/><figcaption id=\"caption-attachment-60914\" class=\"wp-caption-text\">Foto: Edith Dom\u00ednguez<\/figcaption><\/figure>\n<p>Incluso desde las escalinatas le gritaron al alcalde que si no pod\u00eda le diera la oportunidad a Lorena Alfaro, la alcaldesa electa. \u201cSi t\u00fa ya no puedes Ricardo Ortiz\u2026 por favor escuchen nuestras voces, Ricardo Ortiz, Lorena Alfaro, \u00bfd\u00f3nde est\u00e1n?, escuchen las voces de la familia adolorida de no saber de su hija, \u00bfpor qu\u00e9 no nos escuchan? Ricardo Ortiz: si no puedes, deja el poder y deja a Lorena Alfaro que es mujer y nos va apoyar porque es madre y va a saber lo que es perder un hijo, \u00a1ap\u00f3yanos Lorena!\u201d.<\/p>\n<p>El reclamo tambi\u00e9n fue para todos los ex candidatos ganadores y perdedores, \u201c\u00bfD\u00f3nde est\u00e1n? No queremos una playera\u201d.<\/p>\n<p>La puerta de la presidencia municipal fue cerrada por uno de los dos polic\u00edas que estaban de guardia, ah\u00ed los gritos de los manifestantes retumbaban en el edificio.<\/p>\n<p>Los y las inconformes cuestionaron la falta de apoyo a los pobres, \u201c\u00bfO porque somos humildes no merecemos nada?, todos merecemos, los pobres y los ricos, porque todos vamos a morir iguales pero ayuda a esta familia que est\u00e1 desesperada por su hija, ay\u00fadanos por favor\u201d.<\/p>\n<figure id=\"attachment_60915\" aria-describedby=\"caption-attachment-60915\" style=\"width: 750px\" class=\"wp-caption alignnone\"><img loading=\"lazy\" decoding=\"async\" data-attachment-id=\"60915\" data-permalink=\"https:\/\/www.grieta.org.mx\/index.php\/2021\/08\/02\/autoridad-estatal-se-desentiende-de-la-desaparicion-de-ninas-y-mujeres-denuncian-colectivos-guanajuato\/menor_irapuato_14\/\" data-orig-file=\"https:\/\/www.grieta.org.mx\/wp-content\/uploads\/2021\/08\/MENOR_IRAPUATO_14.jpg\" data-orig-size=\"1920,1080\" data-comments-opened=\"0\" data-image-meta=\"{&quot;aperture&quot;:&quot;0&quot;,&quot;credit&quot;:&quot;&quot;,&quot;camera&quot;:&quot;&quot;,&quot;caption&quot;:&quot;&quot;,&quot;created_timestamp&quot;:&quot;0&quot;,&quot;copyright&quot;:&quot;&quot;,&quot;focal_length&quot;:&quot;0&quot;,&quot;iso&quot;:&quot;0&quot;,&quot;shutter_speed&quot;:&quot;0&quot;,&quot;title&quot;:&quot;&quot;,&quot;orientation&quot;:&quot;0&quot;}\" data-image-title=\"MENOR_IRAPUATO_14\" data-image-description=\"\" data-image-caption=\"&lt;p&gt;Foto: Edith Dom\u00ednguez&lt;\/p&gt;\n\" data-medium-file=\"https:\/\/www.grieta.org.mx\/wp-content\/uploads\/2021\/08\/MENOR_IRAPUATO_14-300x169.jpg\" data-large-file=\"https:\/\/www.grieta.org.mx\/wp-content\/uploads\/2021\/08\/MENOR_IRAPUATO_14-1024x576.jpg\" class=\"wp-image-60915\" src=\"http:\/\/www.grieta.org.mx\/wp-content\/uploads\/2021\/08\/MENOR_IRAPUATO_14.jpg\" alt=\"\" width=\"750\" height=\"422\" srcset=\"https:\/\/www.grieta.org.mx\/wp-content\/uploads\/2021\/08\/MENOR_IRAPUATO_14.jpg 1920w, https:\/\/www.grieta.org.mx\/wp-content\/uploads\/2021\/08\/MENOR_IRAPUATO_14-300x169.jpg 300w, https:\/\/www.grieta.org.mx\/wp-content\/uploads\/2021\/08\/MENOR_IRAPUATO_14-1024x576.jpg 1024w, https:\/\/www.grieta.org.mx\/wp-content\/uploads\/2021\/08\/MENOR_IRAPUATO_14-768x432.jpg 768w, https:\/\/www.grieta.org.mx\/wp-content\/uploads\/2021\/08\/MENOR_IRAPUATO_14-1536x864.jpg 1536w\" sizes=\"auto, (max-width: 750px) 100vw, 750px\" \/><figcaption id=\"caption-attachment-60915\" class=\"wp-caption-text\">Foto: Edith Dom\u00ednguez<\/figcaption><\/figure>\n<p>Ahora piden a las autoridades que revisen las c\u00e1maras del Centro de Comunicaciones (Cecom) de Irapuato para revisar por d\u00f3nde, qu\u00e9 rumbo tom\u00f3 su hija o saber \u201cqui\u00e9n se la llev\u00f3\u201d. Tras presentar la denuncia le firm\u00f3 a la Fiscal\u00eda una autorizaci\u00f3n para que sacaran informaci\u00f3n del tel\u00e9fono de la menor, pero \u201ctampoco s\u00e9 nada. (El ministerio p\u00fablico) s\u00ed me habla para decirme cosas que yo ya sab\u00eda, la misma informaci\u00f3n, que ya se activ\u00f3 la alerta Amber, que ya pidieron las c\u00e1maras, pero todav\u00eda no se las autorizan, con el tel\u00e9fono todav\u00eda est\u00e1n trabajando los encargados de esa \u00e1rea, no gran cosa importante para m\u00ed, ni el rastreo del tel\u00e9fono\u201d.<\/p>\n<p>Lizet es una ni\u00f1a muy sociable, alegre, con buenas calificaciones (en promedio 9 y 10). Cursa el segundo a\u00f1o de secundaria en la t\u00e9cnica 41, no tiene muchas amigas<\/p>\n<p>El d\u00eda en que desapareci\u00f3 vest\u00eda un pantal\u00f3n azul de mezclilla, tenis blancos con dibujos, blusa negra de manga larga con manchas azules de colores.<\/p>\n<p>Los padres de la menor fueron recibidos en reuni\u00f3n privada por el director de Proximidad Ciudadana, Julio C\u00e9sar Gonz\u00e1lez Borja. Ah\u00ed acordaron que acompa\u00f1ar\u00e1n a la familia a la Fiscal\u00eda general, para \u201ccoadyuvar en todo lo que est\u00e9 a nuestro alcance, inteligencia, c\u00e1maras de videovigilancia, todos vamos a estar actuando\u201d.<\/p>\n<p>A decir del funcionario todos los polic\u00edas traen la foto de la menor y la ficha de la alerta para revisar.<\/p>\n<figure id=\"attachment_60916\" aria-describedby=\"caption-attachment-60916\" style=\"width: 750px\" class=\"wp-caption alignnone\"><img loading=\"lazy\" decoding=\"async\" data-attachment-id=\"60916\" data-permalink=\"https:\/\/www.grieta.org.mx\/index.php\/2021\/08\/02\/autoridad-estatal-se-desentiende-de-la-desaparicion-de-ninas-y-mujeres-denuncian-colectivos-guanajuato\/menor_irapuato_11\/\" data-orig-file=\"https:\/\/www.grieta.org.mx\/wp-content\/uploads\/2021\/08\/MENOR_IRAPUATO_11.jpg\" data-orig-size=\"1920,1080\" data-comments-opened=\"0\" data-image-meta=\"{&quot;aperture&quot;:&quot;0&quot;,&quot;credit&quot;:&quot;&quot;,&quot;camera&quot;:&quot;&quot;,&quot;caption&quot;:&quot;&quot;,&quot;created_timestamp&quot;:&quot;0&quot;,&quot;copyright&quot;:&quot;&quot;,&quot;focal_length&quot;:&quot;0&quot;,&quot;iso&quot;:&quot;0&quot;,&quot;shutter_speed&quot;:&quot;0&quot;,&quot;title&quot;:&quot;&quot;,&quot;orientation&quot;:&quot;0&quot;}\" data-image-title=\"MENOR_IRAPUATO_11\" data-image-description=\"\" data-image-caption=\"&lt;p&gt;Foto: Edith Dom\u00ednguez&lt;\/p&gt;\n\" data-medium-file=\"https:\/\/www.grieta.org.mx\/wp-content\/uploads\/2021\/08\/MENOR_IRAPUATO_11-300x169.jpg\" data-large-file=\"https:\/\/www.grieta.org.mx\/wp-content\/uploads\/2021\/08\/MENOR_IRAPUATO_11-1024x576.jpg\" class=\"wp-image-60916\" src=\"http:\/\/www.grieta.org.mx\/wp-content\/uploads\/2021\/08\/MENOR_IRAPUATO_11.jpg\" alt=\"\" width=\"750\" height=\"422\" srcset=\"https:\/\/www.grieta.org.mx\/wp-content\/uploads\/2021\/08\/MENOR_IRAPUATO_11.jpg 1920w, https:\/\/www.grieta.org.mx\/wp-content\/uploads\/2021\/08\/MENOR_IRAPUATO_11-300x169.jpg 300w, https:\/\/www.grieta.org.mx\/wp-content\/uploads\/2021\/08\/MENOR_IRAPUATO_11-1024x576.jpg 1024w, https:\/\/www.grieta.org.mx\/wp-content\/uploads\/2021\/08\/MENOR_IRAPUATO_11-768x432.jpg 768w, https:\/\/www.grieta.org.mx\/wp-content\/uploads\/2021\/08\/MENOR_IRAPUATO_11-1536x864.jpg 1536w\" sizes=\"auto, (max-width: 750px) 100vw, 750px\" \/><figcaption id=\"caption-attachment-60916\" class=\"wp-caption-text\">Foto: Edith Dom\u00ednguez<\/figcaption><\/figure>\n<p>La marcha pac\u00edfica sali\u00f3 desde el parque Irekua, caminaron por la calle Guerrero hasta llegar a la presidencia municipal, a esta marcha fueron amigas de Liz, como la conocen sus familiares y amistades, entregaron a su paso copias de la alerta Amber activada y rosas rojas.<\/p>\n<p>Entre la marcha dos amigas de la menor pidieron a las autoridades \u201cque la regresen viva\u201d. A cada paso gritaban \u201cQueremos a Liz, queremos a Liz\u201d.<\/p>\n<p>Su t\u00eda gritaba desesperada \u201cLos irapuatenses somos chingones, muchachas ay\u00fadennos a encontrar a Liz, todos unidos jam\u00e1s seremos vencidos por ning\u00fan hijo de la chingada\u201d. Los m\u00e1s de 80 asistentes gritaron \u201cSomos padres y nos falta un hijo, somos padres y nos falta una hija\u201d.<\/p>\n<p>El hermano de Liz de escasos 9 a\u00f1os marcha y carga otra pancarta, mientras llora y grita desconsolado, un familiar lo abraza. Demuestran el dolor de una familia. Al frente, la madre de Liz cargaba la pancarta.<\/p>\n<figure id=\"attachment_60917\" aria-describedby=\"caption-attachment-60917\" style=\"width: 750px\" class=\"wp-caption alignnone\"><img loading=\"lazy\" decoding=\"async\" data-attachment-id=\"60917\" data-permalink=\"https:\/\/www.grieta.org.mx\/index.php\/2021\/08\/02\/autoridad-estatal-se-desentiende-de-la-desaparicion-de-ninas-y-mujeres-denuncian-colectivos-guanajuato\/menor_irapuato_16\/\" data-orig-file=\"https:\/\/www.grieta.org.mx\/wp-content\/uploads\/2021\/08\/MENOR_IRAPUATO_16.jpg\" data-orig-size=\"1920,1080\" data-comments-opened=\"0\" data-image-meta=\"{&quot;aperture&quot;:&quot;0&quot;,&quot;credit&quot;:&quot;&quot;,&quot;camera&quot;:&quot;&quot;,&quot;caption&quot;:&quot;&quot;,&quot;created_timestamp&quot;:&quot;0&quot;,&quot;copyright&quot;:&quot;&quot;,&quot;focal_length&quot;:&quot;0&quot;,&quot;iso&quot;:&quot;0&quot;,&quot;shutter_speed&quot;:&quot;0&quot;,&quot;title&quot;:&quot;&quot;,&quot;orientation&quot;:&quot;0&quot;}\" data-image-title=\"MENOR_IRAPUATO_16\" data-image-description=\"\" data-image-caption=\"&lt;p&gt;Foto: Edith Dom\u00ednguez&lt;\/p&gt;\n\" data-medium-file=\"https:\/\/www.grieta.org.mx\/wp-content\/uploads\/2021\/08\/MENOR_IRAPUATO_16-300x169.jpg\" data-large-file=\"https:\/\/www.grieta.org.mx\/wp-content\/uploads\/2021\/08\/MENOR_IRAPUATO_16-1024x576.jpg\" class=\"wp-image-60917\" src=\"http:\/\/www.grieta.org.mx\/wp-content\/uploads\/2021\/08\/MENOR_IRAPUATO_16.jpg\" alt=\"\" width=\"750\" height=\"422\" srcset=\"https:\/\/www.grieta.org.mx\/wp-content\/uploads\/2021\/08\/MENOR_IRAPUATO_16.jpg 1920w, https:\/\/www.grieta.org.mx\/wp-content\/uploads\/2021\/08\/MENOR_IRAPUATO_16-300x169.jpg 300w, https:\/\/www.grieta.org.mx\/wp-content\/uploads\/2021\/08\/MENOR_IRAPUATO_16-1024x576.jpg 1024w, https:\/\/www.grieta.org.mx\/wp-content\/uploads\/2021\/08\/MENOR_IRAPUATO_16-768x432.jpg 768w, https:\/\/www.grieta.org.mx\/wp-content\/uploads\/2021\/08\/MENOR_IRAPUATO_16-1536x864.jpg 1536w\" sizes=\"auto, (max-width: 750px) 100vw, 750px\" \/><figcaption id=\"caption-attachment-60917\" class=\"wp-caption-text\">Foto: Edith Dom\u00ednguez<\/figcaption><\/figure>\n<p><strong>La desaparici\u00f3n de Liz<\/strong><\/p>\n<p>El 25 de julio, Liz y su hermano no acompa\u00f1aron a su madre a trabajar al tianguis de Los Cobos a vender su mercanc\u00eda como lo hac\u00edan normalmente, porque su hermano estaba enfermo del est\u00f3mago. Su madre, antes de salir a trabajar, les dio indicaciones de que le marcaran cada 30 minutos y as\u00ed lo hizo Liz.<\/p>\n<p>A las 11:30 le llam\u00f3 para avisarle que ya hab\u00edan almorzado, \u201cque estaban bien que estaban mirando la televisi\u00f3n; eso fue lo \u00fanico que me dijo, me estaba hablando cada media hora para decirme que estaban bien\u201d.<\/p>\n<p>Treinta minutos despu\u00e9s, el ni\u00f1o le marc\u00f3 a su madre para avisarle que Liz ya no estaba en la casa ubicada en la colonia Vista Hermosa, a escasos metros del tianguis.<\/p>\n<p>La madre fue a la casa, \u201cya no estaba la ni\u00f1a, ni tampoco su tel\u00e9fono, alguien debi\u00f3 de haberle llamado para sacarla del domicilio porque ella se llev\u00f3 su tel\u00e9fono. Ella no sal\u00eda a la tienda ni a ning\u00fan lado sola, ella sab\u00eda que no deb\u00eda salir ni abrirle la puerta a nadie\u2026 fue alguien que ya nos estaba cuidando, que ya sab\u00eda los movimientos que hac\u00edamos nosotros\u201d.<\/p>\n<p>La madre sali\u00f3 de la casa y encontr\u00f3 a una patrulla, les explic\u00f3, comenz\u00f3 la b\u00fasqueda, la madre fue llevada por los polic\u00edas a presentar la denuncia ante el Ministerio P\u00fablico; a las 15:00 horas se activ\u00f3 la Alerta Amber. Amigos, familiares y polic\u00edas buscaron a la menor en la zona, pero no ha sido localizada.<\/p>\n<p>La familia no ha recibido ninguna llamada, ninguna pista.<\/p>\n<p><strong>En P\u00e9njamo, otra menor ausente<\/strong><\/p>\n<p>\u00bfD\u00f3nde est\u00e1 Karen Anah\u00ed O\u00f1ate R\u00edos de 15 a\u00f1os de edad, desaparecida el 29 de julio en P\u00e9njamo? Al salir de casa, la adolescente vest\u00eda una blusa azul de olanes con flores, un pantal\u00f3n de mezclilla y huaraches, ese 29 de julio fue el \u00faltimo d\u00eda que la vieron sus familiares y hasta este momento desconocen su paradero.<\/p>\n<p>Sin embargo, el personal de la Fiscal\u00eda General del Estado no activ\u00f3 la Alerta Amber y no quiso recibir la denuncia de la desaparici\u00f3n hasta que pasaran 72 horas, a pesar de que la ley en Guanajuato y el Protocolo Homologado de B\u00fasqueda indican que se debe comenzar a buscar de manera inmediata, denunci\u00f3 el Colectivo Hasta Encontrarte.<\/p>\n<p>\u201cHay un foco rojo que las autoridades no han querido ver, que est\u00e1n desapareciendo muchas ni\u00f1as, adolescentes o mujeres j\u00f3venes; a la par de la desaparici\u00f3n de Liz est\u00e1 la desaparici\u00f3n de una joven en P\u00e9njamo (&#8230;) el d\u00eda 29, de 15 a\u00f1os de edad y no le quisieron recibir la denuncia, le pidieron esperar las 72 horas\u201d, dijo una representante del colectivo.<\/p>\n<p>Ante esta pr\u00e1ctica hay un retroceso no solo en el caso de P\u00e9njamo, al no quererle recibir la denuncia, \u201cla Fiscal\u00eda no activ\u00f3 de inmediato la alerta Amber o alerta Alba, que no hayan salido a la b\u00fasqueda inmediata, el colectivo report\u00f3 a la Comisi\u00f3n Estatal de B\u00fasqueda, otro reporte a la Comisi\u00f3n Nacional\u2026 las autoridades s\u00ed han quedado a deber un poco, hay una compa\u00f1era que se encarga de la b\u00fasqueda y estuvo apoyando muy de cerca y al d\u00eda de hoy no han dado con el paradero de la ni\u00f1a\u201d, agreg\u00f3.<\/p>\n<p>Hace falta que las autoridades investiguen con perspectiva de g\u00e9nero las desapariciones de las mujeres, \u201ccomo sociedad debemos de seguir exigiendo a las autoridades para que volteen a ver estos casos en espec\u00edfico con diferencia de g\u00e9nero, que estas j\u00f3venes en d\u00f3nde est\u00e1n, a d\u00f3nde se las est\u00e1n llevando\u201d.<\/p>\n<p>A decir del colectivo, en un d\u00eda normal en el colectivo reciben al menos un reporte de una mujer o ni\u00f1a desaparecida, pero incluso han tenido hasta cuatro reportes por d\u00eda.<\/p>\n<p>Ante el reporte reiterado que hace la Fiscal\u00eda General del Estado sobre que el 90% de los desaparecidos en Guanajuato regresan con vida, el colectivo Hasta Encontrarte considera que entonces los grupos organizados para b\u00fasqueda de personas y las autoridades \u201cdeben de vivir una realidad paralela\u201d porque en los colectivos cada d\u00eda se integran m\u00e1s familias de diversos municipios con un familiar desaparecido.<\/p>\n<p><a href=\"https:\/\/poplab.mx\/article\/Autoridadestatalsedesentiendedeladesapariciondeniasymujeresdenunciancolectivos\">https:\/\/poplab.mx\/article\/Autoridadestatalsedesentiendedeladesapariciondeniasymujeresdenunciancolectivos<\/a><\/p>\n","protected":false},"excerpt":{"rendered":"<p>Familiares y activistas, en la desesperanza total ante falta de acciones para b\u00fasqueda y localizaci\u00f3n inmediata de Lizet Carolina, de 13 a\u00f1os, en Irapuato, y de Karen Anah\u00ed, de 15 &hellip; <a href=\"https:\/\/www.grieta.org.mx\/index.php\/2021\/08\/02\/autoridad-estatal-se-desentiende-de-la-desaparicion-de-ninas-y-mujeres-denuncian-colectivos-guanajuato\/\" class=\"more-link\">Leer m\u00e1s<\/a><\/p>\n","protected":false},"author":2,"featured_media":60912,"comment_status":"closed","ping_status":"closed","sticky":false,"template":"","format":"standard","meta":{"ngg_post_thumbnail":0,"_jetpack_newsletter_access":"","_jetpack_dont_email_post_to_subs":false,"_jetpack_newsletter_tier_id":0,"_jetpack_memberships_contains_paywalled_content":false,"_jetpack_memberships_contains_paid_content":false,"footnotes":""},"categories":[80,1201,2468,21,2934],"tags":[3791,1828,2245,3776,461],"class_list":["post-60911","post","type-post","status-publish","format-standard","has-post-thumbnail","hentry","category-cintillo","category-desaparecidos-en-michoacan","category-la-ninez-en-la-tormenta-en-michoacan","category-michoacan","category-resistencias-en-michoacan","tag-acciones-por-desaparecidos","tag-busqueda-de-desaparecidos","tag-despararecidos","tag-la-ninez-en-la-tormenta-capitalista","tag-resistencia","entry"],"jetpack_featured_media_url":"https:\/\/www.grieta.org.mx\/wp-content\/uploads\/2021\/08\/MENOR_IRAPUATO_10.jpg","jetpack_sharing_enabled":true,"jetpack_shortlink":"https:\/\/wp.me\/p7ZJR4-fQr","jetpack_likes_enabled":false,"jetpack-related-posts":[{"id":64753,"url":"https:\/\/www.grieta.org.mx\/index.php\/2022\/05\/12\/por-falta-de-resultados-familias-de-desaparecidos-toman-la-comision-estatal-de-busqueda-michoacan\/","url_meta":{"origin":60911,"position":0},"title":"Por falta de resultados, familias de desaparecidos toman la Comisi\u00f3n Estatal de B\u00fasqueda (Michoac\u00e1n)","author":"grieta","date":"12 mayo, 2022","format":false,"excerpt":"F\u00e1tima Paz, 27 de mayo de 2022, primeraplana.mx Moelia, Michoac\u00e1n.- \u201c\u00bfY si fuera tu familiar el que estuviera desaparecido?\u201d, cuestionaron familiares y colectivos de familiares de personas desaparecidas, quienes tomaron la Comisi\u00f3n Estatal de B\u00fasqueda de Personas Desaparecidas, ante la falta de resultados que, aseveraron, presenta la instancia. Con carteles\u2026","rel":"","context":"En &quot;CINTILLO&quot;","block_context":{"text":"CINTILLO","link":"https:\/\/www.grieta.org.mx\/index.php\/category\/cintillo\/"},"img":{"alt_text":"","src":"https:\/\/i0.wp.com\/www.grieta.org.mx\/wp-content\/uploads\/2022\/08\/familiares-de-desaparecidos-toma-de-comision-1392x1044-1.jpeg?resize=350%2C200&ssl=1","width":350,"height":200,"srcset":"https:\/\/i0.wp.com\/www.grieta.org.mx\/wp-content\/uploads\/2022\/08\/familiares-de-desaparecidos-toma-de-comision-1392x1044-1.jpeg?resize=350%2C200&ssl=1 1x, https:\/\/i0.wp.com\/www.grieta.org.mx\/wp-content\/uploads\/2022\/08\/familiares-de-desaparecidos-toma-de-comision-1392x1044-1.jpeg?resize=525%2C300&ssl=1 1.5x, https:\/\/i0.wp.com\/www.grieta.org.mx\/wp-content\/uploads\/2022\/08\/familiares-de-desaparecidos-toma-de-comision-1392x1044-1.jpeg?resize=700%2C400&ssl=1 2x, https:\/\/i0.wp.com\/www.grieta.org.mx\/wp-content\/uploads\/2022\/08\/familiares-de-desaparecidos-toma-de-comision-1392x1044-1.jpeg?resize=1050%2C600&ssl=1 3x"},"classes":[]},{"id":61774,"url":"https:\/\/www.grieta.org.mx\/index.php\/2021\/09\/14\/realizara-colectivo-tecomense-colima-busqueda-de-desaparecidos-en-michoacan\/","url_meta":{"origin":60911,"position":1},"title":"Realizar\u00e1 colectivo tecomense (Colima) b\u00fasqueda de desaparecidos en Michoac\u00e1n","author":"grieta","date":"14 septiembre, 2021","format":false,"excerpt":"Imagen: Colectivo Solidarios de B\u00fasqueda de Personas Desaparecidas Yensuni L\u00f3pez Aldape \/ El Comentario Candelaria Huerta Pizano, representante en el estado del colectivo\u00a0Solidarios de B\u00fasqueda de Persona Desaparecidas, se\u00f1al\u00f3 que a poco menos de 2 meses de cumplir un a\u00f1o de creado, el n\u00famero de v\u00edctimas desaparecidas que est\u00e1n buscando\u2026","rel":"","context":"En &quot;CINTILLO&quot;","block_context":{"text":"CINTILLO","link":"https:\/\/www.grieta.org.mx\/index.php\/category\/cintillo\/"},"img":{"alt_text":"","src":"https:\/\/i0.wp.com\/www.grieta.org.mx\/wp-content\/uploads\/2021\/09\/9a168857263cfe222d4e3e69f34ea7b9.jpeg?resize=350%2C200&ssl=1","width":350,"height":200,"srcset":"https:\/\/i0.wp.com\/www.grieta.org.mx\/wp-content\/uploads\/2021\/09\/9a168857263cfe222d4e3e69f34ea7b9.jpeg?resize=350%2C200&ssl=1 1x, https:\/\/i0.wp.com\/www.grieta.org.mx\/wp-content\/uploads\/2021\/09\/9a168857263cfe222d4e3e69f34ea7b9.jpeg?resize=525%2C300&ssl=1 1.5x, https:\/\/i0.wp.com\/www.grieta.org.mx\/wp-content\/uploads\/2021\/09\/9a168857263cfe222d4e3e69f34ea7b9.jpeg?resize=700%2C400&ssl=1 2x"},"classes":[]},{"id":32605,"url":"https:\/\/www.grieta.org.mx\/index.php\/2019\/04\/26\/anuncian-nueva-caravana-de-busqueda-de-desaparecidos-en-michoacan\/","url_meta":{"origin":60911,"position":2},"title":"Anuncian nueva caravana de b\u00fasqueda de desaparecidos en Michoac\u00e1n","author":"grieta","date":"26 abril, 2019","format":false,"excerpt":"V\u00edctimas de desaparici\u00f3n forzada en Michoac\u00e1n piden justicia al gobierno federal MVS Noticias, Nora Bucio ?26\/Abr\/19 13:45 Familiares Caminando por la Justicia, anunciaron que realizar\u00e1n la V Caravana \u201cBuscando, encontraremos\u201d, la cual se realizar\u00e1 en Michoac\u00e1n, la cual pretende encontrar vivos y post mortem a personas denunciadas como desaparecidas. Evangelina\u2026","rel":"","context":"En &quot;CINTILLO&quot;","block_context":{"text":"CINTILLO","link":"https:\/\/www.grieta.org.mx\/index.php\/category\/cintillo\/"},"img":{"alt_text":"","src":"https:\/\/i0.wp.com\/www.grieta.org.mx\/wp-content\/uploads\/2019\/04\/dc3ffd0d-d5git5zx4aipsz1-1024x768.jpg?resize=350%2C200&ssl=1","width":350,"height":200,"srcset":"https:\/\/i0.wp.com\/www.grieta.org.mx\/wp-content\/uploads\/2019\/04\/dc3ffd0d-d5git5zx4aipsz1-1024x768.jpg?resize=350%2C200&ssl=1 1x, https:\/\/i0.wp.com\/www.grieta.org.mx\/wp-content\/uploads\/2019\/04\/dc3ffd0d-d5git5zx4aipsz1-1024x768.jpg?resize=525%2C300&ssl=1 1.5x, https:\/\/i0.wp.com\/www.grieta.org.mx\/wp-content\/uploads\/2019\/04\/dc3ffd0d-d5git5zx4aipsz1-1024x768.jpg?resize=700%2C400&ssl=1 2x"},"classes":[]},{"id":24418,"url":"https:\/\/www.grieta.org.mx\/index.php\/2017\/02\/24\/desaparicion-de-mujeres-adolescentes-crecio-974-en-cuatro-anos-alerta-redim\/","url_meta":{"origin":60911,"position":3},"title":"Desaparici\u00f3n de mujeres adolescentes creci\u00f3 974% en cuatro a\u00f1os, alerta Redim","author":"grieta","date":"24 febrero, 2017","format":false,"excerpt":"Hazel Zamora Vendieta\/Proceso CIUDAD DE M\u00c9XICO (apro-cimac).- La desaparici\u00f3n de mujeres adolescentes en el pa\u00eds est\u00e1 relacionada con grupos criminales vinculados a la trata de personas con fines de explotaci\u00f3n sexual comercial, y el fen\u00f3meno va en aumento, report\u00f3 la Red por los Derechos de la Infancia en M\u00e9xico (Redim).\u2026","rel":"","context":"En &quot;Baja California&quot;","block_context":{"text":"Baja California","link":"https:\/\/www.grieta.org.mx\/index.php\/category\/noticias-nacionales\/baja-california\/"},"img":{"alt_text":"","src":"https:\/\/i0.wp.com\/www.grieta.org.mx\/wp-content\/uploads\/2018\/07\/IMG_1652-1-c-702x468.jpg?resize=350%2C200&ssl=1","width":350,"height":200,"srcset":"https:\/\/i0.wp.com\/www.grieta.org.mx\/wp-content\/uploads\/2018\/07\/IMG_1652-1-c-702x468.jpg?resize=350%2C200&ssl=1 1x, https:\/\/i0.wp.com\/www.grieta.org.mx\/wp-content\/uploads\/2018\/07\/IMG_1652-1-c-702x468.jpg?resize=525%2C300&ssl=1 1.5x, https:\/\/i0.wp.com\/www.grieta.org.mx\/wp-content\/uploads\/2018\/07\/IMG_1652-1-c-702x468.jpg?resize=700%2C400&ssl=1 2x"},"classes":[]},{"id":61524,"url":"https:\/\/www.grieta.org.mx\/index.php\/2021\/09\/02\/ninez-y-adolescencia-desaparecida-en-jalisco-una-crisis-inadvertida\/","url_meta":{"origin":60911,"position":4},"title":"Ni\u00f1ez y adolescencia desaparecida en Jalisco: una crisis inadvertida","author":"grieta","date":"2 septiembre, 2021","format":false,"excerpt":"Ilustraci\u00f3n Ivanna Orozco Alertas que no se emiten, protocolos de b\u00fasqueda que no se aplican y acciones de campo que no suceden son algunas de las tantas dificultades que padecen las familias que buscan a las ni\u00f1as, ni\u00f1os y\/o adolescentes desaparecidos en Jalisco; entidad que en la \u00faltima d\u00e9cada concentra\u2026","rel":"","context":"En &quot;CINTILLO&quot;","block_context":{"text":"CINTILLO","link":"https:\/\/www.grieta.org.mx\/index.php\/category\/cintillo\/"},"img":{"alt_text":"","src":"https:\/\/i0.wp.com\/www.grieta.org.mx\/wp-content\/uploads\/2021\/09\/PORTADA-NINEZ-DESAPARECIDA.png?resize=350%2C200&ssl=1","width":350,"height":200,"srcset":"https:\/\/i0.wp.com\/www.grieta.org.mx\/wp-content\/uploads\/2021\/09\/PORTADA-NINEZ-DESAPARECIDA.png?resize=350%2C200&ssl=1 1x, https:\/\/i0.wp.com\/www.grieta.org.mx\/wp-content\/uploads\/2021\/09\/PORTADA-NINEZ-DESAPARECIDA.png?resize=525%2C300&ssl=1 1.5x, https:\/\/i0.wp.com\/www.grieta.org.mx\/wp-content\/uploads\/2021\/09\/PORTADA-NINEZ-DESAPARECIDA.png?resize=700%2C400&ssl=1 2x, https:\/\/i0.wp.com\/www.grieta.org.mx\/wp-content\/uploads\/2021\/09\/PORTADA-NINEZ-DESAPARECIDA.png?resize=1050%2C600&ssl=1 3x"},"classes":[]},{"id":60824,"url":"https:\/\/www.grieta.org.mx\/index.php\/2021\/05\/21\/convocan-a-artistas-a-visibilizar-y-no-olvidar-a-personas-detenidas-desaparecidas-en-michoacan-2\/","url_meta":{"origin":60911,"position":5},"title":"Convocan a artistas a visibilizar y no olvidar a personas detenidas desaparecidas en Michoac\u00e1n","author":"grieta","date":"21 mayo, 2021","format":false,"excerpt":"Dalia Souza \/ Zona Docs 21 mayo, 2020 En el marco de la desaparici\u00f3n de Leonel Orozco y Barbara Robles, personas detenidas desaparecidas en el estado de Michoac\u00e1n entre el a\u00f1o 2008 y 2019, la organizaci\u00f3n Familiares Caminando por Justicia en Michoac\u00e1n convoca a artistas a realizar su retrato para\u2026","rel":"","context":"En &quot;CINTILLO&quot;","block_context":{"text":"CINTILLO","link":"https:\/\/www.grieta.org.mx\/index.php\/category\/cintillo\/"},"img":{"alt_text":"","src":"https:\/\/i0.wp.com\/www.grieta.org.mx\/wp-content\/uploads\/2021\/07\/recorte-familiares-buscando-justicia.jpg?resize=350%2C200&ssl=1","width":350,"height":200,"srcset":"https:\/\/i0.wp.com\/www.grieta.org.mx\/wp-content\/uploads\/2021\/07\/recorte-familiares-buscando-justicia.jpg?resize=350%2C200&ssl=1 1x, https:\/\/i0.wp.com\/www.grieta.org.mx\/wp-content\/uploads\/2021\/07\/recorte-familiares-buscando-justicia.jpg?resize=525%2C300&ssl=1 1.5x, https:\/\/i0.wp.com\/www.grieta.org.mx\/wp-content\/uploads\/2021\/07\/recorte-familiares-buscando-justicia.jpg?resize=700%2C400&ssl=1 2x"},"classes":[]}],"_links":{"self":[{"href":"https:\/\/www.grieta.org.mx\/index.php\/wp-json\/wp\/v2\/posts\/60911","targetHints":{"allow":["GET"]}}],"collection":[{"href":"https:\/\/www.grieta.org.mx\/index.php\/wp-json\/wp\/v2\/posts"}],"about":[{"href":"https:\/\/www.grieta.org.mx\/index.php\/wp-json\/wp\/v2\/types\/post"}],"author":[{"embeddable":true,"href":"https:\/\/www.grieta.org.mx\/index.php\/wp-json\/wp\/v2\/users\/2"}],"replies":[{"embeddable":true,"href":"https:\/\/www.grieta.org.mx\/index.php\/wp-json\/wp\/v2\/comments?post=60911"}],"version-history":[{"count":1,"href":"https:\/\/www.grieta.org.mx\/index.php\/wp-json\/wp\/v2\/posts\/60911\/revisions"}],"predecessor-version":[{"id":60919,"href":"https:\/\/www.grieta.org.mx\/index.php\/wp-json\/wp\/v2\/posts\/60911\/revisions\/60919"}],"wp:featuredmedia":[{"embeddable":true,"href":"https:\/\/www.grieta.org.mx\/index.php\/wp-json\/wp\/v2\/media\/60912"}],"wp:attachment":[{"href":"https:\/\/www.grieta.org.mx\/index.php\/wp-json\/wp\/v2\/media?parent=60911"}],"wp:term":[{"taxonomy":"category","embeddable":true,"href":"https:\/\/www.grieta.org.mx\/index.php\/wp-json\/wp\/v2\/categories?post=60911"},{"taxonomy":"post_tag","embeddable":true,"href":"https:\/\/www.grieta.org.mx\/index.php\/wp-json\/wp\/v2\/tags?post=60911"}],"curies":[{"name":"wp","href":"https:\/\/api.w.org\/{rel}","templated":true}]}}