{"id":60772,"date":"2021-07-26T20:03:24","date_gmt":"2021-07-27T01:03:24","guid":{"rendered":"https:\/\/www.grieta.org.mx\/?p=60772"},"modified":"2021-07-26T20:30:24","modified_gmt":"2021-07-27T01:30:24","slug":"de-la-comuna-de-paris-a-los-zapatistas-video","status":"publish","type":"post","link":"https:\/\/www.grieta.org.mx\/index.php\/2021\/07\/26\/de-la-comuna-de-paris-a-los-zapatistas-video\/","title":{"rendered":"De la Comuna de Par\u00eds a los zapatistas (VIDEO)"},"content":{"rendered":"<p>VIDEO:\u00a0TOKAPU FILMS<\/p>\n<p>FOTOS: ESPECIALES<\/p>\n<p>REDACCI\u00d3N: COLECTIVO GRIETA<\/p>\n<p>El pasado 29 de mayo miles de manifestantes rindieron homenaje a la Comuna de Par\u00eds, sublevaci\u00f3n popular que este a\u00f1o cumple 150 a\u00f1os. En el recorrido de la Plaza de la Rep\u00fablica al Muro de los Federados, ubicado en el parisino cementerio P\u00e8re Lachaise, con canciones y consignas se record\u00f3 la gesta del pueblo parisino y su contribuci\u00f3n a las luchas de liberaci\u00f3n de los pueblos y la vigencia de sus propuestas de democracia directa. En esa ocasi\u00f3n algunos participantes en esta conmemoraci\u00f3n hablaron de las esperanzas que despierta la visita en ciernes de la delegaci\u00f3n zapatista a Europa y de los v\u00ednculos de la propuesta pol\u00edtica del EZLN\u00a0 con la lucha de los comuneros en cuanto a la construcci\u00f3n de una nueva sociedad.<\/p>\n<div class=\"jetpack-video-wrapper\"><iframe loading=\"lazy\" title=\"De la Comuna a los Zapatistas.mp4\" src=\"https:\/\/player.vimeo.com\/video\/578796336?dnt=1&amp;app_id=122963\" width=\"1170\" height=\"658\" frameborder=\"0\" allow=\"autoplay; fullscreen; picture-in-picture; clipboard-write\"><\/iframe><\/div>\n<p>&nbsp;<\/p>\n<figure id=\"attachment_60800\" aria-describedby=\"caption-attachment-60800\" style=\"width: 800px\" class=\"wp-caption alignnone\"><img loading=\"lazy\" decoding=\"async\" data-attachment-id=\"60800\" data-permalink=\"https:\/\/www.grieta.org.mx\/index.php\/2021\/07\/26\/de-la-comuna-de-paris-a-los-zapatistas-video\/muro-de-los-federados-2\/\" data-orig-file=\"https:\/\/www.grieta.org.mx\/wp-content\/uploads\/2021\/07\/Muro-de-los-Federados-2.jpg\" data-orig-size=\"480,480\" data-comments-opened=\"0\" data-image-meta=\"{&quot;aperture&quot;:&quot;0&quot;,&quot;credit&quot;:&quot;&quot;,&quot;camera&quot;:&quot;&quot;,&quot;caption&quot;:&quot;&quot;,&quot;created_timestamp&quot;:&quot;0&quot;,&quot;copyright&quot;:&quot;&quot;,&quot;focal_length&quot;:&quot;0&quot;,&quot;iso&quot;:&quot;0&quot;,&quot;shutter_speed&quot;:&quot;0&quot;,&quot;title&quot;:&quot;&quot;,&quot;orientation&quot;:&quot;0&quot;}\" data-image-title=\"Muro de los Federados 2\" data-image-description=\"\" data-image-caption=\"\" data-medium-file=\"https:\/\/www.grieta.org.mx\/wp-content\/uploads\/2021\/07\/Muro-de-los-Federados-2-300x300.jpg\" data-large-file=\"https:\/\/www.grieta.org.mx\/wp-content\/uploads\/2021\/07\/Muro-de-los-Federados-2.jpg\" class=\"wp-image-60800\" src=\"http:\/\/www.grieta.org.mx\/wp-content\/uploads\/2021\/07\/Muro-de-los-Federados-2.jpg\" alt=\"\" width=\"800\" height=\"800\" srcset=\"https:\/\/www.grieta.org.mx\/wp-content\/uploads\/2021\/07\/Muro-de-los-Federados-2.jpg 480w, https:\/\/www.grieta.org.mx\/wp-content\/uploads\/2021\/07\/Muro-de-los-Federados-2-300x300.jpg 300w, https:\/\/www.grieta.org.mx\/wp-content\/uploads\/2021\/07\/Muro-de-los-Federados-2-150x150.jpg 150w\" sizes=\"auto, (max-width: 800px) 100vw, 800px\" \/><figcaption id=\"caption-attachment-60800\" class=\"wp-caption-text\">Cartel de &#8220;ZAPATISTAS, Una traves\u00eda POR LA VIDA&#8221; en el Muro de los Federados. Al fondo se lee: &#8220;AUX MORTES DE LA COMMUNE 21-28 MAI 1871&#8221; (&#8220;A LOS MUERTOS DE LA COMUNA 21-28 DE MAYO DE 1871&#8221;). FOTO: Especial, junio de 2021<\/figcaption><\/figure>\n","protected":false},"excerpt":{"rendered":"<p>VIDEO:\u00a0TOKAPU FILMS FOTOS: ESPECIALES REDACCI\u00d3N: COLECTIVO GRIETA El pasado 29 de mayo miles de manifestantes rindieron homenaje a la Comuna de Par\u00eds, sublevaci\u00f3n popular que este a\u00f1o cumple 150 a\u00f1os. &hellip; <a href=\"https:\/\/www.grieta.org.mx\/index.php\/2021\/07\/26\/de-la-comuna-de-paris-a-los-zapatistas-video\/\" class=\"more-link\">Leer m\u00e1s<\/a><\/p>\n","protected":false},"author":2,"featured_media":60799,"comment_status":"closed","ping_status":"closed","sticky":false,"template":"","format":"standard","meta":{"ngg_post_thumbnail":0,"_jetpack_newsletter_access":"","_jetpack_dont_email_post_to_subs":false,"_jetpack_newsletter_tier_id":0,"_jetpack_memberships_contains_paywalled_content":false,"_jetpack_memberships_contains_paid_content":false,"footnotes":""},"categories":[80,2,2661,3916],"tags":[3982,3934,466,3917],"class_list":["post-60772","post","type-post","status-publish","format-standard","has-post-thumbnail","hentry","category-cintillo","category-noticias-nacionales","category-redes-de-resistencia-y-rebeldia","category-travesia-por-la-vida","tag-comuna-de-paris","tag-europa","tag-ezln","tag-travesia-por-la-vida","entry"],"jetpack_featured_media_url":"https:\/\/www.grieta.org.mx\/wp-content\/uploads\/2021\/07\/Muro-de-los-Federados-3.jpg","jetpack_sharing_enabled":true,"jetpack_shortlink":"https:\/\/wp.me\/p7ZJR4-fOc","jetpack_likes_enabled":false,"jetpack-related-posts":[{"id":60659,"url":"https:\/\/www.grieta.org.mx\/index.php\/2021\/07\/20\/travesia-por-la-vida-colectivos-realizan-en-paris-la-primera-asamblea-popular-en-espera-de-la-llegada-del-ezln-video\/","url_meta":{"origin":60772,"position":0},"title":"Traves\u00eda por la Vida: Colectivos realizan en Par\u00eds la primera asamblea popular en espera de recibir al EZLN (VIDEO)","author":"grieta","date":"20 julio, 2021","format":false,"excerpt":"Asamblea popular recibimiento Zapatistas.mp4 from RESISTENCIA CULTURAL on Vimeo. VIDEO:\u00a0TOKAPU FILMS ILUSTRACIONES:\u00a0 TALLER DE SERIGRAF\u00cdA DE SAINT OUEN REDACCI\u00d3N: COLECTIVO GRIETA El domingo 4 de julio los colectivos de Place des F\u00eates y des M\u00e8res Combattantes (de las Madres Combatientes)\u00a0 junto con muchos otras organizaciones que conforman la Coordinaci\u00f3n Ile\u2026","rel":"","context":"En &quot;CINTILLO&quot;","block_context":{"text":"CINTILLO","link":"https:\/\/www.grieta.org.mx\/index.php\/category\/cintillo\/"},"img":{"alt_text":"","src":"https:\/\/i0.wp.com\/www.grieta.org.mx\/wp-content\/uploads\/2021\/07\/photo_2021-07-20_03-25-10.jpg?resize=350%2C200&ssl=1","width":350,"height":200,"srcset":"https:\/\/i0.wp.com\/www.grieta.org.mx\/wp-content\/uploads\/2021\/07\/photo_2021-07-20_03-25-10.jpg?resize=350%2C200&ssl=1 1x, https:\/\/i0.wp.com\/www.grieta.org.mx\/wp-content\/uploads\/2021\/07\/photo_2021-07-20_03-25-10.jpg?resize=525%2C300&ssl=1 1.5x, https:\/\/i0.wp.com\/www.grieta.org.mx\/wp-content\/uploads\/2021\/07\/photo_2021-07-20_03-25-10.jpg?resize=700%2C400&ssl=1 2x"},"classes":[]},{"id":61458,"url":"https:\/\/www.grieta.org.mx\/index.php\/2021\/08\/30\/apenas-500-anos-despues-ecos-desde-la-europa-insumisa\/","url_meta":{"origin":60772,"position":1},"title":"Apenas 500 a\u00f1os despu\u00e9s\u2026 (Ecos desde la Europa Insumisa).","author":"grieta","date":"30 agosto, 2021","format":false,"excerpt":"Por Red Universitaria Anticapitalista Publicado en La Comuna Mx 19 de agosto de 2021. En un ambiente festivo acompa\u00f1ado de la alegre rebeld\u00eda y con una manifestaci\u00f3n en Madrid, fue como se vivieron los 500 a\u00f1os de aquel 13 de agosto de 1521, con la supuesta derrota de Tenochtitlan, aunque\u2026","rel":"","context":"En &quot;CINTILLO&quot;","block_context":{"text":"CINTILLO","link":"https:\/\/www.grieta.org.mx\/index.php\/category\/cintillo\/"},"img":{"alt_text":"","src":"","width":0,"height":0},"classes":[]},{"id":59916,"url":"https:\/\/www.grieta.org.mx\/index.php\/2021\/06\/23\/travesia-por-la-vida-indigenas-mayas-del-ezln-desembarcan-en-europa-galeria-de-videos-y-fotos\/","url_meta":{"origin":60772,"position":2},"title":"Traves\u00eda por la vida: Ind\u00edgenas mayas del EZLN desembarcan en Europa (galer\u00eda de videos y fotos)","author":"grieta","date":"23 junio, 2021","format":false,"excerpt":"COLECTIVO GRIETA\/ con informaci\u00f3n, fotos y videos de la COORDINACI\u00d3N EUROPEA PARA El \"Viaje por la vida\" y COLECTIVOS DE LA OTRA EUROPA ayer rebautizada SLUMIL K\u00b4AJXEMK\u00b4OP (\u201cTierra Insumisa\u201d, \u201cTierra que no se resigna, que no desmaya\u201d). Al grito de \u00a1Zapata vive! y \u00a1Viva el EZLN!, despu\u00e9s de tres lluviosas\u00a0\u2026","rel":"","context":"En &quot;CINTILLO&quot;","block_context":{"text":"CINTILLO","link":"https:\/\/www.grieta.org.mx\/index.php\/category\/cintillo\/"},"img":{"alt_text":"","src":"https:\/\/i0.wp.com\/www.grieta.org.mx\/wp-content\/uploads\/2021\/06\/photo_2021-05-19_23-45-27.jpg?resize=350%2C200&ssl=1","width":350,"height":200,"srcset":"https:\/\/i0.wp.com\/www.grieta.org.mx\/wp-content\/uploads\/2021\/06\/photo_2021-05-19_23-45-27.jpg?resize=350%2C200&ssl=1 1x, https:\/\/i0.wp.com\/www.grieta.org.mx\/wp-content\/uploads\/2021\/06\/photo_2021-05-19_23-45-27.jpg?resize=525%2C300&ssl=1 1.5x, https:\/\/i0.wp.com\/www.grieta.org.mx\/wp-content\/uploads\/2021\/06\/photo_2021-05-19_23-45-27.jpg?resize=700%2C400&ssl=1 2x, https:\/\/i0.wp.com\/www.grieta.org.mx\/wp-content\/uploads\/2021\/06\/photo_2021-05-19_23-45-27.jpg?resize=1050%2C600&ssl=1 3x"},"classes":[]},{"id":60944,"url":"https:\/\/www.grieta.org.mx\/index.php\/2021\/08\/10\/en-euskal-herria-pais-vasco-organizan-distintas-actividades-para-recibir-a-la-delegacion-del-ezln-videos-y-fotos\/","url_meta":{"origin":60772,"position":3},"title":"En Euskal Herria (Pa\u00eds Vasco) organizan distintas actividades para recibir a la delegaci\u00f3n del EZLN (VIDEOS Y FOTOS)","author":"grieta","date":"10 agosto, 2021","format":false,"excerpt":"VIDEO: BIRA ZAPATISTA COLECTIVO GRIETA Como en muchos otros rincones de la Europa insumisa, este fin de semana se realizaron distintas acciones en Euskal Herria (Pa\u00eds Vasco, Estado espa\u00f1ol), para mostrar el apoyo a la \"Traves\u00eda por la vida\" del Ej\u00e9rcito Zapatista de Liberaci\u00f3n Nacional (EZLN) y exigir una vez\u2026","rel":"","context":"En &quot;CINTILLO&quot;","block_context":{"text":"CINTILLO","link":"https:\/\/www.grieta.org.mx\/index.php\/category\/cintillo\/"},"img":{"alt_text":"","src":"https:\/\/i0.wp.com\/www.grieta.org.mx\/wp-content\/uploads\/2021\/08\/Mesa-Donostiphoto_2021-08-09_08-58-13.jpg?resize=350%2C200&ssl=1","width":350,"height":200,"srcset":"https:\/\/i0.wp.com\/www.grieta.org.mx\/wp-content\/uploads\/2021\/08\/Mesa-Donostiphoto_2021-08-09_08-58-13.jpg?resize=350%2C200&ssl=1 1x, https:\/\/i0.wp.com\/www.grieta.org.mx\/wp-content\/uploads\/2021\/08\/Mesa-Donostiphoto_2021-08-09_08-58-13.jpg?resize=525%2C300&ssl=1 1.5x, https:\/\/i0.wp.com\/www.grieta.org.mx\/wp-content\/uploads\/2021\/08\/Mesa-Donostiphoto_2021-08-09_08-58-13.jpg?resize=700%2C400&ssl=1 2x, https:\/\/i0.wp.com\/www.grieta.org.mx\/wp-content\/uploads\/2021\/08\/Mesa-Donostiphoto_2021-08-09_08-58-13.jpg?resize=1050%2C600&ssl=1 3x"},"classes":[]},{"id":60596,"url":"https:\/\/www.grieta.org.mx\/index.php\/2021\/07\/17\/mas-de-700-organizaciones-piden-a-paris-que-garantice-la-entrada-de-la-delegacion-zapatista\/","url_meta":{"origin":60772,"position":4},"title":"M\u00e1s de 700 organizaciones piden a Par\u00eds que garantice la entrada de la delegaci\u00f3n zapatista","author":"grieta","date":"17 julio, 2021","format":false,"excerpt":"M\u00e1s de 700 entidades sociales, colectivos, sindicatos, partidos pol\u00edticos y cargos p\u00fablicos europeos, junto con decenas de artistas e intelectuales han suscrito una carta dirigida al Gobierno franc\u00e9s para pedirle que garantice la entrada de la delegaci\u00f3n zapatista e ind\u00edgena. Redacci\u00f3n NAIZ M\u00e1s de 700 entidades sociales, colectivos, sindicatos, partidos\u2026","rel":"","context":"En &quot;CINTILLO&quot;","block_context":{"text":"CINTILLO","link":"https:\/\/www.grieta.org.mx\/index.php\/category\/cintillo\/"},"img":{"alt_text":"","src":"https:\/\/i0.wp.com\/www.grieta.org.mx\/wp-content\/uploads\/2021\/07\/EZLN.jpg?resize=350%2C200&ssl=1","width":350,"height":200,"srcset":"https:\/\/i0.wp.com\/www.grieta.org.mx\/wp-content\/uploads\/2021\/07\/EZLN.jpg?resize=350%2C200&ssl=1 1x, https:\/\/i0.wp.com\/www.grieta.org.mx\/wp-content\/uploads\/2021\/07\/EZLN.jpg?resize=525%2C300&ssl=1 1.5x, https:\/\/i0.wp.com\/www.grieta.org.mx\/wp-content\/uploads\/2021\/07\/EZLN.jpg?resize=700%2C400&ssl=1 2x"},"classes":[]},{"id":59140,"url":"https:\/\/www.grieta.org.mx\/index.php\/2021\/05\/03\/saludan-en-la-ciudad-de-mexico-el-inicio-de-la-travesia-maritima-zapatista-a-europa\/","url_meta":{"origin":60772,"position":5},"title":"Saludan en la Ciudad de M\u00e9xico el inicio de la traves\u00eda mar\u00edtima zapatista a Europa","author":"grieta","date":"3 mayo, 2021","format":false,"excerpt":"COLECTIVO GRIETA, Ciudad de M\u00e9xico, 2 de mayo.- Para hacer p\u00fablica su adhesi\u00f3n a la reciente iniciativa del Ej\u00e9rcito Zapatista de Liberaci\u00f3n Nacional (EZLN), \"Zapatistas. Una traves\u00eda por la vida\", y desearles buen viaje a los siete ind\u00edgenas mayas (tzotziles, tzeltales, choles y tojolabales) \u00a0integrantes del Escuadr\u00f3n 421 \u00a0que hoy\u2026","rel":"","context":"En &quot;CINTILLO&quot;","block_context":{"text":"CINTILLO","link":"https:\/\/www.grieta.org.mx\/index.php\/category\/cintillo\/"},"img":{"alt_text":"","src":"https:\/\/i0.wp.com\/www.grieta.org.mx\/wp-content\/uploads\/2021\/05\/Screenshot_2021-05-03-Saludan-en-la-Ciudad-de-Mexico-el-inicio-de-la-travesia-maritima-zapatista-a-Europa.png?resize=350%2C200&ssl=1","width":350,"height":200,"srcset":"https:\/\/i0.wp.com\/www.grieta.org.mx\/wp-content\/uploads\/2021\/05\/Screenshot_2021-05-03-Saludan-en-la-Ciudad-de-Mexico-el-inicio-de-la-travesia-maritima-zapatista-a-Europa.png?resize=350%2C200&ssl=1 1x, https:\/\/i0.wp.com\/www.grieta.org.mx\/wp-content\/uploads\/2021\/05\/Screenshot_2021-05-03-Saludan-en-la-Ciudad-de-Mexico-el-inicio-de-la-travesia-maritima-zapatista-a-Europa.png?resize=525%2C300&ssl=1 1.5x, https:\/\/i0.wp.com\/www.grieta.org.mx\/wp-content\/uploads\/2021\/05\/Screenshot_2021-05-03-Saludan-en-la-Ciudad-de-Mexico-el-inicio-de-la-travesia-maritima-zapatista-a-Europa.png?resize=700%2C400&ssl=1 2x"},"classes":[]}],"_links":{"self":[{"href":"https:\/\/www.grieta.org.mx\/index.php\/wp-json\/wp\/v2\/posts\/60772","targetHints":{"allow":["GET"]}}],"collection":[{"href":"https:\/\/www.grieta.org.mx\/index.php\/wp-json\/wp\/v2\/posts"}],"about":[{"href":"https:\/\/www.grieta.org.mx\/index.php\/wp-json\/wp\/v2\/types\/post"}],"author":[{"embeddable":true,"href":"https:\/\/www.grieta.org.mx\/index.php\/wp-json\/wp\/v2\/users\/2"}],"replies":[{"embeddable":true,"href":"https:\/\/www.grieta.org.mx\/index.php\/wp-json\/wp\/v2\/comments?post=60772"}],"version-history":[{"count":1,"href":"https:\/\/www.grieta.org.mx\/index.php\/wp-json\/wp\/v2\/posts\/60772\/revisions"}],"predecessor-version":[{"id":60806,"href":"https:\/\/www.grieta.org.mx\/index.php\/wp-json\/wp\/v2\/posts\/60772\/revisions\/60806"}],"wp:featuredmedia":[{"embeddable":true,"href":"https:\/\/www.grieta.org.mx\/index.php\/wp-json\/wp\/v2\/media\/60799"}],"wp:attachment":[{"href":"https:\/\/www.grieta.org.mx\/index.php\/wp-json\/wp\/v2\/media?parent=60772"}],"wp:term":[{"taxonomy":"category","embeddable":true,"href":"https:\/\/www.grieta.org.mx\/index.php\/wp-json\/wp\/v2\/categories?post=60772"},{"taxonomy":"post_tag","embeddable":true,"href":"https:\/\/www.grieta.org.mx\/index.php\/wp-json\/wp\/v2\/tags?post=60772"}],"curies":[{"name":"wp","href":"https:\/\/api.w.org\/{rel}","templated":true}]}}