{"id":60744,"date":"2021-07-24T13:21:04","date_gmt":"2021-07-24T18:21:04","guid":{"rendered":"https:\/\/www.grieta.org.mx\/?p=60744"},"modified":"2021-07-24T13:21:53","modified_gmt":"2021-07-24T18:21:53","slug":"familiares-de-desaparecidos-crean-colectivo-de-busqueda-de-personas-en-quintana-roo","status":"publish","type":"post","link":"https:\/\/www.grieta.org.mx\/index.php\/2021\/07\/24\/familiares-de-desaparecidos-crean-colectivo-de-busqueda-de-personas-en-quintana-roo\/","title":{"rendered":"Familiares de desaparecidos crean colectivo de b\u00fasqueda de personas en Quintana Roo"},"content":{"rendered":"<p>Carlos Hern\u00e1ndez \/ PorEsto!<\/p>\n<p>Ayer se conform\u00f3 el Colectivo de B\u00fasqueda de Personas Desaparecidas en Quintana Roo, \u201cVerdad, memoria y justicia\u201d, que ante la omisi\u00f3n de la Fiscal\u00eda General del Estado, buscar\u00e1 ante los entes federales exigir que se agilicen las carpetas de investigaci\u00f3n que est\u00e1n estancadas.<\/p>\n<p>\u201cEste colectivo est\u00e1 conformado por familiares de personas desaparecidas en el Estado de Quintana Roo, en su calidad de v\u00edctimas indirectas de los delitos relacionados con la desaparici\u00f3n de personas. Es un fen\u00f3meno que va en aumento y lamentablemente da\u00f1a la sociedad civil y en nuestro Estado estamos viviendo los estragos de v\u00edctimas desaparecidas\u201d, indic\u00f3 Romana Rivera, quien busca a su hija Diana Garc\u00eda Rivera, desaparecida desde el 21 de febrero de 2020.<\/p>\n<p><img loading=\"lazy\" decoding=\"async\" data-attachment-id=\"60746\" data-permalink=\"https:\/\/www.grieta.org.mx\/index.php\/2021\/07\/24\/familiares-de-desaparecidos-crean-colectivo-de-busqueda-de-personas-en-quintana-roo\/desaparecidosqroo2\/\" data-orig-file=\"https:\/\/www.grieta.org.mx\/wp-content\/uploads\/2021\/07\/DesaparecidosQRoo2.jpg\" data-orig-size=\"800,553\" data-comments-opened=\"0\" data-image-meta=\"{&quot;aperture&quot;:&quot;0&quot;,&quot;credit&quot;:&quot;&quot;,&quot;camera&quot;:&quot;&quot;,&quot;caption&quot;:&quot;&quot;,&quot;created_timestamp&quot;:&quot;0&quot;,&quot;copyright&quot;:&quot;&quot;,&quot;focal_length&quot;:&quot;0&quot;,&quot;iso&quot;:&quot;0&quot;,&quot;shutter_speed&quot;:&quot;0&quot;,&quot;title&quot;:&quot;&quot;,&quot;orientation&quot;:&quot;1&quot;}\" data-image-title=\"DesaparecidosQRoo2\" data-image-description=\"\" data-image-caption=\"\" data-medium-file=\"https:\/\/www.grieta.org.mx\/wp-content\/uploads\/2021\/07\/DesaparecidosQRoo2-300x207.jpg\" data-large-file=\"https:\/\/www.grieta.org.mx\/wp-content\/uploads\/2021\/07\/DesaparecidosQRoo2.jpg\" src=\"http:\/\/www.grieta.org.mx\/wp-content\/uploads\/2021\/07\/DesaparecidosQRoo2.jpg\" alt=\"\" width=\"800\" height=\"553\" class=\"alignnone size-full wp-image-60746\" srcset=\"https:\/\/www.grieta.org.mx\/wp-content\/uploads\/2021\/07\/DesaparecidosQRoo2.jpg 800w, https:\/\/www.grieta.org.mx\/wp-content\/uploads\/2021\/07\/DesaparecidosQRoo2-300x207.jpg 300w, https:\/\/www.grieta.org.mx\/wp-content\/uploads\/2021\/07\/DesaparecidosQRoo2-768x531.jpg 768w\" sizes=\"auto, (max-width: 800px) 100vw, 800px\" \/><\/p>\n<p>Ludovico Zamora Hern\u00e1ndez, vocero del colectivo, afirm\u00f3 que en pr\u00f3ximos d\u00edas buscar\u00e1n consolidarse como asociaci\u00f3n civil para tener calidad jur\u00eddica. Dijo que tienen m\u00e1s de mil 800 fichas de b\u00fasqueda, de las cuales desconocen cu\u00e1ntas de \u00e9stas se desactivaron, de ah\u00ed la importancia de abrir el di\u00e1logo con la Fiscal\u00eda.<\/p>\n<p>Por esta raz\u00f3n iniciar\u00e1n a tocar puertas en la Fiscal\u00eda General de Quintana Roo, con el Gobernador Carlos Joaqu\u00edn Gonz\u00e1lez y con la Comisi\u00f3n de B\u00fasqueda de Personas -ente gubernamental- para solicitar que sean tomados en cuenta en las acciones de b\u00fasqueda de personas desaparecidas en Quintana Roo, tal y como la marca la Ley General de V\u00edctimas.<\/p>\n<p>Adem\u00e1s pedir\u00e1n la intervenci\u00f3n de la Comisi\u00f3n Nacional de B\u00fasqueda (CNB) para que intervenga en la localizaci\u00f3n de personas, esto tras el hallazgo de fosas clandestinas en la periferia de la delegaci\u00f3n de Alfredo V. Bonfil, donde el 13 de julio pasado se hall\u00f3 una narcofosa de donde exhumaron nueve cuerpos, dos de los cuales ya fueron identificados.<\/p>\n<p><img loading=\"lazy\" decoding=\"async\" data-attachment-id=\"60748\" data-permalink=\"https:\/\/www.grieta.org.mx\/index.php\/2021\/07\/24\/familiares-de-desaparecidos-crean-colectivo-de-busqueda-de-personas-en-quintana-roo\/desaparecidosqroo3\/\" data-orig-file=\"https:\/\/www.grieta.org.mx\/wp-content\/uploads\/2021\/07\/DesaparecidosQRoo3.jpg\" data-orig-size=\"800,593\" data-comments-opened=\"0\" data-image-meta=\"{&quot;aperture&quot;:&quot;0&quot;,&quot;credit&quot;:&quot;&quot;,&quot;camera&quot;:&quot;&quot;,&quot;caption&quot;:&quot;&quot;,&quot;created_timestamp&quot;:&quot;0&quot;,&quot;copyright&quot;:&quot;&quot;,&quot;focal_length&quot;:&quot;0&quot;,&quot;iso&quot;:&quot;0&quot;,&quot;shutter_speed&quot;:&quot;0&quot;,&quot;title&quot;:&quot;&quot;,&quot;orientation&quot;:&quot;1&quot;}\" data-image-title=\"DesaparecidosQRoo3\" data-image-description=\"\" data-image-caption=\"\" data-medium-file=\"https:\/\/www.grieta.org.mx\/wp-content\/uploads\/2021\/07\/DesaparecidosQRoo3-300x222.jpg\" data-large-file=\"https:\/\/www.grieta.org.mx\/wp-content\/uploads\/2021\/07\/DesaparecidosQRoo3.jpg\" src=\"http:\/\/www.grieta.org.mx\/wp-content\/uploads\/2021\/07\/DesaparecidosQRoo3.jpg\" alt=\"\" width=\"800\" height=\"593\" class=\"alignnone size-full wp-image-60748\" srcset=\"https:\/\/www.grieta.org.mx\/wp-content\/uploads\/2021\/07\/DesaparecidosQRoo3.jpg 800w, https:\/\/www.grieta.org.mx\/wp-content\/uploads\/2021\/07\/DesaparecidosQRoo3-300x222.jpg 300w, https:\/\/www.grieta.org.mx\/wp-content\/uploads\/2021\/07\/DesaparecidosQRoo3-768x569.jpg 768w\" sizes=\"auto, (max-width: 800px) 100vw, 800px\" \/><\/p>\n<p>Revictimizan y rechazan a los familiares<\/p>\n<p>Mar\u00eda Dolores Patr\u00f3n, madre de Francisca Mariner Flores Patr\u00f3n, de 17 a\u00f1os, desaparecida el 22 de junio de 2020, lament\u00f3 que a un a\u00f1o y un mes de la desaparici\u00f3n de su hija, ha sido revictimizada y rechazada en la Fiscal\u00eda General de Quintana Roo.<\/p>\n<p>En entrevista a Por Esto!, indic\u00f3 que su hija desapareci\u00f3 luego de que fueran a arreglar el aire acondicionado de su casa. \u201cSu \u00faltima conexi\u00f3n fue a las 3:30\u201d, dijo.<\/p>\n<p>La desaparici\u00f3n de Francisca Mariner qued\u00f3 asentada en la carpeta de investigaci\u00f3n FGE\/QROO\/BJ\/06\/10110\/2020. La persona que acudi\u00f3 a reparar el clima admiti\u00f3 haberla visto, pero asegur\u00f3 que no pudo trabajar porque el aparato a reparar se encontraba en un \u00e1rea donde hab\u00eda una menor de edad durmiendo, hija de la desaparecida, que en ese entonces ten\u00eda seis meses de nacida y actualmente est\u00e1 bajo el cuidado de su abuela, Mar\u00eda Dolores.<\/p>\n<p><img loading=\"lazy\" decoding=\"async\" data-attachment-id=\"60749\" data-permalink=\"https:\/\/www.grieta.org.mx\/index.php\/2021\/07\/24\/familiares-de-desaparecidos-crean-colectivo-de-busqueda-de-personas-en-quintana-roo\/desaparecidsosqroo4\/\" data-orig-file=\"https:\/\/www.grieta.org.mx\/wp-content\/uploads\/2021\/07\/DesaparecidsosQRoo4.jpg\" data-orig-size=\"800,524\" data-comments-opened=\"0\" data-image-meta=\"{&quot;aperture&quot;:&quot;0&quot;,&quot;credit&quot;:&quot;&quot;,&quot;camera&quot;:&quot;&quot;,&quot;caption&quot;:&quot;&quot;,&quot;created_timestamp&quot;:&quot;0&quot;,&quot;copyright&quot;:&quot;&quot;,&quot;focal_length&quot;:&quot;0&quot;,&quot;iso&quot;:&quot;0&quot;,&quot;shutter_speed&quot;:&quot;0&quot;,&quot;title&quot;:&quot;&quot;,&quot;orientation&quot;:&quot;1&quot;}\" data-image-title=\"DesaparecidsosQRoo4\" data-image-description=\"\" data-image-caption=\"\" data-medium-file=\"https:\/\/www.grieta.org.mx\/wp-content\/uploads\/2021\/07\/DesaparecidsosQRoo4-300x197.jpg\" data-large-file=\"https:\/\/www.grieta.org.mx\/wp-content\/uploads\/2021\/07\/DesaparecidsosQRoo4.jpg\" src=\"http:\/\/www.grieta.org.mx\/wp-content\/uploads\/2021\/07\/DesaparecidsosQRoo4.jpg\" alt=\"\" width=\"800\" height=\"524\" class=\"alignnone size-full wp-image-60749\" srcset=\"https:\/\/www.grieta.org.mx\/wp-content\/uploads\/2021\/07\/DesaparecidsosQRoo4.jpg 800w, https:\/\/www.grieta.org.mx\/wp-content\/uploads\/2021\/07\/DesaparecidsosQRoo4-300x197.jpg 300w, https:\/\/www.grieta.org.mx\/wp-content\/uploads\/2021\/07\/DesaparecidsosQRoo4-768x503.jpg 768w, https:\/\/www.grieta.org.mx\/wp-content\/uploads\/2021\/07\/DesaparecidsosQRoo4-765x500.jpg 765w\" sizes=\"auto, (max-width: 800px) 100vw, 800px\" \/><\/p>\n<p>Sin embargo, la Fiscal\u00eda de Quintana Roo no encontr\u00f3 elementos suficientes en su contra y lo deslind\u00f3 de la presunta responsabilidad de la desaparici\u00f3n de Francisca.<\/p>\n<p>Su madre, Mar\u00eda Dolores Patr\u00f3n, lament\u00f3 que durante el a\u00f1o y un mes que est\u00e1 desaparecida su hija acudi\u00f3 en m\u00faltiples ocasiones a preguntar sobre los avances y posibles logros en la carpeta de investigaci\u00f3n, pero se top\u00f3 con un muro de indolencia, revictimizaci\u00f3n y rechazo.<\/p>\n<p>\u201cRegres\u00e9 a la Fiscal\u00eda justo cuando mi hija cumpli\u00f3 un a\u00f1o de desaparecida y primero el guardia de la entrada me dej\u00f3 esperando una hora afuera, me dijo que no pod\u00eda pasar\u201d.<\/p>\n<p><img loading=\"lazy\" decoding=\"async\" data-attachment-id=\"60751\" data-permalink=\"https:\/\/www.grieta.org.mx\/index.php\/2021\/07\/24\/familiares-de-desaparecidos-crean-colectivo-de-busqueda-de-personas-en-quintana-roo\/desaparecidosqroo5\/\" data-orig-file=\"https:\/\/www.grieta.org.mx\/wp-content\/uploads\/2021\/07\/DesaparecidosQRoo5.jpg\" data-orig-size=\"800,525\" data-comments-opened=\"0\" data-image-meta=\"{&quot;aperture&quot;:&quot;0&quot;,&quot;credit&quot;:&quot;&quot;,&quot;camera&quot;:&quot;&quot;,&quot;caption&quot;:&quot;&quot;,&quot;created_timestamp&quot;:&quot;0&quot;,&quot;copyright&quot;:&quot;&quot;,&quot;focal_length&quot;:&quot;0&quot;,&quot;iso&quot;:&quot;0&quot;,&quot;shutter_speed&quot;:&quot;0&quot;,&quot;title&quot;:&quot;&quot;,&quot;orientation&quot;:&quot;1&quot;}\" data-image-title=\"DesaparecidosQRoo5\" data-image-description=\"\" data-image-caption=\"\" data-medium-file=\"https:\/\/www.grieta.org.mx\/wp-content\/uploads\/2021\/07\/DesaparecidosQRoo5-300x197.jpg\" data-large-file=\"https:\/\/www.grieta.org.mx\/wp-content\/uploads\/2021\/07\/DesaparecidosQRoo5.jpg\" src=\"http:\/\/www.grieta.org.mx\/wp-content\/uploads\/2021\/07\/DesaparecidosQRoo5.jpg\" alt=\"\" width=\"800\" height=\"525\" class=\"alignnone size-full wp-image-60751\" srcset=\"https:\/\/www.grieta.org.mx\/wp-content\/uploads\/2021\/07\/DesaparecidosQRoo5.jpg 800w, https:\/\/www.grieta.org.mx\/wp-content\/uploads\/2021\/07\/DesaparecidosQRoo5-300x197.jpg 300w, https:\/\/www.grieta.org.mx\/wp-content\/uploads\/2021\/07\/DesaparecidosQRoo5-768x504.jpg 768w\" sizes=\"auto, (max-width: 800px) 100vw, 800px\" \/><\/p>\n<p>Agreg\u00f3 que posteriormente observ\u00f3 a una trabajadora de Alerta Amber y le pregunt\u00f3 si la pod\u00eda atender, a lo que obtuvo respuesta favorable. El viacrucis de la mujer continu\u00f3 durante una hora y media m\u00e1s, pero ya dentro de las oficinas de la Fiscal\u00eda, donde no fue atendida.<\/p>\n<p>\u201cPaso y cuando llego a las oficinas de Alerta Amber me preguntaron qui\u00e9n soy y el expediente de qui\u00e9n iba a ver. Les dije que era la mam\u00e1 de Francisca Mariner, abri\u00f3 la puerta y le pregunt\u00f3 a la Fiscal. Quiero pensar que le dijo que no me quer\u00eda atender, porque me dijo que me esperara\u201d.<\/p>\n<p>\u201cMe esper\u00e9 hora y media en la sala de espera y nunca me atendi\u00f3. No estaban atendiendo a nadie porque vi cuando abrieron la puerta; de hecho pasaron primero a gente que lleg\u00f3 despu\u00e9s de m\u00ed. Despu\u00e9s pregunt\u00e9 si hab\u00eda alguien y me dijeron que no\u201d.<\/p>\n<p>Sostuvo que esta situaci\u00f3n le gener\u00f3 mucho coraje. \u201cAgarr\u00e9 una hoja en blanco y escrib\u00ed \u2018gracias licenciada por no atenderme, hoy se est\u00e1 cumpliendo un a\u00f1o de la desaparici\u00f3n de mi hija y vine para ver c\u00f3mo va el caso\u2019 y se lo pegu\u00e9 en la puerta de la Fiscal, tom\u00e9 una foto y me fui\u201d.<\/p>\n<p>Posteriormente, narr\u00f3, esta situaci\u00f3n la report\u00f3 a Derechos Humanos y fue a trav\u00e9s de ellos que logr\u00f3 conseguir una cita para saber del avance de las investigaciones de su hija, las cuales est\u00e1n igual que cuando present\u00f3 la denuncia.<\/p>\n<p>La afligida mujer dijo que es necesario que la fiscal\u00eda solicite al Instituto Nacional Electoral (INE) una investigaci\u00f3n sobre s\u00ed su hija ha solicitado una nueva credencial para votar, por lo que hizo un escrito a la Fiscal\u00eda para que hagan la petici\u00f3n.<\/p>\n<p>En cuanto a la creaci\u00f3n del colectivo, reconoci\u00f3 que es algo necesario, ya que faltan muchas cosas por hacer en la b\u00fasqueda de sus seres queridos. \u201cNosotros buscamos a nuestros familiares. No buscamos culpables, ahorita no me interesa saber qui\u00e9n fue o c\u00f3mo, s\u00f3lo quiero saber qu\u00e9 fue de mi hija, saber si est\u00e1 viva, si est\u00e1 bien, si no me tengo que resignar\u201d.<br \/>\nM\u00e1s de 300 desaparecidos desde 2019<\/p>\n<p>De acuerdo con una solicitud de transparencia enviada a la Fiscal\u00eda General de Quintana Roo, entre 2019 y 13 de julio de 2021 se abrieron mil 459 protocolos Alba y Alerta Amber en Quintana Roo.<\/p>\n<p>Durante 2019 se lanzaron 707 alertas, de la cuales 580 fueron desactivadas. Es decir, que hay 127 personas desaparecidas en ese a\u00f1o.<\/p>\n<p>Para el 2020 se iniciaron 532 alertas, de las cuales 413 fueron desactivadas por la Fiscal\u00eda tras la localizaci\u00f3n de las personas, continuando desaparecidas 119 personas.<\/p>\n<p>Hasta el 13 de julio del presente a\u00f1o, la fiscal\u00eda abri\u00f3 220 fichas de b\u00fasqueda, de las cuales se desactivaron 131. Actualmente hay 89 personas desaparecidas.<\/p>\n<p>CG<\/p>\n<p><a href=\"https:\/\/www.poresto.net\/quintana-roo\/2021\/7\/24\/familiares-de-desaparecidos-crean-colectivo-de-busqueda-de-personas-en-quintana-roo-268135.html\" rel=\"noopener\" target=\"_blank\">https:\/\/www.poresto.net\/quintana-roo\/2021\/7\/24\/familiares-de-desaparecidos-crean-colectivo-de-busqueda-de-personas-en-quintana-roo-268135.html<\/a><\/p>\n","protected":false},"excerpt":{"rendered":"<p>Carlos Hern\u00e1ndez \/ PorEsto! Ayer se conform\u00f3 el Colectivo de B\u00fasqueda de Personas Desaparecidas en Quintana Roo, \u201cVerdad, memoria y justicia\u201d, que ante la omisi\u00f3n de la Fiscal\u00eda General del &hellip; <a href=\"https:\/\/www.grieta.org.mx\/index.php\/2021\/07\/24\/familiares-de-desaparecidos-crean-colectivo-de-busqueda-de-personas-en-quintana-roo\/\" class=\"more-link\">Leer m\u00e1s<\/a><\/p>\n","protected":false},"author":2,"featured_media":60745,"comment_status":"closed","ping_status":"closed","sticky":false,"template":"","format":"standard","meta":{"ngg_post_thumbnail":0,"_jetpack_newsletter_access":"","_jetpack_dont_email_post_to_subs":false,"_jetpack_newsletter_tier_id":0,"_jetpack_memberships_contains_paywalled_content":false,"_jetpack_memberships_contains_paid_content":false,"footnotes":""},"categories":[80,87,2808,2,28,83],"tags":[3018,121,1668],"class_list":["post-60744","post","type-post","status-publish","format-standard","has-post-thumbnail","hentry","category-cintillo","category-desaparecidos","category-desaparecidos-en-quintana-roo","category-noticias-nacionales","category-quintana-roo","category-temas-nacionales","tag-colectivos-de-busqueda-de-desaparecidos","tag-desaparecidos","tag-familiares-de-desaparecidos","entry"],"jetpack_featured_media_url":"https:\/\/www.grieta.org.mx\/wp-content\/uploads\/2021\/07\/DesaparecidosQRoo.jpg","jetpack_sharing_enabled":true,"jetpack_shortlink":"https:\/\/wp.me\/p7ZJR4-fNK","jetpack_likes_enabled":false,"jetpack-related-posts":[{"id":69534,"url":"https:\/\/www.grieta.org.mx\/index.php\/2024\/08\/30\/marchan-por-desaparecidos-en-cancun-y-chetumal-quintana-roo\/","url_meta":{"origin":60744,"position":0},"title":"Marchan por desaparecidos en Canc\u00fan y Chetumal (Quintana Roo)","author":"grieta","date":"30 agosto, 2024","format":false,"excerpt":"Noticaribe CANC\u00daN, MX.- Madres y otros familiares de personas desaparecidos marcharon hoy en Canc\u00fan y en Chetumal para conmemorar el D\u00eda de la B\u00fasqueda de Personas. En Canc\u00fan, dos colectivos, el \u201d Verdad y Justicia\u201d, as\u00ed como las \u201cMadres Buscadoras\u201d marcharon por separado rumbo al Palacio Municipal. Integrantes de \u201cVerdad,\u2026","rel":"","context":"En &quot;CINTILLO&quot;","block_context":{"text":"CINTILLO","link":"https:\/\/www.grieta.org.mx\/index.php\/category\/cintillo\/"},"img":{"alt_text":"","src":"https:\/\/i0.wp.com\/www.grieta.org.mx\/wp-content\/uploads\/2024\/08\/Marchan-e1725139943721.jpg?resize=350%2C200&ssl=1","width":350,"height":200,"srcset":"https:\/\/i0.wp.com\/www.grieta.org.mx\/wp-content\/uploads\/2024\/08\/Marchan-e1725139943721.jpg?resize=350%2C200&ssl=1 1x, https:\/\/i0.wp.com\/www.grieta.org.mx\/wp-content\/uploads\/2024\/08\/Marchan-e1725139943721.jpg?resize=525%2C300&ssl=1 1.5x, https:\/\/i0.wp.com\/www.grieta.org.mx\/wp-content\/uploads\/2024\/08\/Marchan-e1725139943721.jpg?resize=700%2C400&ssl=1 2x"},"classes":[]},{"id":68717,"url":"https:\/\/www.grieta.org.mx\/index.php\/2024\/03\/21\/madres-de-personas-desaparecidas-convocan-a-sociedad-a-sumarse-a-jornada-nacional-de-busqueda-y-concentracion-pacifica-quintana-roo\/","url_meta":{"origin":60744,"position":1},"title":"Madres de personas desaparecidas convocan a sociedad a sumarse a Jornada Nacional de B\u00fasqueda y concentraci\u00f3n pac\u00edfica (Quintana Roo)","author":"grieta","date":"21 marzo, 2024","format":false,"excerpt":"Adriana Varillas \/ Estamos Aqu\u00ed 21 de marzo\/ Canc\u00fan, Q. Roo.- Colectivos de familiares de personas desaparecidas en Quintana Roo, convocaron a los movimientos feministas, a las y los defensores de derechos humanos, de la Tierra y del territorio, de las disidencias sexuales, a las expresiones religiosas, a la academia,\u2026","rel":"","context":"En &quot;CINTILLO&quot;","block_context":{"text":"CINTILLO","link":"https:\/\/www.grieta.org.mx\/index.php\/category\/cintillo\/"},"img":{"alt_text":"","src":"https:\/\/i0.wp.com\/www.grieta.org.mx\/wp-content\/uploads\/2024\/03\/MadresBuscadoras-e1711914841303.jpg?resize=350%2C200&ssl=1","width":350,"height":200,"srcset":"https:\/\/i0.wp.com\/www.grieta.org.mx\/wp-content\/uploads\/2024\/03\/MadresBuscadoras-e1711914841303.jpg?resize=350%2C200&ssl=1 1x, https:\/\/i0.wp.com\/www.grieta.org.mx\/wp-content\/uploads\/2024\/03\/MadresBuscadoras-e1711914841303.jpg?resize=525%2C300&ssl=1 1.5x, https:\/\/i0.wp.com\/www.grieta.org.mx\/wp-content\/uploads\/2024\/03\/MadresBuscadoras-e1711914841303.jpg?resize=700%2C400&ssl=1 2x"},"classes":[]},{"id":65576,"url":"https:\/\/www.grieta.org.mx\/index.php\/2022\/10\/20\/marchan-activistas-contra-nulos-resultados-de-la-fiscalia-en-casos-de-desaparecidos-quintana-roo\/","url_meta":{"origin":60744,"position":2},"title":"Marchan activistas contra nulos resultados de la Fiscal\u00eda en casos de desaparecidos (Quintana Roo)","author":"grieta","date":"20 octubre, 2022","format":false,"excerpt":"Juan Morales \/ Grupo Pir\u00e1mide Canc\u00fan, Quintana Roo.- Miembros del colectivo Verdad, Memoria y Justicia marcharon en Canc\u00fan contra los nulos resultados de la Fiscal\u00eda General del Estado (FGE) en los reportes de personas desaparecidas, los cuales aumentaron durante septiembre con dos casos m\u00e1s. Los manifestantes arrancaron su protesta desde\u2026","rel":"","context":"En &quot;CINTILLO&quot;","block_context":{"text":"CINTILLO","link":"https:\/\/www.grieta.org.mx\/index.php\/category\/cintillo\/"},"img":{"alt_text":"","src":"https:\/\/i0.wp.com\/www.grieta.org.mx\/wp-content\/uploads\/2022\/10\/DesaparecidosQroo-e1666432285627.jpg?resize=350%2C200&ssl=1","width":350,"height":200,"srcset":"https:\/\/i0.wp.com\/www.grieta.org.mx\/wp-content\/uploads\/2022\/10\/DesaparecidosQroo-e1666432285627.jpg?resize=350%2C200&ssl=1 1x, https:\/\/i0.wp.com\/www.grieta.org.mx\/wp-content\/uploads\/2022\/10\/DesaparecidosQroo-e1666432285627.jpg?resize=525%2C300&ssl=1 1.5x, https:\/\/i0.wp.com\/www.grieta.org.mx\/wp-content\/uploads\/2022\/10\/DesaparecidosQroo-e1666432285627.jpg?resize=700%2C400&ssl=1 2x"},"classes":[]},{"id":69523,"url":"https:\/\/www.grieta.org.mx\/index.php\/2024\/08\/30\/denuncia-colectivo-verdad-memoria-y-justicia-alza-de-desaparecidos-en-quintana-roo-piden-a-autoridades-mas-acciones\/","url_meta":{"origin":60744,"position":3},"title":"Denuncia colectivo &#8216;Verdad, Memoria y Justicia&#8217; alza de desaparecidos en Quintana Roo; piden a autoridades m\u00e1s acciones","author":"grieta","date":"30 agosto, 2024","format":false,"excerpt":"Samanta Carrera \/ Noticaribe Canc\u00fan.- El colectivo \u201cVerdad, Memoria y Justicia'\u201d denunci\u00f3 esta tarde, mediante una conferencia de prensa, que ha aumentado de manera exponencial el n\u00famero de personas desaparecidas en Quintana Roo. En la sede de la Fiscal\u00eda General del Estado en Canc\u00fan Romana Rivera, representante de este colectivo,\u2026","rel":"","context":"En &quot;CINTILLO&quot;","block_context":{"text":"CINTILLO","link":"https:\/\/www.grieta.org.mx\/index.php\/category\/cintillo\/"},"img":{"alt_text":"","src":"https:\/\/i0.wp.com\/www.grieta.org.mx\/wp-content\/uploads\/2024\/08\/VerdadYJusticia-e1725137696985.jpg?resize=350%2C200&ssl=1","width":350,"height":200,"srcset":"https:\/\/i0.wp.com\/www.grieta.org.mx\/wp-content\/uploads\/2024\/08\/VerdadYJusticia-e1725137696985.jpg?resize=350%2C200&ssl=1 1x, https:\/\/i0.wp.com\/www.grieta.org.mx\/wp-content\/uploads\/2024\/08\/VerdadYJusticia-e1725137696985.jpg?resize=525%2C300&ssl=1 1.5x, https:\/\/i0.wp.com\/www.grieta.org.mx\/wp-content\/uploads\/2024\/08\/VerdadYJusticia-e1725137696985.jpg?resize=700%2C400&ssl=1 2x"},"classes":[]},{"id":70482,"url":"https:\/\/www.grieta.org.mx\/index.php\/2024\/11\/13\/cancun-no-es-un-paraiso-es-un-infierno-donde-desaparecen-a-nuestros-hijos-e-hijas-llevan-madres-buscadoras-por-quintana-roo-demandas-al-zocalo-de-la-ciudad-de-mexico\/","url_meta":{"origin":60744,"position":4},"title":"&#8220;Canc\u00fan no es un para\u00edso, es un infierno donde desaparecen a nuestros hijos e hijas&#8221; Llevan \u2018Madres Buscadoras por Quintana Roo\u2019 demandas al Z\u00f3calo de la Ciudad de M\u00e9xico","author":"grieta","date":"13 noviembre, 2024","format":false,"excerpt":"CIUDAD DE M\u00c9XICO, MX.- Representantes del colectivo \u201cMadres Buscadoras por Quintana Roo\u201d acudieron este d\u00eda a la Ciudad de M\u00e9xico para participar en las manifestaciones que se realizan por la Convenci\u00f3n Nacional Activista. Los integrantes del colectivo expusieron en el Z\u00f3calo capitalino la situaci\u00f3n que se vive en Quintana Roo\u2026","rel":"","context":"En &quot;acciones por desaparecidos&quot;","block_context":{"text":"acciones por desaparecidos","link":"https:\/\/www.grieta.org.mx\/index.php\/category\/noticias-nacionales\/quintana-roo\/acciones-por-desaparecidos\/"},"img":{"alt_text":"","src":"https:\/\/i0.wp.com\/www.grieta.org.mx\/wp-content\/uploads\/2024\/11\/Infierno-e1731970401834.jpg?resize=350%2C200&ssl=1","width":350,"height":200,"srcset":"https:\/\/i0.wp.com\/www.grieta.org.mx\/wp-content\/uploads\/2024\/11\/Infierno-e1731970401834.jpg?resize=350%2C200&ssl=1 1x, https:\/\/i0.wp.com\/www.grieta.org.mx\/wp-content\/uploads\/2024\/11\/Infierno-e1731970401834.jpg?resize=525%2C300&ssl=1 1.5x, https:\/\/i0.wp.com\/www.grieta.org.mx\/wp-content\/uploads\/2024\/11\/Infierno-e1731970401834.jpg?resize=700%2C400&ssl=1 2x"},"classes":[]},{"id":70896,"url":"https:\/\/www.grieta.org.mx\/index.php\/2025\/01\/05\/continua-la-lucha-colectivo-madres-buscadoras-mantiene-planton-en-la-fge-exigiendo-justicia-quintana-roo\/","url_meta":{"origin":60744,"position":5},"title":"Contin\u00faa la Lucha; Colectivo Madres Buscadoras Mantiene Plant\u00f3n en la FGE Exigiendo Justicia  (Quintana Roo)","author":"grieta","date":"5 enero, 2025","format":false,"excerpt":"Antonio Brice\u00f1o \/ CAMBIO 22 Madres integrantes del colectivo demandan avances en las investigaciones por personas desaparecidas. A trav\u00e9s de pancartas y murales, protestan en las instalaciones de la Fiscal\u00eda General del Estado en Chetumal Chetumal, 5 de enero.- La noche del 4 de enero, el colectivo Madres Buscadoras de\u2026","rel":"","context":"En &quot;acciones por desaparecidos&quot;","block_context":{"text":"acciones por desaparecidos","link":"https:\/\/www.grieta.org.mx\/index.php\/category\/noticias-nacionales\/quintana-roo\/acciones-por-desaparecidos\/"},"img":{"alt_text":"","src":"https:\/\/i0.wp.com\/www.grieta.org.mx\/wp-content\/uploads\/2025\/01\/Buscadoras-e1737501396705.jpg?resize=350%2C200&ssl=1","width":350,"height":200,"srcset":"https:\/\/i0.wp.com\/www.grieta.org.mx\/wp-content\/uploads\/2025\/01\/Buscadoras-e1737501396705.jpg?resize=350%2C200&ssl=1 1x, https:\/\/i0.wp.com\/www.grieta.org.mx\/wp-content\/uploads\/2025\/01\/Buscadoras-e1737501396705.jpg?resize=525%2C300&ssl=1 1.5x, https:\/\/i0.wp.com\/www.grieta.org.mx\/wp-content\/uploads\/2025\/01\/Buscadoras-e1737501396705.jpg?resize=700%2C400&ssl=1 2x"},"classes":[]}],"_links":{"self":[{"href":"https:\/\/www.grieta.org.mx\/index.php\/wp-json\/wp\/v2\/posts\/60744","targetHints":{"allow":["GET"]}}],"collection":[{"href":"https:\/\/www.grieta.org.mx\/index.php\/wp-json\/wp\/v2\/posts"}],"about":[{"href":"https:\/\/www.grieta.org.mx\/index.php\/wp-json\/wp\/v2\/types\/post"}],"author":[{"embeddable":true,"href":"https:\/\/www.grieta.org.mx\/index.php\/wp-json\/wp\/v2\/users\/2"}],"replies":[{"embeddable":true,"href":"https:\/\/www.grieta.org.mx\/index.php\/wp-json\/wp\/v2\/comments?post=60744"}],"version-history":[{"count":1,"href":"https:\/\/www.grieta.org.mx\/index.php\/wp-json\/wp\/v2\/posts\/60744\/revisions"}],"predecessor-version":[{"id":60752,"href":"https:\/\/www.grieta.org.mx\/index.php\/wp-json\/wp\/v2\/posts\/60744\/revisions\/60752"}],"wp:featuredmedia":[{"embeddable":true,"href":"https:\/\/www.grieta.org.mx\/index.php\/wp-json\/wp\/v2\/media\/60745"}],"wp:attachment":[{"href":"https:\/\/www.grieta.org.mx\/index.php\/wp-json\/wp\/v2\/media?parent=60744"}],"wp:term":[{"taxonomy":"category","embeddable":true,"href":"https:\/\/www.grieta.org.mx\/index.php\/wp-json\/wp\/v2\/categories?post=60744"},{"taxonomy":"post_tag","embeddable":true,"href":"https:\/\/www.grieta.org.mx\/index.php\/wp-json\/wp\/v2\/tags?post=60744"}],"curies":[{"name":"wp","href":"https:\/\/api.w.org\/{rel}","templated":true}]}}