{"id":60679,"date":"2021-07-18T12:49:01","date_gmt":"2021-07-18T17:49:01","guid":{"rendered":"https:\/\/www.grieta.org.mx\/?p=60679"},"modified":"2021-07-20T12:58:01","modified_gmt":"2021-07-20T17:58:01","slug":"responden-madres-de-desaparecidos-una-disculpa-no-basta-tamaulipas","status":"publish","type":"post","link":"https:\/\/www.grieta.org.mx\/index.php\/2021\/07\/18\/responden-madres-de-desaparecidos-una-disculpa-no-basta-tamaulipas\/","title":{"rendered":"RESPONDEN MADRES DE DESAPARECIDOS: UNA DISCULPA NO BASTA (Tamaulipas)"},"content":{"rendered":"<p>Gloria Leticia D\u00edaz\/La Jornada Aguascalientes<br \/>\n18 julio 2021<\/p>\n<p>Hace m\u00e1s de tres a\u00f1os miembros de la Secretar\u00eda de Marina (Semar) detuvieron en Nuevo Laredo, Tamaulipas, a los hijos de \u00c9rika Arredondo y Mar\u00eda del Rosario Navarro; desde entonces no tienen noticias de ellos.<\/p>\n<p>Ambas consideran un \u201csinsentido\u201d e \u201cinsuficiente\u201d el acto de disculpa p\u00fablica llevado a cabo el martes 13 como parte del cumplimiento de la recomendaci\u00f3n 36VG\/2020 de la Comisi\u00f3n Nacional de los Derechos Humanos (CNDH) por las graves violaciones a derechos humanos cometidas por personal naval en agravio de 27 personas.<\/p>\n<p>El acto protocolario en la plaza Primero de Mayo de la ciudad fronteriza fue encabezado por el subsecretario de Derechos Humanos, Poblaci\u00f3n y Migraci\u00f3n, Alejandro Encinas Rodr\u00edguez. En \u00e9l participaron el titular de la Unidad de Promoci\u00f3n y Protecci\u00f3n de Derechos Humanos de la Semar, Ramiro Lobato Camacho, as\u00ed como representantes del gobierno municipal y estatal.<\/p>\n<p>Ante familiares de las v\u00edctimas de hechos ocurridos entre febrero y mayo de 2018, el funcionario de la Semar admiti\u00f3 que ninguna palabra \u201cpodr\u00e1 redimir el perjuicio del que han sido objeto las v\u00edctimas\u201d; consider\u00f3 que \u201ces la ruta hacia una verdad que las dignifique, adem\u00e1s de que les brinde consuelo, atenci\u00f3n y apoyo a los afectados\u201d, y ofreci\u00f3 la colaboraci\u00f3n institucional para agotar las indagatorias \u201chacia el pleno acceso a la justicia, por el bien de M\u00e9xico\u201d.<\/p>\n<p>Como la autoridad del Gobierno Federal de m\u00e1s alto rango en el evento, Encinas Rodr\u00edguez abog\u00f3 por terminar con la impunidad \u201csi queremos fortalecer al Estado mexicano y a sus instituciones\u201d, alentando a que el Poder Judicial \u201ccumpla con su responsabilidad\u201d para garantizar el acceso a la justicia y el derecho a la no repetici\u00f3n de los hechos.<\/p>\n<p>\u00c9rika y Mar\u00eda del Rosario son madres de Julio C\u00e9sar Viramontes Arredondo y Juan Carlos P\u00e9rez Navarro, dos de los tres casos en los que la Fiscal\u00eda Especializada en Investigaci\u00f3n de los Delitos de Desaparici\u00f3n Forzada, dependiente la Fiscal\u00eda General de la Rep\u00fablica (FGR), encontr\u00f3 indicios suficientes para judicializarlos.<\/p>\n<p>Esc\u00e9pticas, despu\u00e9s de m\u00e1s de tres a\u00f1os de exigir la presentaci\u00f3n de sus hijos, las mujeres coinciden, en entrevistas por separado, en que la disculpa p\u00fablica no alivia su pesar.<\/p>\n<p>\u201cUna disculpa p\u00fablica no sirve de nada. \u00bfQue hacen historia porque nunca lo hab\u00edan hecho? \u00a1Que hagan historia regresando a nuestros hijos! \u00a1Que hagan historia busc\u00e1ndolos, encontr\u00e1ndolos! Que me regresen a mi hijo. Para m\u00ed eso s\u00ed ser\u00eda hacer historia\u201d, dice \u00c9rika Arredondo.<\/p>\n<p>Ella no tiene noticias de su hijo Julio C\u00e9sar desde el 19 de febrero de 2018, luego de que el joven, que entonces ten\u00eda 23 a\u00f1os, fuera detenido por marinos que embistieron el veh\u00edculo en el que viajaba como copiloto. <\/p>\n<p>Las inercias<\/p>\n<p>Durante los tres primeros d\u00edas de la detenci\u00f3n de Julio C\u00e9sar, la geolocalizaci\u00f3n de su celular lo ubic\u00f3 en las dos bases de operaciones que ten\u00eda la Unidad de Operaciones Especiales de la Semar en Nuevo Laredo; la \u00faltima vez, en la carretera a Nuevo Le\u00f3n, entidad donde el grupo de \u00e9lite de la Marina ten\u00eda otra base de operaciones, en el municipio de Colombia.<\/p>\n<p>\u201cPor la desaparici\u00f3n de mi hijo hay 11 marinos detenidos, entre ellos un mando, Salvador Ger\u00f3nimo Ram\u00edrez, pero ninguno ha dicho qu\u00e9 hicieron con mi hijo. Hay uno que s\u00ed reconoce el accidente, que se llevaron a mi hijo, que lo llevaron al cuartel de la (avenida) Leona Vicario, que estuvo ah\u00ed hasta el martes (20), luego que el mi\u00e9rcoles lo llevaron al cuartel del Laguito (a las afueras de Nuevo Laredo), que el jueves lo sacaron de ah\u00ed pero que \u00e9l ya no supo a d\u00f3nde lo llevaron\u201d, asegura Arredondo.<\/p>\n<p>Al t\u00e9rmino del acto protocolario del martes 13, dice, en reuni\u00f3n privada con el subsecretario Encinas, ella y Mar\u00eda del Rosario le reiteraron la exigencia de dar con el paradero de las v\u00edctimas de la Marina en 2018.<\/p>\n<p>\u201cPara nosotros lo m\u00e1s importante es que nos digan d\u00f3nde est\u00e1n nuestros familiares, que se haga justicia y que las personas que ya est\u00e1n vinculadas a proceso cooperen, que nos digan d\u00f3nde est\u00e1n, al menos para m\u00ed eso es lo m\u00e1s importante\u201d, resalta \u00c9rika.<\/p>\n<p>Mar\u00eda del Rosario apunta: \u201cSi los funcionarios vinieron a disculparse, es porque saben que fueron los marinos qui\u00e9nes se llevaron a nuestros hijos. Que nos digan entonces d\u00f3nde est\u00e1n o d\u00f3nde los dejaron o qu\u00e9 hicieron con ellos\u201d.<\/p>\n<p>El 21 de mayo de 2018, marinos que de manera irregular fung\u00edan como guardaespaldas del alcalde de Nuevo Laredo, Enrique Rivas Cu\u00e9llar, detuvieron a su hijo Juan Carlos, de 26 a\u00f1os, cuando se encontraba en una gasoliner\u00eda cercana al evento de cierre de campa\u00f1a del pol\u00edtico panista en busca de su reelecci\u00f3n.<\/p>\n<p>\u201cLos marinos empezaron a disparar. Mi hijo se asust\u00f3, se subi\u00f3 a su carro y se volte\u00f3. Los marinos lo persiguieron en las camionetas clonadas que ten\u00eda el presidente a su servicio y se llevaron a mi hijo en las barbas del presidente municipal, quien no par\u00f3 la balacera\u201d, cuenta Rosario. Dice que horas despu\u00e9s de la detenci\u00f3n acudi\u00f3 a instalaciones navales para preguntar por su hijo.<\/p>\n<p>\u201cFui al cuartel de Laguito y me dice uno de los marinos: \u2018\u00bfQui\u00e9n es su hijo? Porque aqu\u00ed tenemos a muchos\u2019. Le di la foto de mi hijo, se meti\u00f3 al cuartel y ya no sali\u00f3. C\u00f3mo me hubiera gustado haber grabado al marino, pero yo andaba con mi dolor tan grande de madre que no se me ocurri\u00f3 en ese momento\u201d, apunta.<\/p>\n<p>Por la desaparici\u00f3n de Juan Carlos hay 13 marinos procesados, entre ellos Alfredo Reyes Mondrag\u00f3n, quien estaba al frente de la Unidad de Operaciones Especiales de la Marina en Nuevo Laredo. <\/p>\n<p>A m\u00e1s de tres a\u00f1os de la desaparici\u00f3n de su hijo, ella insiste: \u201cCon una disculpa los marinos quieren tapar los hechos. Que nos digan d\u00f3nde los dejaron, d\u00f3nde est\u00e1n. Nos dicen que hay 30 marinos detenidos pero ninguno ha dicho d\u00f3nde est\u00e1n nuestros hijos\u201d.<\/p>\n<p>El pacto de muerte<\/p>\n<p>Raymundo Ramos V\u00e1zquez, presidente del Comit\u00e9 de Derechos Humanos de Nuevo Laredo (CDHNL), representante legal de las familias de los desaparecidos, advierte que, de manera informal, han recibido informaci\u00f3n de personas cercanas a marinos en torno a \u201cque hay un pacto de muerte, un pacto de silencio en la Unidad de Operaciones Especiales, para que ning\u00fan marino de los que estuvieron en Nuevo Laredo proporcione informaci\u00f3n a la CNDH, a la FGR y a la propia Semar sobre lo que pas\u00f3 entre diciembre de 2017 y mayo de 2018. Les dicen que no colaboren en las investigaciones, so pena de muerte para ellos y sus familiares; necesitamos romper ese pacto de muerte\u201d.<\/p>\n<p>Recuerda que durante ese periodo Marco Antonio Ortega Siu \u2013art\u00edfice de la detenci\u00f3n de Joaqu\u00edn Guzm\u00e1n Loera en 2016\u2013 estuvo al frente de la Unidad de Operaciones Especiales. Y llama a las autoridades a investigar la cadena de mando para esclarecer las desapariciones forzadas atribuidas a ese cuerpo especial de la Marina, que entre diciembre de 2017 y mayo de 2018 oper\u00f3 en Nuevo Laredo y municipios vecinos de esa entidad y Coahuila.<\/p>\n<p>\u201cEse grupo de \u00e9lite ten\u00eda oficialmente tres bases de operaciones, dos en Nuevo Laredo, uno en Colombia, Nuevo Le\u00f3n, y otro clandestino en el rancho El Vergel, en Hidalgo, Coahuila.<\/p>\n<p>\u201cEl CDHNL pudo documentar casos que involucran a 47 v\u00edctimas, que incluso fueron denunciados ante la FGR, deriv\u00e1ndose 34 carpetas de investigaci\u00f3n. Pero tenemos indicios de que pudieron haber ocurrido 60 desapariciones s\u00f3lo en Nuevo Laredo. Sumados a los casos ocurridos en las otras \u00e1reas de influencia en Nuevo Le\u00f3n y Coahuila, podr\u00edan llegar a 80 desapariciones forzadas\u201d, sostiene \u00adRamos.<\/p>\n<p>Ramos V\u00e1zquez admite que la deficiente actuaci\u00f3n de la Fiscal\u00eda Especializada a cargo de Abel Galv\u00e1n, quien est\u00e1 en ese cargo desde el sexenio de Enrique Pe\u00f1a Nieto, ha impedido la judicializaci\u00f3n de m\u00e1s casos que involucran a marinos y autoridades locales.<\/p>\n<p>Un caso concreto tiene que ver con dos camionetas clonadas con logotipos de la Marina descubiertas el 15 de agosto de 2018 en instalaciones del C-4 de Nuevo Laredo. Presuntamente las utilizaron los marinos adscritos al grupo de \u00e9lite \u201cal servicio\u201d del alcalde Rivas Cu\u00e9llar, seg\u00fan informaron los medios locales.<\/p>\n<p>Ramos narra que hay informaci\u00f3n p\u00fablica sobre las reuniones entre el gobernador Francisco Javier Garc\u00eda Cabeza de Vaca y Ortega Siu. Apunta que las actividades de la Unidad de Operaciones Especiales \u201cno se pudieron haber dado sin el aval del presidente municipal y sin el visto bueno del gobernador de Tamaulipas, por lo que deben tambi\u00e9n ser llamados a cuentas\u201d.<\/p>\n<p>El defensor pide a las autoridades llamar a cuentas a Ortega Siu y \u201cromper el pacto de silencio\u201d que impide a los 30 marinos detenidos revelar el paradero de los desaparecidos.<\/p>\n<p>\u201cLa petici\u00f3n central es: \u2018S\u00ed queremos justicia, pero mucho antes queremos saber d\u00f3nde est\u00e1n las personas que nos faltan. Y si los marinos contribuyen, nosotros pedir\u00edamos al juez a trav\u00e9s de los asesores jur\u00eddicos o de la CNDH que se declararan testigos protegidos bajo el criterio de oportunidad. Pero no vamos a tener \u00e9xito mientras no se rompa ese pacto de silencio\u201d, puntualiza Ramos.<\/p>\n<p><a href=\"https:\/\/www.lja.mx\/2021\/07\/responden-madres-de-desaparecidos-una-disculpa-no-basta\/\" rel=\"noopener\" target=\"_blank\">https:\/\/www.lja.mx\/2021\/07\/responden-madres-de-desaparecidos-una-disculpa-no-basta\/<\/a><\/p>\n","protected":false},"excerpt":{"rendered":"<p>Gloria Leticia D\u00edaz\/La Jornada Aguascalientes 18 julio 2021 Hace m\u00e1s de tres a\u00f1os miembros de la Secretar\u00eda de Marina (Semar) detuvieron en Nuevo Laredo, Tamaulipas, a los hijos de \u00c9rika &hellip; <a href=\"https:\/\/www.grieta.org.mx\/index.php\/2021\/07\/18\/responden-madres-de-desaparecidos-una-disculpa-no-basta-tamaulipas\/\" class=\"more-link\">Leer m\u00e1s<\/a><\/p>\n","protected":false},"author":2,"featured_media":60681,"comment_status":"closed","ping_status":"closed","sticky":false,"template":"","format":"standard","meta":{"ngg_post_thumbnail":0,"_jetpack_newsletter_access":"","_jetpack_dont_email_post_to_subs":false,"_jetpack_newsletter_tier_id":0,"_jetpack_memberships_contains_paywalled_content":false,"_jetpack_memberships_contains_paid_content":false,"footnotes":""},"categories":[80,87,1197,2,33,83],"tags":[1828,121,3975,1790],"class_list":["post-60679","post","type-post","status-publish","format-standard","has-post-thumbnail","hentry","category-cintillo","category-desaparecidos","category-desaparecidos-en-tamaulipas","category-noticias-nacionales","category-tamaulipas","category-temas-nacionales","tag-busqueda-de-desaparecidos","tag-desaparecidos","tag-madres-de-desaparecidos","tag-semar","entry"],"jetpack_featured_media_url":"https:\/\/www.grieta.org.mx\/wp-content\/uploads\/2021\/07\/madres-desaparecidos-marina.jpg","jetpack_sharing_enabled":true,"jetpack_shortlink":"https:\/\/wp.me\/p7ZJR4-fMH","jetpack_likes_enabled":false,"jetpack-related-posts":[{"id":31583,"url":"https:\/\/www.grieta.org.mx\/index.php\/2019\/04\/02\/buscaran-desaparecidos-en-cuartel-de-la-marina-en-nuevo-laredo-tamaulipas\/","url_meta":{"origin":60679,"position":0},"title":"Buscar\u00e1n desaparecidos en cuartel de la Marina en Nuevo Laredo (Tamaulipas)","author":"grieta","date":"2 abril, 2019","format":false,"excerpt":"El Bravo El cuartel oper\u00f3 durante varios meses en el cruce de la calle Arteaga y avenida Leona Vicario, en la colonia Victoria. Personal de la Fiscal\u00eda General de Justicia de Tamaulipas (FGJE) realizar\u00e1 una inspecci\u00f3n con un binomio canino en lo que fue un cuartel que us\u00f3 personal de\u2026","rel":"","context":"En &quot;CINTILLO&quot;","block_context":{"text":"CINTILLO","link":"https:\/\/www.grieta.org.mx\/index.php\/category\/cintillo\/"},"img":{"alt_text":"","src":"https:\/\/i0.wp.com\/www.grieta.org.mx\/wp-content\/uploads\/2019\/04\/Buscar%C3%A1n-desaparecidos-en-cuartel-de-la-Marina-en-Nuevo-Laredo-tama-abr.jpg?resize=350%2C200&ssl=1","width":350,"height":200,"srcset":"https:\/\/i0.wp.com\/www.grieta.org.mx\/wp-content\/uploads\/2019\/04\/Buscar%C3%A1n-desaparecidos-en-cuartel-de-la-Marina-en-Nuevo-Laredo-tama-abr.jpg?resize=350%2C200&ssl=1 1x, https:\/\/i0.wp.com\/www.grieta.org.mx\/wp-content\/uploads\/2019\/04\/Buscar%C3%A1n-desaparecidos-en-cuartel-de-la-Marina-en-Nuevo-Laredo-tama-abr.jpg?resize=525%2C300&ssl=1 1.5x"},"classes":[]},{"id":33319,"url":"https:\/\/www.grieta.org.mx\/index.php\/2019\/05\/10\/marchan-madres-en-nuevo-leon-por-sus-hijos-desaparecidos\/","url_meta":{"origin":60679,"position":1},"title":"Marchan madres en Nuevo Le\u00f3n por sus hijos desaparecidos","author":"grieta","date":"10 mayo, 2019","format":false,"excerpt":"Aracely Chantaka \/ Vanguardia La movilizaci\u00f3n se registr\u00f3, este viernes, en el marco del D\u00eda de las Madres y congreg\u00f3 a decenas de integrantes de esa agrupaci\u00f3n que es respaldada por Ciudadanos en Apoyo a los Derechos Humanos (Cadhac) Monterrey, Nuevo Le\u00f3n.- La ausencia de un hijo desaparecido no se\u2026","rel":"","context":"En &quot;CINTILLO&quot;","block_context":{"text":"CINTILLO","link":"https:\/\/www.grieta.org.mx\/index.php\/category\/cintillo\/"},"img":{"alt_text":"","src":"https:\/\/i0.wp.com\/www.grieta.org.mx\/wp-content\/uploads\/2019\/05\/Marchan-madres-en-Nuevo-Le%C3%B3n-por-sus-hijos-desaparecidos-nl-may.jpg?resize=350%2C200&ssl=1","width":350,"height":200,"srcset":"https:\/\/i0.wp.com\/www.grieta.org.mx\/wp-content\/uploads\/2019\/05\/Marchan-madres-en-Nuevo-Le%C3%B3n-por-sus-hijos-desaparecidos-nl-may.jpg?resize=350%2C200&ssl=1 1x, https:\/\/i0.wp.com\/www.grieta.org.mx\/wp-content\/uploads\/2019\/05\/Marchan-madres-en-Nuevo-Le%C3%B3n-por-sus-hijos-desaparecidos-nl-may.jpg?resize=525%2C300&ssl=1 1.5x, https:\/\/i0.wp.com\/www.grieta.org.mx\/wp-content\/uploads\/2019\/05\/Marchan-madres-en-Nuevo-Le%C3%B3n-por-sus-hijos-desaparecidos-nl-may.jpg?resize=700%2C400&ssl=1 2x"},"classes":[]},{"id":33162,"url":"https:\/\/www.grieta.org.mx\/index.php\/2019\/05\/08\/desfilaran-colectivos-por-los-desaparecidos-tamaulipas\/","url_meta":{"origin":60679,"position":2},"title":"Desfilar\u00e1n colectivos por los desaparecidos (Tamaulipas)","author":"grieta","date":"8 mayo, 2019","format":false,"excerpt":"Alejandro Echartea \/ El Ma\u00f1ana MARCHAS. Este viernes habr\u00e1 caminatas de colectivos en las ciudades de Victoria y Reynosa. Cd. Victoria, Tam.- El Colectivo de Familiares y Amigos de Personas Desaparecidas realizar\u00e1 una caminata este viernes 10 de mayo, en conmemoraci\u00f3n de los miles de desaparecidos y en recuerdo del\u2026","rel":"","context":"En &quot;CINTILLO&quot;","block_context":{"text":"CINTILLO","link":"https:\/\/www.grieta.org.mx\/index.php\/category\/cintillo\/"},"img":{"alt_text":"","src":"https:\/\/i0.wp.com\/www.grieta.org.mx\/wp-content\/uploads\/2019\/05\/Desfilar%C3%A1n-colectivos-por-los-desaparecidos-tama-may.jpg?resize=350%2C200&ssl=1","width":350,"height":200,"srcset":"https:\/\/i0.wp.com\/www.grieta.org.mx\/wp-content\/uploads\/2019\/05\/Desfilar%C3%A1n-colectivos-por-los-desaparecidos-tama-may.jpg?resize=350%2C200&ssl=1 1x, https:\/\/i0.wp.com\/www.grieta.org.mx\/wp-content\/uploads\/2019\/05\/Desfilar%C3%A1n-colectivos-por-los-desaparecidos-tama-may.jpg?resize=525%2C300&ssl=1 1.5x"},"classes":[]},{"id":33367,"url":"https:\/\/www.grieta.org.mx\/index.php\/2019\/05\/11\/recuerdan-madres-a-sus-hijos-desaparecidos-tamaulipas\/","url_meta":{"origin":60679,"position":3},"title":"Recuerdan madres a sus hijos desaparecidos (Tamaulipas)","author":"grieta","date":"11 mayo, 2019","format":false,"excerpt":"El Ma\u00f1ana Un contingente de casi 100 personas comenz\u00f3 la marcha por los desaparecidos de Tamaulipas CIUDAD VICTORIA, TAMAULIPAS.- Al grito de \u201cVivos se los llevaron, vivos los queremos\u201d, un contingente de casi 100 personas march\u00f3 por los desaparecidos de Tamaulipas. Cerca de las 6:00 de la tarde, familiares de\u2026","rel":"","context":"En &quot;CINTILLO&quot;","block_context":{"text":"CINTILLO","link":"https:\/\/www.grieta.org.mx\/index.php\/category\/cintillo\/"},"img":{"alt_text":"","src":"https:\/\/i0.wp.com\/www.grieta.org.mx\/wp-content\/uploads\/2019\/05\/Recuerdan-madres-a-sus-hijos-desaparecidos-tama-may.jpg?resize=350%2C200&ssl=1","width":350,"height":200,"srcset":"https:\/\/i0.wp.com\/www.grieta.org.mx\/wp-content\/uploads\/2019\/05\/Recuerdan-madres-a-sus-hijos-desaparecidos-tama-may.jpg?resize=350%2C200&ssl=1 1x, https:\/\/i0.wp.com\/www.grieta.org.mx\/wp-content\/uploads\/2019\/05\/Recuerdan-madres-a-sus-hijos-desaparecidos-tama-may.jpg?resize=525%2C300&ssl=1 1.5x, https:\/\/i0.wp.com\/www.grieta.org.mx\/wp-content\/uploads\/2019\/05\/Recuerdan-madres-a-sus-hijos-desaparecidos-tama-may.jpg?resize=700%2C400&ssl=1 2x"},"classes":[]},{"id":46051,"url":"https:\/\/www.grieta.org.mx\/index.php\/2020\/03\/01\/colectivos-exigen-destitucion-del-coordinador-de-cndh-en-tamaulipas\/","url_meta":{"origin":60679,"position":4},"title":"Colectivos exigen destituci\u00f3n del coordinador de CNDH en Tamaulipas","author":"grieta","date":"1 marzo, 2020","format":false,"excerpt":"Carlos Manuel Ju\u00e1rez\/Aristegui Noticias 1 marzo 2020 Acusan a Guillermo Guti\u00e9rrez Riestra de declarar que las b\u00fasquedas de desaparecidos en la zona sur del estado son un fracaso. Carlos Manuel Ju\u00e1rez Colectivos de buscadoras y buscadores de personas desaparecidas en Tamaulipas exigen la destituci\u00f3n del coordinador de la oficina for\u00e1nea\u2026","rel":"","context":"En &quot;CINTILLO&quot;","block_context":{"text":"CINTILLO","link":"https:\/\/www.grieta.org.mx\/index.php\/category\/cintillo\/"},"img":{"alt_text":"","src":"https:\/\/i0.wp.com\/www.grieta.org.mx\/wp-content\/uploads\/2020\/03\/tamaulipas-reynosa-coordinador-reynosa-tamaulipas-desaparecidos-fracaso-guillermo-gutierrez-riestra-01032020-600x274.jpg?resize=350%2C200&ssl=1","width":350,"height":200,"srcset":"https:\/\/i0.wp.com\/www.grieta.org.mx\/wp-content\/uploads\/2020\/03\/tamaulipas-reynosa-coordinador-reynosa-tamaulipas-desaparecidos-fracaso-guillermo-gutierrez-riestra-01032020-600x274.jpg?resize=350%2C200&ssl=1 1x, https:\/\/i0.wp.com\/www.grieta.org.mx\/wp-content\/uploads\/2020\/03\/tamaulipas-reynosa-coordinador-reynosa-tamaulipas-desaparecidos-fracaso-guillermo-gutierrez-riestra-01032020-600x274.jpg?resize=525%2C300&ssl=1 1.5x"},"classes":[]},{"id":31251,"url":"https:\/\/www.grieta.org.mx\/index.php\/2019\/03\/26\/crearan-grupo-para-localizar-y-revisar-fosas-en-la-frontera-tamaulipas\/","url_meta":{"origin":60679,"position":5},"title":"Crear\u00e1n grupo para localizar y revisar fosas en la frontera (Tamaulipas)","author":"grieta","date":"26 marzo, 2019","format":false,"excerpt":"Viviana Cervantes \/ El Ma\u00f1ana Buscar\u00e1 a desaparecidos la Asociaci\u00f3n Justicia Tamaulipas Reynosa, Tam. La Asociaci\u00f3n Justicia Tamaulipas, dedicada a la b\u00fasqueda de personas desaparecidas, crear\u00e1 un grupo especializado para localizar y revisar las fosas clandestinas que est\u00e1n en la zona fronteriza. Giovanni Barrios Moreno, director del organismo, se\u00f1al\u00f3 que\u2026","rel":"","context":"En &quot;CINTILLO&quot;","block_context":{"text":"CINTILLO","link":"https:\/\/www.grieta.org.mx\/index.php\/category\/cintillo\/"},"img":{"alt_text":"","src":"https:\/\/i0.wp.com\/www.grieta.org.mx\/wp-content\/uploads\/2019\/03\/Crear%C3%A1n-grupo-para-localizar-y-revisar-fosas-en-la-frontera-tama-mzo-300x158.jpg?resize=350%2C200","width":350,"height":200},"classes":[]}],"_links":{"self":[{"href":"https:\/\/www.grieta.org.mx\/index.php\/wp-json\/wp\/v2\/posts\/60679","targetHints":{"allow":["GET"]}}],"collection":[{"href":"https:\/\/www.grieta.org.mx\/index.php\/wp-json\/wp\/v2\/posts"}],"about":[{"href":"https:\/\/www.grieta.org.mx\/index.php\/wp-json\/wp\/v2\/types\/post"}],"author":[{"embeddable":true,"href":"https:\/\/www.grieta.org.mx\/index.php\/wp-json\/wp\/v2\/users\/2"}],"replies":[{"embeddable":true,"href":"https:\/\/www.grieta.org.mx\/index.php\/wp-json\/wp\/v2\/comments?post=60679"}],"version-history":[{"count":1,"href":"https:\/\/www.grieta.org.mx\/index.php\/wp-json\/wp\/v2\/posts\/60679\/revisions"}],"predecessor-version":[{"id":60682,"href":"https:\/\/www.grieta.org.mx\/index.php\/wp-json\/wp\/v2\/posts\/60679\/revisions\/60682"}],"wp:featuredmedia":[{"embeddable":true,"href":"https:\/\/www.grieta.org.mx\/index.php\/wp-json\/wp\/v2\/media\/60681"}],"wp:attachment":[{"href":"https:\/\/www.grieta.org.mx\/index.php\/wp-json\/wp\/v2\/media?parent=60679"}],"wp:term":[{"taxonomy":"category","embeddable":true,"href":"https:\/\/www.grieta.org.mx\/index.php\/wp-json\/wp\/v2\/categories?post=60679"},{"taxonomy":"post_tag","embeddable":true,"href":"https:\/\/www.grieta.org.mx\/index.php\/wp-json\/wp\/v2\/tags?post=60679"}],"curies":[{"name":"wp","href":"https:\/\/api.w.org\/{rel}","templated":true}]}}