{"id":6067,"date":"2016-01-19T04:02:28","date_gmt":"2016-01-19T04:02:28","guid":{"rendered":"http:\/\/50.22.11.12\/~grietaor\/?p=6067"},"modified":"2018-07-06T20:54:02","modified_gmt":"2018-07-07T01:54:02","slug":"mujeres-jovenes-perfil-de-desaparecidas-entre-puebla-y-tlaxcala-2","status":"publish","type":"post","link":"https:\/\/www.grieta.org.mx\/index.php\/2016\/01\/19\/mujeres-jovenes-perfil-de-desaparecidas-entre-puebla-y-tlaxcala-2\/","title":{"rendered":"Mujeres j\u00f3venes, perfil de desaparecidas entre Puebla y Tlaxcala"},"content":{"rendered":"<p>Samantha P\u00e1ez\/e-tlaxcala<\/p>\n<p>El perfil de personas desaparecidas en Tlaxcala es de mujeres j\u00f3venes, de acuerdo con datos del Registro Nacional de Datos de Personas Extraviadas o Desaparecidas.<\/p>\n<p>De los 19 casos reportados, de 2009 a 2015, nueve son mujeres y siete de ellas tienen menos de 18 a\u00f1os de edad.<\/p>\n<p>Este lunes pobladores de San Pablo del Monte, Tlaxcala, cerraron la v\u00eda corta Puebla-Tlaxcala para solicitar mayor seguridad en la zona debido al presunto robo de menores de edad.<\/p>\n<p>El caso m\u00e1s reciente es el de Karla Romero Tezmol, de 11 a\u00f1os de edad, quien fue vista por \u00faltima vez la ma\u00f1ana del 13 de enero cuando se dirig\u00eda a su escuela primaria \u201cCuauht\u00e9moc\u201d.<\/p>\n<p>De acuerdo con el portal e-tlaxcala en los \u00faltimos meses han desaparecido en la comunidad dos mujeres m\u00e1s, Karla y Brenda, \u00e9sta \u00faltima de 20 a\u00f1os, hallada muerta en Tepeaca, Puebla.<\/p>\n<p>Adolescentes entre los 18 a 11 a\u00f1os de edad<\/p>\n<p>En la p\u00e1gina del Registro Nacional de Datos de Personas Extraviadas o Desaparecidas, que depende de la Secretar\u00eda de Gobernaci\u00f3n (Segob) federal, hay 15 reportes de personas desaparecidas del fuero local en Tlaxcala, de 2009 a 2015.<\/p>\n<p>Casi la mitad de casos son de mujeres y cinco de los reportes son de ni\u00f1as o adolescentes entre los 18 a 11 a\u00f1os de edad. Otros dos casos refieren a mujeres de 33 y 37 a\u00f1os de edad.<\/p>\n<p>En el fuero federal se reportaron como desaparecidas cuatro personas, de 2013 a 2015, dos mujeres: Dulce Corona, de 15 a\u00f1os de edad, no localizada desde julio del a\u00f1o pasado, y Nancy Corona Romero, de 16 a\u00f1os, desaparecida desde diciembre de 2013. Las desapariciones fueron notificadas a trav\u00e9s de la Fiscal\u00eda Especial para los Delitos de Violencia Contra las Mujeres y Trata de Personas (Fevimtra) en el Distrito Federal.<\/p>\n<p>Ni\u00f1as desaparecen en zona de tratantes<\/p>\n<p>Durante una reuni\u00f3n con el alcalde de San Pablo del Monte, Jos\u00e9 Isabel Marcelino Rojas Xahuantitla, los padres de las mujeres desaparecidas solicitaron una reuni\u00f3n con la procuradora Alicia Fragoso, debido a que sospechan que los casos est\u00e1n vinculados con la trata de personas.<\/p>\n<p>El temor no es infundado pues Tlaxcala es considerado un foco rojo en el tema de trata de personas, adem\u00e1s de que el pasado 6 de enero se encontr\u00f3 el cuerpo sin vida de Brenda Tlatelpa Mora, oriunda de San Pablo del Monte, en un motel de Tepeaca.<\/p>\n<p>Aunque el Fiscal General de Justicia de Puebla, V\u00edctor Carranc\u00e1 Bourget, se neg\u00f3 a dar detalles sobre el presunto responsable de la muerte de Brenda, de 20 a\u00f1os de edad, originaria tambi\u00e9n de San Pablo, versiones period\u00edsticas apuntan a que se trata de la pareja sentimental de la joven.<\/p>\n<p>Ruta de tratantes<\/p>\n<p>La Comisi\u00f3n Nacional de Derechos Humanos (CNDH), en su Diagn\u00f3stico sobre la Situaci\u00f3n de la Trata de Personas en M\u00e9xico, detect\u00f3 diversas rutas de los tratantes, entre las que se encuentran:<\/p>\n<p>* Tlaxcala-Puebla<\/p>\n<p>* Veracruz-Tlaxcala-Puebla<\/p>\n<p>* Guanajuato-Tlaxcala-Puebla<\/p>\n<p>* Morelos-Tlaxcala-Puebla<\/p>\n<p>* Distrito Federal-Puebla<\/p>\n<p>* Puebla-Tlaxcala-Arizona-Nueva York<\/p>\n<p>En el estudio de 2014 se indica que en Puebla las principales zonas de enganche son Tehuitzingo, Tezuitl\u00e1n, Xiloxochico, Tepeaca, Chignahuapan, Esperanza, San Miguel Xoxtla, Nopalucan, Atlixco, Acatl\u00e1n de Osorio, Zoquiapan, Coronango, Libres, Xonacatepec (Puebla), Tecamachalco, Huauchinango, San Salvador Atoyatempan, Iz\u00facar de Matamoros, Zacatl\u00e1n y Quecholac.<\/p>\n<p>Aunque la explotaci\u00f3n se lleva a cabo principalmente en: Puebla, Tepeaca, San Mart\u00edn Texmelucan, Iz\u00facar de Matamoros, Tehuac\u00e1n, Tecali de Herrera, Tehuitzingo, Tecamachalco, Tezuitl\u00e1n, San Pedro Cholula, Atlixco, Tepexi de Rodr\u00edguez, Ciudad Serd\u00e1n, Chignahuapan, Cuetzalan, Huauchinango, Huaquechula y Zacatl\u00e1n.<\/p>\n<p><a href=\"http:\/\/www.e-consulta.com\/nota\/2016-01-19\/seguridad\/mujeres-jovenes-perfil-de-desaparecidos-en-la-frontera-puebla-tlaxcala\" target=\"_blank\">www.e-consulta.com\/nota\/2016-01-19\/seguridad\/mujeres-jovenes-perfil-de-desaparecidos-en-la-frontera-puebla-tlaxcala<\/a><\/p>\n","protected":false},"excerpt":{"rendered":"<p>Samantha P\u00e1ez\/e-tlaxcala El perfil de personas desaparecidas en Tlaxcala es de mujeres j\u00f3venes, de acuerdo con datos del Registro Nacional de Datos de Personas Extraviadas o Desaparecidas. De los 19 &hellip; <a href=\"https:\/\/www.grieta.org.mx\/index.php\/2016\/01\/19\/mujeres-jovenes-perfil-de-desaparecidas-entre-puebla-y-tlaxcala-2\/\" class=\"more-link\">Leer m\u00e1s<\/a><\/p>\n","protected":false},"author":2,"featured_media":21928,"comment_status":"closed","ping_status":"open","sticky":false,"template":"","format":"standard","meta":{"ngg_post_thumbnail":0,"_jetpack_newsletter_access":"","_jetpack_dont_email_post_to_subs":false,"_jetpack_newsletter_tier_id":0,"_jetpack_memberships_contains_paywalled_content":false,"_jetpack_memberships_contains_paid_content":false,"footnotes":""},"categories":[80,87,1045,1420,1254,1244,2,26,83,307,34,1246,1266],"tags":[121],"class_list":{"0":"post-6067","1":"post","2":"type-post","3":"status-publish","4":"format-standard","5":"has-post-thumbnail","6":"hentry","7":"category-cintillo","8":"category-desaparecidos","9":"category-desaparecidos-en-puebla","10":"category-desaparecidos-en-tlaxcala","11":"category-explotacion-y-abuso-infantil-en-puebla","12":"category-feminicidios-en-puebla","13":"category-noticias-nacionales","14":"category-puebla","15":"category-temas-nacionales","16":"category-tlaxcala","18":"category-trata-de-personas-en-puebla","19":"category-trata-de-personas-en-tlaxcala","20":"tag-desaparecidos","21":"entry"},"jetpack_featured_media_url":"https:\/\/www.grieta.org.mx\/wp-content\/uploads\/2018\/03\/14524434_1106112876131411_958039263622046936_o.jpg","jetpack_sharing_enabled":true,"jetpack_shortlink":"https:\/\/wp.me\/p7ZJR4-1zR","jetpack_likes_enabled":false,"jetpack-related-posts":[{"id":20903,"url":"https:\/\/www.grieta.org.mx\/index.php\/2016\/09\/04\/evaluaran-pertinencia-de-alerta-de-violencia-de-genero-contra-mujeres-en-tlaxcala\/","url_meta":{"origin":6067,"position":0},"title":"Evaluar\u00e1n pertinencia de Alerta de Violencia de G\u00e9nero contra Mujeres en Tlaxcala","author":"grieta","date":"4 septiembre, 2016","format":false,"excerpt":"Por Samatha P\u00e1ez El pasado 30 de agosto la titular del Instituto Nacional de la Mujeres (Inmujeres), Lorena Cruz S\u00e1nchez, notific\u00f3 a la organizaci\u00f3n Todos para Todos la admisi\u00f3n de la solicitud para declarar la Alerta por Violencia de G\u00e9nero contra las Mujeres (AVGM) en 13 municipios de Tlaxcala, debido\u2026","rel":"","context":"En &quot;CINTILLO&quot;","block_context":{"text":"CINTILLO","link":"https:\/\/www.grieta.org.mx\/index.php\/category\/cintillo\/"},"img":{"alt_text":"","src":"https:\/\/i0.wp.com\/www.grieta.org.mx\/wp-content\/uploads\/2016\/09\/trata-tlaxcala-el-universal.jpg?resize=350%2C200&ssl=1","width":350,"height":200,"srcset":"https:\/\/i0.wp.com\/www.grieta.org.mx\/wp-content\/uploads\/2016\/09\/trata-tlaxcala-el-universal.jpg?resize=350%2C200&ssl=1 1x, https:\/\/i0.wp.com\/www.grieta.org.mx\/wp-content\/uploads\/2016\/09\/trata-tlaxcala-el-universal.jpg?resize=525%2C300&ssl=1 1.5x, https:\/\/i0.wp.com\/www.grieta.org.mx\/wp-content\/uploads\/2016\/09\/trata-tlaxcala-el-universal.jpg?resize=700%2C400&ssl=1 2x"},"classes":[]},{"id":22129,"url":"https:\/\/www.grieta.org.mx\/index.php\/2018\/03\/15\/acumula-puebla-la-septima-mayor-cifra-de-personas-desaparecidas-en-el-pais\/","url_meta":{"origin":6067,"position":1},"title":"Acumula Puebla la s\u00e9ptima mayor cifra de personas desaparecidas en el pa\u00eds","author":"grieta","date":"15 marzo, 2018","format":false,"excerpt":"Al corte del 31 de enero de 2018, el\u00a0estado de Puebla\u00a0tuvo un total de\u00a0mil 852 registros\u00a0de personas relacionadas con averiguaciones previas del fuero com\u00fan que\u00a0permanecen sin localizar, la s\u00e9ptima cifra m\u00e1s alta de las 32 entidades federativas. En el fuero federal las\u00a0averiguaciones previas\u00a0por personas no localizadas en la entidad poblana\u2026","rel":"","context":"En &quot;CINTILLO&quot;","block_context":{"text":"CINTILLO","link":"https:\/\/www.grieta.org.mx\/index.php\/category\/cintillo\/"},"img":{"alt_text":"","src":"https:\/\/i0.wp.com\/www.grieta.org.mx\/wp-content\/uploads\/2018\/03\/desaparecidos-puebla-cifras-nac.jpg?resize=350%2C200&ssl=1","width":350,"height":200,"srcset":"https:\/\/i0.wp.com\/www.grieta.org.mx\/wp-content\/uploads\/2018\/03\/desaparecidos-puebla-cifras-nac.jpg?resize=350%2C200&ssl=1 1x, https:\/\/i0.wp.com\/www.grieta.org.mx\/wp-content\/uploads\/2018\/03\/desaparecidos-puebla-cifras-nac.jpg?resize=525%2C300&ssl=1 1.5x"},"classes":[]},{"id":32935,"url":"https:\/\/www.grieta.org.mx\/index.php\/2019\/04\/26\/son-de-puebla-41-de-mujeres-explotadas-sexualmente-en-eu\/","url_meta":{"origin":6067,"position":2},"title":"Son de Puebla 41% de mujeres explotadas sexualmente en EU","author":"grieta","date":"26 abril, 2019","format":false,"excerpt":"Karen Meza \/ El Sol de Puebla El 30 por ciento de las v\u00edctimas de explotaci\u00f3n sexual en Puebla durante 2018 fueron mujeres menores de 18 a\u00f1os, report\u00f3 el Secretariado Ejecutivo del Sistema Nacional de Seguridad P\u00fablica (SESNSP). De acuerdo a los registros ante la Fiscal\u00eda General del Estado (FGE)\u2026","rel":"","context":"En &quot;CINTILLO&quot;","block_context":{"text":"CINTILLO","link":"https:\/\/www.grieta.org.mx\/index.php\/category\/cintillo\/"},"img":{"alt_text":"","src":"https:\/\/i0.wp.com\/www.grieta.org.mx\/wp-content\/uploads\/2019\/05\/trata-de-personas.jpg?resize=350%2C200&ssl=1","width":350,"height":200,"srcset":"https:\/\/i0.wp.com\/www.grieta.org.mx\/wp-content\/uploads\/2019\/05\/trata-de-personas.jpg?resize=350%2C200&ssl=1 1x, https:\/\/i0.wp.com\/www.grieta.org.mx\/wp-content\/uploads\/2019\/05\/trata-de-personas.jpg?resize=525%2C300&ssl=1 1.5x, https:\/\/i0.wp.com\/www.grieta.org.mx\/wp-content\/uploads\/2019\/05\/trata-de-personas.jpg?resize=700%2C400&ssl=1 2x"},"classes":[]},{"id":6062,"url":"https:\/\/www.grieta.org.mx\/index.php\/2016\/03\/12\/omision-de-autoridades-en-tlaxcala-ha-permitido-que-en-35-municipios-haya-redes-de-trata-hay-politica-de-simulacion-en-torno-al-fenomeno\/","url_meta":{"origin":6067,"position":3},"title":"Omisi\u00f3n de autoridades en Tlaxcala ha permitido que en 35 municipios haya redes de trata; \u201chay pol\u00edtica de simulaci\u00f3n en torno al fen\u00f3meno\u201d","author":"grieta","date":"12 marzo, 2016","format":false,"excerpt":"Edgar Rosas\/Revoluci\u00f3n Tres Punto Cero El fen\u00f3meno de la desaparici\u00f3n de ni\u00f1as y mujeres en Tlaxcala, que est\u00e1 relacionado con las redes de trata que imperan en la entidad, ha crecido de manera alarmante en los \u00faltimos a\u00f1os. Esta problem\u00e1tica se ha incrementado por la omisi\u00f3n de las autoridades, que\u2026","rel":"","context":"En &quot;CINTILLO&quot;","block_context":{"text":"CINTILLO","link":"https:\/\/www.grieta.org.mx\/index.php\/category\/cintillo\/"},"img":{"alt_text":"","src":"https:\/\/i0.wp.com\/www.grieta.org.mx\/wp-content\/uploads\/2018\/03\/14524434_1106112876131411_958039263622046936_o.jpg?resize=350%2C200&ssl=1","width":350,"height":200,"srcset":"https:\/\/i0.wp.com\/www.grieta.org.mx\/wp-content\/uploads\/2018\/03\/14524434_1106112876131411_958039263622046936_o.jpg?resize=350%2C200&ssl=1 1x, https:\/\/i0.wp.com\/www.grieta.org.mx\/wp-content\/uploads\/2018\/03\/14524434_1106112876131411_958039263622046936_o.jpg?resize=525%2C300&ssl=1 1.5x, https:\/\/i0.wp.com\/www.grieta.org.mx\/wp-content\/uploads\/2018\/03\/14524434_1106112876131411_958039263622046936_o.jpg?resize=700%2C400&ssl=1 2x"},"classes":[]},{"id":56855,"url":"https:\/\/www.grieta.org.mx\/index.php\/2020\/09\/29\/feministas-senalan-sistema-proxeneta-en-tlaxcala\/","url_meta":{"origin":6067,"position":4},"title":"Feministas se\u00f1alan sistema proxeneta en Tlaxcala","author":"Admin","date":"29 septiembre, 2020","format":false,"excerpt":"Iztel Nicte Uc Dom\u00ednguez \/ La Silla Rota De 2011 a 2016 se registraron 200 denuncias por trata de personas con fines de explotaci\u00f3n sexual en Tlaxcala. \u201cDurante el mismo periodo solo se han registrado 13 sentencias condenatorias\u201d, se\u00f1al\u00f3 Alma Carina Cuevas, durante la conferencia semanal de Nosotras Tenemos Otros\u2026","rel":"","context":"En &quot;CINTILLO&quot;","block_context":{"text":"CINTILLO","link":"https:\/\/www.grieta.org.mx\/index.php\/category\/cintillo\/"},"img":{"alt_text":"","src":"https:\/\/i0.wp.com\/www.grieta.org.mx\/wp-content\/uploads\/2021\/02\/Captura-de-Pantalla-2021-02-08-a-las-19.53.14.png?resize=350%2C200&ssl=1","width":350,"height":200,"srcset":"https:\/\/i0.wp.com\/www.grieta.org.mx\/wp-content\/uploads\/2021\/02\/Captura-de-Pantalla-2021-02-08-a-las-19.53.14.png?resize=350%2C200&ssl=1 1x, https:\/\/i0.wp.com\/www.grieta.org.mx\/wp-content\/uploads\/2021\/02\/Captura-de-Pantalla-2021-02-08-a-las-19.53.14.png?resize=525%2C300&ssl=1 1.5x, https:\/\/i0.wp.com\/www.grieta.org.mx\/wp-content\/uploads\/2021\/02\/Captura-de-Pantalla-2021-02-08-a-las-19.53.14.png?resize=700%2C400&ssl=1 2x"},"classes":[]},{"id":46832,"url":"https:\/\/www.grieta.org.mx\/index.php\/2019\/11\/25\/46832\/","url_meta":{"origin":6067,"position":5},"title":"La trata en Puebla, sin fronteras ni l\u00edmites","author":"Admin","date":"25 noviembre, 2019","format":false,"excerpt":"\u00c1mbar Barrera | Dafne Garc\u00eda | Mar\u00eda Jos\u00e9 Andrade Gabi\u00f1o \/ Lado B Detr\u00e1s de una publicaci\u00f3n en una red social puede haber un caso de trata. Ah\u00ed, a la vista de todos, detr\u00e1s de un perfil con fotos de mujer que publica im\u00e1genes sugerentes y lanza invitaciones abiertas a\u2026","rel":"","context":"En &quot;Puebla&quot;","block_context":{"text":"Puebla","link":"https:\/\/www.grieta.org.mx\/index.php\/category\/noticias-nacionales\/puebla\/"},"img":{"alt_text":"","src":"https:\/\/i0.wp.com\/www.grieta.org.mx\/wp-content\/uploads\/2020\/03\/Detalle1.jpg?resize=350%2C200&ssl=1","width":350,"height":200,"srcset":"https:\/\/i0.wp.com\/www.grieta.org.mx\/wp-content\/uploads\/2020\/03\/Detalle1.jpg?resize=350%2C200&ssl=1 1x, https:\/\/i0.wp.com\/www.grieta.org.mx\/wp-content\/uploads\/2020\/03\/Detalle1.jpg?resize=525%2C300&ssl=1 1.5x, https:\/\/i0.wp.com\/www.grieta.org.mx\/wp-content\/uploads\/2020\/03\/Detalle1.jpg?resize=700%2C400&ssl=1 2x"},"classes":[]}],"_links":{"self":[{"href":"https:\/\/www.grieta.org.mx\/index.php\/wp-json\/wp\/v2\/posts\/6067","targetHints":{"allow":["GET"]}}],"collection":[{"href":"https:\/\/www.grieta.org.mx\/index.php\/wp-json\/wp\/v2\/posts"}],"about":[{"href":"https:\/\/www.grieta.org.mx\/index.php\/wp-json\/wp\/v2\/types\/post"}],"author":[{"embeddable":true,"href":"https:\/\/www.grieta.org.mx\/index.php\/wp-json\/wp\/v2\/users\/2"}],"replies":[{"embeddable":true,"href":"https:\/\/www.grieta.org.mx\/index.php\/wp-json\/wp\/v2\/comments?post=6067"}],"version-history":[{"count":1,"href":"https:\/\/www.grieta.org.mx\/index.php\/wp-json\/wp\/v2\/posts\/6067\/revisions"}],"predecessor-version":[{"id":6076,"href":"https:\/\/www.grieta.org.mx\/index.php\/wp-json\/wp\/v2\/posts\/6067\/revisions\/6076"}],"wp:featuredmedia":[{"embeddable":true,"href":"https:\/\/www.grieta.org.mx\/index.php\/wp-json\/wp\/v2\/media\/21928"}],"wp:attachment":[{"href":"https:\/\/www.grieta.org.mx\/index.php\/wp-json\/wp\/v2\/media?parent=6067"}],"wp:term":[{"taxonomy":"category","embeddable":true,"href":"https:\/\/www.grieta.org.mx\/index.php\/wp-json\/wp\/v2\/categories?post=6067"},{"taxonomy":"post_tag","embeddable":true,"href":"https:\/\/www.grieta.org.mx\/index.php\/wp-json\/wp\/v2\/tags?post=6067"}],"curies":[{"name":"wp","href":"https:\/\/api.w.org\/{rel}","templated":true}]}}