{"id":60639,"date":"2021-07-01T21:47:29","date_gmt":"2021-07-02T02:47:29","guid":{"rendered":"https:\/\/www.grieta.org.mx\/?p=60639"},"modified":"2021-07-19T21:50:38","modified_gmt":"2021-07-20T02:50:38","slug":"la-comitiva-zapatista-presento-en-merida-extremadura-su-gira-europea","status":"publish","type":"post","link":"https:\/\/www.grieta.org.mx\/index.php\/2021\/07\/01\/la-comitiva-zapatista-presento-en-merida-extremadura-su-gira-europea\/","title":{"rendered":"La comitiva zapatista present\u00f3 en M\u00e9rida, Extremadura, su gira europea"},"content":{"rendered":"<p><strong>Ayer, en M\u00e9rida, tuvo lugar la primera de las presentaciones de la gira europea zapatista programadas en el Estado espa\u00f1ol. Una nutrida representaci\u00f3n ciudadana y de diversos espacios activistas de Extremadura dio la bienvenida a la comitiva.<\/strong><\/p>\n<p>Redacci\u00f3n EL SALTO EXTREMADURA<\/p>\n<p>Este mi\u00e9rcoles, 30 de junio, lleg\u00f3 a Extremadura el escuadr\u00f3n 421, compuesto por siete zapatistas, para presentar la gira por Europa que empezar\u00e1 este mes de julio. M\u00e9rida es una de las cuatro ciudades donde se planific\u00f3 presentar, en el Estado espa\u00f1ol, una acci\u00f3n a la que se prev\u00e9 escala continental. Ahora quedan Madrid, Valencia y Barcelona. En septiembre, y durante una semana, contar\u00e1 Extremadura de nuevo con un contingente m\u00e1s nutrido y que desarrollar\u00e1 actividades con mayor proyecci\u00f3n.<\/p>\n<p>La bienvenida se realiz\u00f3 en la estaci\u00f3n de tren, donde les esperaban alrededor de 100 personas, principalmente de M\u00e9rida, aunque tambi\u00e9n de otras zonas de Extremadura. Las zapatistas aparecieron vestidas con sus trajes habituales, pero esta vez con mascarilla para ocultar su rostro en vez de pasamonta\u00f1as. Tras la recepci\u00f3n, se inici\u00f3 un pasacalles por el centro de M\u00e9rida encabezado por las enviadas del EZLN y con diferentes pancartas, donde insistentemente se core\u00f3 \u201cZapata vive, la lucha sigue\u201d, \u201cno a las minas, s\u00ed a la vida\u201d, \u201cque viva la lucha de las mujeres\u201d o \u201cque viva la lucha de la clase obrera\u201d.<\/p>\n<p>En el transcurso de esta actividad, de car\u00e1cter festivo-reivindicativo, se sumaron m\u00e1s personas hasta llegar a la Plaza de Santa Mar\u00eda, donde se realiz\u00f3 el acto de presentaci\u00f3n de la gira. En ese momento ya pasaban de dos centenares las personas que llenaban la plaza, entre las que se pod\u00eda ver a algunas venidas desde Portugal, todo ello pese al estrecho margen de tiempo de la convocatoria (fue hecha p\u00fablica el d\u00eda previo).<\/p>\n<p><strong>M\u00e9rida fue una de las cuatro ciudades donde se presentar\u00e1, en el Estado espa\u00f1ol, una acci\u00f3n a la que se prev\u00e9 escala continental. Ahora quedan Madrid, Valencia y Barcelona<\/strong><\/p>\n<p>El acto fue presentado por dos mujeres que realizaron un espect\u00e1culo de clown reivindicativo. A continuaci\u00f3n pasaron a presentarse los colectivos que han participado en la organizaci\u00f3n, entre otros Ecologistas en Acci\u00f3n, Mujeres Sembrando, La Algarroba Negra, Campamento Dignidad, la Plataforma por los Refugiados (Badajoz), Ateneo libertario de M\u00e9rida, CNT Extremadura, etc.<\/p>\n<p>Tras ello, se presentaron los zapatistas, haci\u00e9ndolo alguno de ellos en su idioma, desde el peque\u00f1o escenario de la plaza; de uno en uno, hasta llegar a los siete, y recibiendo grandes aplausos a cada intervenci\u00f3n.<\/p>\n<p>Hubo despu\u00e9s espacio para las actuaciones de baile y musicales (como las de la rapera Angie Cuadritos, el rapero Vila, Noem\u00ed, etc.) y para la poes\u00eda, con el poeta Eladio M\u00e9ndez. Incluso para una versi\u00f3n a capella de Malditas elecciones, malditos socialistas de Chicho S\u00e1nchez Ferlosio.<\/p>\n<figure id=\"attachment_60640\" aria-describedby=\"caption-attachment-60640\" style=\"width: 800px\" class=\"wp-caption alignnone\"><img loading=\"lazy\" decoding=\"async\" data-attachment-id=\"60640\" data-permalink=\"https:\/\/www.grieta.org.mx\/index.php\/2021\/07\/01\/la-comitiva-zapatista-presento-en-merida-extremadura-su-gira-europea\/5864_20210630\/\" data-orig-file=\"https:\/\/www.grieta.org.mx\/wp-content\/uploads\/2021\/07\/5864_20210630.jpg\" data-orig-size=\"800,534\" data-comments-opened=\"0\" data-image-meta=\"{&quot;aperture&quot;:&quot;0&quot;,&quot;credit&quot;:&quot;&quot;,&quot;camera&quot;:&quot;&quot;,&quot;caption&quot;:&quot;&quot;,&quot;created_timestamp&quot;:&quot;0&quot;,&quot;copyright&quot;:&quot;&quot;,&quot;focal_length&quot;:&quot;0&quot;,&quot;iso&quot;:&quot;0&quot;,&quot;shutter_speed&quot;:&quot;0&quot;,&quot;title&quot;:&quot;&quot;,&quot;orientation&quot;:&quot;0&quot;}\" data-image-title=\"5864_20210630\" data-image-description=\"\" data-image-caption=\"&lt;p&gt;Movilizaci\u00f3n por las calles de M\u00e9rida en apoyo a la comitiva zapatista. JUAN MANUEL P\u00c9REZ RAYEGO&lt;\/p&gt;\n\" data-medium-file=\"https:\/\/www.grieta.org.mx\/wp-content\/uploads\/2021\/07\/5864_20210630-300x200.jpg\" data-large-file=\"https:\/\/www.grieta.org.mx\/wp-content\/uploads\/2021\/07\/5864_20210630.jpg\" class=\"wp-image-60640 size-full\" src=\"http:\/\/www.grieta.org.mx\/wp-content\/uploads\/2021\/07\/5864_20210630.jpg\" alt=\"\" width=\"800\" height=\"534\" srcset=\"https:\/\/www.grieta.org.mx\/wp-content\/uploads\/2021\/07\/5864_20210630.jpg 800w, https:\/\/www.grieta.org.mx\/wp-content\/uploads\/2021\/07\/5864_20210630-300x200.jpg 300w, https:\/\/www.grieta.org.mx\/wp-content\/uploads\/2021\/07\/5864_20210630-768x513.jpg 768w\" sizes=\"auto, (max-width: 800px) 100vw, 800px\" \/><figcaption id=\"caption-attachment-60640\" class=\"wp-caption-text\">Movilizaci\u00f3n por las calles de M\u00e9rida en apoyo a la comitiva zapatista. JUAN MANUEL P\u00c9REZ RAYEGO<\/figcaption><\/figure>\n<p>Para cubrir los gastos de la gira se vendieron libros cr\u00edticos de Libros Gamusinos y las editoriales Jarramplas e Irrecuperables y artesan\u00edas de la Algarroba Negra. Otros emeritenses quisieron colaborar aportando lo que pod\u00edan para el evento, como fue el caso de un agricultor que regal\u00f3 varios litros de limonada \u201cLimonAde\u201d o del bar Joplin que aport\u00f3 botellas de vino para venderlas.<\/p>\n<p>Se han puesto en venta, como herramienta de financiaci\u00f3n, camisetas del \u201cviaje zapatista\u201d de Caracol Extremadura, as\u00ed como una tirada especial de 150 botellas de vino \u201c150 aniversario de La Comuna de Par\u00eds\u201d, producidas por la cooperativa ACTYVA de C\u00e1ceres y que fueron donadas por CNT. Tambi\u00e9n bonos solidarios (a modo de marcap\u00e1ginas), que podr\u00e1n adquirirse a partir del lunes que viene en diferentes tiendas y bares de la regi\u00f3n.<\/p>\n<p>El evento dur\u00f3 alrededor de dos horas, en un ambiente de alegr\u00eda y complicidad internacionalista, concluyendo con una cena popular en el parque San Antonio, tras la que la representaci\u00f3n zapatista se despidi\u00f3 para continuar un viaje que no ha hecho sino comenzar.<\/p>\n<p><a href=\"https:\/\/www.elsaltodiario.com\/gira-zapatista\/comitiva-zapatista-presento-merida-gira-europea\" target=\"_blank\" rel=\"noopener\">https:\/\/www.elsaltodiario.com\/gira-zapatista\/comitiva-zapatista-presento-merida-gira-europea<\/a><\/p>\n","protected":false},"excerpt":{"rendered":"<p>Ayer, en M\u00e9rida, tuvo lugar la primera de las presentaciones de la gira europea zapatista programadas en el Estado espa\u00f1ol. Una nutrida representaci\u00f3n ciudadana y de diversos espacios activistas de &hellip; <a href=\"https:\/\/www.grieta.org.mx\/index.php\/2021\/07\/01\/la-comitiva-zapatista-presento-en-merida-extremadura-su-gira-europea\/\" class=\"more-link\">Leer m\u00e1s<\/a><\/p>\n","protected":false},"author":2,"featured_media":60641,"comment_status":"closed","ping_status":"closed","sticky":false,"template":"","format":"standard","meta":{"ngg_post_thumbnail":0,"_jetpack_newsletter_access":"","_jetpack_dont_email_post_to_subs":false,"_jetpack_newsletter_tier_id":0,"_jetpack_memberships_contains_paywalled_content":false,"_jetpack_memberships_contains_paid_content":false,"footnotes":""},"categories":[80,2,2661,3916],"tags":[3928,3950,3934,3969,3917],"class_list":["post-60639","post","type-post","status-publish","format-standard","has-post-thumbnail","hentry","category-cintillo","category-noticias-nacionales","category-redes-de-resistencia-y-rebeldia","category-travesia-por-la-vida","tag-colectivos-solidarios","tag-estado-espanol","tag-europa","tag-extremadura","tag-travesia-por-la-vida","entry"],"jetpack_featured_media_url":"https:\/\/www.grieta.org.mx\/wp-content\/uploads\/2021\/07\/5866_20210630.jpg","jetpack_sharing_enabled":true,"jetpack_shortlink":"https:\/\/wp.me\/p7ZJR4-fM3","jetpack_likes_enabled":false,"jetpack-related-posts":[{"id":60587,"url":"https:\/\/www.grieta.org.mx\/index.php\/2021\/05\/18\/numerosas-ciudades-europeas-muestran-su-apoyo-a-la-gira-por-la-vida-zapatista\/","url_meta":{"origin":60639,"position":0},"title":"Numerosas ciudades europeas muestran su apoyo a la \u2018Gira por la vida\u2019 Zapatista","author":"grieta","date":"18 mayo, 2021","format":false,"excerpt":"Se han celebrado diversas acciones ante la inminente llegada a Europa del \u201cvirus\u201d de la resistencia y rebeld\u00eda zapatistas. Redacci\u00f3n LA TERCERA Este fin de semana, varias decenas de ciudades europeas se han manifestado de manera simult\u00e1nea en apoyo a la \u2018Gira por la vida\u2019, como han bautizado las comunidades\u2026","rel":"","context":"En &quot;CINTILLO&quot;","block_context":{"text":"CINTILLO","link":"https:\/\/www.grieta.org.mx\/index.php\/category\/cintillo\/"},"img":{"alt_text":"","src":"https:\/\/i0.wp.com\/www.grieta.org.mx\/wp-content\/uploads\/2021\/07\/4096-2731-max..-1-950x0-c-default.jpg?resize=350%2C200&ssl=1","width":350,"height":200,"srcset":"https:\/\/i0.wp.com\/www.grieta.org.mx\/wp-content\/uploads\/2021\/07\/4096-2731-max..-1-950x0-c-default.jpg?resize=350%2C200&ssl=1 1x, https:\/\/i0.wp.com\/www.grieta.org.mx\/wp-content\/uploads\/2021\/07\/4096-2731-max..-1-950x0-c-default.jpg?resize=525%2C300&ssl=1 1.5x, https:\/\/i0.wp.com\/www.grieta.org.mx\/wp-content\/uploads\/2021\/07\/4096-2731-max..-1-950x0-c-default.jpg?resize=700%2C400&ssl=1 2x"},"classes":[]},{"id":61108,"url":"https:\/\/www.grieta.org.mx\/index.php\/2021\/08\/11\/video-del-concierto-bienvenida-gira-zapatista-europea-2021-12-de-agosto-auditorio-pilar-bardem-de-rivas-vaciamadrid-madrid\/","url_meta":{"origin":60639,"position":1},"title":"Video del &#8220;Concierto bienvenida Gira Zapatista Europea 2021&#8221;: 12 de agosto, Auditorio Pilar Bardem de Rivas Vaciamadrid (Madrid)","author":"grieta","date":"11 agosto, 2021","format":false,"excerpt":"LA TERCERA \u00a0 Desde CGT queremos dar la bienvenida a las, los y loas compa\u00f1ero\/as zapatistas, que se encuentran de Gira por Europa, celebrando un concierto el d\u00eda 12 de agosto en Rivas-Vaciamadrid, en el Auditorio Pilar Bardem, a las 18:00 h., la entrada al auditorio ser\u00e1 exclusiva para las\u2026","rel":"","context":"En &quot;CINTILLO&quot;","block_context":{"text":"CINTILLO","link":"https:\/\/www.grieta.org.mx\/index.php\/category\/cintillo\/"},"img":{"alt_text":"","src":"https:\/\/i0.wp.com\/www.grieta.org.mx\/wp-content\/uploads\/2021\/08\/Cartel-concierto-Madrid-12-agosto.jpg?resize=350%2C200&ssl=1","width":350,"height":200,"srcset":"https:\/\/i0.wp.com\/www.grieta.org.mx\/wp-content\/uploads\/2021\/08\/Cartel-concierto-Madrid-12-agosto.jpg?resize=350%2C200&ssl=1 1x, https:\/\/i0.wp.com\/www.grieta.org.mx\/wp-content\/uploads\/2021\/08\/Cartel-concierto-Madrid-12-agosto.jpg?resize=525%2C300&ssl=1 1.5x, https:\/\/i0.wp.com\/www.grieta.org.mx\/wp-content\/uploads\/2021\/08\/Cartel-concierto-Madrid-12-agosto.jpg?resize=700%2C400&ssl=1 2x"},"classes":[]},{"id":61204,"url":"https:\/\/www.grieta.org.mx\/index.php\/2021\/06\/13\/movilizaciones-en-artea-y-zeberio-para-celebrar-la-llegada-a-europa-de-la-gira-zapatista-euskal-herria-pais-vasco\/","url_meta":{"origin":60639,"position":2},"title":"Movilizaciones en Artea y Zeberio para celebrar la llegada a Europa de la gira zapatista (Euskal Herria\/Pa\u00ecs Vasco)","author":"grieta","date":"13 junio, 2021","format":false,"excerpt":"Este fin de semana se han repetido las movilizaciones en diferentes lugares de Europa para celebrar la llegada de la \u00abGira por la vida\u00bb zapatista al continente. En Euskal Herria se han organizado actos en Zeberio y Artea. En Zeberio han pintado un un mural con motivo de la gira\u2026","rel":"","context":"En &quot;CINTILLO&quot;","block_context":{"text":"CINTILLO","link":"https:\/\/www.grieta.org.mx\/index.php\/category\/cintillo\/"},"img":{"alt_text":"","src":"https:\/\/i0.wp.com\/www.grieta.org.mx\/wp-content\/uploads\/2021\/08\/Zeberio.png?resize=350%2C200&ssl=1","width":350,"height":200,"srcset":"https:\/\/i0.wp.com\/www.grieta.org.mx\/wp-content\/uploads\/2021\/08\/Zeberio.png?resize=350%2C200&ssl=1 1x, https:\/\/i0.wp.com\/www.grieta.org.mx\/wp-content\/uploads\/2021\/08\/Zeberio.png?resize=525%2C300&ssl=1 1.5x, https:\/\/i0.wp.com\/www.grieta.org.mx\/wp-content\/uploads\/2021\/08\/Zeberio.png?resize=700%2C400&ssl=1 2x"},"classes":[]},{"id":60753,"url":"https:\/\/www.grieta.org.mx\/index.php\/2021\/07\/23\/semana-de-acciones-en-varias-ciudades-europeas-para-pedir-via-libre-para-la-delegacion-zapatista\/","url_meta":{"origin":60639,"position":3},"title":"Semana de acciones en varias ciudades europeas para pedir v\u00eda libre para la delegaci\u00f3n zapatista","author":"grieta","date":"23 julio, 2021","format":false,"excerpt":"Desde el martes pasado se han venido realizando acciones frente a las embajadas y consulados de Francia de Alemania, Italia, B\u00e9lgica, Dinamarca y algunas ciudades francesas. Hoy han sucedido en Pa\u00edses Bajos y Grecia, y en el Estado espa\u00f1ol, se han convocado para este s\u00e1bado en Granada, Barcelona, Bilbao y\u2026","rel":"","context":"En &quot;CINTILLO&quot;","block_context":{"text":"CINTILLO","link":"https:\/\/www.grieta.org.mx\/index.php\/category\/cintillo\/"},"img":{"alt_text":"","src":"https:\/\/i0.wp.com\/www.grieta.org.mx\/wp-content\/uploads\/2021\/07\/pasolibre-Amsterdam.jpg?resize=350%2C200&ssl=1","width":350,"height":200,"srcset":"https:\/\/i0.wp.com\/www.grieta.org.mx\/wp-content\/uploads\/2021\/07\/pasolibre-Amsterdam.jpg?resize=350%2C200&ssl=1 1x, https:\/\/i0.wp.com\/www.grieta.org.mx\/wp-content\/uploads\/2021\/07\/pasolibre-Amsterdam.jpg?resize=525%2C300&ssl=1 1.5x, https:\/\/i0.wp.com\/www.grieta.org.mx\/wp-content\/uploads\/2021\/07\/pasolibre-Amsterdam.jpg?resize=700%2C400&ssl=1 2x, https:\/\/i0.wp.com\/www.grieta.org.mx\/wp-content\/uploads\/2021\/07\/pasolibre-Amsterdam.jpg?resize=1050%2C600&ssl=1 3x, https:\/\/i0.wp.com\/www.grieta.org.mx\/wp-content\/uploads\/2021\/07\/pasolibre-Amsterdam.jpg?resize=1400%2C800&ssl=1 4x"},"classes":[]},{"id":60944,"url":"https:\/\/www.grieta.org.mx\/index.php\/2021\/08\/10\/en-euskal-herria-pais-vasco-organizan-distintas-actividades-para-recibir-a-la-delegacion-del-ezln-videos-y-fotos\/","url_meta":{"origin":60639,"position":4},"title":"En Euskal Herria (Pa\u00eds Vasco) organizan distintas actividades para recibir a la delegaci\u00f3n del EZLN (VIDEOS Y FOTOS)","author":"grieta","date":"10 agosto, 2021","format":false,"excerpt":"VIDEO: BIRA ZAPATISTA COLECTIVO GRIETA Como en muchos otros rincones de la Europa insumisa, este fin de semana se realizaron distintas acciones en Euskal Herria (Pa\u00eds Vasco, Estado espa\u00f1ol), para mostrar el apoyo a la \"Traves\u00eda por la vida\" del Ej\u00e9rcito Zapatista de Liberaci\u00f3n Nacional (EZLN) y exigir una vez\u2026","rel":"","context":"En &quot;CINTILLO&quot;","block_context":{"text":"CINTILLO","link":"https:\/\/www.grieta.org.mx\/index.php\/category\/cintillo\/"},"img":{"alt_text":"","src":"https:\/\/i0.wp.com\/www.grieta.org.mx\/wp-content\/uploads\/2021\/08\/Mesa-Donostiphoto_2021-08-09_08-58-13.jpg?resize=350%2C200&ssl=1","width":350,"height":200,"srcset":"https:\/\/i0.wp.com\/www.grieta.org.mx\/wp-content\/uploads\/2021\/08\/Mesa-Donostiphoto_2021-08-09_08-58-13.jpg?resize=350%2C200&ssl=1 1x, https:\/\/i0.wp.com\/www.grieta.org.mx\/wp-content\/uploads\/2021\/08\/Mesa-Donostiphoto_2021-08-09_08-58-13.jpg?resize=525%2C300&ssl=1 1.5x, https:\/\/i0.wp.com\/www.grieta.org.mx\/wp-content\/uploads\/2021\/08\/Mesa-Donostiphoto_2021-08-09_08-58-13.jpg?resize=700%2C400&ssl=1 2x, https:\/\/i0.wp.com\/www.grieta.org.mx\/wp-content\/uploads\/2021\/08\/Mesa-Donostiphoto_2021-08-09_08-58-13.jpg?resize=1050%2C600&ssl=1 3x"},"classes":[]},{"id":61128,"url":"https:\/\/www.grieta.org.mx\/index.php\/2021\/08\/15\/421-madrid-marcha\/","url_meta":{"origin":60639,"position":5},"title":"&#8220;No nos conquistaron&#8221;: La marcha y la palabra de la Brigada zapatista en Madrid,  13 de agosto (VIDEO)","author":"grieta","date":"15 agosto, 2021","format":false,"excerpt":"VOCESENLUCHA En medio de la Gira por la Vida, el Escuadr\u00f3n 421 del Ej\u00e9rcito Zapatista de Liberaci\u00f3n Nacional, #EZLN, llega a Madrid a 500 a\u00f1os de la invasi\u00f3n de Tenochtitl\u00e1n por parte del imperio espa\u00f1ol. En un evento hist\u00f3rico, el 13 de agosto de 2021 caminamos desde la Puerta del\u2026","rel":"","context":"En &quot;CINTILLO&quot;","block_context":{"text":"CINTILLO","link":"https:\/\/www.grieta.org.mx\/index.php\/category\/cintillo\/"},"img":{"alt_text":"","src":"https:\/\/i0.wp.com\/www.grieta.org.mx\/wp-content\/uploads\/2021\/08\/421-Madrid-13-08-MG_8073.jpg?resize=350%2C200&ssl=1","width":350,"height":200,"srcset":"https:\/\/i0.wp.com\/www.grieta.org.mx\/wp-content\/uploads\/2021\/08\/421-Madrid-13-08-MG_8073.jpg?resize=350%2C200&ssl=1 1x, https:\/\/i0.wp.com\/www.grieta.org.mx\/wp-content\/uploads\/2021\/08\/421-Madrid-13-08-MG_8073.jpg?resize=525%2C300&ssl=1 1.5x, https:\/\/i0.wp.com\/www.grieta.org.mx\/wp-content\/uploads\/2021\/08\/421-Madrid-13-08-MG_8073.jpg?resize=700%2C400&ssl=1 2x"},"classes":[]}],"_links":{"self":[{"href":"https:\/\/www.grieta.org.mx\/index.php\/wp-json\/wp\/v2\/posts\/60639","targetHints":{"allow":["GET"]}}],"collection":[{"href":"https:\/\/www.grieta.org.mx\/index.php\/wp-json\/wp\/v2\/posts"}],"about":[{"href":"https:\/\/www.grieta.org.mx\/index.php\/wp-json\/wp\/v2\/types\/post"}],"author":[{"embeddable":true,"href":"https:\/\/www.grieta.org.mx\/index.php\/wp-json\/wp\/v2\/users\/2"}],"replies":[{"embeddable":true,"href":"https:\/\/www.grieta.org.mx\/index.php\/wp-json\/wp\/v2\/comments?post=60639"}],"version-history":[{"count":1,"href":"https:\/\/www.grieta.org.mx\/index.php\/wp-json\/wp\/v2\/posts\/60639\/revisions"}],"predecessor-version":[{"id":60642,"href":"https:\/\/www.grieta.org.mx\/index.php\/wp-json\/wp\/v2\/posts\/60639\/revisions\/60642"}],"wp:featuredmedia":[{"embeddable":true,"href":"https:\/\/www.grieta.org.mx\/index.php\/wp-json\/wp\/v2\/media\/60641"}],"wp:attachment":[{"href":"https:\/\/www.grieta.org.mx\/index.php\/wp-json\/wp\/v2\/media?parent=60639"}],"wp:term":[{"taxonomy":"category","embeddable":true,"href":"https:\/\/www.grieta.org.mx\/index.php\/wp-json\/wp\/v2\/categories?post=60639"},{"taxonomy":"post_tag","embeddable":true,"href":"https:\/\/www.grieta.org.mx\/index.php\/wp-json\/wp\/v2\/tags?post=60639"}],"curies":[{"name":"wp","href":"https:\/\/api.w.org\/{rel}","templated":true}]}}