{"id":60623,"date":"2021-07-17T16:02:55","date_gmt":"2021-07-17T21:02:55","guid":{"rendered":"https:\/\/www.grieta.org.mx\/?p=60623"},"modified":"2021-07-19T16:31:45","modified_gmt":"2021-07-19T21:31:45","slug":"hacemos-esta-convocatoria-para-que-el-pueblo-decida-si-estamos-bien-o-mal-yucatan","status":"publish","type":"post","link":"https:\/\/www.grieta.org.mx\/index.php\/2021\/07\/17\/hacemos-esta-convocatoria-para-que-el-pueblo-decida-si-estamos-bien-o-mal-yucatan\/","title":{"rendered":"\u201cHacemos esta convocatoria para que el pueblo decida si estamos bien o mal\u201d (Yucat\u00e1n)"},"content":{"rendered":"<p>Texto: Daniela Pastrana \/ Fotos: Cortes\u00eda de Equipo Indignaci\u00f3n \/ Pie de P\u00e1gina<\/p>\n<blockquote><p>La autoconsulta de los pueblos mayas sobre la instalaci\u00f3n de las granjas porc\u00edcolas avanz\u00f3 en sus asambleas informativas con concurridas reuniones. No se presentaron los representantes de la empresa Kek\u00e9n, que en un comunicado argument\u00f3 que la consulta no est\u00e1 siguiendo los requerimientos establecidos en la ley<\/p><\/blockquote>\n<p>CIUDAD DE M\u00c9XICO.- Con reuniones masivas, los pueblos mayas de Celest\u00fan Kinchil y San Fernando, en Yucat\u00e1n realizaron sus asambleas informativas rumbo a la consulta del 25 de julio, en la que definir\u00e1n si quieren o no las granjas de cerdos.<\/p>\n<p>La jornada se realiz\u00f3 con la observaci\u00f3n de la Oficina del Alto Comisionado de las Naciones Unidas para los Derechos Humanos. La empresa Kek\u00e9n, por su parte, asegur\u00f3 que est\u00e1 dispuesta a dialogar, pero descalific\u00f3 la consulta organizada por los pueblos, porque \u201cno cumple con los requisitos de ley\u201d.<\/p>\n<p>\u201cEs muy importante que nos hagamos responsables y que no vengan personas ajenas a traernos formas de desarrollo que est\u00e1n afectando nuestros recursos naturales. Estamos haciendo esta convocatoria invitando al gobierno y a la empresa, para que nos aclare y que nos convenza de que esa forma de desarrollo productivo que traen no nos afecta\u201d, dijo en Kinchil Jes\u00fas Sol\u00eds Alpuche, del Consejo Maya del Poniente Chik\u2019in Ja\u2019.<\/p>\n<p><img loading=\"lazy\" decoding=\"async\" data-attachment-id=\"60625\" data-permalink=\"https:\/\/www.grieta.org.mx\/index.php\/2021\/07\/17\/hacemos-esta-convocatoria-para-que-el-pueblo-decida-si-estamos-bien-o-mal-yucatan\/consulltas_yucata_0_especial5\/\" data-orig-file=\"https:\/\/www.grieta.org.mx\/wp-content\/uploads\/2021\/07\/consulltas_Yucata_0_especial5-e1626729089125.jpg\" data-orig-size=\"800,500\" data-comments-opened=\"0\" data-image-meta=\"{&quot;aperture&quot;:&quot;0&quot;,&quot;credit&quot;:&quot;&quot;,&quot;camera&quot;:&quot;&quot;,&quot;caption&quot;:&quot;&quot;,&quot;created_timestamp&quot;:&quot;0&quot;,&quot;copyright&quot;:&quot;&quot;,&quot;focal_length&quot;:&quot;0&quot;,&quot;iso&quot;:&quot;0&quot;,&quot;shutter_speed&quot;:&quot;0&quot;,&quot;title&quot;:&quot;&quot;,&quot;orientation&quot;:&quot;1&quot;}\" data-image-title=\"consulltas_Yucata_0_especial5\" data-image-description=\"\" data-image-caption=\"\" data-medium-file=\"https:\/\/www.grieta.org.mx\/wp-content\/uploads\/2021\/07\/consulltas_Yucata_0_especial5-300x188.jpg\" data-large-file=\"https:\/\/www.grieta.org.mx\/wp-content\/uploads\/2021\/07\/consulltas_Yucata_0_especial5-e1626729089125.jpg\" src=\"http:\/\/www.grieta.org.mx\/wp-content\/uploads\/2021\/07\/consulltas_Yucata_0_especial5-e1626729089125.jpg\" alt=\"\" width=\"800\" height=\"500\" class=\"alignnone size-full wp-image-60625\" \/><\/p>\n<p>\u201cQueremos dialogar, queremos discutir con ellos la conveniencia de un desarrollo justo y democr\u00e1tico, que nos convenga a todos y no solo a la empresa y no solo a los pa\u00edses que est\u00e1n consumiendo el producto que sale de Kinchil, pero que su beneficio se concentra en la \u00e9lite econ\u00f3mica del empresarial. Por eso hacemos esta convocatoria, para que el pueblo decida si estamos bien o mal\u201d. <\/p>\n<p>El comunero dijo que muchas veces los ind\u00edgenas se ven obligados a aceptar la instalaci\u00f3n de estas grajas por falta de trabajo y de proyecci\u00f3n social, pero eso es parte de un sistema injusto. <\/p>\n<p><img loading=\"lazy\" decoding=\"async\" data-attachment-id=\"60626\" data-permalink=\"https:\/\/www.grieta.org.mx\/index.php\/2021\/07\/17\/hacemos-esta-convocatoria-para-que-el-pueblo-decida-si-estamos-bien-o-mal-yucatan\/consulltas_yucata_0_especial2-1\/\" data-orig-file=\"https:\/\/www.grieta.org.mx\/wp-content\/uploads\/2021\/07\/consulltas_Yucata_0_especial2-1-e1626729148207.jpg\" data-orig-size=\"800,500\" data-comments-opened=\"0\" data-image-meta=\"{&quot;aperture&quot;:&quot;0&quot;,&quot;credit&quot;:&quot;&quot;,&quot;camera&quot;:&quot;&quot;,&quot;caption&quot;:&quot;&quot;,&quot;created_timestamp&quot;:&quot;0&quot;,&quot;copyright&quot;:&quot;&quot;,&quot;focal_length&quot;:&quot;0&quot;,&quot;iso&quot;:&quot;0&quot;,&quot;shutter_speed&quot;:&quot;0&quot;,&quot;title&quot;:&quot;&quot;,&quot;orientation&quot;:&quot;1&quot;}\" data-image-title=\"consulltas_Yucata_0_especial2-1\" data-image-description=\"\" data-image-caption=\"\" data-medium-file=\"https:\/\/www.grieta.org.mx\/wp-content\/uploads\/2021\/07\/consulltas_Yucata_0_especial2-1-300x188.jpg\" data-large-file=\"https:\/\/www.grieta.org.mx\/wp-content\/uploads\/2021\/07\/consulltas_Yucata_0_especial2-1-e1626729148207.jpg\" src=\"http:\/\/www.grieta.org.mx\/wp-content\/uploads\/2021\/07\/consulltas_Yucata_0_especial2-1-e1626729148207.jpg\" alt=\"\" width=\"800\" height=\"500\" class=\"alignnone size-full wp-image-60626\" \/><\/p>\n<p><img loading=\"lazy\" decoding=\"async\" data-attachment-id=\"60627\" data-permalink=\"https:\/\/www.grieta.org.mx\/index.php\/2021\/07\/17\/hacemos-esta-convocatoria-para-que-el-pueblo-decida-si-estamos-bien-o-mal-yucatan\/consulltas_yucata_0_especial\/\" data-orig-file=\"https:\/\/www.grieta.org.mx\/wp-content\/uploads\/2021\/07\/consulltas_Yucata_0_especial-e1626729209794.jpg\" data-orig-size=\"800,703\" data-comments-opened=\"0\" data-image-meta=\"{&quot;aperture&quot;:&quot;0&quot;,&quot;credit&quot;:&quot;&quot;,&quot;camera&quot;:&quot;&quot;,&quot;caption&quot;:&quot;&quot;,&quot;created_timestamp&quot;:&quot;0&quot;,&quot;copyright&quot;:&quot;&quot;,&quot;focal_length&quot;:&quot;0&quot;,&quot;iso&quot;:&quot;0&quot;,&quot;shutter_speed&quot;:&quot;0&quot;,&quot;title&quot;:&quot;&quot;,&quot;orientation&quot;:&quot;1&quot;}\" data-image-title=\"consulltas_Yucata_0_especial\" data-image-description=\"\" data-image-caption=\"\" data-medium-file=\"https:\/\/www.grieta.org.mx\/wp-content\/uploads\/2021\/07\/consulltas_Yucata_0_especial-300x264.jpg\" data-large-file=\"https:\/\/www.grieta.org.mx\/wp-content\/uploads\/2021\/07\/consulltas_Yucata_0_especial-e1626729209794.jpg\" src=\"http:\/\/www.grieta.org.mx\/wp-content\/uploads\/2021\/07\/consulltas_Yucata_0_especial-e1626729209794.jpg\" alt=\"\" width=\"800\" height=\"703\" class=\"alignnone size-full wp-image-60627\" \/><\/p>\n<p>\u201cDependemos de esas formas de desarrollo que no son nada saludables. Queremos discutir, porque es nuestro derecho, las condiciones en las que se est\u00e1 desarrollando la producci\u00f3n de cerdo en nuestro municipio. Queremos paz, salud, y no, no basta con que nos pongan aqu\u00ed una cl\u00ednica para que nos curen despu\u00e9s de que nos enfermen.  No, no es justo. Mejor que no nos enfermemos que no hay a contaminaci\u00f3n (\u2026) Tenemos derecho a saber qu\u00e9 causa hay tanta enfermedad, tanto diab\u00e9tico, tantos males respiratorios\u201d.<\/p>\n<p>Nunca M\u00e1s Sin Nuestro Permiso<\/p>\n<p>La jornada informativa se realiz\u00f3 los d\u00edas 15 y 16 de julio, bajo el lema de #NuncaMasSinNuestroPermiso.<\/p>\n<p>\u201cYa es hora que se tomen en serio los derechos del pueblo maya. Ya es hora de que el Estado empiece a tomarnos en serio. No somos pueblos de la historia, somos pueblos vivos y el Estado tiene que respetar nuestros derechos a manifestar nuestra decisi\u00f3n como pueblo. Por eso le decimos que nunca m\u00e1s sin nuestro permiso\u201d, dice la convocatoria emitida por los organizadores.<\/p>\n<p>Las jornadas se realizaron sin la presencia de autoridades estatales ni federales, a pesar de que fueron invitadas a quienes se les invit\u00f3. Quienes s\u00ed llegaron fueron los integrantes de Kanan ts\u2019ono\u2019ot (Guardianes de los Cenotes) quienes compartieron su experiencia sobre la consulta de Hom\u00fan y el proceso de lucha contra la industria porc\u00edcola. Tambi\u00e9n particip\u00f3, v\u00eda remota, Viridiana L\u00e1zaro de Greenpeace M\u00e9xico, y los integrantes del Equipo Indignaci\u00f3n, que han acompa\u00f1ado la lucha de los pueblos contra las megagranjas. <\/p>\n<p><img loading=\"lazy\" decoding=\"async\" data-attachment-id=\"60629\" data-permalink=\"https:\/\/www.grieta.org.mx\/index.php\/2021\/07\/17\/hacemos-esta-convocatoria-para-que-el-pueblo-decida-si-estamos-bien-o-mal-yucatan\/consulltas_yucata_0_especial4\/\" data-orig-file=\"https:\/\/www.grieta.org.mx\/wp-content\/uploads\/2021\/07\/consulltas_Yucata_0_especial4-e1626729551233.jpg\" data-orig-size=\"800,500\" data-comments-opened=\"0\" data-image-meta=\"{&quot;aperture&quot;:&quot;0&quot;,&quot;credit&quot;:&quot;&quot;,&quot;camera&quot;:&quot;&quot;,&quot;caption&quot;:&quot;&quot;,&quot;created_timestamp&quot;:&quot;0&quot;,&quot;copyright&quot;:&quot;&quot;,&quot;focal_length&quot;:&quot;0&quot;,&quot;iso&quot;:&quot;0&quot;,&quot;shutter_speed&quot;:&quot;0&quot;,&quot;title&quot;:&quot;&quot;,&quot;orientation&quot;:&quot;1&quot;}\" data-image-title=\"consulltas_Yucata_0_especial4\" data-image-description=\"\" data-image-caption=\"\" data-medium-file=\"https:\/\/www.grieta.org.mx\/wp-content\/uploads\/2021\/07\/consulltas_Yucata_0_especial4-300x188.jpg\" data-large-file=\"https:\/\/www.grieta.org.mx\/wp-content\/uploads\/2021\/07\/consulltas_Yucata_0_especial4-e1626729551233.jpg\" src=\"http:\/\/www.grieta.org.mx\/wp-content\/uploads\/2021\/07\/consulltas_Yucata_0_especial4-e1626729551233.jpg\" alt=\"\" width=\"800\" height=\"500\" class=\"alignnone size-full wp-image-60629\" \/><\/p>\n<p><img loading=\"lazy\" decoding=\"async\" data-attachment-id=\"60630\" data-permalink=\"https:\/\/www.grieta.org.mx\/index.php\/2021\/07\/17\/hacemos-esta-convocatoria-para-que-el-pueblo-decida-si-estamos-bien-o-mal-yucatan\/consulltas_yucata_0_especial6\/\" data-orig-file=\"https:\/\/www.grieta.org.mx\/wp-content\/uploads\/2021\/07\/consulltas_Yucata_0_especial6-e1626729844308.jpg\" data-orig-size=\"800,500\" data-comments-opened=\"0\" data-image-meta=\"{&quot;aperture&quot;:&quot;0&quot;,&quot;credit&quot;:&quot;&quot;,&quot;camera&quot;:&quot;&quot;,&quot;caption&quot;:&quot;&quot;,&quot;created_timestamp&quot;:&quot;0&quot;,&quot;copyright&quot;:&quot;&quot;,&quot;focal_length&quot;:&quot;0&quot;,&quot;iso&quot;:&quot;0&quot;,&quot;shutter_speed&quot;:&quot;0&quot;,&quot;title&quot;:&quot;&quot;,&quot;orientation&quot;:&quot;1&quot;}\" data-image-title=\"consulltas_Yucata_0_especial6\" data-image-description=\"\" data-image-caption=\"\" data-medium-file=\"https:\/\/www.grieta.org.mx\/wp-content\/uploads\/2021\/07\/consulltas_Yucata_0_especial6-300x188.jpg\" data-large-file=\"https:\/\/www.grieta.org.mx\/wp-content\/uploads\/2021\/07\/consulltas_Yucata_0_especial6-e1626729844308.jpg\" src=\"http:\/\/www.grieta.org.mx\/wp-content\/uploads\/2021\/07\/consulltas_Yucata_0_especial6-e1626729844308.jpg\" alt=\"\" width=\"800\" height=\"500\" class=\"alignnone size-full wp-image-60630\" \/><\/p>\n<p>Los organizadores ten\u00edan preparadas las siguientes preguntas para la empresa:<\/p>\n<p>\u2013 \u00bfC\u00f3mo se mide el grado de contaminaci\u00f3n del agua?<\/p>\n<p>\u2013 \u00bfCada cu\u00e1ndo hay inspecci\u00f3n para ver si no se ha contaminado m\u00e1s?<\/p>\n<p>\u2013 \u00bfA cu\u00e1nto ascienden sus ganancias de tener a sus cerdos en nuestro territorio y cu\u00e1nto le pagan a un obrero que trabaja 12 hora en esa empresa? \u00bfCu\u00e1ntos cerdos hay en la granja, cuantas toneladas exportan?<\/p>\n<p>\u2013 \u00bfCada cuanto tienen la medida del impacto ambiental? <\/p>\n<p>\u2013 \u00bfCu\u00e1les son las afectaciones de las granjas porc\u00edcolas en nuestro territorio?<\/p>\n<p>Y para las autoridades locales:<\/p>\n<p>\u2013 \u00bfQui\u00e9n pidi\u00f3 el permiso para instalar la mega granja?<\/p>\n<p>\u2013 \u00bfPor qu\u00e9 se les otorgaron esos permisos sin consultarnos?<\/p>\n<p>-\u00bfCada cuando revisan esos permisos?<\/p>\n<blockquote class=\"twitter-tweet\" data-width=\"550\" data-dnt=\"true\">\n<p lang=\"es\" dir=\"ltr\">Sigue en vivo la asamblea informativa de Kinchil rumbo a la consulta  <a href=\"https:\/\/t.co\/RgLToPx1GZ\">https:\/\/t.co\/RgLToPx1GZ<\/a> <a href=\"https:\/\/twitter.com\/hashtag\/LaConsultaVa?src=hash&amp;ref_src=twsrc%5Etfw\">#LaConsultaVa<\/a> <a href=\"https:\/\/twitter.com\/hashtag\/NuncaMasSinNuestroPermiso?src=hash&amp;ref_src=twsrc%5Etfw\">#NuncaMasSinNuestroPermiso<\/a><\/p>\n<p>&mdash; Equipo Indignaci\u00f3n (@indignacion_dh) <a href=\"https:\/\/twitter.com\/indignacion_dh\/status\/1416187209959550977?ref_src=twsrc%5Etfw\">July 17, 2021<\/a><\/p><\/blockquote>\n<p><script async src=\"https:\/\/platform.twitter.com\/widgets.js\" charset=\"utf-8\"><\/script><\/p>\n<p>\u201cNo es una consulta ind\u00edgena como marca la ley\u201d: Kek\u00e9n<\/p>\n<p>En un comunicado, la empresa Kek\u00e9n asegur\u00f3 que est\u00e1 dispuesta a dialogar, pero al mismo tiempo descalific\u00f3 la consulta organizada por los tres pueblos mayas.<\/p>\n<p>\u201cKek\u00e9n reitera a la opini\u00f3n p\u00fablica su compromiso con el cuidado de su comunidad, su entorno y el medio ambiente (\u2026) La empresa participa constantemente en mesas de di\u00e1logo para promover mejores pr\u00e1cticas en beneficio de Yucat\u00e1n y de la regi\u00f3n con sistemas de tratamiento para disminuir la extracci\u00f3n y la descarga\u201d, indica el documento. <\/p>\n<p>Pero luego aclara: \u201cDe acuerdo con el marco legal del pa\u00eds, la consulta ind\u00edgena est\u00e1 contemplada en la constituci\u00f3n y para su realizaci\u00f3n se requiere cumplir con los par\u00e1metros establecidos. La asamblea informativa del 15 de julio no cumple con los requerimientos establecidos en la ley. Es decir, no es una consulta ind\u00edgena como marca la constituci\u00f3n, por lo que la empresa no puede participar\u201d.<\/p>\n<p><img loading=\"lazy\" decoding=\"async\" data-attachment-id=\"60631\" data-permalink=\"https:\/\/www.grieta.org.mx\/index.php\/2021\/07\/17\/hacemos-esta-convocatoria-para-que-el-pueblo-decida-si-estamos-bien-o-mal-yucatan\/consulltas_yucata_0_especial8\/\" data-orig-file=\"https:\/\/www.grieta.org.mx\/wp-content\/uploads\/2021\/07\/consulltas_Yucata_0_especial8-e1626730011473.jpg\" data-orig-size=\"800,500\" data-comments-opened=\"0\" data-image-meta=\"{&quot;aperture&quot;:&quot;0&quot;,&quot;credit&quot;:&quot;&quot;,&quot;camera&quot;:&quot;&quot;,&quot;caption&quot;:&quot;&quot;,&quot;created_timestamp&quot;:&quot;0&quot;,&quot;copyright&quot;:&quot;&quot;,&quot;focal_length&quot;:&quot;0&quot;,&quot;iso&quot;:&quot;0&quot;,&quot;shutter_speed&quot;:&quot;0&quot;,&quot;title&quot;:&quot;&quot;,&quot;orientation&quot;:&quot;1&quot;}\" data-image-title=\"consulltas_Yucata_0_especial8\" data-image-description=\"\" data-image-caption=\"\" data-medium-file=\"https:\/\/www.grieta.org.mx\/wp-content\/uploads\/2021\/07\/consulltas_Yucata_0_especial8-300x188.jpg\" data-large-file=\"https:\/\/www.grieta.org.mx\/wp-content\/uploads\/2021\/07\/consulltas_Yucata_0_especial8-e1626730011473.jpg\" src=\"http:\/\/www.grieta.org.mx\/wp-content\/uploads\/2021\/07\/consulltas_Yucata_0_especial8-e1626730011473.jpg\" alt=\"\" width=\"800\" height=\"500\" class=\"alignnone size-full wp-image-60631\" \/><\/p>\n<p><img loading=\"lazy\" decoding=\"async\" data-attachment-id=\"60632\" data-permalink=\"https:\/\/www.grieta.org.mx\/index.php\/2021\/07\/17\/hacemos-esta-convocatoria-para-que-el-pueblo-decida-si-estamos-bien-o-mal-yucatan\/consulltas_yucata_0_especial9\/\" data-orig-file=\"https:\/\/www.grieta.org.mx\/wp-content\/uploads\/2021\/07\/consulltas_Yucata_0_especial9-e1626730091483.jpg\" data-orig-size=\"800,500\" data-comments-opened=\"0\" data-image-meta=\"{&quot;aperture&quot;:&quot;0&quot;,&quot;credit&quot;:&quot;&quot;,&quot;camera&quot;:&quot;&quot;,&quot;caption&quot;:&quot;&quot;,&quot;created_timestamp&quot;:&quot;0&quot;,&quot;copyright&quot;:&quot;&quot;,&quot;focal_length&quot;:&quot;0&quot;,&quot;iso&quot;:&quot;0&quot;,&quot;shutter_speed&quot;:&quot;0&quot;,&quot;title&quot;:&quot;&quot;,&quot;orientation&quot;:&quot;1&quot;}\" data-image-title=\"consulltas_Yucata_0_especial9\" data-image-description=\"\" data-image-caption=\"\" data-medium-file=\"https:\/\/www.grieta.org.mx\/wp-content\/uploads\/2021\/07\/consulltas_Yucata_0_especial9-300x188.jpg\" data-large-file=\"https:\/\/www.grieta.org.mx\/wp-content\/uploads\/2021\/07\/consulltas_Yucata_0_especial9-e1626730091483.jpg\" src=\"http:\/\/www.grieta.org.mx\/wp-content\/uploads\/2021\/07\/consulltas_Yucata_0_especial9-e1626730091483.jpg\" alt=\"\" width=\"800\" height=\"500\" class=\"alignnone size-full wp-image-60632\" \/><\/p>\n<p>La empresa asegura que \u201ccuenta con un proceso de producci\u00f3n sustentable que incluye un uso responsable del agua\u201d y que \u201creitera su disposici\u00f3n a participar en espacios de di\u00e1logo constructivos, apegados a la ley y convocados por las v\u00edas institucionales cuya finalidad de alcanzar el bien com\u00fan\u201d<\/p>\n<p>En la pen\u00ednsula de Yucat\u00e1n se han instalado en los \u00faltimos a\u00f1os cientos de granjas de cerdos para satisfacer las necesidades del mercado asi\u00e1tico.<\/p>\n<p>Los comit\u00e9s mayas que est\u00e1n convocando a la consulta no s\u00f3lo buscan defenderse frente a las afectaciones que ya padecen en sus pueblos. Tambi\u00e9n buscan cambiar la relaci\u00f3n con el Estado, que hasta ahora \u201csigue siendo racista, tutelar y colonial\u201d, indica un comunicado de los pueblos convocantes. <\/p>\n<p>La consulta se realizar\u00e1 el pr\u00f3ximo 25 de julio. Los representantes de los pueblos buscan sentar jurisprudencia para que los pueblos realmente sean quienes decidan sobre lo que pasa en sus territorios.<\/p>\n<p><a href=\"https:\/\/piedepagina.mx\/hacemos-esta-convocatoria-para-que-el-pueblo-decida-si-estamos-bien-o-mal\/\" rel=\"noopener\" target=\"_blank\">https:\/\/piedepagina.mx\/hacemos-esta-convocatoria-para-que-el-pueblo-decida-si-estamos-bien-o-mal\/<\/a><\/p>\n","protected":false},"excerpt":{"rendered":"<p>Texto: Daniela Pastrana \/ Fotos: Cortes\u00eda de Equipo Indignaci\u00f3n \/ Pie de P\u00e1gina La autoconsulta de los pueblos mayas sobre la instalaci\u00f3n de las granjas porc\u00edcolas avanz\u00f3 en sus asambleas &hellip; <a href=\"https:\/\/www.grieta.org.mx\/index.php\/2021\/07\/17\/hacemos-esta-convocatoria-para-que-el-pueblo-decida-si-estamos-bien-o-mal-yucatan\/\" class=\"more-link\">Leer m\u00e1s<\/a><\/p>\n","protected":false},"author":2,"featured_media":60624,"comment_status":"closed","ping_status":"closed","sticky":false,"template":"","format":"standard","meta":{"ngg_post_thumbnail":0,"_jetpack_newsletter_access":"","_jetpack_dont_email_post_to_subs":false,"_jetpack_newsletter_tier_id":0,"_jetpack_memberships_contains_paywalled_content":false,"_jetpack_memberships_contains_paid_content":false,"footnotes":""},"categories":[42,80,1020,1023,3,922,952,2,36],"tags":[3964,3205,91,2177,1022,3785],"class_list":["post-60623","post","type-post","status-publish","format-standard","has-post-thumbnail","hentry","category-agroindustria","category-cintillo","category-granja-porcicola","category-lucha-contra-granja-porcicola","category-megaproyectos","category-megaproyectos-estados","category-mp-yucatan","category-noticias-nacionales","category-yucatan","tag-autoconsulta","tag-consulta-indigena","tag-contaminacion-ambiental","tag-contaminacion-de-acuiferos","tag-granja-porcicola","tag-megagranja","entry"],"jetpack_featured_media_url":"https:\/\/www.grieta.org.mx\/wp-content\/uploads\/2021\/07\/consulltas_Yucata_0_especial3-e1626729024654.jpg","jetpack_sharing_enabled":true,"jetpack_shortlink":"https:\/\/wp.me\/p7ZJR4-fLN","jetpack_likes_enabled":false,"jetpack-related-posts":[{"id":60432,"url":"https:\/\/www.grieta.org.mx\/index.php\/2021\/07\/13\/pueblos-mayas-organizan-sus-propias-consultas-sobre-las-granjas-de-cerdos-yucatan\/","url_meta":{"origin":60623,"position":0},"title":"Pueblos mayas organizan sus propias consultas sobre las granjas de cerdos (Yucat\u00e1n)","author":"grieta","date":"13 julio, 2021","format":false,"excerpt":"Texto: Daniela Pastrana \/ Foto: Alberto Vel\u00e1zquez \/ Pie de P\u00e1gina Tres pueblos mayas de Yucat\u00e1n realizar\u00e1n el 25 de julio sus propias consultas en relaci\u00f3n con las granjas porcinas instaladas en la regi\u00f3n. Un ejercicio similar al que ya han hecho otros pueblos. Los ind\u00edgenas buscan sentar jurisprudencia, para\u2026","rel":"","context":"En &quot;Agroindustria&quot;","block_context":{"text":"Agroindustria","link":"https:\/\/www.grieta.org.mx\/index.php\/category\/megaproyectos\/agroindustria\/"},"img":{"alt_text":"","src":"https:\/\/i0.wp.com\/www.grieta.org.mx\/wp-content\/uploads\/2021\/07\/votacion_contraGranjas_de-cerdos1.jpg?resize=350%2C200&ssl=1","width":350,"height":200,"srcset":"https:\/\/i0.wp.com\/www.grieta.org.mx\/wp-content\/uploads\/2021\/07\/votacion_contraGranjas_de-cerdos1.jpg?resize=350%2C200&ssl=1 1x, https:\/\/i0.wp.com\/www.grieta.org.mx\/wp-content\/uploads\/2021\/07\/votacion_contraGranjas_de-cerdos1.jpg?resize=525%2C300&ssl=1 1.5x, https:\/\/i0.wp.com\/www.grieta.org.mx\/wp-content\/uploads\/2021\/07\/votacion_contraGranjas_de-cerdos1.jpg?resize=700%2C400&ssl=1 2x"},"classes":[]},{"id":60874,"url":"https:\/\/www.grieta.org.mx\/index.php\/2021\/07\/28\/dos-comunidades-dicen-no-a-la-industria-porcina-en-yucatan\/","url_meta":{"origin":60623,"position":1},"title":"Dos comunidades dicen NO a la industria porcina en Yucat\u00e1n","author":"grieta","date":"28 julio, 2021","format":false,"excerpt":"Itzela Olivarri \/ Avispa Midia El pasado domingo, 25 de julio, los pueblos mayas de Kinchil, Celest\u00fan y San Fernando participaron en el proceso de autoconsulta para decidir sobre la operaci\u00f3n de granjas porcinas en sus territorios. La autoconsulta fue convocada por el Consejo Maya del Poniente Chik\u00b4in Ja\u00b4-Kinchil; el\u2026","rel":"","context":"En &quot;Agroindustria&quot;","block_context":{"text":"Agroindustria","link":"https:\/\/www.grieta.org.mx\/index.php\/category\/megaproyectos\/agroindustria\/"},"img":{"alt_text":"","src":"https:\/\/i0.wp.com\/www.grieta.org.mx\/wp-content\/uploads\/2021\/08\/celestun4-1-e1627933301145.jpg?resize=350%2C200&ssl=1","width":350,"height":200,"srcset":"https:\/\/i0.wp.com\/www.grieta.org.mx\/wp-content\/uploads\/2021\/08\/celestun4-1-e1627933301145.jpg?resize=350%2C200&ssl=1 1x, https:\/\/i0.wp.com\/www.grieta.org.mx\/wp-content\/uploads\/2021\/08\/celestun4-1-e1627933301145.jpg?resize=525%2C300&ssl=1 1.5x, https:\/\/i0.wp.com\/www.grieta.org.mx\/wp-content\/uploads\/2021\/08\/celestun4-1-e1627933301145.jpg?resize=700%2C400&ssl=1 2x"},"classes":[]},{"id":61710,"url":"https:\/\/www.grieta.org.mx\/index.php\/2021\/09\/14\/organizaciones-respaldan-autoconsulta-maya-sobre-granjas-de-cerdos-yucatan\/","url_meta":{"origin":60623,"position":2},"title":"Organizaciones respaldan autoconsulta maya sobre granjas de cerdos (Yucat\u00e1n)","author":"grieta","date":"14 septiembre, 2021","format":false,"excerpt":"Sare Frabes \/ Avispa Midia En portada: Organizador@s y participantes de la autoconsulta maya en Yucat\u00e1n. Foto de la Misi\u00f3n de Observaci\u00f3n El pasado julio, las comunidades mayas de Kinchil, San Fernando (Maxcan\u00fa) y Celest\u00fan convocaron a la realizaci\u00f3n de una autoconsulta para decidir sobre la presencia y continuidad de\u2026","rel":"","context":"En &quot;16. Pueblo Maya&quot;","block_context":{"text":"16. Pueblo Maya","link":"https:\/\/www.grieta.org.mx\/index.php\/category\/espejos-de-la-resistencia\/16-pueblo-maya\/"},"img":{"alt_text":"","src":"https:\/\/i0.wp.com\/www.grieta.org.mx\/wp-content\/uploads\/2021\/09\/autoconsulta-2.jpg?resize=350%2C200","width":350,"height":200,"srcset":"https:\/\/i0.wp.com\/www.grieta.org.mx\/wp-content\/uploads\/2021\/09\/autoconsulta-2.jpg?resize=350%2C200 1x, https:\/\/i0.wp.com\/www.grieta.org.mx\/wp-content\/uploads\/2021\/09\/autoconsulta-2.jpg?resize=525%2C300 1.5x, https:\/\/i0.wp.com\/www.grieta.org.mx\/wp-content\/uploads\/2021\/09\/autoconsulta-2.jpg?resize=700%2C400 2x"},"classes":[]},{"id":60699,"url":"https:\/\/www.grieta.org.mx\/index.php\/2021\/07\/21\/amenazan-a-pobladores-de-san-fernando-que-participan-en-la-consulta-indigena-yucatan\/","url_meta":{"origin":60623,"position":3},"title":"Amenazan a pobladores de San Fernando que participan en la consulta ind\u00edgena (Yucat\u00e1n)","author":"grieta","date":"21 julio, 2021","format":false,"excerpt":"Haz Ruido Los colectivos mayas se\u00f1alaron que la granja y Kek\u00e9n intentan evitar que los 300 habitantes participen en la consulta. Trataron de reventar la asamblea informativa con el comisario ejidal y empleados de la f\u00e1brica. Maxcan\u00fa, Yucat\u00e1n, 21 de julio de 2021.- Colectivos maya denunciaron que el comisario municipal\u2026","rel":"","context":"En &quot;Agroindustria&quot;","block_context":{"text":"Agroindustria","link":"https:\/\/www.grieta.org.mx\/index.php\/category\/megaproyectos\/agroindustria\/"},"img":{"alt_text":"","src":"https:\/\/i0.wp.com\/www.grieta.org.mx\/wp-content\/uploads\/2021\/07\/consulltas_Yucata_0_especial2-1-e1626729148207.jpg?resize=350%2C200&ssl=1","width":350,"height":200,"srcset":"https:\/\/i0.wp.com\/www.grieta.org.mx\/wp-content\/uploads\/2021\/07\/consulltas_Yucata_0_especial2-1-e1626729148207.jpg?resize=350%2C200&ssl=1 1x, https:\/\/i0.wp.com\/www.grieta.org.mx\/wp-content\/uploads\/2021\/07\/consulltas_Yucata_0_especial2-1-e1626729148207.jpg?resize=525%2C300&ssl=1 1.5x, https:\/\/i0.wp.com\/www.grieta.org.mx\/wp-content\/uploads\/2021\/07\/consulltas_Yucata_0_especial2-1-e1626729148207.jpg?resize=700%2C400&ssl=1 2x"},"classes":[]},{"id":61361,"url":"https:\/\/www.grieta.org.mx\/index.php\/2021\/08\/22\/habitantes-de-celestun-yucatan-firmes-en-su-lucha-contra-granjas-porcicolas-de-keken\/","url_meta":{"origin":60623,"position":4},"title":"Habitantes de Celest\u00fan, Yucat\u00e1n, firmes en su lucha contra granjas porc\u00edcolas de Kek\u00e9n","author":"grieta","date":"22 agosto, 2021","format":false,"excerpt":"Edwin Farf\u00e1n Cervantes \/ PorEsto! El vocero del Consejo Maya del poniente Chikin Ja\u2019 Celest\u00fan, Alberto Rodr\u00edguez Pist\u00e9, lament\u00f3 no tener buenas noticias sobre la lucha del pueblo, pero asegur\u00f3 que en las pr\u00f3ximas semanas se volver\u00e1 a escuchar fuerte su demanda, pues en Celest\u00fan la poblaci\u00f3n si est\u00e1 preocupada\u2026","rel":"","context":"En &quot;Agroindustria&quot;","block_context":{"text":"Agroindustria","link":"https:\/\/www.grieta.org.mx\/index.php\/category\/megaproyectos\/agroindustria\/"},"img":{"alt_text":"","src":"https:\/\/i0.wp.com\/www.grieta.org.mx\/wp-content\/uploads\/2021\/08\/CelestunKeken-e1630266917439.png?resize=350%2C200&ssl=1","width":350,"height":200,"srcset":"https:\/\/i0.wp.com\/www.grieta.org.mx\/wp-content\/uploads\/2021\/08\/CelestunKeken-e1630266917439.png?resize=350%2C200&ssl=1 1x, https:\/\/i0.wp.com\/www.grieta.org.mx\/wp-content\/uploads\/2021\/08\/CelestunKeken-e1630266917439.png?resize=525%2C300&ssl=1 1.5x, https:\/\/i0.wp.com\/www.grieta.org.mx\/wp-content\/uploads\/2021\/08\/CelestunKeken-e1630266917439.png?resize=700%2C400&ssl=1 2x"},"classes":[]},{"id":65108,"url":"https:\/\/www.grieta.org.mx\/index.php\/2022\/09\/09\/colectivos-mayas-critican-a-la-uady-por-organizar-foro-a-favor-de-las-granjas-porcicolas-yucatan\/","url_meta":{"origin":60623,"position":5},"title":"Colectivos mayas critican a la UADY por organizar foro a favor de las granjas porc\u00edcolas (Yucat\u00e1n)","author":"grieta","date":"9 septiembre, 2022","format":false,"excerpt":"Por Esto! Colectivos mayas y organizaciones civiles se indignaron por el evento \u201cDesarrollo hacia una porcicultura sustentable\u201d, que se llevar\u00e1 a cabo hoy en la Facultad de Ingenier\u00eda Qu\u00edmica de la Universidad Aut\u00f3noma de Yucat\u00e1n (UADY) y mostraron su extra\u00f1eza con la casa de estudios al brindar espacios a empresas\u2026","rel":"","context":"En &quot;16. Pueblo Maya&quot;","block_context":{"text":"16. Pueblo Maya","link":"https:\/\/www.grieta.org.mx\/index.php\/category\/espejos-de-la-resistencia\/16-pueblo-maya\/"},"img":{"alt_text":"","src":"https:\/\/i0.wp.com\/www.grieta.org.mx\/wp-content\/uploads\/2022\/09\/Keken-e1662740911971.png?resize=350%2C200&ssl=1","width":350,"height":200,"srcset":"https:\/\/i0.wp.com\/www.grieta.org.mx\/wp-content\/uploads\/2022\/09\/Keken-e1662740911971.png?resize=350%2C200&ssl=1 1x, https:\/\/i0.wp.com\/www.grieta.org.mx\/wp-content\/uploads\/2022\/09\/Keken-e1662740911971.png?resize=525%2C300&ssl=1 1.5x, https:\/\/i0.wp.com\/www.grieta.org.mx\/wp-content\/uploads\/2022\/09\/Keken-e1662740911971.png?resize=700%2C400&ssl=1 2x"},"classes":[]}],"_links":{"self":[{"href":"https:\/\/www.grieta.org.mx\/index.php\/wp-json\/wp\/v2\/posts\/60623","targetHints":{"allow":["GET"]}}],"collection":[{"href":"https:\/\/www.grieta.org.mx\/index.php\/wp-json\/wp\/v2\/posts"}],"about":[{"href":"https:\/\/www.grieta.org.mx\/index.php\/wp-json\/wp\/v2\/types\/post"}],"author":[{"embeddable":true,"href":"https:\/\/www.grieta.org.mx\/index.php\/wp-json\/wp\/v2\/users\/2"}],"replies":[{"embeddable":true,"href":"https:\/\/www.grieta.org.mx\/index.php\/wp-json\/wp\/v2\/comments?post=60623"}],"version-history":[{"count":1,"href":"https:\/\/www.grieta.org.mx\/index.php\/wp-json\/wp\/v2\/posts\/60623\/revisions"}],"predecessor-version":[{"id":60633,"href":"https:\/\/www.grieta.org.mx\/index.php\/wp-json\/wp\/v2\/posts\/60623\/revisions\/60633"}],"wp:featuredmedia":[{"embeddable":true,"href":"https:\/\/www.grieta.org.mx\/index.php\/wp-json\/wp\/v2\/media\/60624"}],"wp:attachment":[{"href":"https:\/\/www.grieta.org.mx\/index.php\/wp-json\/wp\/v2\/media?parent=60623"}],"wp:term":[{"taxonomy":"category","embeddable":true,"href":"https:\/\/www.grieta.org.mx\/index.php\/wp-json\/wp\/v2\/categories?post=60623"},{"taxonomy":"post_tag","embeddable":true,"href":"https:\/\/www.grieta.org.mx\/index.php\/wp-json\/wp\/v2\/tags?post=60623"}],"curies":[{"name":"wp","href":"https:\/\/api.w.org\/{rel}","templated":true}]}}