{"id":60603,"date":"2021-07-18T13:01:31","date_gmt":"2021-07-18T18:01:31","guid":{"rendered":"https:\/\/www.grieta.org.mx\/?p=60603"},"modified":"2021-07-19T13:15:22","modified_gmt":"2021-07-19T18:15:22","slug":"mas-de-800-intelectuales-y-activistas-europeos-piden-al-gobierno-frances-que-permita-la-entrada-de-una-delegacion-de-zapatistas","status":"publish","type":"post","link":"https:\/\/www.grieta.org.mx\/index.php\/2021\/07\/18\/mas-de-800-intelectuales-y-activistas-europeos-piden-al-gobierno-frances-que-permita-la-entrada-de-una-delegacion-de-zapatistas\/","title":{"rendered":"M\u00e1s de 800 intelectuales y activistas europeos piden al Gobierno franc\u00e9s que permita la entrada de una delegaci\u00f3n de zapatistas"},"content":{"rendered":"<p><strong>Los zapatistas viajan a Europa en una gira para poner en com\u00fan reflexiones sobre &#8220;la lucha por la vida&#8221;.<\/strong><\/p>\n<figure id=\"attachment_60604\" aria-describedby=\"caption-attachment-60604\" style=\"width: 800px\" class=\"wp-caption alignnone\"><img loading=\"lazy\" decoding=\"async\" data-attachment-id=\"60604\" data-permalink=\"https:\/\/www.grieta.org.mx\/index.php\/2021\/07\/18\/mas-de-800-intelectuales-y-activistas-europeos-piden-al-gobierno-frances-que-permita-la-entrada-de-una-delegacion-de-zapatistas\/60999473b649f\/\" data-orig-file=\"https:\/\/www.grieta.org.mx\/wp-content\/uploads\/2021\/07\/60999473b649f.jpeg\" data-orig-size=\"990,660\" data-comments-opened=\"0\" data-image-meta=\"{&quot;aperture&quot;:&quot;0&quot;,&quot;credit&quot;:&quot;&quot;,&quot;camera&quot;:&quot;&quot;,&quot;caption&quot;:&quot;&quot;,&quot;created_timestamp&quot;:&quot;0&quot;,&quot;copyright&quot;:&quot;&quot;,&quot;focal_length&quot;:&quot;0&quot;,&quot;iso&quot;:&quot;0&quot;,&quot;shutter_speed&quot;:&quot;0&quot;,&quot;title&quot;:&quot;&quot;,&quot;orientation&quot;:&quot;0&quot;}\" data-image-title=\"60999473b649f\" data-image-description=\"\" data-image-caption=\"&lt;p&gt;El &amp;#8220;escuadr\u00f3n 421&amp;#8221; zapatista, en su barco rumbo a Europa. CEDIDA\/ ENLACE ZAPATISTA&lt;\/p&gt;\n\" data-medium-file=\"https:\/\/www.grieta.org.mx\/wp-content\/uploads\/2021\/07\/60999473b649f-300x200.jpeg\" data-large-file=\"https:\/\/www.grieta.org.mx\/wp-content\/uploads\/2021\/07\/60999473b649f.jpeg\" class=\"wp-image-60604\" src=\"http:\/\/www.grieta.org.mx\/wp-content\/uploads\/2021\/07\/60999473b649f.jpeg\" alt=\"\" width=\"800\" height=\"533\" srcset=\"https:\/\/www.grieta.org.mx\/wp-content\/uploads\/2021\/07\/60999473b649f.jpeg 990w, https:\/\/www.grieta.org.mx\/wp-content\/uploads\/2021\/07\/60999473b649f-300x200.jpeg 300w, https:\/\/www.grieta.org.mx\/wp-content\/uploads\/2021\/07\/60999473b649f-768x512.jpeg 768w\" sizes=\"auto, (max-width: 800px) 100vw, 800px\" \/><figcaption id=\"caption-attachment-60604\" class=\"wp-caption-text\">El &#8220;escuadr\u00f3n 421&#8221; zapatista, en su barco rumbo a Europa. CEDIDA\/ ENLACE ZAPATISTA<\/figcaption><\/figure>\n<p>P\u00daBLICO<\/p>\n<p>Madrid. Intelectuales y activistas europeos piden al Gobierno franc\u00e9s que permita la entrada de la delegaci\u00f3n de zapatistas que viaja al viejo continente para intercambiar reflexiones sobre los problemas sociales del nuevo mundo. En una carta dirigida al ministro de Interior galo, G\u00e9rald Darmanin, y al ministro de Europa y Asuntos Internacionales, Jean-Pierre Asvazadourian, m\u00e1s de 800 firmantes solicitan que los 160 &#8220;nacionales mexicanos&#8221; puedan entrar en Francia &#8220;por v\u00eda a\u00e9rea&#8221; a mediados del mes de julio.<\/p>\n<p>Los zapatistas han programado una gira europea entre julio y septiembre para &#8220;realizar encuentros, di\u00e1logos, intercambios de ideas, experiencias, an\u00e1lisis y valoraciones entre quienes nos encontramos empe\u00f1ados, desde distintas concepciones y en diferentes terrenos, en la lucha por la vida&#8221;, dice el texto de la carta a la que ha tenido acceso P\u00fablico.<\/p>\n<p>&#8220;Quienes les hemos invitado a venir para realizar esos encuentros e intercambios, consideramos que la lucha por la vida es un asunto de vital importancia, un asunto imperioso; si no luchamos por la vida, no habr\u00e1 futuro.<br \/>\nY como consideramos que para el Gobierno Franc\u00e9s esta lucha por la vida tambi\u00e9n debiera ser prioritaria, entendemos que la administraci\u00f3n p\u00fablica francesa deber\u00eda admitir este motivo como uno de los motivos imperiosos para entrar en el pa\u00eds, porque el viaje es para la reconstrucci\u00f3n de un tejido de esperanza y libertad&#8221;, exponen los firmantes.<\/p>\n<p>&#8220;Consideramos que la reuniones ya organizadas, las invitaciones de los firmantes de las declaraciones ya citadas, las invitaciones de quienes tambi\u00e9n firman esta carta, y sobre todo el hecho de que la delegaci\u00f3n viene a luchar por la vida frente al desastre ambiental y humano en el que vivimos, prueban la existencia de un motivo imperioso que debe permitir la entrada de la delegaci\u00f3n. Y por eso les escribimos, porque nos gustar\u00eda tener su confirmaci\u00f3n de que, el gobierno franc\u00e9s no se opondr\u00e1 a esta lucha por la vida. Que no habr\u00e1 obst\u00e1culos ni distancias ni fronteras que impidan que la patria de la fraternidad, libertad e igualdad, sea el puente natural de llegada de esta delegaci\u00f3n hist\u00f3rica que por primera vez pondr\u00e1 la voz de los pueblos originarios en primer plano en nuestras calles, teatros, universidades, y corazones&#8221;, agregan.<\/p>\n<p><a href=\"https:\/\/es.scribd.com\/document\/516333261\/CartaGobDelegacionMexico-Esp#from_embed\" target=\"_blank\" rel=\"noopener\">CartaGobDelegacionMexico<\/a> Esp by P\u00fablico.es on Scribd<\/p>\n<p><a href=\"https:\/\/www.publico.es\/sociedad\/intelectuales-activistas-piden-gobierno-frances-permita-entrada-delegacion-zapatistas.html\" target=\"_blank\" rel=\"noopener\">https:\/\/www.publico.es\/sociedad\/intelectuales-activistas-piden-gobierno-frances-permita-entrada-delegacion-zapatistas.html<\/a><\/p>\n","protected":false},"excerpt":{"rendered":"<p>Los zapatistas viajan a Europa en una gira para poner en com\u00fan reflexiones sobre &#8220;la lucha por la vida&#8221;. P\u00daBLICO Madrid. Intelectuales y activistas europeos piden al Gobierno franc\u00e9s que &hellip; <a href=\"https:\/\/www.grieta.org.mx\/index.php\/2021\/07\/18\/mas-de-800-intelectuales-y-activistas-europeos-piden-al-gobierno-frances-que-permita-la-entrada-de-una-delegacion-de-zapatistas\/\" class=\"more-link\">Leer m\u00e1s<\/a><\/p>\n","protected":false},"author":2,"featured_media":60604,"comment_status":"closed","ping_status":"closed","sticky":false,"template":"","format":"standard","meta":{"ngg_post_thumbnail":0,"_jetpack_newsletter_access":"","_jetpack_dont_email_post_to_subs":false,"_jetpack_newsletter_tier_id":0,"_jetpack_memberships_contains_paywalled_content":false,"_jetpack_memberships_contains_paid_content":false,"footnotes":""},"categories":[80,2,2661,3916],"tags":[3928,3934,3968,3917],"class_list":["post-60603","post","type-post","status-publish","format-standard","has-post-thumbnail","hentry","category-cintillo","category-noticias-nacionales","category-redes-de-resistencia-y-rebeldia","category-travesia-por-la-vida","tag-colectivos-solidarios","tag-europa","tag-solicitud-de-entrada-a-francia","tag-travesia-por-la-vida","entry"],"jetpack_featured_media_url":"https:\/\/www.grieta.org.mx\/wp-content\/uploads\/2021\/07\/60999473b649f.jpeg","jetpack_sharing_enabled":true,"jetpack_shortlink":"https:\/\/wp.me\/p7ZJR4-fLt","jetpack_likes_enabled":false,"jetpack-related-posts":[{"id":60596,"url":"https:\/\/www.grieta.org.mx\/index.php\/2021\/07\/17\/mas-de-700-organizaciones-piden-a-paris-que-garantice-la-entrada-de-la-delegacion-zapatista\/","url_meta":{"origin":60603,"position":0},"title":"M\u00e1s de 700 organizaciones piden a Par\u00eds que garantice la entrada de la delegaci\u00f3n zapatista","author":"grieta","date":"17 julio, 2021","format":false,"excerpt":"M\u00e1s de 700 entidades sociales, colectivos, sindicatos, partidos pol\u00edticos y cargos p\u00fablicos europeos, junto con decenas de artistas e intelectuales han suscrito una carta dirigida al Gobierno franc\u00e9s para pedirle que garantice la entrada de la delegaci\u00f3n zapatista e ind\u00edgena. Redacci\u00f3n NAIZ M\u00e1s de 700 entidades sociales, colectivos, sindicatos, partidos\u2026","rel":"","context":"En &quot;CINTILLO&quot;","block_context":{"text":"CINTILLO","link":"https:\/\/www.grieta.org.mx\/index.php\/category\/cintillo\/"},"img":{"alt_text":"","src":"https:\/\/i0.wp.com\/www.grieta.org.mx\/wp-content\/uploads\/2021\/07\/EZLN.jpg?resize=350%2C200&ssl=1","width":350,"height":200,"srcset":"https:\/\/i0.wp.com\/www.grieta.org.mx\/wp-content\/uploads\/2021\/07\/EZLN.jpg?resize=350%2C200&ssl=1 1x, https:\/\/i0.wp.com\/www.grieta.org.mx\/wp-content\/uploads\/2021\/07\/EZLN.jpg?resize=525%2C300&ssl=1 1.5x, https:\/\/i0.wp.com\/www.grieta.org.mx\/wp-content\/uploads\/2021\/07\/EZLN.jpg?resize=700%2C400&ssl=1 2x"},"classes":[]},{"id":60956,"url":"https:\/\/www.grieta.org.mx\/index.php\/2021\/07\/21\/el-viaje-por-la-vida-de-las-comunidades-indigenas-zapatistas-a-las-puertas-de-europa\/","url_meta":{"origin":60603,"position":1},"title":"El &#8216;viaje por la vida&#8217; de las comunidades ind\u00edgenas zapatistas a las puertas de Europa","author":"grieta","date":"21 julio, 2021","format":false,"excerpt":"\u00a0 Braulio Moro\/ RFI RADIO FRANCIA INTERNACIONAL Organizaciones, colectivos diversos, diputados europeos, artistas, intelectuales de Francia y otros 11 pa\u00edses europeos pidieron al gobierno franc\u00e9s autorice el ingreso de una delegaci\u00f3n de 160 personas, miembros de las comunidades ind\u00edgenas zapatistas, del Consejo Nacional Ind\u00edgena, y del Frente por la Defensa\u2026","rel":"","context":"En &quot;CINTILLO&quot;","block_context":{"text":"CINTILLO","link":"https:\/\/www.grieta.org.mx\/index.php\/category\/cintillo\/"},"img":{"alt_text":"","src":"https:\/\/i0.wp.com\/www.grieta.org.mx\/wp-content\/uploads\/2021\/07\/collage.png?resize=350%2C200&ssl=1","width":350,"height":200,"srcset":"https:\/\/i0.wp.com\/www.grieta.org.mx\/wp-content\/uploads\/2021\/07\/collage.png?resize=350%2C200&ssl=1 1x, https:\/\/i0.wp.com\/www.grieta.org.mx\/wp-content\/uploads\/2021\/07\/collage.png?resize=525%2C300&ssl=1 1.5x, https:\/\/i0.wp.com\/www.grieta.org.mx\/wp-content\/uploads\/2021\/07\/collage.png?resize=700%2C400&ssl=1 2x"},"classes":[]},{"id":60753,"url":"https:\/\/www.grieta.org.mx\/index.php\/2021\/07\/23\/semana-de-acciones-en-varias-ciudades-europeas-para-pedir-via-libre-para-la-delegacion-zapatista\/","url_meta":{"origin":60603,"position":2},"title":"Semana de acciones en varias ciudades europeas para pedir v\u00eda libre para la delegaci\u00f3n zapatista","author":"grieta","date":"23 julio, 2021","format":false,"excerpt":"Desde el martes pasado se han venido realizando acciones frente a las embajadas y consulados de Francia de Alemania, Italia, B\u00e9lgica, Dinamarca y algunas ciudades francesas. Hoy han sucedido en Pa\u00edses Bajos y Grecia, y en el Estado espa\u00f1ol, se han convocado para este s\u00e1bado en Granada, Barcelona, Bilbao y\u2026","rel":"","context":"En &quot;CINTILLO&quot;","block_context":{"text":"CINTILLO","link":"https:\/\/www.grieta.org.mx\/index.php\/category\/cintillo\/"},"img":{"alt_text":"","src":"https:\/\/i0.wp.com\/www.grieta.org.mx\/wp-content\/uploads\/2021\/07\/pasolibre-Amsterdam.jpg?resize=350%2C200&ssl=1","width":350,"height":200,"srcset":"https:\/\/i0.wp.com\/www.grieta.org.mx\/wp-content\/uploads\/2021\/07\/pasolibre-Amsterdam.jpg?resize=350%2C200&ssl=1 1x, https:\/\/i0.wp.com\/www.grieta.org.mx\/wp-content\/uploads\/2021\/07\/pasolibre-Amsterdam.jpg?resize=525%2C300&ssl=1 1.5x, https:\/\/i0.wp.com\/www.grieta.org.mx\/wp-content\/uploads\/2021\/07\/pasolibre-Amsterdam.jpg?resize=700%2C400&ssl=1 2x, https:\/\/i0.wp.com\/www.grieta.org.mx\/wp-content\/uploads\/2021\/07\/pasolibre-Amsterdam.jpg?resize=1050%2C600&ssl=1 3x, https:\/\/i0.wp.com\/www.grieta.org.mx\/wp-content\/uploads\/2021\/07\/pasolibre-Amsterdam.jpg?resize=1400%2C800&ssl=1 4x"},"classes":[]},{"id":60944,"url":"https:\/\/www.grieta.org.mx\/index.php\/2021\/08\/10\/en-euskal-herria-pais-vasco-organizan-distintas-actividades-para-recibir-a-la-delegacion-del-ezln-videos-y-fotos\/","url_meta":{"origin":60603,"position":3},"title":"En Euskal Herria (Pa\u00eds Vasco) organizan distintas actividades para recibir a la delegaci\u00f3n del EZLN (VIDEOS Y FOTOS)","author":"grieta","date":"10 agosto, 2021","format":false,"excerpt":"VIDEO: BIRA ZAPATISTA COLECTIVO GRIETA Como en muchos otros rincones de la Europa insumisa, este fin de semana se realizaron distintas acciones en Euskal Herria (Pa\u00eds Vasco, Estado espa\u00f1ol), para mostrar el apoyo a la \"Traves\u00eda por la vida\" del Ej\u00e9rcito Zapatista de Liberaci\u00f3n Nacional (EZLN) y exigir una vez\u2026","rel":"","context":"En &quot;CINTILLO&quot;","block_context":{"text":"CINTILLO","link":"https:\/\/www.grieta.org.mx\/index.php\/category\/cintillo\/"},"img":{"alt_text":"","src":"https:\/\/i0.wp.com\/www.grieta.org.mx\/wp-content\/uploads\/2021\/08\/Mesa-Donostiphoto_2021-08-09_08-58-13.jpg?resize=350%2C200&ssl=1","width":350,"height":200,"srcset":"https:\/\/i0.wp.com\/www.grieta.org.mx\/wp-content\/uploads\/2021\/08\/Mesa-Donostiphoto_2021-08-09_08-58-13.jpg?resize=350%2C200&ssl=1 1x, https:\/\/i0.wp.com\/www.grieta.org.mx\/wp-content\/uploads\/2021\/08\/Mesa-Donostiphoto_2021-08-09_08-58-13.jpg?resize=525%2C300&ssl=1 1.5x, https:\/\/i0.wp.com\/www.grieta.org.mx\/wp-content\/uploads\/2021\/08\/Mesa-Donostiphoto_2021-08-09_08-58-13.jpg?resize=700%2C400&ssl=1 2x, https:\/\/i0.wp.com\/www.grieta.org.mx\/wp-content\/uploads\/2021\/08\/Mesa-Donostiphoto_2021-08-09_08-58-13.jpg?resize=1050%2C600&ssl=1 3x"},"classes":[]},{"id":61740,"url":"https:\/\/www.grieta.org.mx\/index.php\/2021\/09\/17\/inician-protestas-en-europa-para-exigir-la-presentacion-con-vida-de-zapatistas-secuestrados-en-chiapas\/","url_meta":{"origin":60603,"position":4},"title":"Inician protestas en Europa para exigir la presentaci\u00f3n con vida de zapatistas secuestrados en Chiapas","author":"grieta","date":"17 septiembre, 2021","format":false,"excerpt":"POZOL COLECTIVO FOTOS: Compas Arriba y Colectivo de Acci\u00f3n Solidaria 17 de septiembre. Bases de Apoyo del EZLN en Viena se unieron a protesta europea ante la embajada de M\u00e9xico en Austria para exigir la reaparici\u00f3n con vida de dos compa\u00f1eros del Caracol 10 secuestrados por la ORCAO cerca de\u2026","rel":"","context":"En &quot;Alto a la Guerra contra los pueblos zapatistas&quot;","block_context":{"text":"Alto a la Guerra contra los pueblos zapatistas","link":"https:\/\/www.grieta.org.mx\/index.php\/category\/redes-de-resistencia-y-rebeldia\/contra-la-guerra-al-ezln\/"},"img":{"alt_text":"","src":"https:\/\/i0.wp.com\/www.grieta.org.mx\/wp-content\/uploads\/2021\/09\/inbound827260503439738100-660x330-1.jpg?resize=350%2C200&ssl=1","width":350,"height":200,"srcset":"https:\/\/i0.wp.com\/www.grieta.org.mx\/wp-content\/uploads\/2021\/09\/inbound827260503439738100-660x330-1.jpg?resize=350%2C200&ssl=1 1x, https:\/\/i0.wp.com\/www.grieta.org.mx\/wp-content\/uploads\/2021\/09\/inbound827260503439738100-660x330-1.jpg?resize=525%2C300&ssl=1 1.5x"},"classes":[]},{"id":59140,"url":"https:\/\/www.grieta.org.mx\/index.php\/2021\/05\/03\/saludan-en-la-ciudad-de-mexico-el-inicio-de-la-travesia-maritima-zapatista-a-europa\/","url_meta":{"origin":60603,"position":5},"title":"Saludan en la Ciudad de M\u00e9xico el inicio de la traves\u00eda mar\u00edtima zapatista a Europa","author":"grieta","date":"3 mayo, 2021","format":false,"excerpt":"COLECTIVO GRIETA, Ciudad de M\u00e9xico, 2 de mayo.- Para hacer p\u00fablica su adhesi\u00f3n a la reciente iniciativa del Ej\u00e9rcito Zapatista de Liberaci\u00f3n Nacional (EZLN), \"Zapatistas. Una traves\u00eda por la vida\", y desearles buen viaje a los siete ind\u00edgenas mayas (tzotziles, tzeltales, choles y tojolabales) \u00a0integrantes del Escuadr\u00f3n 421 \u00a0que hoy\u2026","rel":"","context":"En &quot;CINTILLO&quot;","block_context":{"text":"CINTILLO","link":"https:\/\/www.grieta.org.mx\/index.php\/category\/cintillo\/"},"img":{"alt_text":"","src":"https:\/\/i0.wp.com\/www.grieta.org.mx\/wp-content\/uploads\/2021\/05\/Screenshot_2021-05-03-Saludan-en-la-Ciudad-de-Mexico-el-inicio-de-la-travesia-maritima-zapatista-a-Europa.png?resize=350%2C200&ssl=1","width":350,"height":200,"srcset":"https:\/\/i0.wp.com\/www.grieta.org.mx\/wp-content\/uploads\/2021\/05\/Screenshot_2021-05-03-Saludan-en-la-Ciudad-de-Mexico-el-inicio-de-la-travesia-maritima-zapatista-a-Europa.png?resize=350%2C200&ssl=1 1x, https:\/\/i0.wp.com\/www.grieta.org.mx\/wp-content\/uploads\/2021\/05\/Screenshot_2021-05-03-Saludan-en-la-Ciudad-de-Mexico-el-inicio-de-la-travesia-maritima-zapatista-a-Europa.png?resize=525%2C300&ssl=1 1.5x, https:\/\/i0.wp.com\/www.grieta.org.mx\/wp-content\/uploads\/2021\/05\/Screenshot_2021-05-03-Saludan-en-la-Ciudad-de-Mexico-el-inicio-de-la-travesia-maritima-zapatista-a-Europa.png?resize=700%2C400&ssl=1 2x"},"classes":[]}],"_links":{"self":[{"href":"https:\/\/www.grieta.org.mx\/index.php\/wp-json\/wp\/v2\/posts\/60603","targetHints":{"allow":["GET"]}}],"collection":[{"href":"https:\/\/www.grieta.org.mx\/index.php\/wp-json\/wp\/v2\/posts"}],"about":[{"href":"https:\/\/www.grieta.org.mx\/index.php\/wp-json\/wp\/v2\/types\/post"}],"author":[{"embeddable":true,"href":"https:\/\/www.grieta.org.mx\/index.php\/wp-json\/wp\/v2\/users\/2"}],"replies":[{"embeddable":true,"href":"https:\/\/www.grieta.org.mx\/index.php\/wp-json\/wp\/v2\/comments?post=60603"}],"version-history":[{"count":1,"href":"https:\/\/www.grieta.org.mx\/index.php\/wp-json\/wp\/v2\/posts\/60603\/revisions"}],"predecessor-version":[{"id":60606,"href":"https:\/\/www.grieta.org.mx\/index.php\/wp-json\/wp\/v2\/posts\/60603\/revisions\/60606"}],"wp:featuredmedia":[{"embeddable":true,"href":"https:\/\/www.grieta.org.mx\/index.php\/wp-json\/wp\/v2\/media\/60604"}],"wp:attachment":[{"href":"https:\/\/www.grieta.org.mx\/index.php\/wp-json\/wp\/v2\/media?parent=60603"}],"wp:term":[{"taxonomy":"category","embeddable":true,"href":"https:\/\/www.grieta.org.mx\/index.php\/wp-json\/wp\/v2\/categories?post=60603"},{"taxonomy":"post_tag","embeddable":true,"href":"https:\/\/www.grieta.org.mx\/index.php\/wp-json\/wp\/v2\/tags?post=60603"}],"curies":[{"name":"wp","href":"https:\/\/api.w.org\/{rel}","templated":true}]}}