{"id":60596,"date":"2021-07-17T10:45:53","date_gmt":"2021-07-17T15:45:53","guid":{"rendered":"https:\/\/www.grieta.org.mx\/?p=60596"},"modified":"2021-07-19T10:53:11","modified_gmt":"2021-07-19T15:53:11","slug":"mas-de-700-organizaciones-piden-a-paris-que-garantice-la-entrada-de-la-delegacion-zapatista","status":"publish","type":"post","link":"https:\/\/www.grieta.org.mx\/index.php\/2021\/07\/17\/mas-de-700-organizaciones-piden-a-paris-que-garantice-la-entrada-de-la-delegacion-zapatista\/","title":{"rendered":"M\u00e1s de 700 organizaciones piden a Par\u00eds que garantice la entrada de la delegaci\u00f3n zapatista"},"content":{"rendered":"<p><strong>M\u00e1s de 700 entidades sociales, colectivos, sindicatos, partidos pol\u00edticos y cargos p\u00fablicos europeos, junto con decenas de artistas e intelectuales han suscrito una carta dirigida al Gobierno franc\u00e9s para pedirle que garantice la entrada de la delegaci\u00f3n zapatista e ind\u00edgena.<\/strong><\/p>\n<p>Redacci\u00f3n NAIZ<\/p>\n<p>M\u00e1s de 700 entidades sociales, colectivos, sindicatos, partidos pol\u00edticos y cargos p\u00fablicos, junto con decenas de artistas e intelectuales han suscrito una carta dirigida al Gobierno franc\u00e9s, en la que se le demanda que garantice la entrada de la delegaci\u00f3n proveniente de M\u00e9xico y conformada por ind\u00edgenas del EZLN, CNI y Frente de Pueblos en Defensa de la Tierra y el Agua de Tlaxcala, Puebla y Morelos.<\/p>\n<p>La delegaci\u00f3n Esperando al Barco por la Vida est\u00e1 formada por 160 personas, la mayor\u00eda de pueblos ind\u00edgenas y zapatistas de Chiapas, y en su visita a Europa prev\u00e9 reunirse entre julio y setiembre con colectivos solidarios, asociaciones culturales, grupos art\u00edsticos, sindicatos, ONGs y entidades de defensa de los derechos humanos.<\/p>\n<p>Las comunidades ind\u00edgenas y el movimiento zapatista quieren llevar a cabo \u00abencuentros, di\u00e1logos, intercambios de ideas, experiencias, an\u00e1lisis y valoraciones entre quienes nos encontramos empe\u00f1dos, desde distintas concepciones y en diferentes terrenos, en la lucha por la vida\u00bb, seg\u00fan se\u00f1alan en su declaraci\u00f3n.<\/p>\n<p>Los firmantes de la carta consideran que \u00abpara el Gobierno franc\u00e9s esta lucha por la vida tambi\u00e9n debiera ser prioritaria\u00bb y debe admitirlo como uno de los motivos imperiosos para entrar en el pa\u00eds. \u00abEl hecho de que la delegaci\u00f3n viene a luchar por la vida frente al desastre ambiental y humano en el que vivimos prueba la existencia de un motivo imperioso que debe permitir la entrada de la delegaci\u00f3n\u00bb, insisten.<\/p>\n<p>Por ello, y apoy\u00e1ndose \u00aben las m\u00e1s de 4.000 organizaciones solidarias de todo el mundo que han firmado el comunicado \u2018Una Declaraci\u00f3n por la Vida\u2019\u00bb, reclaman la confirmaci\u00f3n de que \u00abno habr\u00e1 obst\u00e1culos ni distancias ni fronteras que impidan que la patria de la fraternidad, libertad e igualdad sea el puente natural de llegada de esta delegaci\u00f3n hist\u00f3rica que por primera vez pondr\u00e1 la voz de los pueblos originarios en primer plano en nuestras calles, teatros, universidades, y corazones\u00bb.<\/p>\n<p>El mes pasado, la Secretar\u00eda de Relaciones Exteriores (SRE) neg\u00f3 la aprobaci\u00f3n de los tr\u00e1mites para emitir pasaportes a varias personas ind\u00edgenas, delegadas del EZLN para viajar por avi\u00f3n hacia Europa en esta iniciativa.<\/p>\n<p><a href=\"https:\/\/www.naiz.eus\/eu\/info\/noticia\/20210717\/mas-de-700-organizaciones-piden-a-paris-que-garantice-la-entrada-de-la-delegacion-zapatista#.YPNFYPnqqZ8.facebook\" target=\"_blank\" rel=\"noopener\">https:\/\/www.naiz.eus\/eu\/info\/noticia\/20210717\/mas-de-700-organizaciones-piden-a-paris-que-garantice-la-entrada-de-la-delegacion-zapatista#.YPNFYPnqqZ8.facebook<\/a><\/p>\n","protected":false},"excerpt":{"rendered":"<p>M\u00e1s de 700 entidades sociales, colectivos, sindicatos, partidos pol\u00edticos y cargos p\u00fablicos europeos, junto con decenas de artistas e intelectuales han suscrito una carta dirigida al Gobierno franc\u00e9s para pedirle &hellip; <a href=\"https:\/\/www.grieta.org.mx\/index.php\/2021\/07\/17\/mas-de-700-organizaciones-piden-a-paris-que-garantice-la-entrada-de-la-delegacion-zapatista\/\" class=\"more-link\">Leer m\u00e1s<\/a><\/p>\n","protected":false},"author":2,"featured_media":60597,"comment_status":"closed","ping_status":"closed","sticky":false,"template":"","format":"standard","meta":{"ngg_post_thumbnail":0,"_jetpack_newsletter_access":"","_jetpack_dont_email_post_to_subs":false,"_jetpack_newsletter_tier_id":0,"_jetpack_memberships_contains_paywalled_content":false,"_jetpack_memberships_contains_paid_content":false,"footnotes":""},"categories":[80,2,2661,3916],"tags":[2737,95,3967,3934,466,3968,3917],"class_list":["post-60596","post","type-post","status-publish","format-standard","has-post-thumbnail","hentry","category-cintillo","category-noticias-nacionales","category-redes-de-resistencia-y-rebeldia","category-travesia-por-la-vida","tag-asesinato-de-miembros-del-cni","tag-cni","tag-denegacion-de-pasaportes","tag-europa","tag-ezln","tag-solicitud-de-entrada-a-francia","tag-travesia-por-la-vida","entry"],"jetpack_featured_media_url":"https:\/\/www.grieta.org.mx\/wp-content\/uploads\/2021\/07\/EZLN.jpg","jetpack_sharing_enabled":true,"jetpack_shortlink":"https:\/\/wp.me\/p7ZJR4-fLm","jetpack_likes_enabled":false,"jetpack-related-posts":[{"id":60603,"url":"https:\/\/www.grieta.org.mx\/index.php\/2021\/07\/18\/mas-de-800-intelectuales-y-activistas-europeos-piden-al-gobierno-frances-que-permita-la-entrada-de-una-delegacion-de-zapatistas\/","url_meta":{"origin":60596,"position":0},"title":"M\u00e1s de 800 intelectuales y activistas europeos piden al Gobierno franc\u00e9s que permita la entrada de una delegaci\u00f3n de zapatistas","author":"grieta","date":"18 julio, 2021","format":false,"excerpt":"Los zapatistas viajan a Europa en una gira para poner en com\u00fan reflexiones sobre \"la lucha por la vida\". P\u00daBLICO Madrid. Intelectuales y activistas europeos piden al Gobierno franc\u00e9s que permita la entrada de la delegaci\u00f3n de zapatistas que viaja al viejo continente para intercambiar reflexiones sobre los problemas sociales\u2026","rel":"","context":"En &quot;CINTILLO&quot;","block_context":{"text":"CINTILLO","link":"https:\/\/www.grieta.org.mx\/index.php\/category\/cintillo\/"},"img":{"alt_text":"","src":"https:\/\/i0.wp.com\/www.grieta.org.mx\/wp-content\/uploads\/2021\/07\/60999473b649f.jpeg?resize=350%2C200&ssl=1","width":350,"height":200,"srcset":"https:\/\/i0.wp.com\/www.grieta.org.mx\/wp-content\/uploads\/2021\/07\/60999473b649f.jpeg?resize=350%2C200&ssl=1 1x, https:\/\/i0.wp.com\/www.grieta.org.mx\/wp-content\/uploads\/2021\/07\/60999473b649f.jpeg?resize=525%2C300&ssl=1 1.5x, https:\/\/i0.wp.com\/www.grieta.org.mx\/wp-content\/uploads\/2021\/07\/60999473b649f.jpeg?resize=700%2C400&ssl=1 2x"},"classes":[]},{"id":60753,"url":"https:\/\/www.grieta.org.mx\/index.php\/2021\/07\/23\/semana-de-acciones-en-varias-ciudades-europeas-para-pedir-via-libre-para-la-delegacion-zapatista\/","url_meta":{"origin":60596,"position":1},"title":"Semana de acciones en varias ciudades europeas para pedir v\u00eda libre para la delegaci\u00f3n zapatista","author":"grieta","date":"23 julio, 2021","format":false,"excerpt":"Desde el martes pasado se han venido realizando acciones frente a las embajadas y consulados de Francia de Alemania, Italia, B\u00e9lgica, Dinamarca y algunas ciudades francesas. Hoy han sucedido en Pa\u00edses Bajos y Grecia, y en el Estado espa\u00f1ol, se han convocado para este s\u00e1bado en Granada, Barcelona, Bilbao y\u2026","rel":"","context":"En &quot;CINTILLO&quot;","block_context":{"text":"CINTILLO","link":"https:\/\/www.grieta.org.mx\/index.php\/category\/cintillo\/"},"img":{"alt_text":"","src":"https:\/\/i0.wp.com\/www.grieta.org.mx\/wp-content\/uploads\/2021\/07\/pasolibre-Amsterdam.jpg?resize=350%2C200&ssl=1","width":350,"height":200,"srcset":"https:\/\/i0.wp.com\/www.grieta.org.mx\/wp-content\/uploads\/2021\/07\/pasolibre-Amsterdam.jpg?resize=350%2C200&ssl=1 1x, https:\/\/i0.wp.com\/www.grieta.org.mx\/wp-content\/uploads\/2021\/07\/pasolibre-Amsterdam.jpg?resize=525%2C300&ssl=1 1.5x, https:\/\/i0.wp.com\/www.grieta.org.mx\/wp-content\/uploads\/2021\/07\/pasolibre-Amsterdam.jpg?resize=700%2C400&ssl=1 2x, https:\/\/i0.wp.com\/www.grieta.org.mx\/wp-content\/uploads\/2021\/07\/pasolibre-Amsterdam.jpg?resize=1050%2C600&ssl=1 3x, https:\/\/i0.wp.com\/www.grieta.org.mx\/wp-content\/uploads\/2021\/07\/pasolibre-Amsterdam.jpg?resize=1400%2C800&ssl=1 4x"},"classes":[]},{"id":60944,"url":"https:\/\/www.grieta.org.mx\/index.php\/2021\/08\/10\/en-euskal-herria-pais-vasco-organizan-distintas-actividades-para-recibir-a-la-delegacion-del-ezln-videos-y-fotos\/","url_meta":{"origin":60596,"position":2},"title":"En Euskal Herria (Pa\u00eds Vasco) organizan distintas actividades para recibir a la delegaci\u00f3n del EZLN (VIDEOS Y FOTOS)","author":"grieta","date":"10 agosto, 2021","format":false,"excerpt":"VIDEO: BIRA ZAPATISTA COLECTIVO GRIETA Como en muchos otros rincones de la Europa insumisa, este fin de semana se realizaron distintas acciones en Euskal Herria (Pa\u00eds Vasco, Estado espa\u00f1ol), para mostrar el apoyo a la \"Traves\u00eda por la vida\" del Ej\u00e9rcito Zapatista de Liberaci\u00f3n Nacional (EZLN) y exigir una vez\u2026","rel":"","context":"En &quot;CINTILLO&quot;","block_context":{"text":"CINTILLO","link":"https:\/\/www.grieta.org.mx\/index.php\/category\/cintillo\/"},"img":{"alt_text":"","src":"https:\/\/i0.wp.com\/www.grieta.org.mx\/wp-content\/uploads\/2021\/08\/Mesa-Donostiphoto_2021-08-09_08-58-13.jpg?resize=350%2C200&ssl=1","width":350,"height":200,"srcset":"https:\/\/i0.wp.com\/www.grieta.org.mx\/wp-content\/uploads\/2021\/08\/Mesa-Donostiphoto_2021-08-09_08-58-13.jpg?resize=350%2C200&ssl=1 1x, https:\/\/i0.wp.com\/www.grieta.org.mx\/wp-content\/uploads\/2021\/08\/Mesa-Donostiphoto_2021-08-09_08-58-13.jpg?resize=525%2C300&ssl=1 1.5x, https:\/\/i0.wp.com\/www.grieta.org.mx\/wp-content\/uploads\/2021\/08\/Mesa-Donostiphoto_2021-08-09_08-58-13.jpg?resize=700%2C400&ssl=1 2x, https:\/\/i0.wp.com\/www.grieta.org.mx\/wp-content\/uploads\/2021\/08\/Mesa-Donostiphoto_2021-08-09_08-58-13.jpg?resize=1050%2C600&ssl=1 3x"},"classes":[]},{"id":59140,"url":"https:\/\/www.grieta.org.mx\/index.php\/2021\/05\/03\/saludan-en-la-ciudad-de-mexico-el-inicio-de-la-travesia-maritima-zapatista-a-europa\/","url_meta":{"origin":60596,"position":3},"title":"Saludan en la Ciudad de M\u00e9xico el inicio de la traves\u00eda mar\u00edtima zapatista a Europa","author":"grieta","date":"3 mayo, 2021","format":false,"excerpt":"COLECTIVO GRIETA, Ciudad de M\u00e9xico, 2 de mayo.- Para hacer p\u00fablica su adhesi\u00f3n a la reciente iniciativa del Ej\u00e9rcito Zapatista de Liberaci\u00f3n Nacional (EZLN), \"Zapatistas. Una traves\u00eda por la vida\", y desearles buen viaje a los siete ind\u00edgenas mayas (tzotziles, tzeltales, choles y tojolabales) \u00a0integrantes del Escuadr\u00f3n 421 \u00a0que hoy\u2026","rel":"","context":"En &quot;CINTILLO&quot;","block_context":{"text":"CINTILLO","link":"https:\/\/www.grieta.org.mx\/index.php\/category\/cintillo\/"},"img":{"alt_text":"","src":"https:\/\/i0.wp.com\/www.grieta.org.mx\/wp-content\/uploads\/2021\/05\/Screenshot_2021-05-03-Saludan-en-la-Ciudad-de-Mexico-el-inicio-de-la-travesia-maritima-zapatista-a-Europa.png?resize=350%2C200&ssl=1","width":350,"height":200,"srcset":"https:\/\/i0.wp.com\/www.grieta.org.mx\/wp-content\/uploads\/2021\/05\/Screenshot_2021-05-03-Saludan-en-la-Ciudad-de-Mexico-el-inicio-de-la-travesia-maritima-zapatista-a-Europa.png?resize=350%2C200&ssl=1 1x, https:\/\/i0.wp.com\/www.grieta.org.mx\/wp-content\/uploads\/2021\/05\/Screenshot_2021-05-03-Saludan-en-la-Ciudad-de-Mexico-el-inicio-de-la-travesia-maritima-zapatista-a-Europa.png?resize=525%2C300&ssl=1 1.5x, https:\/\/i0.wp.com\/www.grieta.org.mx\/wp-content\/uploads\/2021\/05\/Screenshot_2021-05-03-Saludan-en-la-Ciudad-de-Mexico-el-inicio-de-la-travesia-maritima-zapatista-a-Europa.png?resize=700%2C400&ssl=1 2x"},"classes":[]},{"id":61828,"url":"https:\/\/www.grieta.org.mx\/index.php\/2021\/09\/19\/comunicado-por-la-salida-de-las-y-los-delegados-del-cni-cig-y-fpdtapmt-a-la-europa-insumisa-para-sumarse-a-la-travesia-por-la-vida\/","url_meta":{"origin":60596,"position":4},"title":"COMUNICADO POR LA SALIDA DE LAS Y LOS DELEGADOS DEL CNI, CIG Y FPDTAPMT A LA EUROPA INSUMISA PARA SUMARSE A LA TRAVES\u00cdA POR LA VIDA","author":"grieta","date":"19 septiembre, 2021","format":false,"excerpt":"Al Ej\u00e9rcito Zapatista de Liberaci\u00f3n Nacional,\u00a0 A la Europa rebelde de abajo y a la izquierda, A la Sexta Nacional e Internacional, A los medios de comunicaci\u00f3n, A los pueblos de M\u00e9xico y el mundo. \u00a0 En medio de la guerra que los malos gobiernos crecen en contra de los\u2026","rel":"","context":"En &quot;CIG&quot;","block_context":{"text":"CIG","link":"https:\/\/www.grieta.org.mx\/index.php\/category\/cig\/"},"img":{"alt_text":"","src":"https:\/\/i0.wp.com\/www.grieta.org.mx\/wp-content\/uploads\/2019\/06\/logo-CNI-T.png?resize=350%2C200&ssl=1","width":350,"height":200,"srcset":"https:\/\/i0.wp.com\/www.grieta.org.mx\/wp-content\/uploads\/2019\/06\/logo-CNI-T.png?resize=350%2C200&ssl=1 1x, https:\/\/i0.wp.com\/www.grieta.org.mx\/wp-content\/uploads\/2019\/06\/logo-CNI-T.png?resize=525%2C300&ssl=1 1.5x"},"classes":[]},{"id":60587,"url":"https:\/\/www.grieta.org.mx\/index.php\/2021\/05\/18\/numerosas-ciudades-europeas-muestran-su-apoyo-a-la-gira-por-la-vida-zapatista\/","url_meta":{"origin":60596,"position":5},"title":"Numerosas ciudades europeas muestran su apoyo a la \u2018Gira por la vida\u2019 Zapatista","author":"grieta","date":"18 mayo, 2021","format":false,"excerpt":"Se han celebrado diversas acciones ante la inminente llegada a Europa del \u201cvirus\u201d de la resistencia y rebeld\u00eda zapatistas. Redacci\u00f3n LA TERCERA Este fin de semana, varias decenas de ciudades europeas se han manifestado de manera simult\u00e1nea en apoyo a la \u2018Gira por la vida\u2019, como han bautizado las comunidades\u2026","rel":"","context":"En &quot;CINTILLO&quot;","block_context":{"text":"CINTILLO","link":"https:\/\/www.grieta.org.mx\/index.php\/category\/cintillo\/"},"img":{"alt_text":"","src":"https:\/\/i0.wp.com\/www.grieta.org.mx\/wp-content\/uploads\/2021\/07\/4096-2731-max..-1-950x0-c-default.jpg?resize=350%2C200&ssl=1","width":350,"height":200,"srcset":"https:\/\/i0.wp.com\/www.grieta.org.mx\/wp-content\/uploads\/2021\/07\/4096-2731-max..-1-950x0-c-default.jpg?resize=350%2C200&ssl=1 1x, https:\/\/i0.wp.com\/www.grieta.org.mx\/wp-content\/uploads\/2021\/07\/4096-2731-max..-1-950x0-c-default.jpg?resize=525%2C300&ssl=1 1.5x, https:\/\/i0.wp.com\/www.grieta.org.mx\/wp-content\/uploads\/2021\/07\/4096-2731-max..-1-950x0-c-default.jpg?resize=700%2C400&ssl=1 2x"},"classes":[]}],"_links":{"self":[{"href":"https:\/\/www.grieta.org.mx\/index.php\/wp-json\/wp\/v2\/posts\/60596","targetHints":{"allow":["GET"]}}],"collection":[{"href":"https:\/\/www.grieta.org.mx\/index.php\/wp-json\/wp\/v2\/posts"}],"about":[{"href":"https:\/\/www.grieta.org.mx\/index.php\/wp-json\/wp\/v2\/types\/post"}],"author":[{"embeddable":true,"href":"https:\/\/www.grieta.org.mx\/index.php\/wp-json\/wp\/v2\/users\/2"}],"replies":[{"embeddable":true,"href":"https:\/\/www.grieta.org.mx\/index.php\/wp-json\/wp\/v2\/comments?post=60596"}],"version-history":[{"count":1,"href":"https:\/\/www.grieta.org.mx\/index.php\/wp-json\/wp\/v2\/posts\/60596\/revisions"}],"predecessor-version":[{"id":60599,"href":"https:\/\/www.grieta.org.mx\/index.php\/wp-json\/wp\/v2\/posts\/60596\/revisions\/60599"}],"wp:featuredmedia":[{"embeddable":true,"href":"https:\/\/www.grieta.org.mx\/index.php\/wp-json\/wp\/v2\/media\/60597"}],"wp:attachment":[{"href":"https:\/\/www.grieta.org.mx\/index.php\/wp-json\/wp\/v2\/media?parent=60596"}],"wp:term":[{"taxonomy":"category","embeddable":true,"href":"https:\/\/www.grieta.org.mx\/index.php\/wp-json\/wp\/v2\/categories?post=60596"},{"taxonomy":"post_tag","embeddable":true,"href":"https:\/\/www.grieta.org.mx\/index.php\/wp-json\/wp\/v2\/tags?post=60596"}],"curies":[{"name":"wp","href":"https:\/\/api.w.org\/{rel}","templated":true}]}}