{"id":60542,"date":"2021-07-17T21:16:49","date_gmt":"2021-07-18T02:16:49","guid":{"rendered":"https:\/\/www.grieta.org.mx\/?p=60542"},"modified":"2021-07-18T21:20:47","modified_gmt":"2021-07-19T02:20:47","slug":"asesinan-a-aranza-ramos-integrante-de-colectivo-de-sonora-buscaba-a-su-esposo","status":"publish","type":"post","link":"https:\/\/www.grieta.org.mx\/index.php\/2021\/07\/17\/asesinan-a-aranza-ramos-integrante-de-colectivo-de-sonora-buscaba-a-su-esposo\/","title":{"rendered":"Asesinan a Aranza Ramos, integrante de colectivo de Sonora; buscaba a su esposo"},"content":{"rendered":"<div class=\"ap_desktop_container\">\n<div class=\"ap_single_first_excerpt ap_mobile_noshow\">Aranza, de 27 a\u00f1os, buscaba a su esposo Brayan Omar Celaya Alvarado, quien desapareci\u00f3 el 6 de diciembre de 2020.<\/div>\n<\/div>\n<div class=\"ap_desktop_container\">\n<div class=\"ap_single_thumbnail ap_mobile_noshow\">\n<div id=\"standard_1\" class=\"st-placement standard_1 inImage\">\n<div class=\"st-adunit st-reset st-show\"><\/div>\n<\/div>\n<p><img decoding=\"async\" class=\"lazy\" src=\"https:\/\/www.animalpolitico.com\/wp-content\/uploads\/2021\/07\/aranza-ramos-buscadora-sonora.jpg\" \/><\/div>\n<div class=\"ap_single_credits ap_mobile_noshow\">Facebook Aranza Ramos<\/div>\n<div class=\"ap_single_first_info\">\n<div class=\"ap_single_first_info_author\">Por<strong>Redacci\u00f3n Animal Pol\u00edtico<\/strong><\/div>\n<\/div>\n<div>\n<p>Aranza Ramos, integrante del colectivo Madres Buscadoras de Sonora, fue\u00a0<strong>asesinada la noche de este jueves 15 de julio<\/strong>\u00a0en la comunidad de Ortiz, en Guaymas.<\/p>\n<p>Ella se integr\u00f3 al colectivo para buscar a su\u00a0<strong>esposo Brayan Omar Celaya Alvarado,<\/strong>\u00a0quien desapareci\u00f3 el 6 de diciembre de 2020.<\/p>\n<p>El colectivo lament\u00f3 los hechos y se\u00f1al\u00f3 que Aranza no buscaba culpables ni justicia, \u201csolo buscaba paz y darle un lugar digno al amor de su vida al padre de su hija\u201d.<\/p>\n<div class=\"ap_single_desktop_col\">\n<div class=\"ap_single_content\">\n<p>&nbsp;<\/p>\n<p>\u201cFamilia y amigos , me pueden ayudar a compartir una vez m\u00e1s la imagen de Brayan as\u00ed como tambi\u00e9n les pido que lo mantengan en sus oraciones , se los agradezco con el coraz\u00f3n ! Muchas muchas gracias!!\u201d, escribi\u00f3 Aranza, quien ten\u00eda 27 a\u00f1os de edad.<\/p>\n<p>Aranza y Brayan\u00a0<strong>ten\u00edan una ni\u00f1a de poco m\u00e1s de un a\u00f1o<\/strong>\u00a0de edad.<\/p>\n<div id=\"standard_4\" class=\"st-placement standard_4 inImage\">\n<div class=\"st-adunit st-reset st-show\"><\/div>\n<\/div>\n<p><img loading=\"lazy\" decoding=\"async\" class=\"alignnone size-full wp-image-788419\" src=\"https:\/\/www.animalpolitico.com\/wp-content\/uploads\/2021\/07\/brayan-.jpg\" sizes=\"auto, (max-width: 509px) 100vw, 509px\" srcset=\"https:\/\/www.animalpolitico.com\/wp-content\/uploads\/2021\/07\/brayan-.jpg 509w, https:\/\/www.animalpolitico.com\/wp-content\/uploads\/2021\/07\/brayan--212x300.jpg 212w, https:\/\/www.animalpolitico.com\/wp-content\/uploads\/2021\/07\/brayan--245x346.jpg 245w\" alt=\"\" width=\"509\" height=\"720\" \/><\/p>\n<p>De acuerdo con el diario Tribuna, cerca de las 11:30 horas se report\u00f3 el ataque a Aranza. Cuando los param\u00e9dicos de la Cruz Roja llegaron la joven ya no ten\u00eda signos vitales.<\/p>\n<\/div>\n<blockquote class=\"wp-embedded-content\" data-secret=\"zsR1aoI7j7\"><p><a href=\"https:\/\/www.animalpolitico.com\/2021\/07\/asesinan-a-aranza-ramos-integrante-de-colectivo-de-sonora-buscaba-a-su-esposo\/\">Asesinan a Aranza Ramos, integrante de colectivo de Sonora; buscaba a su esposo<\/a><\/p><\/blockquote>\n<p><iframe loading=\"lazy\" class=\"wp-embedded-content\" sandbox=\"allow-scripts\" security=\"restricted\" style=\"position: absolute; clip: rect(1px, 1px, 1px, 1px);\" title=\"&#8220;Asesinan a Aranza Ramos, integrante de colectivo de Sonora; buscaba a su esposo&#8221; &#8212; Animal Pol\u00edtico\" src=\"https:\/\/www.animalpolitico.com\/2021\/07\/asesinan-a-aranza-ramos-integrante-de-colectivo-de-sonora-buscaba-a-su-esposo\/embed\/#?secret=zsR1aoI7j7\" data-secret=\"zsR1aoI7j7\" width=\"600\" height=\"338\" frameborder=\"0\" marginwidth=\"0\" marginheight=\"0\" scrolling=\"no\"><\/iframe><\/p>\n<\/div>\n<div id=\"ap_single_desktop_col_sidebar\" class=\"ap_single_desktop_col\">\n<div class=\"ap_single_on_portada\">\n<div class=\"ap_single_on_portada_posts\">\n<div class=\"ap_single_on_portada_post\">\n<div class=\"ap_single_on_portada_post_container\">\n<div class=\"ap_single_on_portada_post_container_title\"><\/div>\n<\/div>\n<\/div>\n<\/div>\n<\/div>\n<div><\/div>\n<div class=\"ap_ad_wrapper\" data-ad=\"halfpage\">\n<div class=\"ap_ad_wrapper_the_ad\">\n<div id=\"div-gpt-ad-8307721-100\" data-google-query-id=\"CMjoubSI7vECFcrA9gIdrU0PUw\"><\/div>\n<\/div>\n<\/div>\n<\/div>\n<\/div>\n<\/div>\n","protected":false},"excerpt":{"rendered":"<p>Aranza, de 27 a\u00f1os, buscaba a su esposo Brayan Omar Celaya Alvarado, quien desapareci\u00f3 el 6 de diciembre de 2020. Facebook Aranza Ramos PorRedacci\u00f3n Animal Pol\u00edtico Aranza Ramos, integrante del &hellip; <a href=\"https:\/\/www.grieta.org.mx\/index.php\/2021\/07\/17\/asesinan-a-aranza-ramos-integrante-de-colectivo-de-sonora-buscaba-a-su-esposo\/\" class=\"more-link\">Leer m\u00e1s<\/a><\/p>\n","protected":false},"author":2,"featured_media":60543,"comment_status":"closed","ping_status":"closed","sticky":false,"template":"","format":"standard","meta":{"ngg_post_thumbnail":0,"_jetpack_newsletter_access":"","_jetpack_dont_email_post_to_subs":false,"_jetpack_newsletter_tier_id":0,"_jetpack_memberships_contains_paywalled_content":false,"_jetpack_memberships_contains_paid_content":false,"footnotes":""},"categories":[80,1463,2588,2,31],"tags":[3791,1828,2220,81,265],"class_list":["post-60542","post","type-post","status-publish","format-standard","has-post-thumbnail","hentry","category-cintillo","category-desaparecidos-en-sonora","category-feminicidio-en-sonora","category-noticias-nacionales","category-sonora","tag-acciones-por-desaparecidos","tag-busqueda-de-desaparecidos","tag-colectivos-rastreadores-de-desaparecidos","tag-feminicidios","tag-impunidad","entry"],"jetpack_featured_media_url":"https:\/\/www.grieta.org.mx\/wp-content\/uploads\/2021\/07\/aranza-ramos-buscadora-sonora.jpg","jetpack_sharing_enabled":true,"jetpack_shortlink":"https:\/\/wp.me\/p7ZJR4-fKu","jetpack_likes_enabled":false,"jetpack-related-posts":[{"id":60545,"url":"https:\/\/www.grieta.org.mx\/index.php\/2021\/07\/18\/usted-sigue-dejan-terrible-amenaza-a-lider-de-madres-buscadoras-de-sonora-tras-asesinato-de-aranza\/","url_meta":{"origin":60542,"position":0},"title":"&#8220;Usted sigue&#8221;: Dejan terrible amenaza a l\u00edder de Madres Buscadoras de Sonora tras asesinato de Aranza","author":"grieta","date":"18 julio, 2021","format":false,"excerpt":"Tribuna La l\u00edder de Madres Buscadoras de Sonora, Ceci Patricia Flores Armenta, denunci\u00f3 que recibi\u00f3 una amenazada de muerte a solo d\u00edas del asesinato de su compa\u00f1era de colectivo, Aranza Ramos Hermosillo Sonora.- Ceci Patricia Flores Armenta, quien es l\u00edder del colectivo\u00a0Madres Buscadoras de Sonora, denunci\u00f3 que le hab\u00edan hecho\u2026","rel":"","context":"En &quot;Desaparecidos en Sonora&quot;","block_context":{"text":"Desaparecidos en Sonora","link":"https:\/\/www.grieta.org.mx\/index.php\/category\/noticias-nacionales\/sonora\/desaparecidos-en-sonora\/"},"img":{"alt_text":"","src":"https:\/\/i0.wp.com\/www.grieta.org.mx\/wp-content\/uploads\/2021\/07\/f800x450-223287_274733_7123.jpg?resize=350%2C200&ssl=1","width":350,"height":200,"srcset":"https:\/\/i0.wp.com\/www.grieta.org.mx\/wp-content\/uploads\/2021\/07\/f800x450-223287_274733_7123.jpg?resize=350%2C200&ssl=1 1x, https:\/\/i0.wp.com\/www.grieta.org.mx\/wp-content\/uploads\/2021\/07\/f800x450-223287_274733_7123.jpg?resize=525%2C300&ssl=1 1.5x, https:\/\/i0.wp.com\/www.grieta.org.mx\/wp-content\/uploads\/2021\/07\/f800x450-223287_274733_7123.jpg?resize=700%2C400&ssl=1 2x"},"classes":[]},{"id":60780,"url":"https:\/\/www.grieta.org.mx\/index.php\/2021\/07\/23\/marcha-silenciosa-por-las-personas-desaparecidas\/","url_meta":{"origin":60542,"position":1},"title":"Marcha silenciosa por las personas desaparecidas","author":"grieta","date":"23 julio, 2021","format":false,"excerpt":"Texto y fotos: Heriberto Paredes Pie de P\u00e1gina Protestaban por el asesinato de Aranza Ramos, en #Sonora, quien buscaba a su esposo Bryan, desaparecido en diciembre de 2020. Se sum\u00f3 la familia de Monserrat Uribe Palmeros, quien desapareci\u00f3 el 24 de julio de 2020 en Iztapalapa\u2026 CIUDAD DE M\u00c9XICO.\u2013 Salieron\u2026","rel":"","context":"En &quot;Abuso policiaco y tortura en la Ciudad de M\u00e9xico&quot;","block_context":{"text":"Abuso policiaco y tortura en la Ciudad de M\u00e9xico","link":"https:\/\/www.grieta.org.mx\/index.php\/category\/noticias-nacionales\/ciudad-de-mexico\/abuso-policiaco-y-tortura-en-la-ciudad-de-mexico\/"},"img":{"alt_text":"","src":"https:\/\/i0.wp.com\/www.grieta.org.mx\/wp-content\/uploads\/2021\/07\/Marcha-silenciosa-por-las-personas-desaparecidas-cdmx-jul.jpg?resize=350%2C200&ssl=1","width":350,"height":200,"srcset":"https:\/\/i0.wp.com\/www.grieta.org.mx\/wp-content\/uploads\/2021\/07\/Marcha-silenciosa-por-las-personas-desaparecidas-cdmx-jul.jpg?resize=350%2C200&ssl=1 1x, https:\/\/i0.wp.com\/www.grieta.org.mx\/wp-content\/uploads\/2021\/07\/Marcha-silenciosa-por-las-personas-desaparecidas-cdmx-jul.jpg?resize=525%2C300&ssl=1 1.5x, https:\/\/i0.wp.com\/www.grieta.org.mx\/wp-content\/uploads\/2021\/07\/Marcha-silenciosa-por-las-personas-desaparecidas-cdmx-jul.jpg?resize=700%2C400&ssl=1 2x"},"classes":[]},{"id":71567,"url":"https:\/\/www.grieta.org.mx\/index.php\/2025\/04\/06\/27-personas-buscadoras-han-sido-asesinadas-y-tres-mas-desaparecidas-en-mexico\/","url_meta":{"origin":60542,"position":2},"title":"27 personas buscadoras han sido asesinadas y tres m\u00e1s desaparecidas en M\u00e9xico","author":"grieta","date":"6 abril, 2025","format":false,"excerpt":"Imagen: Fotos de personas buscadoras que han sido asesinadas por buscar a su familiar \/ Zona Docs En medio de la terrible crisis de desaparici\u00f3n de personas que no cesa en M\u00e9xico, las familias que buscan a sus seres queridos tambi\u00e9n se han vuelto objeto de amenazas y ataques, con\u2026","rel":"","context":"En &quot;CINTILLO&quot;","block_context":{"text":"CINTILLO","link":"https:\/\/www.grieta.org.mx\/index.php\/category\/cintillo\/"},"img":{"alt_text":"","src":"https:\/\/i0.wp.com\/www.grieta.org.mx\/wp-content\/uploads\/2025\/04\/eaLlPL53.jpeg?resize=350%2C200&ssl=1","width":350,"height":200,"srcset":"https:\/\/i0.wp.com\/www.grieta.org.mx\/wp-content\/uploads\/2025\/04\/eaLlPL53.jpeg?resize=350%2C200&ssl=1 1x, https:\/\/i0.wp.com\/www.grieta.org.mx\/wp-content\/uploads\/2025\/04\/eaLlPL53.jpeg?resize=525%2C300&ssl=1 1.5x, https:\/\/i0.wp.com\/www.grieta.org.mx\/wp-content\/uploads\/2025\/04\/eaLlPL53.jpeg?resize=700%2C400&ssl=1 2x, https:\/\/i0.wp.com\/www.grieta.org.mx\/wp-content\/uploads\/2025\/04\/eaLlPL53.jpeg?resize=1050%2C600&ssl=1 3x"},"classes":[]},{"id":62550,"url":"https:\/\/www.grieta.org.mx\/index.php\/2021\/10\/29\/madres-buscadoras-de-sonora-denuncian-exclusion-por-comite-creado-para-rastreo-de-personas-desaparecidas-sonora\/","url_meta":{"origin":60542,"position":3},"title":"Madres Buscadoras de Sonora denuncian exclusi\u00f3n por comit\u00e9 creado para rastreo de personas desaparecidas (Sonora)","author":"grieta","date":"29 octubre, 2021","format":false,"excerpt":"Durante la madrugada de este viernes, el colectivo Madres Buscadoras de Sonora denunciaron desde sus redes sociales que sus integrantes fueron excluidas del Consejo Estatal Ciudadano de B\u00fasqueda de Personas.HBB5x6G Omnia.com.mx Fue desde su Twitter y Facebook donde la agrupaci\u00f3n se\u00f1al\u00f3 el hecho y urgi\u00f3 a las autoridades para que\u2026","rel":"","context":"En &quot;Desaparecidos en Sonora&quot;","block_context":{"text":"Desaparecidos en Sonora","link":"https:\/\/www.grieta.org.mx\/index.php\/category\/noticias-nacionales\/sonora\/desaparecidos-en-sonora\/"},"img":{"alt_text":"","src":"https:\/\/i0.wp.com\/www.grieta.org.mx\/wp-content\/uploads\/2021\/10\/big_cqlyrrog.jpg?resize=350%2C200&ssl=1","width":350,"height":200,"srcset":"https:\/\/i0.wp.com\/www.grieta.org.mx\/wp-content\/uploads\/2021\/10\/big_cqlyrrog.jpg?resize=350%2C200&ssl=1 1x, https:\/\/i0.wp.com\/www.grieta.org.mx\/wp-content\/uploads\/2021\/10\/big_cqlyrrog.jpg?resize=525%2C300&ssl=1 1.5x, https:\/\/i0.wp.com\/www.grieta.org.mx\/wp-content\/uploads\/2021\/10\/big_cqlyrrog.jpg?resize=700%2C400&ssl=1 2x"},"classes":[]},{"id":63230,"url":"https:\/\/www.grieta.org.mx\/index.php\/2022\/01\/24\/no-se-necesita-tener-un-desaparecido-para-unirse-a-la-busqueda-voluntarios-apoyan-a-victimas-en-sonora\/","url_meta":{"origin":60542,"position":4},"title":"No se necesita tener un desaparecido para unirse a la b\u00fasqueda: voluntarios apoyan a v\u00edctimas en Sonora","author":"grieta","date":"24 enero, 2022","format":false,"excerpt":"PorEr\u00e9ndira Aquino\/ Animal Pol\u00edtico \u201cLos voluntarios hacen mucho por las familias, pues hay muchas que no pueden salir a buscar\u201d, explica Milagros, fundadora de J\u00f3venes Buscadores de Sonora. \u201cPara estar en un colectivo de b\u00fasqueda no se necesita tener un familiar desaparecido\u201d, dice Milagros de Jes\u00fas, quien desde hace seis\u2026","rel":"","context":"En &quot;Desaparecidos en Sonora&quot;","block_context":{"text":"Desaparecidos en Sonora","link":"https:\/\/www.grieta.org.mx\/index.php\/category\/noticias-nacionales\/sonora\/desaparecidos-en-sonora\/"},"img":{"alt_text":"","src":"https:\/\/i0.wp.com\/www.grieta.org.mx\/wp-content\/uploads\/2022\/01\/jovenes_buscadores_sonora_desaparecidos.jpg?resize=350%2C200&ssl=1","width":350,"height":200,"srcset":"https:\/\/i0.wp.com\/www.grieta.org.mx\/wp-content\/uploads\/2022\/01\/jovenes_buscadores_sonora_desaparecidos.jpg?resize=350%2C200&ssl=1 1x, https:\/\/i0.wp.com\/www.grieta.org.mx\/wp-content\/uploads\/2022\/01\/jovenes_buscadores_sonora_desaparecidos.jpg?resize=525%2C300&ssl=1 1.5x, https:\/\/i0.wp.com\/www.grieta.org.mx\/wp-content\/uploads\/2022\/01\/jovenes_buscadores_sonora_desaparecidos.jpg?resize=700%2C400&ssl=1 2x"},"classes":[]},{"id":29627,"url":"https:\/\/www.grieta.org.mx\/index.php\/2019\/02\/23\/marchan-por-desaparecidos-en-obregon-y-se-unen-a-guerreras-buscadoras-de-sonora\/","url_meta":{"origin":60542,"position":5},"title":"Marchan por desaparecidos en Obreg\u00f3n y se unen a Guerreras Buscadoras de Sonora","author":"grieta","date":"23 febrero, 2019","format":false,"excerpt":"OPINI\u00d3N SONORA.COM Ciudad Obreg\u00f3n, Sonora.- Familiares que tienen alguna persona desaparecida en Cajeme y sus alrededores, se unieron al colectivo de Guerreras Buscadoras de Sonora que estaba conformado por hombres y mujeres de Guaymas y Empalme, quienes este tarde en punto de las 16:00 realizaron una marcha pac\u00edfica en Ciudad\u2026","rel":"","context":"En &quot;CINTILLO&quot;","block_context":{"text":"CINTILLO","link":"https:\/\/www.grieta.org.mx\/index.php\/category\/cintillo\/"},"img":{"alt_text":"","src":"https:\/\/i0.wp.com\/www.grieta.org.mx\/wp-content\/uploads\/2019\/02\/desaparecidas-sonora.jpg?resize=350%2C200&ssl=1","width":350,"height":200,"srcset":"https:\/\/i0.wp.com\/www.grieta.org.mx\/wp-content\/uploads\/2019\/02\/desaparecidas-sonora.jpg?resize=350%2C200&ssl=1 1x, https:\/\/i0.wp.com\/www.grieta.org.mx\/wp-content\/uploads\/2019\/02\/desaparecidas-sonora.jpg?resize=525%2C300&ssl=1 1.5x, https:\/\/i0.wp.com\/www.grieta.org.mx\/wp-content\/uploads\/2019\/02\/desaparecidas-sonora.jpg?resize=700%2C400&ssl=1 2x"},"classes":[]}],"_links":{"self":[{"href":"https:\/\/www.grieta.org.mx\/index.php\/wp-json\/wp\/v2\/posts\/60542","targetHints":{"allow":["GET"]}}],"collection":[{"href":"https:\/\/www.grieta.org.mx\/index.php\/wp-json\/wp\/v2\/posts"}],"about":[{"href":"https:\/\/www.grieta.org.mx\/index.php\/wp-json\/wp\/v2\/types\/post"}],"author":[{"embeddable":true,"href":"https:\/\/www.grieta.org.mx\/index.php\/wp-json\/wp\/v2\/users\/2"}],"replies":[{"embeddable":true,"href":"https:\/\/www.grieta.org.mx\/index.php\/wp-json\/wp\/v2\/comments?post=60542"}],"version-history":[{"count":1,"href":"https:\/\/www.grieta.org.mx\/index.php\/wp-json\/wp\/v2\/posts\/60542\/revisions"}],"predecessor-version":[{"id":60544,"href":"https:\/\/www.grieta.org.mx\/index.php\/wp-json\/wp\/v2\/posts\/60542\/revisions\/60544"}],"wp:featuredmedia":[{"embeddable":true,"href":"https:\/\/www.grieta.org.mx\/index.php\/wp-json\/wp\/v2\/media\/60543"}],"wp:attachment":[{"href":"https:\/\/www.grieta.org.mx\/index.php\/wp-json\/wp\/v2\/media?parent=60542"}],"wp:term":[{"taxonomy":"category","embeddable":true,"href":"https:\/\/www.grieta.org.mx\/index.php\/wp-json\/wp\/v2\/categories?post=60542"},{"taxonomy":"post_tag","embeddable":true,"href":"https:\/\/www.grieta.org.mx\/index.php\/wp-json\/wp\/v2\/tags?post=60542"}],"curies":[{"name":"wp","href":"https:\/\/api.w.org\/{rel}","templated":true}]}}