{"id":60531,"date":"2021-07-12T13:33:13","date_gmt":"2021-07-12T18:33:13","guid":{"rendered":"https:\/\/www.grieta.org.mx\/?p=60531"},"modified":"2021-07-17T13:43:16","modified_gmt":"2021-07-17T18:43:16","slug":"en-fiscalia-no-quieren-investigar-a-quienes-tienen-a-mi-hija-jalisco","status":"publish","type":"post","link":"https:\/\/www.grieta.org.mx\/index.php\/2021\/07\/12\/en-fiscalia-no-quieren-investigar-a-quienes-tienen-a-mi-hija-jalisco\/","title":{"rendered":"\u00abEn Fiscal\u00eda no quieren investigar a quienes tienen a mi hija\u00bb (Jalisco)"},"content":{"rendered":"<p>Foto: Zona Docs<\/p>\n<p><strong>Teresita G\u00f3mez Blancarte, de 21 a\u00f1os, fue desaparecida el 22 de febrero de 2020 a las afueras de su propio domicilio en la colonia Magisterial en el municipio de Tuxpan, Jalisco.\u00a0<\/strong><\/p>\n<p><strong>En sus pesquisas, Ang\u00e9lica -madre de Teresita- este a\u00f1o\u00a0logr\u00f3 encontrar fotos de su hija en una p\u00e1gina de internet que oferta\u00a0<em>packs<\/em>\u00a0y\u00a0<em>nudes<\/em>, esto autom\u00e1ticamente lo comunic\u00f3\u00a0a los polic\u00edas investigadores y al ministerio p\u00fablico que \u00abatienden\u00bb su caso, pero nada han hecho.<\/strong><\/p>\n<p>Darwin Franco \/ Zona Docs<\/p>\n<p><strong>Antes de su desaparici\u00f3n, Ang\u00e9lica notaba nerviosa a su hija<\/strong>. Y justo la noche en que se la llevaron fuera del domicilio en el que viv\u00eda con su pareja e hijo, Teresita le insisti\u00f3 a su mam\u00e1 para que fuera a recoger al ni\u00f1o.\u00a0Ella fue por \u00e9l y ese 22 de febrero de 2020 fue la \u00faltima vez que la vio.<\/p>\n<p>Esa noche Teresita les marc\u00f3, pero no desde su celular, sino del n\u00famero de su pareja cosa que se le hizo raro a Ang\u00e9lica, pero al parecer todo estaba bien;\u00a0<strong>sin embargo, al otro d\u00eda la pareja de Teresita les marc\u00f3 para decirles que ella no hab\u00eda dormido en casa y que no sab\u00eda d\u00f3nde estaba, y que lo \u00faltimo que supo es que se hab\u00eda ido en un carro con otra mujer.<\/strong><\/p>\n<p><em>\u00abNosotros supimos todo eso de que se la llevaron por su pareja, yo a \u00e9ste cuando nos marc\u00f3 le pregunt\u00e9 c\u00f3mo es que sab\u00eda eso o qui\u00e9n le hab\u00eda dicho, y \u00e9l mencion\u00f3 que su pap\u00e1, pues su familia viv\u00eda a tres casas de donde viv\u00eda mi hija\u2026 pero eso nos lo dijo muy despreocupado y por tel\u00e9fono. Incluso despu\u00e9s de desaparici\u00f3n nos dej\u00f3 de contestar y no se par\u00f3 en nuestra casa hasta el tercer d\u00eda de que desapareci\u00f3 mi hija\u00bb.<\/em><\/p>\n<p>La actitud despreocupada de quien era su pareja les pareci\u00f3 sospechosa; por ello,\u00a0<strong>le solicitaron a los polic\u00edas investigadores que lo llevaran a declarar porque \u00e9l era el \u00faltimo que la vio<\/strong>; sin embargo, en su declaraci\u00f3n volvi\u00f3 a decir lo mismo que le dijo a ella:<strong>\u00a0\u00abTeresita se subi\u00f3 a un carro y se fue con otra mujer\u00bb.<\/strong><\/p>\n<p><em>\u00abEse muchacho sabe qu\u00e9 pas\u00f3, pero no quiso decir nada\u2026 pues en esos d\u00edas en lugar de ayudarnos a buscar, \u00e9l muy infeliz se fue a pasear con otra pareja\u2026 de hecho esa mujer en una conversaci\u00f3n por celular con mi hija le mand\u00f3 una captura de pantalla donde dec\u00eda que la iba a matar para poder llevar en paz su relaci\u00f3n\u2026 esto tambi\u00e9n se lo dijimos a la Fiscal\u00eda y les pedimos que lo mandaran llamar, pero ya no se pudo hacer nada porque meses despu\u00e9s lo asesinaron en Michoac\u00e1n\u00bb,<\/em> explic\u00f3 Ang\u00e9lica.<\/p>\n<p><strong>Para Ang\u00e9lica en resumidas cuentas la Fiscal\u00eda no ha hecho nada para buscar a su hija<\/strong>, pues todo lo ha tenido que hacer ella, incluso, correr riesgo con tal de saber qu\u00e9 fue de Teresita.<\/p>\n<p>\u00abInvestigando supimos que a mi hija no la hab\u00edan matado sino que se las hab\u00edan llevado a otro lado y que ah\u00ed la ten\u00edan. Lo que nos hizo saber que estaba viva son unas fotos que nos mandaron, y ah\u00ed se ve ella pero con otro nombre, el de Daisy, yo al verla s\u00e9 que es mi hija, pero desde hace cuatro meses que les di esto no han hecho nada\u00bb.<\/p>\n<p>Para que investigaran Ang\u00e9lica\u00a0<strong>entreg\u00f3 a la Fiscal\u00eda videos y fotograf\u00edas donde se puede ver no s\u00f3lo a Teresita sino tambi\u00e9n a otras mujeres j\u00f3venes<\/strong>\u00a0que utilizando otros nombres ofrecen contenido er\u00f3tico en sitios como: Facebook o Instagram .<\/p>\n<p><em>\u00abA m\u00ed me dijeron que a mi hija la ten\u00edan en una casa de seguridad y que la \u00faltima vez que la vieron la ten\u00edan en la tabla\u2026 es decir que la estaban vendiendo\u2026 pero ese hombre nos empez\u00f3 a pedir dinero para confirmarnos el lugar donde es que la ten\u00edan, pero nos empez\u00f3 a dar miedo y ya no quisimos hablar con \u00e9l, por eso fuimos a la Fiscal\u00eda, pero ah\u00ed lo que nos dijeron es que esa persona ten\u00eda perfiles falsos y que no le di\u00e9ramos dinero ni nada, pero de lo del perfil de mi hija no me han dicho nada que porque de Guadalajara no les han mandado informaci\u00f3n\u00bb.<\/em><\/p>\n<p>Para Ang\u00e9lica ha sido muy frustrante que en las oficinas regionales de la Fiscal\u00eda del Estado de Jalisco\u00a0<strong>no tengan ni la capacidad ni el personal para investigar en internet el origen de las cuentas donde se ve a Teresita,<\/strong>\u00a0pues seg\u00fan lo que le explicaron toda esa informaci\u00f3n: fotos, cuentas y p\u00e1ginas de internet\u00a0<strong>se manda a la Polic\u00eda Cibern\u00e9tica que est\u00e1 en Guadalajara para analizar la informaci\u00f3n, y hasta que ellos no den respuesta,<\/strong>\u00a0en las oficinas de Tuxpan no pueden decirle nada.<\/p>\n<p><strong>Quien tampoco se ha pronunciado es la Direcci\u00f3n de\u00a0Delitos de Violencia Contra las Mujeres en raz\u00f3n de g\u00e9nero y\u00a0<em>Trata<\/em><\/strong><strong>\u00a0de Personas<\/strong>, pues como marca el protocolo la Fiscal\u00eda Especializada en Personas Desaparecidas, instancia a cargo de la investigaci\u00f3n y localizaci\u00f3n de Teresita,<strong>\u00a0pues la informaci\u00f3n que les entreg\u00f3 Ang\u00e9lica tendr\u00eda que haber generado una investigaci\u00f3n conjunta, algo que no ha sucedido.<\/strong><\/p>\n<p><em>\u00abYo creo que no han hecho nada para investigar y yo por mi cuenta ya no me he metido a esas p\u00e1ginas donde sale la foto de mi hija, pues no quiero entorpecer nada, pero algo me dice que no han hecho nada\u00bb.<\/em><\/p>\n<p>De acuerdo a organizaciones civiles como\u00a0<em>Back Home<\/em>,<strong>\u00a0la desaparici\u00f3n de mujeres en Jalisco est\u00e1 muy ligada a la trata de personas<\/strong>, espec\u00edficamente, al comercio con fines de explotaci\u00f3n sexual, donde una de las modalidades es justo:\u00a0<strong>la pornograf\u00eda virtual.\u00a0<\/strong><\/p>\n<p><em>\u00abYo por eso les pido que investiguen, pues yo s\u00e9 que est\u00e1 ella en esas p\u00e1ginas y que ah\u00ed la tienen, yo lo que quiero es que me la saquen de ah\u00ed\u2026 esa que sale en la foto es mi hija, yo s\u00e9 que es ella, y yo lo \u00fanico que quiero es recuperarla para que pueda regresar con nosotros y con su hijo\u00bb.<\/em><\/p>\n<p><strong>Teresita G\u00f3mez Plancarte es madre de un ni\u00f1o de seis a\u00f1os<\/strong>. Su familia en Tuxpan, Jalisco, le esperan con amor y le siguen buscando pese a todas las instituciones que durante m\u00e1s de un a\u00f1o han simulado su b\u00fasqueda.<\/p>\n<p>En Jalisco, hasta el 12 de julio de 2021,\u00a0<strong>existen mil 940 mujeres desaparecida;\u00a0<\/strong>de \u00e9stas -como pasa con Teresita-\u00a0<strong>el 33% tienen entre 15 y 21 a\u00f1os de edad.<\/strong><\/p>\n<p><a href=\"https:\/\/www.zonadocs.mx\/2021\/07\/12\/en-fiscalia-no-quieren-investigar-a-quienes-tienen-a-mi-hija\/\">https:\/\/www.zonadocs.mx\/2021\/07\/12\/en-fiscalia-no-quieren-investigar-a-quienes-tienen-a-mi-hija\/<\/a><\/p>\n","protected":false},"excerpt":{"rendered":"<p>Foto: Zona Docs Teresita G\u00f3mez Blancarte, de 21 a\u00f1os, fue desaparecida el 22 de febrero de 2020 a las afueras de su propio domicilio en la colonia Magisterial en el &hellip; <a href=\"https:\/\/www.grieta.org.mx\/index.php\/2021\/07\/12\/en-fiscalia-no-quieren-investigar-a-quienes-tienen-a-mi-hija-jalisco\/\" class=\"more-link\">Leer m\u00e1s<\/a><\/p>\n","protected":false},"author":2,"featured_media":60532,"comment_status":"closed","ping_status":"closed","sticky":false,"template":"","format":"standard","meta":{"ngg_post_thumbnail":0,"_jetpack_newsletter_access":"","_jetpack_dont_email_post_to_subs":false,"_jetpack_newsletter_tier_id":0,"_jetpack_memberships_contains_paywalled_content":false,"_jetpack_memberships_contains_paid_content":false,"footnotes":""},"categories":[80,87,1032,20,2,83],"tags":[1828,631,121,2351,799,1668,2169,417,1630],"class_list":["post-60531","post","type-post","status-publish","format-standard","has-post-thumbnail","hentry","category-cintillo","category-desaparecidos","category-desaparecidos-en-jalisco","category-jalisco","category-noticias-nacionales","category-temas-nacionales","tag-busqueda-de-desaparecidos","tag-desaparecidas","tag-desaparecidos","tag-desaparicion-de-mujeres","tag-explotacion-sexual","tag-familiares-de-desaparecidos","tag-trafico-de-personas","tag-trata-de-personas","tag-violencia-contra-las-mujeres","entry"],"jetpack_featured_media_url":"https:\/\/www.grieta.org.mx\/wp-content\/uploads\/2021\/07\/TERESITA-1080x911-1.jpg","jetpack_sharing_enabled":true,"jetpack_shortlink":"https:\/\/wp.me\/p7ZJR4-fKj","jetpack_likes_enabled":false,"jetpack-related-posts":[{"id":62106,"url":"https:\/\/www.grieta.org.mx\/index.php\/2021\/09\/26\/la-fiscalia-no-busco-nosotros-la-encontramos-jalisco\/","url_meta":{"origin":60531,"position":0},"title":"\u201cLa Fiscal\u00eda no busc\u00f3, nosotros la encontramos\u201d (Jalisco)","author":"grieta","date":"26 septiembre, 2021","format":false,"excerpt":"Foto: Zona Docs Tras permanecer siete d\u00edas como desaparecida, Wendoline G\u00f3mez Mendoza fue localizada con vida, el 25 de septiembre. Su familia en un acto simb\u00f3lico retir\u00f3 de la Glorieta de las y los Desaparecidos, la lona de b\u00fasqueda que colocaron tras su desaparici\u00f3n ocurrida, el 18 de septiembre. En\u2026","rel":"","context":"En &quot;CINTILLO&quot;","block_context":{"text":"CINTILLO","link":"https:\/\/www.grieta.org.mx\/index.php\/category\/cintillo\/"},"img":{"alt_text":"","src":"https:\/\/i0.wp.com\/www.grieta.org.mx\/wp-content\/uploads\/2021\/10\/wendoline-768x432-1.jpeg?resize=350%2C200&ssl=1","width":350,"height":200,"srcset":"https:\/\/i0.wp.com\/www.grieta.org.mx\/wp-content\/uploads\/2021\/10\/wendoline-768x432-1.jpeg?resize=350%2C200&ssl=1 1x, https:\/\/i0.wp.com\/www.grieta.org.mx\/wp-content\/uploads\/2021\/10\/wendoline-768x432-1.jpeg?resize=525%2C300&ssl=1 1.5x, https:\/\/i0.wp.com\/www.grieta.org.mx\/wp-content\/uploads\/2021\/10\/wendoline-768x432-1.jpeg?resize=700%2C400&ssl=1 2x"},"classes":[]},{"id":31237,"url":"https:\/\/www.grieta.org.mx\/index.php\/2019\/03\/24\/organizaciones-civiles-culpan-a-la-marina-por-los-desaparecidos-en-jalisco\/","url_meta":{"origin":60531,"position":1},"title":"Organizaciones civiles culpan a la Marina por los desaparecidos en Jalisco","author":"grieta","date":"24 marzo, 2019","format":false,"excerpt":"Redacci\u00f3n \/ Tribuna Tlaquepaque, Jalisco.- Luego de la desaparici\u00f3n de cinco personas en Tlaquepaque, organizaciones civiles culparon a elementos de la\u00a0Marina\u00a0como los responsables. Hasta el momento, sigue sin saberse el paradero de las personas, su situaci\u00f3n legal o su condici\u00f3n f\u00edsica. La alerta difundida indica que\u00a0Eligio S\u00e1nchez Radilla\u00a0y\u00a0L\u00e1zaro Edgardo S\u00e1nchez\u2026","rel":"","context":"En &quot;CINTILLO&quot;","block_context":{"text":"CINTILLO","link":"https:\/\/www.grieta.org.mx\/index.php\/category\/cintillo\/"},"img":{"alt_text":"","src":"https:\/\/i0.wp.com\/www.grieta.org.mx\/wp-content\/uploads\/2019\/03\/marina1.jpg_1619830263.jpg?resize=350%2C200&ssl=1","width":350,"height":200,"srcset":"https:\/\/i0.wp.com\/www.grieta.org.mx\/wp-content\/uploads\/2019\/03\/marina1.jpg_1619830263.jpg?resize=350%2C200&ssl=1 1x, https:\/\/i0.wp.com\/www.grieta.org.mx\/wp-content\/uploads\/2019\/03\/marina1.jpg_1619830263.jpg?resize=525%2C300&ssl=1 1.5x, https:\/\/i0.wp.com\/www.grieta.org.mx\/wp-content\/uploads\/2019\/03\/marina1.jpg_1619830263.jpg?resize=700%2C400&ssl=1 2x, https:\/\/i0.wp.com\/www.grieta.org.mx\/wp-content\/uploads\/2019\/03\/marina1.jpg_1619830263.jpg?resize=1050%2C600&ssl=1 3x"},"classes":[]},{"id":71532,"url":"https:\/\/www.grieta.org.mx\/index.php\/2025\/04\/02\/rechazan-version-oficial-sobre-el-asesinato-de-teresa-gonzalez-murillo-jalisco\/","url_meta":{"origin":60531,"position":2},"title":"Rechazan versi\u00f3n oficial sobre el asesinato de Teresa Gonz\u00e1lez Murillo (Jalisco)","author":"grieta","date":"2 abril, 2025","format":false,"excerpt":"Imagen: Cortes\u00eda Redacci\u00f3n \/ El Diario NTR La l\u00edder del colectivo Luz de Esperanza, Liliana Meza, expres\u00f3 su indignaci\u00f3n y rechazo a la versi\u00f3n oficial de la Fiscal\u00eda de Jalisco, que se\u00f1ala el asesinato de Teresa Gonz\u00e1lez Murillo como un intento de robo. El colectivo exigi\u00f3\u00a0una investigaci\u00f3n a fondo y\u2026","rel":"","context":"En &quot;CINTILLO&quot;","block_context":{"text":"CINTILLO","link":"https:\/\/www.grieta.org.mx\/index.php\/category\/cintillo\/"},"img":{"alt_text":"","src":"https:\/\/i0.wp.com\/www.grieta.org.mx\/wp-content\/uploads\/2025\/04\/2025-04-02_08-04-53___5594.jpg?resize=350%2C200&ssl=1","width":350,"height":200,"srcset":"https:\/\/i0.wp.com\/www.grieta.org.mx\/wp-content\/uploads\/2025\/04\/2025-04-02_08-04-53___5594.jpg?resize=350%2C200&ssl=1 1x, https:\/\/i0.wp.com\/www.grieta.org.mx\/wp-content\/uploads\/2025\/04\/2025-04-02_08-04-53___5594.jpg?resize=525%2C300&ssl=1 1.5x, https:\/\/i0.wp.com\/www.grieta.org.mx\/wp-content\/uploads\/2025\/04\/2025-04-02_08-04-53___5594.jpg?resize=700%2C400&ssl=1 2x"},"classes":[]},{"id":63411,"url":"https:\/\/www.grieta.org.mx\/index.php\/2022\/02\/14\/registra-puerto-vallarta-67-personas-desaparecidas-jalisco\/","url_meta":{"origin":60531,"position":3},"title":"Registra Puerto Vallarta 67 personas desaparecidas (Jalisco)","author":"grieta","date":"14 febrero, 2022","format":false,"excerpt":"Foto: Tribuna de la Bah\u00eda Israel Torres \/ Tribuna de la Bah\u00eda El municipio de Puerto Vallarta cerr\u00f3 el 2021 con 67 personas desaparecidas, aunque de acuerdo con el Monitoreo de la Unidad de An\u00e1lisis y Contexto de la Comisi\u00f3n Estatal de Derechos Humanos de Jalisco y con base en\u2026","rel":"","context":"En &quot;CINTILLO&quot;","block_context":{"text":"CINTILLO","link":"https:\/\/www.grieta.org.mx\/index.php\/category\/cintillo\/"},"img":{"alt_text":"","src":"https:\/\/i0.wp.com\/www.grieta.org.mx\/wp-content\/uploads\/2022\/02\/registra-puerto-vallarta-67-personas-desaparecidas-cover.jpg?resize=350%2C200&ssl=1","width":350,"height":200,"srcset":"https:\/\/i0.wp.com\/www.grieta.org.mx\/wp-content\/uploads\/2022\/02\/registra-puerto-vallarta-67-personas-desaparecidas-cover.jpg?resize=350%2C200&ssl=1 1x, https:\/\/i0.wp.com\/www.grieta.org.mx\/wp-content\/uploads\/2022\/02\/registra-puerto-vallarta-67-personas-desaparecidas-cover.jpg?resize=525%2C300&ssl=1 1.5x, https:\/\/i0.wp.com\/www.grieta.org.mx\/wp-content\/uploads\/2022\/02\/registra-puerto-vallarta-67-personas-desaparecidas-cover.jpg?resize=700%2C400&ssl=1 2x"},"classes":[]},{"id":57828,"url":"https:\/\/www.grieta.org.mx\/index.php\/2021\/03\/20\/nos-faltara-glorieta-accion-memorial-y-colocacion-de-losetas-de-busqueda-jalisco\/","url_meta":{"origin":60531,"position":4},"title":"\u00abNos faltar\u00e1 Glorieta\u00bb: acci\u00f3n memorial y colocaci\u00f3n de losetas de b\u00fasqueda (Jalisco)","author":"grieta","date":"20 marzo, 2021","format":false,"excerpt":"Foto: Zona Docs Christian Cantero \/ Zona Docs Decenas de familias se congregaron en la Glorieta de las y los desaparecidos de Jalisco para colocar ah\u00ed las losetas de b\u00fasqueda que, de a poco, ir\u00e1n sustituyendo a las lonas que han sido colocadas por quienes buscan a una de las\u2026","rel":"","context":"En &quot;CINTILLO&quot;","block_context":{"text":"CINTILLO","link":"https:\/\/www.grieta.org.mx\/index.php\/category\/cintillo\/"},"img":{"alt_text":"","src":"https:\/\/i0.wp.com\/www.grieta.org.mx\/wp-content\/uploads\/2021\/03\/Unknown-24-1.jpeg?resize=350%2C200&ssl=1","width":350,"height":200,"srcset":"https:\/\/i0.wp.com\/www.grieta.org.mx\/wp-content\/uploads\/2021\/03\/Unknown-24-1.jpeg?resize=350%2C200&ssl=1 1x, https:\/\/i0.wp.com\/www.grieta.org.mx\/wp-content\/uploads\/2021\/03\/Unknown-24-1.jpeg?resize=525%2C300&ssl=1 1.5x, https:\/\/i0.wp.com\/www.grieta.org.mx\/wp-content\/uploads\/2021\/03\/Unknown-24-1.jpeg?resize=700%2C400&ssl=1 2x"},"classes":[]},{"id":45310,"url":"https:\/\/www.grieta.org.mx\/index.php\/2020\/02\/20\/976-ninas-y-ninos-estan-actualmente-desaparecidos-en-jalisco\/","url_meta":{"origin":60531,"position":5},"title":"976 ni\u00f1as y ni\u00f1os est\u00e1n actualmente desaparecidos en Jalisco","author":"grieta","date":"20 febrero, 2020","format":false,"excerpt":"Foto: Zona Docs La conmoci\u00f3n nacional que gener\u00f3 la desaparici\u00f3n y posterior feminicidio de F\u00e1tima Cecilia, de 7 a\u00f1os, en la Ciudad de M\u00e9xico, deber\u00eda colocar el foco de atenci\u00f3n en el incremento de las desapariciones de ni\u00f1as y ni\u00f1as en el pa\u00eds; sin embargo, organizaciones como la\u00a0Red por los\u2026","rel":"","context":"En &quot;CINTILLO&quot;","block_context":{"text":"CINTILLO","link":"https:\/\/www.grieta.org.mx\/index.php\/category\/cintillo\/"},"img":{"alt_text":"","src":"https:\/\/i0.wp.com\/www.grieta.org.mx\/wp-content\/uploads\/2020\/02\/result-7-1050x640.jpg?resize=350%2C200&ssl=1","width":350,"height":200,"srcset":"https:\/\/i0.wp.com\/www.grieta.org.mx\/wp-content\/uploads\/2020\/02\/result-7-1050x640.jpg?resize=350%2C200&ssl=1 1x, https:\/\/i0.wp.com\/www.grieta.org.mx\/wp-content\/uploads\/2020\/02\/result-7-1050x640.jpg?resize=525%2C300&ssl=1 1.5x, https:\/\/i0.wp.com\/www.grieta.org.mx\/wp-content\/uploads\/2020\/02\/result-7-1050x640.jpg?resize=700%2C400&ssl=1 2x, https:\/\/i0.wp.com\/www.grieta.org.mx\/wp-content\/uploads\/2020\/02\/result-7-1050x640.jpg?resize=1050%2C600&ssl=1 3x"},"classes":[]}],"_links":{"self":[{"href":"https:\/\/www.grieta.org.mx\/index.php\/wp-json\/wp\/v2\/posts\/60531","targetHints":{"allow":["GET"]}}],"collection":[{"href":"https:\/\/www.grieta.org.mx\/index.php\/wp-json\/wp\/v2\/posts"}],"about":[{"href":"https:\/\/www.grieta.org.mx\/index.php\/wp-json\/wp\/v2\/types\/post"}],"author":[{"embeddable":true,"href":"https:\/\/www.grieta.org.mx\/index.php\/wp-json\/wp\/v2\/users\/2"}],"replies":[{"embeddable":true,"href":"https:\/\/www.grieta.org.mx\/index.php\/wp-json\/wp\/v2\/comments?post=60531"}],"version-history":[{"count":1,"href":"https:\/\/www.grieta.org.mx\/index.php\/wp-json\/wp\/v2\/posts\/60531\/revisions"}],"predecessor-version":[{"id":60533,"href":"https:\/\/www.grieta.org.mx\/index.php\/wp-json\/wp\/v2\/posts\/60531\/revisions\/60533"}],"wp:featuredmedia":[{"embeddable":true,"href":"https:\/\/www.grieta.org.mx\/index.php\/wp-json\/wp\/v2\/media\/60532"}],"wp:attachment":[{"href":"https:\/\/www.grieta.org.mx\/index.php\/wp-json\/wp\/v2\/media?parent=60531"}],"wp:term":[{"taxonomy":"category","embeddable":true,"href":"https:\/\/www.grieta.org.mx\/index.php\/wp-json\/wp\/v2\/categories?post=60531"},{"taxonomy":"post_tag","embeddable":true,"href":"https:\/\/www.grieta.org.mx\/index.php\/wp-json\/wp\/v2\/tags?post=60531"}],"curies":[{"name":"wp","href":"https:\/\/api.w.org\/{rel}","templated":true}]}}