{"id":60483,"date":"2021-07-02T19:35:50","date_gmt":"2021-07-03T00:35:50","guid":{"rendered":"http:\/\/www.grieta.org.mx\/?p=60483"},"modified":"2021-07-15T19:41:36","modified_gmt":"2021-07-16T00:41:36","slug":"derechos-humanos-de-oaxaca-inicia-investigacion-por-muerte-legal-de-mil-13-comuneros-mixtecos","status":"publish","type":"post","link":"https:\/\/www.grieta.org.mx\/index.php\/2021\/07\/02\/derechos-humanos-de-oaxaca-inicia-investigacion-por-muerte-legal-de-mil-13-comuneros-mixtecos\/","title":{"rendered":"Derechos Humanos de Oaxaca inicia investigaci\u00f3n por &#8220;muerte legal&#8221; de mil 13 comuneros mixtecos"},"content":{"rendered":"<p>Proceso \/ Pedro Mat\u00edas.<\/p>\n<p>La Defensor\u00eda solicit\u00f3 informaci\u00f3n a las autoridades se\u00f1aladas como responsables de declarar como fallecidos y sepultados a mil 13 comuneros de Santo Domingo Ixcatl\u00e1n, entre ellos 22 beneficiarios de medidas cautelares otorgadas por la Comisi\u00f3n Interamericana de Derechos Humanos (CIDH).<\/p>\n<p><img loading=\"lazy\" decoding=\"async\" data-attachment-id=\"60484\" data-permalink=\"https:\/\/www.grieta.org.mx\/index.php\/2021\/07\/02\/derechos-humanos-de-oaxaca-inicia-investigacion-por-muerte-legal-de-mil-13-comuneros-mixtecos\/z-15\/\" data-orig-file=\"https:\/\/www.grieta.org.mx\/wp-content\/uploads\/2021\/07\/Z-1.jpg\" data-orig-size=\"800,450\" data-comments-opened=\"0\" data-image-meta=\"{&quot;aperture&quot;:&quot;0&quot;,&quot;credit&quot;:&quot;&quot;,&quot;camera&quot;:&quot;&quot;,&quot;caption&quot;:&quot;&quot;,&quot;created_timestamp&quot;:&quot;0&quot;,&quot;copyright&quot;:&quot;&quot;,&quot;focal_length&quot;:&quot;0&quot;,&quot;iso&quot;:&quot;0&quot;,&quot;shutter_speed&quot;:&quot;0&quot;,&quot;title&quot;:&quot;&quot;,&quot;orientation&quot;:&quot;0&quot;}\" data-image-title=\"Z\" data-image-description=\"\" data-image-caption=\"\" data-medium-file=\"https:\/\/www.grieta.org.mx\/wp-content\/uploads\/2021\/07\/Z-1-300x169.jpg\" data-large-file=\"https:\/\/www.grieta.org.mx\/wp-content\/uploads\/2021\/07\/Z-1.jpg\" class=\"alignnone wp-image-60484\" src=\"http:\/\/www.grieta.org.mx\/wp-content\/uploads\/2021\/07\/Z-1.jpg\" alt=\"\" width=\"800\" height=\"450\" srcset=\"https:\/\/www.grieta.org.mx\/wp-content\/uploads\/2021\/07\/Z-1.jpg 800w, https:\/\/www.grieta.org.mx\/wp-content\/uploads\/2021\/07\/Z-1-300x169.jpg 300w, https:\/\/www.grieta.org.mx\/wp-content\/uploads\/2021\/07\/Z-1-768x432.jpg 768w\" sizes=\"auto, (max-width: 800px) 100vw, 800px\" \/><\/p>\n<p>OAXACA, Oax. (apro).- La Defensor\u00eda de los Derechos Humanos del Pueblo de Oaxaca (DDHPO) inici\u00f3 de oficio una investigaci\u00f3n por el caso Santo Domingo Ixcatl\u00e1n, donde el Registro Civil, el Registro Agrario Nacional (RAN) y la Procuradur\u00eda Agraria declararon muertos a mil 13 comuneros que est\u00e1n vivos, para despojarlos de sus tierras.<\/p>\n<p>Este hecho \u2013advirti\u00f3&#8211; vulnera, entre otros, el derecho al reconocimiento de la personalidad jur\u00eddica, a la seguridad jur\u00eddica y particularmente el derecho a la tierra y a poder disfrutar su territorio ind\u00edgena.<\/p>\n<p>La Defensor\u00eda solicit\u00f3 informaci\u00f3n a las autoridades se\u00f1aladas como responsables de declarar como fallecidos y sepultados a mil 13 comuneros de Santo Domingo Ixcatl\u00e1n, entre ellos 22 beneficiarios de medidas cautelares otorgadas por la Comisi\u00f3n Interamericana de Derechos Humanos (CIDH).<\/p>\n<p>Asimismo, indic\u00f3 que analizar\u00e1 la posible comisi\u00f3n de violaciones a derechos humanos en las que probablemente incurrieron servidores p\u00fablicos de las instituciones responsables, fundamentalmente relacionadas con la vulneraci\u00f3n del derecho al reconocimiento de la personalidad jur\u00eddica de personas que a\u00fan se encuentran vivas, hecho que tendr\u00eda como consecuencia desconocer la posibilidad de las mismas a ser titulares de derechos y deberes, sobre todo los concernientes a su car\u00e1cter de persona comunera.<\/p>\n<p>As\u00ed tambi\u00e9n, la Defensor\u00eda advirti\u00f3 que es fundamental investigar y aclarar este tipo de actos, pues las propias autoridades agrarias se\u00f1alan que en Oaxaca 76% del territorio es propiedad social &#8211;comprendiendo siete mil 200 millones de hect\u00e1reas&#8211;, lo que implica darle certeza jur\u00eddica a la tenencia de la tierra y con ello evitar posibles conflictos agrarios o sociales al interior de las comunidades o con otras.<\/p>\n<p>El \u00f3rgano aut\u00f3nomo manifest\u00f3 su especial preocupaci\u00f3n respecto a la obligaci\u00f3n que las autoridades tienen de proteger el derecho a la personalidad jur\u00eddica de las personas en la entidad, pues en un estado de Derecho esta prerrogativa se convierte en base para el ejercicio de otros derechos.<\/p>\n<p>El Centro de Derechos Humanos y Asesor\u00eda a Pueblos Ind\u00edgenas (CEDHAPI), as\u00ed como el Consejo de Principales de Santo Domingo Ixcatl\u00e1n, exigieron la intervenci\u00f3n de la Fiscal\u00eda General de la Republica (FGR) para que investigue y sancione a los funcionarios implicados en la \u201cmuerte legal\u201d de mil 13 comuneros mixtecos.<\/p>\n<p>Acus\u00f3 al exdelegado federal Agrario, Francisco Javier Ca\u00f1ada Melecio; al jefe de la Unidad Jur\u00eddica de Registro Civil de Oaxaca, Daniel V\u00edctor Merl\u00edn Tolentino, y a Eduardo Daniel G\u00f3mez Padilla y Uriel L\u00f3pez Mayoral, integrantes del RAN.<\/p>\n<p><a href=\"https:\/\/www.proceso.com.mx\/nacional\/2021\/7\/2\/derechos-humanos-de-oaxaca-inicia-investigacion-por-muerte-legal-de-mil-13-comuneros-mixtecos-267092.html\" target=\"_blank\" rel=\"noopener\">https:\/\/www.proceso.com.mx\/nacional\/2021\/7\/2\/derechos-humanos-de-oaxaca-inicia-investigacion-por-muerte-legal-de-mil-13-comuneros-mixtecos-267092.html<\/a><\/p>\n","protected":false},"excerpt":{"rendered":"<p>Proceso \/ Pedro Mat\u00edas. La Defensor\u00eda solicit\u00f3 informaci\u00f3n a las autoridades se\u00f1aladas como responsables de declarar como fallecidos y sepultados a mil 13 comuneros de Santo Domingo Ixcatl\u00e1n, entre ellos &hellip; <a href=\"https:\/\/www.grieta.org.mx\/index.php\/2021\/07\/02\/derechos-humanos-de-oaxaca-inicia-investigacion-por-muerte-legal-de-mil-13-comuneros-mixtecos\/\" class=\"more-link\">Leer m\u00e1s<\/a><\/p>\n","protected":false},"author":2,"featured_media":60484,"comment_status":"closed","ping_status":"closed","sticky":false,"template":"","format":"standard","meta":{"ngg_post_thumbnail":0,"_jetpack_newsletter_access":"","_jetpack_dont_email_post_to_subs":false,"_jetpack_newsletter_tier_id":0,"_jetpack_memberships_contains_paywalled_content":false,"_jetpack_memberships_contains_paid_content":false,"footnotes":""},"categories":[80,1495,1605,2,25],"tags":[],"class_list":["post-60483","post","type-post","status-publish","format-standard","has-post-thumbnail","hentry","category-cintillo","category-conflictos-agrarios-en-oaxaca","category-despojo-de-tierras-en-oaxaca","category-noticias-nacionales","category-oaxaca","entry"],"jetpack_featured_media_url":"https:\/\/www.grieta.org.mx\/wp-content\/uploads\/2021\/07\/Z-1.jpg","jetpack_sharing_enabled":true,"jetpack_shortlink":"https:\/\/wp.me\/p7ZJR4-fJx","jetpack_likes_enabled":false,"jetpack-related-posts":[{"id":59531,"url":"https:\/\/www.grieta.org.mx\/index.php\/2021\/03\/17\/puente-madera-denuncia-imposicion-de-parque-industrial-en-san-blas-atempa-oaxaca\/","url_meta":{"origin":60483,"position":0},"title":"Puente Madera denuncia imposici\u00f3n de parque industrial en San Blas Atempa, Oaxaca","author":"grieta","date":"17 marzo, 2021","format":false,"excerpt":"La coperacha \/ Redacci\u00f3n. Foto: Cortamortaja \/ Facebook. Expresan inconformidad con un bloqueo carretero y exigen regulaci\u00f3n de tierras de uso com\u00fan. Este domingo, se llev\u00f3 a cabo una asamblea en donde comuneros del municipio de San Blas Atempa, Oaxaca, validaron la construcci\u00f3n de un parque industrial, el cual forma\u2026","rel":"","context":"En &quot;CINTILLO&quot;","block_context":{"text":"CINTILLO","link":"https:\/\/www.grieta.org.mx\/index.php\/category\/cintillo\/"},"img":{"alt_text":"","src":"https:\/\/i0.wp.com\/www.grieta.org.mx\/wp-content\/uploads\/2021\/05\/1-2.jpg?resize=350%2C200&ssl=1","width":350,"height":200,"srcset":"https:\/\/i0.wp.com\/www.grieta.org.mx\/wp-content\/uploads\/2021\/05\/1-2.jpg?resize=350%2C200&ssl=1 1x, https:\/\/i0.wp.com\/www.grieta.org.mx\/wp-content\/uploads\/2021\/05\/1-2.jpg?resize=525%2C300&ssl=1 1.5x, https:\/\/i0.wp.com\/www.grieta.org.mx\/wp-content\/uploads\/2021\/05\/1-2.jpg?resize=700%2C400&ssl=1 2x, https:\/\/i0.wp.com\/www.grieta.org.mx\/wp-content\/uploads\/2021\/05\/1-2.jpg?resize=1050%2C600&ssl=1 3x"},"classes":[]},{"id":21367,"url":"https:\/\/www.grieta.org.mx\/index.php\/2016\/09\/06\/pide-defensoria-investigar-feminicidio-de-profesora-en-la-region-mixteca-oax\/","url_meta":{"origin":60483,"position":1},"title":"Pide defensor\u00eda investigar feminicidio de profesora en Mixteca (Oaxaca)","author":"grieta","date":"6 septiembre, 2016","format":false,"excerpt":"Voces Oaxaca. David Yeudiel, Oaxaca. La Defensor\u00eda de los Derechos Humanos del Pueblo de Oaxaca solicit\u00f3 a la Fiscal\u00eda General del Estado que informe respecto a la investigaci\u00f3n sobre el homicidio de la ciudadana J. R. O., cuyo cuerpo fue encontrado en el r\u00edo Copala semi desnuda y con diez\u2026","rel":"","context":"En &quot;CINTILLO&quot;","block_context":{"text":"CINTILLO","link":"https:\/\/www.grieta.org.mx\/index.php\/category\/cintillo\/"},"img":{"alt_text":"","src":"https:\/\/i0.wp.com\/www.grieta.org.mx\/wp-content\/uploads\/2018\/03\/14524434_1106112876131411_958039263622046936_o.jpg?resize=350%2C200&ssl=1","width":350,"height":200,"srcset":"https:\/\/i0.wp.com\/www.grieta.org.mx\/wp-content\/uploads\/2018\/03\/14524434_1106112876131411_958039263622046936_o.jpg?resize=350%2C200&ssl=1 1x, https:\/\/i0.wp.com\/www.grieta.org.mx\/wp-content\/uploads\/2018\/03\/14524434_1106112876131411_958039263622046936_o.jpg?resize=525%2C300&ssl=1 1.5x, https:\/\/i0.wp.com\/www.grieta.org.mx\/wp-content\/uploads\/2018\/03\/14524434_1106112876131411_958039263622046936_o.jpg?resize=700%2C400&ssl=1 2x"},"classes":[]},{"id":60692,"url":"https:\/\/www.grieta.org.mx\/index.php\/2021\/07\/20\/gobierno-de-oaxaca-prepara-represion-contra-indigenas-zapotecas\/","url_meta":{"origin":60483,"position":2},"title":"Gobierno de Oaxaca prepara represi\u00f3n contra ind\u00edgenas zapotecas","author":"grieta","date":"20 julio, 2021","format":false,"excerpt":"Avispa Midia \/ Texto: \u00d1an\u00ed Pinto; Fotos: Santiago Navarro F. Ind\u00edgenas zapotecas pertenecientes al municipio de San Pablo Cuatro Venados denuncian que el gobierno del estado de Oaxaca est\u00e1 preparando la represi\u00f3n y despojo de su territorio con el uso de la Guardia Nacional. Alertan que \u00e9ste ha sido un\u2026","rel":"","context":"En &quot;CINTILLO&quot;","block_context":{"text":"CINTILLO","link":"https:\/\/www.grieta.org.mx\/index.php\/category\/cintillo\/"},"img":{"alt_text":"","src":"https:\/\/i0.wp.com\/www.grieta.org.mx\/wp-content\/uploads\/2021\/07\/1-3.jpg?resize=350%2C200&ssl=1","width":350,"height":200,"srcset":"https:\/\/i0.wp.com\/www.grieta.org.mx\/wp-content\/uploads\/2021\/07\/1-3.jpg?resize=350%2C200&ssl=1 1x, https:\/\/i0.wp.com\/www.grieta.org.mx\/wp-content\/uploads\/2021\/07\/1-3.jpg?resize=525%2C300&ssl=1 1.5x, https:\/\/i0.wp.com\/www.grieta.org.mx\/wp-content\/uploads\/2021\/07\/1-3.jpg?resize=700%2C400&ssl=1 2x, https:\/\/i0.wp.com\/www.grieta.org.mx\/wp-content\/uploads\/2021\/07\/1-3.jpg?resize=1050%2C600&ssl=1 3x"},"classes":[]},{"id":1715,"url":"https:\/\/www.grieta.org.mx\/index.php\/2016\/02\/11\/exigen-en-oaxaca-cesen-asesinatos-de-comunicadores\/","url_meta":{"origin":60483,"position":3},"title":"Exigen en Oaxaca cesen asesinatos de comunicadores","author":"grieta","date":"11 febrero, 2016","format":false,"excerpt":"Noticias Net. Yuri Sosa, Oaxaca de Ju\u00e1rez.- Periodistas de Oaxaca y corresponsales de medios nacionales protestaron frente al antiguo Templo de Santo Domingo de Guzm\u00e1n en el centro de esta ciudad la noche de este jueves, para exigir a las autoridades federal y estatal el esclarecimiento de los diversos cr\u00edmenes\u2026","rel":"","context":"En &quot;CINTILLO&quot;","block_context":{"text":"CINTILLO","link":"https:\/\/www.grieta.org.mx\/index.php\/category\/cintillo\/"},"img":{"alt_text":"","src":"https:\/\/i0.wp.com\/www.grieta.org.mx\/wp-content\/uploads\/2018\/03\/14524434_1106112876131411_958039263622046936_o.jpg?resize=350%2C200&ssl=1","width":350,"height":200,"srcset":"https:\/\/i0.wp.com\/www.grieta.org.mx\/wp-content\/uploads\/2018\/03\/14524434_1106112876131411_958039263622046936_o.jpg?resize=350%2C200&ssl=1 1x, https:\/\/i0.wp.com\/www.grieta.org.mx\/wp-content\/uploads\/2018\/03\/14524434_1106112876131411_958039263622046936_o.jpg?resize=525%2C300&ssl=1 1.5x, https:\/\/i0.wp.com\/www.grieta.org.mx\/wp-content\/uploads\/2018\/03\/14524434_1106112876131411_958039263622046936_o.jpg?resize=700%2C400&ssl=1 2x"},"classes":[]},{"id":4787,"url":"https:\/\/www.grieta.org.mx\/index.php\/2015\/04\/19\/400-comuneros-de-oaxaca-bloquean-carretera-de-puebla-pemex-no-ha-reparado-el-dano-hecho-a-sus-tierras\/","url_meta":{"origin":60483,"position":4},"title":"400 comuneros de Oaxaca bloquean carretera de Puebla, PEMEX no ha reparado el da\u00f1o hecho a sus tierras","author":"grieta","date":"19 abril, 2015","format":false,"excerpt":"Redacci\u00f3n Revoluci\u00f3n 3.0, Oaxaca. (19 de abril, 2015).- Poco m\u00e1s de 400 de comuneros de Santa Cruz Tagolaba y Lieza, del municipio de Tehuantepec, as\u00ed como de Santa Mar\u00eda Mixtequilla, iniciaron este domingo un bloqueo en la carretera federal 190, en el punto denominado \u201cCaracol\u201d, lo que impide el paso\u2026","rel":"","context":"En &quot;CINTILLO&quot;","block_context":{"text":"CINTILLO","link":"https:\/\/www.grieta.org.mx\/index.php\/category\/cintillo\/"},"img":{"alt_text":"","src":"https:\/\/i0.wp.com\/www.grieta.org.mx\/wp-content\/uploads\/2018\/03\/14524434_1106112876131411_958039263622046936_o.jpg?resize=350%2C200&ssl=1","width":350,"height":200,"srcset":"https:\/\/i0.wp.com\/www.grieta.org.mx\/wp-content\/uploads\/2018\/03\/14524434_1106112876131411_958039263622046936_o.jpg?resize=350%2C200&ssl=1 1x, https:\/\/i0.wp.com\/www.grieta.org.mx\/wp-content\/uploads\/2018\/03\/14524434_1106112876131411_958039263622046936_o.jpg?resize=525%2C300&ssl=1 1.5x, https:\/\/i0.wp.com\/www.grieta.org.mx\/wp-content\/uploads\/2018\/03\/14524434_1106112876131411_958039263622046936_o.jpg?resize=700%2C400&ssl=1 2x"},"classes":[]},{"id":36583,"url":"https:\/\/www.grieta.org.mx\/index.php\/2019\/07\/16\/rechazan-consulta-para-reforma-constitucional-sobre-derechos-de-pueblos-indigenas-oaxaca\/","url_meta":{"origin":60483,"position":5},"title":"Rechazan consulta para Reforma Constitucional sobre derechos de pueblos ind\u00edgenas (Oaxaca)","author":"grieta","date":"16 julio, 2019","format":false,"excerpt":"Redacci\u00f3n \/ La Cooperacha. Se realiza etapa deliberativa sin llevar a cabo la informativa, se\u00f1alan pueblos y organizaciones de Oaxaca y Veracruz. Ciudad de M\u00e9xico.- Pueblos y organizaciones de Oaxaca y Veracruz, pertenecientes a la campa\u00f1a El Istmo es Nuestro, rechazaron el proceso de consulta para la Reforma Constitucional sobre\u2026","rel":"","context":"En &quot;CINTILLO&quot;","block_context":{"text":"CINTILLO","link":"https:\/\/www.grieta.org.mx\/index.php\/category\/cintillo\/"},"img":{"alt_text":"","src":"https:\/\/i0.wp.com\/www.grieta.org.mx\/wp-content\/uploads\/2019\/07\/Rechazan-consulta-para-reforma-constitucional-sobre-Pueblos-Indigenas-2019.jpg?resize=350%2C200&ssl=1","width":350,"height":200,"srcset":"https:\/\/i0.wp.com\/www.grieta.org.mx\/wp-content\/uploads\/2019\/07\/Rechazan-consulta-para-reforma-constitucional-sobre-Pueblos-Indigenas-2019.jpg?resize=350%2C200&ssl=1 1x, https:\/\/i0.wp.com\/www.grieta.org.mx\/wp-content\/uploads\/2019\/07\/Rechazan-consulta-para-reforma-constitucional-sobre-Pueblos-Indigenas-2019.jpg?resize=525%2C300&ssl=1 1.5x, https:\/\/i0.wp.com\/www.grieta.org.mx\/wp-content\/uploads\/2019\/07\/Rechazan-consulta-para-reforma-constitucional-sobre-Pueblos-Indigenas-2019.jpg?resize=700%2C400&ssl=1 2x, https:\/\/i0.wp.com\/www.grieta.org.mx\/wp-content\/uploads\/2019\/07\/Rechazan-consulta-para-reforma-constitucional-sobre-Pueblos-Indigenas-2019.jpg?resize=1050%2C600&ssl=1 3x"},"classes":[]}],"_links":{"self":[{"href":"https:\/\/www.grieta.org.mx\/index.php\/wp-json\/wp\/v2\/posts\/60483","targetHints":{"allow":["GET"]}}],"collection":[{"href":"https:\/\/www.grieta.org.mx\/index.php\/wp-json\/wp\/v2\/posts"}],"about":[{"href":"https:\/\/www.grieta.org.mx\/index.php\/wp-json\/wp\/v2\/types\/post"}],"author":[{"embeddable":true,"href":"https:\/\/www.grieta.org.mx\/index.php\/wp-json\/wp\/v2\/users\/2"}],"replies":[{"embeddable":true,"href":"https:\/\/www.grieta.org.mx\/index.php\/wp-json\/wp\/v2\/comments?post=60483"}],"version-history":[{"count":1,"href":"https:\/\/www.grieta.org.mx\/index.php\/wp-json\/wp\/v2\/posts\/60483\/revisions"}],"predecessor-version":[{"id":60485,"href":"https:\/\/www.grieta.org.mx\/index.php\/wp-json\/wp\/v2\/posts\/60483\/revisions\/60485"}],"wp:featuredmedia":[{"embeddable":true,"href":"https:\/\/www.grieta.org.mx\/index.php\/wp-json\/wp\/v2\/media\/60484"}],"wp:attachment":[{"href":"https:\/\/www.grieta.org.mx\/index.php\/wp-json\/wp\/v2\/media?parent=60483"}],"wp:term":[{"taxonomy":"category","embeddable":true,"href":"https:\/\/www.grieta.org.mx\/index.php\/wp-json\/wp\/v2\/categories?post=60483"},{"taxonomy":"post_tag","embeddable":true,"href":"https:\/\/www.grieta.org.mx\/index.php\/wp-json\/wp\/v2\/tags?post=60483"}],"curies":[{"name":"wp","href":"https:\/\/api.w.org\/{rel}","templated":true}]}}