{"id":60479,"date":"2021-07-12T19:15:30","date_gmt":"2021-07-13T00:15:30","guid":{"rendered":"http:\/\/www.grieta.org.mx\/?p=60479"},"modified":"2021-07-15T19:22:27","modified_gmt":"2021-07-16T00:22:27","slug":"servicios-de-salud-de-oaxaca-adeudan-renta-les-cierran-oficinas","status":"publish","type":"post","link":"https:\/\/www.grieta.org.mx\/index.php\/2021\/07\/12\/servicios-de-salud-de-oaxaca-adeudan-renta-les-cierran-oficinas\/","title":{"rendered":"Servicios de Salud de Oaxaca adeudan renta, les cierran oficinas"},"content":{"rendered":"<p>Proceso \/Pedro Mat\u00edas.<\/p>\n<p>El gobierno del estado debe el pago de siete meses, de al menos 13 inmuebles, se anunci\u00f3 que trabajar\u00e1 a la \u201cbrevedad\u201d para saldar la deuda.<\/p>\n<p><img loading=\"lazy\" decoding=\"async\" data-attachment-id=\"60480\" data-permalink=\"https:\/\/www.grieta.org.mx\/index.php\/2021\/07\/12\/servicios-de-salud-de-oaxaca-adeudan-renta-les-cierran-oficinas\/x-24\/\" data-orig-file=\"https:\/\/www.grieta.org.mx\/wp-content\/uploads\/2021\/07\/X-2.jpg\" data-orig-size=\"800,450\" data-comments-opened=\"0\" data-image-meta=\"{&quot;aperture&quot;:&quot;0&quot;,&quot;credit&quot;:&quot;&quot;,&quot;camera&quot;:&quot;&quot;,&quot;caption&quot;:&quot;&quot;,&quot;created_timestamp&quot;:&quot;0&quot;,&quot;copyright&quot;:&quot;&quot;,&quot;focal_length&quot;:&quot;0&quot;,&quot;iso&quot;:&quot;0&quot;,&quot;shutter_speed&quot;:&quot;0&quot;,&quot;title&quot;:&quot;&quot;,&quot;orientation&quot;:&quot;0&quot;}\" data-image-title=\"X\" data-image-description=\"\" data-image-caption=\"\" data-medium-file=\"https:\/\/www.grieta.org.mx\/wp-content\/uploads\/2021\/07\/X-2-300x169.jpg\" data-large-file=\"https:\/\/www.grieta.org.mx\/wp-content\/uploads\/2021\/07\/X-2.jpg\" class=\"alignnone wp-image-60480\" src=\"http:\/\/www.grieta.org.mx\/wp-content\/uploads\/2021\/07\/X-2.jpg\" alt=\"\" width=\"800\" height=\"450\" srcset=\"https:\/\/www.grieta.org.mx\/wp-content\/uploads\/2021\/07\/X-2.jpg 800w, https:\/\/www.grieta.org.mx\/wp-content\/uploads\/2021\/07\/X-2-300x169.jpg 300w, https:\/\/www.grieta.org.mx\/wp-content\/uploads\/2021\/07\/X-2-768x432.jpg 768w\" sizes=\"auto, (max-width: 800px) 100vw, 800px\" \/><br \/>\nClausura: arrendatarios de los inmuebles impidieron los accesos a las oficinas de los Servicios de Salud de Oaxaca. Foto:@MasnoticiasOax.<\/p>\n<p>OAXACA, Oax. (apro).- Por el impago de la renta, arrendatarios de los Servicios de Salud de Oaxaca (SSO) cerraron oficinas de esa instituci\u00f3n en la capital y en la regi\u00f3n de la Costa, situaci\u00f3n que oblig\u00f3 al gobierno del estado a informar que ya busca mecanismos para subsanar esta problem\u00e1tica.<\/p>\n<p>Los arrendadores colocaron en la direcci\u00f3n de Planeaci\u00f3n y Desarrollo de los SSO una lona con la leyenda \u201cCerrado por falta de pago\u201d, para exigir a las autoridades el pago de siete meses de rentas de al menos 13 inmuebles.<\/p>\n<p>Informaron que pese a que ya cuentan con folios no les han querido pagar por lo que advirtieron que si no les depositan inmediatamente proceder\u00e1n a cerrar todos sus inmuebles.<\/p>\n<p>Mientras que en la Jurisdicci\u00f3n Sanitaria 04 de la Costa con sede en Puerto Escondido, fueron desalojados los trabajadores de salud por falta de pago en la renta.<\/p>\n<p>En respuesta, el gobierno del estado inform\u00f3 que con el fin de normalizar los procesos y cumplir a la brevedad posible con el pago de arrendamientos, se buscan los mecanismos necesarios para atender esta situaci\u00f3n conforme a la ley y en total transparencia.<\/p>\n<p>\u201cLa instituci\u00f3n extern\u00f3 que es conocedora de las molestias que esto pudiera generar en la ciudadan\u00eda, por ello, precis\u00f3 que, se realizan los esfuerzos para atenderlos a la brevedad posible\u201d, inform\u00f3 en un comunicado.<\/p>\n<p>En este sentido, los SSO se\u00f1alaron que se trabaja para brindar estabilidad en los procesos operativos durante los pr\u00f3ximos meses de la actual administraci\u00f3n estatal, tambi\u00e9n evitar incrementar la deuda que se tiene, en aras de no afectar el pago a terceros, ni tampoco a las y los usuarios que requieren de los servicios que se brindan.<\/p>\n<p>La dependencia puntualiz\u00f3 que para evitar en un corto o mediano plazo este tipo de rezagos, es fundamental contar con recursos econ\u00f3micos suficientes, de ah\u00ed que la dependencia se encuentra en un proceso de reingenier\u00eda organizacional integral para regularizar el tema de recursos humanos, materiales, gastos no esenciales.<\/p>\n<p>Estos problemas surgen luego que el secretario de Salud de Oaxaca, Juan Carlos M\u00e1rquez Heine, solicit\u00f3 una ampliaci\u00f3n presupuestal de mil 600 millones de pesos para enfrentar la pandemia por el covid-19 que ha mostrado un repunte en la entidad.<\/p>\n<p>Con el argumento de que se busca evitar un colapso en los Servicios de Salud de Oaxaca ha solicitado a la Secretar\u00eda de Finanzas del gobierno estatal, y a la Secretar\u00eda de Hacienda una ampliaci\u00f3n presupuestal de mil 600 millones de pesos.<\/p>\n<p>Adem\u00e1s se filtr\u00f3 un documento donde M\u00e1rquez Heine tom\u00f3 la decisi\u00f3n de contratar un espacio para crear la Ciudad Salud de Oaxaca donde se concentrar\u00e1n todas las oficinas administrativas que est\u00e1n dispersas en la capital, y operar\u00e1n en la agencia de Santa Rosa Panzacola, en unas instalaciones que est\u00e1n en litigio.<\/p>\n<p>Finalmente, trabajadores sindicalizados del Hospital Civil \u201cAurelio Valdivieso\u201d determinaron realizar una jornada de protestas a partir de este martes que contempla paro de labores, un bloqueo a la calzada Porfirio D\u00edaz y la avenida Fuerza A\u00e9rea Mexicana, por la grave situaci\u00f3n financiera y desabasto de medicamentos, as\u00ed como material de curaci\u00f3n y equipo de protecci\u00f3n.<\/p>\n<p><a href=\"https:\/\/www.proceso.com.mx\/nacional\/estados\/2021\/7\/12\/servicios-de-salud-de-oaxaca-adeudan-renta-les-cierran-oficinas-267660.html\" target=\"_blank\" rel=\"noopener\">https:\/\/www.proceso.com.mx\/nacional\/estados\/2021\/7\/12\/servicios-de-salud-de-oaxaca-adeudan-renta-les-cierran-oficinas-267660.html<\/a><\/p>\n","protected":false},"excerpt":{"rendered":"<p>Proceso \/Pedro Mat\u00edas. El gobierno del estado debe el pago de siete meses, de al menos 13 inmuebles, se anunci\u00f3 que trabajar\u00e1 a la \u201cbrevedad\u201d para saldar la deuda. Clausura: &hellip; <a href=\"https:\/\/www.grieta.org.mx\/index.php\/2021\/07\/12\/servicios-de-salud-de-oaxaca-adeudan-renta-les-cierran-oficinas\/\" class=\"more-link\">Leer m\u00e1s<\/a><\/p>\n","protected":false},"author":2,"featured_media":60480,"comment_status":"closed","ping_status":"closed","sticky":false,"template":"","format":"standard","meta":{"ngg_post_thumbnail":0,"_jetpack_newsletter_access":"","_jetpack_dont_email_post_to_subs":false,"_jetpack_newsletter_tier_id":0,"_jetpack_memberships_contains_paywalled_content":false,"_jetpack_memberships_contains_paid_content":false,"footnotes":""},"categories":[80,3262,1728,2,25],"tags":[],"class_list":["post-60479","post","type-post","status-publish","format-standard","has-post-thumbnail","hentry","category-cintillo","category-crisis-covid-19-en-oaxaca","category-crisis-del-sector-salud-en-oaxaca","category-noticias-nacionales","category-oaxaca","entry"],"jetpack_featured_media_url":"https:\/\/www.grieta.org.mx\/wp-content\/uploads\/2021\/07\/X-2.jpg","jetpack_sharing_enabled":true,"jetpack_shortlink":"https:\/\/wp.me\/p7ZJR4-fJt","jetpack_likes_enabled":false,"jetpack-related-posts":[{"id":55580,"url":"https:\/\/www.grieta.org.mx\/index.php\/2020\/11\/26\/con-toma-de-oficinas-trabajadores-de-salud-en-oaxaca-exigen-la-renuncia-de-david-concha-suarez\/","url_meta":{"origin":60479,"position":0},"title":"Con toma de oficinas, trabajadores de salud en Oaxaca exigen la renuncia de David Concha Su\u00e1rez","author":"grieta","date":"26 noviembre, 2020","format":false,"excerpt":"Proceso \/ Pedro Mat\u00edas. Los inconformes se apostaron en al menos ocho oficinas administrativas y jurisdiccionales para demandar el pago y entrega de diversos bonos y prestaciones sociales para 14 mil sindicalizados, en tiempo y forma. OAXACA, Oax. (apro).- La Secci\u00f3n 35 del Sindicato Nacional de Trabajadores de la Secretar\u00eda\u2026","rel":"","context":"En &quot;CINTILLO&quot;","block_context":{"text":"CINTILLO","link":"https:\/\/www.grieta.org.mx\/index.php\/category\/cintillo\/"},"img":{"alt_text":"","src":"https:\/\/i0.wp.com\/www.grieta.org.mx\/wp-content\/uploads\/2020\/12\/A.jpeg?resize=350%2C200&ssl=1","width":350,"height":200,"srcset":"https:\/\/i0.wp.com\/www.grieta.org.mx\/wp-content\/uploads\/2020\/12\/A.jpeg?resize=350%2C200&ssl=1 1x, https:\/\/i0.wp.com\/www.grieta.org.mx\/wp-content\/uploads\/2020\/12\/A.jpeg?resize=525%2C300&ssl=1 1.5x, https:\/\/i0.wp.com\/www.grieta.org.mx\/wp-content\/uploads\/2020\/12\/A.jpeg?resize=700%2C400&ssl=1 2x"},"classes":[]},{"id":54054,"url":"https:\/\/www.grieta.org.mx\/index.php\/2020\/09\/30\/otra-vez-murat-incumple-su-palabra-y-trabajadores-de-salud-realizan-paros-en-tuxtepec-istmo-y-costa-oaxaca\/","url_meta":{"origin":60479,"position":1},"title":"Otra vez Murat incumple su palabra y trabajadores de Salud realizan paros en Tuxtepec, Istmo y Costa  (Oaxaca)","author":"grieta","date":"30 septiembre, 2020","format":false,"excerpt":"P\u00e1gina 3 \/ Pedro Mat\u00edas. OAXACA, Oax.- Trabajadores de Salud de las jurisdicciones sanitarias de las regiones de la Costa, Cuenca del Papaloapan e Istmo de Tehuantepec realizaron paros de labores. Ello luego que el gobernador Alejandro Murat Hinojosa incumpli\u00f3 su palabra de otorgar un bono de cinco mil pesos\u2026","rel":"","context":"En &quot;CINTILLO&quot;","block_context":{"text":"CINTILLO","link":"https:\/\/www.grieta.org.mx\/index.php\/category\/cintillo\/"},"img":{"alt_text":"","src":"https:\/\/i0.wp.com\/www.grieta.org.mx\/wp-content\/uploads\/2020\/10\/Trabajadores-de-Salud.jpg?resize=350%2C200&ssl=1","width":350,"height":200,"srcset":"https:\/\/i0.wp.com\/www.grieta.org.mx\/wp-content\/uploads\/2020\/10\/Trabajadores-de-Salud.jpg?resize=350%2C200&ssl=1 1x, https:\/\/i0.wp.com\/www.grieta.org.mx\/wp-content\/uploads\/2020\/10\/Trabajadores-de-Salud.jpg?resize=525%2C300&ssl=1 1.5x, https:\/\/i0.wp.com\/www.grieta.org.mx\/wp-content\/uploads\/2020\/10\/Trabajadores-de-Salud.jpg?resize=700%2C400&ssl=1 2x"},"classes":[]},{"id":54572,"url":"https:\/\/www.grieta.org.mx\/index.php\/2020\/10\/28\/ya-son-63-defunciones-por-covid-19-en-oaxaca-que-no-reportan-los-sso\/","url_meta":{"origin":60479,"position":2},"title":"Ya son 63 defunciones por COVID-19 en Oaxaca que no reportan los SSO","author":"grieta","date":"28 octubre, 2020","format":false,"excerpt":"Noticias \/ Iv\u00e1n Amancio Ya son 63 defunciones por COVID-19 en Oaxaca que no reportan los SSO Se cumplen 10 jornadas con desfase de cifras. Se cumplen 10 jornadas de desfase en el registro de m\u00e1s de 60 muertes por COVID-19 en Oaxaca, entre los registros presentados por los Servicios\u2026","rel":"","context":"En &quot;CINTILLO&quot;","block_context":{"text":"CINTILLO","link":"https:\/\/www.grieta.org.mx\/index.php\/category\/cintillo\/"},"img":{"alt_text":"","src":"https:\/\/i0.wp.com\/www.grieta.org.mx\/wp-content\/uploads\/2020\/10\/A-3.jpg?resize=350%2C200&ssl=1","width":350,"height":200,"srcset":"https:\/\/i0.wp.com\/www.grieta.org.mx\/wp-content\/uploads\/2020\/10\/A-3.jpg?resize=350%2C200&ssl=1 1x, https:\/\/i0.wp.com\/www.grieta.org.mx\/wp-content\/uploads\/2020\/10\/A-3.jpg?resize=525%2C300&ssl=1 1.5x, https:\/\/i0.wp.com\/www.grieta.org.mx\/wp-content\/uploads\/2020\/10\/A-3.jpg?resize=700%2C400&ssl=1 2x, https:\/\/i0.wp.com\/www.grieta.org.mx\/wp-content\/uploads\/2020\/10\/A-3.jpg?resize=1050%2C600&ssl=1 3x"},"classes":[]},{"id":21091,"url":"https:\/\/www.grieta.org.mx\/index.php\/2016\/09\/04\/se-quejan-trabajadores-de-salud-de-presunto-acoso-laboral-oaxaca\/","url_meta":{"origin":60479,"position":3},"title":"Se quejan trabajadores de salud de presunto acoso laboral  (OAXACA)","author":"grieta","date":"4 septiembre, 2016","format":false,"excerpt":"Luis Jer\u00f3nimo, Oaxaca. OAXACA, Oax., 4 de septiembre de 2016.- Integrantes de la Secci\u00f3n 9 del Sindicato Independiente Nacional de Trabajadores de Salud (SINTS) se quejaron de un presunto hostigamiento laboral en su contra y supuestos malos manejos en los recursos p\u00fablicos. Los inconformes, que mantienen desde hace dos d\u00edas\u2026","rel":"","context":"En &quot;CINTILLO&quot;","block_context":{"text":"CINTILLO","link":"https:\/\/www.grieta.org.mx\/index.php\/category\/cintillo\/"},"img":{"alt_text":"","src":"https:\/\/i0.wp.com\/www.grieta.org.mx\/wp-content\/uploads\/2018\/03\/14524434_1106112876131411_958039263622046936_o.jpg?resize=350%2C200&ssl=1","width":350,"height":200,"srcset":"https:\/\/i0.wp.com\/www.grieta.org.mx\/wp-content\/uploads\/2018\/03\/14524434_1106112876131411_958039263622046936_o.jpg?resize=350%2C200&ssl=1 1x, https:\/\/i0.wp.com\/www.grieta.org.mx\/wp-content\/uploads\/2018\/03\/14524434_1106112876131411_958039263622046936_o.jpg?resize=525%2C300&ssl=1 1.5x, https:\/\/i0.wp.com\/www.grieta.org.mx\/wp-content\/uploads\/2018\/03\/14524434_1106112876131411_958039263622046936_o.jpg?resize=700%2C400&ssl=1 2x"},"classes":[]},{"id":1695,"url":"https:\/\/www.grieta.org.mx\/index.php\/2015\/07\/28\/sistema-de-salud-de-oaxaca-desorden-administrativo-y-dano-al-erario\/","url_meta":{"origin":60479,"position":4},"title":"Sistema de salud de Oaxaca: desorden administrativo y da\u00f1o al erario","author":"grieta","date":"28 julio, 2015","format":false,"excerpt":"Contral\u00ednea. Erika Ram\u00edrez, Oaxaca.- M\u00e1s de 10 millones 600 mil pesos del sistema de salud de Oaxaca podr\u00edan haberse ejercido irregularmente, lo que constituir\u00eda un da\u00f1o patrimonial para la hacienda p\u00fablica. El probable perjuicio a las arcas federales es el resultado de un control deficiente de los recursos a trav\u00e9s\u2026","rel":"","context":"En &quot;CINTILLO&quot;","block_context":{"text":"CINTILLO","link":"https:\/\/www.grieta.org.mx\/index.php\/category\/cintillo\/"},"img":{"alt_text":"","src":"https:\/\/i0.wp.com\/www.grieta.org.mx\/wp-content\/uploads\/2018\/03\/14524434_1106112876131411_958039263622046936_o.jpg?resize=350%2C200&ssl=1","width":350,"height":200,"srcset":"https:\/\/i0.wp.com\/www.grieta.org.mx\/wp-content\/uploads\/2018\/03\/14524434_1106112876131411_958039263622046936_o.jpg?resize=350%2C200&ssl=1 1x, https:\/\/i0.wp.com\/www.grieta.org.mx\/wp-content\/uploads\/2018\/03\/14524434_1106112876131411_958039263622046936_o.jpg?resize=525%2C300&ssl=1 1.5x, https:\/\/i0.wp.com\/www.grieta.org.mx\/wp-content\/uploads\/2018\/03\/14524434_1106112876131411_958039263622046936_o.jpg?resize=700%2C400&ssl=1 2x"},"classes":[]},{"id":56737,"url":"https:\/\/www.grieta.org.mx\/index.php\/2021\/02\/01\/vacunan-a-burocratas-y-a-cuates-antes-que-a-medicos-denuncian-trabajadores-de-salud-de-oaxaca\/","url_meta":{"origin":60479,"position":5},"title":"Vacunan a bur\u00f3cratas y a &#8220;cuates&#8221; antes que a m\u00e9dicos, denuncian trabajadores de salud de Oaxaca","author":"grieta","date":"1 febrero, 2021","format":false,"excerpt":"Proceso \/ Pedro Mat\u00edas. En redes sociales circulan fotograf\u00edas donde se observa un m\u00f3dulo instalado en el Hospital de la Ni\u00f1ez Oaxaque\u00f1a, lugar en el que se concentraron 20 trabajadores enviados por su jefe inmediato para vacunarse contra el covid-19, sin estar en la primera l\u00ednea de combate al virus.\u2026","rel":"","context":"En &quot;CINTILLO&quot;","block_context":{"text":"CINTILLO","link":"https:\/\/www.grieta.org.mx\/index.php\/category\/cintillo\/"},"img":{"alt_text":"","src":"https:\/\/i0.wp.com\/www.grieta.org.mx\/wp-content\/uploads\/2021\/02\/3.jpeg?resize=350%2C200&ssl=1","width":350,"height":200,"srcset":"https:\/\/i0.wp.com\/www.grieta.org.mx\/wp-content\/uploads\/2021\/02\/3.jpeg?resize=350%2C200&ssl=1 1x, https:\/\/i0.wp.com\/www.grieta.org.mx\/wp-content\/uploads\/2021\/02\/3.jpeg?resize=525%2C300&ssl=1 1.5x, https:\/\/i0.wp.com\/www.grieta.org.mx\/wp-content\/uploads\/2021\/02\/3.jpeg?resize=700%2C400&ssl=1 2x"},"classes":[]}],"_links":{"self":[{"href":"https:\/\/www.grieta.org.mx\/index.php\/wp-json\/wp\/v2\/posts\/60479","targetHints":{"allow":["GET"]}}],"collection":[{"href":"https:\/\/www.grieta.org.mx\/index.php\/wp-json\/wp\/v2\/posts"}],"about":[{"href":"https:\/\/www.grieta.org.mx\/index.php\/wp-json\/wp\/v2\/types\/post"}],"author":[{"embeddable":true,"href":"https:\/\/www.grieta.org.mx\/index.php\/wp-json\/wp\/v2\/users\/2"}],"replies":[{"embeddable":true,"href":"https:\/\/www.grieta.org.mx\/index.php\/wp-json\/wp\/v2\/comments?post=60479"}],"version-history":[{"count":1,"href":"https:\/\/www.grieta.org.mx\/index.php\/wp-json\/wp\/v2\/posts\/60479\/revisions"}],"predecessor-version":[{"id":60481,"href":"https:\/\/www.grieta.org.mx\/index.php\/wp-json\/wp\/v2\/posts\/60479\/revisions\/60481"}],"wp:featuredmedia":[{"embeddable":true,"href":"https:\/\/www.grieta.org.mx\/index.php\/wp-json\/wp\/v2\/media\/60480"}],"wp:attachment":[{"href":"https:\/\/www.grieta.org.mx\/index.php\/wp-json\/wp\/v2\/media?parent=60479"}],"wp:term":[{"taxonomy":"category","embeddable":true,"href":"https:\/\/www.grieta.org.mx\/index.php\/wp-json\/wp\/v2\/categories?post=60479"},{"taxonomy":"post_tag","embeddable":true,"href":"https:\/\/www.grieta.org.mx\/index.php\/wp-json\/wp\/v2\/tags?post=60479"}],"curies":[{"name":"wp","href":"https:\/\/api.w.org\/{rel}","templated":true}]}}