{"id":60476,"date":"2021-07-01T19:08:05","date_gmt":"2021-07-02T00:08:05","guid":{"rendered":"http:\/\/www.grieta.org.mx\/?p=60476"},"modified":"2021-07-15T19:12:24","modified_gmt":"2021-07-16T00:12:24","slug":"san-antonino-castillo-aprueba-reglamento-interno-para-el-cuidado-del-agua-oaxaca","status":"publish","type":"post","link":"https:\/\/www.grieta.org.mx\/index.php\/2021\/07\/01\/san-antonino-castillo-aprueba-reglamento-interno-para-el-cuidado-del-agua-oaxaca\/","title":{"rendered":"San Antonino Castillo aprueba reglamento interno para el cuidado del agua (Oaxaca)"},"content":{"rendered":"<p>La Coperacha \/ Redacci\u00f3n.<\/p>\n<p><img loading=\"lazy\" decoding=\"async\" data-attachment-id=\"60477\" data-permalink=\"https:\/\/www.grieta.org.mx\/index.php\/2021\/07\/01\/san-antonino-castillo-aprueba-reglamento-interno-para-el-cuidado-del-agua-oaxaca\/1-176\/\" data-orig-file=\"https:\/\/www.grieta.org.mx\/wp-content\/uploads\/2021\/07\/1-1.jpg\" data-orig-size=\"764,420\" data-comments-opened=\"0\" data-image-meta=\"{&quot;aperture&quot;:&quot;0&quot;,&quot;credit&quot;:&quot;&quot;,&quot;camera&quot;:&quot;&quot;,&quot;caption&quot;:&quot;&quot;,&quot;created_timestamp&quot;:&quot;0&quot;,&quot;copyright&quot;:&quot;&quot;,&quot;focal_length&quot;:&quot;0&quot;,&quot;iso&quot;:&quot;0&quot;,&quot;shutter_speed&quot;:&quot;0&quot;,&quot;title&quot;:&quot;&quot;,&quot;orientation&quot;:&quot;0&quot;}\" data-image-title=\"1\" data-image-description=\"\" data-image-caption=\"\" data-medium-file=\"https:\/\/www.grieta.org.mx\/wp-content\/uploads\/2021\/07\/1-1-300x165.jpg\" data-large-file=\"https:\/\/www.grieta.org.mx\/wp-content\/uploads\/2021\/07\/1-1.jpg\" class=\"alignnone wp-image-60477\" src=\"http:\/\/www.grieta.org.mx\/wp-content\/uploads\/2021\/07\/1-1.jpg\" alt=\"\" width=\"800\" height=\"440\" srcset=\"https:\/\/www.grieta.org.mx\/wp-content\/uploads\/2021\/07\/1-1.jpg 764w, https:\/\/www.grieta.org.mx\/wp-content\/uploads\/2021\/07\/1-1-300x165.jpg 300w\" sizes=\"auto, (max-width: 800px) 100vw, 800px\" \/><br \/>\nFoto: NVI Noticias.<\/p>\n<p>La comunidad zapoteca San Antonino Castillo Velasco, ubicada en Valles Centrales de Oaxaca, aprob\u00f3 un reglamento interno, con validez jur\u00eddica, para el cuidado del agua y blindar el recurso ante la industria extractiva y la privatizaci\u00f3n.<\/p>\n<p>Durante una asamblea comunitaria ocurrida el 25 de junio se leyeron y aprobaron a mano alzada cada uno de los puntos del reglamento, el cual plasma los acuerdos y responsabilidades con respecto al agua de cada habitante de San Antonino.<\/p>\n<p>La comunidad es una de las 16 que integran a la Coordinadora de Pueblos Unidos por el Cuidado y Defensa del Agua (Copuda), que lleva 15 a\u00f1os de organizaci\u00f3n y defensa del l\u00edquido ante la sequ\u00eda y veda, y ha realizado m\u00e1s de 500 obras de captaci\u00f3n pluvial.<\/p>\n<p>La regidora, Mar\u00eda de los \u00c1ngeles Santiago S\u00e1nchez, se\u00f1al\u00f3 a medios locales que el reglamento \u201cfue una construcci\u00f3n desde la comunidad y en acuerdo del cabildo municipal\u201d. Destac\u00f3 que San Antonino se vuelve un municipio pionero en el cuidado del agua en territorio ind\u00edgena.<\/p>\n<p>El reglamento interno tendr\u00e1 un periodo de difusi\u00f3n de un mes en la poblaci\u00f3n a trav\u00e9s de espacios p\u00fablicos y medios locales como la radio, entrar\u00e1 en vigor al d\u00eda siguiente de su publicaci\u00f3n.<\/p>\n<p><a href=\"https:\/\/lacoperacha.org.mx\/comunidad-zapoteca-blinda-agua-contra-industria-extractiva-oaxaca\/\" rel=\"noopener\" target=\"_blank\">https:\/\/lacoperacha.org.mx\/comunidad-zapoteca-blinda-agua-contra-industria-extractiva-oaxaca\/<\/a><\/p>\n","protected":false},"excerpt":{"rendered":"<p>La Coperacha \/ Redacci\u00f3n. Foto: NVI Noticias. La comunidad zapoteca San Antonino Castillo Velasco, ubicada en Valles Centrales de Oaxaca, aprob\u00f3 un reglamento interno, con validez jur\u00eddica, para el cuidado &hellip; <a href=\"https:\/\/www.grieta.org.mx\/index.php\/2021\/07\/01\/san-antonino-castillo-aprueba-reglamento-interno-para-el-cuidado-del-agua-oaxaca\/\" class=\"more-link\">Leer m\u00e1s<\/a><\/p>\n","protected":false},"author":2,"featured_media":60477,"comment_status":"closed","ping_status":"closed","sticky":false,"template":"","format":"standard","meta":{"ngg_post_thumbnail":0,"_jetpack_newsletter_access":"","_jetpack_dont_email_post_to_subs":false,"_jetpack_newsletter_tier_id":0,"_jetpack_memberships_contains_paywalled_content":false,"_jetpack_memberships_contains_paid_content":false,"footnotes":""},"categories":[80,1357,2355,2,25,2909],"tags":[],"class_list":["post-60476","post","type-post","status-publish","format-standard","has-post-thumbnail","hentry","category-cintillo","category-conflictos-mineros-en-oaxaca","category-conflictos-por-agua-en-oaxaca","category-noticias-nacionales","category-oaxaca","category-resistencias-y-rebeldias-en-oaxaca","entry"],"jetpack_featured_media_url":"https:\/\/www.grieta.org.mx\/wp-content\/uploads\/2021\/07\/1-1.jpg","jetpack_sharing_enabled":true,"jetpack_shortlink":"https:\/\/wp.me\/p7ZJR4-fJq","jetpack_likes_enabled":false,"jetpack-related-posts":[{"id":24664,"url":"https:\/\/www.grieta.org.mx\/index.php\/2018\/07\/11\/preparan-encuentro-de-comunidades-en-rebeldia-contra-empresas-mineras-porque-concesionaron-30-mil-hectareas\/","url_meta":{"origin":60476,"position":0},"title":"Preparan encuentro de comunidades en rebeld\u00eda contra empresas mineras porque concesionaron 30 mil hect\u00e1reas (Oaxaca)","author":"grieta","date":"11 julio, 2018","format":false,"excerpt":"P\u00e1gina 3. Pedro Mat\u00edas, Oaxaca.- En el marco del D\u00eda Estatal de Rebeld\u00eda contra la Miner\u00eda se realizar\u00e1 el Encuentro de los Valles Centrales: Aqu\u00ed Decimos S\u00ed a la Vida, No a la Miner\u00eda para enfrentar las afectaciones porque el 70 % por ciento de su territorio, es decir, 130\u2026","rel":"","context":"En &quot;CINTILLO&quot;","block_context":{"text":"CINTILLO","link":"https:\/\/www.grieta.org.mx\/index.php\/category\/cintillo\/"},"img":{"alt_text":"","src":"https:\/\/i0.wp.com\/www.grieta.org.mx\/wp-content\/uploads\/2018\/07\/Contra-mineras-Istmo-1.jpg?resize=350%2C200&ssl=1","width":350,"height":200,"srcset":"https:\/\/i0.wp.com\/www.grieta.org.mx\/wp-content\/uploads\/2018\/07\/Contra-mineras-Istmo-1.jpg?resize=350%2C200&ssl=1 1x, https:\/\/i0.wp.com\/www.grieta.org.mx\/wp-content\/uploads\/2018\/07\/Contra-mineras-Istmo-1.jpg?resize=525%2C300&ssl=1 1.5x, https:\/\/i0.wp.com\/www.grieta.org.mx\/wp-content\/uploads\/2018\/07\/Contra-mineras-Istmo-1.jpg?resize=700%2C400&ssl=1 2x"},"classes":[]},{"id":49094,"url":"https:\/\/www.grieta.org.mx\/index.php\/2020\/04\/14\/agua-para-ayutla-ya-comunidad-en-oaxaca-enfrenta-al-covid-19-sin-agua-oaxaca\/","url_meta":{"origin":60476,"position":1},"title":"Agua para Ayutla ya: comunidad en Oaxaca enfrenta al COVID-19 sin agua (Oaxaca)","author":"grieta","date":"14 abril, 2020","format":false,"excerpt":"ANIMAL POL\u00cdTICO Ante la actual pandemia por COVID-19 los cerca de 5 mil habitantes de San Pedro y San Pablo Ayutla, Oaxaca exigen que ya se resuelva esta problem\u00e1tica. Ayutla lleva casi tres a\u00f1os sin agua desde que un grupo armado de Tamazulapan, un municipio vecino, se adue\u00f1\u00f3 del manantial\u2026","rel":"","context":"En &quot;CINTILLO&quot;","block_context":{"text":"CINTILLO","link":"https:\/\/www.grieta.org.mx\/index.php\/category\/cintillo\/"},"img":{"alt_text":"","src":"https:\/\/i0.wp.com\/www.grieta.org.mx\/wp-content\/uploads\/2018\/03\/14524434_1106112876131411_958039263622046936_o.jpg?resize=350%2C200&ssl=1","width":350,"height":200,"srcset":"https:\/\/i0.wp.com\/www.grieta.org.mx\/wp-content\/uploads\/2018\/03\/14524434_1106112876131411_958039263622046936_o.jpg?resize=350%2C200&ssl=1 1x, https:\/\/i0.wp.com\/www.grieta.org.mx\/wp-content\/uploads\/2018\/03\/14524434_1106112876131411_958039263622046936_o.jpg?resize=525%2C300&ssl=1 1.5x, https:\/\/i0.wp.com\/www.grieta.org.mx\/wp-content\/uploads\/2018\/03\/14524434_1106112876131411_958039263622046936_o.jpg?resize=700%2C400&ssl=1 2x"},"classes":[]},{"id":24000,"url":"https:\/\/www.grieta.org.mx\/index.php\/2018\/06\/18\/el-vergel-esta-comunidad-de-oaxaca-expulso-a-la-minera-fortuna-silver-mines\/","url_meta":{"origin":60476,"position":2},"title":"El Vergel, esta comunidad de Oaxaca expuls\u00f3 a la minera Fortuna Silver Mines","author":"grieta","date":"18 junio, 2018","format":false,"excerpt":"La agricultura ser\u00eda una de las principales actividades que afectar\u00eda la miner\u00eda. Foto:va Mario Jim\u00e9nez Leyva RECHAZAN CONTAMINACI\u00d3N AMBIENTAL Octavio V\u00e9lez El Vergel, Ejutla de Crespo, Oaxaca.- Con la concesi\u00f3n Monte Alb\u00e1n IV de unas 10 mil hect\u00e1reas, que ha solicitado al gobierno federal, la empresa canadiense Fortuna Silver Mines\u2026","rel":"","context":"En &quot;CINTILLO&quot;","block_context":{"text":"CINTILLO","link":"https:\/\/www.grieta.org.mx\/index.php\/category\/cintillo\/"},"img":{"alt_text":"","src":"https:\/\/i0.wp.com\/www.grieta.org.mx\/wp-content\/uploads\/2018\/06\/image_22_112.jpg?resize=350%2C200&ssl=1","width":350,"height":200,"srcset":"https:\/\/i0.wp.com\/www.grieta.org.mx\/wp-content\/uploads\/2018\/06\/image_22_112.jpg?resize=350%2C200&ssl=1 1x, https:\/\/i0.wp.com\/www.grieta.org.mx\/wp-content\/uploads\/2018\/06\/image_22_112.jpg?resize=525%2C300&ssl=1 1.5x, https:\/\/i0.wp.com\/www.grieta.org.mx\/wp-content\/uploads\/2018\/06\/image_22_112.jpg?resize=700%2C400&ssl=1 2x, https:\/\/i0.wp.com\/www.grieta.org.mx\/wp-content\/uploads\/2018\/06\/image_22_112.jpg?resize=1050%2C600&ssl=1 3x, https:\/\/i0.wp.com\/www.grieta.org.mx\/wp-content\/uploads\/2018\/06\/image_22_112.jpg?resize=1400%2C800&ssl=1 4x"},"classes":[]},{"id":58740,"url":"https:\/\/www.grieta.org.mx\/index.php\/2021\/03\/24\/oaxaca-acuerdan-cierre-definitivo-de-las-cascadas-petreas-de-hierve-el-agua\/","url_meta":{"origin":60476,"position":3},"title":"Oaxaca: acuerdan &#8220;cierre definitivo&#8221; de las cascadas p\u00e9treas de Hierve el Agua","author":"grieta","date":"24 marzo, 2021","format":false,"excerpt":"Proceso \/ Pedro Mat\u00edas. Foto: Facebook Hierve el agua OAXACA, Oax. (apro).- Las autoridades ejidales y la comunidad zapoteca de San Lorenzo Albarradas acord\u00f3 el \u201ccierre definitivo\u201d de las cascadas p\u00e9treas de Hierve el Agua porque, pese a ser ellos los due\u00f1os leg\u00edtimos, el gobernador Alejandro Murat Hinojosa prefiere entregar\u2026","rel":"","context":"En &quot;CINTILLO&quot;","block_context":{"text":"CINTILLO","link":"https:\/\/www.grieta.org.mx\/index.php\/category\/cintillo\/"},"img":{"alt_text":"","src":"https:\/\/i0.wp.com\/www.grieta.org.mx\/wp-content\/uploads\/2021\/04\/a-1.jpg?resize=350%2C200&ssl=1","width":350,"height":200,"srcset":"https:\/\/i0.wp.com\/www.grieta.org.mx\/wp-content\/uploads\/2021\/04\/a-1.jpg?resize=350%2C200&ssl=1 1x, https:\/\/i0.wp.com\/www.grieta.org.mx\/wp-content\/uploads\/2021\/04\/a-1.jpg?resize=525%2C300&ssl=1 1.5x, https:\/\/i0.wp.com\/www.grieta.org.mx\/wp-content\/uploads\/2021\/04\/a-1.jpg?resize=700%2C400&ssl=1 2x"},"classes":[]},{"id":28368,"url":"https:\/\/www.grieta.org.mx\/index.php\/2018\/12\/29\/vigentes-22-conflictos-por-proyectos-mineros-en-oaxaca\/","url_meta":{"origin":60476,"position":4},"title":"Vigentes, 22 conflictos por proyectos mineros en Oaxaca","author":"grieta","date":"29 diciembre, 2018","format":false,"excerpt":"Noticias. Miguel Angel, INTIMIDACI\u00d3N, ASESINATOS Y CONTAMINACI\u00d3N Oaxaca.- Intimidaciones, asesinatos, sobreexplotaci\u00f3n y contaminaci\u00f3n de fuentes de agua, contaminaci\u00f3n ambiental y auditiva, adem\u00e1s de ganancias multimillonarias que no se reflejan en el desarrollo de las comunidades son las inconformidades que muestran los pueblos ind\u00edgenas ante los proyectos mineros. De acuerdo al\u2026","rel":"","context":"En &quot;CINTILLO&quot;","block_context":{"text":"CINTILLO","link":"https:\/\/www.grieta.org.mx\/index.php\/category\/cintillo\/"},"img":{"alt_text":"","src":"https:\/\/i0.wp.com\/www.grieta.org.mx\/wp-content\/uploads\/2019\/01\/image_6.jpg?resize=350%2C200&ssl=1","width":350,"height":200,"srcset":"https:\/\/i0.wp.com\/www.grieta.org.mx\/wp-content\/uploads\/2019\/01\/image_6.jpg?resize=350%2C200&ssl=1 1x, https:\/\/i0.wp.com\/www.grieta.org.mx\/wp-content\/uploads\/2019\/01\/image_6.jpg?resize=525%2C300&ssl=1 1.5x, https:\/\/i0.wp.com\/www.grieta.org.mx\/wp-content\/uploads\/2019\/01\/image_6.jpg?resize=700%2C400&ssl=1 2x, https:\/\/i0.wp.com\/www.grieta.org.mx\/wp-content\/uploads\/2019\/01\/image_6.jpg?resize=1050%2C600&ssl=1 3x"},"classes":[]},{"id":49606,"url":"https:\/\/www.grieta.org.mx\/index.php\/2020\/05\/19\/comunidad-de-ayutla-oaxaca-con-casos-de-covid-19-pero-sin-agua\/","url_meta":{"origin":60476,"position":5},"title":"Comunidad de Ayutla, Oaxaca, con casos de Covid-19 pero sin agua","author":"grieta","date":"19 mayo, 2020","format":false,"excerpt":"Contral\u00ednea \/ Nayeli Escalona. En plena emergencia sanitaria por la Covid-19 \u2013y ya con casos de contagio detectados\u2013, la comunidad de Ayutla, Oaxaca, no puede seguir las recomendaciones de higiene, pues las autoridades siguen sin resolver la problem\u00e1tica del agua. Las mujeres defensoras del derecho al agua de la comunidad\u2026","rel":"","context":"En &quot;CINTILLO&quot;","block_context":{"text":"CINTILLO","link":"https:\/\/www.grieta.org.mx\/index.php\/category\/cintillo\/"},"img":{"alt_text":"","src":"https:\/\/i0.wp.com\/www.grieta.org.mx\/wp-content\/uploads\/2018\/03\/14524434_1106112876131411_958039263622046936_o.jpg?resize=350%2C200&ssl=1","width":350,"height":200,"srcset":"https:\/\/i0.wp.com\/www.grieta.org.mx\/wp-content\/uploads\/2018\/03\/14524434_1106112876131411_958039263622046936_o.jpg?resize=350%2C200&ssl=1 1x, https:\/\/i0.wp.com\/www.grieta.org.mx\/wp-content\/uploads\/2018\/03\/14524434_1106112876131411_958039263622046936_o.jpg?resize=525%2C300&ssl=1 1.5x, https:\/\/i0.wp.com\/www.grieta.org.mx\/wp-content\/uploads\/2018\/03\/14524434_1106112876131411_958039263622046936_o.jpg?resize=700%2C400&ssl=1 2x"},"classes":[]}],"_links":{"self":[{"href":"https:\/\/www.grieta.org.mx\/index.php\/wp-json\/wp\/v2\/posts\/60476","targetHints":{"allow":["GET"]}}],"collection":[{"href":"https:\/\/www.grieta.org.mx\/index.php\/wp-json\/wp\/v2\/posts"}],"about":[{"href":"https:\/\/www.grieta.org.mx\/index.php\/wp-json\/wp\/v2\/types\/post"}],"author":[{"embeddable":true,"href":"https:\/\/www.grieta.org.mx\/index.php\/wp-json\/wp\/v2\/users\/2"}],"replies":[{"embeddable":true,"href":"https:\/\/www.grieta.org.mx\/index.php\/wp-json\/wp\/v2\/comments?post=60476"}],"version-history":[{"count":1,"href":"https:\/\/www.grieta.org.mx\/index.php\/wp-json\/wp\/v2\/posts\/60476\/revisions"}],"predecessor-version":[{"id":60478,"href":"https:\/\/www.grieta.org.mx\/index.php\/wp-json\/wp\/v2\/posts\/60476\/revisions\/60478"}],"wp:featuredmedia":[{"embeddable":true,"href":"https:\/\/www.grieta.org.mx\/index.php\/wp-json\/wp\/v2\/media\/60477"}],"wp:attachment":[{"href":"https:\/\/www.grieta.org.mx\/index.php\/wp-json\/wp\/v2\/media?parent=60476"}],"wp:term":[{"taxonomy":"category","embeddable":true,"href":"https:\/\/www.grieta.org.mx\/index.php\/wp-json\/wp\/v2\/categories?post=60476"},{"taxonomy":"post_tag","embeddable":true,"href":"https:\/\/www.grieta.org.mx\/index.php\/wp-json\/wp\/v2\/tags?post=60476"}],"curies":[{"name":"wp","href":"https:\/\/api.w.org\/{rel}","templated":true}]}}