{"id":60411,"date":"2021-07-04T13:51:48","date_gmt":"2021-07-04T18:51:48","guid":{"rendered":"https:\/\/www.grieta.org.mx\/?p=60411"},"modified":"2021-07-19T13:40:19","modified_gmt":"2021-07-19T18:40:19","slug":"travesia-por-la-vida-emotiva-bienvenida-madrilena-a-la-delegacion-maritima-zapatista","status":"publish","type":"post","link":"https:\/\/www.grieta.org.mx\/index.php\/2021\/07\/04\/travesia-por-la-vida-emotiva-bienvenida-madrilena-a-la-delegacion-maritima-zapatista\/","title":{"rendered":"Traves\u00eda por la vida:  Emotiva bienvenida madrile\u00f1a a la delegaci\u00f3n mar\u00edtima zapatista"},"content":{"rendered":"<p><strong>En un acto sencillo pero de gestos emotivos transcurri\u00f3 la bienvenida de los zapatistas en Madrid: &#8220;Bienvenidas Pasad, pasad y revolucionadnos, os abrazamos y \u00a1que vuestra energ\u00eda inunde Madrid!\u201d<\/strong><\/p>\n<div class=\"autor\">Susana Albarr\u00e1n M\u00e9ndez\/\u00a0\u00a0\u00c1lvaro Lorite\/\u00a0Elvira Meg\u00edas \/ EL SALTO DIARIO<\/div>\n<div><\/div>\n<div>\n<p>\u201cOs damos la bienvenida desde la reci\u00e9n bautizada por vosotras Tierra Insumisa \u2013 no m\u00e1s Europa, no m\u00e1s la Europa Fortaleza. Nos hab\u00e9is dado un regalo nada m\u00e1s llegar, renombrar las cosas nos permite nuevos imaginarios, nuevos mundos, nos brinda nuevos marcos\u201d, fueron las primeras palabras ofrecidas a la delegaci\u00f3n zapatista durante el acto en el\u00a0<a href=\"https:\/\/www.youtube.com\/watch?v=S0QHuN3sp7A\" target=\"_blank\" rel=\"noopener\">Teatro del Barrio<\/a>. Diversos colectivos sociales organizaron en pocos d\u00edas un recibimiento sencillo pero cargado de gestos emotivos para celebrar la visita de la comitiva a la ciudad de Madrid.<\/p>\n<p>Los las y loa integrantes del Escuadr\u00f3n 241 fueron recibidos calurosamente. Nada m\u00e1s entrar la delegaci\u00f3n zapatista al Teatro del Barrio la gente la recibi\u00f3 coreando las consignas \u201cEZLN, EZLN\u201c y \u201dZapata Vive la lucha sigue\u201d. Inmediatamente Marijose, Yuli, Ximena, Carolina y Lupita, Bernal y Felipe se presentaron en ese orden y en sus propios idiomas, tzeltal, tzotzil, tojolabal y alguna en &#8216;castilla&#8217;, como dicen al castellano. Inmediatamente despu\u00e9s un grupo de ni\u00f1os y ni\u00f1as que cargaban un barquito de cart\u00f3n, s\u00edmbolo de la gira zapatista, ofrecieron dibujos de regalo y un \u201cbienvenidas\u201d alto y claro.<\/p>\n<p>Desde el escenario donde colgaba una pancarta con la leyenda \u201cBienvenidas zapatistas. Madrid les abraza\u201c, M\u00f3nica Gortayre, activista antirracista y migrante, actu\u00f3 como maestra de ceremonias durante las cerca de dos horas que dur\u00f3 el acto y que incluy\u00f3 algunos mensajes de reconocimiento y solidaridad por parte de algunos colectivos de Memoria Hist\u00f3rica, movimiento LGTBIQ+, empleadas de hogar,\u00a0 adem\u00e1s de poes\u00eda, teatro y m\u00fasica.<\/p>\n<p><strong>\u201dMadrid os recibe en lucha compa\u00f1eras. La pandemia nos pill\u00f3 de sorpresa pero reaccionamos r\u00e1pidas, nos organizamos en redes vecinales de apoyo, cajas de resistencia, entregando comida, ropa, medicinas pero sobre todo calor humano en medio del encierro\u201d<\/strong><\/p>\n<p>\u201dMadrid os recibe en lucha compa\u00f1eras\u201c, dec\u00eda M\u00f3nica dirigi\u00e9ndose a las zapatistas. \u201dLa pandemia nos pill\u00f3 de sorpresa pero reaccionamos r\u00e1pidas, nos organizamos en redes vecinales de apoyo, cajas de resistencia, entregando comida, ropa, medicinas pero sobre todo calor humano en medio del encierro. Ahora que nos est\u00e1n vacunando y que parece que todo vuelve a la normalidad, pero no queremos volver a esa normalidad desigual, injusta e insostenible de antes de la pandemia\u201c subrayaba\u00a0en su emotivo discurso de bienvenida.<\/p>\n<p>Hizo referencia a las luchas que actualmente lleva la ciudadan\u00eda madrile\u00f1a, la sanidad p\u00fablica, por el derecho a la vivienda, contra el paro y la precariedad, contra el olvido del tejido asociativo y los barrios, por una educaci\u00f3n p\u00fablica que sea inclusiva y no segregue. \u201dEntrelazando nuestras luchas con las del otro lado del charco, con las defensoras de la tierra y la vida, nos encontr\u00e1is compa\u00f1eras luchando contra las fronteras y contra la muerte en el mar que provocan. Luchando contra el racismo y el machismo, y todas sus violencias\u201c subrayaba\u00a0Gortayre.<\/p>\n<p>\u201dNos encontr\u00e1is en lucha, no hab\u00edais ni llegado y ya hab\u00e9is provocado mil cosas en todas nosotras\u201c dec\u00eda la maestra de ceremonias para despu\u00e9s enumerar las decenas de actividades que se han realizado en diversas localidades de la regi\u00f3n madrile\u00f1a con motivo del anuncio de &#8216;La Traves\u00eda por la vida&#8217; y que ha significado un nuevo impulso a los colectivos sociales para retomar la acci\u00f3n despu\u00e9s de largos meses de encierro obligado por la pandemia. \u201cPasad, pasad y revolucionadnos, os abrazamos y \u00a1que vuestra energ\u00eda inunde Madrid!\u201d, finalizaba M\u00f3nica.<\/p>\n<\/div>\n<p><strong>\u201cNosotros hemos tenido que ir a Am\u00e9rica Latina para buscar la memoria y la justicia conta esta\u00a0dictadura\u00a0criminal. Os agradecemos enormemente porque vuestra visita nos anima a continuar. \u00a1Aqu\u00ed no se rinde nadie!\u201d: La Comuna de Presxs represaliados por el franquismo.<\/strong><\/p>\n<p>En voz propia intervino La Comuna de presos y presas y represaliados por el franquismo, con Pablo Mayoral, en representaci\u00f3n de colectivos por la lucha y la recuperaci\u00f3n de la memoria hist\u00f3rica democr\u00e1tica. \u201dCon motivo de vuestra visita nos hemos reunido, vuelto a conocer y reconocer y nos hemos vuelto a poner en marcha\u201c reconoc\u00eda Mayoral ante los zapatistas. \u201dSomos los represaliados que seguimos luchando contra la dictadura franquista porque hoy est\u00e1 nuevamente presente en nuestras instituciones pol\u00edticas, por desgracia\u201c afirmaba el activista, \u201cNosotros hemos tenido que ir a Am\u00e9rica Latina para buscar la memoria y la justicia conta esta\u00a0dictadura\u00a0criminal. Os agradecemos enormemente porque vuestra visita nos anima a continuar\u201d. Enseguida ofreci\u00f3 un ramo de flores a la delegaci\u00f3n para terminar recordando las palabras de su compa\u00f1ero Chato Galante, fallecido el a\u00f1o pasado, \u201c\u00a1Aqu\u00ed no se rinde nadie!\u201d<\/p>\n<p>&nbsp;<\/p>\n<p>Tambi\u00e9n tomaron el micro Tati de la Plataforma Encuentros Bolleros, as\u00ed como Jose y Mirayes del Movimiento Marika de Madrid. Tati comenz\u00f3 regalando una bandera LGTBIQ+ a la zapatista Marijose haciendo un reconocimiento a su forma de visibilizar que la diversidad de identidades tambi\u00e9n caben en el zapatismo. \u201dSomos un espacio de mujeres y otroas que se identifican como lesbianas\u201c, comenz\u00f3 Tati, \u201dllevamos tres a\u00f1os caminando juntas, escuch\u00e1ndonos,\u00a0acompa\u00f1\u00e1ndonos\u00a0intentando hacer, como ustedes, cada una a &#8216;nuestros tiempos y nuestros modos&#8217;. La lucha zapatista ha sido siempre una luz que nos va guiando con su hacer, con sus siete principios zapatistas, y a nosotras especialmente con la Ley Revolucionaria de Mujeres. eso nos ha cambiado la vida\u201c, resalt\u00f3.<\/p>\n<p><strong>\u201cProcuraremos acompa\u00f1aros en esta gira por la vida para aprender y crecer con\u00a0vosotroas\u00a0llenando de digna rebeld\u00eda los espacios que habitamos y en los que luchamos y seguir desatando nuestros cuerpos de la norma\u201d: Movimiento Marika de Madrid<\/strong><\/p>\n<p>En seguida, Mirayes del Movimiento Marika expres\u00f3 \u201dEs mucho el respeto que sentimos\u00a0hac\u00eda\u00a0los pueblos originarios que luchan frente al colonialismo, el capitalismo trasnacional y el racismo. El eco rebelde de vuestras palabras influye en lo que nosotres hoy somos\u201c. Y continu\u00f3 \u201dNosotras gritamos y pataleamos empujando con nuestros cuerpos e identidades disidentes a la norma y cada vez que la arrinconamos nos sentimos m\u00e1s libres, m\u00e1s bellas y m\u00e1s dignas. Procuraremos acompa\u00f1aros en esta gira por la vida para aprender y crecer con\u00a0<i>vosotroas<\/i>\u00a0llenando de digna rebeld\u00eda los espacios que habitamos y en los que luchamos, y seguir desatando nuestros cuerpos de la norma&#8221; finaliz\u00f3.<\/p>\n<p>Por \u00faltimo, Rafaela Pimentel de Territorio Dom\u00e9stico ofreci\u00f3 un mensaje por parte las empleadas de hogar \u201cNosotras decimos que la lucha de las trabajadoras de hogar es la lucha de todos los colectivos para que tengamos una vida digna y para que todas las vidas valgan lo mismo. Tenemos que luchar por una salud digna, por una vivienda en condiciones, por una educaci\u00f3n a la que todas tengamos acceso y porque tengamos los cuidados que nos merecemos como personas. Porque\u00a0cualquier\u00a0lucha que se gane ser\u00e1 para todas\u201d. Y dirigi\u00e9ndose a la comitiva zapatista agreg\u00f3 \u201cPor eso es importante que vosotros est\u00e9is ac\u00e1 porque es la lucha que va a traspasar fronteras. Nosotras sabemos que lo que tenemos que destruir es un sistema capitalista, patriarcal y racista y lo tenemos que hacer entre todas\u201d.<\/p>\n<p><strong>\u201cNosotras decimos que la lucha de las trabajadoras de hogar es la lucha de todos los colectivos para que tengamos una vida digna y para que todas las vidas valgan lo mismo&#8221;: Territorio Dom\u00e9stico<\/strong><\/p>\n<p>Durante todo el acto la m\u00fasica y la poes\u00eda tuvieron un lugar importante con la participaci\u00f3n de los grupos Puerto Vaiv\u00e9n y Calle 7 y el colectivo Acci\u00f3n Po\u00e9tica Revolucionaria. Pasadas las 20 horas se dio fin al acto para despu\u00e9s ir a encontrase con las persona concentradas en la plaza de Arturo Barea, tambi\u00e9n en Lavapi\u00e9s.<\/p>\n<p>All\u00ed, Marijose extendi\u00f3 las siguientes palabras a manera de despedida: \u201cDe parte del Escuadr\u00f3n 421 estamos agradecidos, agradecidas, agradecidoas por habernos recibido. Nos da mucha alegr\u00eda, mucha emoci\u00f3n de verlos juntos, de luchar, de crecer en un mundo nuevo, en un mundo m\u00e1s justo en donde trabajemos juntos en colectivo para que as\u00ed\u00a0salgamos\u00a0adelante y no nos dejemos vencer por un sistema capitalista que d\u00eda a d\u00eda nos quiere acabar. Nos vamos pero volveremos, ya sea nosotras o otra delegaci\u00f3n que vendr\u00e1\u00a0 para compartir los trabajos. Nos vamos muy contentas de ver esa unidad que est\u00e1 aqu\u00ed. Porque el pueblo unido jam\u00e1s ser\u00e1 vencido, \u00a1Nunca m\u00e1s un mundo sin nosotros, nosotras y sin nosotroas! \u00a1Viva el pueblo!\u201d, finaliz\u00f3 Marijose.<\/p>\n<p>Las decenas de personas de colectivos sociales madrile\u00f1os que asistieron a los eventos de bienvenida en Madrid reconocen sentirse movilizados por la visita de la delegaci\u00f3n mar\u00edtima zapatista y aseguran, seguir\u00e1n promoviendo actividades a la espera de que lleguen el resto de grupos de las comunidades zapatistas a lo largo de los meses de julio, agosto y septiembre. Se espera que el acto grande en Madrid se realice el 13 de agosto, \u201c500 a\u00f1os despu\u00e9s de la supuesta conquista de lo que hoy es M\u00e9xico\u201d, como indicaron en el\u00a0\u00a0<a href=\"http:\/\/enlacezapatista.ezln.org.mx\/2020\/10\/05\/sexta-parte-una-montana-en-alta-mar\/\" target=\"_blank\" rel=\"noopener\">comunicado<\/a>\u00a0donde anunciaron su &#8216;Traves\u00eda por la vida&#8217; y se sabe, sigue en pie.<\/p>\n<figure id=\"attachment_60412\" aria-describedby=\"caption-attachment-60412\" style=\"width: 800px\" class=\"wp-caption alignnone\"><img loading=\"lazy\" decoding=\"async\" data-attachment-id=\"60412\" data-permalink=\"https:\/\/www.grieta.org.mx\/index.php\/2021\/07\/04\/travesia-por-la-vida-emotiva-bienvenida-madrilena-a-la-delegacion-maritima-zapatista\/bienvenida-en-madrid-al-escuadron-421-del-ezln-02\/\" data-orig-file=\"https:\/\/www.grieta.org.mx\/wp-content\/uploads\/2021\/07\/Bienvenida-en-Madrid-al-Escuadro\u0301n-421-del-EZLN-02.jpg\" data-orig-size=\"1000,667\" data-comments-opened=\"0\" data-image-meta=\"{&quot;aperture&quot;:&quot;0&quot;,&quot;credit&quot;:&quot;&quot;,&quot;camera&quot;:&quot;&quot;,&quot;caption&quot;:&quot;&quot;,&quot;created_timestamp&quot;:&quot;0&quot;,&quot;copyright&quot;:&quot;&quot;,&quot;focal_length&quot;:&quot;0&quot;,&quot;iso&quot;:&quot;0&quot;,&quot;shutter_speed&quot;:&quot;0&quot;,&quot;title&quot;:&quot;&quot;,&quot;orientation&quot;:&quot;0&quot;}\" data-image-title=\"Bienvenida en Madrid al Escuadro\u0301n 421 del EZLN\" data-image-description=\"\" data-image-caption=\"&lt;p&gt;De izquierda a derecha los, las y loas integrantes del Escuadr\u00f3n 241, Felipe, Bernal, Marijose, Yuli, Ximena, Carolina y Lupita, saludan a las personas congregadas en el Teatro del Barrio con motivo de su paso por Madrid. ELVIRA MEG\u00cdAS&lt;\/p&gt;\n&lt;p&gt;Bienvenida en Madrid al escuadr\u00f3n 421 del EZLN &amp;#8211; 5&lt;br \/&gt;\nNi\u00f1os y ni\u00f1as le dan la bienvenida a la comitiva zapatista y les regalan unos dibujos realizados por ellos mismos. ELVIRA MEG\u00cdAS&lt;\/p&gt;\n&lt;p&gt;Bienvenida en Madrid al escuadr\u00f3n 421 del EZLN &amp;#8211; 3&lt;br \/&gt;\nYuli, Ximena y Carolina, ind\u00edgenas de origen tojolabal, tzotzil, y tzeltal, principales grupos ind\u00edgenas del sur de Chiapas, se reconocen y presentan como 100% zapatistas. ELVIRA MEG\u00cdAS&lt;\/p&gt;\n&lt;p&gt;Bienvenida en Madrid al escuadr\u00f3n 421 del EZLN &amp;#8211; 2&lt;br \/&gt;\nMariajose, es la otroa integrante de la comitiva, fue mandatada sus compa\u00f1eros zapatistas para que fuera la primera en pisar tierra, en Vigo, y nombrar como Slumil k\u00b4ajxemk\u00b4op o &amp;#8216;Tierra Insumisa&amp;#8217; al territorio que se conoce como Europa. ELVIRA MEG\u00cdAS&lt;\/p&gt;\n&lt;p&gt;Bienvenida en Madrid al escuadr\u00f3n 421 del EZLN &amp;#8211; 7&lt;br \/&gt;\nActivistas de la Plataforma Encuentros Bolleros y del Movimiento Marica de Madrid le obsequian a Marijose, la otroa zapatista, una bandera del Orgullo LGTBIQ+. ELVIRA MEG\u00cdAS&lt;\/p&gt;\n&lt;p&gt;Bienvenida en Madrid al escuadr\u00f3n 421 del EZLN &amp;#8211; 8&lt;br \/&gt;\nRafaela Pimentel, empleada del hogar e integrante de Territorio Dom\u00e9stico, dirige una palabras a la delegaci\u00f3n zapatista. ELVIRA MEG\u00cdAS&lt;\/p&gt;\n&lt;p&gt;Bienvenida en Madrid al escuadr\u00f3n 421 del EZLN &amp;#8211; 6&lt;br \/&gt;\nAtentas en todo momento las zapatistas para guardar recuerdos del acto de bienvenida en el teatro ELVIRA MEG\u00cdAS&lt;\/p&gt;\n&lt;p&gt;Bienvenida en Madrid al escuadr\u00f3n 421 del EZLN &amp;#8211; 9&lt;br \/&gt;\nELVIRA MEG\u00cdAS&lt;\/p&gt;\n&lt;p&gt;Bienvenida en Madrid al escuadr\u00f3n 421 del EZLN &amp;#8211; 10&lt;br \/&gt;\nLa delegaci\u00f3n mira hacia las plaza Arturo Barea de Lavapi\u00e9s, donde se concentraron decenas de personas para despedirles. ELVIRA MEG\u00cdAS&lt;\/p&gt;\n&lt;p&gt;Bienvenida en Madrid al escuadr\u00f3n 421 del EZLN &amp;#8211; 12&lt;br \/&gt;\nPu\u00f1o izquierdo en alto, tambi\u00e9n es s\u00edmbolo de la lucha zapatista. ELVIRA MEG\u00cdAS&lt;br \/&gt;\nArchivado en: M\u00e9xico \u2027 Europa \u2027 El Salto Radio \u2027 Ej\u00e9rcito Zapatista de Liberaci\u00f3n Nacional (EZLN) \u2027 Gira zapatista&lt;\/p&gt;\n\" data-medium-file=\"https:\/\/www.grieta.org.mx\/wp-content\/uploads\/2021\/07\/Bienvenida-en-Madrid-al-Escuadro\u0301n-421-del-EZLN-02-300x200.jpg\" data-large-file=\"https:\/\/www.grieta.org.mx\/wp-content\/uploads\/2021\/07\/Bienvenida-en-Madrid-al-Escuadro\u0301n-421-del-EZLN-02.jpg\" class=\"wp-image-60412\" src=\"http:\/\/www.grieta.org.mx\/wp-content\/uploads\/2021\/07\/Bienvenida-en-Madrid-al-Escuadro\u0301n-421-del-EZLN-02.jpg\" alt=\"\" width=\"800\" height=\"534\" srcset=\"https:\/\/www.grieta.org.mx\/wp-content\/uploads\/2021\/07\/Bienvenida-en-Madrid-al-Escuadro\u0301n-421-del-EZLN-02.jpg 1000w, https:\/\/www.grieta.org.mx\/wp-content\/uploads\/2021\/07\/Bienvenida-en-Madrid-al-Escuadro\u0301n-421-del-EZLN-02-300x200.jpg 300w, https:\/\/www.grieta.org.mx\/wp-content\/uploads\/2021\/07\/Bienvenida-en-Madrid-al-Escuadro\u0301n-421-del-EZLN-02-768x512.jpg 768w\" sizes=\"auto, (max-width: 800px) 100vw, 800px\" \/><figcaption id=\"caption-attachment-60412\" class=\"wp-caption-text\">De izquierda a derecha los, las y loas integrantes del Escuadr\u00f3n 241, Felipe, Bernal, Marijose, Yuli, Ximena, Carolina y Lupita, saludan a las personas congregadas en el Teatro del Barrio con motivo de su paso por Madrid. ELVIRA MEG\u00cdAS<\/figcaption><\/figure>\n<figure id=\"attachment_60610\" aria-describedby=\"caption-attachment-60610\" style=\"width: 800px\" class=\"wp-caption alignnone\"><img loading=\"lazy\" decoding=\"async\" data-attachment-id=\"60610\" data-permalink=\"https:\/\/www.grieta.org.mx\/index.php\/2021\/07\/04\/travesia-por-la-vida-emotiva-bienvenida-madrilena-a-la-delegacion-maritima-zapatista\/bienvenida-en-madrid-al-escuadron-421-del-ezln-11\/\" data-orig-file=\"https:\/\/www.grieta.org.mx\/wp-content\/uploads\/2021\/07\/Bienvenida-en-Madrid-al-Escuadro\u0301n-421-del-EZLN-11.jpg\" data-orig-size=\"1000,667\" data-comments-opened=\"0\" data-image-meta=\"{&quot;aperture&quot;:&quot;0&quot;,&quot;credit&quot;:&quot;&quot;,&quot;camera&quot;:&quot;&quot;,&quot;caption&quot;:&quot;&quot;,&quot;created_timestamp&quot;:&quot;0&quot;,&quot;copyright&quot;:&quot;&quot;,&quot;focal_length&quot;:&quot;0&quot;,&quot;iso&quot;:&quot;0&quot;,&quot;shutter_speed&quot;:&quot;0&quot;,&quot;title&quot;:&quot;&quot;,&quot;orientation&quot;:&quot;0&quot;}\" data-image-title=\"Bienvenida en Madrid al Escuadro\u0301n 421 del EZLN 11\" data-image-description=\"\" data-image-caption=\"&lt;p&gt;Ni\u00f1os y ni\u00f1as le dan la bienvenida a la comitiva zapatista y les regalan unos dibujos realizados por ellos mismos. ELVIRA MEG\u00cdAS&lt;\/p&gt;\n&lt;p&gt;Bienvenida en Madrid al escuadr\u00f3n 421 del EZLN &amp;#8211; 3&lt;br \/&gt;\nYuli, Ximena y Carolina, ind\u00edgenas de origen tojolabal, tzotzil, y tzeltal, principales grupos ind\u00edgenas del sur de Chiapas, se reconocen y presentan como 100% zapatistas. ELVIRA MEG\u00cdAS&lt;\/p&gt;\n&lt;p&gt;Bienvenida en Madrid al escuadr\u00f3n 421 del EZLN &amp;#8211; 2&lt;br \/&gt;\nMariajose, es la otroa integrante de la comitiva, fue mandatada sus compa\u00f1eros zapatistas para que fuera la primera en pisar tierra, en Vigo, y nombrar como Slumil k\u00b4ajxemk\u00b4op o &amp;#8216;Tierra Insumisa&amp;#8217; al territorio que se conoce como Europa. ELVIRA MEG\u00cdAS&lt;\/p&gt;\n&lt;p&gt;Bienvenida en Madrid al escuadr\u00f3n 421 del EZLN &amp;#8211; 7&lt;br \/&gt;\nActivistas de la Plataforma Encuentros Bolleros y del Movimiento Marica de Madrid le obsequian a Marijose, la otroa zapatista, una bandera del Orgullo LGTBIQ+. ELVIRA MEG\u00cdAS&lt;\/p&gt;\n&lt;p&gt;Bienvenida en Madrid al escuadr\u00f3n 421 del EZLN &amp;#8211; 8&lt;br \/&gt;\nRafaela Pimentel, empleada del hogar e integrante de Territorio Dom\u00e9stico, dirige una palabras a la delegaci\u00f3n zapatista. ELVIRA MEG\u00cdAS&lt;\/p&gt;\n&lt;p&gt;Bienvenida en Madrid al escuadr\u00f3n 421 del EZLN &amp;#8211; 6&lt;br \/&gt;\nAtentas en todo momento las zapatistas para guardar recuerdos del acto de bienvenida en el teatro ELVIRA MEG\u00cdAS&lt;\/p&gt;\n&lt;p&gt;Bienvenida en Madrid al escuadr\u00f3n 421 del EZLN &amp;#8211; 9&lt;br \/&gt;\nELVIRA MEG\u00cdAS&lt;\/p&gt;\n&lt;p&gt;Bienvenida en Madrid al escuadr\u00f3n 421 del EZLN &amp;#8211; 10&lt;br \/&gt;\nLa delegaci\u00f3n mira hacia las plaza Arturo Barea de Lavapi\u00e9s, donde se concentraron decenas de personas para despedirles. ELVIRA MEG\u00cdAS&lt;\/p&gt;\n&lt;p&gt;Bienvenida en Madrid al escuadr\u00f3n 421 del EZLN &amp;#8211; 12&lt;br \/&gt;\nPu\u00f1o izquierdo en alto, tambi\u00e9n es s\u00edmbolo de la lucha zapatista. ELVIRA MEG\u00cdAS&lt;br \/&gt;\nArchivado en: M\u00e9xico \u2027 Europa \u2027 El Salto Radio \u2027 Ej\u00e9rcito Zapatista de Liberaci\u00f3n Nacional (EZLN) \u2027 Gira zapatista&lt;\/p&gt;\n&lt;p&gt;Ama El Salto.&lt;br \/&gt;\nOdia el fascismo.&lt;br \/&gt;\nSomos un medio que aspira a normalizar llamar nazi a un nazi sin ser tildados como la punki de la clase.&lt;\/p&gt;\n&lt;p&gt;Queremos mucho, y aunque nuestra cabeza sea dura, la pared es gruesa. Suscr\u00edbete a El Salto y seguiremos contando derrotas con esperanza de que alg\u00fan d\u00eda se conviertan en victorias.&lt;\/p&gt;\n&lt;p&gt;En este abril antifascista, para animarte a dar El Salto, lanzamos esta oferta: suscr\u00edbete y ll\u00e9vate de regalo una totebag de alta calidad con ilustraci\u00f3n de Celsius Pictor. M\u00e1s de 500 personas os hab\u00e9is suscrito en los \u00faltimos dos meses pero a\u00fan no hemos llegado a los 10.000 socios que necesitamos. Respalda un medio antifascista.&lt;\/p&gt;\n\" data-medium-file=\"https:\/\/www.grieta.org.mx\/wp-content\/uploads\/2021\/07\/Bienvenida-en-Madrid-al-Escuadro\u0301n-421-del-EZLN-11-300x200.jpg\" data-large-file=\"https:\/\/www.grieta.org.mx\/wp-content\/uploads\/2021\/07\/Bienvenida-en-Madrid-al-Escuadro\u0301n-421-del-EZLN-11.jpg\" class=\"wp-image-60610\" src=\"http:\/\/www.grieta.org.mx\/wp-content\/uploads\/2021\/07\/Bienvenida-en-Madrid-al-Escuadro\u0301n-421-del-EZLN-11-300x200.jpg\" alt=\"\" width=\"800\" height=\"534\" srcset=\"https:\/\/www.grieta.org.mx\/wp-content\/uploads\/2021\/07\/Bienvenida-en-Madrid-al-Escuadro\u0301n-421-del-EZLN-11-300x200.jpg 300w, https:\/\/www.grieta.org.mx\/wp-content\/uploads\/2021\/07\/Bienvenida-en-Madrid-al-Escuadro\u0301n-421-del-EZLN-11-768x512.jpg 768w, https:\/\/www.grieta.org.mx\/wp-content\/uploads\/2021\/07\/Bienvenida-en-Madrid-al-Escuadro\u0301n-421-del-EZLN-11.jpg 1000w\" sizes=\"auto, (max-width: 800px) 100vw, 800px\" \/><figcaption id=\"caption-attachment-60610\" class=\"wp-caption-text\">Ni\u00f1os y ni\u00f1as le dan la bienvenida a la comitiva zapatista y les regalan unos dibujos realizados por ellos mismos. ELVIRA MEG\u00cdAS<\/figcaption><\/figure>\n<figure id=\"attachment_60611\" aria-describedby=\"caption-attachment-60611\" style=\"width: 800px\" class=\"wp-caption alignnone\"><img loading=\"lazy\" decoding=\"async\" data-attachment-id=\"60611\" data-permalink=\"https:\/\/www.grieta.org.mx\/index.php\/2021\/07\/04\/travesia-por-la-vida-emotiva-bienvenida-madrilena-a-la-delegacion-maritima-zapatista\/bienvenida-en-madrid-al-escuadron-421-del-ezln-06\/\" data-orig-file=\"https:\/\/www.grieta.org.mx\/wp-content\/uploads\/2021\/07\/Bienvenida-en-Madrid-al-Escuadro\u0301n-421-del-EZLN-06.jpg\" data-orig-size=\"1000,683\" data-comments-opened=\"0\" data-image-meta=\"{&quot;aperture&quot;:&quot;0&quot;,&quot;credit&quot;:&quot;&quot;,&quot;camera&quot;:&quot;&quot;,&quot;caption&quot;:&quot;&quot;,&quot;created_timestamp&quot;:&quot;0&quot;,&quot;copyright&quot;:&quot;&quot;,&quot;focal_length&quot;:&quot;0&quot;,&quot;iso&quot;:&quot;0&quot;,&quot;shutter_speed&quot;:&quot;0&quot;,&quot;title&quot;:&quot;&quot;,&quot;orientation&quot;:&quot;0&quot;}\" data-image-title=\"Bienvenida en Madrid al Escuadro\u0301n 421 del EZLN 06\" data-image-description=\"\" data-image-caption=\"&lt;p&gt;Yuli, Ximena y Carolina, ind\u00edgenas de origen tojolabal, tzotzil, y tzeltal, principales grupos ind\u00edgenas del sur de Chiapas, se reconocen y presentan como 100% zapatistas. ELVIRA MEG\u00cdAS&lt;\/p&gt;\n\" data-medium-file=\"https:\/\/www.grieta.org.mx\/wp-content\/uploads\/2021\/07\/Bienvenida-en-Madrid-al-Escuadro\u0301n-421-del-EZLN-06-300x205.jpg\" data-large-file=\"https:\/\/www.grieta.org.mx\/wp-content\/uploads\/2021\/07\/Bienvenida-en-Madrid-al-Escuadro\u0301n-421-del-EZLN-06.jpg\" class=\"wp-image-60611\" src=\"http:\/\/www.grieta.org.mx\/wp-content\/uploads\/2021\/07\/Bienvenida-en-Madrid-al-Escuadro\u0301n-421-del-EZLN-06-300x205.jpg\" alt=\"\" width=\"800\" height=\"546\" srcset=\"https:\/\/www.grieta.org.mx\/wp-content\/uploads\/2021\/07\/Bienvenida-en-Madrid-al-Escuadro\u0301n-421-del-EZLN-06-300x205.jpg 300w, https:\/\/www.grieta.org.mx\/wp-content\/uploads\/2021\/07\/Bienvenida-en-Madrid-al-Escuadro\u0301n-421-del-EZLN-06-768x525.jpg 768w, https:\/\/www.grieta.org.mx\/wp-content\/uploads\/2021\/07\/Bienvenida-en-Madrid-al-Escuadro\u0301n-421-del-EZLN-06.jpg 1000w\" sizes=\"auto, (max-width: 800px) 100vw, 800px\" \/><figcaption id=\"caption-attachment-60611\" class=\"wp-caption-text\">Yuli, Ximena y Carolina, ind\u00edgenas de origen tojolabal, tzotzil, y tzeltal, principales grupos ind\u00edgenas del sur de Chiapas, se reconocen y presentan como 100% zapatistas. ELVIRA MEG\u00cdAS<\/figcaption><\/figure>\n<figure id=\"attachment_60612\" aria-describedby=\"caption-attachment-60612\" style=\"width: 800px\" class=\"wp-caption alignnone\"><img loading=\"lazy\" decoding=\"async\" data-attachment-id=\"60612\" data-permalink=\"https:\/\/www.grieta.org.mx\/index.php\/2021\/07\/04\/travesia-por-la-vida-emotiva-bienvenida-madrilena-a-la-delegacion-maritima-zapatista\/bienvenida-en-madrid-al-escuadron-421-del-ezln-03\/\" data-orig-file=\"https:\/\/www.grieta.org.mx\/wp-content\/uploads\/2021\/07\/Bienvenida-en-Madrid-al-Escuadro\u0301n-421-del-EZLN-03.jpg\" data-orig-size=\"1000,667\" data-comments-opened=\"0\" data-image-meta=\"{&quot;aperture&quot;:&quot;0&quot;,&quot;credit&quot;:&quot;&quot;,&quot;camera&quot;:&quot;&quot;,&quot;caption&quot;:&quot;&quot;,&quot;created_timestamp&quot;:&quot;0&quot;,&quot;copyright&quot;:&quot;&quot;,&quot;focal_length&quot;:&quot;0&quot;,&quot;iso&quot;:&quot;0&quot;,&quot;shutter_speed&quot;:&quot;0&quot;,&quot;title&quot;:&quot;&quot;,&quot;orientation&quot;:&quot;0&quot;}\" data-image-title=\"Bienvenida en Madrid al Escuadro\u0301n 421 del EZLN 03\" data-image-description=\"\" data-image-caption=\"&lt;p&gt;Mariajose, es la otroa integrante de la comitiva, fue mandatada sus compa\u00f1eros zapatistas para que fuera la primera en pisar tierra, en Vigo, y nombrar como Slumil k\u00b4ajxemk\u00b4op o &amp;#8216;Tierra Insumisa&amp;#8217; al territorio que se conoce como Europa. ELVIRA MEG\u00cdAS&lt;\/p&gt;\n\" data-medium-file=\"https:\/\/www.grieta.org.mx\/wp-content\/uploads\/2021\/07\/Bienvenida-en-Madrid-al-Escuadro\u0301n-421-del-EZLN-03-300x200.jpg\" data-large-file=\"https:\/\/www.grieta.org.mx\/wp-content\/uploads\/2021\/07\/Bienvenida-en-Madrid-al-Escuadro\u0301n-421-del-EZLN-03.jpg\" class=\"wp-image-60612\" src=\"http:\/\/www.grieta.org.mx\/wp-content\/uploads\/2021\/07\/Bienvenida-en-Madrid-al-Escuadro\u0301n-421-del-EZLN-03-300x200.jpg\" alt=\"\" width=\"800\" height=\"534\" srcset=\"https:\/\/www.grieta.org.mx\/wp-content\/uploads\/2021\/07\/Bienvenida-en-Madrid-al-Escuadro\u0301n-421-del-EZLN-03-300x200.jpg 300w, https:\/\/www.grieta.org.mx\/wp-content\/uploads\/2021\/07\/Bienvenida-en-Madrid-al-Escuadro\u0301n-421-del-EZLN-03-768x512.jpg 768w, https:\/\/www.grieta.org.mx\/wp-content\/uploads\/2021\/07\/Bienvenida-en-Madrid-al-Escuadro\u0301n-421-del-EZLN-03.jpg 1000w\" sizes=\"auto, (max-width: 800px) 100vw, 800px\" \/><figcaption id=\"caption-attachment-60612\" class=\"wp-caption-text\">Mariajose, es la otroa integrante de la comitiva, fue mandatada sus compa\u00f1eros zapatistas para que fuera la primera en pisar tierra, en Vigo, y nombrar como Slumil k\u00b4ajxemk\u00b4op o &#8216;Tierra Insumisa&#8217; al territorio que se conoce como Europa. ELVIRA MEG\u00cdAS<\/figcaption><\/figure>\n<figure id=\"attachment_60613\" aria-describedby=\"caption-attachment-60613\" style=\"width: 800px\" class=\"wp-caption alignnone\"><img loading=\"lazy\" decoding=\"async\" data-attachment-id=\"60613\" data-permalink=\"https:\/\/www.grieta.org.mx\/index.php\/2021\/07\/04\/travesia-por-la-vida-emotiva-bienvenida-madrilena-a-la-delegacion-maritima-zapatista\/bienvenida-en-madrid-al-escuadron-421-del-ezln-20\/\" data-orig-file=\"https:\/\/www.grieta.org.mx\/wp-content\/uploads\/2021\/07\/Bienvenida-en-Madrid-al-Escuadro\u0301n-421-del-EZLN-20.jpg\" data-orig-size=\"1000,702\" data-comments-opened=\"0\" data-image-meta=\"{&quot;aperture&quot;:&quot;0&quot;,&quot;credit&quot;:&quot;&quot;,&quot;camera&quot;:&quot;&quot;,&quot;caption&quot;:&quot;&quot;,&quot;created_timestamp&quot;:&quot;0&quot;,&quot;copyright&quot;:&quot;&quot;,&quot;focal_length&quot;:&quot;0&quot;,&quot;iso&quot;:&quot;0&quot;,&quot;shutter_speed&quot;:&quot;0&quot;,&quot;title&quot;:&quot;&quot;,&quot;orientation&quot;:&quot;0&quot;}\" data-image-title=\"Bienvenida en Madrid al Escuadro\u0301n 421 del EZLN 20\" data-image-description=\"\" data-image-caption=\"&lt;p&gt;Activistas de la Plataforma Encuentros Bolleros y del Movimiento Marica de Madrid le obsequian a Marijose, la otroa zapatista, una bandera del Orgullo LGTBIQ+. ELVIRA MEG\u00cdAS&lt;\/p&gt;\n\" data-medium-file=\"https:\/\/www.grieta.org.mx\/wp-content\/uploads\/2021\/07\/Bienvenida-en-Madrid-al-Escuadro\u0301n-421-del-EZLN-20-300x211.jpg\" data-large-file=\"https:\/\/www.grieta.org.mx\/wp-content\/uploads\/2021\/07\/Bienvenida-en-Madrid-al-Escuadro\u0301n-421-del-EZLN-20.jpg\" class=\"wp-image-60613\" src=\"http:\/\/www.grieta.org.mx\/wp-content\/uploads\/2021\/07\/Bienvenida-en-Madrid-al-Escuadro\u0301n-421-del-EZLN-20-300x211.jpg\" alt=\"\" width=\"800\" height=\"562\" srcset=\"https:\/\/www.grieta.org.mx\/wp-content\/uploads\/2021\/07\/Bienvenida-en-Madrid-al-Escuadro\u0301n-421-del-EZLN-20-300x211.jpg 300w, https:\/\/www.grieta.org.mx\/wp-content\/uploads\/2021\/07\/Bienvenida-en-Madrid-al-Escuadro\u0301n-421-del-EZLN-20-768x539.jpg 768w, https:\/\/www.grieta.org.mx\/wp-content\/uploads\/2021\/07\/Bienvenida-en-Madrid-al-Escuadro\u0301n-421-del-EZLN-20.jpg 1000w\" sizes=\"auto, (max-width: 800px) 100vw, 800px\" \/><figcaption id=\"caption-attachment-60613\" class=\"wp-caption-text\">Activistas de la Plataforma Encuentros Bolleros y del Movimiento Marica de Madrid le obsequian a Marijose, la otroa zapatista, una bandera del Orgullo LGTBIQ+. ELVIRA MEG\u00cdAS<\/figcaption><\/figure>\n<figure id=\"attachment_60614\" aria-describedby=\"caption-attachment-60614\" style=\"width: 800px\" class=\"wp-caption alignnone\"><img loading=\"lazy\" decoding=\"async\" data-attachment-id=\"60614\" data-permalink=\"https:\/\/www.grieta.org.mx\/index.php\/2021\/07\/04\/travesia-por-la-vida-emotiva-bienvenida-madrilena-a-la-delegacion-maritima-zapatista\/bienvenida-en-madrid-al-escuadron-421-del-ezln-22\/\" data-orig-file=\"https:\/\/www.grieta.org.mx\/wp-content\/uploads\/2021\/07\/Bienvenida-en-Madrid-al-Escuadro\u0301n-421-del-EZLN-22.jpg\" data-orig-size=\"1000,667\" data-comments-opened=\"0\" data-image-meta=\"{&quot;aperture&quot;:&quot;0&quot;,&quot;credit&quot;:&quot;&quot;,&quot;camera&quot;:&quot;&quot;,&quot;caption&quot;:&quot;&quot;,&quot;created_timestamp&quot;:&quot;0&quot;,&quot;copyright&quot;:&quot;&quot;,&quot;focal_length&quot;:&quot;0&quot;,&quot;iso&quot;:&quot;0&quot;,&quot;shutter_speed&quot;:&quot;0&quot;,&quot;title&quot;:&quot;&quot;,&quot;orientation&quot;:&quot;0&quot;}\" data-image-title=\"Bienvenida en Madrid al Escuadro\u0301n 421 del EZLN 22\" data-image-description=\"\" data-image-caption=\"&lt;p&gt;Rafaela Pimentel, empleada del hogar e integrante de Territorio Dom\u00e9stico, dirige una palabras a la delegaci\u00f3n zapatista. ELVIRA MEG\u00cdAS&lt;\/p&gt;\n\" data-medium-file=\"https:\/\/www.grieta.org.mx\/wp-content\/uploads\/2021\/07\/Bienvenida-en-Madrid-al-Escuadro\u0301n-421-del-EZLN-22-300x200.jpg\" data-large-file=\"https:\/\/www.grieta.org.mx\/wp-content\/uploads\/2021\/07\/Bienvenida-en-Madrid-al-Escuadro\u0301n-421-del-EZLN-22.jpg\" class=\"wp-image-60614\" src=\"http:\/\/www.grieta.org.mx\/wp-content\/uploads\/2021\/07\/Bienvenida-en-Madrid-al-Escuadro\u0301n-421-del-EZLN-22-300x200.jpg\" alt=\"\" width=\"800\" height=\"534\" srcset=\"https:\/\/www.grieta.org.mx\/wp-content\/uploads\/2021\/07\/Bienvenida-en-Madrid-al-Escuadro\u0301n-421-del-EZLN-22-300x200.jpg 300w, https:\/\/www.grieta.org.mx\/wp-content\/uploads\/2021\/07\/Bienvenida-en-Madrid-al-Escuadro\u0301n-421-del-EZLN-22-768x512.jpg 768w, https:\/\/www.grieta.org.mx\/wp-content\/uploads\/2021\/07\/Bienvenida-en-Madrid-al-Escuadro\u0301n-421-del-EZLN-22.jpg 1000w\" sizes=\"auto, (max-width: 800px) 100vw, 800px\" \/><figcaption id=\"caption-attachment-60614\" class=\"wp-caption-text\">Rafaela Pimentel, empleada del hogar e integrante de Territorio Dom\u00e9stico, dirige una palabras a la delegaci\u00f3n zapatista. ELVIRA MEG\u00cdAS<\/figcaption><\/figure>\n<figure id=\"attachment_60615\" aria-describedby=\"caption-attachment-60615\" style=\"width: 800px\" class=\"wp-caption alignnone\"><img loading=\"lazy\" decoding=\"async\" data-attachment-id=\"60615\" data-permalink=\"https:\/\/www.grieta.org.mx\/index.php\/2021\/07\/04\/travesia-por-la-vida-emotiva-bienvenida-madrilena-a-la-delegacion-maritima-zapatista\/bienvenida-en-madrid-al-escuadron-421-del-ezln-12\/\" data-orig-file=\"https:\/\/www.grieta.org.mx\/wp-content\/uploads\/2021\/07\/Bienvenida-en-Madrid-al-Escuadro\u0301n-421-del-EZLN-12.jpg\" data-orig-size=\"1000,667\" data-comments-opened=\"0\" data-image-meta=\"{&quot;aperture&quot;:&quot;0&quot;,&quot;credit&quot;:&quot;&quot;,&quot;camera&quot;:&quot;&quot;,&quot;caption&quot;:&quot;&quot;,&quot;created_timestamp&quot;:&quot;0&quot;,&quot;copyright&quot;:&quot;&quot;,&quot;focal_length&quot;:&quot;0&quot;,&quot;iso&quot;:&quot;0&quot;,&quot;shutter_speed&quot;:&quot;0&quot;,&quot;title&quot;:&quot;&quot;,&quot;orientation&quot;:&quot;0&quot;}\" data-image-title=\"Bienvenida en Madrid al Escuadro\u0301n 421 del EZLN 12\" data-image-description=\"\" data-image-caption=\"&lt;p&gt;Atentas en todo momento las zapatistas para guardar recuerdos del acto de bienvenida en el teatro ELVIRA MEG\u00cdAS&lt;\/p&gt;\n\" data-medium-file=\"https:\/\/www.grieta.org.mx\/wp-content\/uploads\/2021\/07\/Bienvenida-en-Madrid-al-Escuadro\u0301n-421-del-EZLN-12-300x200.jpg\" data-large-file=\"https:\/\/www.grieta.org.mx\/wp-content\/uploads\/2021\/07\/Bienvenida-en-Madrid-al-Escuadro\u0301n-421-del-EZLN-12.jpg\" class=\"wp-image-60615\" src=\"http:\/\/www.grieta.org.mx\/wp-content\/uploads\/2021\/07\/Bienvenida-en-Madrid-al-Escuadro\u0301n-421-del-EZLN-12-300x200.jpg\" alt=\"\" width=\"800\" height=\"534\" srcset=\"https:\/\/www.grieta.org.mx\/wp-content\/uploads\/2021\/07\/Bienvenida-en-Madrid-al-Escuadro\u0301n-421-del-EZLN-12-300x200.jpg 300w, https:\/\/www.grieta.org.mx\/wp-content\/uploads\/2021\/07\/Bienvenida-en-Madrid-al-Escuadro\u0301n-421-del-EZLN-12-768x512.jpg 768w, https:\/\/www.grieta.org.mx\/wp-content\/uploads\/2021\/07\/Bienvenida-en-Madrid-al-Escuadro\u0301n-421-del-EZLN-12.jpg 1000w\" sizes=\"auto, (max-width: 800px) 100vw, 800px\" \/><figcaption id=\"caption-attachment-60615\" class=\"wp-caption-text\">Atentas en todo momento las zapatistas para guardar recuerdos del acto de bienvenida en el teatro ELVIRA MEG\u00cdAS<\/figcaption><\/figure>\n<figure id=\"attachment_60616\" aria-describedby=\"caption-attachment-60616\" style=\"width: 800px\" class=\"wp-caption alignnone\"><img loading=\"lazy\" decoding=\"async\" data-attachment-id=\"60616\" data-permalink=\"https:\/\/www.grieta.org.mx\/index.php\/2021\/07\/04\/travesia-por-la-vida-emotiva-bienvenida-madrilena-a-la-delegacion-maritima-zapatista\/bienvenida-en-madrid-al-escuadron-421-del-ezln-24\/\" data-orig-file=\"https:\/\/www.grieta.org.mx\/wp-content\/uploads\/2021\/07\/Bienvenida-en-Madrid-al-Escuadro\u0301n-421-del-EZLN-24.jpg\" data-orig-size=\"1000,667\" data-comments-opened=\"0\" data-image-meta=\"{&quot;aperture&quot;:&quot;0&quot;,&quot;credit&quot;:&quot;&quot;,&quot;camera&quot;:&quot;&quot;,&quot;caption&quot;:&quot;&quot;,&quot;created_timestamp&quot;:&quot;0&quot;,&quot;copyright&quot;:&quot;&quot;,&quot;focal_length&quot;:&quot;0&quot;,&quot;iso&quot;:&quot;0&quot;,&quot;shutter_speed&quot;:&quot;0&quot;,&quot;title&quot;:&quot;&quot;,&quot;orientation&quot;:&quot;0&quot;}\" data-image-title=\"Bienvenida en Madrid al Escuadro\u0301n 421 del EZLN 24\" data-image-description=\"\" data-image-caption=\"&lt;p&gt;ELVIRA MEG\u00cdAS&lt;\/p&gt;\n\" data-medium-file=\"https:\/\/www.grieta.org.mx\/wp-content\/uploads\/2021\/07\/Bienvenida-en-Madrid-al-Escuadro\u0301n-421-del-EZLN-24-300x200.jpg\" data-large-file=\"https:\/\/www.grieta.org.mx\/wp-content\/uploads\/2021\/07\/Bienvenida-en-Madrid-al-Escuadro\u0301n-421-del-EZLN-24.jpg\" class=\"wp-image-60616\" src=\"http:\/\/www.grieta.org.mx\/wp-content\/uploads\/2021\/07\/Bienvenida-en-Madrid-al-Escuadro\u0301n-421-del-EZLN-24-300x200.jpg\" alt=\"\" width=\"800\" height=\"534\" srcset=\"https:\/\/www.grieta.org.mx\/wp-content\/uploads\/2021\/07\/Bienvenida-en-Madrid-al-Escuadro\u0301n-421-del-EZLN-24-300x200.jpg 300w, https:\/\/www.grieta.org.mx\/wp-content\/uploads\/2021\/07\/Bienvenida-en-Madrid-al-Escuadro\u0301n-421-del-EZLN-24-768x512.jpg 768w, https:\/\/www.grieta.org.mx\/wp-content\/uploads\/2021\/07\/Bienvenida-en-Madrid-al-Escuadro\u0301n-421-del-EZLN-24.jpg 1000w\" sizes=\"auto, (max-width: 800px) 100vw, 800px\" \/><figcaption id=\"caption-attachment-60616\" class=\"wp-caption-text\">ELVIRA MEG\u00cdAS<\/figcaption><\/figure>\n<figure id=\"attachment_60617\" aria-describedby=\"caption-attachment-60617\" style=\"width: 800px\" class=\"wp-caption alignnone\"><img loading=\"lazy\" decoding=\"async\" data-attachment-id=\"60617\" data-permalink=\"https:\/\/www.grieta.org.mx\/index.php\/2021\/07\/04\/travesia-por-la-vida-emotiva-bienvenida-madrilena-a-la-delegacion-maritima-zapatista\/bienvenida-en-madrid-al-escuadron-421-del-ezln-26\/\" data-orig-file=\"https:\/\/www.grieta.org.mx\/wp-content\/uploads\/2021\/07\/Bienvenida-en-Madrid-al-Escuadro\u0301n-421-del-EZLN-26.jpg\" data-orig-size=\"1000,670\" data-comments-opened=\"0\" data-image-meta=\"{&quot;aperture&quot;:&quot;0&quot;,&quot;credit&quot;:&quot;&quot;,&quot;camera&quot;:&quot;&quot;,&quot;caption&quot;:&quot;&quot;,&quot;created_timestamp&quot;:&quot;0&quot;,&quot;copyright&quot;:&quot;&quot;,&quot;focal_length&quot;:&quot;0&quot;,&quot;iso&quot;:&quot;0&quot;,&quot;shutter_speed&quot;:&quot;0&quot;,&quot;title&quot;:&quot;&quot;,&quot;orientation&quot;:&quot;0&quot;}\" data-image-title=\"Bienvenida en Madrid al Escuadro\u0301n 421 del EZLN 26\" data-image-description=\"\" data-image-caption=\"&lt;p&gt;La delegaci\u00f3n mira hacia las plaza Arturo Barea de Lavapi\u00e9s, donde se concentraron decenas de personas para despedirles. ELVIRA MEG\u00cdAS&lt;\/p&gt;\n\" data-medium-file=\"https:\/\/www.grieta.org.mx\/wp-content\/uploads\/2021\/07\/Bienvenida-en-Madrid-al-Escuadro\u0301n-421-del-EZLN-26-300x201.jpg\" data-large-file=\"https:\/\/www.grieta.org.mx\/wp-content\/uploads\/2021\/07\/Bienvenida-en-Madrid-al-Escuadro\u0301n-421-del-EZLN-26.jpg\" class=\"wp-image-60617\" src=\"http:\/\/www.grieta.org.mx\/wp-content\/uploads\/2021\/07\/Bienvenida-en-Madrid-al-Escuadro\u0301n-421-del-EZLN-26-300x201.jpg\" alt=\"\" width=\"800\" height=\"536\" srcset=\"https:\/\/www.grieta.org.mx\/wp-content\/uploads\/2021\/07\/Bienvenida-en-Madrid-al-Escuadro\u0301n-421-del-EZLN-26-300x201.jpg 300w, https:\/\/www.grieta.org.mx\/wp-content\/uploads\/2021\/07\/Bienvenida-en-Madrid-al-Escuadro\u0301n-421-del-EZLN-26-768x515.jpg 768w, https:\/\/www.grieta.org.mx\/wp-content\/uploads\/2021\/07\/Bienvenida-en-Madrid-al-Escuadro\u0301n-421-del-EZLN-26.jpg 1000w\" sizes=\"auto, (max-width: 800px) 100vw, 800px\" \/><figcaption id=\"caption-attachment-60617\" class=\"wp-caption-text\">La delegaci\u00f3n mira hacia las plaza Arturo Barea de Lavapi\u00e9s, donde se concentraron decenas de personas para despedirles. ELVIRA MEG\u00cdAS<\/figcaption><\/figure>\n<figure id=\"attachment_60618\" aria-describedby=\"caption-attachment-60618\" style=\"width: 800px\" class=\"wp-caption alignnone\"><img loading=\"lazy\" decoding=\"async\" data-attachment-id=\"60618\" data-permalink=\"https:\/\/www.grieta.org.mx\/index.php\/2021\/07\/04\/travesia-por-la-vida-emotiva-bienvenida-madrilena-a-la-delegacion-maritima-zapatista\/bienvenida-en-madrid-al-escuadron-421-del-ezln-30\/\" data-orig-file=\"https:\/\/www.grieta.org.mx\/wp-content\/uploads\/2021\/07\/Bienvenida-en-Madrid-al-Escuadro\u0301n-421-del-EZLN-30.jpg\" data-orig-size=\"1000,679\" data-comments-opened=\"0\" data-image-meta=\"{&quot;aperture&quot;:&quot;0&quot;,&quot;credit&quot;:&quot;&quot;,&quot;camera&quot;:&quot;&quot;,&quot;caption&quot;:&quot;&quot;,&quot;created_timestamp&quot;:&quot;0&quot;,&quot;copyright&quot;:&quot;&quot;,&quot;focal_length&quot;:&quot;0&quot;,&quot;iso&quot;:&quot;0&quot;,&quot;shutter_speed&quot;:&quot;0&quot;,&quot;title&quot;:&quot;&quot;,&quot;orientation&quot;:&quot;0&quot;}\" data-image-title=\"Bienvenida en Madrid al Escuadro\u0301n 421 del EZLN 30\" data-image-description=\"\" data-image-caption=\"&lt;p&gt;Pu\u00f1o izquierdo en alto, tambi\u00e9n es s\u00edmbolo de la lucha zapatista. ELVIRA MEG\u00cdAS&lt;\/p&gt;\n\" data-medium-file=\"https:\/\/www.grieta.org.mx\/wp-content\/uploads\/2021\/07\/Bienvenida-en-Madrid-al-Escuadro\u0301n-421-del-EZLN-30-300x204.jpg\" data-large-file=\"https:\/\/www.grieta.org.mx\/wp-content\/uploads\/2021\/07\/Bienvenida-en-Madrid-al-Escuadro\u0301n-421-del-EZLN-30.jpg\" class=\"wp-image-60618\" src=\"http:\/\/www.grieta.org.mx\/wp-content\/uploads\/2021\/07\/Bienvenida-en-Madrid-al-Escuadro\u0301n-421-del-EZLN-30-300x204.jpg\" alt=\"\" width=\"800\" height=\"543\" srcset=\"https:\/\/www.grieta.org.mx\/wp-content\/uploads\/2021\/07\/Bienvenida-en-Madrid-al-Escuadro\u0301n-421-del-EZLN-30-300x204.jpg 300w, https:\/\/www.grieta.org.mx\/wp-content\/uploads\/2021\/07\/Bienvenida-en-Madrid-al-Escuadro\u0301n-421-del-EZLN-30-768x521.jpg 768w, https:\/\/www.grieta.org.mx\/wp-content\/uploads\/2021\/07\/Bienvenida-en-Madrid-al-Escuadro\u0301n-421-del-EZLN-30.jpg 1000w\" sizes=\"auto, (max-width: 800px) 100vw, 800px\" \/><figcaption id=\"caption-attachment-60618\" class=\"wp-caption-text\">Pu\u00f1o izquierdo en alto, tambi\u00e9n es s\u00edmbolo de la lucha zapatista. ELVIRA MEG\u00cdAS<\/figcaption><\/figure>\n<p><a href=\"https:\/\/www.elsaltodiario.com\/gira-zapatista\/emotiva-bienvenida-madrilena-a-la-delegacion-maritima-zapatista-?utm_source=pocket_mylist\" target=\"_blank\" rel=\"noopener\">https:\/\/www.elsaltodiario.com\/gira-zapatista\/emotiva-bienvenida-madrilena-a-la-delegacion-maritima-zapatista-?utm_source=pocket_mylist<\/a><\/p>\n","protected":false},"excerpt":{"rendered":"<p>En un acto sencillo pero de gestos emotivos transcurri\u00f3 la bienvenida de los zapatistas en Madrid: &#8220;Bienvenidas Pasad, pasad y revolucionadnos, os abrazamos y \u00a1que vuestra energ\u00eda inunde Madrid!\u201d Susana &hellip; <a href=\"https:\/\/www.grieta.org.mx\/index.php\/2021\/07\/04\/travesia-por-la-vida-emotiva-bienvenida-madrilena-a-la-delegacion-maritima-zapatista\/\" class=\"more-link\">Leer m\u00e1s<\/a><\/p>\n","protected":false},"author":2,"featured_media":60414,"comment_status":"closed","ping_status":"closed","sticky":false,"template":"","format":"standard","meta":{"ngg_post_thumbnail":0,"_jetpack_newsletter_access":"","_jetpack_dont_email_post_to_subs":false,"_jetpack_newsletter_tier_id":0,"_jetpack_memberships_contains_paywalled_content":false,"_jetpack_memberships_contains_paid_content":false,"footnotes":""},"categories":[80,2,2661,3916],"tags":[3950,3934,466,3961,3917],"class_list":["post-60411","post","type-post","status-publish","format-standard","has-post-thumbnail","hentry","category-cintillo","category-noticias-nacionales","category-redes-de-resistencia-y-rebeldia","category-travesia-por-la-vida","tag-estado-espanol","tag-europa","tag-ezln","tag-madrid","tag-travesia-por-la-vida","entry"],"jetpack_featured_media_url":"https:\/\/www.grieta.org.mx\/wp-content\/uploads\/2021\/07\/Bienvenida-en-Madrid-al-Escuadro\u0301n-421-del-EZLN-25.jpg","jetpack_sharing_enabled":true,"jetpack_shortlink":"https:\/\/wp.me\/p7ZJR4-fIn","jetpack_likes_enabled":false,"jetpack-related-posts":[{"id":61108,"url":"https:\/\/www.grieta.org.mx\/index.php\/2021\/08\/11\/video-del-concierto-bienvenida-gira-zapatista-europea-2021-12-de-agosto-auditorio-pilar-bardem-de-rivas-vaciamadrid-madrid\/","url_meta":{"origin":60411,"position":0},"title":"Video del &#8220;Concierto bienvenida Gira Zapatista Europea 2021&#8221;: 12 de agosto, Auditorio Pilar Bardem de Rivas Vaciamadrid (Madrid)","author":"grieta","date":"11 agosto, 2021","format":false,"excerpt":"LA TERCERA \u00a0 Desde CGT queremos dar la bienvenida a las, los y loas compa\u00f1ero\/as zapatistas, que se encuentran de Gira por Europa, celebrando un concierto el d\u00eda 12 de agosto en Rivas-Vaciamadrid, en el Auditorio Pilar Bardem, a las 18:00 h., la entrada al auditorio ser\u00e1 exclusiva para las\u2026","rel":"","context":"En &quot;CINTILLO&quot;","block_context":{"text":"CINTILLO","link":"https:\/\/www.grieta.org.mx\/index.php\/category\/cintillo\/"},"img":{"alt_text":"","src":"https:\/\/i0.wp.com\/www.grieta.org.mx\/wp-content\/uploads\/2021\/08\/Cartel-concierto-Madrid-12-agosto.jpg?resize=350%2C200&ssl=1","width":350,"height":200,"srcset":"https:\/\/i0.wp.com\/www.grieta.org.mx\/wp-content\/uploads\/2021\/08\/Cartel-concierto-Madrid-12-agosto.jpg?resize=350%2C200&ssl=1 1x, https:\/\/i0.wp.com\/www.grieta.org.mx\/wp-content\/uploads\/2021\/08\/Cartel-concierto-Madrid-12-agosto.jpg?resize=525%2C300&ssl=1 1.5x, https:\/\/i0.wp.com\/www.grieta.org.mx\/wp-content\/uploads\/2021\/08\/Cartel-concierto-Madrid-12-agosto.jpg?resize=700%2C400&ssl=1 2x"},"classes":[]},{"id":61679,"url":"https:\/\/www.grieta.org.mx\/index.php\/2021\/09\/14\/cientos-dan-calurosa-bienvenida-a-delegacion-de-zapatistas-en-el-aeropuerto-de-viena\/","url_meta":{"origin":60411,"position":1},"title":"Cientos dan calurosa bienvenida a delegaci\u00f3n de zapatistas en el aeropuerto de Viena","author":"grieta","date":"14 septiembre, 2021","format":false,"excerpt":"EFE\/ SIN EMBARGO Luego de su llegada al aeropuerto de Viena, centenares de simpatizantes, austr\u00edacos y tambi\u00e9n latinoamericanos residentes en Austria recibieron al escuadr\u00f3n zapatista con banderas, pancartas al aire y lemas zapatistas. Viena, 14 de septiembre (EFE).- Cientos de personas ofrecieron hoy una calurosa bienvenida en el aeropuerto de\u2026","rel":"","context":"En &quot;CINTILLO&quot;","block_context":{"text":"CINTILLO","link":"https:\/\/www.grieta.org.mx\/index.php\/category\/cintillo\/"},"img":{"alt_text":"","src":"https:\/\/i0.wp.com\/www.grieta.org.mx\/wp-content\/uploads\/2021\/09\/escuadron-zapatista.jpg?resize=350%2C200&ssl=1","width":350,"height":200,"srcset":"https:\/\/i0.wp.com\/www.grieta.org.mx\/wp-content\/uploads\/2021\/09\/escuadron-zapatista.jpg?resize=350%2C200&ssl=1 1x, https:\/\/i0.wp.com\/www.grieta.org.mx\/wp-content\/uploads\/2021\/09\/escuadron-zapatista.jpg?resize=525%2C300&ssl=1 1.5x, https:\/\/i0.wp.com\/www.grieta.org.mx\/wp-content\/uploads\/2021\/09\/escuadron-zapatista.jpg?resize=700%2C400&ssl=1 2x, https:\/\/i0.wp.com\/www.grieta.org.mx\/wp-content\/uploads\/2021\/09\/escuadron-zapatista.jpg?resize=1050%2C600&ssl=1 3x"},"classes":[]},{"id":62027,"url":"https:\/\/www.grieta.org.mx\/index.php\/2021\/09\/22\/ya-vienen-videoclip-colectivo-de-la-mano-de-horazz-y-suaia-para-dar-la-bienvenida-a-la-gira-zapatista\/","url_meta":{"origin":60411,"position":2},"title":"\u201cYa vienen\u201d \u2013 Videoclip colectivo de la mano de Horazz y Suaia para dar la bienvenida a la Gira Zapatista","author":"grieta","date":"22 septiembre, 2021","format":false,"excerpt":"RADIO ZAPATISTA Castellano (m\u00e1s abajo en euskara) \u201cYA VIENEN\u201d, VIDEOCLIP COLECTIVO DE LA MANO DE HORAZZ Y SUAIA PARA DAR LA BIENVENIDA A LA GIRA ZAPATISTA Estos dos artistas conectan con su hiphop-reggae Madrid y Bilbao, dos de las paradas de la gira europea que llevar\u00e1 a cabo la delegaci\u00f3n\u2026","rel":"","context":"En &quot;Alto a la Guerra contra los pueblos zapatistas&quot;","block_context":{"text":"Alto a la Guerra contra los pueblos zapatistas","link":"https:\/\/www.grieta.org.mx\/index.php\/category\/redes-de-resistencia-y-rebeldia\/contra-la-guerra-al-ezln\/"},"img":{"alt_text":"","src":"https:\/\/i0.wp.com\/www.grieta.org.mx\/wp-content\/uploads\/2021\/09\/Viena8-1.jpg?resize=350%2C200&ssl=1","width":350,"height":200,"srcset":"https:\/\/i0.wp.com\/www.grieta.org.mx\/wp-content\/uploads\/2021\/09\/Viena8-1.jpg?resize=350%2C200&ssl=1 1x, https:\/\/i0.wp.com\/www.grieta.org.mx\/wp-content\/uploads\/2021\/09\/Viena8-1.jpg?resize=525%2C300&ssl=1 1.5x, https:\/\/i0.wp.com\/www.grieta.org.mx\/wp-content\/uploads\/2021\/09\/Viena8-1.jpg?resize=700%2C400&ssl=1 2x"},"classes":[]},{"id":59916,"url":"https:\/\/www.grieta.org.mx\/index.php\/2021\/06\/23\/travesia-por-la-vida-indigenas-mayas-del-ezln-desembarcan-en-europa-galeria-de-videos-y-fotos\/","url_meta":{"origin":60411,"position":3},"title":"Traves\u00eda por la vida: Ind\u00edgenas mayas del EZLN desembarcan en Europa (galer\u00eda de videos y fotos)","author":"grieta","date":"23 junio, 2021","format":false,"excerpt":"COLECTIVO GRIETA\/ con informaci\u00f3n, fotos y videos de la COORDINACI\u00d3N EUROPEA PARA El \"Viaje por la vida\" y COLECTIVOS DE LA OTRA EUROPA ayer rebautizada SLUMIL K\u00b4AJXEMK\u00b4OP (\u201cTierra Insumisa\u201d, \u201cTierra que no se resigna, que no desmaya\u201d). Al grito de \u00a1Zapata vive! y \u00a1Viva el EZLN!, despu\u00e9s de tres lluviosas\u00a0\u2026","rel":"","context":"En &quot;CINTILLO&quot;","block_context":{"text":"CINTILLO","link":"https:\/\/www.grieta.org.mx\/index.php\/category\/cintillo\/"},"img":{"alt_text":"","src":"https:\/\/i0.wp.com\/www.grieta.org.mx\/wp-content\/uploads\/2021\/06\/photo_2021-05-19_23-45-27.jpg?resize=350%2C200&ssl=1","width":350,"height":200,"srcset":"https:\/\/i0.wp.com\/www.grieta.org.mx\/wp-content\/uploads\/2021\/06\/photo_2021-05-19_23-45-27.jpg?resize=350%2C200&ssl=1 1x, https:\/\/i0.wp.com\/www.grieta.org.mx\/wp-content\/uploads\/2021\/06\/photo_2021-05-19_23-45-27.jpg?resize=525%2C300&ssl=1 1.5x, https:\/\/i0.wp.com\/www.grieta.org.mx\/wp-content\/uploads\/2021\/06\/photo_2021-05-19_23-45-27.jpg?resize=700%2C400&ssl=1 2x, https:\/\/i0.wp.com\/www.grieta.org.mx\/wp-content\/uploads\/2021\/06\/photo_2021-05-19_23-45-27.jpg?resize=1050%2C600&ssl=1 3x"},"classes":[]},{"id":60944,"url":"https:\/\/www.grieta.org.mx\/index.php\/2021\/08\/10\/en-euskal-herria-pais-vasco-organizan-distintas-actividades-para-recibir-a-la-delegacion-del-ezln-videos-y-fotos\/","url_meta":{"origin":60411,"position":4},"title":"En Euskal Herria (Pa\u00eds Vasco) organizan distintas actividades para recibir a la delegaci\u00f3n del EZLN (VIDEOS Y FOTOS)","author":"grieta","date":"10 agosto, 2021","format":false,"excerpt":"VIDEO: BIRA ZAPATISTA COLECTIVO GRIETA Como en muchos otros rincones de la Europa insumisa, este fin de semana se realizaron distintas acciones en Euskal Herria (Pa\u00eds Vasco, Estado espa\u00f1ol), para mostrar el apoyo a la \"Traves\u00eda por la vida\" del Ej\u00e9rcito Zapatista de Liberaci\u00f3n Nacional (EZLN) y exigir una vez\u2026","rel":"","context":"En &quot;CINTILLO&quot;","block_context":{"text":"CINTILLO","link":"https:\/\/www.grieta.org.mx\/index.php\/category\/cintillo\/"},"img":{"alt_text":"","src":"https:\/\/i0.wp.com\/www.grieta.org.mx\/wp-content\/uploads\/2021\/08\/Mesa-Donostiphoto_2021-08-09_08-58-13.jpg?resize=350%2C200&ssl=1","width":350,"height":200,"srcset":"https:\/\/i0.wp.com\/www.grieta.org.mx\/wp-content\/uploads\/2021\/08\/Mesa-Donostiphoto_2021-08-09_08-58-13.jpg?resize=350%2C200&ssl=1 1x, https:\/\/i0.wp.com\/www.grieta.org.mx\/wp-content\/uploads\/2021\/08\/Mesa-Donostiphoto_2021-08-09_08-58-13.jpg?resize=525%2C300&ssl=1 1.5x, https:\/\/i0.wp.com\/www.grieta.org.mx\/wp-content\/uploads\/2021\/08\/Mesa-Donostiphoto_2021-08-09_08-58-13.jpg?resize=700%2C400&ssl=1 2x, https:\/\/i0.wp.com\/www.grieta.org.mx\/wp-content\/uploads\/2021\/08\/Mesa-Donostiphoto_2021-08-09_08-58-13.jpg?resize=1050%2C600&ssl=1 3x"},"classes":[]},{"id":61128,"url":"https:\/\/www.grieta.org.mx\/index.php\/2021\/08\/15\/421-madrid-marcha\/","url_meta":{"origin":60411,"position":5},"title":"&#8220;No nos conquistaron&#8221;: La marcha y la palabra de la Brigada zapatista en Madrid,  13 de agosto (VIDEO)","author":"grieta","date":"15 agosto, 2021","format":false,"excerpt":"VOCESENLUCHA En medio de la Gira por la Vida, el Escuadr\u00f3n 421 del Ej\u00e9rcito Zapatista de Liberaci\u00f3n Nacional, #EZLN, llega a Madrid a 500 a\u00f1os de la invasi\u00f3n de Tenochtitl\u00e1n por parte del imperio espa\u00f1ol. En un evento hist\u00f3rico, el 13 de agosto de 2021 caminamos desde la Puerta del\u2026","rel":"","context":"En &quot;CINTILLO&quot;","block_context":{"text":"CINTILLO","link":"https:\/\/www.grieta.org.mx\/index.php\/category\/cintillo\/"},"img":{"alt_text":"","src":"https:\/\/i0.wp.com\/www.grieta.org.mx\/wp-content\/uploads\/2021\/08\/421-Madrid-13-08-MG_8073.jpg?resize=350%2C200&ssl=1","width":350,"height":200,"srcset":"https:\/\/i0.wp.com\/www.grieta.org.mx\/wp-content\/uploads\/2021\/08\/421-Madrid-13-08-MG_8073.jpg?resize=350%2C200&ssl=1 1x, https:\/\/i0.wp.com\/www.grieta.org.mx\/wp-content\/uploads\/2021\/08\/421-Madrid-13-08-MG_8073.jpg?resize=525%2C300&ssl=1 1.5x, https:\/\/i0.wp.com\/www.grieta.org.mx\/wp-content\/uploads\/2021\/08\/421-Madrid-13-08-MG_8073.jpg?resize=700%2C400&ssl=1 2x"},"classes":[]}],"_links":{"self":[{"href":"https:\/\/www.grieta.org.mx\/index.php\/wp-json\/wp\/v2\/posts\/60411","targetHints":{"allow":["GET"]}}],"collection":[{"href":"https:\/\/www.grieta.org.mx\/index.php\/wp-json\/wp\/v2\/posts"}],"about":[{"href":"https:\/\/www.grieta.org.mx\/index.php\/wp-json\/wp\/v2\/types\/post"}],"author":[{"embeddable":true,"href":"https:\/\/www.grieta.org.mx\/index.php\/wp-json\/wp\/v2\/users\/2"}],"replies":[{"embeddable":true,"href":"https:\/\/www.grieta.org.mx\/index.php\/wp-json\/wp\/v2\/comments?post=60411"}],"version-history":[{"count":1,"href":"https:\/\/www.grieta.org.mx\/index.php\/wp-json\/wp\/v2\/posts\/60411\/revisions"}],"predecessor-version":[{"id":60621,"href":"https:\/\/www.grieta.org.mx\/index.php\/wp-json\/wp\/v2\/posts\/60411\/revisions\/60621"}],"wp:featuredmedia":[{"embeddable":true,"href":"https:\/\/www.grieta.org.mx\/index.php\/wp-json\/wp\/v2\/media\/60414"}],"wp:attachment":[{"href":"https:\/\/www.grieta.org.mx\/index.php\/wp-json\/wp\/v2\/media?parent=60411"}],"wp:term":[{"taxonomy":"category","embeddable":true,"href":"https:\/\/www.grieta.org.mx\/index.php\/wp-json\/wp\/v2\/categories?post=60411"},{"taxonomy":"post_tag","embeddable":true,"href":"https:\/\/www.grieta.org.mx\/index.php\/wp-json\/wp\/v2\/tags?post=60411"}],"curies":[{"name":"wp","href":"https:\/\/api.w.org\/{rel}","templated":true}]}}