{"id":604,"date":"2015-11-20T19:34:55","date_gmt":"2015-11-20T19:34:55","guid":{"rendered":"http:\/\/50.22.11.12\/~grietaor\/?p=604"},"modified":"2016-03-01T19:36:11","modified_gmt":"2016-03-01T19:36:11","slug":"uaz-sin-recursos-para-pagar-prestaciones-de-fin-de-ano","status":"publish","type":"post","link":"https:\/\/www.grieta.org.mx\/index.php\/2015\/11\/20\/uaz-sin-recursos-para-pagar-prestaciones-de-fin-de-ano\/","title":{"rendered":"UAZ, sin recursos para pagar prestaciones de fin de a\u00f1o"},"content":{"rendered":"<p>Viernes, 20 de noviembre de 2015<br \/>\nEMILIA PESCI | NTRZACATECAS.COM<\/p>\n<p>Zacatecas.- Armando Silva Ch\u00e1irez, rector de la Universidad Aut\u00f3noma de Zacatecas (UAZ), reconoci\u00f3 que a\u00fan no se cuenta con los recursos necesarios para cumplir con el pago de prestaciones del fin de a\u00f1o.<br \/>\nInform\u00f3 que el pasado viernes se reuni\u00f3 con el subsecretario de Educaci\u00f3n Superior de la Secretar\u00eda de Educaci\u00f3n P\u00fablica (SEP), Salvador Jara Guerrero, a quien solicit\u00f3, junto con los rectores de las universidades aut\u00f3nomas de Sinaloa y Guerrero, se realice una reuni\u00f3n para tratar la problem\u00e1tica.<br \/>\n\u201cLe solicitamos que nos agende para tratar en lo particular el tema del recurso necesario para salir el a\u00f1o\u201d, afirm\u00f3.<br \/>\nSilva Ch\u00e1irez dijo que durante dicha reuni\u00f3n se plante\u00f3 la necesidad de que la disminuci\u00f3n de presupuesto para las universidades p\u00fablicas se revierta.<br \/>\nAsimismo, expuso que durante la siguiente semana se reunir\u00e1 con Jaime Valls Esponda, secretario general ejecutivo de la Asociaci\u00f3n Nacional de Universidades e Instituciones de Educaci\u00f3n Superior (ANUIES), \u201cquien est\u00e1 viendo los temas financieros de las instituciones en general y en particular de quienes tenemos mayores dificultades\u201d.<br \/>\n\u201cLa ANUIES ha asumido un compromiso para colaborar en las gestiones, en el af\u00e1n de que se mantengan los recursos para la educaci\u00f3n y de que se incrementen para instituciones como la nuestra, que arrastran un d\u00e9ficit presupuestal importante\u201d.<br \/>\nAgreg\u00f3 que \u201cestamos en esa gesti\u00f3n, esperando que se logren los recursos necesarios para el pago de las prestaciones de fin de a\u00f1o; as\u00ed como el adeudo de las primas de antig\u00fcedad de los meses de septiembre y octubre, que son las que implican mayor recurso\u201d, agreg\u00f3.<br \/>\nEl rector afirm\u00f3 que simult\u00e1neamente en el Congreso de la Uni\u00f3n, los diputados zacatecanos contin\u00faan con las gestiones para lograr que el recurso extraordinario para la universidad sea aprobado.<\/p>\n<p><a href=\"http:\/\/ntrzacatecas.com\/2015\/11\/20\/uaz-sin-recursos-para-pagar-prestaciones-de-fin-de-ano\/\" target=\"_blank\">ntrzacatecas.com\/2015\/11\/20\/uaz-sin-recursos-para-pagar-prestaciones-de-fin-de-ano\/<\/a><\/p>\n","protected":false},"excerpt":{"rendered":"<p>Viernes, 20 de noviembre de 2015 EMILIA PESCI | NTRZACATECAS.COM Zacatecas.- Armando Silva Ch\u00e1irez, rector de la Universidad Aut\u00f3noma de Zacatecas (UAZ), reconoci\u00f3 que a\u00fan no se cuenta con los &hellip; <a href=\"https:\/\/www.grieta.org.mx\/index.php\/2015\/11\/20\/uaz-sin-recursos-para-pagar-prestaciones-de-fin-de-ano\/\" class=\"more-link\">Leer m\u00e1s<\/a><\/p>\n","protected":false},"author":2,"featured_media":21928,"comment_status":"closed","ping_status":"open","sticky":false,"template":"","format":"standard","meta":{"ngg_post_thumbnail":0,"_jetpack_newsletter_access":"","_jetpack_dont_email_post_to_subs":false,"_jetpack_newsletter_tier_id":0,"_jetpack_memberships_contains_paywalled_content":false,"_jetpack_memberships_contains_paid_content":false,"footnotes":""},"categories":[80,139],"tags":[105,107],"class_list":["post-604","post","type-post","status-publish","format-standard","has-post-thumbnail","hentry","category-cintillo","category-zacatecas","tag-derechos-laborales","tag-educacion","entry"],"jetpack_featured_media_url":"https:\/\/www.grieta.org.mx\/wp-content\/uploads\/2018\/03\/14524434_1106112876131411_958039263622046936_o.jpg","jetpack_sharing_enabled":true,"jetpack_shortlink":"https:\/\/wp.me\/p7ZJR4-9K","jetpack_likes_enabled":false,"jetpack-related-posts":[{"id":592,"url":"https:\/\/www.grieta.org.mx\/index.php\/2016\/01\/27\/paro-general-en-la-uaz\/","url_meta":{"origin":604,"position":0},"title":"Paro general en la UAZ","author":"grieta","date":"27 enero, 2016","format":false,"excerpt":"Mi\u00e9rcoles, 27 de enero de 2016 ABIGAIL SALINAS Zacatecas.- De las 7 a las 19 horas de este mi\u00e9rcoles, Sindicato de Personal Acad\u00e9mico de la Universidad Aut\u00f3noma de Zacatecas (SPAUAZ) mantendr\u00e1 un paro general en la universidad, debido a que a\u00fan queda pendiente el pago de 70 millones de pesos\u2026","rel":"","context":"En &quot;CINTILLO&quot;","block_context":{"text":"CINTILLO","link":"https:\/\/www.grieta.org.mx\/index.php\/category\/cintillo\/"},"img":{"alt_text":"","src":"https:\/\/i0.wp.com\/www.grieta.org.mx\/wp-content\/uploads\/2018\/03\/14524434_1106112876131411_958039263622046936_o.jpg?resize=350%2C200&ssl=1","width":350,"height":200,"srcset":"https:\/\/i0.wp.com\/www.grieta.org.mx\/wp-content\/uploads\/2018\/03\/14524434_1106112876131411_958039263622046936_o.jpg?resize=350%2C200&ssl=1 1x, https:\/\/i0.wp.com\/www.grieta.org.mx\/wp-content\/uploads\/2018\/03\/14524434_1106112876131411_958039263622046936_o.jpg?resize=525%2C300&ssl=1 1.5x, https:\/\/i0.wp.com\/www.grieta.org.mx\/wp-content\/uploads\/2018\/03\/14524434_1106112876131411_958039263622046936_o.jpg?resize=700%2C400&ssl=1 2x"},"classes":[]},{"id":596,"url":"https:\/\/www.grieta.org.mx\/index.php\/2016\/01\/18\/denuncia-spauaz-a-rector-por-peculado\/","url_meta":{"origin":604,"position":1},"title":"Denuncia SPAUAZ a rector por peculado","author":"grieta","date":"18 enero, 2016","format":false,"excerpt":"Lunes, 18 de enero de 2016 ABIGAIL SALINAS Zacatecas.- El Sindicato de Personal Acad\u00e9mico de la UAZ interpuso ante la Procuradur\u00eda General de Justicia del Estado (PGJE) una denuncia contra el rector de la m\u00e1xima casa de estudios, Armando Silva Ch\u00e1irez, \u201cpor el delito de peculado\u201d, inform\u00f3 Pedro Mart\u00ednez Arteaga,\u2026","rel":"","context":"En &quot;CINTILLO&quot;","block_context":{"text":"CINTILLO","link":"https:\/\/www.grieta.org.mx\/index.php\/category\/cintillo\/"},"img":{"alt_text":"","src":"https:\/\/i0.wp.com\/www.grieta.org.mx\/wp-content\/uploads\/2018\/03\/14524434_1106112876131411_958039263622046936_o.jpg?resize=350%2C200&ssl=1","width":350,"height":200,"srcset":"https:\/\/i0.wp.com\/www.grieta.org.mx\/wp-content\/uploads\/2018\/03\/14524434_1106112876131411_958039263622046936_o.jpg?resize=350%2C200&ssl=1 1x, https:\/\/i0.wp.com\/www.grieta.org.mx\/wp-content\/uploads\/2018\/03\/14524434_1106112876131411_958039263622046936_o.jpg?resize=525%2C300&ssl=1 1.5x, https:\/\/i0.wp.com\/www.grieta.org.mx\/wp-content\/uploads\/2018\/03\/14524434_1106112876131411_958039263622046936_o.jpg?resize=700%2C400&ssl=1 2x"},"classes":[]},{"id":631,"url":"https:\/\/www.grieta.org.mx\/index.php\/2015\/03\/13\/ofrece-rector-70-plazas-a-docentes-al-spauaz\/","url_meta":{"origin":604,"position":2},"title":"Ofrece rector 70 plazas a docentes al SPAUAZ","author":"grieta","date":"13 marzo, 2015","format":false,"excerpt":"viernes, 13 de marzo de 2015 a las 10:16pm ABIGAIL SALINAS \/ ntrzacatecas.com Zacatecas.- Armando Silva Ch\u00e1irez, rector de la Universidad Aut\u00f3noma de Zacatecas ofreci\u00f3 al secretario general del SPAUAZ, Jos\u00e9 Crescenciano S\u00e1nchez P\u00e9rez, 70 plazas docentes de las 74 que pidi\u00f3 el sindicato. Tras 23 d\u00edas de huelga, Silva\u2026","rel":"","context":"En &quot;CINTILLO&quot;","block_context":{"text":"CINTILLO","link":"https:\/\/www.grieta.org.mx\/index.php\/category\/cintillo\/"},"img":{"alt_text":"","src":"https:\/\/i0.wp.com\/www.grieta.org.mx\/wp-content\/uploads\/2018\/03\/14524434_1106112876131411_958039263622046936_o.jpg?resize=350%2C200&ssl=1","width":350,"height":200,"srcset":"https:\/\/i0.wp.com\/www.grieta.org.mx\/wp-content\/uploads\/2018\/03\/14524434_1106112876131411_958039263622046936_o.jpg?resize=350%2C200&ssl=1 1x, https:\/\/i0.wp.com\/www.grieta.org.mx\/wp-content\/uploads\/2018\/03\/14524434_1106112876131411_958039263622046936_o.jpg?resize=525%2C300&ssl=1 1.5x, https:\/\/i0.wp.com\/www.grieta.org.mx\/wp-content\/uploads\/2018\/03\/14524434_1106112876131411_958039263622046936_o.jpg?resize=700%2C400&ssl=1 2x"},"classes":[]},{"id":651,"url":"https:\/\/www.grieta.org.mx\/index.php\/2015\/03\/11\/no-hay-negociacion-spauaz\/","url_meta":{"origin":604,"position":3},"title":"\u201cNo hay negociaci\u00f3n\u201d: SPAUAZ","author":"grieta","date":"11 marzo, 2015","format":false,"excerpt":"Mi\u00e9rcoles, 11 de marzo de 2015 a las 10:24pm ABIGAIL SALINAS \/ NTRZACATECAS.COM Zacatecas.- Sin conseguir negociaci\u00f3n, la tarde de este mi\u00e9rcoles se llev\u00f3 a cabo una reuni\u00f3n entre el secretario general del Sindicato de Personal Acad\u00e9mico de la Universidad Aut\u00f3noma de Zacatecas (SPAUAZ), el rector Armando Silva Ch\u00e1irez y\u2026","rel":"","context":"En &quot;CINTILLO&quot;","block_context":{"text":"CINTILLO","link":"https:\/\/www.grieta.org.mx\/index.php\/category\/cintillo\/"},"img":{"alt_text":"","src":"https:\/\/i0.wp.com\/www.grieta.org.mx\/wp-content\/uploads\/2018\/03\/14524434_1106112876131411_958039263622046936_o.jpg?resize=350%2C200&ssl=1","width":350,"height":200,"srcset":"https:\/\/i0.wp.com\/www.grieta.org.mx\/wp-content\/uploads\/2018\/03\/14524434_1106112876131411_958039263622046936_o.jpg?resize=350%2C200&ssl=1 1x, https:\/\/i0.wp.com\/www.grieta.org.mx\/wp-content\/uploads\/2018\/03\/14524434_1106112876131411_958039263622046936_o.jpg?resize=525%2C300&ssl=1 1.5x, https:\/\/i0.wp.com\/www.grieta.org.mx\/wp-content\/uploads\/2018\/03\/14524434_1106112876131411_958039263622046936_o.jpg?resize=700%2C400&ssl=1 2x"},"classes":[]},{"id":633,"url":"https:\/\/www.grieta.org.mx\/index.php\/2015\/03\/12\/secretario-general-de-gobierno-de-zacatecas-defiende-actuar-ante-problematica-de-la-uaz\/","url_meta":{"origin":604,"position":4},"title":"Secretario General de Gobierno de Zacatecas defiende actuar ante problem\u00e1tica de la UAZ","author":"grieta","date":"12 marzo, 2015","format":false,"excerpt":"El Sol de Zacatecas 12 de marzo de 2015 Rub\u00e9n Valdez Zacatecas, Zacatecas.- El Secretario General de Gobierno, Jaime Santoyo Castro, dijo que el Gobierno de Miguel Alonso Reyes ha cumplido con su responsabilidad en el caso de la Universidad Aut\u00f3noma de Zacatecas (UAZ), con la finalidad, primero, de que\u2026","rel":"","context":"En &quot;CINTILLO&quot;","block_context":{"text":"CINTILLO","link":"https:\/\/www.grieta.org.mx\/index.php\/category\/cintillo\/"},"img":{"alt_text":"","src":"https:\/\/i0.wp.com\/www.grieta.org.mx\/wp-content\/uploads\/2018\/03\/14524434_1106112876131411_958039263622046936_o.jpg?resize=350%2C200&ssl=1","width":350,"height":200,"srcset":"https:\/\/i0.wp.com\/www.grieta.org.mx\/wp-content\/uploads\/2018\/03\/14524434_1106112876131411_958039263622046936_o.jpg?resize=350%2C200&ssl=1 1x, https:\/\/i0.wp.com\/www.grieta.org.mx\/wp-content\/uploads\/2018\/03\/14524434_1106112876131411_958039263622046936_o.jpg?resize=525%2C300&ssl=1 1.5x, https:\/\/i0.wp.com\/www.grieta.org.mx\/wp-content\/uploads\/2018\/03\/14524434_1106112876131411_958039263622046936_o.jpg?resize=700%2C400&ssl=1 2x"},"classes":[]},{"id":671,"url":"https:\/\/www.grieta.org.mx\/index.php\/2015\/02\/23\/marchan-mil-200-sindicalizados\/","url_meta":{"origin":604,"position":5},"title":"Marchan mil 200 sindicalizados","author":"grieta","date":"23 febrero, 2015","format":false,"excerpt":"Lunes, 23 de febrero de 2015 a las 9:57pm Abigail Salinas \/ ntrzacatecas.com Aproximadamente mil 200 manifestantes marcharon por las principales calles del Centro Hist\u00f3rico de Zacatecas; docentes y alumnos de la Universidad Aut\u00f3noma de Zacatecas (UAZ) participaron en el movimiento convocado por el Sindicato de Personal Acad\u00e9mico (SPAUAZ). En\u2026","rel":"","context":"En &quot;CINTILLO&quot;","block_context":{"text":"CINTILLO","link":"https:\/\/www.grieta.org.mx\/index.php\/category\/cintillo\/"},"img":{"alt_text":"","src":"https:\/\/i0.wp.com\/www.grieta.org.mx\/wp-content\/uploads\/2018\/03\/14524434_1106112876131411_958039263622046936_o.jpg?resize=350%2C200&ssl=1","width":350,"height":200,"srcset":"https:\/\/i0.wp.com\/www.grieta.org.mx\/wp-content\/uploads\/2018\/03\/14524434_1106112876131411_958039263622046936_o.jpg?resize=350%2C200&ssl=1 1x, https:\/\/i0.wp.com\/www.grieta.org.mx\/wp-content\/uploads\/2018\/03\/14524434_1106112876131411_958039263622046936_o.jpg?resize=525%2C300&ssl=1 1.5x, https:\/\/i0.wp.com\/www.grieta.org.mx\/wp-content\/uploads\/2018\/03\/14524434_1106112876131411_958039263622046936_o.jpg?resize=700%2C400&ssl=1 2x"},"classes":[]}],"_links":{"self":[{"href":"https:\/\/www.grieta.org.mx\/index.php\/wp-json\/wp\/v2\/posts\/604","targetHints":{"allow":["GET"]}}],"collection":[{"href":"https:\/\/www.grieta.org.mx\/index.php\/wp-json\/wp\/v2\/posts"}],"about":[{"href":"https:\/\/www.grieta.org.mx\/index.php\/wp-json\/wp\/v2\/types\/post"}],"author":[{"embeddable":true,"href":"https:\/\/www.grieta.org.mx\/index.php\/wp-json\/wp\/v2\/users\/2"}],"replies":[{"embeddable":true,"href":"https:\/\/www.grieta.org.mx\/index.php\/wp-json\/wp\/v2\/comments?post=604"}],"version-history":[{"count":1,"href":"https:\/\/www.grieta.org.mx\/index.php\/wp-json\/wp\/v2\/posts\/604\/revisions"}],"predecessor-version":[{"id":605,"href":"https:\/\/www.grieta.org.mx\/index.php\/wp-json\/wp\/v2\/posts\/604\/revisions\/605"}],"wp:featuredmedia":[{"embeddable":true,"href":"https:\/\/www.grieta.org.mx\/index.php\/wp-json\/wp\/v2\/media\/21928"}],"wp:attachment":[{"href":"https:\/\/www.grieta.org.mx\/index.php\/wp-json\/wp\/v2\/media?parent=604"}],"wp:term":[{"taxonomy":"category","embeddable":true,"href":"https:\/\/www.grieta.org.mx\/index.php\/wp-json\/wp\/v2\/categories?post=604"},{"taxonomy":"post_tag","embeddable":true,"href":"https:\/\/www.grieta.org.mx\/index.php\/wp-json\/wp\/v2\/tags?post=604"}],"curies":[{"name":"wp","href":"https:\/\/api.w.org\/{rel}","templated":true}]}}