{"id":60387,"date":"2021-07-09T09:18:37","date_gmt":"2021-07-09T14:18:37","guid":{"rendered":"https:\/\/www.grieta.org.mx\/?p=60387"},"modified":"2021-07-12T09:34:10","modified_gmt":"2021-07-12T14:34:10","slug":"elmer-vuelve-a-casa-viacrucis-de-migrantes-en-mexico","status":"publish","type":"post","link":"https:\/\/www.grieta.org.mx\/index.php\/2021\/07\/09\/elmer-vuelve-a-casa-viacrucis-de-migrantes-en-mexico\/","title":{"rendered":"Elmer vuelve a casa (viacrucis de Migrantes en M\u00e9xico)"},"content":{"rendered":"<p><strong>Despu\u00e9s de 22 d\u00edas de su muerte, el cuerpo de Elmer vuelve a su casa, en Honduras. Gracias a la solidaridad de activistas y organizaciones de derechos humanos, y sobre todo a la tenacidad de su familia, se esquivaron los enredos burocr\u00e1ticos que no cuidan, ni en la muerte<\/strong><\/p>\n<p>Texto: Daniela Rea \/ PIE DE P\u00c1GINA<\/p>\n<p>Fotos: Especial<\/p>\n<p>Este jueves 8 de julio\u00a0 a las 18 horas el cuerpo de Elmer C\u00f3rdova lleg\u00f3 a casa,\u00a0despu\u00e9s de haber salido de casa el 4 de junio con destino a Estados Unidos.<\/p>\n<p>El cuerpo de Elmer fue recibido por su familia, por sus amigos de la comunidad de El Yoro y por sus compa\u00f1eros taxistas, donde \u00e9l trabajaba antes de agarrar camino rumbo a Estados Unidos.<\/p>\n<p>Hallaron a Elmer muerto en un vag\u00f3n de tren en Tlaxcala el d\u00eda 16 de junio.<\/p>\n<p>El 6 de julio un carro funerario con el cuerpo de Elmer sali\u00f3 de Tlaxcala rumbo a Yoro, Honduras. La noche de ese d\u00eda cruz\u00f3 la frontera con Guatemala y la noche del 7 de julio lleg\u00f3 a la frontera con Honduras, pero el cuerpo debi\u00f3 esperar al d\u00eda siguiente, este jueves 8 de julio, a que abriera la aduana para cruzar. A medio d\u00eda lleg\u00f3 a su casa, de donde hab\u00eda salido casi un mes atr\u00e1s.<\/p>\n<h3><strong>Descuido gubernamental<\/strong><\/h3>\n<p>Javier C\u00f3rdova recibi\u00f3 una llamada de la embajada hondure\u00f1a el 18 de junio para avisarle que hab\u00edan encontrado un cuerpo con los documentos de su hermano Elmer. Pero no hubo m\u00e1s informaci\u00f3n, no le mostraron fotograf\u00edas del cuerpo u otros elementos para confirmar su identidad. Tampoco le informaron de qu\u00e9 muri\u00f3 ni d\u00f3nde se encontraba su cuerpo, menos los tr\u00e1mites requeridos para su repatriaci\u00f3n.<\/p>\n<p>De hecho, Javier vio por primera vez una fotograf\u00eda del cuerpo de su hermano en una nota publicada por un peri\u00f3dico de Tlaxcala que la publicaba en su secci\u00f3n de nota roja.<\/p>\n<p>Las autoridades hondure\u00f1as s\u00f3lo le dijeron que el proceso de repatriaci\u00f3n duraba alrededor de 4 meses y que si quer\u00eda acelerar el proceso, tendr\u00eda que renunciar al apoyo de su pa\u00eds Honduras y realizar los tr\u00e1mites por s\u00ed mismo. Pr\u00e1cticamente las autoridades que deb\u00edan velar por sus connacionales, se deslindaron y les orillaron a resolver la situaci\u00f3n por su cuenta.<\/p>\n<p>\u201cLa embajada de Honduras dijo que no llega antes de 2 meses, que era tardado que pod\u00eda tardar 4 meses, la misma embajada me dijo eso para que desistiera. Desde un inicio me dijeron si quieren documentos ustedes pueden renunciar a la ayuda del gobierno y acelerarlo\u201d.<\/p>\n<p>Javier y su familia decidieron hacer los tr\u00e1mites por s\u00ed mismos e iniciaron una colecta para pagar la funeraria.<\/p>\n<p><img loading=\"lazy\" decoding=\"async\" data-attachment-id=\"60388\" data-permalink=\"https:\/\/www.grieta.org.mx\/index.php\/2021\/07\/09\/elmer-vuelve-a-casa-viacrucis-de-migrantes-en-mexico\/elmer_migrante_especial3-1\/\" data-orig-file=\"https:\/\/www.grieta.org.mx\/wp-content\/uploads\/2021\/07\/elmer_migrante_Especial3-1.jpg\" data-orig-size=\"425,709\" data-comments-opened=\"0\" data-image-meta=\"{&quot;aperture&quot;:&quot;0&quot;,&quot;credit&quot;:&quot;&quot;,&quot;camera&quot;:&quot;&quot;,&quot;caption&quot;:&quot;&quot;,&quot;created_timestamp&quot;:&quot;0&quot;,&quot;copyright&quot;:&quot;&quot;,&quot;focal_length&quot;:&quot;0&quot;,&quot;iso&quot;:&quot;0&quot;,&quot;shutter_speed&quot;:&quot;0&quot;,&quot;title&quot;:&quot;&quot;,&quot;orientation&quot;:&quot;1&quot;}\" data-image-title=\"elmer_migrante_Especial3-1\" data-image-description=\"\" data-image-caption=\"\" data-medium-file=\"https:\/\/www.grieta.org.mx\/wp-content\/uploads\/2021\/07\/elmer_migrante_Especial3-1-180x300.jpg\" data-large-file=\"https:\/\/www.grieta.org.mx\/wp-content\/uploads\/2021\/07\/elmer_migrante_Especial3-1.jpg\" class=\"aligncenter wp-image-60388\" src=\"http:\/\/www.grieta.org.mx\/wp-content\/uploads\/2021\/07\/elmer_migrante_Especial3-1.jpg\" alt=\"\" width=\"480\" height=\"800\" srcset=\"https:\/\/www.grieta.org.mx\/wp-content\/uploads\/2021\/07\/elmer_migrante_Especial3-1.jpg 425w, https:\/\/www.grieta.org.mx\/wp-content\/uploads\/2021\/07\/elmer_migrante_Especial3-1-180x300.jpg 180w\" sizes=\"auto, (max-width: 480px) 100vw, 480px\" \/><\/p>\n<p>\u201cHonduras nos dio contacto con funeraria, hicimos cotizaci\u00f3n, como embajada nos recomend\u00f3 eso porque era de las m\u00e1s baratas. Me qued\u00e9 con ellos por la confianza en la embajada, ellos nos pidieron a nosotros documentos que hac\u00edan falta y fueron la funeraria fue a recoger al consulado de Honduras\u201d, explic\u00f3 Javier a Pie de P\u00e1gina.<\/p>\n<p>Fue gracias a la persistencia de Javier y a la ayuda de organizaciones de derechos humanos y activistas que se activaron los mecanismos necesarios para encontrar el cuerpo en un Semefo de Tlaxacala y recuperarlo.<\/p>\n<p>Hasta el 7 de julio los familiares de Elmer, que hab\u00edan realizado una colecta para juntar el costo de la funeraria para la repatriaci\u00f3n, estaban \u201clistos con el dinero en mano\u201d para pagar. Ni las autoridades mexicanas, ni las hondure\u00f1as, se hab\u00edan comunicado con \u00e9l para informarle que se har\u00edan cargo del costo econ\u00f3mico.<\/p>\n<p>El 6 de julio, sin embargo, las autoridades mexicanas hab\u00edan publicado un comunicado oficial diciendo que se estaban haciendo cargo de la repatriaci\u00f3n y los gastos. Pero Javier, hermano de Elmer y quien ha estado a cargo del proceso, no hab\u00eda tenido informaci\u00f3n oficial, ni siquiera una llamada telef\u00f3nica en que se le confirmara esto.<\/p>\n<p>Por la presi\u00f3n de organizaciones y activistas, finalmente el 7 de julio Javier recibi\u00f3 una llamada del titular del INM en el estado de Tlaxcala, quien le confirm\u00f3 que el cuerpo estaba en camino y los costos correr\u00edan a cargo del instituto.<\/p>\n<p>Finalmente las autoridades mexicanas cubrieron los gastos de repatriaci\u00f3n. La familia C\u00f3rdova utilizar\u00e1 el dinero que logr\u00f3 recolectar para honrar la memoria de Elmer: Elmer perdi\u00f3 la vida en su camino a Estados Unidos, donde pensaba trabajar y mandar dinero para su hermana y su sobrina de 6 a\u00f1os, de quien \u00e9l se hac\u00eda cargo econ\u00f3micamente.<\/p>\n<p><a href=\"https:\/\/piedepagina.mx\/elmer-vuelve-a-casa\/\" target=\"_blank\" rel=\"noopener\">https:\/\/piedepagina.mx\/elmer-vuelve-a-casa\/<\/a><\/p>\n","protected":false},"excerpt":{"rendered":"<p>Despu\u00e9s de 22 d\u00edas de su muerte, el cuerpo de Elmer vuelve a su casa, en Honduras. Gracias a la solidaridad de activistas y organizaciones de derechos humanos, y sobre &hellip; <a href=\"https:\/\/www.grieta.org.mx\/index.php\/2021\/07\/09\/elmer-vuelve-a-casa-viacrucis-de-migrantes-en-mexico\/\" class=\"more-link\">Leer m\u00e1s<\/a><\/p>\n","protected":false},"author":2,"featured_media":60389,"comment_status":"closed","ping_status":"closed","sticky":false,"template":"","format":"standard","meta":{"ngg_post_thumbnail":0,"_jetpack_newsletter_access":"","_jetpack_dont_email_post_to_subs":false,"_jetpack_newsletter_tier_id":0,"_jetpack_memberships_contains_paywalled_content":false,"_jetpack_memberships_contains_paid_content":false,"footnotes":""},"categories":[80,86,1335,2,83,34],"tags":[2779,2253,3430,265,2352,2788],"class_list":["post-60387","post","type-post","status-publish","format-standard","has-post-thumbnail","hentry","category-cintillo","category-migrantes","category-migrantes-en-tlaxcala","category-noticias-nacionales","category-temas-nacionales","category-tlaxcala","tag-alineacion-de-amlo-con-politica-antimigrante-de-eu","tag-centroamericanos","tag-hondurenos","tag-impunidad","tag-muerte-de-migrantes","tag-violacion-de-derechos-humanos-de-migrantes-por-el-estado-mexicano","entry"],"jetpack_featured_media_url":"https:\/\/www.grieta.org.mx\/wp-content\/uploads\/2021\/07\/elmer_migrante_especial-1.jpg","jetpack_sharing_enabled":true,"jetpack_shortlink":"https:\/\/wp.me\/p7ZJR4-fHZ","jetpack_likes_enabled":false,"jetpack-related-posts":[{"id":60376,"url":"https:\/\/www.grieta.org.mx\/index.php\/2021\/07\/11\/y-de-que-murio-elmer-migrantes-tlaxacala\/","url_meta":{"origin":60387,"position":0},"title":"\u00bfY de qu\u00e9 muri\u00f3 Elmer? (Migrantes, Tlaxacala)","author":"grieta","date":"11 julio, 2021","format":false,"excerpt":"El 16 de junio el cuerpo del migrante Elmer C\u00f3rdova fue encontrado en un vag\u00f3n de tren en Tlaxcala. Activistas, ONG y amigos de la familia se movilizaron para lograr repatriar su cuerpo. Queda una pregunta \u00bfde qu\u00e9 muri\u00f3 Elmer? La falta de una investigaci\u00f3n judicial es consecuencia del abandono\u2026","rel":"","context":"En &quot;CINTILLO&quot;","block_context":{"text":"CINTILLO","link":"https:\/\/www.grieta.org.mx\/index.php\/category\/cintillo\/"},"img":{"alt_text":"","src":"https:\/\/i0.wp.com\/www.grieta.org.mx\/wp-content\/uploads\/2021\/07\/elmer_migrante_Especial2.jpg?resize=350%2C200&ssl=1","width":350,"height":200,"srcset":"https:\/\/i0.wp.com\/www.grieta.org.mx\/wp-content\/uploads\/2021\/07\/elmer_migrante_Especial2.jpg?resize=350%2C200&ssl=1 1x, https:\/\/i0.wp.com\/www.grieta.org.mx\/wp-content\/uploads\/2021\/07\/elmer_migrante_Especial2.jpg?resize=525%2C300&ssl=1 1.5x, https:\/\/i0.wp.com\/www.grieta.org.mx\/wp-content\/uploads\/2021\/07\/elmer_migrante_Especial2.jpg?resize=700%2C400&ssl=1 2x"},"classes":[]},{"id":41160,"url":"https:\/\/www.grieta.org.mx\/index.php\/2019\/09\/25\/crece-violencia-contra-defensores-de-migrantes\/","url_meta":{"origin":60387,"position":1},"title":"Crece violencia contra defensores de migrantes","author":"grieta","date":"25 septiembre, 2019","format":false,"excerpt":"Un informe de organizaciones civiles revela que en 2018 fueron asesinados 48 defensores de derechos humanos y tres personas que ayudaban a migrantes fueron desaparecidas en el norte de M\u00e9xico. Las agresiones, se\u00f1alan organizaciones civiles, siguen en aumento Texto: Vania Pigeonutt; Foto: Duilio Rodriguez\/ Archivo\/ PIE DE P\u00c1GINA CIUDAD DE\u2026","rel":"","context":"En &quot;CINTILLO&quot;","block_context":{"text":"CINTILLO","link":"https:\/\/www.grieta.org.mx\/index.php\/category\/cintillo\/"},"img":{"alt_text":"","src":"https:\/\/i0.wp.com\/www.grieta.org.mx\/wp-content\/uploads\/2018\/03\/14524434_1106112876131411_958039263622046936_o.jpg?resize=350%2C200&ssl=1","width":350,"height":200,"srcset":"https:\/\/i0.wp.com\/www.grieta.org.mx\/wp-content\/uploads\/2018\/03\/14524434_1106112876131411_958039263622046936_o.jpg?resize=350%2C200&ssl=1 1x, https:\/\/i0.wp.com\/www.grieta.org.mx\/wp-content\/uploads\/2018\/03\/14524434_1106112876131411_958039263622046936_o.jpg?resize=525%2C300&ssl=1 1.5x, https:\/\/i0.wp.com\/www.grieta.org.mx\/wp-content\/uploads\/2018\/03\/14524434_1106112876131411_958039263622046936_o.jpg?resize=700%2C400&ssl=1 2x"},"classes":[]},{"id":37477,"url":"https:\/\/www.grieta.org.mx\/index.php\/2019\/08\/04\/demandan-justicia-en-misa-de-migrantes-coahuila\/","url_meta":{"origin":60387,"position":2},"title":"Demandan justicia en misa de migrantes (Coahuila)","author":"grieta","date":"4 agosto, 2019","format":false,"excerpt":"Con pancartas desfilaron hasta el atrio de la Catedral Carolina Viveros\/ VANGUARDIA MX Decenas de migrantes centroamericanos cargando orgullosamente las banderas de sus pa\u00edses de origen y en su mayor\u00eda cubiertos de sus rostros, desfilaron hasta el atrio de la Catedral de Santiago en una misa especial que encabez\u00f3 el\u2026","rel":"","context":"En &quot;CINTILLO&quot;","block_context":{"text":"CINTILLO","link":"https:\/\/www.grieta.org.mx\/index.php\/category\/cintillo\/"},"img":{"alt_text":"","src":"https:\/\/i0.wp.com\/www.grieta.org.mx\/wp-content\/uploads\/2019\/08\/misa_8.jpg?resize=350%2C200&ssl=1","width":350,"height":200,"srcset":"https:\/\/i0.wp.com\/www.grieta.org.mx\/wp-content\/uploads\/2019\/08\/misa_8.jpg?resize=350%2C200&ssl=1 1x, https:\/\/i0.wp.com\/www.grieta.org.mx\/wp-content\/uploads\/2019\/08\/misa_8.jpg?resize=525%2C300&ssl=1 1.5x, https:\/\/i0.wp.com\/www.grieta.org.mx\/wp-content\/uploads\/2019\/08\/misa_8.jpg?resize=700%2C400&ssl=1 2x"},"classes":[]},{"id":14740,"url":"https:\/\/www.grieta.org.mx\/index.php\/2016\/05\/25\/atacan-a-migrantes-sobre-tren-en-apizaco-tlaxcala-reportan-2-lesionados-por-bala-y-un-cercenado\/","url_meta":{"origin":60387,"position":3},"title":"Atacan a migrantes sobre tren en Apizaco, Tlaxcala; reportan 2 lesionados por bala y un cercenado","author":"grieta","date":"25 mayo, 2016","format":false,"excerpt":"El\u00edas D\u00e1vila Espinoza, de la Casa del Inmigrante La Sagrada Familia, de Apizaco, Tlaxcala, declar\u00f3 que un grupo de migrantes centroamericanos fue atacado a balazos la noche de ayer mientras iban a bordo de un tren rumbo a Estados Unidos, el hecho violento concluy\u00f3 con dos inmigrantes lesionados y otro\u2026","rel":"","context":"En &quot;CINTILLO&quot;","block_context":{"text":"CINTILLO","link":"https:\/\/www.grieta.org.mx\/index.php\/category\/cintillo\/"},"img":{"alt_text":"","src":"https:\/\/i0.wp.com\/www.grieta.org.mx\/wp-content\/uploads\/2018\/03\/14524434_1106112876131411_958039263622046936_o.jpg?resize=350%2C200&ssl=1","width":350,"height":200,"srcset":"https:\/\/i0.wp.com\/www.grieta.org.mx\/wp-content\/uploads\/2018\/03\/14524434_1106112876131411_958039263622046936_o.jpg?resize=350%2C200&ssl=1 1x, https:\/\/i0.wp.com\/www.grieta.org.mx\/wp-content\/uploads\/2018\/03\/14524434_1106112876131411_958039263622046936_o.jpg?resize=525%2C300&ssl=1 1.5x, https:\/\/i0.wp.com\/www.grieta.org.mx\/wp-content\/uploads\/2018\/03\/14524434_1106112876131411_958039263622046936_o.jpg?resize=700%2C400&ssl=1 2x"},"classes":[]},{"id":39417,"url":"https:\/\/www.grieta.org.mx\/index.php\/2019\/08\/08\/denuncian-violacion-a-derechos-de-migrantes-en-tamaulipas\/","url_meta":{"origin":60387,"position":4},"title":"Denuncian violaci\u00f3n a derechos de migrantes en Tamaulipas","author":"grieta","date":"8 agosto, 2019","format":false,"excerpt":"Redacci\u00f3n \/ La Verdad de Tamaulipas Matamoros, Tamaulipas.-El presidente de la Defensa de los Derechos Humanos Internacional en M\u00e9xico, \u00c1lvaro Arce Paz, dijo que los migrantes centroamericanos que entran al pa\u00eds por Matamoros, son violentados en sus derechos humanos adem\u00e1s de ser v\u00edctimas de extorsi\u00f3n, violencia y secuestro. Se\u00f1al\u00f3 que\u2026","rel":"","context":"En &quot;Migrantes&quot;","block_context":{"text":"Migrantes","link":"https:\/\/www.grieta.org.mx\/index.php\/category\/temas-nacionales\/migrantes\/"},"img":{"alt_text":"","src":"https:\/\/i0.wp.com\/www.grieta.org.mx\/wp-content\/uploads\/2019\/09\/https-_www.laverdad.com_.mx_uploads_2019_08_080855-denuncian-violacion-a-derechos-de-migrantes-en-tamaulipas.jpg?resize=350%2C200&ssl=1","width":350,"height":200,"srcset":"https:\/\/i0.wp.com\/www.grieta.org.mx\/wp-content\/uploads\/2019\/09\/https-_www.laverdad.com_.mx_uploads_2019_08_080855-denuncian-violacion-a-derechos-de-migrantes-en-tamaulipas.jpg?resize=350%2C200&ssl=1 1x, https:\/\/i0.wp.com\/www.grieta.org.mx\/wp-content\/uploads\/2019\/09\/https-_www.laverdad.com_.mx_uploads_2019_08_080855-denuncian-violacion-a-derechos-de-migrantes-en-tamaulipas.jpg?resize=525%2C300&ssl=1 1.5x"},"classes":[]},{"id":3351,"url":"https:\/\/www.grieta.org.mx\/index.php\/2015\/10\/09\/matan-y-golpean-a-migrantes-centroamericanos-en-tlaxcala-mexico\/","url_meta":{"origin":60387,"position":5},"title":"Matan y golpean a migrantes centroamericanos en Tlaxcala, M\u00e9xico","author":"grieta","date":"9 octubre, 2015","format":false,"excerpt":"Hoy Polic\u00edas municipales fueron se\u00f1alados por presuntamente matar a un migrante y herir a otros dos cuando dispararon ayer contra un grupo de centroamericanos a bordo de un tren, a la altura del Municipio de Tocatl\u00e1n, Tlaxcala. \u201cVen\u00edamos arriba de los vagones, ven\u00edamos distribuidos en todo el tren, cuando vimos\u2026","rel":"","context":"En &quot;CINTILLO&quot;","block_context":{"text":"CINTILLO","link":"https:\/\/www.grieta.org.mx\/index.php\/category\/cintillo\/"},"img":{"alt_text":"","src":"https:\/\/i0.wp.com\/www.grieta.org.mx\/wp-content\/uploads\/2015\/10\/hoyla-mex-matan-y-golpean-a-migrantes-centroam-001.jpg?resize=350%2C200&ssl=1","width":350,"height":200,"srcset":"https:\/\/i0.wp.com\/www.grieta.org.mx\/wp-content\/uploads\/2015\/10\/hoyla-mex-matan-y-golpean-a-migrantes-centroam-001.jpg?resize=350%2C200&ssl=1 1x, https:\/\/i0.wp.com\/www.grieta.org.mx\/wp-content\/uploads\/2015\/10\/hoyla-mex-matan-y-golpean-a-migrantes-centroam-001.jpg?resize=525%2C300&ssl=1 1.5x, https:\/\/i0.wp.com\/www.grieta.org.mx\/wp-content\/uploads\/2015\/10\/hoyla-mex-matan-y-golpean-a-migrantes-centroam-001.jpg?resize=700%2C400&ssl=1 2x"},"classes":[]}],"_links":{"self":[{"href":"https:\/\/www.grieta.org.mx\/index.php\/wp-json\/wp\/v2\/posts\/60387","targetHints":{"allow":["GET"]}}],"collection":[{"href":"https:\/\/www.grieta.org.mx\/index.php\/wp-json\/wp\/v2\/posts"}],"about":[{"href":"https:\/\/www.grieta.org.mx\/index.php\/wp-json\/wp\/v2\/types\/post"}],"author":[{"embeddable":true,"href":"https:\/\/www.grieta.org.mx\/index.php\/wp-json\/wp\/v2\/users\/2"}],"replies":[{"embeddable":true,"href":"https:\/\/www.grieta.org.mx\/index.php\/wp-json\/wp\/v2\/comments?post=60387"}],"version-history":[{"count":1,"href":"https:\/\/www.grieta.org.mx\/index.php\/wp-json\/wp\/v2\/posts\/60387\/revisions"}],"predecessor-version":[{"id":60390,"href":"https:\/\/www.grieta.org.mx\/index.php\/wp-json\/wp\/v2\/posts\/60387\/revisions\/60390"}],"wp:featuredmedia":[{"embeddable":true,"href":"https:\/\/www.grieta.org.mx\/index.php\/wp-json\/wp\/v2\/media\/60389"}],"wp:attachment":[{"href":"https:\/\/www.grieta.org.mx\/index.php\/wp-json\/wp\/v2\/media?parent=60387"}],"wp:term":[{"taxonomy":"category","embeddable":true,"href":"https:\/\/www.grieta.org.mx\/index.php\/wp-json\/wp\/v2\/categories?post=60387"},{"taxonomy":"post_tag","embeddable":true,"href":"https:\/\/www.grieta.org.mx\/index.php\/wp-json\/wp\/v2\/tags?post=60387"}],"curies":[{"name":"wp","href":"https:\/\/api.w.org\/{rel}","templated":true}]}}