{"id":60375,"date":"2021-06-28T08:11:39","date_gmt":"2021-06-28T13:11:39","guid":{"rendered":"https:\/\/www.grieta.org.mx\/?p=60375"},"modified":"2021-07-12T08:58:06","modified_gmt":"2021-07-12T13:58:06","slug":"organizaciones-denuncian-tortura-a-personas-migrantes-y-refugiadas-en-estacion-de-chiapas","status":"publish","type":"post","link":"https:\/\/www.grieta.org.mx\/index.php\/2021\/06\/28\/organizaciones-denuncian-tortura-a-personas-migrantes-y-refugiadas-en-estacion-de-chiapas\/","title":{"rendered":"Organizaciones denuncian tortura a personas migrantes y refugiadas en estaci\u00f3n de Chiapas"},"content":{"rendered":"<p><strong>Organizaciones defensoras de derechos de personas migrantes documentaron actos de tortura en la estaci\u00f3n migratoria Siglo XXI de Tapachula y alertaron la falta de acciones contundentes del Poder Judicial de la Federaci\u00f3n para garantizar la protecci\u00f3n de las v\u00edctimas<\/strong><\/p>\n<p>Texto: Chiapas Paralelo \/ Foto: Archivo \u00c1ngeles Mariscal\/ PIE DE P\u00c1GINA<\/p>\n<p>CHIAPAS.- El Colectivo de Observaci\u00f3n y Monitoreo de Derechos Humanos en el Sureste Mexicano (COMDHSE) denunci\u00f3 actos de tortura contra la poblaci\u00f3n migrante y refugiada en la Estaci\u00f3n Migratoria Siglo XXI, ocurridos el pasado martes 15 de junio.<\/p>\n<p>Las organizaciones integrantes del Colectivo mencionaron que, a partir de las denuncias p\u00fablicas realizadas en distintos medios de comunicaci\u00f3n, as\u00ed como los testimonios de las propias personas, documentaron actos de tortura a los que fueron sometidos hombres detenidos en el m\u00f3dulo masculino, luego de que protestaran por la falta de claridad en sus procesos migratorios y de acceso al refugio, y por recibir comida en descomposici\u00f3n.<\/p>\n<p>Los hombres fueron sacados al patio de la Estaci\u00f3n Migratoria, algunos fueron golpeados y todos ellos obligados a acostarse boca arriba con las manos en la nuca, posici\u00f3n en la que permanecieron de las 14 horas a las 24 horas, aproximadamente, bajo el sol y la lluvia, con la prohibici\u00f3n de cerrar los ojos, bajo amenaza de ser golpeados si as\u00ed lo hicieran, denunci\u00f3 el colectivo.<\/p>\n<p>Mencionaron que, como consecuencia de dichos actos de tortura, las personas presentaron afectaciones f\u00edsicas como problemas respiratorios, debilidad, dolores en el cuerpo e impactos psicol\u00f3gicos.<\/p>\n<blockquote class=\"twitter-tweet\">\n<p dir=\"ltr\" lang=\"es\">\u26a0\ufe0f<a href=\"https:\/\/twitter.com\/hashtag\/COMUNICADO?src=hash&amp;ref_src=twsrc%5Etfw\">#COMUNICADO<\/a> <a href=\"https:\/\/twitter.com\/hashtag\/URGENTE?src=hash&amp;ref_src=twsrc%5Etfw\">#URGENTE<\/a><\/p>\n<p>Ante los actos de tortura a los que fue sometida la poblaci\u00f3n migrante, solicitante de refugio y refugiada en la Estaci\u00f3n Migratoria Siglo XXI el 15 de junio, el <a href=\"https:\/\/twitter.com\/hashtag\/COMDHSE?src=hash&amp;ref_src=twsrc%5Etfw\">#COMDHSE<\/a> solicitamos una visita de inspecci\u00f3n judicial y de la CNDH, junto a la sociedad civil <a href=\"https:\/\/piedepagina.mx\/organizaciones-denuncian-tortura-a-personas-migrantes-y-refugiadas-en-estacion-de-chiapas\/\" target=\"_blank\" rel=\"noopener\">https:\/\/piedepagina.mx\/organizaciones-denuncian-tortura-a-personas-migrantes-y-refugiadas-en-estacion-de-chiapas\/<\/a>href=&#8221;https:\/\/t.co\/gjFH8spvzS&#8221;&gt;pic.twitter.com\/gjFH8spvzS<\/p>\n<p>\u2014 PRAMI (@PRAMI_IBERO) <a href=\"https:\/\/twitter.com\/PRAMI_IBERO\/status\/1408516593630564357?ref_src=twsrc%5Etfw\">June 25, 2021<\/a><\/p><\/blockquote>\n<p><script async src=\"https:\/\/platform.twitter.com\/widgets.js\" charset=\"utf-8\"><\/script><\/p>\n<p>Ante estos hechos, en los que de acuerdo con las fotograf\u00edas p\u00fablicas se observa la participaci\u00f3n de elementos del Instituto Nacional de Migraci\u00f3n (INM) y la Guardia Nacional (GN), se interpusieron un amparo con n\u00famero 254\/2021 y una queja ante la CNDH, para solicitar una visita de inspecci\u00f3n judicial y de la Comisi\u00f3n a la Estaci\u00f3n Migratoria, con la colaboraci\u00f3n de la sociedad civil. Tambi\u00e9n, ordenar la revisi\u00f3n m\u00e9dica y psicol\u00f3gica de las personas en detenci\u00f3n; evitar la deportaci\u00f3n o devoluci\u00f3n de las personas alojadas en el m\u00f3dulo de hombres el d\u00eda 15 de junio, hasta en tanto se manifiesta su libre voluntad en este sentido.<\/p>\n<p>El colectivo acus\u00f3 que la respuesta del Poder Judicial al solicitar a la organizaci\u00f3n promovente la identificaci\u00f3n de las posibles v\u00edctimas y su presentaci\u00f3n ante las autoridades deslinda de responsabilidad al Estado, ya que es el \u00fanico ente en posesi\u00f3n de los datos de las v\u00edctimas. Al mismo tiempo, se\u00f1alaron, impide el acceso a atenci\u00f3n m\u00e9dica y psicol\u00f3gica de las mismas y deja de manifiesto la falta de mecanismos efectivos de acceso a la justicia para personas migrantes, solicitantes de refugio y refugiadas en M\u00e9xico, inst\u00f3 el Colectivo.<\/p>\n<p>Por lo anterior, las organizaciones solicitaron la actuaci\u00f3n inmediata del Poder Judicial y de la Comisi\u00f3n Nacional de Derechos Humanos para evitar que dichos actos de tortura se contin\u00faen, solicitar a las posibles autoridades involucradas informes exhaustivos sobre los hechos y, en su caso, conceder el amparo y la protecci\u00f3n de la justicia federal a las v\u00edctimas.<\/p>\n<p><a href=\"https:\/\/piedepagina.mx\/organizaciones-denuncian-tortura-a-personas-migrantes-y-refugiadas-en-estacion-de-chiapas\/\" target=\"_blank\" rel=\"noopener\">https:\/\/piedepagina.mx\/organizaciones-denuncian-tortura-a-personas-migrantes-y-refugiadas-en-estacion-de-chiapas\/<\/a><\/p>\n","protected":false},"excerpt":{"rendered":"<p>Organizaciones defensoras de derechos de personas migrantes documentaron actos de tortura en la estaci\u00f3n migratoria Siglo XXI de Tapachula y alertaron la falta de acciones contundentes del Poder Judicial de &hellip; <a href=\"https:\/\/www.grieta.org.mx\/index.php\/2021\/06\/28\/organizaciones-denuncian-tortura-a-personas-migrantes-y-refugiadas-en-estacion-de-chiapas\/\" class=\"more-link\">Leer m\u00e1s<\/a><\/p>\n","protected":false},"author":2,"featured_media":60380,"comment_status":"closed","ping_status":"closed","sticky":false,"template":"","format":"standard","meta":{"ngg_post_thumbnail":0,"_jetpack_newsletter_access":"","_jetpack_dont_email_post_to_subs":false,"_jetpack_newsletter_tier_id":0,"_jetpack_memberships_contains_paywalled_content":false,"_jetpack_memberships_contains_paid_content":false,"footnotes":""},"categories":[80,86,2,83],"tags":[2779,3707,158,325,2788,2868],"class_list":["post-60375","post","type-post","status-publish","format-standard","has-post-thumbnail","hentry","category-cintillo","category-migrantes","category-noticias-nacionales","category-temas-nacionales","tag-alineacion-de-amlo-con-politica-antimigrante-de-eu","tag-instituto-nacional-de-migracion","tag-migrantes","tag-tortura","tag-violacion-de-derechos-humanos-de-migrantes-por-el-estado-mexicano","tag-violencia-del-estado-mexicano-contra-migrantes","entry"],"jetpack_featured_media_url":"https:\/\/www.grieta.org.mx\/wp-content\/uploads\/2021\/07\/chiapas_IMUMI_mujeres_migrantes_ANgeles_M3.jpg","jetpack_sharing_enabled":true,"jetpack_shortlink":"https:\/\/wp.me\/p7ZJR4-fHN","jetpack_likes_enabled":false,"jetpack-related-posts":[{"id":44313,"url":"https:\/\/www.grieta.org.mx\/index.php\/2020\/01\/24\/denuncia-estudiante-de-la-enah-tortura-en-estacion-migratoria-de-tabasco\/","url_meta":{"origin":60375,"position":0},"title":"Denuncia estudiante de la ENAH tortura en Estaci\u00f3n Migratoria de Tabasco","author":"grieta","date":"24 enero, 2020","format":false,"excerpt":"Entrevistada en exclusiva por esta casa editorial, Dulce Susana Jacobo Cruz narr\u00f3 lo que vivi\u00f3 desde el momento de ser asegurada por personal del INM; mencion\u00f3 \u201cles dieron choques el\u00e9ctricos a menores de edad\u201d Rub\u00e9n Concepci\u00f3n G\u00f3ngora\/ EL HERALDO DE TABASCO La joven estudiante de la escuela Nacional de Antropolog\u00eda\u2026","rel":"","context":"En &quot;CINTILLO&quot;","block_context":{"text":"CINTILLO","link":"https:\/\/www.grieta.org.mx\/index.php\/category\/cintillo\/"},"img":{"alt_text":"","src":"https:\/\/i0.wp.com\/www.grieta.org.mx\/wp-content\/uploads\/2018\/03\/14524434_1106112876131411_958039263622046936_o.jpg?resize=350%2C200&ssl=1","width":350,"height":200,"srcset":"https:\/\/i0.wp.com\/www.grieta.org.mx\/wp-content\/uploads\/2018\/03\/14524434_1106112876131411_958039263622046936_o.jpg?resize=350%2C200&ssl=1 1x, https:\/\/i0.wp.com\/www.grieta.org.mx\/wp-content\/uploads\/2018\/03\/14524434_1106112876131411_958039263622046936_o.jpg?resize=525%2C300&ssl=1 1.5x, https:\/\/i0.wp.com\/www.grieta.org.mx\/wp-content\/uploads\/2018\/03\/14524434_1106112876131411_958039263622046936_o.jpg?resize=700%2C400&ssl=1 2x"},"classes":[]},{"id":47457,"url":"https:\/\/www.grieta.org.mx\/index.php\/2020\/04\/06\/abogan-28-ombudsperson-por-migrantes-y-urgen-alternativas-a-la-detencion\/","url_meta":{"origin":60375,"position":1},"title":"Abogan 28 ombudsperson por migrantes y urgen \u201calternativas a la detenci\u00f3n\u201d","author":"grieta","date":"6 abril, 2020","format":false,"excerpt":"Gloria Leticia D\u00edaz\/ PROCESO CIUDAD DE M\u00c9XICO (apro).- Ante la vulnerabilidad de las personas migrantes concentradas en estaciones migratorias frente a la emergencia sanitaria por la pandemia de covid-19, 28 ombudsperson que forman parte de la Federaci\u00f3n Mexicana de Organismos P\u00fablicos de Derechos Humanos (FMOPDH) exigieron al gobierno federal buscar\u2026","rel":"","context":"En &quot;CINTILLO&quot;","block_context":{"text":"CINTILLO","link":"https:\/\/www.grieta.org.mx\/index.php\/category\/cintillo\/"},"img":{"alt_text":"","src":"https:\/\/i0.wp.com\/www.grieta.org.mx\/wp-content\/uploads\/2020\/04\/tenosique-estacion.jpg?resize=350%2C200&ssl=1","width":350,"height":200,"srcset":"https:\/\/i0.wp.com\/www.grieta.org.mx\/wp-content\/uploads\/2020\/04\/tenosique-estacion.jpg?resize=350%2C200&ssl=1 1x, https:\/\/i0.wp.com\/www.grieta.org.mx\/wp-content\/uploads\/2020\/04\/tenosique-estacion.jpg?resize=525%2C300&ssl=1 1.5x, https:\/\/i0.wp.com\/www.grieta.org.mx\/wp-content\/uploads\/2020\/04\/tenosique-estacion.jpg?resize=700%2C400&ssl=1 2x"},"classes":[]},{"id":58205,"url":"https:\/\/www.grieta.org.mx\/index.php\/2021\/04\/02\/operativos-en-frontera-sur-son-para-reprimir-y-detener-a-migrantes-no-rescates-humanitarios-ong\/","url_meta":{"origin":60375,"position":2},"title":"Operativos en frontera sur son para reprimir y detener a migrantes, no rescates humanitarios: ONG","author":"grieta","date":"2 abril, 2021","format":false,"excerpt":"El Colectivo de Observaci\u00f3n y Monitoreo de Derechos Humanos en el Sureste Mexicano, conformado por 12 organizaciones, critic\u00f3 que la \u201cnarrativa de seguridad promovida\u201d y el \u201cfalso discurso de derechos humanos\u201d que emplea el gobierno federal desemboca en la criminalizaci\u00f3n La Redacci\u00f3n\/ PROCESO CIUDAD DE M\u00c9XICO (apro).- Los operativos contra\u2026","rel":"","context":"En &quot;CINTILLO&quot;","block_context":{"text":"CINTILLO","link":"https:\/\/www.grieta.org.mx\/index.php\/category\/cintillo\/"},"img":{"alt_text":"","src":"https:\/\/i0.wp.com\/www.grieta.org.mx\/wp-content\/uploads\/2021\/04\/f800x450-132498_183944_5050.jpg?resize=350%2C200&ssl=1","width":350,"height":200,"srcset":"https:\/\/i0.wp.com\/www.grieta.org.mx\/wp-content\/uploads\/2021\/04\/f800x450-132498_183944_5050.jpg?resize=350%2C200&ssl=1 1x, https:\/\/i0.wp.com\/www.grieta.org.mx\/wp-content\/uploads\/2021\/04\/f800x450-132498_183944_5050.jpg?resize=525%2C300&ssl=1 1.5x, https:\/\/i0.wp.com\/www.grieta.org.mx\/wp-content\/uploads\/2021\/04\/f800x450-132498_183944_5050.jpg?resize=700%2C400&ssl=1 2x"},"classes":[]},{"id":44310,"url":"https:\/\/www.grieta.org.mx\/index.php\/2020\/02\/12\/cndh-investiga-denuncias-por-maltrato-y-descargas-electricas-contra-migrantes-en-tabasco\/","url_meta":{"origin":60375,"position":3},"title":"CNDH investiga denuncias por maltrato y descargas el\u00e9ctricas contra migrantes en Tabasco","author":"grieta","date":"12 febrero, 2020","format":false,"excerpt":"En enero pasado, una estudiante mexicana que estuvo en la estaci\u00f3n \"El Anexo\", en Tabasco, denunci\u00f3 que los migrantes detenidos fueron maltratados, e incluso sometidos con descargas el\u00e9ctricas, por parte del personal del INM. ANIMAL POL\u00cdTICO La Comisi\u00f3n Nacional de los Derechos Humanos (CNDH) investiga las presuntas vulneraciones cometidas contra\u2026","rel":"","context":"En &quot;CINTILLO&quot;","block_context":{"text":"CINTILLO","link":"https:\/\/www.grieta.org.mx\/index.php\/category\/cintillo\/"},"img":{"alt_text":"","src":"https:\/\/i0.wp.com\/www.grieta.org.mx\/wp-content\/uploads\/2020\/02\/cndh_denuncias_maltrato_migrantes-e1581546296311.jpeg?resize=350%2C200&ssl=1","width":350,"height":200,"srcset":"https:\/\/i0.wp.com\/www.grieta.org.mx\/wp-content\/uploads\/2020\/02\/cndh_denuncias_maltrato_migrantes-e1581546296311.jpeg?resize=350%2C200&ssl=1 1x, https:\/\/i0.wp.com\/www.grieta.org.mx\/wp-content\/uploads\/2020\/02\/cndh_denuncias_maltrato_migrantes-e1581546296311.jpeg?resize=525%2C300&ssl=1 1.5x, https:\/\/i0.wp.com\/www.grieta.org.mx\/wp-content\/uploads\/2020\/02\/cndh_denuncias_maltrato_migrantes-e1581546296311.jpeg?resize=700%2C400&ssl=1 2x, https:\/\/i0.wp.com\/www.grieta.org.mx\/wp-content\/uploads\/2020\/02\/cndh_denuncias_maltrato_migrantes-e1581546296311.jpeg?resize=1050%2C600&ssl=1 3x, https:\/\/i0.wp.com\/www.grieta.org.mx\/wp-content\/uploads\/2020\/02\/cndh_denuncias_maltrato_migrantes-e1581546296311.jpeg?resize=1400%2C800&ssl=1 4x"},"classes":[]},{"id":40414,"url":"https:\/\/www.grieta.org.mx\/index.php\/2019\/10\/23\/xenofobia-y-criminalizacion-de-migrantes-en-inm-ong\/","url_meta":{"origin":60375,"position":4},"title":"Xenofobia y criminalizaci\u00f3n de migrantes en INM: ONG","author":"grieta","date":"23 octubre, 2019","format":false,"excerpt":"El titular del Instituto Nacional de Migraci\u00f3n fue se\u00f1alado de xen\u00f3fobo y de promover la criminalizaci\u00f3n de migrantes por parte de organizaciones ciudadanas. Conapred inici\u00f3 investigaci\u00f3n Redacci\u00f3n\/ PIE DE P\u00c1GINA Texto: CHIAPAS PARALELO Foto: Guillermo Arias El Consejo Ciudadano del Instituto Nacional de Migraci\u00f3n y organizaciones sociales reprobaron las declaraciones\u2026","rel":"","context":"En &quot;CINTILLO&quot;","block_context":{"text":"CINTILLO","link":"https:\/\/www.grieta.org.mx\/index.php\/category\/cintillo\/"},"img":{"alt_text":"","src":"https:\/\/i0.wp.com\/www.grieta.org.mx\/wp-content\/uploads\/2019\/10\/ppa.jpg?resize=350%2C200","width":350,"height":200,"srcset":"https:\/\/i0.wp.com\/www.grieta.org.mx\/wp-content\/uploads\/2019\/10\/ppa.jpg?resize=350%2C200 1x, https:\/\/i0.wp.com\/www.grieta.org.mx\/wp-content\/uploads\/2019\/10\/ppa.jpg?resize=525%2C300 1.5x, https:\/\/i0.wp.com\/www.grieta.org.mx\/wp-content\/uploads\/2019\/10\/ppa.jpg?resize=700%2C400 2x"},"classes":[]},{"id":58208,"url":"https:\/\/www.grieta.org.mx\/index.php\/2021\/04\/07\/la-politica-migratoria-de-mexico-criminaliza-reprime-asesina\/","url_meta":{"origin":60375,"position":5},"title":"La pol\u00edtica migratoria de M\u00e9xico criminaliza, reprime, asesina&#8230;","author":"grieta","date":"7 abril, 2021","format":false,"excerpt":"El discurso humanitario del presidente L\u00f3pez Obrador no se refleja en los hechos. En vez de tratar a los migrantes como a personas desplazadas de sus lugares de origen, se les criminaliza a fin de deportarlos o, peor a\u00fan, dejarlos a merced de la delincuencia organizada Patricia D\u00e1vila\/ PROCESO Para\u2026","rel":"","context":"En &quot;CINTILLO&quot;","block_context":{"text":"CINTILLO","link":"https:\/\/www.grieta.org.mx\/index.php\/category\/cintillo\/"},"img":{"alt_text":"","src":"https:\/\/i0.wp.com\/www.grieta.org.mx\/wp-content\/uploads\/2021\/04\/f800x450-133082_184528_5050.jpg?resize=350%2C200&ssl=1","width":350,"height":200,"srcset":"https:\/\/i0.wp.com\/www.grieta.org.mx\/wp-content\/uploads\/2021\/04\/f800x450-133082_184528_5050.jpg?resize=350%2C200&ssl=1 1x, https:\/\/i0.wp.com\/www.grieta.org.mx\/wp-content\/uploads\/2021\/04\/f800x450-133082_184528_5050.jpg?resize=525%2C300&ssl=1 1.5x, https:\/\/i0.wp.com\/www.grieta.org.mx\/wp-content\/uploads\/2021\/04\/f800x450-133082_184528_5050.jpg?resize=700%2C400&ssl=1 2x"},"classes":[]}],"_links":{"self":[{"href":"https:\/\/www.grieta.org.mx\/index.php\/wp-json\/wp\/v2\/posts\/60375","targetHints":{"allow":["GET"]}}],"collection":[{"href":"https:\/\/www.grieta.org.mx\/index.php\/wp-json\/wp\/v2\/posts"}],"about":[{"href":"https:\/\/www.grieta.org.mx\/index.php\/wp-json\/wp\/v2\/types\/post"}],"author":[{"embeddable":true,"href":"https:\/\/www.grieta.org.mx\/index.php\/wp-json\/wp\/v2\/users\/2"}],"replies":[{"embeddable":true,"href":"https:\/\/www.grieta.org.mx\/index.php\/wp-json\/wp\/v2\/comments?post=60375"}],"version-history":[{"count":1,"href":"https:\/\/www.grieta.org.mx\/index.php\/wp-json\/wp\/v2\/posts\/60375\/revisions"}],"predecessor-version":[{"id":60382,"href":"https:\/\/www.grieta.org.mx\/index.php\/wp-json\/wp\/v2\/posts\/60375\/revisions\/60382"}],"wp:featuredmedia":[{"embeddable":true,"href":"https:\/\/www.grieta.org.mx\/index.php\/wp-json\/wp\/v2\/media\/60380"}],"wp:attachment":[{"href":"https:\/\/www.grieta.org.mx\/index.php\/wp-json\/wp\/v2\/media?parent=60375"}],"wp:term":[{"taxonomy":"category","embeddable":true,"href":"https:\/\/www.grieta.org.mx\/index.php\/wp-json\/wp\/v2\/categories?post=60375"},{"taxonomy":"post_tag","embeddable":true,"href":"https:\/\/www.grieta.org.mx\/index.php\/wp-json\/wp\/v2\/tags?post=60375"}],"curies":[{"name":"wp","href":"https:\/\/api.w.org\/{rel}","templated":true}]}}