{"id":60366,"date":"2021-07-08T19:38:40","date_gmt":"2021-07-09T00:38:40","guid":{"rendered":"http:\/\/www.grieta.org.mx\/?p=60366"},"modified":"2021-07-11T21:42:42","modified_gmt":"2021-07-12T02:42:42","slug":"organizaciones-senalan-persecucion-contra-integrantes-de-mexicali-resiste-baja-california","status":"publish","type":"post","link":"https:\/\/www.grieta.org.mx\/index.php\/2021\/07\/08\/organizaciones-senalan-persecucion-contra-integrantes-de-mexicali-resiste-baja-california\/","title":{"rendered":"Organizaciones se\u00f1alan persecuci\u00f3n contra integrantes de Mexicali Resiste (Baja California)"},"content":{"rendered":"<p>La coperacha \/ Redacci\u00f3n.<\/p>\n<p><img loading=\"lazy\" decoding=\"async\" data-attachment-id=\"60367\" data-permalink=\"https:\/\/www.grieta.org.mx\/index.php\/2021\/07\/08\/organizaciones-senalan-persecucion-contra-integrantes-de-mexicali-resiste-baja-california\/x-23\/\" data-orig-file=\"https:\/\/www.grieta.org.mx\/wp-content\/uploads\/2021\/07\/X-1.jpg\" data-orig-size=\"764,420\" data-comments-opened=\"0\" data-image-meta=\"{&quot;aperture&quot;:&quot;0&quot;,&quot;credit&quot;:&quot;&quot;,&quot;camera&quot;:&quot;&quot;,&quot;caption&quot;:&quot;&quot;,&quot;created_timestamp&quot;:&quot;0&quot;,&quot;copyright&quot;:&quot;&quot;,&quot;focal_length&quot;:&quot;0&quot;,&quot;iso&quot;:&quot;0&quot;,&quot;shutter_speed&quot;:&quot;0&quot;,&quot;title&quot;:&quot;&quot;,&quot;orientation&quot;:&quot;0&quot;}\" data-image-title=\"X\" data-image-description=\"\" data-image-caption=\"\" data-medium-file=\"https:\/\/www.grieta.org.mx\/wp-content\/uploads\/2021\/07\/X-1-300x165.jpg\" data-large-file=\"https:\/\/www.grieta.org.mx\/wp-content\/uploads\/2021\/07\/X-1.jpg\" class=\"alignnone wp-image-60367\" src=\"http:\/\/www.grieta.org.mx\/wp-content\/uploads\/2021\/07\/X-1.jpg\" alt=\"\" width=\"800\" height=\"440\" srcset=\"https:\/\/www.grieta.org.mx\/wp-content\/uploads\/2021\/07\/X-1.jpg 764w, https:\/\/www.grieta.org.mx\/wp-content\/uploads\/2021\/07\/X-1-300x165.jpg 300w\" sizes=\"auto, (max-width: 800px) 100vw, 800px\" \/><\/p>\n<p>Congreso de Baja California reabre caso de despojo contra defensores del agua.<\/p>\n<p>La Coordinadora Nacional Agua para Todos, Agua para la Vida, el Congreso Nacional Ind\u00edgena (CNI), algunas escuelas normales, entre otros colectivos, exigieron al legislativo de Baja California cese la persecuci\u00f3n a defensores del agua de la organizaci\u00f3n Mexicali Resiste.<\/p>\n<p>Esto debido a que el Congreso estatal program\u00f3 hoy una audiencia para reabrir el caso que acusa de despojo a miembros de Mexicali Resiste. Desde enero de 2021, se\u00f1al\u00f3 la Coordinadora, la actual Legislatura y el Ejecutivo estatal implementan acciones de represi\u00f3n extrema contra activistas que mantienen la lucha y defensa del agua y el territorio.<\/p>\n<p>A\u00f1adi\u00f3 que \u201cno podemos permitir que estos defensores sean sujetos de agresiones y hostigamientos como represalia\u201d, adem\u00e1s de exigir que las Secretar\u00edas de Medio Ambiente y de Gobernaci\u00f3n intervengan para cesar la persecuci\u00f3n.<\/p>\n<p>Por su parte, el CNI llam\u00f3 a estar atentos a la integridad de los miembros de Mexicali Resiste y a las acciones que los diferentes niveles de gobierno tomen con la intenci\u00f3n de privatizar y \u201crobar el agua\u201d.<\/p>\n<p>El colectivo Mexicali Resiste se\u00f1al\u00f3 como \u201cuna medida intimidatoria\u201d que el Congreso de Baja California retomar\u00e1 los se\u00f1alamientos contra integrantes de la organizaci\u00f3n, a pesar de que los cargos fueron desestimados y la investigaci\u00f3n se cerr\u00f3 porque la fiscal\u00eda estatal determin\u00f3 que no exist\u00edan los elementos para ejercer acci\u00f3n penal.<\/p>\n<p>\u201cQue se extienda esta solidaridad con otras luchas, queremos tejer y conectar la digna rabia que desde Mexicali estamos gritando y resistiendo a estos intereses capitalistas\u201d, dijo Le\u00f3n Fierro, integrante de Mexicali Resiste, uno de los acusados por las autoridades.<\/p>\n<p>Los d\u00edas 21 y 22 de marzo de 2020 se llev\u00f3 a cabo la Consulta Ciudadana donde participaron 3,6 mil 781 personas, de las cuales 76.1% manifestaron su desacuerdo con la construcci\u00f3n y operaci\u00f3n de la cervecera en Mexicali.<\/p>\n<p><a href=\"https:\/\/lacoperacha.org.mx\/organizaciones-senalan-persecucion-integrantes-mexicali-resiste\/\" target=\"_blank\" rel=\"noopener\">https:\/\/lacoperacha.org.mx\/organizaciones-senalan-persecucion-integrantes-mexicali-resiste\/<\/a><\/p>\n","protected":false},"excerpt":{"rendered":"<p>La coperacha \/ Redacci\u00f3n. Congreso de Baja California reabre caso de despojo contra defensores del agua. La Coordinadora Nacional Agua para Todos, Agua para la Vida, el Congreso Nacional Ind\u00edgena &hellip; <a href=\"https:\/\/www.grieta.org.mx\/index.php\/2021\/07\/08\/organizaciones-senalan-persecucion-contra-integrantes-de-mexicali-resiste-baja-california\/\" class=\"more-link\">Leer m\u00e1s<\/a><\/p>\n","protected":false},"author":2,"featured_media":60367,"comment_status":"closed","ping_status":"closed","sticky":false,"template":"","format":"standard","meta":{"ngg_post_thumbnail":0,"_jetpack_newsletter_access":"","_jetpack_dont_email_post_to_subs":false,"_jetpack_newsletter_tier_id":0,"_jetpack_memberships_contains_paywalled_content":false,"_jetpack_memberships_contains_paid_content":false,"footnotes":""},"categories":[5,80,2489,1052,2,3665],"tags":[],"class_list":["post-60366","post","type-post","status-publish","format-standard","has-post-thumbnail","hentry","category-baja-california","category-cintillo","category-conflictos-por-agua-en-baja-california","category-la-lucha-de-resistencia-frente-a-la-cervecera-constellation-brands","category-noticias-nacionales","category-represion-en-baja-california","entry"],"jetpack_featured_media_url":"https:\/\/www.grieta.org.mx\/wp-content\/uploads\/2021\/07\/X-1.jpg","jetpack_sharing_enabled":true,"jetpack_shortlink":"https:\/\/wp.me\/p7ZJR4-fHE","jetpack_likes_enabled":false,"jetpack-related-posts":[{"id":60350,"url":"https:\/\/www.grieta.org.mx\/index.php\/2021\/07\/07\/protestan-en-palacio-nacional-por-persecucion-al-colectivo-mexicali-resiste-baja-california\/","url_meta":{"origin":60366,"position":0},"title":"Protestan en Palacio Nacional por persecuci\u00f3n al colectivo Mexicali Resiste (Baja California)","author":"grieta","date":"7 julio, 2021","format":false,"excerpt":"Regeneraci\u00f3n Radio \/ Sandra Suaste. Ciudad de M\u00e9xico Colectivos y organizaciones protestaron a las afueras de Palacio Nacional en apoyo a los activistas que defienden el agua y el territorio. En d\u00edas anteriores, los integrantes de Mexicali Resiste denunciaron persecuci\u00f3n pol\u00edtica. El Congreso de Baja California los cit\u00f3 a una\u2026","rel":"","context":"En &quot;Baja California&quot;","block_context":{"text":"Baja California","link":"https:\/\/www.grieta.org.mx\/index.php\/category\/noticias-nacionales\/baja-california\/"},"img":{"alt_text":"","src":"https:\/\/i0.wp.com\/www.grieta.org.mx\/wp-content\/uploads\/2021\/07\/Mexicali-Resiste.jpg?resize=350%2C200&ssl=1","width":350,"height":200,"srcset":"https:\/\/i0.wp.com\/www.grieta.org.mx\/wp-content\/uploads\/2021\/07\/Mexicali-Resiste.jpg?resize=350%2C200&ssl=1 1x, https:\/\/i0.wp.com\/www.grieta.org.mx\/wp-content\/uploads\/2021\/07\/Mexicali-Resiste.jpg?resize=525%2C300&ssl=1 1.5x, https:\/\/i0.wp.com\/www.grieta.org.mx\/wp-content\/uploads\/2021\/07\/Mexicali-Resiste.jpg?resize=700%2C400&ssl=1 2x, https:\/\/i0.wp.com\/www.grieta.org.mx\/wp-content\/uploads\/2021\/07\/Mexicali-Resiste.jpg?resize=1050%2C600&ssl=1 3x, https:\/\/i0.wp.com\/www.grieta.org.mx\/wp-content\/uploads\/2021\/07\/Mexicali-Resiste.jpg?resize=1400%2C800&ssl=1 4x"},"classes":[]},{"id":60489,"url":"https:\/\/www.grieta.org.mx\/index.php\/2021\/07\/07\/protestan-en-palacio-nacional-por-persecucion-al-colectivo-mexicali-resiste\/","url_meta":{"origin":60366,"position":1},"title":"Protestan en Palacio Nacional por persecuci\u00f3n al colectivo Mexicali Resiste","author":"grieta","date":"7 julio, 2021","format":false,"excerpt":"Regeneraci\u00f3n Radio \/ Sandra Suaste. Ciudad de M\u00e9xico.- Colectivos y organizaciones protestaron a las afueras de Palacio Nacional en apoyo a los activistas que defienden el agua y el territorio. En d\u00edas anteriores, los integrantes de Mexicali Resiste denunciaron persecuci\u00f3n pol\u00edtica. El Congreso de Baja California los cit\u00f3 a una\u2026","rel":"","context":"En &quot;Baja California&quot;","block_context":{"text":"Baja California","link":"https:\/\/www.grieta.org.mx\/index.php\/category\/noticias-nacionales\/baja-california\/"},"img":{"alt_text":"","src":"https:\/\/i0.wp.com\/www.grieta.org.mx\/wp-content\/uploads\/2021\/07\/2-2.jpg?resize=350%2C200&ssl=1","width":350,"height":200,"srcset":"https:\/\/i0.wp.com\/www.grieta.org.mx\/wp-content\/uploads\/2021\/07\/2-2.jpg?resize=350%2C200&ssl=1 1x, https:\/\/i0.wp.com\/www.grieta.org.mx\/wp-content\/uploads\/2021\/07\/2-2.jpg?resize=525%2C300&ssl=1 1.5x, https:\/\/i0.wp.com\/www.grieta.org.mx\/wp-content\/uploads\/2021\/07\/2-2.jpg?resize=700%2C400&ssl=1 2x"},"classes":[]},{"id":60363,"url":"https:\/\/www.grieta.org.mx\/index.php\/2021\/07\/07\/pronunciamiento-del-cni-cig-en-solidaridad-con-mexicali-resiste\/","url_meta":{"origin":60366,"position":2},"title":"Pronunciamiento del CNI \u2013 CIG en solidaridad con Mexicali Resiste","author":"grieta","date":"7 julio, 2021","format":false,"excerpt":"Al Colectivo Mexicali Resiste Al pueblo de Baja California Al pueblo de M\u00e9xico A la Sexta Nacional e Internacional A los medios de comunicaci\u00f3n Hoy, nos declaramos en alerta ante la amenaza a la libertad de las y los compa\u00f1er@s del colectivo Mexicali Resiste, en el estado de Baja California,\u2026","rel":"","context":"En &quot;Baja California&quot;","block_context":{"text":"Baja California","link":"https:\/\/www.grieta.org.mx\/index.php\/category\/noticias-nacionales\/baja-california\/"},"img":{"alt_text":"","src":"https:\/\/i0.wp.com\/www.grieta.org.mx\/wp-content\/uploads\/2021\/07\/logo-CNI-T.png?resize=350%2C200&ssl=1","width":350,"height":200,"srcset":"https:\/\/i0.wp.com\/www.grieta.org.mx\/wp-content\/uploads\/2021\/07\/logo-CNI-T.png?resize=350%2C200&ssl=1 1x, https:\/\/i0.wp.com\/www.grieta.org.mx\/wp-content\/uploads\/2021\/07\/logo-CNI-T.png?resize=525%2C300&ssl=1 1.5x"},"classes":[]},{"id":60466,"url":"https:\/\/www.grieta.org.mx\/index.php\/2021\/07\/07\/mexicali-resiste-represion-crece-con-la-4t-baja-california\/","url_meta":{"origin":60366,"position":3},"title":"Mexicali Resiste: Represi\u00f3n crece con la 4T (Baja California)","author":"grieta","date":"7 julio, 2021","format":false,"excerpt":"Somos el medio \/ Texto y Fotograf\u00eda: Karen Castillo. \u00a1El agua no se vende, se ama y se defiende! \u00a1Queremos agua y libertad! \u00a1Libertad, libertad, a los presos pol\u00edticos por luchar! \u00a1Mexicali Resiste, el pueblo esta contigo! As\u00ed se escucharon algunas de las consignas en el mitin del d\u00eda de\u2026","rel":"","context":"En &quot;Baja California&quot;","block_context":{"text":"Baja California","link":"https:\/\/www.grieta.org.mx\/index.php\/category\/noticias-nacionales\/baja-california\/"},"img":{"alt_text":"","src":"https:\/\/i0.wp.com\/www.grieta.org.mx\/wp-content\/uploads\/2021\/07\/1.jpg?resize=350%2C200&ssl=1","width":350,"height":200,"srcset":"https:\/\/i0.wp.com\/www.grieta.org.mx\/wp-content\/uploads\/2021\/07\/1.jpg?resize=350%2C200&ssl=1 1x, https:\/\/i0.wp.com\/www.grieta.org.mx\/wp-content\/uploads\/2021\/07\/1.jpg?resize=525%2C300&ssl=1 1.5x, https:\/\/i0.wp.com\/www.grieta.org.mx\/wp-content\/uploads\/2021\/07\/1.jpg?resize=700%2C400&ssl=1 2x, https:\/\/i0.wp.com\/www.grieta.org.mx\/wp-content\/uploads\/2021\/07\/1.jpg?resize=1050%2C600&ssl=1 3x, https:\/\/i0.wp.com\/www.grieta.org.mx\/wp-content\/uploads\/2021\/07\/1.jpg?resize=1400%2C800&ssl=1 4x"},"classes":[]},{"id":23174,"url":"https:\/\/www.grieta.org.mx\/index.php\/2018\/05\/15\/por-que-una-cervecera-de-eu-se-toma-la-poca-agua-que-queda-en-mexicali-que-diga-conagua-inai-baja-california\/","url_meta":{"origin":60366,"position":4},"title":"\u00bfPor qu\u00e9 una cervecera de EU se toma la poca agua que queda en Mexicali? Que diga Conagua: INAI (Baja California)","author":"grieta","date":"15 mayo, 2018","format":false,"excerpt":"Por Redacci\u00f3n El INAI instruy\u00f3 a la Comisi\u00f3n Nacional del Agua a que informe si la instalaci\u00f3n de la planta cervecera Constellation Brands en Mexicali, Baja California, cuenta con los permisos, manifestaciones de impacto ambiental o cualquier expresi\u00f3n documental que avalen la explotaci\u00f3n del agua en la zona, pues todos\u2026","rel":"","context":"En &quot;Baja California&quot;","block_context":{"text":"Baja California","link":"https:\/\/www.grieta.org.mx\/index.php\/category\/noticias-nacionales\/baja-california\/"},"img":{"alt_text":"","src":"https:\/\/i0.wp.com\/www.grieta.org.mx\/wp-content\/uploads\/2018\/05\/leon-fierro-preso-1100.jpg?resize=350%2C200&ssl=1","width":350,"height":200,"srcset":"https:\/\/i0.wp.com\/www.grieta.org.mx\/wp-content\/uploads\/2018\/05\/leon-fierro-preso-1100.jpg?resize=350%2C200&ssl=1 1x, https:\/\/i0.wp.com\/www.grieta.org.mx\/wp-content\/uploads\/2018\/05\/leon-fierro-preso-1100.jpg?resize=525%2C300&ssl=1 1.5x, https:\/\/i0.wp.com\/www.grieta.org.mx\/wp-content\/uploads\/2018\/05\/leon-fierro-preso-1100.jpg?resize=700%2C400&ssl=1 2x, https:\/\/i0.wp.com\/www.grieta.org.mx\/wp-content\/uploads\/2018\/05\/leon-fierro-preso-1100.jpg?resize=1050%2C600&ssl=1 3x"},"classes":[]},{"id":23029,"url":"https:\/\/www.grieta.org.mx\/index.php\/2018\/05\/07\/detencion-de-leon-fierro-criminalizacion-de-la-protesta-en-mexicali-fleps-baja-california\/","url_meta":{"origin":60366,"position":5},"title":"Detenci\u00f3n de Le\u00f3n Fierro, criminalizaci\u00f3n de la protesta en Mexicali: FLEPS (Baja California)","author":"grieta","date":"7 mayo, 2018","format":false,"excerpt":"","rel":"","context":"En &quot;Baja California&quot;","block_context":{"text":"Baja California","link":"https:\/\/www.grieta.org.mx\/index.php\/category\/noticias-nacionales\/baja-california\/"},"img":{"alt_text":"","src":"https:\/\/i0.wp.com\/www.grieta.org.mx\/wp-content\/uploads\/2018\/05\/mexicalli1-720x480.jpg?resize=350%2C200&ssl=1","width":350,"height":200,"srcset":"https:\/\/i0.wp.com\/www.grieta.org.mx\/wp-content\/uploads\/2018\/05\/mexicalli1-720x480.jpg?resize=350%2C200&ssl=1 1x, https:\/\/i0.wp.com\/www.grieta.org.mx\/wp-content\/uploads\/2018\/05\/mexicalli1-720x480.jpg?resize=525%2C300&ssl=1 1.5x, https:\/\/i0.wp.com\/www.grieta.org.mx\/wp-content\/uploads\/2018\/05\/mexicalli1-720x480.jpg?resize=700%2C400&ssl=1 2x"},"classes":[]}],"_links":{"self":[{"href":"https:\/\/www.grieta.org.mx\/index.php\/wp-json\/wp\/v2\/posts\/60366","targetHints":{"allow":["GET"]}}],"collection":[{"href":"https:\/\/www.grieta.org.mx\/index.php\/wp-json\/wp\/v2\/posts"}],"about":[{"href":"https:\/\/www.grieta.org.mx\/index.php\/wp-json\/wp\/v2\/types\/post"}],"author":[{"embeddable":true,"href":"https:\/\/www.grieta.org.mx\/index.php\/wp-json\/wp\/v2\/users\/2"}],"replies":[{"embeddable":true,"href":"https:\/\/www.grieta.org.mx\/index.php\/wp-json\/wp\/v2\/comments?post=60366"}],"version-history":[{"count":1,"href":"https:\/\/www.grieta.org.mx\/index.php\/wp-json\/wp\/v2\/posts\/60366\/revisions"}],"predecessor-version":[{"id":60368,"href":"https:\/\/www.grieta.org.mx\/index.php\/wp-json\/wp\/v2\/posts\/60366\/revisions\/60368"}],"wp:featuredmedia":[{"embeddable":true,"href":"https:\/\/www.grieta.org.mx\/index.php\/wp-json\/wp\/v2\/media\/60367"}],"wp:attachment":[{"href":"https:\/\/www.grieta.org.mx\/index.php\/wp-json\/wp\/v2\/media?parent=60366"}],"wp:term":[{"taxonomy":"category","embeddable":true,"href":"https:\/\/www.grieta.org.mx\/index.php\/wp-json\/wp\/v2\/categories?post=60366"},{"taxonomy":"post_tag","embeddable":true,"href":"https:\/\/www.grieta.org.mx\/index.php\/wp-json\/wp\/v2\/tags?post=60366"}],"curies":[{"name":"wp","href":"https:\/\/api.w.org\/{rel}","templated":true}]}}