{"id":60301,"date":"2021-07-06T18:15:45","date_gmt":"2021-07-06T23:15:45","guid":{"rendered":"http:\/\/www.grieta.org.mx\/?p=60301"},"modified":"2021-07-06T18:16:47","modified_gmt":"2021-07-06T23:16:47","slug":"un-dia-despues-de-descender-un-helicoptero-en-el-rebollero-oaxaca-personas-armadas-atacan-a-los-comuneros","status":"publish","type":"post","link":"https:\/\/www.grieta.org.mx\/index.php\/2021\/07\/06\/un-dia-despues-de-descender-un-helicoptero-en-el-rebollero-oaxaca-personas-armadas-atacan-a-los-comuneros\/","title":{"rendered":"Un d\u00eda despu\u00e9s de descender un helic\u00f3ptero en El Rebollero, Oaxaca, personas armadas atacan a los comuneros"},"content":{"rendered":"<p>Avispa Midia \/ \u00d1an\u00ed Pinto.<\/p>\n<p><img loading=\"lazy\" decoding=\"async\" data-attachment-id=\"60302\" data-permalink=\"https:\/\/www.grieta.org.mx\/index.php\/2021\/07\/06\/un-dia-despues-de-descender-un-helicoptero-en-el-rebollero-oaxaca-personas-armadas-atacan-a-los-comuneros\/foto-casquillo-4v_060721\/\" data-orig-file=\"https:\/\/www.grieta.org.mx\/wp-content\/uploads\/2021\/07\/Foto-casquillo-4V_060721.jpg\" data-orig-size=\"1020,681\" data-comments-opened=\"0\" data-image-meta=\"{&quot;aperture&quot;:&quot;0&quot;,&quot;credit&quot;:&quot;&quot;,&quot;camera&quot;:&quot;&quot;,&quot;caption&quot;:&quot;&quot;,&quot;created_timestamp&quot;:&quot;0&quot;,&quot;copyright&quot;:&quot;santiago navarro f&quot;,&quot;focal_length&quot;:&quot;0&quot;,&quot;iso&quot;:&quot;0&quot;,&quot;shutter_speed&quot;:&quot;0&quot;,&quot;title&quot;:&quot;&quot;,&quot;orientation&quot;:&quot;0&quot;}\" data-image-title=\"Foto casquillo 4V_060721\" data-image-description=\"\" data-image-caption=\"\" data-medium-file=\"https:\/\/www.grieta.org.mx\/wp-content\/uploads\/2021\/07\/Foto-casquillo-4V_060721-300x200.jpg\" data-large-file=\"https:\/\/www.grieta.org.mx\/wp-content\/uploads\/2021\/07\/Foto-casquillo-4V_060721.jpg\" class=\"alignnone wp-image-60302\" src=\"http:\/\/www.grieta.org.mx\/wp-content\/uploads\/2021\/07\/Foto-casquillo-4V_060721.jpg\" alt=\"\" width=\"800\" height=\"534\" srcset=\"https:\/\/www.grieta.org.mx\/wp-content\/uploads\/2021\/07\/Foto-casquillo-4V_060721.jpg 1020w, https:\/\/www.grieta.org.mx\/wp-content\/uploads\/2021\/07\/Foto-casquillo-4V_060721-300x200.jpg 300w, https:\/\/www.grieta.org.mx\/wp-content\/uploads\/2021\/07\/Foto-casquillo-4V_060721-768x513.jpg 768w\" sizes=\"auto, (max-width: 800px) 100vw, 800px\" \/><\/p>\n<p>Comunidades de El Rebollero, Los Arquitos y R\u00edo Minas, pertenecientes al municipio de San Pablo Cuatro Venados, Oaxaca, han denunciado, este 6 de julio, que tras un sobrevuelo de un helicoptero fueron atacados por un grupo de personas que se internaron en la vegetaci\u00f3n de estas comunidades.<\/p>\n<p>Denuncian que al menos 15 vehiculos trasportaron al grupo de personas armadas que han disparado directamente a las personas. \u201cEl d\u00eda de ayer, 5 de julio, un helic\u00f3ptero de color rojo sobrevol\u00f3 la zona que hoy, 6 de julio, est\u00e1n atacando. Esta aeronave posteriormente descendi\u00f3 en la zona conocida como Loma Boluda. Lo que hizo este helic\u00f3ptero, que no descartamos que sea del gobierno del Estado (AGUSTA-109 POWER, con matr\u00edcula XA-HUX), es peinar la zona con el objetivo de saber cuanta gente hab\u00eda para, despu\u00e9s, atacar\u201d, asevera un comunicado emitido este 6 de julio, por las comunidades atacadas.<\/p>\n<blockquote class=\"twitter-tweet\" data-width=\"550\" data-dnt=\"true\">\n<p lang=\"es\" dir=\"ltr\"><a href=\"https:\/\/twitter.com\/hashtag\/Oaxaca?src=hash&amp;ref_src=twsrc%5Etfw\">#Oaxaca<\/a>: Alerta m\u00e1xima en la comunidad zapoteca, El Rebollero, por descenso de helic\u00f3ptero. Esta est\u00e1 regi\u00f3n quieren explotar tres concesiones de plata y oro  <a href=\"https:\/\/t.co\/SqeZkmnFlL\">https:\/\/t.co\/SqeZkmnFlL<\/a><a href=\"https:\/\/twitter.com\/hashtag\/mineria?src=hash&amp;ref_src=twsrc%5Etfw\">#mineria<\/a> <a href=\"https:\/\/twitter.com\/CNI_Mexico?ref_src=twsrc%5Etfw\">@CNI_Mexico<\/a> <a href=\"https:\/\/twitter.com\/OtrosMundosChia?ref_src=twsrc%5Etfw\">@OtrosMundosChia<\/a> <a href=\"https:\/\/twitter.com\/MXREMA?ref_src=twsrc%5Etfw\">@MXREMA<\/a> <a href=\"https:\/\/twitter.com\/ColmenaOaxaca?ref_src=twsrc%5Etfw\">@ColmenaOaxaca<\/a> <a href=\"https:\/\/twitter.com\/tryno?ref_src=twsrc%5Etfw\">@tryno<\/a> <a href=\"https:\/\/twitter.com\/futuroindigena?ref_src=twsrc%5Etfw\">@futuroindigena<\/a> <a href=\"https:\/\/twitter.com\/Dal_air?ref_src=twsrc%5Etfw\">@Dal_air<\/a> <a href=\"https:\/\/t.co\/6zUCyQjdTo\">pic.twitter.com\/6zUCyQjdTo<\/a><\/p>\n<p>&mdash; Avispa Midia (@Avispa_Midia) <a href=\"https:\/\/twitter.com\/Avispa_Midia\/status\/1412245801225666563?ref_src=twsrc%5Etfw\">July 6, 2021<\/a><\/p><\/blockquote>\n<p><script async src=\"https:\/\/platform.twitter.com\/widgets.js\" charset=\"utf-8\"><\/script><\/p>\n<p>Los campesinos zapotecas ata\u00f1en esta acci\u00f3n como una estrategia planeada desde d\u00edas atr\u00e1s y que tiene objetivos claros. \u201cNo es coincidencia, ya que por fuentes extraoficiales nos hemos enterado desde hace d\u00edas que, pol\u00edticos y autoridades de Cuil\u00e1pam de Guerrero y de nuestro municipio, San Pablo Cuatro Venados, se han reunido y han planeado un ataque hacia nuestra comunidad. El objetivo es tomar el control de la zona para dar paso a las tres concesiones mineras que se han expedido en nuestro territorio, sin nuestro consentimiento\u201d, remarcan los ind\u00edgenas de estas comunidades.<\/p>\n<p>Las concesiones mineras son:<\/p>\n<p>Titulo 217598, expedido en 2002, ubicada en Cuatro Venados<\/p>\n<p>Titulo 227548 expedido en el a\u00f1o 2006, ubicada en Cuatro Venados.<\/p>\n<p>Titulo 242664, abarca los municipios de Cuatro Venados y San Miguel Peras, expedido en el a\u00f1o 2013<\/p>\n<p>Estas comunidades han vivido en constante tensi\u00f3n y se mantienen en la defensa de su territorio, el agua y los bosques. En mayo del 2019 un grupo de m\u00e1s de 500 personas armadas los tomaron por asalto, les quemaron sus viviendas, la cosecha y les robaron lo poco que ten\u00edan. Desde entonces, han comenzado un proceso de recontrucci\u00f3n de sus viviendas y de sanaci\u00f3n.<\/p>\n<p>No obstante, los intereses por el agua, los proyectos mineros y sus tierras han sido latentenes, sobre todo, como ellos denununcian, por \u201cintereses de pol\u00edticos de la regi\u00f3n\u201d.<\/p>\n<p>Estos campesinos responsabilizan de lo que pueda suceder a los tres niveles de gobierno, \u201cEsta serie de ataques se suman a otras m\u00e1s que hemos venido sufriendo y denunciando ante las instancias correspondientes, agotando todas las v\u00edas legales. Por ello, responsabilizamos al gobierno federal que preside Andr\u00e9s Manuel L\u00f3pez Obrador, as\u00ed como al gobierno estatal, de Alejandro Murat, y a las autoridades municipales de Cuil\u00e1pam de Guerrero y de San Pablo Cuatro Venados, de la escala de este conflicto. Los responsabilizamos por los resultados a los que puedan llegar\u201d, se\u00f1ala el comunicado.<\/p>\n<p>Estas comunidades ind\u00edgenas que respaldan sus resistencia en base a los acuerdos internacionales en materia de derechos y cultura ind\u00edgena que ha fimado M\u00e9xico, como el Convenio 169 de la Organizaci\u00f3n Internacional del Trabajo, hacen un llamado a la solidaridad.<\/p>\n<p><a href=\"https:\/\/avispa.org\/un-dia-despues-de-descender-un-helicoptero-en-el-rebollero-oaxaca-personas-armadas-atacan-a-los-comuneros\/\" target=\"_blank\" rel=\"noopener\">https:\/\/avispa.org\/un-dia-despues-de-descender-un-helicoptero-en-el-rebollero-oaxaca-personas-armadas-atacan-a-los-comuneros\/<\/a><\/p>\n","protected":false},"excerpt":{"rendered":"<p>Avispa Midia \/ \u00d1an\u00ed Pinto. Comunidades de El Rebollero, Los Arquitos y R\u00edo Minas, pertenecientes al municipio de San Pablo Cuatro Venados, Oaxaca, han denunciado, este 6 de julio, que &hellip; <a href=\"https:\/\/www.grieta.org.mx\/index.php\/2021\/07\/06\/un-dia-despues-de-descender-un-helicoptero-en-el-rebollero-oaxaca-personas-armadas-atacan-a-los-comuneros\/\" class=\"more-link\">Leer m\u00e1s<\/a><\/p>\n","protected":false},"author":2,"featured_media":60302,"comment_status":"closed","ping_status":"closed","sticky":false,"template":"","format":"standard","meta":{"ngg_post_thumbnail":0,"_jetpack_newsletter_access":"","_jetpack_dont_email_post_to_subs":false,"_jetpack_newsletter_tier_id":0,"_jetpack_memberships_contains_paywalled_content":false,"_jetpack_memberships_contains_paid_content":false,"footnotes":""},"categories":[80,1357,25,1496,2909,83],"tags":[],"class_list":["post-60301","post","type-post","status-publish","format-standard","has-post-thumbnail","hentry","category-cintillo","category-conflictos-mineros-en-oaxaca","category-oaxaca","category-represion-en-oaxaca","category-resistencias-y-rebeldias-en-oaxaca","category-temas-nacionales","entry"],"jetpack_featured_media_url":"https:\/\/www.grieta.org.mx\/wp-content\/uploads\/2021\/07\/Foto-casquillo-4V_060721.jpg","jetpack_sharing_enabled":true,"jetpack_shortlink":"https:\/\/wp.me\/p7ZJR4-fGB","jetpack_likes_enabled":false,"jetpack-related-posts":[{"id":60284,"url":"https:\/\/www.grieta.org.mx\/index.php\/2021\/07\/06\/alerta-un-dia-despues-de-descender-un-helicoptero-en-el-rebollero-oaxaca-personas-armadas-atacan-a-los-comuneros\/","url_meta":{"origin":60301,"position":0},"title":"Alerta: Un d\u00eda despu\u00e9s de descender un helic\u00f3ptero en El Rebollero, Oaxaca, personas armadas atacan a los comuneros","author":"grieta","date":"6 julio, 2021","format":false,"excerpt":"Colectivo Grieta. En comunicado urgente dirigido al Ejercito Zapatista de Liberaci\u00f3n Nacional, al Congreso Nacional Ind\u00edgena-Concejo Ind\u00edgena de Gobierno y a los Medios Libres e Independientes, \"los comuneros de El Rebollero y R\u00edo Minas, perteneciente al municipio de Cuatro Venados, ubicado a menos de 1 hora de la ciudad de\u2026","rel":"","context":"En &quot;CINTILLO&quot;","block_context":{"text":"CINTILLO","link":"https:\/\/www.grieta.org.mx\/index.php\/category\/cintillo\/"},"img":{"alt_text":"","src":"https:\/\/i0.wp.com\/www.grieta.org.mx\/wp-content\/uploads\/2021\/07\/a-1.jpg?resize=350%2C200&ssl=1","width":350,"height":200,"srcset":"https:\/\/i0.wp.com\/www.grieta.org.mx\/wp-content\/uploads\/2021\/07\/a-1.jpg?resize=350%2C200&ssl=1 1x, https:\/\/i0.wp.com\/www.grieta.org.mx\/wp-content\/uploads\/2021\/07\/a-1.jpg?resize=525%2C300&ssl=1 1.5x"},"classes":[]},{"id":60264,"url":"https:\/\/www.grieta.org.mx\/index.php\/2021\/07\/05\/oaxaca-alerta-maxima-en-la-comunidad-del-el-rebollero-por-descenso-de-helicoptero-oaxaca\/","url_meta":{"origin":60301,"position":1},"title":"Oaxaca: Alerta m\u00e1xima en la comunidad del El Rebollero por descenso de helic\u00f3ptero","author":"grieta","date":"5 julio, 2021","format":false,"excerpt":"Avispa Midia \/ \u00d1an\u00ed Pinto. Foto de archivo, barricada cultural de El Rebollero. Por Santiago Navarro F. Habitantes de la comunidad de El Rebollero y R\u00edo Minas, del municipio de San Pablo Cuatro Venados, Oaxaca, se han puesto en alerta por el sobrevuelo de un helic\u00f3ptero en su territorio, que\u2026","rel":"","context":"En &quot;CINTILLO&quot;","block_context":{"text":"CINTILLO","link":"https:\/\/www.grieta.org.mx\/index.php\/category\/cintillo\/"},"img":{"alt_text":"","src":"https:\/\/i0.wp.com\/www.grieta.org.mx\/wp-content\/uploads\/2021\/07\/R1.jpg?resize=350%2C200&ssl=1","width":350,"height":200,"srcset":"https:\/\/i0.wp.com\/www.grieta.org.mx\/wp-content\/uploads\/2021\/07\/R1.jpg?resize=350%2C200&ssl=1 1x, https:\/\/i0.wp.com\/www.grieta.org.mx\/wp-content\/uploads\/2021\/07\/R1.jpg?resize=525%2C300&ssl=1 1.5x, https:\/\/i0.wp.com\/www.grieta.org.mx\/wp-content\/uploads\/2021\/07\/R1.jpg?resize=700%2C400&ssl=1 2x"},"classes":[]},{"id":64351,"url":"https:\/\/www.grieta.org.mx\/index.php\/2022\/05\/28\/oaxaca-nuevo-ataque-armado-y-destruccion-de-viviendas-en-el-rebollero-oaxaca\/","url_meta":{"origin":60301,"position":2},"title":"Oaxaca: Nuevo ataque armado y destrucci\u00f3n de viviendas en El Rebollero (Oaxaca)","author":"grieta","date":"28 mayo, 2022","format":false,"excerpt":"Avispa Midia \/ Redacci\u00f3n. Una vez m\u00e1s, un grupo de m\u00e1s de 100 paramilitares armados entraron, atacaron a balazos y destruyeron las viviendas de la comunidad zapoteca de El Rebollero, San Pablo Cuatro Venados, en Oaxaca. As\u00ed lo denunciaron hoy sus habitantes en un comunicado en el que se\u00f1alan que\u2026","rel":"","context":"En &quot;CINTILLO&quot;","block_context":{"text":"CINTILLO","link":"https:\/\/www.grieta.org.mx\/index.php\/category\/cintillo\/"},"img":{"alt_text":"","src":"https:\/\/i0.wp.com\/www.grieta.org.mx\/wp-content\/uploads\/2018\/03\/14524434_1106112876131411_958039263622046936_o.jpg?resize=350%2C200&ssl=1","width":350,"height":200,"srcset":"https:\/\/i0.wp.com\/www.grieta.org.mx\/wp-content\/uploads\/2018\/03\/14524434_1106112876131411_958039263622046936_o.jpg?resize=350%2C200&ssl=1 1x, https:\/\/i0.wp.com\/www.grieta.org.mx\/wp-content\/uploads\/2018\/03\/14524434_1106112876131411_958039263622046936_o.jpg?resize=525%2C300&ssl=1 1.5x, https:\/\/i0.wp.com\/www.grieta.org.mx\/wp-content\/uploads\/2018\/03\/14524434_1106112876131411_958039263622046936_o.jpg?resize=700%2C400&ssl=1 2x"},"classes":[]},{"id":59657,"url":"https:\/\/www.grieta.org.mx\/index.php\/2021\/06\/01\/a-dos-anos-del-intento-de-desalojo-nos-mantenemos-en-resistencia-contra-el-extractivismo-comunidades-de-el-rebollero-los-arquitos-y-rio-minas-cuatro-venados-oaxaca\/","url_meta":{"origin":60301,"position":3},"title":"A dos a\u00f1os del intento de desalojo, nos mantenemos en resistencia contra el extractivismo: Comunidades de El Rebollero, Los Arquitos y R\u00edo Minas, Cuatro Venados, Oaxaca.","author":"grieta","date":"1 junio, 2021","format":false,"excerpt":"Colectivo Grieta. En comunicado dirigido al CNI-CIG, al EZLN y a los medios libres y alternativos, recordaron que han pasado ya dos a\u00f1os desde aquel 31 de mayo del 2019 cu\u00e1ndo un grupo de personas, armadas con armas de grueso calibre, tomaron por asalto nuestra comunidad que habita los parajes,\u2026","rel":"","context":"En &quot;CINTILLO&quot;","block_context":{"text":"CINTILLO","link":"https:\/\/www.grieta.org.mx\/index.php\/category\/cintillo\/"},"img":{"alt_text":"","src":"https:\/\/i0.wp.com\/www.grieta.org.mx\/wp-content\/uploads\/2021\/06\/4v.png?resize=350%2C200&ssl=1","width":350,"height":200,"srcset":"https:\/\/i0.wp.com\/www.grieta.org.mx\/wp-content\/uploads\/2021\/06\/4v.png?resize=350%2C200&ssl=1 1x, https:\/\/i0.wp.com\/www.grieta.org.mx\/wp-content\/uploads\/2021\/06\/4v.png?resize=525%2C300&ssl=1 1.5x"},"classes":[]},{"id":63988,"url":"https:\/\/www.grieta.org.mx\/index.php\/2022\/04\/17\/oaxaca-el-rebollero-cumple-seis-dias-bajo-ataque-de-paramilitares\/","url_meta":{"origin":60301,"position":4},"title":"Oaxaca: El Rebollero cumple seis d\u00edas bajo ataque de paramilitares","author":"grieta","date":"17 abril, 2022","format":false,"excerpt":"Avispa midia \/ Sare Frabes. Campesinos zapotecas de la comunidad El Rebollero, localizada a menos de una hora de la ciudad de Oaxaca, podr\u00edan estar conmemorando los d\u00edas santos, pero este s\u00e1bado (16) cumplen una semana de estar esquivando balazos de alto calibre. Desde la zona conocida como \u201cLa Mesa\u201d,\u2026","rel":"","context":"En &quot;CINTILLO&quot;","block_context":{"text":"CINTILLO","link":"https:\/\/www.grieta.org.mx\/index.php\/category\/cintillo\/"},"img":{"alt_text":"","src":"https:\/\/i0.wp.com\/www.grieta.org.mx\/wp-content\/uploads\/2022\/04\/1.jpg?resize=350%2C200&ssl=1","width":350,"height":200,"srcset":"https:\/\/i0.wp.com\/www.grieta.org.mx\/wp-content\/uploads\/2022\/04\/1.jpg?resize=350%2C200&ssl=1 1x, https:\/\/i0.wp.com\/www.grieta.org.mx\/wp-content\/uploads\/2022\/04\/1.jpg?resize=525%2C300&ssl=1 1.5x, https:\/\/i0.wp.com\/www.grieta.org.mx\/wp-content\/uploads\/2022\/04\/1.jpg?resize=700%2C400&ssl=1 2x"},"classes":[]},{"id":60692,"url":"https:\/\/www.grieta.org.mx\/index.php\/2021\/07\/20\/gobierno-de-oaxaca-prepara-represion-contra-indigenas-zapotecas\/","url_meta":{"origin":60301,"position":5},"title":"Gobierno de Oaxaca prepara represi\u00f3n contra ind\u00edgenas zapotecas","author":"grieta","date":"20 julio, 2021","format":false,"excerpt":"Avispa Midia \/ Texto: \u00d1an\u00ed Pinto; Fotos: Santiago Navarro F. Ind\u00edgenas zapotecas pertenecientes al municipio de San Pablo Cuatro Venados denuncian que el gobierno del estado de Oaxaca est\u00e1 preparando la represi\u00f3n y despojo de su territorio con el uso de la Guardia Nacional. Alertan que \u00e9ste ha sido un\u2026","rel":"","context":"En &quot;CINTILLO&quot;","block_context":{"text":"CINTILLO","link":"https:\/\/www.grieta.org.mx\/index.php\/category\/cintillo\/"},"img":{"alt_text":"","src":"https:\/\/i0.wp.com\/www.grieta.org.mx\/wp-content\/uploads\/2021\/07\/1-3.jpg?resize=350%2C200&ssl=1","width":350,"height":200,"srcset":"https:\/\/i0.wp.com\/www.grieta.org.mx\/wp-content\/uploads\/2021\/07\/1-3.jpg?resize=350%2C200&ssl=1 1x, https:\/\/i0.wp.com\/www.grieta.org.mx\/wp-content\/uploads\/2021\/07\/1-3.jpg?resize=525%2C300&ssl=1 1.5x, https:\/\/i0.wp.com\/www.grieta.org.mx\/wp-content\/uploads\/2021\/07\/1-3.jpg?resize=700%2C400&ssl=1 2x, https:\/\/i0.wp.com\/www.grieta.org.mx\/wp-content\/uploads\/2021\/07\/1-3.jpg?resize=1050%2C600&ssl=1 3x"},"classes":[]}],"_links":{"self":[{"href":"https:\/\/www.grieta.org.mx\/index.php\/wp-json\/wp\/v2\/posts\/60301","targetHints":{"allow":["GET"]}}],"collection":[{"href":"https:\/\/www.grieta.org.mx\/index.php\/wp-json\/wp\/v2\/posts"}],"about":[{"href":"https:\/\/www.grieta.org.mx\/index.php\/wp-json\/wp\/v2\/types\/post"}],"author":[{"embeddable":true,"href":"https:\/\/www.grieta.org.mx\/index.php\/wp-json\/wp\/v2\/users\/2"}],"replies":[{"embeddable":true,"href":"https:\/\/www.grieta.org.mx\/index.php\/wp-json\/wp\/v2\/comments?post=60301"}],"version-history":[{"count":1,"href":"https:\/\/www.grieta.org.mx\/index.php\/wp-json\/wp\/v2\/posts\/60301\/revisions"}],"predecessor-version":[{"id":60303,"href":"https:\/\/www.grieta.org.mx\/index.php\/wp-json\/wp\/v2\/posts\/60301\/revisions\/60303"}],"wp:featuredmedia":[{"embeddable":true,"href":"https:\/\/www.grieta.org.mx\/index.php\/wp-json\/wp\/v2\/media\/60302"}],"wp:attachment":[{"href":"https:\/\/www.grieta.org.mx\/index.php\/wp-json\/wp\/v2\/media?parent=60301"}],"wp:term":[{"taxonomy":"category","embeddable":true,"href":"https:\/\/www.grieta.org.mx\/index.php\/wp-json\/wp\/v2\/categories?post=60301"},{"taxonomy":"post_tag","embeddable":true,"href":"https:\/\/www.grieta.org.mx\/index.php\/wp-json\/wp\/v2\/tags?post=60301"}],"curies":[{"name":"wp","href":"https:\/\/api.w.org\/{rel}","templated":true}]}}