{"id":6029,"date":"2015-03-28T02:47:27","date_gmt":"2015-03-28T02:47:27","guid":{"rendered":"http:\/\/50.22.11.12\/~grietaor\/?p=6029"},"modified":"2016-03-28T02:48:14","modified_gmt":"2016-03-28T02:48:14","slug":"mitin-en-leon-de-familiares-de-desaparecidos-de-ayotzinapa","status":"publish","type":"post","link":"https:\/\/www.grieta.org.mx\/index.php\/2015\/03\/28\/mitin-en-leon-de-familiares-de-desaparecidos-de-ayotzinapa\/","title":{"rendered":"Mitin en Le\u00f3n de familiares de desaparecidos de Ayotzinapa"},"content":{"rendered":"<p>Pedro Madrazo,  Le\u00f3n, Gto. <\/p>\n<p>\u201cCon nuestros hijos se llevaron todo lo que ten\u00edamos\u2026 hasta el miedo\u201d, dijeron padres de los 43 estudiantes desaparecidos de Ayotzinapa, en un mitin al cumplirse seis meses sin respuestas.<\/p>\n<p>Los pap\u00e1s contin\u00faan su protesta para decir al Gobierno \u201cQueremos a nuestros hijos y no vamos a parar hasta encontrarlos\u201d.<\/p>\n<p>Ante el grito en busca de ayuda, familiares de guanajuatenses secuestrados se unieron al movimiento, entre ellos, madre y e hija de uno de los cazadores secuestrados en Zacatecas hace cinco a\u00f1os y medio.<\/p>\n<p>A las 10 de la ma\u00f1ana siete padres de los desaparecidos en Iguala el 26 de septiembre pasado fueron recibidos por estudiantes de la Universidad de Guanajuato en el campus San Carlos, en Le\u00f3n.<\/p>\n<p>\u201cLa historia ya fue marcada por este crimen de Estado porque las fuerzas policiacas estatales, municipales y federales nos atacaron el d\u00eda 26 de septiembre de 2014, soy sobreviviente y queremos decir que nosotros no nos quedamos callados ante el Gobierno,<\/p>\n<p>\u201cQueremos decir que no tenemos miedo a los antimotines porque cuando el despierto est\u00e1 con la mayor\u00eda es cuando la mayor\u00eda va a hacer valer la ley\u201d, dijo Carlos Garc\u00eda.<\/p>\n<p>Ah\u00ed, alrededor de 80 estudiantes recibieron a los afectados y los escucharon.<\/p>\n<p>\u201cVenimos a todos los estados en b\u00fasqueda de ayuda, de apoyo, para que la gente se sume, que se quiten el miedo y alcen la voz, porque desaparecidos no son solo 43, hay miles y en todos los estados a donde hemos ido, en todos hay afectados\u201d, dijo Nicanora Garc\u00eda, madre de uno de los desaparecidos.<\/p>\n<p>Quienes pidieron apoyo en Le\u00f3n fueron: Nicanora Garc\u00eda, mam\u00e1 de Sa\u00fal Bruno Garc\u00eda; Joaquina Garc\u00eda Vel\u00e1zquez, madre de Mart\u00edn S\u00e1nchez Garc\u00eda; Luz Mar\u00eda Telumbre, madre de Christian Alfonso Rodr\u00edguez Telumbre; Carlos Garc\u00eda, sobreviviente del caso Iguala, y Francisco Lauro Villegas, pap\u00e1 de Magdaleno Lauro Villegas.<\/p>\n<p>Despu\u00e9s de que los pap\u00e1s informaron a los estudiantes de la UG sobre las respuestas negativas del Gobierno, acudieron al centro cultural Kino Room y dieron una conferencia de prensa.<\/p>\n<p>\u201cSabemos que nuestros compa\u00f1eros est\u00e1n vivos, que los tiene el Gobierno y puede que hasta los sacaron del pa\u00eds, por eso seguimos exigiendo que aparezcan con vida\u201d, dijo Carlos Garc\u00eda.<\/p>\n<p>Las palabras de impotencia ahogadas de vez en cuando por un nudo en la garganta resonaban en la pared pintada de rojo sangre con una muerte dibujada que ten\u00edan a su espalda los manifestantes.<\/p>\n<p>\u201cSoy Andrea Lorena Cordero Valdivia, hija de Jos\u00e9 Diego Cordero Anguiano y sobrina de Juan diego Cordero. Mis familiares fueron entregados supuestamente por polic\u00edas a los zetas en Zacatecas hace tres a\u00f1os y tampoco tenemos respuestas.<\/p>\n<p>\u201cA nosotros tambi\u00e9n nos dijeron que solo encontraron un fragmento de hueso pero nunca se confirm\u00f3 nada, por eso, como leonesa pido que todos alcemos la voz\u201d. Dijo Cordero.<\/p>\n<p>Otro guanajuatense que tambi\u00e9n sufri\u00f3 la desaparici\u00f3n de uno de sus hijos es Valente Rodr\u00edguez.<\/p>\n<p>\u201cMi hijo y su esposa fueron a Zacatecas a trabajar y nunca llegaron con la familia de ella que es de all\u00e1, ellos nos reportaron y desde entonces los hemos buscado en Zacatecas, denunciamos y nos dicen que no han encontrado nada y en Guanajuato no nos ayuda porque no es su jurisdicci\u00f3n\u201d, mencion\u00f3.<\/p>\n<p>A las 3 de la tarde los padres participaron en una manifestaci\u00f3n junto a la Presidencia.<\/p>\n<p>\u201cLe pedimos a todos los leoneses que nos alcanzan a escuchar, que se unan, que alcen la voz porque hoy somos nosotros y ma\u00f1ana pueden ser ustedes los que tengan hijos, padres, hermanos desaparecidos, hoy es tiempo de luchar contra el Gobierno de Enrique Pe\u00f1a Nieto que nos enga\u00f1\u00f3, nos minti\u00f3\u201d, expres\u00f3 Joaquina Garc\u00eda Vel\u00e1zquez.<\/p>\n<p>Cerca de las 4 de la tarde, el mitin termin\u00f3 y los guerrerenses siguieron su camino para descansar y hoy presentarse en escuelas de Celaya a difundir su mensaje \u201cAlcen la voz, abandonen el miedo al Gobierno\u201d.<\/p>\n<p><a href=\"http:\/\/am.com.mx\/leon\/local\/con-nuestros-hijos-se-llevaron-todo\u2026-190694.html\" target=\"_blank\">am.com.mx\/leon\/local\/con-nuestros-hijos-se-llevaron-todo\u2026-190694.html<\/a><\/p>\n","protected":false},"excerpt":{"rendered":"<p>Pedro Madrazo, Le\u00f3n, Gto. \u201cCon nuestros hijos se llevaron todo lo que ten\u00edamos\u2026 hasta el miedo\u201d, dijeron padres de los 43 estudiantes desaparecidos de Ayotzinapa, en un mitin al cumplirse &hellip; <a href=\"https:\/\/www.grieta.org.mx\/index.php\/2015\/03\/28\/mitin-en-leon-de-familiares-de-desaparecidos-de-ayotzinapa\/\" class=\"more-link\">Leer m\u00e1s<\/a><\/p>\n","protected":false},"author":2,"featured_media":21928,"comment_status":"closed","ping_status":"open","sticky":false,"template":"","format":"standard","meta":{"ngg_post_thumbnail":0,"_jetpack_newsletter_access":"","_jetpack_dont_email_post_to_subs":false,"_jetpack_newsletter_tier_id":0,"_jetpack_memberships_contains_paywalled_content":false,"_jetpack_memberships_contains_paid_content":false,"footnotes":""},"categories":[80],"tags":[],"class_list":["post-6029","post","type-post","status-publish","format-standard","has-post-thumbnail","hentry","category-cintillo","entry"],"jetpack_featured_media_url":"https:\/\/www.grieta.org.mx\/wp-content\/uploads\/2018\/03\/14524434_1106112876131411_958039263622046936_o.jpg","jetpack_sharing_enabled":true,"jetpack_shortlink":"https:\/\/wp.me\/p7ZJR4-1zf","jetpack_likes_enabled":false,"jetpack-related-posts":[{"id":5995,"url":"https:\/\/www.grieta.org.mx\/index.php\/2016\/05\/01\/movilizaciones-por-ayotzinapa-en-guanajuato\/","url_meta":{"origin":6029,"position":0},"title":"Movilizaciones por Ayotzinapa en Guanajuato","author":"grieta","date":"1 mayo, 2016","format":false,"excerpt":"01\/05\/2016. Se manifiestan por los 43 normalistas de Ayotzinapa durante Marcha por el D\u00eda del Trabajo en Le\u00f3nZona Franca 26\/11\/2015. Se manifiestan colectivos en Le\u00f3n para recordar a los 43 estudiantes de AyotzinapaZona Franca 26\/10\/2015. Estudiantes y padres de familia de Ayotzinapa se manifiestan en el Cervantino en GuanajuatoAM 12\/10\/2015.\u2026","rel":"","context":"En &quot;Guanajuato&quot;","block_context":{"text":"Guanajuato","link":"https:\/\/www.grieta.org.mx\/index.php\/category\/noticias-nacionales\/guanajuato\/"},"img":{"alt_text":"","src":"https:\/\/i0.wp.com\/www.grieta.org.mx\/wp-content\/uploads\/2018\/03\/14524434_1106112876131411_958039263622046936_o.jpg?resize=350%2C200&ssl=1","width":350,"height":200,"srcset":"https:\/\/i0.wp.com\/www.grieta.org.mx\/wp-content\/uploads\/2018\/03\/14524434_1106112876131411_958039263622046936_o.jpg?resize=350%2C200&ssl=1 1x, https:\/\/i0.wp.com\/www.grieta.org.mx\/wp-content\/uploads\/2018\/03\/14524434_1106112876131411_958039263622046936_o.jpg?resize=525%2C300&ssl=1 1.5x, https:\/\/i0.wp.com\/www.grieta.org.mx\/wp-content\/uploads\/2018\/03\/14524434_1106112876131411_958039263622046936_o.jpg?resize=700%2C400&ssl=1 2x"},"classes":[]},{"id":9768,"url":"https:\/\/www.grieta.org.mx\/index.php\/2015\/10\/26\/a-13-meses-de-desapariciones-padres-de-ayotzinapa-piden-que-militares-sean-investigados\/","url_meta":{"origin":6029,"position":1},"title":"A 13 meses de desapariciones, padres de Ayotzinapa piden que militares sean investigados","author":"grieta","date":"26 octubre, 2015","format":false,"excerpt":"24 HORAS Familiares de los 43 marcharon del \u00c1ngel de la Independencia al Hemiciclo a Ju\u00e1rez, donde realzaron un mitin Los padres y madres de los estudiantes de la Escuela Normal Rural Ra\u00fal Isidro Burgos de Ayotzinapa desaparecidos el 26 de septiembre del 2014 en Iguala, Guerrero, exigieron la presentaci\u00f3n\u2026","rel":"","context":"En &quot;CINTILLO&quot;","block_context":{"text":"CINTILLO","link":"https:\/\/www.grieta.org.mx\/index.php\/category\/cintillo\/"},"img":{"alt_text":"","src":"https:\/\/i0.wp.com\/www.grieta.org.mx\/wp-content\/uploads\/2018\/03\/14524434_1106112876131411_958039263622046936_o.jpg?resize=350%2C200&ssl=1","width":350,"height":200,"srcset":"https:\/\/i0.wp.com\/www.grieta.org.mx\/wp-content\/uploads\/2018\/03\/14524434_1106112876131411_958039263622046936_o.jpg?resize=350%2C200&ssl=1 1x, https:\/\/i0.wp.com\/www.grieta.org.mx\/wp-content\/uploads\/2018\/03\/14524434_1106112876131411_958039263622046936_o.jpg?resize=525%2C300&ssl=1 1.5x, https:\/\/i0.wp.com\/www.grieta.org.mx\/wp-content\/uploads\/2018\/03\/14524434_1106112876131411_958039263622046936_o.jpg?resize=700%2C400&ssl=1 2x"},"classes":[]},{"id":71859,"url":"https:\/\/www.grieta.org.mx\/index.php\/2025\/06\/27\/vivos-se-los-llevaron-vivos-los-queremos-a-129-meses-madres-y-padres-de-los-43-exigen-verdad-y-justicia\/","url_meta":{"origin":6029,"position":2},"title":"\u201cVivos se los llevaron, vivos los queremos\u201d: a 129 meses, madres y padres de los 43 exigen verdad y justicia","author":"grieta","date":"27 junio, 2025","format":false,"excerpt":"Mauricio Tizap\u00e1n \/ Somos el medio Bajo la lluvia, familiares de los 43 estudiantes de Ayotzinapa marcharon en la Ciudad de M\u00e9xico para exigir la presentaci\u00f3n con vida de sus hijos, denunciar el ocultamiento de la verdad por parte del gobierno federal y reafirmar que no dejar\u00e1n de luchar hasta\u2026","rel":"","context":"En &quot;Caso Ayotzinapa&quot;","block_context":{"text":"Caso Ayotzinapa","link":"https:\/\/www.grieta.org.mx\/index.php\/category\/noticias-nacionales\/guerrero\/caso-ayotzinapa\/"},"img":{"alt_text":"","src":"https:\/\/i0.wp.com\/www.grieta.org.mx\/wp-content\/uploads\/2025\/06\/Captura-de-pantalla-2025-06-27-225107.png?resize=350%2C200&ssl=1","width":350,"height":200},"classes":[]},{"id":38553,"url":"https:\/\/www.grieta.org.mx\/index.php\/2019\/08\/27\/padres-de-los-43-marchan-en-iguala-a-59-meses-del-caso-ayotzinapa\/","url_meta":{"origin":6029,"position":3},"title":"Padres de los 43 marchan en Iguala a 59 meses del caso Ayotzinapa","author":"Admin","date":"27 agosto, 2019","format":false,"excerpt":"Eduardo Albarr\u00e1n Orozco\/ Quadrat\u00edn IGUALA, Gro., 27 de agosto de 2019.- Padres de los 43 normalistas desaparecidos de Ayotzinapa marcharon en este municipio al cumplirse 59 meses del caso, y colocaron ofrendas florales en las estelas colocadas en los lugares donde fueron acribillados los estudiantes Julio Cesar Mondrag\u00f3n Fontes, Daniel\u2026","rel":"","context":"En &quot;Caso Ayotzinapa&quot;","block_context":{"text":"Caso Ayotzinapa","link":"https:\/\/www.grieta.org.mx\/index.php\/category\/noticias-nacionales\/guerrero\/caso-ayotzinapa\/"},"img":{"alt_text":"","src":"https:\/\/i0.wp.com\/www.grieta.org.mx\/wp-content\/uploads\/2019\/08\/Ayotzinapa-270819-5-1160x700.jpg?resize=350%2C200&ssl=1","width":350,"height":200,"srcset":"https:\/\/i0.wp.com\/www.grieta.org.mx\/wp-content\/uploads\/2019\/08\/Ayotzinapa-270819-5-1160x700.jpg?resize=350%2C200&ssl=1 1x, https:\/\/i0.wp.com\/www.grieta.org.mx\/wp-content\/uploads\/2019\/08\/Ayotzinapa-270819-5-1160x700.jpg?resize=525%2C300&ssl=1 1.5x, https:\/\/i0.wp.com\/www.grieta.org.mx\/wp-content\/uploads\/2019\/08\/Ayotzinapa-270819-5-1160x700.jpg?resize=700%2C400&ssl=1 2x, https:\/\/i0.wp.com\/www.grieta.org.mx\/wp-content\/uploads\/2019\/08\/Ayotzinapa-270819-5-1160x700.jpg?resize=1050%2C600&ssl=1 3x"},"classes":[]},{"id":69879,"url":"https:\/\/www.grieta.org.mx\/index.php\/2024\/09\/26\/realizan-en-cancun-mitin-en-memoria-de-los-43-normalistas-desaparecidos-de-ayotzinapa\/","url_meta":{"origin":6029,"position":4},"title":"Realizan en Canc\u00fan mitin en memoria de los 43 normalistas desaparecidos de Ayotzinapa","author":"grieta","date":"26 septiembre, 2024","format":false,"excerpt":"Mar\u00eda Hern\u00e1ndez \/ El Heraldo de M\u00e9xico LOS RECUERDAN En Canc\u00fan se recordaron los 43 normalistas de Ayotzinapa desaparecidos hace 10 a\u00f1os en Iguala Los estudiantes son recordados a 10 a\u00f1os de su desaparici\u00f3n en Iguala Los estudiantes son recordados a 10 a\u00f1os de su desaparici\u00f3n en Iguala Cr\u00e9ditos: El\u2026","rel":"","context":"En &quot;acciones por desaparecidos&quot;","block_context":{"text":"acciones por desaparecidos","link":"https:\/\/www.grieta.org.mx\/index.php\/category\/noticias-nacionales\/quintana-roo\/acciones-por-desaparecidos\/"},"img":{"alt_text":"","src":"https:\/\/i0.wp.com\/www.grieta.org.mx\/wp-content\/uploads\/2024\/09\/AyotziCancun-e1727562300649.jpg?resize=350%2C200&ssl=1","width":350,"height":200,"srcset":"https:\/\/i0.wp.com\/www.grieta.org.mx\/wp-content\/uploads\/2024\/09\/AyotziCancun-e1727562300649.jpg?resize=350%2C200&ssl=1 1x, https:\/\/i0.wp.com\/www.grieta.org.mx\/wp-content\/uploads\/2024\/09\/AyotziCancun-e1727562300649.jpg?resize=525%2C300&ssl=1 1.5x, https:\/\/i0.wp.com\/www.grieta.org.mx\/wp-content\/uploads\/2024\/09\/AyotziCancun-e1727562300649.jpg?resize=700%2C400&ssl=1 2x"},"classes":[]},{"id":72250,"url":"https:\/\/www.grieta.org.mx\/index.php\/2025\/08\/27\/madres-y-padres-de-los-43-normalistas-exigen-a-claudia-sheinbaum-verdad-y-justicia-a-11-anos-de-ayotzinapa\/","url_meta":{"origin":6029,"position":5},"title":"Madres y padres de los 43 normalistas exigen a Claudia Sheinbaum verdad y justicia a 11 a\u00f1os de Ayotzinapa","author":"grieta","date":"27 agosto, 2025","format":false,"excerpt":"Por\u00a0Redacci\u00f3n\u00a0\/\u00a0@Somoselmedio Madres, padres y estudiantes exigen justicia y castigo a los responsables de la desaparici\u00f3n forzada de los 43 de Ayotzinapa, a 11 a\u00f1os de la tragedia. Denuncian la falta de avances en las investigaciones y la protecci\u00f3n del Ej\u00e9rcito por tres gobiernos. Ciudad de M\u00e9xico, 26 de agosto de\u2026","rel":"","context":"En &quot;CINTILLO&quot;","block_context":{"text":"CINTILLO","link":"https:\/\/www.grieta.org.mx\/index.php\/category\/cintillo\/"},"img":{"alt_text":"","src":"https:\/\/i0.wp.com\/www.grieta.org.mx\/wp-content\/uploads\/2025\/08\/Captura-de-pantalla-2025-08-28-215352.png?resize=350%2C200&ssl=1","width":350,"height":200},"classes":[]}],"_links":{"self":[{"href":"https:\/\/www.grieta.org.mx\/index.php\/wp-json\/wp\/v2\/posts\/6029","targetHints":{"allow":["GET"]}}],"collection":[{"href":"https:\/\/www.grieta.org.mx\/index.php\/wp-json\/wp\/v2\/posts"}],"about":[{"href":"https:\/\/www.grieta.org.mx\/index.php\/wp-json\/wp\/v2\/types\/post"}],"author":[{"embeddable":true,"href":"https:\/\/www.grieta.org.mx\/index.php\/wp-json\/wp\/v2\/users\/2"}],"replies":[{"embeddable":true,"href":"https:\/\/www.grieta.org.mx\/index.php\/wp-json\/wp\/v2\/comments?post=6029"}],"version-history":[{"count":1,"href":"https:\/\/www.grieta.org.mx\/index.php\/wp-json\/wp\/v2\/posts\/6029\/revisions"}],"predecessor-version":[{"id":6030,"href":"https:\/\/www.grieta.org.mx\/index.php\/wp-json\/wp\/v2\/posts\/6029\/revisions\/6030"}],"wp:featuredmedia":[{"embeddable":true,"href":"https:\/\/www.grieta.org.mx\/index.php\/wp-json\/wp\/v2\/media\/21928"}],"wp:attachment":[{"href":"https:\/\/www.grieta.org.mx\/index.php\/wp-json\/wp\/v2\/media?parent=6029"}],"wp:term":[{"taxonomy":"category","embeddable":true,"href":"https:\/\/www.grieta.org.mx\/index.php\/wp-json\/wp\/v2\/categories?post=6029"},{"taxonomy":"post_tag","embeddable":true,"href":"https:\/\/www.grieta.org.mx\/index.php\/wp-json\/wp\/v2\/tags?post=6029"}],"curies":[{"name":"wp","href":"https:\/\/api.w.org\/{rel}","templated":true}]}}