{"id":60281,"date":"2021-07-06T14:05:17","date_gmt":"2021-07-06T19:05:17","guid":{"rendered":"http:\/\/www.grieta.org.mx\/?p=60281"},"modified":"2021-07-06T14:05:17","modified_gmt":"2021-07-06T19:05:17","slug":"exigen-indigenas-al-pjf-resolver-juicio-de-amparo-de-san-pedro-quiatoni-oaxaca","status":"publish","type":"post","link":"https:\/\/www.grieta.org.mx\/index.php\/2021\/07\/06\/exigen-indigenas-al-pjf-resolver-juicio-de-amparo-de-san-pedro-quiatoni-oaxaca\/","title":{"rendered":"Exigen ind\u00edgenas al PJF resolver juicio de amparo de San Pedro Quiatoni (Oaxaca)"},"content":{"rendered":"<p>Noticias \/ Octavio V\u00e9lez.<\/p>\n<p><img loading=\"lazy\" decoding=\"async\" data-attachment-id=\"60282\" data-permalink=\"https:\/\/www.grieta.org.mx\/index.php\/2021\/07\/06\/exigen-indigenas-al-pjf-resolver-juicio-de-amparo-de-san-pedro-quiatoni-oaxaca\/1-174\/\" data-orig-file=\"https:\/\/www.grieta.org.mx\/wp-content\/uploads\/2021\/07\/1-2.jpeg\" data-orig-size=\"1144,645\" data-comments-opened=\"0\" data-image-meta=\"{&quot;aperture&quot;:&quot;0&quot;,&quot;credit&quot;:&quot;&quot;,&quot;camera&quot;:&quot;&quot;,&quot;caption&quot;:&quot;&quot;,&quot;created_timestamp&quot;:&quot;0&quot;,&quot;copyright&quot;:&quot;&quot;,&quot;focal_length&quot;:&quot;0&quot;,&quot;iso&quot;:&quot;0&quot;,&quot;shutter_speed&quot;:&quot;0&quot;,&quot;title&quot;:&quot;&quot;,&quot;orientation&quot;:&quot;0&quot;}\" data-image-title=\"1\" data-image-description=\"\" data-image-caption=\"\" data-medium-file=\"https:\/\/www.grieta.org.mx\/wp-content\/uploads\/2021\/07\/1-2-300x169.jpeg\" data-large-file=\"https:\/\/www.grieta.org.mx\/wp-content\/uploads\/2021\/07\/1-2-1024x577.jpeg\" class=\"alignnone wp-image-60282\" src=\"http:\/\/www.grieta.org.mx\/wp-content\/uploads\/2021\/07\/1-2.jpeg\" alt=\"\" width=\"800\" height=\"451\" srcset=\"https:\/\/www.grieta.org.mx\/wp-content\/uploads\/2021\/07\/1-2.jpeg 1144w, https:\/\/www.grieta.org.mx\/wp-content\/uploads\/2021\/07\/1-2-300x169.jpeg 300w, https:\/\/www.grieta.org.mx\/wp-content\/uploads\/2021\/07\/1-2-1024x577.jpeg 1024w, https:\/\/www.grieta.org.mx\/wp-content\/uploads\/2021\/07\/1-2-768x433.jpeg 768w\" sizes=\"auto, (max-width: 800px) 100vw, 800px\" \/><\/p>\n<p>Por acuerdo de la asamblea general de comuneros, cientos de ind\u00edgenas zapotecos de San Pedro Quiatoni, de Valles Centrales, se manifestaron ayer frente a la sede del Poder Judicial Federal (PJF), en San Bartolo Coyotepec, para demandar que el Primer Tribunal Colegiado en Materia Civil y Administrativa del D\u00e9cimo Tercer Circuito resuelva las quejas presentadas en contra de la suspensi\u00f3n de plano del juicio de amparo interpuesto por la operaci\u00f3n de la compa\u00f1\u00eda minera Don David Gold, en su territorio comunal.<\/p>\n<p>Antes, los inconformes, tras arribar a esta capital, marcharon desde el paraje Los Pinos, sobre la carretera federal 175, en jurisdicci\u00f3n de San Mar\u00eda Coyotepec, rumbo a las instalaciones del PJF.<\/p>\n<p>El presidente del Comisariado de Bienes Comunales, Mart\u00edn L\u00f3pez dijo que la comunidad present\u00f3 el amparo 178\/2020 en el Juzgado Primero de Distrito en el Estado, el 12 de febrero de 2020, porque la Secretar\u00eda de Econom\u00eda (SE), en la administraci\u00f3n de Enrique Pe\u00f1a Nieto, otorg\u00f3 7 asignaciones mineras a la empresa, propiedad del grupo Gold Resource Corporation, en una superficie de 11 mil 623 hect\u00e1reas de sus tierras, para la explotaci\u00f3n de oro, plata, cobre, zinc y plomo, por quebrantar sus derechos a la tierra y el territorio, a la consulta y al consentimiento previo, libre e informado, as\u00ed como a un medio ambiente sano.<\/p>\n<p>Expuso que el Juzgado concedi\u00f3 al d\u00eda siguiente la suspensi\u00f3n de plano en favor de la comunidad y orden\u00f3 a la minera abstenerse de excavar y explotar los recursos minerales en superficie propiedad de San Pedro Quiatoni.<\/p>\n<p>Explic\u00f3 que el Juzgado, tras la reanudaci\u00f3n de los plazos y t\u00e9rminos procesales el 3 de junio del a\u00f1o pasado ante la pandemia de coronavirus, declar\u00f3 como procedentes 9 pruebas presentadas por la comunidad, en las que acredit\u00f3 la extracci\u00f3n de minerales, su pertenencia a un pueblo originario, de la inexistencia de una consulta previa, libre e informada y la cantidad de recursos financieros obtenidos por Don David Gold por la explotaci\u00f3n de la mina.<\/p>\n<p>&#8220;Seis quejas no resueltas&#8221;<\/p>\n<p>Sin embargo, observ\u00f3 que la SE y la compa\u00f1\u00eda minera presentaron quejas por la suspensi\u00f3n de plano concedida a la comunidad y por la admisi\u00f3n de las pruebas, para tratar de alargar la resoluci\u00f3n del Juzgado.<\/p>\n<p>Aunque, detall\u00f3 que las otras 6 quejas no han sido resueltas por el Primer Tribunal Colegiado en Materia Civil y Administrativa del D\u00e9cimo Tercer Circuito, porque se han aplazado hasta en 7 ocasiones.<\/p>\n<p>La autoridad agraria destac\u00f3 que la resoluci\u00f3n de las 6 quejas pendientes es fundamental para el juicio de amparo, porque de eso depende el desahogo de la audiencia constitucional en el Juzgado, donde emitir\u00e1 sentencia seguramente en favor de la comunidad, por la violaci\u00f3n de sus derechos.<\/p>\n<p><a href=\"https:\/\/www.nvinoticias.com\/nota\/189969\/exigen-indigenas-al-pjf-resolver-juicio-de-amparo-de-san-pedro-quiatoni\" target=\"_blank\" rel=\"noopener\">https:\/\/www.nvinoticias.com\/nota\/189969\/exigen-indigenas-al-pjf-resolver-juicio-de-amparo-de-san-pedro-quiatoni<\/a><\/p>\n","protected":false},"excerpt":{"rendered":"<p>Noticias \/ Octavio V\u00e9lez. Por acuerdo de la asamblea general de comuneros, cientos de ind\u00edgenas zapotecos de San Pedro Quiatoni, de Valles Centrales, se manifestaron ayer frente a la sede &hellip; <a href=\"https:\/\/www.grieta.org.mx\/index.php\/2021\/07\/06\/exigen-indigenas-al-pjf-resolver-juicio-de-amparo-de-san-pedro-quiatoni-oaxaca\/\" class=\"more-link\">Leer m\u00e1s<\/a><\/p>\n","protected":false},"author":2,"featured_media":60282,"comment_status":"closed","ping_status":"closed","sticky":false,"template":"","format":"standard","meta":{"ngg_post_thumbnail":0,"_jetpack_newsletter_access":"","_jetpack_dont_email_post_to_subs":false,"_jetpack_newsletter_tier_id":0,"_jetpack_memberships_contains_paywalled_content":false,"_jetpack_memberships_contains_paid_content":false,"footnotes":""},"categories":[80,1357,2,25,2909],"tags":[],"class_list":["post-60281","post","type-post","status-publish","format-standard","has-post-thumbnail","hentry","category-cintillo","category-conflictos-mineros-en-oaxaca","category-noticias-nacionales","category-oaxaca","category-resistencias-y-rebeldias-en-oaxaca","entry"],"jetpack_featured_media_url":"https:\/\/www.grieta.org.mx\/wp-content\/uploads\/2021\/07\/1-2.jpeg","jetpack_sharing_enabled":true,"jetpack_shortlink":"https:\/\/wp.me\/p7ZJR4-fGh","jetpack_likes_enabled":false,"jetpack-related-posts":[{"id":60274,"url":"https:\/\/www.grieta.org.mx\/index.php\/2021\/07\/06\/pueblo-zapoteco-de-quiatoni-dejo-su-comunidad-en-rechazo-a-las-empresas-mineras-de-gold-resource-corp-oaxaca\/","url_meta":{"origin":60281,"position":0},"title":"Pueblo zapoteco de Quiatoni dej\u00f3 su comunidad en rechazo a las empresas mineras de Gold Resource Corp (Oaxaca)","author":"grieta","date":"6 julio, 2021","format":false,"excerpt":"P\u00e1gina 3 \/ Pedro Mat\u00edas. *Realizaron una marcha al Poder Judicial Federal en rechazo a las mineras. | *Exigen acelerar su proceso judicial para expulsar a las empresas mineras de su territorio. | *Piden al gobierno federal deje de entorpecer el proceso judicial. OAXACA, Oax. (pagina3.mx).- Por acuerdo de la\u2026","rel":"","context":"En &quot;CINTILLO&quot;","block_context":{"text":"CINTILLO","link":"https:\/\/www.grieta.org.mx\/index.php\/category\/cintillo\/"},"img":{"alt_text":"","src":"https:\/\/i0.wp.com\/www.grieta.org.mx\/wp-content\/uploads\/2021\/07\/1-1.jpeg?resize=350%2C200&ssl=1","width":350,"height":200,"srcset":"https:\/\/i0.wp.com\/www.grieta.org.mx\/wp-content\/uploads\/2021\/07\/1-1.jpeg?resize=350%2C200&ssl=1 1x, https:\/\/i0.wp.com\/www.grieta.org.mx\/wp-content\/uploads\/2021\/07\/1-1.jpeg?resize=525%2C300&ssl=1 1.5x, https:\/\/i0.wp.com\/www.grieta.org.mx\/wp-content\/uploads\/2021\/07\/1-1.jpeg?resize=700%2C400&ssl=1 2x"},"classes":[]},{"id":44361,"url":"https:\/\/www.grieta.org.mx\/index.php\/2020\/02\/14\/indigenas-de-quiatoni-se-rebelan-contra-empresa-minera-gold-resource-corp-y-advierten-no-nos-vamos-a-dejar-oaxaca\/","url_meta":{"origin":60281,"position":1},"title":"Ind\u00edgenas de Quiatoni se rebelan contra empresa minera Gold Resource Corp y advierten \u201cno nos vamos a dejar\u201d (Oaxaca)","author":"grieta","date":"14 febrero, 2020","format":false,"excerpt":"P\u00e1gina 3 \/ Pedro Mat\u00edas. El Pueblo de San Pedro Quiatoni realizar una marcha e interponen demanda de amparo *\"Sea como sea, ya estamos decididos, esta es la voz del pueblo, no nos damos por vencidos\". *\"Sabemos que nos enfrentamos a un monstruo empresarial transnacional, pero haremos valer nuestros derechos\".\u2026","rel":"","context":"En &quot;CINTILLO&quot;","block_context":{"text":"CINTILLO","link":"https:\/\/www.grieta.org.mx\/index.php\/category\/cintillo\/"},"img":{"alt_text":"","src":"https:\/\/i0.wp.com\/www.grieta.org.mx\/wp-content\/uploads\/2020\/02\/quiane-696x402.png?resize=350%2C200&ssl=1","width":350,"height":200,"srcset":"https:\/\/i0.wp.com\/www.grieta.org.mx\/wp-content\/uploads\/2020\/02\/quiane-696x402.png?resize=350%2C200&ssl=1 1x, https:\/\/i0.wp.com\/www.grieta.org.mx\/wp-content\/uploads\/2020\/02\/quiane-696x402.png?resize=525%2C300&ssl=1 1.5x"},"classes":[]},{"id":44450,"url":"https:\/\/www.grieta.org.mx\/index.php\/2020\/02\/17\/comunidad-de-oaxaca-gana-suspension-contra-subsidiarias-de-minera-estadunidense\/","url_meta":{"origin":60281,"position":2},"title":"Comunidad de Oaxaca gana suspensi\u00f3n contra subsidiarias de minera estadunidense","author":"grieta","date":"17 febrero, 2020","format":false,"excerpt":"Proceso \/ Pedro Mat\u00edas Presencia de Gold Resource Corporation (GRC) en Oaxaca. Foto: goldresourcecorp.com OAXACA, Oax. (apro).- El Juzgado Primero de Distrito en el estado concedi\u00f3 una suspensi\u00f3n de plano a la comunidad ind\u00edgena de San Pedro Quiatoni contra las empresas Don David Gold, Minerales El Prado y Desarrollos Mineros\u2026","rel":"","context":"En &quot;CINTILLO&quot;","block_context":{"text":"CINTILLO","link":"https:\/\/www.grieta.org.mx\/index.php\/category\/cintillo\/"},"img":{"alt_text":"","src":"https:\/\/i0.wp.com\/www.grieta.org.mx\/wp-content\/uploads\/2020\/02\/mina-772x522.jpg?resize=350%2C200&ssl=1","width":350,"height":200,"srcset":"https:\/\/i0.wp.com\/www.grieta.org.mx\/wp-content\/uploads\/2020\/02\/mina-772x522.jpg?resize=350%2C200&ssl=1 1x, https:\/\/i0.wp.com\/www.grieta.org.mx\/wp-content\/uploads\/2020\/02\/mina-772x522.jpg?resize=525%2C300&ssl=1 1.5x, https:\/\/i0.wp.com\/www.grieta.org.mx\/wp-content\/uploads\/2020\/02\/mina-772x522.jpg?resize=700%2C400&ssl=1 2x"},"classes":[]},{"id":53793,"url":"https:\/\/www.grieta.org.mx\/index.php\/2020\/06\/26\/concesiones-mineras-entregadas-en-oaxaca-durante-gobierno-de-amlo\/","url_meta":{"origin":60281,"position":3},"title":"Concesiones mineras entregadas en Oaxaca durante gobierno de AMLO","author":"grieta","date":"26 junio, 2020","format":false,"excerpt":"Regeneraci\u00f3n Radio \/ Daniel Arellano. Al menos seis concesiones mineras han sido otorgadas en la actual administraci\u00f3n del Gobierno Federal, a favor de una empresa de Estados Unidos, con una superficie acumulada de 29 mil 142 hect\u00e1reas en el estado de Oaxaca. Los seis t\u00edtulos de concesi\u00f3n minera est\u00e1n fechados\u2026","rel":"","context":"En &quot;CINTILLO&quot;","block_context":{"text":"CINTILLO","link":"https:\/\/www.grieta.org.mx\/index.php\/category\/cintillo\/"},"img":{"alt_text":"","src":"https:\/\/i0.wp.com\/www.grieta.org.mx\/wp-content\/uploads\/2018\/03\/14524434_1106112876131411_958039263622046936_o.jpg?resize=350%2C200&ssl=1","width":350,"height":200,"srcset":"https:\/\/i0.wp.com\/www.grieta.org.mx\/wp-content\/uploads\/2018\/03\/14524434_1106112876131411_958039263622046936_o.jpg?resize=350%2C200&ssl=1 1x, https:\/\/i0.wp.com\/www.grieta.org.mx\/wp-content\/uploads\/2018\/03\/14524434_1106112876131411_958039263622046936_o.jpg?resize=525%2C300&ssl=1 1.5x, https:\/\/i0.wp.com\/www.grieta.org.mx\/wp-content\/uploads\/2018\/03\/14524434_1106112876131411_958039263622046936_o.jpg?resize=700%2C400&ssl=1 2x"},"classes":[]},{"id":69077,"url":"https:\/\/www.grieta.org.mx\/index.php\/2024\/06\/01\/en-oaxaca-peces-con-malformaciones-enfermedades-y-agua-envenenada\/","url_meta":{"origin":60281,"position":4},"title":"En Oaxaca: peces con malformaciones, enfermedades y agua envenenada","author":"grieta","date":"1 junio, 2024","format":false,"excerpt":"Imagen. Pedro Mat\u00edas Pedro Mat\u00edas \/ Pie\u00a0 de P\u00e1gina para P\u00e1gina 3 MAGDALENA YAUTEPEC, OAXACA.- Despu\u00e9s de una hora de camino, r\u00edo abajo, llegamos a La Magdalena, Yautepec, donde nos esperaban las autoridades. Ah\u00ed tom\u00f3 la palabra don Juan Reyes Z\u00e1rate para compartir que se dedican a la pesca. Relata\u2026","rel":"","context":"En &quot;CINTILLO&quot;","block_context":{"text":"CINTILLO","link":"https:\/\/www.grieta.org.mx\/index.php\/category\/cintillo\/"},"img":{"alt_text":"","src":"https:\/\/i0.wp.com\/www.grieta.org.mx\/wp-content\/uploads\/2024\/06\/Peces-con-malformacione1s_Pagina3.jpg?resize=350%2C200&ssl=1","width":350,"height":200,"srcset":"https:\/\/i0.wp.com\/www.grieta.org.mx\/wp-content\/uploads\/2024\/06\/Peces-con-malformacione1s_Pagina3.jpg?resize=350%2C200&ssl=1 1x, https:\/\/i0.wp.com\/www.grieta.org.mx\/wp-content\/uploads\/2024\/06\/Peces-con-malformacione1s_Pagina3.jpg?resize=525%2C300&ssl=1 1.5x, https:\/\/i0.wp.com\/www.grieta.org.mx\/wp-content\/uploads\/2024\/06\/Peces-con-malformacione1s_Pagina3.jpg?resize=700%2C400&ssl=1 2x"},"classes":[]},{"id":46270,"url":"https:\/\/www.grieta.org.mx\/index.php\/2020\/03\/12\/juez-concede-amparo-a-pueblos-chontales-de-oaxaca-contra-concesion-a-empresa-minera\/","url_meta":{"origin":60281,"position":5},"title":"Juez concede amparo a pueblos chontales de Oaxaca contra concesi\u00f3n a empresa minera","author":"grieta","date":"12 marzo, 2020","format":false,"excerpt":"Proceso \/ Pedro Mat\u00edas. OAXACA, Oax. (apro).- El Juzgado Cuarto de Distrito concedi\u00f3 un amparo a los pueblos chontales de Santa Mar\u00eda Zapotitl\u00e1n, Santa Mar\u00eda Ecatepec y Yautepec, y orden\u00f3 dejar sin efecto el t\u00edtulo de concesi\u00f3n 238447 que se otorg\u00f3 a la empresa minera Zalamera, con el argumento de\u2026","rel":"","context":"En &quot;CINTILLO&quot;","block_context":{"text":"CINTILLO","link":"https:\/\/www.grieta.org.mx\/index.php\/category\/cintillo\/"},"img":{"alt_text":"","src":"https:\/\/i0.wp.com\/www.grieta.org.mx\/wp-content\/uploads\/2020\/03\/Estados1.jpg?resize=350%2C200&ssl=1","width":350,"height":200,"srcset":"https:\/\/i0.wp.com\/www.grieta.org.mx\/wp-content\/uploads\/2020\/03\/Estados1.jpg?resize=350%2C200&ssl=1 1x, https:\/\/i0.wp.com\/www.grieta.org.mx\/wp-content\/uploads\/2020\/03\/Estados1.jpg?resize=525%2C300&ssl=1 1.5x, https:\/\/i0.wp.com\/www.grieta.org.mx\/wp-content\/uploads\/2020\/03\/Estados1.jpg?resize=700%2C400&ssl=1 2x"},"classes":[]}],"_links":{"self":[{"href":"https:\/\/www.grieta.org.mx\/index.php\/wp-json\/wp\/v2\/posts\/60281","targetHints":{"allow":["GET"]}}],"collection":[{"href":"https:\/\/www.grieta.org.mx\/index.php\/wp-json\/wp\/v2\/posts"}],"about":[{"href":"https:\/\/www.grieta.org.mx\/index.php\/wp-json\/wp\/v2\/types\/post"}],"author":[{"embeddable":true,"href":"https:\/\/www.grieta.org.mx\/index.php\/wp-json\/wp\/v2\/users\/2"}],"replies":[{"embeddable":true,"href":"https:\/\/www.grieta.org.mx\/index.php\/wp-json\/wp\/v2\/comments?post=60281"}],"version-history":[{"count":1,"href":"https:\/\/www.grieta.org.mx\/index.php\/wp-json\/wp\/v2\/posts\/60281\/revisions"}],"predecessor-version":[{"id":60283,"href":"https:\/\/www.grieta.org.mx\/index.php\/wp-json\/wp\/v2\/posts\/60281\/revisions\/60283"}],"wp:featuredmedia":[{"embeddable":true,"href":"https:\/\/www.grieta.org.mx\/index.php\/wp-json\/wp\/v2\/media\/60282"}],"wp:attachment":[{"href":"https:\/\/www.grieta.org.mx\/index.php\/wp-json\/wp\/v2\/media?parent=60281"}],"wp:term":[{"taxonomy":"category","embeddable":true,"href":"https:\/\/www.grieta.org.mx\/index.php\/wp-json\/wp\/v2\/categories?post=60281"},{"taxonomy":"post_tag","embeddable":true,"href":"https:\/\/www.grieta.org.mx\/index.php\/wp-json\/wp\/v2\/tags?post=60281"}],"curies":[{"name":"wp","href":"https:\/\/api.w.org\/{rel}","templated":true}]}}