{"id":60238,"date":"2021-06-17T11:52:51","date_gmt":"2021-06-17T16:52:51","guid":{"rendered":"http:\/\/www.grieta.org.mx\/?p=60238"},"modified":"2021-07-05T12:10:27","modified_gmt":"2021-07-05T17:10:27","slug":"por-protesta-de-empleados-de-pasa-suspenden-servicio-de-recoleccion-en-el-sur-de-leon-guanajuato","status":"publish","type":"post","link":"https:\/\/www.grieta.org.mx\/index.php\/2021\/06\/17\/por-protesta-de-empleados-de-pasa-suspenden-servicio-de-recoleccion-en-el-sur-de-leon-guanajuato\/","title":{"rendered":"Por protesta de empleados de PASA, suspenden servicio de recolecci\u00f3n en el sur de Le\u00f3n (Guanajuato)"},"content":{"rendered":"<p>Zona Franca<br \/>\njunio 17, 2021<\/p>\n<p>Con informaci\u00f3n de Jorge Hern\u00e1ndez y Alfonsina \u00c1vila<\/p>\n<p>Le\u00f3n, Gto. Trabajadores de la empresa PASA, responsable de la recolecci\u00f3n de basura en el sur de la ciudad de Le\u00f3n, realizaron un paro temporal de labores por diversas irregularidades en su lugar de trabajo.<\/p>\n<p>El servicio se vio afectado debido a que durante la madrugada de este jueves, los trabajadores de la empresa PASA Gen Industrial S.A. de C.V., protestaron por los malos tratos, despidos injustificados y un injusto sueldo.<\/p>\n<p>La protesta fue realizada en las instalaciones de la empresa, ubicadas sobre el bulevar Delta y su cruce con Aeropuerto.<\/p>\n<p>Los afectados piden la renuncia de su nuevo jefe, pues aseguran que los despidos tarde o temprano alcanzar\u00e1n a los dem\u00e1s, por lo que piden que se arregle la situaci\u00f3n laboral.<\/p>\n<p>Ante las bolsas de basura que permanecen en las calles de colonias Azteca, La Yesca, Bosques del Sur, Santa Mar\u00eda del Granjeno y otras m\u00e1s, los afectados aseguraron que no se est\u00e1n negando a trabajar, piden orden, ya que el hostigamiento est\u00e1 de por medio con el nuevo ejecutivo a cargo.<\/p>\n<p>Uno de los supervisores que sali\u00f3 a atender a los empleados, dijo que el paro se hizo porque a los recolectores no les pareci\u00f3 un despido, y que iba a tratar de completar el trabajo de recolecci\u00f3n de basura con otras alternativas, como cargar m\u00e1s labores a otras rutas.<\/p>\n<figure id=\"attachment_60243\" aria-describedby=\"caption-attachment-60243\" style=\"width: 1280px\" class=\"wp-caption alignnone\"><img loading=\"lazy\" decoding=\"async\" data-attachment-id=\"60243\" data-permalink=\"https:\/\/www.grieta.org.mx\/index.php\/2021\/06\/17\/por-protesta-de-empleados-de-pasa-suspenden-servicio-de-recoleccion-en-el-sur-de-leon-guanajuato\/photo_2021-06-17_10-26-17\/\" data-orig-file=\"https:\/\/www.grieta.org.mx\/wp-content\/uploads\/2021\/07\/photo_2021-06-17_10-26-17.jpg\" data-orig-size=\"1280,960\" data-comments-opened=\"0\" data-image-meta=\"{&quot;aperture&quot;:&quot;0&quot;,&quot;credit&quot;:&quot;&quot;,&quot;camera&quot;:&quot;&quot;,&quot;caption&quot;:&quot;&quot;,&quot;created_timestamp&quot;:&quot;0&quot;,&quot;copyright&quot;:&quot;&quot;,&quot;focal_length&quot;:&quot;0&quot;,&quot;iso&quot;:&quot;0&quot;,&quot;shutter_speed&quot;:&quot;0&quot;,&quot;title&quot;:&quot;&quot;,&quot;orientation&quot;:&quot;0&quot;}\" data-image-title=\"photo_2021-06-17_10-26-17\" data-image-description=\"\" data-image-caption=\"&lt;p&gt;Foto: Zona Franca&lt;\/p&gt;\n\" data-medium-file=\"https:\/\/www.grieta.org.mx\/wp-content\/uploads\/2021\/07\/photo_2021-06-17_10-26-17-300x225.jpg\" data-large-file=\"https:\/\/www.grieta.org.mx\/wp-content\/uploads\/2021\/07\/photo_2021-06-17_10-26-17-1024x768.jpg\" class=\"size-full wp-image-60243\" src=\"http:\/\/www.grieta.org.mx\/wp-content\/uploads\/2021\/07\/photo_2021-06-17_10-26-17.jpg\" alt=\"\" width=\"1280\" height=\"960\" srcset=\"https:\/\/www.grieta.org.mx\/wp-content\/uploads\/2021\/07\/photo_2021-06-17_10-26-17.jpg 1280w, https:\/\/www.grieta.org.mx\/wp-content\/uploads\/2021\/07\/photo_2021-06-17_10-26-17-300x225.jpg 300w, https:\/\/www.grieta.org.mx\/wp-content\/uploads\/2021\/07\/photo_2021-06-17_10-26-17-1024x768.jpg 1024w, https:\/\/www.grieta.org.mx\/wp-content\/uploads\/2021\/07\/photo_2021-06-17_10-26-17-768x576.jpg 768w\" sizes=\"auto, (max-width: 1280px) 100vw, 1280px\" \/><figcaption id=\"caption-attachment-60243\" class=\"wp-caption-text\">Foto: Zona Franca<\/figcaption><\/figure>\n<p>Las colonias que se vieron afectadas por el paro se encuentran desde el bulevar Adolfo L\u00f3pez Mateos hasta el bulevar Timoteo Lozano por la zona de Delta y sur de Le\u00f3n.<\/p>\n<p>M\u00e1s tarde, Aseo p\u00fablico inform\u00f3 en su cuenta de Twitter que en el transcurso del d\u00eda, el servicio ser\u00e1 regularizado, al parecer, por otra empresa recolectora. No obstante, el servicio matutino s\u00ed se est\u00e1 realizando con total normalidad.<\/p>\n<p>Hasta la ma\u00f1ana de este jueves no hab\u00edan llegado a un acuerdo los recolectores y sus superiores.<\/p>\n<p><strong>75 colonias entre la basura<\/strong><\/p>\n<figure id=\"attachment_60240\" aria-describedby=\"caption-attachment-60240\" style=\"width: 1280px\" class=\"wp-caption alignnone\"><img loading=\"lazy\" decoding=\"async\" data-attachment-id=\"60240\" data-permalink=\"https:\/\/www.grieta.org.mx\/index.php\/2021\/06\/17\/por-protesta-de-empleados-de-pasa-suspenden-servicio-de-recoleccion-en-el-sur-de-leon-guanajuato\/photo_2021-06-17_10-40-08\/\" data-orig-file=\"https:\/\/www.grieta.org.mx\/wp-content\/uploads\/2021\/07\/photo_2021-06-17_10-40-08.jpg\" data-orig-size=\"1280,960\" data-comments-opened=\"0\" data-image-meta=\"{&quot;aperture&quot;:&quot;0&quot;,&quot;credit&quot;:&quot;&quot;,&quot;camera&quot;:&quot;&quot;,&quot;caption&quot;:&quot;&quot;,&quot;created_timestamp&quot;:&quot;0&quot;,&quot;copyright&quot;:&quot;&quot;,&quot;focal_length&quot;:&quot;0&quot;,&quot;iso&quot;:&quot;0&quot;,&quot;shutter_speed&quot;:&quot;0&quot;,&quot;title&quot;:&quot;&quot;,&quot;orientation&quot;:&quot;0&quot;}\" data-image-title=\"photo_2021-06-17_10-40-08\" data-image-description=\"\" data-image-caption=\"&lt;p&gt;Foto: Zona Franca&lt;\/p&gt;\n\" data-medium-file=\"https:\/\/www.grieta.org.mx\/wp-content\/uploads\/2021\/07\/photo_2021-06-17_10-40-08-300x225.jpg\" data-large-file=\"https:\/\/www.grieta.org.mx\/wp-content\/uploads\/2021\/07\/photo_2021-06-17_10-40-08-1024x768.jpg\" class=\"size-full wp-image-60240\" src=\"http:\/\/www.grieta.org.mx\/wp-content\/uploads\/2021\/07\/photo_2021-06-17_10-40-08.jpg\" alt=\"\" width=\"1280\" height=\"960\" srcset=\"https:\/\/www.grieta.org.mx\/wp-content\/uploads\/2021\/07\/photo_2021-06-17_10-40-08.jpg 1280w, https:\/\/www.grieta.org.mx\/wp-content\/uploads\/2021\/07\/photo_2021-06-17_10-40-08-300x225.jpg 300w, https:\/\/www.grieta.org.mx\/wp-content\/uploads\/2021\/07\/photo_2021-06-17_10-40-08-1024x768.jpg 1024w, https:\/\/www.grieta.org.mx\/wp-content\/uploads\/2021\/07\/photo_2021-06-17_10-40-08-768x576.jpg 768w\" sizes=\"auto, (max-width: 1280px) 100vw, 1280px\" \/><figcaption id=\"caption-attachment-60240\" class=\"wp-caption-text\">Foto: Zona Franca<\/figcaption><\/figure>\n<p>El paro de huelga de la empresa PASA afect\u00f3 75 colonias de la zona norte-nororiente de la ciudad, pues 33 rutas de esa empresa dejaron de prestar el servicio, por lo que se espera su regularizaci\u00f3n en lo que resta del d\u00eda.<\/p>\n<p>As\u00ed lo expuso Roberto Centeno Valdez, director del Sistema de Aseo P\u00fablico de Le\u00f3n, quien coment\u00f3 que dejaron de laborar 100 empleados del turno de la noche y es con ellos con quienes tienen la negociaci\u00f3n.<\/p>\n<p>Agreg\u00f3 que estar\u00e1n revisando sanciones marcadas por el incumplimiento del titulo de concesi\u00f3n a la empresa.<\/p>\n<figure id=\"attachment_60239\" aria-describedby=\"caption-attachment-60239\" style=\"width: 576px\" class=\"wp-caption alignnone\"><img loading=\"lazy\" decoding=\"async\" data-attachment-id=\"60239\" data-permalink=\"https:\/\/www.grieta.org.mx\/index.php\/2021\/06\/17\/por-protesta-de-empleados-de-pasa-suspenden-servicio-de-recoleccion-en-el-sur-de-leon-guanajuato\/photo_2021-06-17_10-36-40\/\" data-orig-file=\"https:\/\/www.grieta.org.mx\/wp-content\/uploads\/2021\/07\/photo_2021-06-17_10-36-40.jpg\" data-orig-size=\"576,383\" data-comments-opened=\"0\" data-image-meta=\"{&quot;aperture&quot;:&quot;0&quot;,&quot;credit&quot;:&quot;&quot;,&quot;camera&quot;:&quot;&quot;,&quot;caption&quot;:&quot;&quot;,&quot;created_timestamp&quot;:&quot;0&quot;,&quot;copyright&quot;:&quot;&quot;,&quot;focal_length&quot;:&quot;0&quot;,&quot;iso&quot;:&quot;0&quot;,&quot;shutter_speed&quot;:&quot;0&quot;,&quot;title&quot;:&quot;&quot;,&quot;orientation&quot;:&quot;0&quot;}\" data-image-title=\"photo_2021-06-17_10-36-40\" data-image-description=\"\" data-image-caption=\"&lt;p&gt;Roberto Centeno Valdez, director del Sistema de Aseo P\u00fablico de Le\u00f3n. Foto: captura de pantalla&lt;\/p&gt;\n\" data-medium-file=\"https:\/\/www.grieta.org.mx\/wp-content\/uploads\/2021\/07\/photo_2021-06-17_10-36-40-300x199.jpg\" data-large-file=\"https:\/\/www.grieta.org.mx\/wp-content\/uploads\/2021\/07\/photo_2021-06-17_10-36-40.jpg\" class=\"size-full wp-image-60239\" src=\"http:\/\/www.grieta.org.mx\/wp-content\/uploads\/2021\/07\/photo_2021-06-17_10-36-40.jpg\" alt=\"\" width=\"576\" height=\"383\" srcset=\"https:\/\/www.grieta.org.mx\/wp-content\/uploads\/2021\/07\/photo_2021-06-17_10-36-40.jpg 576w, https:\/\/www.grieta.org.mx\/wp-content\/uploads\/2021\/07\/photo_2021-06-17_10-36-40-300x199.jpg 300w\" sizes=\"auto, (max-width: 576px) 100vw, 576px\" \/><figcaption id=\"caption-attachment-60239\" class=\"wp-caption-text\">Roberto Centeno Valdez, director del Sistema de Aseo P\u00fablico de Le\u00f3n. Foto: captura de pantalla<\/figcaption><\/figure>\n<p>En rueda de prensa, el funcionario municipal dijo que el problema interno en la empresa PASA se dio, luego de que fueron despedidos dos empleados que incumplieron con su contrato. Tambi\u00e9n estaba en revisi\u00f3n la permanencia de un supervisor, a lo que se sumaron varias quejas plasmadas en un pliego petitorio.<\/p>\n<p>\u201cVa a tener consecuencias de nosotros a la empresa de la prestaci\u00f3n del servicio que est\u00e1 concesionado en el t\u00edtulo\u201d, sentenci\u00f3.<\/p>\n<p>El funcionario municipal coment\u00f3 que la empresa tiene desde ayer pl\u00e1ticas con los representes sindicales para tener una soluci\u00f3n y regularizar el servicio. Por lo pronto, indic\u00f3 que una gran parte de las cuadrillas del turno matutino ya ofrecen el servicio.<\/p>\n<p>Adem\u00e1s, dijo que cuadrillas del SIAP dar\u00e1n servicio y atenci\u00f3n a los reportes ciudadanos para evitar residuos en la v\u00eda p\u00fablica.<\/p>\n<p><a href=\"https:\/\/zonafranca.mx\/politica-sociedad\/por-protesta-de-empleados-de-pasa-suspenden-servicio-de-recoleccion-en-el-sur-de-leon\/\">https:\/\/zonafranca.mx\/politica-sociedad\/por-protesta-de-empleados-de-pasa-suspenden-servicio-de-recoleccion-en-el-sur-de-leon\/<\/a><\/p>\n","protected":false},"excerpt":{"rendered":"<p>Zona Franca junio 17, 2021 Con informaci\u00f3n de Jorge Hern\u00e1ndez y Alfonsina \u00c1vila Le\u00f3n, Gto. Trabajadores de la empresa PASA, responsable de la recolecci\u00f3n de basura en el sur de &hellip; <a href=\"https:\/\/www.grieta.org.mx\/index.php\/2021\/06\/17\/por-protesta-de-empleados-de-pasa-suspenden-servicio-de-recoleccion-en-el-sur-de-leon-guanajuato\/\" class=\"more-link\">Leer m\u00e1s<\/a><\/p>\n","protected":false},"author":2,"featured_media":60246,"comment_status":"closed","ping_status":"closed","sticky":false,"template":"","format":"standard","meta":{"ngg_post_thumbnail":0,"_jetpack_newsletter_access":"","_jetpack_dont_email_post_to_subs":false,"_jetpack_newsletter_tier_id":0,"_jetpack_memberships_contains_paywalled_content":false,"_jetpack_memberships_contains_paid_content":false,"footnotes":""},"categories":[1258,17,3948,2910],"tags":[113,2841,3328,3275],"class_list":["post-60238","post","type-post","status-publish","format-standard","has-post-thumbnail","hentry","category-explotacion-y-precariedad-laboral-en-guanajuato","category-guanajuato","category-protestas-de-trabajadores-en-guanajuato","category-resistencias-en-guanajuato","tag-conflictos-laborales","tag-explotacion-y-precariedad-laboral","tag-huelgas","tag-protestas-de-trabajadores","entry"],"jetpack_featured_media_url":"https:\/\/www.grieta.org.mx\/wp-content\/uploads\/2021\/07\/photo_2021-06-17_09-37-23.jpg","jetpack_sharing_enabled":true,"jetpack_shortlink":"https:\/\/wp.me\/p7ZJR4-fFA","jetpack_likes_enabled":false,"jetpack-related-posts":[{"id":60251,"url":"https:\/\/www.grieta.org.mx\/index.php\/2021\/06\/18\/aumentaran-sueldo-a-personal-de-recoleccion-de-basura-leon-guanajuato\/","url_meta":{"origin":60238,"position":0},"title":"Aumentar\u00e1n sueldo a personal de recolecci\u00f3n de basura  (Le\u00f3n, Guanajuato)","author":"grieta","date":"18 junio, 2021","format":false,"excerpt":"Desde la noche de este jueves, las unidades salieron a brindar el servicio que afect\u00f3 a 75 colonias Roc\u00edo God\u00ednez | El Sol de Le\u00f3n, 18 de junio de 2021 Le\u00f3n, Gto. - El paro de labores por parte del personal de recolecci\u00f3n de basura, termin\u00f3 la noche de este\u2026","rel":"","context":"En &quot;CINTILLO&quot;","block_context":{"text":"CINTILLO","link":"https:\/\/www.grieta.org.mx\/index.php\/category\/cintillo\/"},"img":{"alt_text":"","src":"https:\/\/i0.wp.com\/www.grieta.org.mx\/wp-content\/uploads\/2021\/07\/Aumentara%CC%81n-sueldo-a-personal-de-recoleccio%CC%81n-de-basura.jpg?resize=350%2C200&ssl=1","width":350,"height":200,"srcset":"https:\/\/i0.wp.com\/www.grieta.org.mx\/wp-content\/uploads\/2021\/07\/Aumentara%CC%81n-sueldo-a-personal-de-recoleccio%CC%81n-de-basura.jpg?resize=350%2C200&ssl=1 1x, https:\/\/i0.wp.com\/www.grieta.org.mx\/wp-content\/uploads\/2021\/07\/Aumentara%CC%81n-sueldo-a-personal-de-recoleccio%CC%81n-de-basura.jpg?resize=525%2C300&ssl=1 1.5x, https:\/\/i0.wp.com\/www.grieta.org.mx\/wp-content\/uploads\/2021\/07\/Aumentara%CC%81n-sueldo-a-personal-de-recoleccio%CC%81n-de-basura.jpg?resize=700%2C400&ssl=1 2x"},"classes":[]},{"id":63510,"url":"https:\/\/www.grieta.org.mx\/index.php\/2022\/02\/24\/acusan-represalias-en-mazda-salamanca-tras-despido-de-280-trabajadores-guanajuato\/","url_meta":{"origin":60238,"position":1},"title":"Acusan represalias en Mazda Salamanca tras despido de 280 trabajadores (Guanajuato","author":"grieta","date":"24 febrero, 2022","format":false,"excerpt":"Por: Redacci\u00f3n\/El Pulso Laboral, 24 de febrero de 2022 Otro conflicto laboral de grandes proporciones toca la puerta en el Baj\u00edo mexicano, ahora protagonizado por trabajadores de la empresa Mazda planta Salamanca, quienes acusan 280 despidos injustificados. El Movimiento Industrial Automotriz Independiente (MIAI) aglutina a un grupo de trabajadores de\u2026","rel":"","context":"En &quot;CINTILLO&quot;","block_context":{"text":"CINTILLO","link":"https:\/\/www.grieta.org.mx\/index.php\/category\/cintillo\/"},"img":{"alt_text":"","src":"https:\/\/i0.wp.com\/www.grieta.org.mx\/wp-content\/uploads\/2022\/02\/284UO_MAZDA.jpg?resize=350%2C200&ssl=1","width":350,"height":200,"srcset":"https:\/\/i0.wp.com\/www.grieta.org.mx\/wp-content\/uploads\/2022\/02\/284UO_MAZDA.jpg?resize=350%2C200&ssl=1 1x, https:\/\/i0.wp.com\/www.grieta.org.mx\/wp-content\/uploads\/2022\/02\/284UO_MAZDA.jpg?resize=525%2C300&ssl=1 1.5x, https:\/\/i0.wp.com\/www.grieta.org.mx\/wp-content\/uploads\/2022\/02\/284UO_MAZDA.jpg?resize=700%2C400&ssl=1 2x, https:\/\/i0.wp.com\/www.grieta.org.mx\/wp-content\/uploads\/2022\/02\/284UO_MAZDA.jpg?resize=1050%2C600&ssl=1 3x"},"classes":[]},{"id":29641,"url":"https:\/\/www.grieta.org.mx\/index.php\/2019\/02\/11\/se-une-semarnat-guanajuato-a-protesta-nacional-exigen-pagos-atrasados\/","url_meta":{"origin":60238,"position":2},"title":"Se une Semarnat Guanajuato a protesta nacional, exigen pagos atrasados","author":"grieta","date":"11 febrero, 2019","format":false,"excerpt":"Redaccion AM, Le\u00f3n Guanajuato, 11 de Febrero Como parte de una protesta nacional por la suspensi\u00f3n de algunos derechos laborales de trabajadores de la Secretar\u00eda de Medio Ambiente y Recursos Naturales (Semarnat), esta ma\u00f1ana se comenz\u00f3 un paro de labores de la delegaci\u00f3n en Guanajuato de dicha dependencia. Entre las\u2026","rel":"","context":"En &quot;CINTILLO&quot;","block_context":{"text":"CINTILLO","link":"https:\/\/www.grieta.org.mx\/index.php\/category\/cintillo\/"},"img":{"alt_text":"","src":"https:\/\/i0.wp.com\/www.grieta.org.mx\/wp-content\/uploads\/2019\/02\/se-une-semarnat-guanajuato-a-protesta-nacional-exigen-pagos-atrasados-c3ef255e57fde08f69b497dfb76d8a6c.jpg_851672003.jpg?resize=350%2C200&ssl=1","width":350,"height":200,"srcset":"https:\/\/i0.wp.com\/www.grieta.org.mx\/wp-content\/uploads\/2019\/02\/se-une-semarnat-guanajuato-a-protesta-nacional-exigen-pagos-atrasados-c3ef255e57fde08f69b497dfb76d8a6c.jpg_851672003.jpg?resize=350%2C200&ssl=1 1x, https:\/\/i0.wp.com\/www.grieta.org.mx\/wp-content\/uploads\/2019\/02\/se-une-semarnat-guanajuato-a-protesta-nacional-exigen-pagos-atrasados-c3ef255e57fde08f69b497dfb76d8a6c.jpg_851672003.jpg?resize=525%2C300&ssl=1 1.5x, https:\/\/i0.wp.com\/www.grieta.org.mx\/wp-content\/uploads\/2019\/02\/se-une-semarnat-guanajuato-a-protesta-nacional-exigen-pagos-atrasados-c3ef255e57fde08f69b497dfb76d8a6c.jpg_851672003.jpg?resize=700%2C400&ssl=1 2x"},"classes":[]},{"id":63507,"url":"https:\/\/www.grieta.org.mx\/index.php\/2022\/02\/24\/despidos-masivos-en-mazda-salamanca-organizan-sindicato-independiente-igual-a-gm-guanajuato\/","url_meta":{"origin":60238,"position":3},"title":"Despidos masivos en Mazda Salamanca; organizan sindicato independiente igual a GM (Guanajuato)","author":"grieta","date":"24 febrero, 2022","format":false,"excerpt":"Los trabajadores dijeron que Mazda Salamanca ha realizado despidos de hasta 80 personas en un solo d\u00eda. Por Luciano V\u00e1zquez febrero 24, 2022 | El Financiero Guanajuato, Gto.- Trabajadores de la planta Mazda de Salamanca Guanajuato denunciaron que la empresa est\u00e1 realizando despidos masivos, por lo cual han iniciado el\u2026","rel":"","context":"En &quot;CINTILLO&quot;","block_context":{"text":"CINTILLO","link":"https:\/\/www.grieta.org.mx\/index.php\/category\/cintillo\/"},"img":{"alt_text":"","src":"https:\/\/i0.wp.com\/www.grieta.org.mx\/wp-content\/uploads\/2022\/02\/KDZA4HOJSVGOBJ2L3PXVLFV55Y.jpg?resize=350%2C200&ssl=1","width":350,"height":200,"srcset":"https:\/\/i0.wp.com\/www.grieta.org.mx\/wp-content\/uploads\/2022\/02\/KDZA4HOJSVGOBJ2L3PXVLFV55Y.jpg?resize=350%2C200&ssl=1 1x, https:\/\/i0.wp.com\/www.grieta.org.mx\/wp-content\/uploads\/2022\/02\/KDZA4HOJSVGOBJ2L3PXVLFV55Y.jpg?resize=525%2C300&ssl=1 1.5x, https:\/\/i0.wp.com\/www.grieta.org.mx\/wp-content\/uploads\/2022\/02\/KDZA4HOJSVGOBJ2L3PXVLFV55Y.jpg?resize=700%2C400&ssl=1 2x"},"classes":[]},{"id":14979,"url":"https:\/\/www.grieta.org.mx\/index.php\/2016\/06\/22\/medicos-protestan-en-leon-guanajuato\/","url_meta":{"origin":60238,"position":4},"title":"M\u00e9dicos protestan en Le\u00f3n, Guanajuato","author":"grieta","date":"22 junio, 2016","format":false,"excerpt":"LE\u00d3N, Gto. (SUN).- Un grupo de m\u00e9dicos de diversos hospitales del sector salud se manifest\u00f3 esta ma\u00f1ana en el Arco de la Calzada de esta ciudad, como parte del paro y protestas que a nivel nacional realiza el movimiento \u201c#YosoyM\u00e9dico17\u201d. De bata blanca y con un mo\u00f1o en colores rojo\u2026","rel":"","context":"En &quot;CINTILLO&quot;","block_context":{"text":"CINTILLO","link":"https:\/\/www.grieta.org.mx\/index.php\/category\/cintillo\/"},"img":{"alt_text":"","src":"https:\/\/i0.wp.com\/www.grieta.org.mx\/wp-content\/uploads\/2018\/03\/14524434_1106112876131411_958039263622046936_o.jpg?resize=350%2C200&ssl=1","width":350,"height":200,"srcset":"https:\/\/i0.wp.com\/www.grieta.org.mx\/wp-content\/uploads\/2018\/03\/14524434_1106112876131411_958039263622046936_o.jpg?resize=350%2C200&ssl=1 1x, https:\/\/i0.wp.com\/www.grieta.org.mx\/wp-content\/uploads\/2018\/03\/14524434_1106112876131411_958039263622046936_o.jpg?resize=525%2C300&ssl=1 1.5x, https:\/\/i0.wp.com\/www.grieta.org.mx\/wp-content\/uploads\/2018\/03\/14524434_1106112876131411_958039263622046936_o.jpg?resize=700%2C400&ssl=1 2x"},"classes":[]},{"id":31036,"url":"https:\/\/www.grieta.org.mx\/index.php\/2019\/03\/11\/quedan-sin-apoyo-jornaleros-agricolas-que-llegan-a-guanajuato\/","url_meta":{"origin":60238,"position":5},"title":"Quedan sin apoyo jornaleros agr\u00edcolas que llegan a Guanajuato","author":"grieta","date":"11 marzo, 2019","format":false,"excerpt":"Jos\u00e9 Antonio Castro\/ AM, Le\u00f3n Guanajuato, 21 de marzo de 2019. Le\u00f3n.- Con la cancelaci\u00f3n por parte de la Federaci\u00f3n del Programa de Atenci\u00f3n a Jornaleros Agr\u00edcolas, centenares de trabajadores que anualmente llegan a Guanajuato para trabajar en campos de cultivo quedar\u00e1n sin apoyo que era otorgado por Gobierno Federal,\u2026","rel":"","context":"En &quot;CINTILLO&quot;","block_context":{"text":"CINTILLO","link":"https:\/\/www.grieta.org.mx\/index.php\/category\/cintillo\/"},"img":{"alt_text":"","src":"https:\/\/i0.wp.com\/www.grieta.org.mx\/wp-content\/uploads\/2019\/03\/guanajuato-jornaleros.jpg_851672003.jpg?resize=350%2C200&ssl=1","width":350,"height":200,"srcset":"https:\/\/i0.wp.com\/www.grieta.org.mx\/wp-content\/uploads\/2019\/03\/guanajuato-jornaleros.jpg_851672003.jpg?resize=350%2C200&ssl=1 1x, https:\/\/i0.wp.com\/www.grieta.org.mx\/wp-content\/uploads\/2019\/03\/guanajuato-jornaleros.jpg_851672003.jpg?resize=525%2C300&ssl=1 1.5x, https:\/\/i0.wp.com\/www.grieta.org.mx\/wp-content\/uploads\/2019\/03\/guanajuato-jornaleros.jpg_851672003.jpg?resize=700%2C400&ssl=1 2x"},"classes":[]}],"_links":{"self":[{"href":"https:\/\/www.grieta.org.mx\/index.php\/wp-json\/wp\/v2\/posts\/60238","targetHints":{"allow":["GET"]}}],"collection":[{"href":"https:\/\/www.grieta.org.mx\/index.php\/wp-json\/wp\/v2\/posts"}],"about":[{"href":"https:\/\/www.grieta.org.mx\/index.php\/wp-json\/wp\/v2\/types\/post"}],"author":[{"embeddable":true,"href":"https:\/\/www.grieta.org.mx\/index.php\/wp-json\/wp\/v2\/users\/2"}],"replies":[{"embeddable":true,"href":"https:\/\/www.grieta.org.mx\/index.php\/wp-json\/wp\/v2\/comments?post=60238"}],"version-history":[{"count":1,"href":"https:\/\/www.grieta.org.mx\/index.php\/wp-json\/wp\/v2\/posts\/60238\/revisions"}],"predecessor-version":[{"id":60249,"href":"https:\/\/www.grieta.org.mx\/index.php\/wp-json\/wp\/v2\/posts\/60238\/revisions\/60249"}],"wp:featuredmedia":[{"embeddable":true,"href":"https:\/\/www.grieta.org.mx\/index.php\/wp-json\/wp\/v2\/media\/60246"}],"wp:attachment":[{"href":"https:\/\/www.grieta.org.mx\/index.php\/wp-json\/wp\/v2\/media?parent=60238"}],"wp:term":[{"taxonomy":"category","embeddable":true,"href":"https:\/\/www.grieta.org.mx\/index.php\/wp-json\/wp\/v2\/categories?post=60238"},{"taxonomy":"post_tag","embeddable":true,"href":"https:\/\/www.grieta.org.mx\/index.php\/wp-json\/wp\/v2\/tags?post=60238"}],"curies":[{"name":"wp","href":"https:\/\/api.w.org\/{rel}","templated":true}]}}