{"id":60198,"date":"2021-06-22T13:17:06","date_gmt":"2021-06-22T18:17:06","guid":{"rendered":"https:\/\/www.grieta.org.mx\/?p=60198"},"modified":"2021-06-28T13:26:54","modified_gmt":"2021-06-28T18:26:54","slug":"colectivo-defendamos-el-cerro-de-la-reina-hostigamiento-y-amenazas-por-la-defensa-legitima-del-area-protegida-jalisco","status":"publish","type":"post","link":"https:\/\/www.grieta.org.mx\/index.php\/2021\/06\/22\/colectivo-defendamos-el-cerro-de-la-reina-hostigamiento-y-amenazas-por-la-defensa-legitima-del-area-protegida-jalisco\/","title":{"rendered":"\u201cColectivo: Defendamos el Cerro de la Reina\u201d: Hostigamiento y amenazas por la defensa leg\u00edtima del \u00e1rea protegida (Jalisco)"},"content":{"rendered":"<p>Foto: Zona Docs<\/p>\n<p><strong>Durante seis a\u00f1os, las mujeres y hombres que conforman el Colectivo \u201cDefendamos el Cerro de la Reina\u201d han hecho todo por defender este centro ecol\u00f3gico en el municipio de Tonal\u00e1, Jalisco, de los intereses gubernamentales y empresariales que han buscado su privatizaci\u00f3n.\u00a0<\/strong><\/p>\n<p><strong>Hoy enfrentan un duro momento, pues tras denunciar cambios de uso de suelo en el Cerro de la Reina, han sido hostigados y amenazados de muerte.<\/strong><\/p>\n<p>Christian Cantero \/ Zona Docs<\/p>\n<p><strong>La defensa del Cerro de la Reina ha derivado en hostigamiento y amenazas de muerte<\/strong>; as\u00ed lo han denunciado quienes, desde hace seis a\u00f1os, constituyeron el colectivo\u00a0<strong>que defiende esta \u00e1rea protegida de los intereses gubernamentales que buscan su privatizaci\u00f3n.\u00a0<\/strong><\/p>\n<p>Estas amenazas se han materializado mediante una llamada telef\u00f3nica en la que a uno de los integrantes se les se\u00f1al\u00f3 que deb\u00edan dejar la defensa del cerro o iba su vida de por medio:\u00a0<strong>\u201cEso acaba de ocurrir la semana pasada, fue una amenaza para todos, es una amenaza de muerte\u201d, mencionaron desde el Colectivo \u201cDefendamos el Cerro de la Reina\u201d.<\/strong><\/p>\n<p>Para entender un poco m\u00e1s del contexto de lo que pasa con el \u00e1rea natural del Cerro de la Reina y de quienes defienden este espacio natural, recapitulamos lo que ha ocurrido.\u00a0Desde hace seis a\u00f1os, los y las integrantes del colectivo \u201cDefendamos el Cerro de la Reina\u201d\u00a0<strong>han sumado esfuerzos para crear campa\u00f1as de reforestaci\u00f3n en esta \u00e1rea natural perteneciente al municipio de Tonal\u00e1, Jalisco<\/strong>; adem\u00e1s de que han fomentado su uso para actividades culturales.<\/p>\n<p>Antes de vivir la pandemia causada por el COVID-19, las y los integrantes del colectivo, organizaban festivales culturales como: \u201cEl Papalote\u201d donde acud\u00edan decenas de personas a competir para ver qui\u00e9n volaba m\u00e1s alto el papalote, cu\u00e1l era el m\u00e1s bonito, el mejor dise\u00f1ado o el m\u00e1s creativo. Tambi\u00e9n realizaban exposiciones de teatro, shows de t\u00edteres, festivales musicales y campamentos al aire libre.\u00a0<strong>Uno de los eventos m\u00e1s destacados fue la entrega del bast\u00f3n de mando que se le otorg\u00f3 a la comunidad ind\u00edgena Nahua.<\/strong><\/p>\n<p>Hoy en d\u00eda muchas de estas actividades\u00a0<strong>est\u00e1n siendo amenazadas por los intereses comerciales que sobre la zona quiere realizar el Ayuntamiento de Tonal\u00e1<\/strong>, pues ah\u00ed se ha querido construir un parque de diversiones o diversos proyectos inmobiliarios.<\/p>\n<p>La amenaza se ha vuelto mayor tras los recientes cambios en el uso del suelo,\u00a0<strong>pues se pas\u00f3 -sin consultar al colectivo y a la comunidad- de \u00e1rea protegida a desarrollo con fines tur\u00edsticos.<\/strong><\/p>\n<p><b>Una historia de identidad y resistencia<\/b><\/p>\n<p>La historia cultural del Cerro de la Reina comenz\u00f3 en el a\u00f1o 1887 con la colocaci\u00f3n de ocho estatuas de guerreros ind\u00edgenas custodiando al monumento a la Reina Cihualpilli, realizado por Don Remigio.<strong>\u00a0Ah\u00ed mismo tambi\u00e9n se edific\u00f3 una capilla de piedra de castilla dedicada a la Virgen de Guadalupe, terminada en 1974.\u00a0<\/strong><\/p>\n<p>Aunado a esto, el Cerro de la Reina ha sido la cuna de una de las tradiciones m\u00e1s fuertes y actualmente presentes en el municipio tonaltense:\u00a0<strong>Los Tastoanes, quienes -como dicta la tradici\u00f3n- con sus danzas, m\u00e1scaras, pinturas e historias han bajado del cerro para convivir con las personas<\/strong>\u00a0desde las \u00e9pocas de la conquista hasta la fecha.<\/p>\n<p>Por ello, el Colectivo \u201cDefendamos el Cerro de la Reina\u201d\u00a0<strong>no s\u00f3lo protege la zona por su val\u00eda ecol\u00f3gica sino por todo su valor simb\u00f3lico y cultural.<\/strong><\/p>\n<p>Sin embargo, esto se ha visto acechado por diversos cambios legales que buscan privatizarlo para su explotaci\u00f3n comercial; uno de los primeros cambios ocurri\u00f3 el 9 de junio de 2017 cuando en Sesi\u00f3n extraordinaria del Ayuntamiento de Tonal\u00e1, durante el Gobierno de Sergio Ch\u00e1vez D\u00e1valos, se aprob\u00f3 la elaboraci\u00f3n del\u00a0<strong>\u201cPrograma de Ordenamiento Ecol\u00f3gico Territorial y de Desarrollo Urbano Municipal de Tonal\u00e1\u201d (POETDUM), ahora denominado como Programa de Ordenamiento Ecol\u00f3gico Local, POEL<\/strong>, este plan que se elabor\u00f3\u00a0en conjunto con la Secretar\u00eda de Medio Ambiente y Desarrollo Territorial del Gobierno de Jalisco, se constituy\u00f3 como el primer intento por cambiar el uso de suelo de este \u00e1rea protegida, aunque en ese momento se se\u00f1al\u00f3 que no habr\u00eda cambio alguno si no de contaba con el aval de la comunidad.<\/p>\n<p>Por ello, el 25 de octubre de ese a\u00f1o, se instal\u00f3 el Comit\u00e9 de Ordenamiento Ecol\u00f3gico Local del Municipio de Tonal\u00e1,\u00a0<strong>el cual se integr\u00f3 por representantes de todos los niveles de gobierno (federal, estatal, municipal) y representantes de la sociedad civil y la academia.\u00a0<\/strong>A pesar de este mecanismo, el Colectivo ha logrado frenar los embates comerciales que amenazaron al Cerro de la Reina,\u00a0<strong>los cuales se han reavivado tras cada cambio de administraci\u00f3n municipal.<\/strong><\/p>\n<p>En la actual administraci\u00f3n, encabezada por Juan Antonio Gonz\u00e1lez Mora, se retom\u00f3 este proyecto y se someti\u00f3 a Consulta P\u00fablica del 28 de agosto al 13 de octubre de 2020; no obstante, la versi\u00f3n original presentada en el 2017 no se mantuvo, pues existieron algunos cambios en la conformaci\u00f3n de las Unidades de Gesti\u00f3n Ambiental (UGA);\u00a0<strong>con ello, se introdujeron<\/strong><strong>\u00a0pol\u00edticas de recuperaci\u00f3n y conservaci\u00f3n ambiental de las zonas y se permiti\u00f3 su aprovechamiento para la construcci\u00f3n de asentamientos humanos.<\/strong><\/p>\n<p>El 26 de octubre de 2020,\u00a0<b>representantes del Colectivo \u201cDefendamos el Cerro de la Reina\u201d y el representante de la Comunidad Ind\u00edgena Nahua de Tonal\u00e1, presentaron al Ayuntamiento de Tonal\u00e1 un documento con las observaciones al Ordenamiento Ecol\u00f3gico<\/b>, al Programa Municipal de Desarrollo Urbano y al Plan de Desarrollo Urbano de Centro de Poblaci\u00f3n,<strong>\u00a0en los cuales denunciaron estas irregularidades.<\/strong><\/p>\n<p>Tambi\u00e9n denunciaron que, en la propuesta para el Plan de Desarrollo Urbano de Centro de Poblaci\u00f3n Distrito TON-01 \u201cCentro Urbano\u201d,\u00a0<b>se proyectaba ya\u00a0 un uso Habitacional de Densidad Alta, compatible con usos Comerciales y de Servicios, y que justos cambios impactar\u00edan en la zona que corresponde a la Unidad de Gesti\u00f3n Ambiental 16;\u00a0<\/b>es decir, junto al Cerro de la Reina,<strong>\u00a0lugar donde ya se ve la intervenci\u00f3n de maquinaria.<\/strong><\/p>\n<p>El 7 de mayo de 2021 fue convocado para sesionar el Comit\u00e9 de Ordenamiento Ecol\u00f3gico Local del Municipio de Tonal\u00e1,\u00a0<strong>durante la reuni\u00f3n el Colectivo se\u00f1al\u00f3 nuevamente las probables vulneraciones al territorio por las modificaciones a las UGA 2, 6, 7, 8, 9, 10, 15, 16, 17, 20, 31, 36, 39, 41 y 55<\/strong>; entre las cuales, se afectaban la zonas con valor ambiental aleda\u00f1as al Cerro de la Reina, el \u00c1rea Natural Protegida de las Barrancas de los R\u00edos Santiago y Verdes a la altura del complejo habitacional \u201cURBI\u201d, as\u00ed como zonas r\u00fasticas camino al Vado.<\/p>\n<p>Tambi\u00e9n manifestaron su inconformidad, pues en esta toma de decisiones el Comit\u00e9 se debi\u00f3 involucrar a la comunidad desde el inicio de la actualizaci\u00f3n del POEL y no s\u00f3lo en su aprobaci\u00f3n.\u00a0<strong>No obstante, el 27 de mayo 2021, se public\u00f3 en la Gaceta Municipal de Tonal\u00e1, la aprobaci\u00f3n del programa de ordenamiento ecol\u00f3gico local del municipio de Tonal\u00e1.<\/strong><\/p>\n<p>Por lo anterior, desde el Colectivo \u201cDefendamos el Cerro de la Reina\u201d,<strong>\u00a0manifestaron que \u201ctodo el proceso fue una simulaci\u00f3n\u201d y se\u00f1alaron que una vez m\u00e1s el \u00e1rea ecol\u00f3gica estaba en peligro, pero tambi\u00e9n lo estaban quienes lo defienden<\/strong>, pues uno de sus integrantes, Sergio Morales, hab\u00eda sido hostigado y perseguido a lo largo de un trayecto que realiza de manera cotidiana.<\/p>\n<p>A estas denuncias se sumaron, el 16 de junio, las que realizaron las y los integrantes de la comunidad ind\u00edgena Nahua:<\/p>\n<p><strong>\u201cAs\u00ed mismo, dejamos constancia a trav\u00e9s de este documento que no por el hecho de alzar la voz habremos de sufrir persecuci\u00f3n o intimidaci\u00f3n, ejercemos como cualquier otro ciudadano nuestro derecho a la libre expresi\u00f3n. Exhortamos a las autoridades que lejos de intimidarnos, se nos cuide, consulte y proteja\u201d.<\/strong><\/p>\n<p>En un acto simb\u00f3lico y de protesta, representantes de la comunidad ind\u00edgena Nahua colocaron una lona en los escalones principales del Cerro de la Reina,\u00a0<strong>en donde fijaron nuevamente su postura en contra del cambio del uso de suelo del \u00e1rea natural.<\/strong><\/p>\n<p>En la lona se lee:<\/p>\n<p><strong>\u201cLa comunidad ind\u00edgena Nahua de Tonal\u00e1, los guerreros tastoanes y la sociedad civil organizada, seguimos en resistencia por la defensa de este centro ceremonial sagrado El Cerro de la Reina \u00fanete a esta causa y defendamos juntos lo que nos pertenece a todos\u201d.<\/strong><\/p>\n<p>Luego de esta acci\u00f3n, el hostigamiento para quienes defienden el Cerro de la Reina creci\u00f3 pues recibieron una llamada para exigirles que detuvieran su defensa, pues si no lo hac\u00edan su vida correr\u00eda peligro:<\/p>\n<p><strong>\u201cAhorita ya nos amenazaron a todos, lo primero fue que a un compa\u00f1ero lo siguieron en su recorridos y trayectorias, fue una primera alerta, lo siguiente fue la llamada uno de los compa\u00f1eros a quienes le dijeron: O le bajan o va su vida de por medio\u201d.<\/strong><\/p>\n<p>Adem\u00e1s le recordaron a las autoridades de Tonal\u00e1 que no se puede cambiar el uso del suelo en una zona donde habita una comunidad indigena, adem\u00e1s no se puede edificar sin antes consultarles:<\/p>\n<p><em><strong>\u201cEs totalmente ilegal, pero se lo han pasado por alto, por eso hacemos un serio cuestionamiento al municipio porque, pese a esto, a un lado de la entrada del parque ecol\u00f3gico y detr\u00e1s de un enmallado ya se encuentra el comienzo de aplanamiento de terreno con maquinaria pesada, esto ya se hace a\u00fan con las intervenciones de la Comisi\u00f3n de\u00a0 Derechos Humanos, esto no detiene el avance que destruye la tierra\u201d, mencion\u00f3 uno de los integrantes del Colectivo<\/strong><\/em><\/p>\n<p>El m\u00e1s reciente acto simb\u00f3lico del Colectivo \u201cDefendamos el Cerro de la Reina\u201d fue la colocaci\u00f3n de una lona frente al Palacio municipal de Tonal\u00e1, esto por el sexto aniversario en resistencia de parte del colectivo; por este acto, en redes sociales expresaron:\u00a0<strong>\u201cEsto fue para dejarles en claro que seguimos y seguiremos presentes y en pie de lucha, pues seis a\u00f1os despu\u00e9s siguen los planes de apropiarse de las tierras, per el pueblo tonalteca est\u00e1 unidos para impedirlo\u201d.<\/strong><\/p>\n<p><a href=\"https:\/\/www.zonadocs.mx\/2021\/06\/22\/colectivo-defendamos-el-cerro-de-la-reina-hostigamiento-y-amenazas-por-la-defensa-legitima-del-area-protegida\/\">https:\/\/www.zonadocs.mx\/2021\/06\/22\/colectivo-defendamos-el-cerro-de-la-reina-hostigamiento-y-amenazas-por-la-defensa-legitima-del-area-protegida\/<\/a><\/p>\n","protected":false},"excerpt":{"rendered":"<p>Foto: Zona Docs Durante seis a\u00f1os, las mujeres y hombres que conforman el Colectivo \u201cDefendamos el Cerro de la Reina\u201d han hecho todo por defender este centro ecol\u00f3gico en el &hellip; <a href=\"https:\/\/www.grieta.org.mx\/index.php\/2021\/06\/22\/colectivo-defendamos-el-cerro-de-la-reina-hostigamiento-y-amenazas-por-la-defensa-legitima-del-area-protegida-jalisco\/\" class=\"more-link\">Leer m\u00e1s<\/a><\/p>\n","protected":false},"author":2,"featured_media":60199,"comment_status":"closed","ping_status":"closed","sticky":false,"template":"","format":"standard","meta":{"ngg_post_thumbnail":0,"_jetpack_newsletter_access":"","_jetpack_dont_email_post_to_subs":false,"_jetpack_newsletter_tier_id":0,"_jetpack_memberships_contains_paywalled_content":false,"_jetpack_memberships_contains_paid_content":false,"footnotes":""},"categories":[80,2280,20,2],"tags":[154,3736,628,2562,3699,573,1832],"class_list":["post-60198","post","type-post","status-publish","format-standard","has-post-thumbnail","hentry","category-cintillo","category-conflictos-ambientales-en-jalisco","category-jalisco","category-noticias-nacionales","tag-areas-naturales-protegidas","tag-conflictos-ambientales","tag-defensa-del-territorio","tag-destruccion-ambiental","tag-destruccion-ambiental-por-proyectos-inmobiliarios","tag-proyecto-turistico","tag-violencia-contra-defensores-del-medio-ambiente","entry"],"jetpack_featured_media_url":"https:\/\/www.grieta.org.mx\/wp-content\/uploads\/2021\/06\/photo5080575273694505497-1080x720-1.jpg","jetpack_sharing_enabled":true,"jetpack_shortlink":"https:\/\/wp.me\/p7ZJR4-fEW","jetpack_likes_enabled":false,"jetpack-related-posts":[{"id":59721,"url":"https:\/\/www.grieta.org.mx\/index.php\/2021\/06\/04\/protestan-contra-cambios-en-el-cerro-de-la-reina-jalisco\/","url_meta":{"origin":60198,"position":0},"title":"Protestan contra cambios en el Cerro de la Reina (Jalisco)","author":"grieta","date":"4 junio, 2021","format":false,"excerpt":"Foto: Jorge Alberto Mendoza Jorge Alberto Mendoza \/ El Diario NTR Integrantes del colectivo Defendamos el Cerro de la Reina, se manifestaron este viernes frente al palacio municipal de Tonal\u00e1, para exigir que se detenga de inmediato cualquier planeaci\u00f3n de desarrollo urbano en este lugar. Pidieron marcha atr\u00e1s a la\u2026","rel":"","context":"En &quot;CINTILLO&quot;","block_context":{"text":"CINTILLO","link":"https:\/\/www.grieta.org.mx\/index.php\/category\/cintillo\/"},"img":{"alt_text":"","src":"https:\/\/i0.wp.com\/www.grieta.org.mx\/wp-content\/uploads\/2021\/06\/2021-06-04_04-06-17___5223.jpg?resize=350%2C200&ssl=1","width":350,"height":200,"srcset":"https:\/\/i0.wp.com\/www.grieta.org.mx\/wp-content\/uploads\/2021\/06\/2021-06-04_04-06-17___5223.jpg?resize=350%2C200&ssl=1 1x, https:\/\/i0.wp.com\/www.grieta.org.mx\/wp-content\/uploads\/2021\/06\/2021-06-04_04-06-17___5223.jpg?resize=525%2C300&ssl=1 1.5x, https:\/\/i0.wp.com\/www.grieta.org.mx\/wp-content\/uploads\/2021\/06\/2021-06-04_04-06-17___5223.jpg?resize=700%2C400&ssl=1 2x"},"classes":[]},{"id":63435,"url":"https:\/\/www.grieta.org.mx\/index.php\/2022\/02\/09\/activistas-de-jalisco-denuncian-amenazas\/","url_meta":{"origin":60198,"position":1},"title":"Activistas de Jalisco denuncian amenazas","author":"grieta","date":"9 febrero, 2022","format":false,"excerpt":"Foto: Especial Juan Levario \/ El Diario NTR El asesinato de la abogada y activista Ver\u00f3nica Guerrero, ocurrido el 3 de febrero en Tonal\u00e1, provoc\u00f3 temor entre miembros de la sociedad civil organizada, pues al igual que ella han recibido amenazas. Adem\u00e1s, ven indolencia y complicidad del gobierno de Jalisco.\u2026","rel":"","context":"En &quot;Amenazas contra activistas en Jalisco&quot;","block_context":{"text":"Amenazas contra activistas en Jalisco","link":"https:\/\/www.grieta.org.mx\/index.php\/category\/noticias-nacionales\/jalisco\/amenazas-contra-activistas-en-jalisco\/"},"img":{"alt_text":"","src":"https:\/\/i0.wp.com\/www.grieta.org.mx\/wp-content\/uploads\/2022\/02\/2022-02-08_11-02-18___5909.jpg?resize=350%2C200&ssl=1","width":350,"height":200,"srcset":"https:\/\/i0.wp.com\/www.grieta.org.mx\/wp-content\/uploads\/2022\/02\/2022-02-08_11-02-18___5909.jpg?resize=350%2C200&ssl=1 1x, https:\/\/i0.wp.com\/www.grieta.org.mx\/wp-content\/uploads\/2022\/02\/2022-02-08_11-02-18___5909.jpg?resize=525%2C300&ssl=1 1.5x, https:\/\/i0.wp.com\/www.grieta.org.mx\/wp-content\/uploads\/2022\/02\/2022-02-08_11-02-18___5909.jpg?resize=700%2C400&ssl=1 2x"},"classes":[]},{"id":71472,"url":"https:\/\/www.grieta.org.mx\/index.php\/2025\/03\/25\/la-comunidad-indigena-nahua-de-tonala-declara-el-cerro-de-la-reina-como-zona-natural-protegida\/","url_meta":{"origin":60198,"position":2},"title":"La Comunidad Ind\u00edgena Nahua de Tonal\u00e1 declara el Cerro de la Reina como Zona Natural Protegida (Jalisco)","author":"grieta","date":"25 marzo, 2025","format":false,"excerpt":"Imagen: Zona Docs Miguel Vidal \/ Zona Docs La comunidad ind\u00edgena Nahua de Tonal\u00e1, en conjunto con el colectivo \u201cDefendamos el Cerro de la Reina\u201c, anunci\u00f3 la declaratoria del Cerro de la Reina como una\u00a0\u00c1rea Natural Protegida y Espacio Biocultural. Tras una ceremonia conmemorativa a los Cuatro Vientos, dirigida por\u2026","rel":"","context":"En &quot;CINTILLO&quot;","block_context":{"text":"CINTILLO","link":"https:\/\/www.grieta.org.mx\/index.php\/category\/cintillo\/"},"img":{"alt_text":"","src":"https:\/\/i0.wp.com\/www.grieta.org.mx\/wp-content\/uploads\/2025\/03\/ca10a1ea-bff4-421b-b5d1-5f735268942c.jpeg?resize=350%2C200&ssl=1","width":350,"height":200,"srcset":"https:\/\/i0.wp.com\/www.grieta.org.mx\/wp-content\/uploads\/2025\/03\/ca10a1ea-bff4-421b-b5d1-5f735268942c.jpeg?resize=350%2C200&ssl=1 1x, https:\/\/i0.wp.com\/www.grieta.org.mx\/wp-content\/uploads\/2025\/03\/ca10a1ea-bff4-421b-b5d1-5f735268942c.jpeg?resize=525%2C300&ssl=1 1.5x, https:\/\/i0.wp.com\/www.grieta.org.mx\/wp-content\/uploads\/2025\/03\/ca10a1ea-bff4-421b-b5d1-5f735268942c.jpeg?resize=700%2C400&ssl=1 2x, https:\/\/i0.wp.com\/www.grieta.org.mx\/wp-content\/uploads\/2025\/03\/ca10a1ea-bff4-421b-b5d1-5f735268942c.jpeg?resize=1050%2C600&ssl=1 3x"},"classes":[]},{"id":64245,"url":"https:\/\/www.grieta.org.mx\/index.php\/2022\/05\/18\/desarrollo-inmobiliario-pone-en-riesgo-el-corredor-hidrologico-del-bosque-nixticuil-en-zapopan-jalisco\/","url_meta":{"origin":60198,"position":3},"title":"Desarrollo inmobiliario pone en riesgo el corredor hidrol\u00f3gico del Bosque Nixticuil en Zapopan (Jalisco)","author":"grieta","date":"18 mayo, 2022","format":false,"excerpt":"Foto: Archivo \/ UDGTV Mar\u00eda Ram\u00edrez Blanco \/ UDGTV Guadalajara, Jalisco.\u00a0\u00a0El\u00a0Comit\u00e9 para la Defensa del Bosque Nixticuil en Zapopan denuncia tr\u00e1fico de influencias por parte del Gobierno Municipal\u00a0para favorecer el desarrollo inmobiliario en una \u00e1rea que tiene un alto grado de conservaci\u00f3n ecol\u00f3gica. \u201cSe trata de una zona que es\u2026","rel":"","context":"En &quot;CINTILLO&quot;","block_context":{"text":"CINTILLO","link":"https:\/\/www.grieta.org.mx\/index.php\/category\/cintillo\/"},"img":{"alt_text":"","src":"https:\/\/i0.wp.com\/www.grieta.org.mx\/wp-content\/uploads\/2022\/05\/Bosque_Nixticuil-ArchivoResized-696x522-1.jpg?resize=350%2C200&ssl=1","width":350,"height":200,"srcset":"https:\/\/i0.wp.com\/www.grieta.org.mx\/wp-content\/uploads\/2022\/05\/Bosque_Nixticuil-ArchivoResized-696x522-1.jpg?resize=350%2C200&ssl=1 1x, https:\/\/i0.wp.com\/www.grieta.org.mx\/wp-content\/uploads\/2022\/05\/Bosque_Nixticuil-ArchivoResized-696x522-1.jpg?resize=525%2C300&ssl=1 1.5x"},"classes":[]},{"id":26615,"url":"https:\/\/www.grieta.org.mx\/index.php\/2018\/09\/11\/peligra-cerro-de-la-reina-jalisco-por-plan-con-nexos-priistas\/","url_meta":{"origin":60198,"position":4},"title":"Peligra Cerro de la Reina, Jalisco, por plan con nexos priistas","author":"grieta","date":"11 septiembre, 2018","format":false,"excerpt":"Redacci\u00f3n\/Somos el Medio. Casi media hect\u00e1rea del mayor s\u00edmbolo cultural del municipio de Tonal\u00e1, Jalisco, el Cerro de la Reina, se encuentra en riesgo de ser entregada gratuitamente y hasta por 25 a\u00f1os a un proyecto con nexos priistas. Desde el a\u00f1o 2015, el Cerro de la Reina se coloc\u00f3\u2026","rel":"","context":"En &quot;CINTILLO&quot;","block_context":{"text":"CINTILLO","link":"https:\/\/www.grieta.org.mx\/index.php\/category\/cintillo\/"},"img":{"alt_text":"","src":"https:\/\/i0.wp.com\/www.grieta.org.mx\/wp-content\/uploads\/2018\/09\/Cerro-de-la-Reyna.jpg?resize=350%2C200&ssl=1","width":350,"height":200,"srcset":"https:\/\/i0.wp.com\/www.grieta.org.mx\/wp-content\/uploads\/2018\/09\/Cerro-de-la-Reyna.jpg?resize=350%2C200&ssl=1 1x, https:\/\/i0.wp.com\/www.grieta.org.mx\/wp-content\/uploads\/2018\/09\/Cerro-de-la-Reyna.jpg?resize=525%2C300&ssl=1 1.5x, https:\/\/i0.wp.com\/www.grieta.org.mx\/wp-content\/uploads\/2018\/09\/Cerro-de-la-Reyna.jpg?resize=700%2C400&ssl=1 2x, https:\/\/i0.wp.com\/www.grieta.org.mx\/wp-content\/uploads\/2018\/09\/Cerro-de-la-Reyna.jpg?resize=1050%2C600&ssl=1 3x"},"classes":[]},{"id":62787,"url":"https:\/\/www.grieta.org.mx\/index.php\/2021\/12\/02\/colectivos-y-organizaciones-de-tonala-exigen-seguridad-tras-agresion-a-defensor-del-medio-ambiente-jalisco\/","url_meta":{"origin":60198,"position":5},"title":"Colectivos y organizaciones de Tonal\u00e1 exigen seguridad tras agresi\u00f3n a defensor del medio ambiente (Jalisco)","author":"grieta","date":"2 diciembre, 2021","format":false,"excerpt":"Foto: Zona Docs El pasado 23 de noviembre, Jes\u00fas Sa\u00fal Casta\u00f1eda, miembro del Colectivo Foco Tonal, sufri\u00f3 un atentado en su casa del cual, afortunadamente sali\u00f3 ileso; por ello, diversos colectivos y personadas relacionados con la lucha ambiental em Tonal\u00e1 exigieron al Gobierno de Jalisco un alto a las agresiones\u2026","rel":"","context":"En &quot;Amenazas contra activistas en Jalisco&quot;","block_context":{"text":"Amenazas contra activistas en Jalisco","link":"https:\/\/www.grieta.org.mx\/index.php\/category\/noticias-nacionales\/jalisco\/amenazas-contra-activistas-en-jalisco\/"},"img":{"alt_text":"","src":"https:\/\/i0.wp.com\/www.grieta.org.mx\/wp-content\/uploads\/2021\/12\/Unknown-12-1068x801-1.jpeg?resize=350%2C200&ssl=1","width":350,"height":200,"srcset":"https:\/\/i0.wp.com\/www.grieta.org.mx\/wp-content\/uploads\/2021\/12\/Unknown-12-1068x801-1.jpeg?resize=350%2C200&ssl=1 1x, https:\/\/i0.wp.com\/www.grieta.org.mx\/wp-content\/uploads\/2021\/12\/Unknown-12-1068x801-1.jpeg?resize=525%2C300&ssl=1 1.5x, https:\/\/i0.wp.com\/www.grieta.org.mx\/wp-content\/uploads\/2021\/12\/Unknown-12-1068x801-1.jpeg?resize=700%2C400&ssl=1 2x, https:\/\/i0.wp.com\/www.grieta.org.mx\/wp-content\/uploads\/2021\/12\/Unknown-12-1068x801-1.jpeg?resize=1050%2C600&ssl=1 3x"},"classes":[]}],"_links":{"self":[{"href":"https:\/\/www.grieta.org.mx\/index.php\/wp-json\/wp\/v2\/posts\/60198","targetHints":{"allow":["GET"]}}],"collection":[{"href":"https:\/\/www.grieta.org.mx\/index.php\/wp-json\/wp\/v2\/posts"}],"about":[{"href":"https:\/\/www.grieta.org.mx\/index.php\/wp-json\/wp\/v2\/types\/post"}],"author":[{"embeddable":true,"href":"https:\/\/www.grieta.org.mx\/index.php\/wp-json\/wp\/v2\/users\/2"}],"replies":[{"embeddable":true,"href":"https:\/\/www.grieta.org.mx\/index.php\/wp-json\/wp\/v2\/comments?post=60198"}],"version-history":[{"count":1,"href":"https:\/\/www.grieta.org.mx\/index.php\/wp-json\/wp\/v2\/posts\/60198\/revisions"}],"predecessor-version":[{"id":60200,"href":"https:\/\/www.grieta.org.mx\/index.php\/wp-json\/wp\/v2\/posts\/60198\/revisions\/60200"}],"wp:featuredmedia":[{"embeddable":true,"href":"https:\/\/www.grieta.org.mx\/index.php\/wp-json\/wp\/v2\/media\/60199"}],"wp:attachment":[{"href":"https:\/\/www.grieta.org.mx\/index.php\/wp-json\/wp\/v2\/media?parent=60198"}],"wp:term":[{"taxonomy":"category","embeddable":true,"href":"https:\/\/www.grieta.org.mx\/index.php\/wp-json\/wp\/v2\/categories?post=60198"},{"taxonomy":"post_tag","embeddable":true,"href":"https:\/\/www.grieta.org.mx\/index.php\/wp-json\/wp\/v2\/tags?post=60198"}],"curies":[{"name":"wp","href":"https:\/\/api.w.org\/{rel}","templated":true}]}}