{"id":60195,"date":"2021-06-24T13:03:19","date_gmt":"2021-06-24T18:03:19","guid":{"rendered":"https:\/\/www.grieta.org.mx\/?p=60195"},"modified":"2021-06-28T13:13:58","modified_gmt":"2021-06-28T18:13:58","slug":"la-policia-no-nos-cuida-nos-tortura-jalisco","status":"publish","type":"post","link":"https:\/\/www.grieta.org.mx\/index.php\/2021\/06\/24\/la-policia-no-nos-cuida-nos-tortura-jalisco\/","title":{"rendered":"&#8216;La Polic\u00eda no nos cuida, nos tortura&#8217; (Jalisco)"},"content":{"rendered":"<p>Foto: Lauro Rodr\u00edguez<\/p>\n<p>Lauro Rodr\u00edguez \/ El Diario NTR<\/p>\n<p>In\u00e9s,\u00a0sobreviviente de desaparici\u00f3n forzada y tortura cometida por el Estado,\u00a0dio su testimonio de manera p\u00fablica el d\u00eda de ayer por la tarde\u00a0con el fin de concientizar a la poblaci\u00f3n sobre este delito que a\u00fan est\u00e1 presente en Jalisco.<\/p>\n<p>&#8220;Yo soy sobreviviente de desaparici\u00f3n forzada y tortura psicol\u00f3gica cometidas por una instituci\u00f3n de seguridad que tiene como objetivo, al menos, p\u00fablicamente, cuidar a todos los ciudadanos. Lamentablemente vivir en Jalisco y en M\u00e9xico es\u00a0saber desde muy chicas que la Polic\u00eda no nos cuida, nos violenta, nos desaparece, nos mata&#8221;, narr\u00f3\u00a0la mujer, quien fue torturada tras participar en la protesta del 5 de junio de 2020 en las inmediaciones de la Fiscal\u00eda, a donde se acudi\u00f3 para exigir justicia por el caso de Giovanni L\u00f3pez, as\u00ed como la liberaci\u00f3n de manifestantes detenidos un d\u00eda antes.<\/p>\n<p>Su testimonio form\u00f3 parte del lanzamiento de la campa\u00f1a\u00a0Voces\u00a0Resilientes, sobrevivientes de tortura, creada por\u00a0el Centro de Justicia para la Paz y el Desarrollo (Cepad).<\/p>\n<p>Junto con Victoria, familiar de otra v\u00edctima de tortura,\u00a0In\u00e9s\u00a0narr\u00f3 parte de lo que vivi\u00f3 y c\u00f3mo eso le cambi\u00f3 la vida. Todo esto con el \u00fanico objetivo de que su voz sea el medio para llevar un mensaje de empat\u00eda entre los jaliscienses.<\/p>\n<p>&#8220;Que el dolor no nos haga huir del problema o refugiarnos en la negaci\u00f3n de una realidad que existe y que cerremos los ojos a ella. (Invito) a que en el marco de\u00a0esta\u00a0campa\u00f1a contra la tortura nos tomemos de las manos y que construyamos d\u00eda con d\u00eda una forma de vivir emp\u00e1tica que los acerque solidariamente a todas las personas&#8221;.<\/p>\n<p>Durante su discurso, pidi\u00f3 a sus captores que\u00a0reimaginen\u00a0el mundo que quer\u00edan cuando eran ni\u00f1os y, desde su trinchera,\u00a0en la corporaci\u00f3n policial a la que pertenezcan, hagan lo posible por crear la paz y no m\u00e1s violencia.<\/p>\n<p>&#8220;Para\u00a0aquellos que nos violentaron, s\u00f3lo tengo un deseo: que se reencuentren a s\u00ed mismos. Tambi\u00e9n ellos fueron ni\u00f1os alguna vez, so\u00f1aron e imaginaron mundos distintos y que ahora est\u00e9n y estemos inmersos en espirales y estructuras violentas, no significa que hayan perdido del todo la ni\u00f1ez, la inocencia y la capacidad de\u00a0empatizar\u00a0con otros seres vivos&#8221;.<\/p>\n<p>Las actividades de\u00a0la\u00a0campa\u00f1a del\u00a0Cepad\u00a0se extender\u00e1n por m\u00e1s d\u00edas. Ma\u00f1ana habr\u00e1 un conversatorio a cuatro a\u00f1os de la publicaci\u00f3n de la Ley General en materia de Tortura y el 28 habr\u00e1 un foro sobre los peritajes en casos de tortura. Ambos\u00a0ser\u00e1n a las 10 horas\u00a0y\u00a0se\u00a0transmitir\u00e1n en\u00a0la redes sociales\u00a0del\u00a0Cepad.<\/p>\n<p><a href=\"https:\/\/www.ntrguadalajara.com\/post.php?id_nota=168086\">https:\/\/www.ntrguadalajara.com\/post.php?id_nota=168086<\/a><\/p>\n","protected":false},"excerpt":{"rendered":"<p>Foto: Lauro Rodr\u00edguez Lauro Rodr\u00edguez \/ El Diario NTR In\u00e9s,\u00a0sobreviviente de desaparici\u00f3n forzada y tortura cometida por el Estado,\u00a0dio su testimonio de manera p\u00fablica el d\u00eda de ayer por la &hellip; <a href=\"https:\/\/www.grieta.org.mx\/index.php\/2021\/06\/24\/la-policia-no-nos-cuida-nos-tortura-jalisco\/\" class=\"more-link\">Leer m\u00e1s<\/a><\/p>\n","protected":false},"author":2,"featured_media":60196,"comment_status":"closed","ping_status":"closed","sticky":false,"template":"","format":"standard","meta":{"ngg_post_thumbnail":0,"_jetpack_newsletter_access":"","_jetpack_dont_email_post_to_subs":false,"_jetpack_newsletter_tier_id":0,"_jetpack_memberships_contains_paywalled_content":false,"_jetpack_memberships_contains_paid_content":false,"footnotes":""},"categories":[80,1032,20,2],"tags":[2685,3486,260,3921,3367,3075],"class_list":["post-60195","post","type-post","status-publish","format-standard","has-post-thumbnail","hentry","category-cintillo","category-desaparecidos-en-jalisco","category-jalisco","category-noticias-nacionales","tag-abuso-policiaco-hacia-los-jovenes","tag-brutalidad-policiaca","tag-desaparicion-forzada","tag-polici","tag-represion-policial","tag-tortura-policiaca","entry"],"jetpack_featured_media_url":"https:\/\/www.grieta.org.mx\/wp-content\/uploads\/2021\/06\/2021-06-23_11-06-11___2103.jpg","jetpack_sharing_enabled":true,"jetpack_shortlink":"https:\/\/wp.me\/p7ZJR4-fET","jetpack_likes_enabled":false,"jetpack-related-posts":[{"id":52027,"url":"https:\/\/www.grieta.org.mx\/index.php\/2020\/07\/21\/denuncian-tortura-y-desaparicion-de-indigena-jalisco\/","url_meta":{"origin":60195,"position":0},"title":"Denuncian tortura y desaparici\u00f3n de ind\u00edgena (Jalisco)","author":"grieta","date":"21 julio, 2020","format":false,"excerpt":"Foto: El Diario NTR Lauro Rodr\u00edguez \/ El Diario NTR La Red Nacional de Organismos Civiles de Derechos Humanos Todos los Derechos para Todas y Todos (Red TDT) denunci\u00f3 de manera p\u00fablica que polic\u00edas municipales de Villa Guerrero cometieron tortura y desaparici\u00f3n forzada en contra de un comunero ind\u00edgena de\u2026","rel":"","context":"En &quot;CINTILLO&quot;","block_context":{"text":"CINTILLO","link":"https:\/\/www.grieta.org.mx\/index.php\/category\/cintillo\/"},"img":{"alt_text":"","src":"https:\/\/i0.wp.com\/www.grieta.org.mx\/wp-content\/uploads\/2018\/03\/14524434_1106112876131411_958039263622046936_o.jpg?resize=350%2C200&ssl=1","width":350,"height":200,"srcset":"https:\/\/i0.wp.com\/www.grieta.org.mx\/wp-content\/uploads\/2018\/03\/14524434_1106112876131411_958039263622046936_o.jpg?resize=350%2C200&ssl=1 1x, https:\/\/i0.wp.com\/www.grieta.org.mx\/wp-content\/uploads\/2018\/03\/14524434_1106112876131411_958039263622046936_o.jpg?resize=525%2C300&ssl=1 1.5x, https:\/\/i0.wp.com\/www.grieta.org.mx\/wp-content\/uploads\/2018\/03\/14524434_1106112876131411_958039263622046936_o.jpg?resize=700%2C400&ssl=1 2x"},"classes":[]},{"id":4322,"url":"https:\/\/www.grieta.org.mx\/index.php\/2015\/06\/27\/jalisco-segundo-lugar-nacional-en-desaparicion-forzada\/","url_meta":{"origin":60195,"position":1},"title":"Jalisco, segundo lugar nacional en desaparici\u00f3n forzada","author":"grieta","date":"27 junio, 2015","format":false,"excerpt":"Por Rafael Hern\u00e1ndez Gu\u00edzar Amnist\u00eda Internacional pide alto a la tortura y la impunidad De las m\u00e1s de siete mil denuncias que se han dado por casos de tortura a nivel federal s\u00f3lo siete han resultado en procesos De acuerdo con datos oficiales, hay m\u00e1s de 25 mil personas desaparecidas\u2026","rel":"","context":"En &quot;CINTILLO&quot;","block_context":{"text":"CINTILLO","link":"https:\/\/www.grieta.org.mx\/index.php\/category\/cintillo\/"},"img":{"alt_text":"","src":"https:\/\/i0.wp.com\/www.grieta.org.mx\/wp-content\/uploads\/2018\/03\/14524434_1106112876131411_958039263622046936_o.jpg?resize=350%2C200&ssl=1","width":350,"height":200,"srcset":"https:\/\/i0.wp.com\/www.grieta.org.mx\/wp-content\/uploads\/2018\/03\/14524434_1106112876131411_958039263622046936_o.jpg?resize=350%2C200&ssl=1 1x, https:\/\/i0.wp.com\/www.grieta.org.mx\/wp-content\/uploads\/2018\/03\/14524434_1106112876131411_958039263622046936_o.jpg?resize=525%2C300&ssl=1 1.5x, https:\/\/i0.wp.com\/www.grieta.org.mx\/wp-content\/uploads\/2018\/03\/14524434_1106112876131411_958039263622046936_o.jpg?resize=700%2C400&ssl=1 2x"},"classes":[]},{"id":24101,"url":"https:\/\/www.grieta.org.mx\/index.php\/2017\/08\/24\/aguascalientes-ya-figura-en-el-mapa-de-tortura\/","url_meta":{"origin":60195,"position":2},"title":"Aguascalientes ya figura en el mapa de tortura","author":"grieta","date":"24 agosto, 2017","format":false,"excerpt":"Aguascalientes figura en el mapa de tortura por los hechos ocurridos con normalistas y presuntos delincuentes abandonados en El Soyatal. (Foto:Aguasdigital) Redacci\u00f3n\/AGUADIGITAL Aguascalientes ya figura en el mapa de tortura luego de que investigaciones de la Comisi\u00f3n Estatal de los Derechos Humanos comprob\u00f3 dicho il\u00edcito por parte de uniformados municipales\u2026","rel":"","context":"En &quot;Abuso policiaco y tortura en Aguascalientes&quot;","block_context":{"text":"Abuso policiaco y tortura en Aguascalientes","link":"https:\/\/www.grieta.org.mx\/index.php\/category\/noticias-nacionales\/aguascalientes\/tortura-en-aguascalientes\/"},"img":{"alt_text":"","src":"https:\/\/i0.wp.com\/www.grieta.org.mx\/wp-content\/uploads\/2018\/07\/Tortura.jpg?resize=350%2C200&ssl=1","width":350,"height":200,"srcset":"https:\/\/i0.wp.com\/www.grieta.org.mx\/wp-content\/uploads\/2018\/07\/Tortura.jpg?resize=350%2C200&ssl=1 1x, https:\/\/i0.wp.com\/www.grieta.org.mx\/wp-content\/uploads\/2018\/07\/Tortura.jpg?resize=525%2C300&ssl=1 1.5x"},"classes":[]},{"id":60179,"url":"https:\/\/www.grieta.org.mx\/index.php\/2021\/06\/25\/aceptamos-suspension-condicional-pero-no-claudicaremos-en-la-busqueda-de-justicia-victimas-del-halconazo-tapatio-jalisco\/","url_meta":{"origin":60195,"position":3},"title":"\u00abAceptamos suspensi\u00f3n condicional, pero no claudicaremos en la b\u00fasqueda de justicia\u00bb: V\u00edctimas del Halconazo Tapat\u00edo (Jalisco)","author":"grieta","date":"25 junio, 2021","format":false,"excerpt":"Foto: Zona Docs Darwin Franco \/ Zona Docs Mediante un posicionamiento p\u00fablico algunas de las 16 v\u00edctimas del \u00abHalconazo tapat\u00edo\u00bb que aceptaron la suspensi\u00f3n condicional del proceso a favor de cuatro elementos de la Fiscal\u00eda del Estado de Jalisco, se\u00f1alados por el delito de abuso de autoridad y no por\u2026","rel":"","context":"En &quot;CINTILLO&quot;","block_context":{"text":"CINTILLO","link":"https:\/\/www.grieta.org.mx\/index.php\/category\/cintillo\/"},"img":{"alt_text":"","src":"https:\/\/i0.wp.com\/www.grieta.org.mx\/wp-content\/uploads\/2021\/06\/Memorial14-1080x720-1.jpeg?resize=350%2C200&ssl=1","width":350,"height":200,"srcset":"https:\/\/i0.wp.com\/www.grieta.org.mx\/wp-content\/uploads\/2021\/06\/Memorial14-1080x720-1.jpeg?resize=350%2C200&ssl=1 1x, https:\/\/i0.wp.com\/www.grieta.org.mx\/wp-content\/uploads\/2021\/06\/Memorial14-1080x720-1.jpeg?resize=525%2C300&ssl=1 1.5x, https:\/\/i0.wp.com\/www.grieta.org.mx\/wp-content\/uploads\/2021\/06\/Memorial14-1080x720-1.jpeg?resize=700%2C400&ssl=1 2x, https:\/\/i0.wp.com\/www.grieta.org.mx\/wp-content\/uploads\/2021\/06\/Memorial14-1080x720-1.jpeg?resize=1050%2C600&ssl=1 3x"},"classes":[]},{"id":63414,"url":"https:\/\/www.grieta.org.mx\/index.php\/2022\/02\/15\/ante-un-gobierno-ciego-sordo-y-mudo-familiares-de-desaparecidos-se-unen-jalisco\/","url_meta":{"origin":60195,"position":4},"title":"Ante un gobierno ciego, sordo y mudo, familiares de desaparecidos se unen (Jalisco)","author":"grieta","date":"15 febrero, 2022","format":false,"excerpt":"Foto:\u00a0\u00a0Lauro Rodr\u00edguez Lauro Rodr\u00edguez\u00a0 \/ El Diario NTR Guadalajara cumple 480 a\u00f1os. En este marco, no hay nada que celebrar, m\u00e1s de 15 mil jaliscienses est\u00e1n desaparecidos. Familias Unidas por Nuestros Desaparecidos Jalisco (Fundej) sali\u00f3 a marchar para recordarle al Estado que es incompetente para buscar a quienes fueron desaparecidos,\u2026","rel":"","context":"En &quot;CINTILLO&quot;","block_context":{"text":"CINTILLO","link":"https:\/\/www.grieta.org.mx\/index.php\/category\/cintillo\/"},"img":{"alt_text":"","src":"https:\/\/i0.wp.com\/www.grieta.org.mx\/wp-content\/uploads\/2022\/02\/2022-02-15_11-02-26___6418.jpg?resize=350%2C200&ssl=1","width":350,"height":200,"srcset":"https:\/\/i0.wp.com\/www.grieta.org.mx\/wp-content\/uploads\/2022\/02\/2022-02-15_11-02-26___6418.jpg?resize=350%2C200&ssl=1 1x, https:\/\/i0.wp.com\/www.grieta.org.mx\/wp-content\/uploads\/2022\/02\/2022-02-15_11-02-26___6418.jpg?resize=525%2C300&ssl=1 1.5x, https:\/\/i0.wp.com\/www.grieta.org.mx\/wp-content\/uploads\/2022\/02\/2022-02-15_11-02-26___6418.jpg?resize=700%2C400&ssl=1 2x"},"classes":[]},{"id":55365,"url":"https:\/\/www.grieta.org.mx\/index.php\/2020\/11\/17\/dejan-en-libertad-a-policias-de-teocaltiche-jalisco-implicados-en-desaparicion-forzada-de-vanesa-y-omar-su-familia-teme-represalias-tras-amenazas\/","url_meta":{"origin":60195,"position":5},"title":"Dejan en libertad a polic\u00edas de Teocaltiche, Jalisco implicados en desaparici\u00f3n forzada de Vanesa y Omar, su familia teme represalias tras amenazas","author":"grieta","date":"17 noviembre, 2020","format":false,"excerpt":"Foto: Zona Docs Dos de los tres polic\u00edas municipales de Teocaltiche, Jalisco, se\u00f1alados de haber participado presuntamente en la desaparici\u00f3n forzada de Vanesa Liseth Mart\u00ednez Zepeda y Omar Leonel Gonz\u00e1lez el 22 de junio, fueron no vinculados a proceso y puestos en libertad tras la decisi\u00f3n de un juez el\u2026","rel":"","context":"En &quot;CINTILLO&quot;","block_context":{"text":"CINTILLO","link":"https:\/\/www.grieta.org.mx\/index.php\/category\/cintillo\/"},"img":{"alt_text":"","src":"https:\/\/i0.wp.com\/www.grieta.org.mx\/wp-content\/uploads\/2020\/11\/desa-3.jpg?resize=350%2C200&ssl=1","width":350,"height":200,"srcset":"https:\/\/i0.wp.com\/www.grieta.org.mx\/wp-content\/uploads\/2020\/11\/desa-3.jpg?resize=350%2C200&ssl=1 1x, https:\/\/i0.wp.com\/www.grieta.org.mx\/wp-content\/uploads\/2020\/11\/desa-3.jpg?resize=525%2C300&ssl=1 1.5x, https:\/\/i0.wp.com\/www.grieta.org.mx\/wp-content\/uploads\/2020\/11\/desa-3.jpg?resize=700%2C400&ssl=1 2x, https:\/\/i0.wp.com\/www.grieta.org.mx\/wp-content\/uploads\/2020\/11\/desa-3.jpg?resize=1050%2C600&ssl=1 3x"},"classes":[]}],"_links":{"self":[{"href":"https:\/\/www.grieta.org.mx\/index.php\/wp-json\/wp\/v2\/posts\/60195","targetHints":{"allow":["GET"]}}],"collection":[{"href":"https:\/\/www.grieta.org.mx\/index.php\/wp-json\/wp\/v2\/posts"}],"about":[{"href":"https:\/\/www.grieta.org.mx\/index.php\/wp-json\/wp\/v2\/types\/post"}],"author":[{"embeddable":true,"href":"https:\/\/www.grieta.org.mx\/index.php\/wp-json\/wp\/v2\/users\/2"}],"replies":[{"embeddable":true,"href":"https:\/\/www.grieta.org.mx\/index.php\/wp-json\/wp\/v2\/comments?post=60195"}],"version-history":[{"count":1,"href":"https:\/\/www.grieta.org.mx\/index.php\/wp-json\/wp\/v2\/posts\/60195\/revisions"}],"predecessor-version":[{"id":60197,"href":"https:\/\/www.grieta.org.mx\/index.php\/wp-json\/wp\/v2\/posts\/60195\/revisions\/60197"}],"wp:featuredmedia":[{"embeddable":true,"href":"https:\/\/www.grieta.org.mx\/index.php\/wp-json\/wp\/v2\/media\/60196"}],"wp:attachment":[{"href":"https:\/\/www.grieta.org.mx\/index.php\/wp-json\/wp\/v2\/media?parent=60195"}],"wp:term":[{"taxonomy":"category","embeddable":true,"href":"https:\/\/www.grieta.org.mx\/index.php\/wp-json\/wp\/v2\/categories?post=60195"},{"taxonomy":"post_tag","embeddable":true,"href":"https:\/\/www.grieta.org.mx\/index.php\/wp-json\/wp\/v2\/tags?post=60195"}],"curies":[{"name":"wp","href":"https:\/\/api.w.org\/{rel}","templated":true}]}}