{"id":6016,"date":"2015-09-27T02:40:36","date_gmt":"2015-09-27T02:40:36","guid":{"rendered":"http:\/\/50.22.11.12\/~grietaor\/?p=6016"},"modified":"2016-03-28T02:44:23","modified_gmt":"2016-03-28T02:44:23","slug":"se-manifiestan-en-guanajuato-a-un-ano-de-la-desaparicion-de-los-43-normalistas-en-ayotzinapa","status":"publish","type":"post","link":"https:\/\/www.grieta.org.mx\/index.php\/2015\/09\/27\/se-manifiestan-en-guanajuato-a-un-ano-de-la-desaparicion-de-los-43-normalistas-en-ayotzinapa\/","title":{"rendered":"Se manifiestan en Guanajuato a un a\u00f1o de la desaparici\u00f3n de los 43 normalistas en Ayotzinapa"},"content":{"rendered":"<p>Jorge Hern\u00e1ndez, Luis Garc\u00eda y Roberto Guti\u00e9rrez,  Le\u00f3n\/Celaya\/San Miguel de Allende, Gto.<\/p>\n<p>Ciudadanos, activistas y miembros de asociaciones civiles guanajuatenses marcharon en protesta por la desaparici\u00f3n de los 43 estudiantes normalistas de Guerrero.<\/p>\n<p>El 26 de septiembre de 2014, estudiantes de la Normal de Ayotzinapa fueron atacados por polic\u00edas municipales de Iguala y Cocula; 43 fueron detenidos y posteriormente entregados a integrantes del grupo delictivo Guerreros Unidos.<\/p>\n<p>A la fecha las versiones oficiales han variado, de primera mano se dio a conocer que los estudiantes hab\u00edan sido asesinados, posteriormente calcinados en el basurero de Cocula y arrojados al r\u00edo San Juan.<\/p>\n<p>Despu\u00e9s de una serie de investigaciones, el entonces procurador de Justicia de la Rep\u00fablica Jos\u00e9 Murillo Karam, sostuvo esta versi\u00f3n y calific\u00f3 este suceso como \u201cverdad hist\u00f3rica\u201d.<\/p>\n<p>Hace unas semanas el Grupo Interdisciplinario de Expertos Independientes (GIEI) derrumb\u00f3 esta \u201cverdad hist\u00f3rica\u201d, pues aportaron dos nueva l\u00edneas de investigaci\u00f3n; una, hay un cami\u00f3n desaparecido que podr\u00eda ser clave para conocer el destino de los j\u00f3venes; dos, no existe evidencia de que fueron quemados en un basurero del municipio de Cocula.<\/p>\n<p>A un a\u00f1o de este terrible acontecimiento, tanto los padres de los 43 desaparecidos como los ciudadanos en general se mantienen en pie para exigir justicia.<\/p>\n<p>Marchan en Le\u00f3n<\/p>\n<p><img loading=\"lazy\" decoding=\"async\" data-attachment-id=\"6019\" data-permalink=\"https:\/\/www.grieta.org.mx\/index.php\/2015\/09\/27\/se-manifiestan-en-guanajuato-a-un-ano-de-la-desaparicion-de-los-43-normalistas-en-ayotzinapa\/leon-300x200\/\" data-orig-file=\"https:\/\/www.grieta.org.mx\/wp-content\/uploads\/2016\/03\/leon-300x200.jpg\" data-orig-size=\"300,200\" data-comments-opened=\"0\" data-image-meta=\"{&quot;aperture&quot;:&quot;0&quot;,&quot;credit&quot;:&quot;&quot;,&quot;camera&quot;:&quot;&quot;,&quot;caption&quot;:&quot;&quot;,&quot;created_timestamp&quot;:&quot;0&quot;,&quot;copyright&quot;:&quot;&quot;,&quot;focal_length&quot;:&quot;0&quot;,&quot;iso&quot;:&quot;0&quot;,&quot;shutter_speed&quot;:&quot;0&quot;,&quot;title&quot;:&quot;&quot;,&quot;orientation&quot;:&quot;0&quot;}\" data-image-title=\"leon-300&amp;#215;200\" data-image-description=\"\" data-image-caption=\"\" data-medium-file=\"https:\/\/www.grieta.org.mx\/wp-content\/uploads\/2016\/03\/leon-300x200-300x200.jpg\" data-large-file=\"https:\/\/www.grieta.org.mx\/wp-content\/uploads\/2016\/03\/leon-300x200.jpg\" src=\"http:\/\/grieta.org.mx\/wp-content\/uploads\/2016\/03\/leon-300x200.jpg\" alt=\"leon-300x200\" width=\"300\" height=\"200\" class=\"alignnone size-full wp-image-6019\" \/><\/p>\n<p>Ciudadanos y asociaciones civiles se manifestaron el d\u00eda ayer con motivo del aniversario de la desaparici\u00f3n forzada de los 43 normalistas.<\/p>\n<p>Desde las 4 de la tarde los ciudadanos se reunieron en el Arco de la Calzada.<\/p>\n<p>Algunos llevaban pancartas con consignas como: \u201cJusticia por la sangre de mi pueblo\u201d, \u201cA un a\u00f1o nos faltan 43\u201d, \u201cLas voces de 43 se han vuelto miles\u201d.<\/p>\n<p>Los manifestantes exigieron al gobierno que contin\u00fae con las investigaciones hasta dar con los responsables.<\/p>\n<p>Cerca de 200 personas salieron rumbo al bulevar Adolfo L\u00f3pez Mateos con direcci\u00f3n oriente-poniente, invadiendo en sentido contrario.<\/p>\n<p>La circulaci\u00f3n no se vio entorpecida pues agentes de Tr\u00e1nsito desviaron a los conductores en el bulevar L\u00f3pez Mateos.<\/p>\n<p>Los manifestantes llegaron a la Plaza Principal y ya en las inmediaciones de la Presidencia Municipal se reunieron para continuar con talleres.<\/p>\n<p>En Celaya colocan 43 pupitres<\/p>\n<p><img loading=\"lazy\" decoding=\"async\" data-attachment-id=\"6017\" data-permalink=\"https:\/\/www.grieta.org.mx\/index.php\/2015\/09\/27\/se-manifiestan-en-guanajuato-a-un-ano-de-la-desaparicion-de-los-43-normalistas-en-ayotzinapa\/celaya-300x225\/\" data-orig-file=\"https:\/\/www.grieta.org.mx\/wp-content\/uploads\/2016\/03\/celaya-300x225.jpg\" data-orig-size=\"300,225\" data-comments-opened=\"0\" data-image-meta=\"{&quot;aperture&quot;:&quot;0&quot;,&quot;credit&quot;:&quot;&quot;,&quot;camera&quot;:&quot;&quot;,&quot;caption&quot;:&quot;&quot;,&quot;created_timestamp&quot;:&quot;0&quot;,&quot;copyright&quot;:&quot;&quot;,&quot;focal_length&quot;:&quot;0&quot;,&quot;iso&quot;:&quot;0&quot;,&quot;shutter_speed&quot;:&quot;0&quot;,&quot;title&quot;:&quot;&quot;,&quot;orientation&quot;:&quot;0&quot;}\" data-image-title=\"celaya-300&amp;#215;225\" data-image-description=\"\" data-image-caption=\"\" data-medium-file=\"https:\/\/www.grieta.org.mx\/wp-content\/uploads\/2016\/03\/celaya-300x225-300x225.jpg\" data-large-file=\"https:\/\/www.grieta.org.mx\/wp-content\/uploads\/2016\/03\/celaya-300x225.jpg\" src=\"http:\/\/grieta.org.mx\/wp-content\/uploads\/2016\/03\/celaya-300x225.jpg\" alt=\"celaya-300x225\" width=\"300\" height=\"225\" class=\"alignnone size-full wp-image-6017\" \/><\/p>\n<p>En Celaya, de igual forma organizaciones civiles, colectivos y ciudadan\u00eda en general tambi\u00e9n salieron a las calles a exigir que los normalistas sean devueltos con vida.<\/p>\n<p>La marcha comenz\u00f3 en punto de las 5 de la tarde en la explanada del pante\u00f3n municipal Norte, recorrieron las calles de Insurgentes, Guanajuato, Benito Ju\u00e1rez, Guadalupe, Madero, para despu\u00e9s tomar de nueva cuenta la Benito Ju\u00e1rez.<\/p>\n<p>La protesta termin\u00f3 en el jard\u00edn principal frente a Presidencia Municipal, donde se realizo un mitin cultural.<\/p>\n<p>Adem\u00e1s se colocaron 43 mesabancos con las fotograf\u00edas de los 43 estudiantes afuera del la Presidencia Municipal donde la ciudadan\u00eda hacia una pausa para observar los retratos de los desaparecidos.<\/p>\n<p>San Miguel de Allende y Dolores Hidalgo<\/p>\n<p><img loading=\"lazy\" decoding=\"async\" data-attachment-id=\"6020\" data-permalink=\"https:\/\/www.grieta.org.mx\/index.php\/2015\/09\/27\/se-manifiestan-en-guanajuato-a-un-ano-de-la-desaparicion-de-los-43-normalistas-en-ayotzinapa\/san-miguel-300x225\/\" data-orig-file=\"https:\/\/www.grieta.org.mx\/wp-content\/uploads\/2016\/03\/san-miguel-300x225.jpg\" data-orig-size=\"300,225\" data-comments-opened=\"0\" data-image-meta=\"{&quot;aperture&quot;:&quot;0&quot;,&quot;credit&quot;:&quot;&quot;,&quot;camera&quot;:&quot;&quot;,&quot;caption&quot;:&quot;&quot;,&quot;created_timestamp&quot;:&quot;0&quot;,&quot;copyright&quot;:&quot;&quot;,&quot;focal_length&quot;:&quot;0&quot;,&quot;iso&quot;:&quot;0&quot;,&quot;shutter_speed&quot;:&quot;0&quot;,&quot;title&quot;:&quot;&quot;,&quot;orientation&quot;:&quot;0&quot;}\" data-image-title=\"san-miguel-300&amp;#215;225\" data-image-description=\"\" data-image-caption=\"\" data-medium-file=\"https:\/\/www.grieta.org.mx\/wp-content\/uploads\/2016\/03\/san-miguel-300x225-300x225.jpg\" data-large-file=\"https:\/\/www.grieta.org.mx\/wp-content\/uploads\/2016\/03\/san-miguel-300x225.jpg\" src=\"http:\/\/grieta.org.mx\/wp-content\/uploads\/2016\/03\/san-miguel-300x225.jpg\" alt=\"san-miguel-300x225\" width=\"300\" height=\"225\" class=\"alignnone size-full wp-image-6020\" \/><\/p>\n<p>En San Miguel de Allende varios colectivos sociales emprendieron una marcha por la principales calles de la ciudad hasta llegar al jard\u00edn principal apost\u00e1ndose enfrente de la parroquia.<\/p>\n<p>Dentro de la Acci\u00f3n Global por Ayotzinapa, gritaron consignas como \u201cVivos se los llevaron, vivos los queremos\u201d. Adem\u00e1s leyeron manifiestos dirigidos hacia el Gobierno Federal para que esclarezcan la desaparici\u00f3n forzada de los 43 normalistas.<\/p>\n<p>Mientras que en Dolores Hidalgo se llev\u00f3 a cabo un acto pol\u00edtico cultural donde formaron un mural en el piso con fotografias de los desaparecidos y veladoras.<\/p>\n<p>Otros leyeron poemas y reprodujeron v\u00eddeos. Conjuntamente estuvieron lanzando consignas contra el estado.<\/p>\n<p><img loading=\"lazy\" decoding=\"async\" data-attachment-id=\"6018\" data-permalink=\"https:\/\/www.grieta.org.mx\/index.php\/2015\/09\/27\/se-manifiestan-en-guanajuato-a-un-ano-de-la-desaparicion-de-los-43-normalistas-en-ayotzinapa\/dolores\/\" data-orig-file=\"https:\/\/www.grieta.org.mx\/wp-content\/uploads\/2016\/03\/dolores.jpg\" data-orig-size=\"177,236\" data-comments-opened=\"0\" data-image-meta=\"{&quot;aperture&quot;:&quot;0&quot;,&quot;credit&quot;:&quot;&quot;,&quot;camera&quot;:&quot;&quot;,&quot;caption&quot;:&quot;&quot;,&quot;created_timestamp&quot;:&quot;0&quot;,&quot;copyright&quot;:&quot;&quot;,&quot;focal_length&quot;:&quot;0&quot;,&quot;iso&quot;:&quot;0&quot;,&quot;shutter_speed&quot;:&quot;0&quot;,&quot;title&quot;:&quot;&quot;,&quot;orientation&quot;:&quot;0&quot;}\" data-image-title=\"dolores\" data-image-description=\"\" data-image-caption=\"\" data-medium-file=\"https:\/\/www.grieta.org.mx\/wp-content\/uploads\/2016\/03\/dolores.jpg\" data-large-file=\"https:\/\/www.grieta.org.mx\/wp-content\/uploads\/2016\/03\/dolores.jpg\" src=\"http:\/\/grieta.org.mx\/wp-content\/uploads\/2016\/03\/dolores.jpg\" alt=\"dolores\" width=\"177\" height=\"236\" class=\"alignnone size-full wp-image-6018\" \/><\/p>\n<p><a href=\"http:\/\/www.zonafranca.mx\/a-un-ano-de-la-desaparicion-de-43-normalistas-se-manifiestan-en-municipios-de-guanajuato\/\" target=\"_blank\">www.zonafranca.mx\/a-un-ano-de-la-desaparicion-de-43-normalistas-se-manifiestan-en-municipios-de-guanajuato\/<\/a><\/p>\n","protected":false},"excerpt":{"rendered":"<p>Jorge Hern\u00e1ndez, Luis Garc\u00eda y Roberto Guti\u00e9rrez, Le\u00f3n\/Celaya\/San Miguel de Allende, Gto. Ciudadanos, activistas y miembros de asociaciones civiles guanajuatenses marcharon en protesta por la desaparici\u00f3n de los 43 estudiantes &hellip; <a href=\"https:\/\/www.grieta.org.mx\/index.php\/2015\/09\/27\/se-manifiestan-en-guanajuato-a-un-ano-de-la-desaparicion-de-los-43-normalistas-en-ayotzinapa\/\" class=\"more-link\">Leer m\u00e1s<\/a><\/p>\n","protected":false},"author":2,"featured_media":21928,"comment_status":"closed","ping_status":"open","sticky":false,"template":"","format":"standard","meta":{"ngg_post_thumbnail":0,"_jetpack_newsletter_access":"","_jetpack_dont_email_post_to_subs":false,"_jetpack_newsletter_tier_id":0,"_jetpack_memberships_contains_paywalled_content":false,"_jetpack_memberships_contains_paid_content":false,"footnotes":""},"categories":[80],"tags":[],"class_list":["post-6016","post","type-post","status-publish","format-standard","has-post-thumbnail","hentry","category-cintillo","entry"],"jetpack_featured_media_url":"https:\/\/www.grieta.org.mx\/wp-content\/uploads\/2018\/03\/14524434_1106112876131411_958039263622046936_o.jpg","jetpack_sharing_enabled":true,"jetpack_shortlink":"https:\/\/wp.me\/p7ZJR4-1z2","jetpack_likes_enabled":false,"jetpack-related-posts":[{"id":22595,"url":"https:\/\/www.grieta.org.mx\/index.php\/2018\/04\/20\/normalistas-realizan-pintas-en-cuartel-militar-en-chilpancingo-guerrero\/","url_meta":{"origin":6016,"position":0},"title":"Normalistas realizan pintas en cuartel militar en Chilpancingo, Guerrero","author":"grieta","date":"20 abril, 2018","format":false,"excerpt":"La ma\u00f1ana de este viernes, normalistas de Ayotzinapa realizaron pintas en las instalaciones de la 35 zona militar con sede en Chilpancingo, Guerrero. La protesta se realiz\u00f3 cuando 100 personas, entre estudiantes de la normal de Ayotzinapa y padres de familia de los 43 normalistas desaparecidos en Iguala, arribaron a\u2026","rel":"","context":"En &quot;CINTILLO&quot;","block_context":{"text":"CINTILLO","link":"https:\/\/www.grieta.org.mx\/index.php\/category\/cintillo\/"},"img":{"alt_text":"","src":"https:\/\/i0.wp.com\/www.grieta.org.mx\/wp-content\/uploads\/2018\/04\/protesta-de-normalistas.jpg?resize=350%2C200&ssl=1","width":350,"height":200,"srcset":"https:\/\/i0.wp.com\/www.grieta.org.mx\/wp-content\/uploads\/2018\/04\/protesta-de-normalistas.jpg?resize=350%2C200&ssl=1 1x, https:\/\/i0.wp.com\/www.grieta.org.mx\/wp-content\/uploads\/2018\/04\/protesta-de-normalistas.jpg?resize=525%2C300&ssl=1 1.5x, https:\/\/i0.wp.com\/www.grieta.org.mx\/wp-content\/uploads\/2018\/04\/protesta-de-normalistas.jpg?resize=700%2C400&ssl=1 2x, https:\/\/i0.wp.com\/www.grieta.org.mx\/wp-content\/uploads\/2018\/04\/protesta-de-normalistas.jpg?resize=1050%2C600&ssl=1 3x"},"classes":[]},{"id":8588,"url":"https:\/\/www.grieta.org.mx\/index.php\/2015\/07\/26\/marchan-en-morelos-a-10-meses-de-la-desaparicion-de-43-normalistas-de-ayotzinapa\/","url_meta":{"origin":6016,"position":1},"title":"Marchan en Morelos a 10 meses de la desaparici\u00f3n de 43 normalistas de Ayotzinapa","author":"grieta","date":"26 julio, 2015","format":false,"excerpt":"Zona Centro A diez meses de la desaparici\u00f3n de los 43 normalista desaparecidos de la normal de Ayotzinapa hoy en varias partes del pa\u00eds salieron para exigir justicia y que las autoridades no den carpetazo al asunto porque hasta el momento existen diversas inconsistencias en las investigaciones. En Morelos tambi\u00e9n\u2026","rel":"","context":"En &quot;CINTILLO&quot;","block_context":{"text":"CINTILLO","link":"https:\/\/www.grieta.org.mx\/index.php\/category\/cintillo\/"},"img":{"alt_text":"","src":"https:\/\/i0.wp.com\/www.grieta.org.mx\/wp-content\/uploads\/2018\/03\/14524434_1106112876131411_958039263622046936_o.jpg?resize=350%2C200&ssl=1","width":350,"height":200,"srcset":"https:\/\/i0.wp.com\/www.grieta.org.mx\/wp-content\/uploads\/2018\/03\/14524434_1106112876131411_958039263622046936_o.jpg?resize=350%2C200&ssl=1 1x, https:\/\/i0.wp.com\/www.grieta.org.mx\/wp-content\/uploads\/2018\/03\/14524434_1106112876131411_958039263622046936_o.jpg?resize=525%2C300&ssl=1 1.5x, https:\/\/i0.wp.com\/www.grieta.org.mx\/wp-content\/uploads\/2018\/03\/14524434_1106112876131411_958039263622046936_o.jpg?resize=700%2C400&ssl=1 2x"},"classes":[]},{"id":30877,"url":"https:\/\/www.grieta.org.mx\/index.php\/2019\/03\/17\/exigen-normalistas-al-ejercito-entregar-la-informacion-de-la-desaparicion-de-los-43\/","url_meta":{"origin":6016,"position":2},"title":"Exigen normalistas al Ej\u00e9rcito entregar la informaci\u00f3n de la desaparici\u00f3n de los 43","author":"grieta","date":"17 marzo, 2019","format":false,"excerpt":"Beatriz Garc\u00eda \/ La Jornada Guerrero Chilpancingo, 16 de marzo. Normalistas de Ayotzinapa exigieron al Ej\u00e9rcito entregar toda la informaci\u00f3n referente a la desaparici\u00f3n de los 43 estudiantes desaparecidos en 2014, luego de la aparici\u00f3n de un video donde muestra que un normalista era informante de ellos. En conferencia de\u2026","rel":"","context":"En &quot;Caso Ayotzinapa&quot;","block_context":{"text":"Caso Ayotzinapa","link":"https:\/\/www.grieta.org.mx\/index.php\/category\/noticias-nacionales\/guerrero\/caso-ayotzinapa\/"},"img":{"alt_text":"","src":"https:\/\/i0.wp.com\/www.grieta.org.mx\/wp-content\/uploads\/2019\/03\/98c065ea552cc030729f7e825f2d5884_L.jpg?resize=350%2C200&ssl=1","width":350,"height":200,"srcset":"https:\/\/i0.wp.com\/www.grieta.org.mx\/wp-content\/uploads\/2019\/03\/98c065ea552cc030729f7e825f2d5884_L.jpg?resize=350%2C200&ssl=1 1x, https:\/\/i0.wp.com\/www.grieta.org.mx\/wp-content\/uploads\/2019\/03\/98c065ea552cc030729f7e825f2d5884_L.jpg?resize=525%2C300&ssl=1 1.5x, https:\/\/i0.wp.com\/www.grieta.org.mx\/wp-content\/uploads\/2019\/03\/98c065ea552cc030729f7e825f2d5884_L.jpg?resize=700%2C400&ssl=1 2x"},"classes":[]},{"id":5995,"url":"https:\/\/www.grieta.org.mx\/index.php\/2016\/05\/01\/movilizaciones-por-ayotzinapa-en-guanajuato\/","url_meta":{"origin":6016,"position":3},"title":"Movilizaciones por Ayotzinapa en Guanajuato","author":"grieta","date":"1 mayo, 2016","format":false,"excerpt":"01\/05\/2016. Se manifiestan por los 43 normalistas de Ayotzinapa durante Marcha por el D\u00eda del Trabajo en Le\u00f3nZona Franca 26\/11\/2015. Se manifiestan colectivos en Le\u00f3n para recordar a los 43 estudiantes de AyotzinapaZona Franca 26\/10\/2015. Estudiantes y padres de familia de Ayotzinapa se manifiestan en el Cervantino en GuanajuatoAM 12\/10\/2015.\u2026","rel":"","context":"En &quot;Guanajuato&quot;","block_context":{"text":"Guanajuato","link":"https:\/\/www.grieta.org.mx\/index.php\/category\/noticias-nacionales\/guanajuato\/"},"img":{"alt_text":"","src":"https:\/\/i0.wp.com\/www.grieta.org.mx\/wp-content\/uploads\/2018\/03\/14524434_1106112876131411_958039263622046936_o.jpg?resize=350%2C200&ssl=1","width":350,"height":200,"srcset":"https:\/\/i0.wp.com\/www.grieta.org.mx\/wp-content\/uploads\/2018\/03\/14524434_1106112876131411_958039263622046936_o.jpg?resize=350%2C200&ssl=1 1x, https:\/\/i0.wp.com\/www.grieta.org.mx\/wp-content\/uploads\/2018\/03\/14524434_1106112876131411_958039263622046936_o.jpg?resize=525%2C300&ssl=1 1.5x, https:\/\/i0.wp.com\/www.grieta.org.mx\/wp-content\/uploads\/2018\/03\/14524434_1106112876131411_958039263622046936_o.jpg?resize=700%2C400&ssl=1 2x"},"classes":[]},{"id":24058,"url":"https:\/\/www.grieta.org.mx\/index.php\/2018\/01\/19\/normalistas-y-padres-de-los-43-protestan-frente-a-fiscalia-de-guerrero\/","url_meta":{"origin":6016,"position":4},"title":"Normalistas y padres de los 43 protestan frente a Fiscal\u00eda de Guerrero","author":"grieta","date":"19 enero, 2018","format":false,"excerpt":"Por Rosario Garc\u00eda CHILPANCINGO.- A casi 40 meses de la desaparici\u00f3n de los 43 normalistas de Ayotzinapa, estudiantes de esa instituci\u00f3n y padres protestaron en la Fiscal\u00eda general del Estado para exigir resultados claros y contundentes de las investigaciones. En la entrada principal de la dependencia fueron colocados costales de\u2026","rel":"","context":"En &quot;CINTILLO&quot;","block_context":{"text":"CINTILLO","link":"https:\/\/www.grieta.org.mx\/index.php\/category\/cintillo\/"},"img":{"alt_text":"","src":"https:\/\/i0.wp.com\/www.grieta.org.mx\/wp-content\/uploads\/2018\/03\/14524434_1106112876131411_958039263622046936_o.jpg?resize=350%2C200&ssl=1","width":350,"height":200,"srcset":"https:\/\/i0.wp.com\/www.grieta.org.mx\/wp-content\/uploads\/2018\/03\/14524434_1106112876131411_958039263622046936_o.jpg?resize=350%2C200&ssl=1 1x, https:\/\/i0.wp.com\/www.grieta.org.mx\/wp-content\/uploads\/2018\/03\/14524434_1106112876131411_958039263622046936_o.jpg?resize=525%2C300&ssl=1 1.5x, https:\/\/i0.wp.com\/www.grieta.org.mx\/wp-content\/uploads\/2018\/03\/14524434_1106112876131411_958039263622046936_o.jpg?resize=700%2C400&ssl=1 2x"},"classes":[]},{"id":69814,"url":"https:\/\/www.grieta.org.mx\/index.php\/2024\/09\/18\/a-10-anos-de-la-desaparicion-madres-y-padres-de-normalistas-de-ayotzinapa-inician-jornada-de-lucha\/","url_meta":{"origin":6016,"position":5},"title":"A 10 a\u00f1os de la desaparici\u00f3n, madres y padres de normalistas de Ayotzinapa inician jornada de lucha","author":"Admin","date":"18 septiembre, 2024","format":false,"excerpt":"Por: Luis Daniel Nava \/ Proceso CHILPANCINGO, Gro. (apro).- A ocho d\u00edas de cumplirse 10 a\u00f1os de la desaparici\u00f3n de sus hijos, las madres y padres de los 43 estudiantes de Ayotzinapa encabezaron una marcha con la iniciaron la jornada de lucha \u201cSin tregua, ni cuartel\u201d por la presentaci\u00f3n, justicia\u2026","rel":"","context":"En &quot;Caso Ayotzinapa&quot;","block_context":{"text":"Caso Ayotzinapa","link":"https:\/\/www.grieta.org.mx\/index.php\/category\/noticias-nacionales\/guerrero\/caso-ayotzinapa\/"},"img":{"alt_text":"","src":"https:\/\/i0.wp.com\/www.grieta.org.mx\/wp-content\/uploads\/2024\/09\/Captura-de-Pantalla-2024-09-24-a-las-10.06.57.jpg?resize=350%2C200&ssl=1","width":350,"height":200,"srcset":"https:\/\/i0.wp.com\/www.grieta.org.mx\/wp-content\/uploads\/2024\/09\/Captura-de-Pantalla-2024-09-24-a-las-10.06.57.jpg?resize=350%2C200&ssl=1 1x, https:\/\/i0.wp.com\/www.grieta.org.mx\/wp-content\/uploads\/2024\/09\/Captura-de-Pantalla-2024-09-24-a-las-10.06.57.jpg?resize=525%2C300&ssl=1 1.5x, https:\/\/i0.wp.com\/www.grieta.org.mx\/wp-content\/uploads\/2024\/09\/Captura-de-Pantalla-2024-09-24-a-las-10.06.57.jpg?resize=700%2C400&ssl=1 2x, https:\/\/i0.wp.com\/www.grieta.org.mx\/wp-content\/uploads\/2024\/09\/Captura-de-Pantalla-2024-09-24-a-las-10.06.57.jpg?resize=1050%2C600&ssl=1 3x, https:\/\/i0.wp.com\/www.grieta.org.mx\/wp-content\/uploads\/2024\/09\/Captura-de-Pantalla-2024-09-24-a-las-10.06.57.jpg?resize=1400%2C800&ssl=1 4x"},"classes":[]}],"_links":{"self":[{"href":"https:\/\/www.grieta.org.mx\/index.php\/wp-json\/wp\/v2\/posts\/6016","targetHints":{"allow":["GET"]}}],"collection":[{"href":"https:\/\/www.grieta.org.mx\/index.php\/wp-json\/wp\/v2\/posts"}],"about":[{"href":"https:\/\/www.grieta.org.mx\/index.php\/wp-json\/wp\/v2\/types\/post"}],"author":[{"embeddable":true,"href":"https:\/\/www.grieta.org.mx\/index.php\/wp-json\/wp\/v2\/users\/2"}],"replies":[{"embeddable":true,"href":"https:\/\/www.grieta.org.mx\/index.php\/wp-json\/wp\/v2\/comments?post=6016"}],"version-history":[{"count":1,"href":"https:\/\/www.grieta.org.mx\/index.php\/wp-json\/wp\/v2\/posts\/6016\/revisions"}],"predecessor-version":[{"id":6023,"href":"https:\/\/www.grieta.org.mx\/index.php\/wp-json\/wp\/v2\/posts\/6016\/revisions\/6023"}],"wp:featuredmedia":[{"embeddable":true,"href":"https:\/\/www.grieta.org.mx\/index.php\/wp-json\/wp\/v2\/media\/21928"}],"wp:attachment":[{"href":"https:\/\/www.grieta.org.mx\/index.php\/wp-json\/wp\/v2\/media?parent=6016"}],"wp:term":[{"taxonomy":"category","embeddable":true,"href":"https:\/\/www.grieta.org.mx\/index.php\/wp-json\/wp\/v2\/categories?post=6016"},{"taxonomy":"post_tag","embeddable":true,"href":"https:\/\/www.grieta.org.mx\/index.php\/wp-json\/wp\/v2\/tags?post=6016"}],"curies":[{"name":"wp","href":"https:\/\/api.w.org\/{rel}","templated":true}]}}