{"id":60154,"date":"2021-06-20T14:06:07","date_gmt":"2021-06-20T19:06:07","guid":{"rendered":"https:\/\/www.grieta.org.mx\/?p=60154"},"modified":"2021-06-27T14:13:36","modified_gmt":"2021-06-27T19:13:36","slug":"fuego-saqueo-e-indiferencia-consumen-a-la-sierra-tarahumara","status":"publish","type":"post","link":"https:\/\/www.grieta.org.mx\/index.php\/2021\/06\/20\/fuego-saqueo-e-indiferencia-consumen-a-la-sierra-tarahumara\/","title":{"rendered":"Fuego, saqueo e indiferencia consumen a la Sierra Tarahumara"},"content":{"rendered":"<div class=\"container pt-4\">\n<div class=\"row justify-content-center\">\n<div class=\"col-md-10 col-12 p-0\">\n<figure class=\"figure d-block mt-3\"><\/figure>\n<\/div>\n<\/div>\n<\/div>\n<div class=\"container\">\n<div class=\"row justify-content-center\">\n<div class=\"col-lg-8 col-md-10 col-12 px-4 post\">\n<p><strong>La actual crisis de sequ\u00eda que vive Chihuahua y el problema recurrente de tala ilegal se han vuelto la mancuerna perfecta para desatar m\u00e1s de una decena de incendios que arrasan con los bosques del territorio ind\u00edgena<\/strong><\/p>\n<p>Texto: \u00d3scar Rosales\u00a0 \/ Ra\u00edchali<\/p>\n<p>CHIHUAHUA.- Al menos once municipios de Chihuahua se han visto afectados durante las primeras semanas de junio por la presencia de 24 incendios activos que ya han da\u00f1ado 19,411 hect\u00e1reas de bosque y han generado una movilizaci\u00f3n de cientos de brigadistas y voluntarios que intentan apaciguar los siniestros provocados por las condiciones clim\u00e1ticas y actos humanos.<\/p>\n<p>Los datos de la Direcci\u00f3n de Desarrollo Forestal de Chihuahua indican que los municipios afectados hasta el momento son Casas Grandes, Carich\u00ed, Guazapares, Maguarichi, Guachochi, Temos\u00e1chic, Uruachi, Guadalupe y Calvo, Balleza, Bocoyna y Ocampo. El territorio afectado en los \u00faltimos d\u00edas es equivalente a poco m\u00e1s de dos veces el tama\u00f1o de la capital chihuahuense.<\/p>\n<p>Seg\u00fan informaci\u00f3n de la Secretar\u00eda de Desarrollo Forestal, hay 777 personas combatiendo los incendios, entre los que se encuentran elementos de la Comisi\u00f3n Nacional Forestal (Conafor), Protecci\u00f3n Civil, la Secretar\u00eda de Defensa Nacional (SEDENA), as\u00ed como decenas de silvicultores y voluntarios de las comunidades y ejidos.<\/p>\n<figure class=\"wp-block-image size-large\"><img loading=\"lazy\" decoding=\"async\" class=\"wp-image-67353\" src=\"https:\/\/piedepagina.mx\/wp-content\/uploads\/2021\/06\/Raichalli_incendios_forestales_especial4.jpeg\" sizes=\"auto, (max-width: 1024px) 100vw, 1024px\" srcset=\"https:\/\/piedepagina.mx\/wp-content\/uploads\/2021\/06\/Raichalli_incendios_forestales_especial4.jpeg 1024w, https:\/\/piedepagina.mx\/wp-content\/uploads\/2021\/06\/Raichalli_incendios_forestales_especial4-500x182.jpeg 500w, https:\/\/piedepagina.mx\/wp-content\/uploads\/2021\/06\/Raichalli_incendios_forestales_especial4-768x280.jpeg 768w\" alt=\"\" width=\"1024\" height=\"373\" \/><\/figure>\n<p>Pese a los esfuerzos, el fuego no ha podido ser controlado en su totalidad.<\/p>\n<p>Casas Grandes, lugar donde el incendio ha durado ya 12 d\u00edas y se cree que fue iniciado por un rayo que cay\u00f3 en la zona, es el municipio donde m\u00e1s se tiene avance, con m\u00e1s del 80% de control y un 70% de liquidaci\u00f3n, inform\u00f3 el ingeniero Refugio Luna del \u00e1rea de Desarrollo Forestal.<\/p>\n<p>Tan solo este 2021, se han combatido 531 incendios en diferentes municipios del estado. En comparaci\u00f3n con el a\u00f1o pasado, ha habido hasta el momento un incremento del 80%, dado que Chihuahua registr\u00f3 430 incendios forestales en todo el 2021, lo que lo convirti\u00f3 en el quinto estado con mas siniestros de este tipo en el pa\u00eds, seg\u00fan datos de la Conafor.<\/p>\n<h3>Sequ\u00eda sin tregua<\/h3>\n<figure class=\"wp-block-image size-large\"><img loading=\"lazy\" decoding=\"async\" class=\"wp-image-67357\" src=\"https:\/\/piedepagina.mx\/wp-content\/uploads\/2021\/06\/ppluvialRaichalli_incendios_forestales_especial.jpg\" sizes=\"auto, (max-width: 711px) 100vw, 711px\" srcset=\"https:\/\/piedepagina.mx\/wp-content\/uploads\/2021\/06\/ppluvialRaichalli_incendios_forestales_especial.jpg 711w, https:\/\/piedepagina.mx\/wp-content\/uploads\/2021\/06\/ppluvialRaichalli_incendios_forestales_especial-500x298.jpg 500w\" alt=\"\" width=\"711\" height=\"424\" \/><\/figure>\n<p>El problema de sequ\u00eda no es una novedad en Chihuahua. El estado fue declarado zona de Desastre Natural del 1 de mayo al 30 de noviembre del 2020 ya que el 59.8% del territorio se encontraba afectado por sequ\u00eda severa, seg\u00fan el reporte del Monitor de Sequ\u00eda en M\u00e9xico de la Comisi\u00f3n Nacional del Agua (Conagua).<\/p>\n<p>En contraste, en mayo de este a\u00f1o se report\u00f3 que el 73.3% del estado es el que se encuentra ahora bajo las mismas condiciones de sequ\u00eda.<\/p>\n<p>Tampoco las lluvias han favorecido a la situaci\u00f3n. En el 2020 solo hubo 260.8 mm de precipitaciones, la cantidad m\u00e1s baja de la \u00faltima d\u00e9cada.<\/p>\n<p>Al corte de mayo del 2021 se han registrado 40.4 mm de lluvia que en comparaci\u00f3n con los 63 mm que ya ten\u00eda contabilizados el 2020 para la misma fecha, lo posiciona hasta el momento como un a\u00f1o m\u00e1s seco en ese sentido.<\/p>\n<p>Al momento, y con 19 de los 67 acu\u00edferos sobreexplotados, las autoridades no han emitido otra declaratoria de Desastre Natural para este 2021 que permitir\u00eda acceder a recursos del Fondo de Desastre Naturales (FONDEN) para coadyuvar el combate al fuego.<\/p>\n<p>\u201cEl estado con las temperaturas que tiene estamos convertidos en un horno, pero la buena noticia es que para fin de semana, ya se prev\u00e9n, en el pronostico meteorol\u00f3gico, aunque sean lloviznas\u201d, se\u00f1al\u00f3 Protecci\u00f3n Civil Estatal, que espera el fen\u00f3meno ayude a controlar un poco los incendios.<\/p>\n<h3>Sin combate a la tala ilegal<\/h3>\n<p>Aunado a las condiciones de sequ\u00eda, la tala ilegal es un problema recurrente en la Sierra Tarahumara que propicia que los bosques sean quemados con tal de esfumar los rastros de los arboles talados.<\/p>\n<p>La tala ilegal ha sido un problema que las comunidades de la sierra han denunciado por a\u00f1os ante el gobierno estatal y federal, y que tambi\u00e9n ha sido abordado en diferentes espacios, como en foros p\u00fablicos organizados por diversas asociaciones civiles.<\/p>\n<p>\u201cLe prenden para borrar las evidencias\u201d, coment\u00f3 Refugio Luna, quien explic\u00f3 que el acto es una estrategia utilizada con mayor frecuencia en esta temporada.<\/p>\n<figure class=\"wp-block-image size-large\"><img loading=\"lazy\" decoding=\"async\" class=\"wp-image-67354\" src=\"https:\/\/piedepagina.mx\/wp-content\/uploads\/2021\/06\/Raichalli_incendios_forestales_especial2.jpeg\" sizes=\"auto, (max-width: 720px) 100vw, 720px\" srcset=\"https:\/\/piedepagina.mx\/wp-content\/uploads\/2021\/06\/Raichalli_incendios_forestales_especial2.jpeg 720w, https:\/\/piedepagina.mx\/wp-content\/uploads\/2021\/06\/Raichalli_incendios_forestales_especial2-400x300.jpeg 400w\" alt=\"\" width=\"720\" height=\"540\" \/><\/figure>\n<h3>Municipio de Bocoyna<\/h3>\n<p>En el mismo sentido, Luna inform\u00f3 que si existen denuncias por tala ilegal en los municipios de Ocampo, Bocoyna, Carich\u00ed y Guachochi, sin embargo, hasta el momento no ha habido detenciones.<\/p>\n<p>Seg\u00fan la vocer\u00eda de la Fiscal\u00eda General del Estado (FGE), en el 2021 han ocurrido dos arrestos ligados a la quema de bosques, el \u00faltimo de ellos en abril en Guachochi, donde un hombre quem\u00f3 de manera intencional alrededor de 4 mil metros cuadrados de bosque. Fuera de ese antecedente, no ha habido otras detenciones hasta el momento.<\/p>\n<figure class=\"wp-block-image size-large\"><img loading=\"lazy\" decoding=\"async\" class=\"wp-image-67355\" src=\"https:\/\/piedepagina.mx\/wp-content\/uploads\/2021\/06\/Raichalli_incendios_forestales_especial1.jpeg\" sizes=\"auto, (max-width: 490px) 100vw, 490px\" srcset=\"https:\/\/piedepagina.mx\/wp-content\/uploads\/2021\/06\/Raichalli_incendios_forestales_especial1.jpeg 490w, https:\/\/piedepagina.mx\/wp-content\/uploads\/2021\/06\/Raichalli_incendios_forestales_especial1-207x300.jpeg 207w\" alt=\"\" width=\"490\" height=\"709\" \/><\/figure>\n<h3>Ola de apoyos<\/h3>\n<p>La indignaci\u00f3n y el descontento social por los m\u00faltiples incendios que han azotado el estado, se han visto tambi\u00e9n transformados en un llamado a la uni\u00f3n y solidaridad para apoyar a los brigadistas y voluntarios que combaten el fuego en las zonas activas.<\/p>\n<p>En diversos puntos del estado se recolectan v\u00edveres y herramientas en centros de acopio que se han creado con intenci\u00f3n de responder a la emergencia. Tambi\u00e9n se invita a la ciudadan\u00eda a integrarse a los equipos que controlan los incendios.<\/p>\n<figure class=\"wp-block-image size-large\"><img loading=\"lazy\" decoding=\"async\" class=\"wp-image-67356\" src=\"https:\/\/piedepagina.mx\/wp-content\/uploads\/2021\/06\/Raichalli_incendios_forestales_especial.jpeg\" sizes=\"auto, (max-width: 992px) 100vw, 992px\" srcset=\"https:\/\/piedepagina.mx\/wp-content\/uploads\/2021\/06\/Raichalli_incendios_forestales_especial.jpeg 992w, https:\/\/piedepagina.mx\/wp-content\/uploads\/2021\/06\/Raichalli_incendios_forestales_especial-358x300.jpeg 358w, https:\/\/piedepagina.mx\/wp-content\/uploads\/2021\/06\/Raichalli_incendios_forestales_especial-768x644.jpeg 768w\" alt=\"\" width=\"992\" height=\"832\" \/><\/figure>\n<blockquote class=\"wp-embedded-content\" data-secret=\"3msl0cU4vq\"><p><a href=\"https:\/\/raichali.com\/2021\/06\/16\/fuego-saqueo-e-indiferencia-consumen-a-la-sierra-tarahumara\/\">Fuego, saqueo e indiferencia consumen a la Sierra Tarahumara<\/a><\/p><\/blockquote>\n<p><iframe loading=\"lazy\" class=\"wp-embedded-content\" sandbox=\"allow-scripts\" security=\"restricted\" style=\"position: absolute; clip: rect(1px, 1px, 1px, 1px);\" title=\"&#8220;Fuego, saqueo e indiferencia consumen a la Sierra Tarahumara&#8221; &#8212; Raichali\" src=\"https:\/\/raichali.com\/2021\/06\/16\/fuego-saqueo-e-indiferencia-consumen-a-la-sierra-tarahumara\/embed\/#?secret=3msl0cU4vq\" data-secret=\"3msl0cU4vq\" width=\"600\" height=\"338\" frameborder=\"0\" marginwidth=\"0\" marginheight=\"0\" scrolling=\"no\"><\/iframe><\/p>\n<\/div>\n<\/div>\n<\/div>\n","protected":false},"excerpt":{"rendered":"<p>La actual crisis de sequ\u00eda que vive Chihuahua y el problema recurrente de tala ilegal se han vuelto la mancuerna perfecta para desatar m\u00e1s de una decena de incendios que &hellip; <a href=\"https:\/\/www.grieta.org.mx\/index.php\/2021\/06\/20\/fuego-saqueo-e-indiferencia-consumen-a-la-sierra-tarahumara\/\" class=\"more-link\">Leer m\u00e1s<\/a><\/p>\n","protected":false},"author":2,"featured_media":60155,"comment_status":"closed","ping_status":"closed","sticky":false,"template":"","format":"standard","meta":{"ngg_post_thumbnail":0,"_jetpack_newsletter_access":"","_jetpack_dont_email_post_to_subs":false,"_jetpack_newsletter_tier_id":0,"_jetpack_memberships_contains_paywalled_content":false,"_jetpack_memberships_contains_paid_content":false,"footnotes":""},"categories":[12,2211],"tags":[3736,231,1715,520],"class_list":["post-60154","post","type-post","status-publish","format-standard","has-post-thumbnail","hentry","category-chihuahua","category-tala-ilegal-en-la-tarahumara","tag-conflictos-ambientales","tag-defensores-ambientales","tag-pueblo-raramuri","tag-tala-de-bosques","entry"],"jetpack_featured_media_url":"https:\/\/www.grieta.org.mx\/wp-content\/uploads\/2021\/06\/Raichalli_incendios_forestales_especial3.jpeg","jetpack_sharing_enabled":true,"jetpack_shortlink":"https:\/\/wp.me\/p7ZJR4-fEe","jetpack_likes_enabled":false,"jetpack-related-posts":[{"id":29881,"url":"https:\/\/www.grieta.org.mx\/index.php\/2019\/02\/02\/denuncian-ecocidio-en-la-sierra-tarahumara-chihuahua\/","url_meta":{"origin":60154,"position":0},"title":"Denuncian ecocidio en la sierra tarahumara (Chihuahua)","author":"grieta","date":"2 febrero, 2019","format":false,"excerpt":"La Opci\u00f3n de Chihuahua Chihuahua.- La destrucci\u00f3n de la Sierra Tarahumara contin\u00faa; a trav\u00e9s de fotograf\u00edas que circulan en redes sociales se muestran numerosos \u00e1rboles cortados. De acuerdo con la publicaci\u00f3n Semarnat, Profepa y Desarrollo Forestal del Estado no hacen nada para detener la tala ilegal de \u00e1rboles de la\u2026","rel":"","context":"En &quot;Chihuahua&quot;","block_context":{"text":"Chihuahua","link":"https:\/\/www.grieta.org.mx\/index.php\/category\/noticias-nacionales\/chihuahua\/"},"img":{"alt_text":"","src":"https:\/\/i0.wp.com\/www.grieta.org.mx\/wp-content\/uploads\/2019\/03\/Sierra-Tarahu.jpeg?resize=350%2C200&ssl=1","width":350,"height":200,"srcset":"https:\/\/i0.wp.com\/www.grieta.org.mx\/wp-content\/uploads\/2019\/03\/Sierra-Tarahu.jpeg?resize=350%2C200&ssl=1 1x, https:\/\/i0.wp.com\/www.grieta.org.mx\/wp-content\/uploads\/2019\/03\/Sierra-Tarahu.jpeg?resize=525%2C300&ssl=1 1.5x, https:\/\/i0.wp.com\/www.grieta.org.mx\/wp-content\/uploads\/2019\/03\/Sierra-Tarahu.jpeg?resize=700%2C400&ssl=1 2x"},"classes":[]},{"id":13403,"url":"https:\/\/www.grieta.org.mx\/index.php\/2016\/05\/26\/tala-clandestina-tiene-la-sierra-tarahumara-en-situacion-de-riesgo\/","url_meta":{"origin":60154,"position":1},"title":"Tala clandestina tiene la sierra Tarahumara en situaci\u00f3n de riesgo","author":"grieta","date":"26 mayo, 2016","format":false,"excerpt":"La Di\u00f3cesis de la Tarahumara env\u00edo una carta donde denuncia la cr\u00edtica situaci\u00f3n que est\u00e1n viviendo los bosques de la Sierra Tarahumara al enfrentarse a la tala ilegal y a la impunidad respaldada por las autoridades que no castigan a los responsables. Anteriormente hab\u00eda se\u00f1alado que desde el a\u00f1o 2000,\u2026","rel":"","context":"En &quot;chihuahua&quot;","block_context":{"text":"chihuahua","link":"https:\/\/www.grieta.org.mx\/index.php\/category\/chihuahua\/"},"img":{"alt_text":"","src":"https:\/\/i0.wp.com\/www.grieta.org.mx\/wp-content\/uploads\/2018\/03\/14524434_1106112876131411_958039263622046936_o.jpg?resize=350%2C200&ssl=1","width":350,"height":200,"srcset":"https:\/\/i0.wp.com\/www.grieta.org.mx\/wp-content\/uploads\/2018\/03\/14524434_1106112876131411_958039263622046936_o.jpg?resize=350%2C200&ssl=1 1x, https:\/\/i0.wp.com\/www.grieta.org.mx\/wp-content\/uploads\/2018\/03\/14524434_1106112876131411_958039263622046936_o.jpg?resize=525%2C300&ssl=1 1.5x, https:\/\/i0.wp.com\/www.grieta.org.mx\/wp-content\/uploads\/2018\/03\/14524434_1106112876131411_958039263622046936_o.jpg?resize=700%2C400&ssl=1 2x"},"classes":[]},{"id":50138,"url":"https:\/\/www.grieta.org.mx\/index.php\/2020\/06\/02\/aprovechan-contingencia-para-tala-ilegal-en-la-sierra-chihuahua\/","url_meta":{"origin":60154,"position":2},"title":"Aprovechan contingencia para tala ilegal en la sierra (Chihuahua)","author":"grieta","date":"2 junio, 2020","format":false,"excerpt":"Redacci\u00f3n\/Ra\u00edchali El confinamimento por Covid-19 y la paralizaci\u00f3n de varias \u00e1reas de gobierno de los tres niveles de gobierno, es aprovechada por los criminales que no cesan de talar \u00e1rboles en la Sierra Tarahumara, en total impunidad, a pesar de que hay \u00f3rdenes judiciales para que no lo hagan. Los\u2026","rel":"","context":"En &quot;Chihuahua&quot;","block_context":{"text":"Chihuahua","link":"https:\/\/www.grieta.org.mx\/index.php\/category\/noticias-nacionales\/chihuahua\/"},"img":{"alt_text":"","src":"https:\/\/i0.wp.com\/www.grieta.org.mx\/wp-content\/uploads\/2020\/06\/tela3.png?resize=350%2C200&ssl=1","width":350,"height":200,"srcset":"https:\/\/i0.wp.com\/www.grieta.org.mx\/wp-content\/uploads\/2020\/06\/tela3.png?resize=350%2C200&ssl=1 1x, https:\/\/i0.wp.com\/www.grieta.org.mx\/wp-content\/uploads\/2020\/06\/tela3.png?resize=525%2C300&ssl=1 1.5x, https:\/\/i0.wp.com\/www.grieta.org.mx\/wp-content\/uploads\/2020\/06\/tela3.png?resize=700%2C400&ssl=1 2x"},"classes":[]},{"id":22820,"url":"https:\/\/www.grieta.org.mx\/index.php\/2018\/04\/30\/indigenas-se-plantan-en-bosque-de-la-sierra-tarahumara-para-evitar-tala-anuncian-mas-acciones-chihuahua\/","url_meta":{"origin":60154,"position":3},"title":"Ind\u00edgenas se plantan en bosque de la Sierra Tarahumara para evitar tala; anuncian m\u00e1s acciones (Chihuahua)","author":"grieta","date":"30 abril, 2018","format":false,"excerpt":"CIUDAD DE M\u00c9XICO (apro).- Hombres, mujeres y ni\u00f1os de la comunidad de Bosques San El\u00edas Repechique, en el municipio de Bocoyna de la Sierra Tarahumara, llevan un mes plantados en el bosque de su territorio para evitar que particulares talen m\u00e1s \u00e1rboles, como lo han hecho sistem\u00e1ticamente durante los \u00faltimos\u2026","rel":"","context":"En &quot;Chihuahua&quot;","block_context":{"text":"Chihuahua","link":"https:\/\/www.grieta.org.mx\/index.php\/category\/noticias-nacionales\/chihuahua\/"},"img":{"alt_text":"","src":"https:\/\/i0.wp.com\/www.grieta.org.mx\/wp-content\/uploads\/2018\/03\/14524434_1106112876131411_958039263622046936_o.jpg?resize=350%2C200&ssl=1","width":350,"height":200,"srcset":"https:\/\/i0.wp.com\/www.grieta.org.mx\/wp-content\/uploads\/2018\/03\/14524434_1106112876131411_958039263622046936_o.jpg?resize=350%2C200&ssl=1 1x, https:\/\/i0.wp.com\/www.grieta.org.mx\/wp-content\/uploads\/2018\/03\/14524434_1106112876131411_958039263622046936_o.jpg?resize=525%2C300&ssl=1 1.5x, https:\/\/i0.wp.com\/www.grieta.org.mx\/wp-content\/uploads\/2018\/03\/14524434_1106112876131411_958039263622046936_o.jpg?resize=700%2C400&ssl=1 2x"},"classes":[]},{"id":54363,"url":"https:\/\/www.grieta.org.mx\/index.php\/2020\/10\/20\/desplazamiento-forzado-en-la-tarahumara-obligados-a-dejar-su-comunidad-y-su-bosque-chihuahua\/","url_meta":{"origin":60154,"position":4},"title":"Desplazamiento forzado en la Tarahumara: obligados a dejar su comunidad y su bosque (Chihuahua)","author":"grieta","date":"20 octubre, 2020","format":false,"excerpt":"En el estado de Chihuahua, al norte de M\u00e9xico, la expansi\u00f3n de los grupos dedicados a la producci\u00f3n de drogas ha provocado el desplazamiento forzado de, por lo menos, 400 personas. Foto: Thelma G\u00f3mez Dur\u00e1n. Por: Patricia Mayorga (Mongabay) En la Sierra Tarahumara, el pinole es un alimento vital. Es\u2026","rel":"","context":"En &quot;Chihuahua&quot;","block_context":{"text":"Chihuahua","link":"https:\/\/www.grieta.org.mx\/index.php\/category\/noticias-nacionales\/chihuahua\/"},"img":{"alt_text":"","src":"https:\/\/i0.wp.com\/www.grieta.org.mx\/wp-content\/uploads\/2020\/10\/Chiapas-3-1536x1152-1.jpg?resize=350%2C200&ssl=1","width":350,"height":200,"srcset":"https:\/\/i0.wp.com\/www.grieta.org.mx\/wp-content\/uploads\/2020\/10\/Chiapas-3-1536x1152-1.jpg?resize=350%2C200&ssl=1 1x, https:\/\/i0.wp.com\/www.grieta.org.mx\/wp-content\/uploads\/2020\/10\/Chiapas-3-1536x1152-1.jpg?resize=525%2C300&ssl=1 1.5x, https:\/\/i0.wp.com\/www.grieta.org.mx\/wp-content\/uploads\/2020\/10\/Chiapas-3-1536x1152-1.jpg?resize=700%2C400&ssl=1 2x, https:\/\/i0.wp.com\/www.grieta.org.mx\/wp-content\/uploads\/2020\/10\/Chiapas-3-1536x1152-1.jpg?resize=1050%2C600&ssl=1 3x, https:\/\/i0.wp.com\/www.grieta.org.mx\/wp-content\/uploads\/2020\/10\/Chiapas-3-1536x1152-1.jpg?resize=1400%2C800&ssl=1 4x"},"classes":[]},{"id":48012,"url":"https:\/\/www.grieta.org.mx\/index.php\/2020\/04\/20\/exigen-justicia-por-multihomicidio-en-la-tarahumara-chihuahua\/","url_meta":{"origin":60154,"position":5},"title":"Exigen justicia por multihomicidio en la Tarahumara (Chihuahua)","author":"grieta","date":"20 abril, 2020","format":false,"excerpt":"Patricia Mayorga (Proceso) Foto tomada de SinEmbargo CIUDAD DE M\u00c9XICO (apro).- .\u00a0El obispo de la Tarahumara, Juan Manuel Gonz\u00e1lez Sandoval, exigi\u00f3 justicia y pidi\u00f3 que las autoridades ejerzan su trabajo para dar una respuesta pronta y eficaz a las familias de las v\u00edctimas que fueron asesinadas por un grupo armado\u2026","rel":"","context":"En &quot;Chihuahua&quot;","block_context":{"text":"Chihuahua","link":"https:\/\/www.grieta.org.mx\/index.php\/category\/noticias-nacionales\/chihuahua\/"},"img":{"alt_text":"","src":"https:\/\/i0.wp.com\/www.grieta.org.mx\/wp-content\/uploads\/2020\/04\/foto-principal-1024x683.jpg?resize=350%2C200&ssl=1","width":350,"height":200,"srcset":"https:\/\/i0.wp.com\/www.grieta.org.mx\/wp-content\/uploads\/2020\/04\/foto-principal-1024x683.jpg?resize=350%2C200&ssl=1 1x, https:\/\/i0.wp.com\/www.grieta.org.mx\/wp-content\/uploads\/2020\/04\/foto-principal-1024x683.jpg?resize=525%2C300&ssl=1 1.5x, https:\/\/i0.wp.com\/www.grieta.org.mx\/wp-content\/uploads\/2020\/04\/foto-principal-1024x683.jpg?resize=700%2C400&ssl=1 2x, https:\/\/i0.wp.com\/www.grieta.org.mx\/wp-content\/uploads\/2020\/04\/foto-principal-1024x683.jpg?resize=1050%2C600&ssl=1 3x"},"classes":[]}],"_links":{"self":[{"href":"https:\/\/www.grieta.org.mx\/index.php\/wp-json\/wp\/v2\/posts\/60154","targetHints":{"allow":["GET"]}}],"collection":[{"href":"https:\/\/www.grieta.org.mx\/index.php\/wp-json\/wp\/v2\/posts"}],"about":[{"href":"https:\/\/www.grieta.org.mx\/index.php\/wp-json\/wp\/v2\/types\/post"}],"author":[{"embeddable":true,"href":"https:\/\/www.grieta.org.mx\/index.php\/wp-json\/wp\/v2\/users\/2"}],"replies":[{"embeddable":true,"href":"https:\/\/www.grieta.org.mx\/index.php\/wp-json\/wp\/v2\/comments?post=60154"}],"version-history":[{"count":1,"href":"https:\/\/www.grieta.org.mx\/index.php\/wp-json\/wp\/v2\/posts\/60154\/revisions"}],"predecessor-version":[{"id":60156,"href":"https:\/\/www.grieta.org.mx\/index.php\/wp-json\/wp\/v2\/posts\/60154\/revisions\/60156"}],"wp:featuredmedia":[{"embeddable":true,"href":"https:\/\/www.grieta.org.mx\/index.php\/wp-json\/wp\/v2\/media\/60155"}],"wp:attachment":[{"href":"https:\/\/www.grieta.org.mx\/index.php\/wp-json\/wp\/v2\/media?parent=60154"}],"wp:term":[{"taxonomy":"category","embeddable":true,"href":"https:\/\/www.grieta.org.mx\/index.php\/wp-json\/wp\/v2\/categories?post=60154"},{"taxonomy":"post_tag","embeddable":true,"href":"https:\/\/www.grieta.org.mx\/index.php\/wp-json\/wp\/v2\/tags?post=60154"}],"curies":[{"name":"wp","href":"https:\/\/api.w.org\/{rel}","templated":true}]}}