{"id":60142,"date":"2021-06-24T19:26:20","date_gmt":"2021-06-25T00:26:20","guid":{"rendered":"http:\/\/www.grieta.org.mx\/?p=60142"},"modified":"2021-06-27T02:33:37","modified_gmt":"2021-06-27T07:33:37","slug":"pueblos-mixes-de-oaxaca-paran-trabajos-del-interoceanico-del-istmo-exigen-cumplir-demandas-oaxaca","status":"publish","type":"post","link":"https:\/\/www.grieta.org.mx\/index.php\/2021\/06\/24\/pueblos-mixes-de-oaxaca-paran-trabajos-del-interoceanico-del-istmo-exigen-cumplir-demandas-oaxaca\/","title":{"rendered":"Pueblos mixes de Oaxaca \u201cparan\u201d trabajos del Interoce\u00e1nico del Istmo; exigen cumplir demandas  (Oaxaca)"},"content":{"rendered":"<p>P\u00e1gina 3 \/ Diana Manzo.<\/p>\n<p><img loading=\"lazy\" decoding=\"async\" data-attachment-id=\"60143\" data-permalink=\"https:\/\/www.grieta.org.mx\/index.php\/2021\/06\/24\/pueblos-mixes-de-oaxaca-paran-trabajos-del-interoceanico-del-istmo-exigen-cumplir-demandas-oaxaca\/pueblosmixes\/\" data-orig-file=\"https:\/\/www.grieta.org.mx\/wp-content\/uploads\/2021\/06\/pueblosmixes.jpg\" data-orig-size=\"950,500\" data-comments-opened=\"0\" data-image-meta=\"{&quot;aperture&quot;:&quot;0&quot;,&quot;credit&quot;:&quot;&quot;,&quot;camera&quot;:&quot;&quot;,&quot;caption&quot;:&quot;&quot;,&quot;created_timestamp&quot;:&quot;0&quot;,&quot;copyright&quot;:&quot;&quot;,&quot;focal_length&quot;:&quot;0&quot;,&quot;iso&quot;:&quot;0&quot;,&quot;shutter_speed&quot;:&quot;0&quot;,&quot;title&quot;:&quot;&quot;,&quot;orientation&quot;:&quot;1&quot;}\" data-image-title=\"pueblosmixes\" data-image-description=\"\" data-image-caption=\"\" data-medium-file=\"https:\/\/www.grieta.org.mx\/wp-content\/uploads\/2021\/06\/pueblosmixes-300x158.jpg\" data-large-file=\"https:\/\/www.grieta.org.mx\/wp-content\/uploads\/2021\/06\/pueblosmixes.jpg\" class=\"alignnone wp-image-60143\" src=\"http:\/\/www.grieta.org.mx\/wp-content\/uploads\/2021\/06\/pueblosmixes.jpg\" alt=\"\" width=\"800\" height=\"421\" srcset=\"https:\/\/www.grieta.org.mx\/wp-content\/uploads\/2021\/06\/pueblosmixes.jpg 950w, https:\/\/www.grieta.org.mx\/wp-content\/uploads\/2021\/06\/pueblosmixes-300x158.jpg 300w, https:\/\/www.grieta.org.mx\/wp-content\/uploads\/2021\/06\/pueblosmixes-768x404.jpg 768w\" sizes=\"auto, (max-width: 800px) 100vw, 800px\" \/><\/p>\n<p>Juchit\u00e1n, Oax.- Ante incumplimiento de demandas del gobierno federal, ejidatarios mixes de las comunidades de Mogo\u00f1\u00e9 Viejo, Vixidu y El Zarzal, en la zona norte del Istmo de Tehuantepec Oaxaca, \u201cpararon\u201d por en\u00e9sima ocasi\u00f3n la rehabilitaci\u00f3n de las v\u00edas f\u00e9rreas que realiza la empresa Ferrocarriles del Istmo de Tehuantepec (FIT) como parte del Corredor Interoce\u00e1nico del Istmo de Tehuantepec (CITT).<\/p>\n<p>Con piedra, palos y machetes, ejidatarios, hombres y mujeres, se postraron sobre los rieles del ferrocarril y expulsaron a trabajadores del Grupo Hermes y de la empresa FIT, quienes ingresaron a los terrenos sin autorizaci\u00f3n del ejido.<\/p>\n<p>El ejido Mogo\u00f1\u00e9 Viejo ha requerido de manera constante \u201cuna consulta\u201d para conocer de qu\u00e9 se trata el proyecto Interoce\u00e1nico del Istmo de Tehuantepec que tanto pregonan las autoridades federales, pero que ejidatarios y pobladores aseguran que a ellos no les informan nada.<\/p>\n<p>Tambi\u00e9n solicitaron que se cumpla su pliego petitorio, en torno a la construcci\u00f3n de un hospital, pues el m\u00e1s cercano se ubica en la Ciudad de Juchit\u00e1n Oaxaca, a casi 2 horas de distancia, lo cual dificulta la atenci\u00f3n a la salud. Las personas manifestantes dejaron claro que esta es la trig\u00e9sima cuarta ocasi\u00f3n que bloquean, y continuar\u00e1n haci\u00e9ndolo hasta que les cumplan sus demandas.<\/p>\n<p>\u201cVamos a seguir manifest\u00e1ndose las veces que sean necesarias, el gobierno es terco en querer imponernos un proyecto que nosotros no pedimos, y, lo peor, es que hemos pedido informaci\u00f3n y simplemente nos ignoran, ahora s\u00ed, seguramente bloque\u00e1ndolos, nos dar\u00e1n un espacio y nos escuchar\u00e1n\u201d, se\u00f1alaron.<\/p>\n<p>Las mujeres ataviadas con su atuendo tradicional, se\u00f1alaron que tuvieron que dejar sus casas para unirse a esta manifestaci\u00f3n que es legal, pues antes de entrar a su territorio, la empresa debi\u00f3 pedir permiso y no lo hizo.<br \/>\n\u201cNosotras lo \u00fanico que deseamos es que nuestras demandas se cumplan, vivimos en el atraso, todo ha sido beneficiado por el gobierno, ellos m\u00e1s ricos, y nosotros m\u00e1s pobres\u201d.<\/p>\n<p>Se\u00f1alaron que sus voces y demandas como mujeres tampoco han sido o\u00eddas en esta propuesta de \u201cdesarrollo\u201d, que m\u00e1s bien para ellas es un \u201cdespojo\u201d que hace el gobierno al imponerles este y otros proyectos emanados del Programa de Desarrollo para el Istmo de Tehuantepec.<\/p>\n<p>Por lo pronto, en este territorio que compete al ejido Mogo\u00f1\u00e9, sus habitantes y ejidatarios determinaron que no permitir\u00e1n que las obras del ferrocarril avancen, y esperan una mesa de trabajo con la presencia del director general del CITT, Rafael Mollinedo.<\/p>\n<p><a href=\"https:\/\/pagina3.mx\/2021\/06\/pueblos-mixes-de-oaxaca-paran-trabajos-del-interoceanico-del-istmo\/\" target=\"_blank\" rel=\"noopener\">https:\/\/pagina3.mx\/2021\/06\/pueblos-mixes-de-oaxaca-paran-trabajos-del-interoceanico-del-istmo\/<\/a><\/p>\n","protected":false},"excerpt":{"rendered":"<p>P\u00e1gina 3 \/ Diana Manzo. Juchit\u00e1n, Oax.- Ante incumplimiento de demandas del gobierno federal, ejidatarios mixes de las comunidades de Mogo\u00f1\u00e9 Viejo, Vixidu y El Zarzal, en la zona norte &hellip; <a href=\"https:\/\/www.grieta.org.mx\/index.php\/2021\/06\/24\/pueblos-mixes-de-oaxaca-paran-trabajos-del-interoceanico-del-istmo-exigen-cumplir-demandas-oaxaca\/\" class=\"more-link\">Leer m\u00e1s<\/a><\/p>\n","protected":false},"author":2,"featured_media":60143,"comment_status":"closed","ping_status":"closed","sticky":false,"template":"","format":"standard","meta":{"ngg_post_thumbnail":0,"_jetpack_newsletter_access":"","_jetpack_dont_email_post_to_subs":false,"_jetpack_newsletter_tier_id":0,"_jetpack_memberships_contains_paywalled_content":false,"_jetpack_memberships_contains_paid_content":false,"footnotes":""},"categories":[80,1708,2,25,2909],"tags":[],"class_list":["post-60142","post","type-post","status-publish","format-standard","has-post-thumbnail","hentry","category-cintillo","category-corredor-del-istmo-de-tehuantepec","category-noticias-nacionales","category-oaxaca","category-resistencias-y-rebeldias-en-oaxaca","entry"],"jetpack_featured_media_url":"https:\/\/www.grieta.org.mx\/wp-content\/uploads\/2021\/06\/pueblosmixes.jpg","jetpack_sharing_enabled":true,"jetpack_shortlink":"https:\/\/wp.me\/p7ZJR4-fE2","jetpack_likes_enabled":false,"jetpack-related-posts":[{"id":59514,"url":"https:\/\/www.grieta.org.mx\/index.php\/2021\/05\/14\/ejidatarios-de-mogone-viejo-suspenden-trabajos-del-corredor-interoceanico-oaxaca\/","url_meta":{"origin":60142,"position":0},"title":"Ejidatarios de Mogo\u00f1\u00e9 Viejo suspenden trabajos del Corredor Interoce\u00e1nico (Oaxaca)","author":"grieta","date":"14 mayo, 2021","format":false,"excerpt":"La coperacha \/ Redacci\u00f3n. Foto: Ucizoni Denuncian trabajos sin permiso del ejido y da\u00f1os en el abasto de agua. En Oaxaca, ejidatarios de Mogo\u00f1\u00e9 Viejo, municipio San Juan Guichicovi, suspendieron los trabajos de rehabilitaci\u00f3n del Ferrocarril Trans\u00edstmico en demanda de informaci\u00f3n consulta sobre el megaproyecto del Corredor Interoce\u00e1nico. Por acuerdo\u2026","rel":"","context":"En &quot;CINTILLO&quot;","block_context":{"text":"CINTILLO","link":"https:\/\/www.grieta.org.mx\/index.php\/category\/cintillo\/"},"img":{"alt_text":"","src":"https:\/\/i0.wp.com\/www.grieta.org.mx\/wp-content\/uploads\/2021\/05\/x.jpg?resize=350%2C200&ssl=1","width":350,"height":200,"srcset":"https:\/\/i0.wp.com\/www.grieta.org.mx\/wp-content\/uploads\/2021\/05\/x.jpg?resize=350%2C200&ssl=1 1x, https:\/\/i0.wp.com\/www.grieta.org.mx\/wp-content\/uploads\/2021\/05\/x.jpg?resize=525%2C300&ssl=1 1.5x, https:\/\/i0.wp.com\/www.grieta.org.mx\/wp-content\/uploads\/2021\/05\/x.jpg?resize=700%2C400&ssl=1 2x"},"classes":[]},{"id":66884,"url":"https:\/\/www.grieta.org.mx\/index.php\/2023\/04\/29\/guardia-nacional-marina-y-policia-estatal-reprime-campamento-de-ejidatarios-mixe-de-mogone-viejo-vixidu-contra-obras-del-ferrocarril-del-istmo-de-tehuantepec-detienen-a-seis-se-desconoce-su-parader\/","url_meta":{"origin":60142,"position":1},"title":"Guardia Nacional, Marina y Polic\u00eda Estatal reprime campamento de ejidatarios mixe de Mogo\u00f1e Viejo-Vixidu contra obras del Ferrocarril del Istmo de Tehuantepec, detienen a seis, se desconoce su paradero (Oaxaca)","author":"grieta","date":"29 abril, 2023","format":false,"excerpt":"Imagen: Cortes\u00eda JUCHIT\u00c1N, Oaxaca.- El bloqueo a la v\u00edas del ferrocarril que desde hace dos meses manten\u00edan ejidatarios de la comunidad de Mogo\u00f1\u00e9 Viejo, fue desalojado por elementos de la Guardia Nacional (GN), Secretar\u00eda de Marina (Semar) y de la polic\u00eda estatal, inform\u00f3 en un comunicado la Uni\u00f3n de Comunidades\u2026","rel":"","context":"En &quot;Brutalidad polic\u00edaca en Oaxaca&quot;","block_context":{"text":"Brutalidad polic\u00edaca en Oaxaca","link":"https:\/\/www.grieta.org.mx\/index.php\/category\/noticias-nacionales\/oaxaca\/brutalidad-policiaca-en-oaxaca\/"},"img":{"alt_text":"","src":"https:\/\/i0.wp.com\/www.grieta.org.mx\/wp-content\/uploads\/2023\/04\/mogone-desalojo.webp?resize=350%2C200&ssl=1","width":350,"height":200,"srcset":"https:\/\/i0.wp.com\/www.grieta.org.mx\/wp-content\/uploads\/2023\/04\/mogone-desalojo.webp?resize=350%2C200&ssl=1 1x, https:\/\/i0.wp.com\/www.grieta.org.mx\/wp-content\/uploads\/2023\/04\/mogone-desalojo.webp?resize=525%2C300&ssl=1 1.5x, https:\/\/i0.wp.com\/www.grieta.org.mx\/wp-content\/uploads\/2023\/04\/mogone-desalojo.webp?resize=700%2C400&ssl=1 2x, https:\/\/i0.wp.com\/www.grieta.org.mx\/wp-content\/uploads\/2023\/04\/mogone-desalojo.webp?resize=1050%2C600&ssl=1 3x, https:\/\/i0.wp.com\/www.grieta.org.mx\/wp-content\/uploads\/2023\/04\/mogone-desalojo.webp?resize=1400%2C800&ssl=1 4x"},"classes":[]},{"id":66411,"url":"https:\/\/www.grieta.org.mx\/index.php\/2023\/03\/02\/tension-en-el-istmo-de-tehuantepec-intimidacion-de-gn-y-protestas-contra-el-corredor-interoceanico-oaxaca\/","url_meta":{"origin":60142,"position":2},"title":"Tensi\u00f3n en el Istmo de Tehuantepec: Intimidaci\u00f3n de GN y protestas contra el Corredor Interoce\u00e1nico (Oaxaca)","author":"grieta","date":"2 marzo, 2023","format":false,"excerpt":"Imagen: Monitor Vikingo Pedro Mat\u00edas \/ Proceso OAXACA, Oax. (apro).- Tensi\u00f3n en el Istmo de Tehuantepec por las protestas contra las obras del megaproyecto presidencial del Corredor Interoce\u00e1nico. Por un lado, contin\u00faan los bloqueos carreteros y ferroviarios, y por otro, se incrementan los actos intimidatorios de la Guardia Nacional y\u2026","rel":"","context":"En &quot;CINTILLO&quot;","block_context":{"text":"CINTILLO","link":"https:\/\/www.grieta.org.mx\/index.php\/category\/cintillo\/"},"img":{"alt_text":"","src":"https:\/\/i0.wp.com\/www.grieta.org.mx\/wp-content\/uploads\/2023\/03\/f800x450-169984_221430_5050.jpeg?resize=350%2C200&ssl=1","width":350,"height":200,"srcset":"https:\/\/i0.wp.com\/www.grieta.org.mx\/wp-content\/uploads\/2023\/03\/f800x450-169984_221430_5050.jpeg?resize=350%2C200&ssl=1 1x, https:\/\/i0.wp.com\/www.grieta.org.mx\/wp-content\/uploads\/2023\/03\/f800x450-169984_221430_5050.jpeg?resize=525%2C300&ssl=1 1.5x, https:\/\/i0.wp.com\/www.grieta.org.mx\/wp-content\/uploads\/2023\/03\/f800x450-169984_221430_5050.jpeg?resize=700%2C400&ssl=1 2x"},"classes":[]},{"id":59528,"url":"https:\/\/www.grieta.org.mx\/index.php\/2021\/02\/25\/comunidades-mantienen-suspendidas-las-obras-del-corredor-interoceanico-en-cinco-municipios-mixes-oaxaca\/","url_meta":{"origin":60142,"position":3},"title":"Comunidades mantienen suspendidas las obras del Corredor Interoce\u00e1nico en cinco municipios mixes (Oaxaca)","author":"grieta","date":"25 febrero, 2021","format":false,"excerpt":"La coperacha \/ Redacci\u00f3n. Foto: Raquel Ortiz. Olla de presi\u00f3n en la zona norte del Istmo por actores externos y elecciones: Ucizoni. Autoridades comunitarias y agrarias de 17 comunidades de cinco municipios mixes en la zona norte del Istmo en Oaxaca, mantienen sus resolutivos de impedir los trabajos de rehabilitaci\u00f3n\u2026","rel":"","context":"En &quot;CINTILLO&quot;","block_context":{"text":"CINTILLO","link":"https:\/\/www.grieta.org.mx\/index.php\/category\/cintillo\/"},"img":{"alt_text":"","src":"https:\/\/i0.wp.com\/www.grieta.org.mx\/wp-content\/uploads\/2021\/05\/a-1.jpg?resize=350%2C200&ssl=1","width":350,"height":200,"srcset":"https:\/\/i0.wp.com\/www.grieta.org.mx\/wp-content\/uploads\/2021\/05\/a-1.jpg?resize=350%2C200&ssl=1 1x, https:\/\/i0.wp.com\/www.grieta.org.mx\/wp-content\/uploads\/2021\/05\/a-1.jpg?resize=525%2C300&ssl=1 1.5x, https:\/\/i0.wp.com\/www.grieta.org.mx\/wp-content\/uploads\/2021\/05\/a-1.jpg?resize=700%2C400&ssl=1 2x"},"classes":[]},{"id":66394,"url":"https:\/\/www.grieta.org.mx\/index.php\/2023\/02\/15\/marinos-desalojan-con-violencia-a-ejidatarios-de-palomares-opositores-al-corredor-interoceanico\/","url_meta":{"origin":60142,"position":4},"title":"Marinos desalojan con violencia a ejidatarios de Palomares opositores al Corredor Interoc\u00e9anico","author":"grieta","date":"15 febrero, 2023","format":false,"excerpt":"Pedro Mac\u00edas \/ Proceso OAXACA, Oax. (apro).\u2013 Elementos de la Secretar\u00eda de Marina \u201cdesalojaron\u201d a ejidatarios de Palomares que suspendieron moment\u00e1neamente los trabajos de modernizaci\u00f3n del ferrocarril del Istmo de Tehuantepec, en el lugar denominado Puente La Esperanza, denunci\u00f3 la Uni\u00f3n de Comunidades Ind\u00edgenas de la Zona Norte del Istmo\u2026","rel":"","context":"En &quot;CINTILLO&quot;","block_context":{"text":"CINTILLO","link":"https:\/\/www.grieta.org.mx\/index.php\/category\/cintillo\/"},"img":{"alt_text":"","src":"https:\/\/i0.wp.com\/www.grieta.org.mx\/wp-content\/uploads\/2023\/03\/Screenshot-2023-03-05-at-09-28-48-Marinos-desalojan-con-violencia-a-ejidatarios-de-Palomares-opositores-al-Corredor-Interoceanico.png?resize=350%2C200&ssl=1","width":350,"height":200,"srcset":"https:\/\/i0.wp.com\/www.grieta.org.mx\/wp-content\/uploads\/2023\/03\/Screenshot-2023-03-05-at-09-28-48-Marinos-desalojan-con-violencia-a-ejidatarios-de-Palomares-opositores-al-Corredor-Interoceanico.png?resize=350%2C200&ssl=1 1x, https:\/\/i0.wp.com\/www.grieta.org.mx\/wp-content\/uploads\/2023\/03\/Screenshot-2023-03-05-at-09-28-48-Marinos-desalojan-con-violencia-a-ejidatarios-de-Palomares-opositores-al-Corredor-Interoceanico.png?resize=525%2C300&ssl=1 1.5x, https:\/\/i0.wp.com\/www.grieta.org.mx\/wp-content\/uploads\/2023\/03\/Screenshot-2023-03-05-at-09-28-48-Marinos-desalojan-con-violencia-a-ejidatarios-de-Palomares-opositores-al-Corredor-Interoceanico.png?resize=700%2C400&ssl=1 2x"},"classes":[]},{"id":57579,"url":"https:\/\/www.grieta.org.mx\/index.php\/2021\/03\/09\/pueblos-mixes-bloquean-tren-en-el-istmo-oaxaca\/","url_meta":{"origin":60142,"position":5},"title":"Pueblos mixes bloquean tren en el Istmo (Oaxaca)","author":"grieta","date":"9 marzo, 2021","format":false,"excerpt":"La Coperacha \/ Redacci\u00f3n. Foto: Ucizoni. Obligan a regresar a un convoy y exigen atenci\u00f3n a demandas. En el segundo d\u00eda de la Jornada Regional en Defensa de los Derechos de los Pueblos del Istmo, se realizaron dos bloqueos de las v\u00edas del ferrocarril en Barrio de la Soledad y\u2026","rel":"","context":"En &quot;CINTILLO&quot;","block_context":{"text":"CINTILLO","link":"https:\/\/www.grieta.org.mx\/index.php\/category\/cintillo\/"},"img":{"alt_text":"","src":"https:\/\/i0.wp.com\/www.grieta.org.mx\/wp-content\/uploads\/2021\/03\/corredor-interoceanico-bloqueo-comunitario-Oaxaca.jpg?resize=350%2C200&ssl=1","width":350,"height":200,"srcset":"https:\/\/i0.wp.com\/www.grieta.org.mx\/wp-content\/uploads\/2021\/03\/corredor-interoceanico-bloqueo-comunitario-Oaxaca.jpg?resize=350%2C200&ssl=1 1x, https:\/\/i0.wp.com\/www.grieta.org.mx\/wp-content\/uploads\/2021\/03\/corredor-interoceanico-bloqueo-comunitario-Oaxaca.jpg?resize=525%2C300&ssl=1 1.5x, https:\/\/i0.wp.com\/www.grieta.org.mx\/wp-content\/uploads\/2021\/03\/corredor-interoceanico-bloqueo-comunitario-Oaxaca.jpg?resize=700%2C400&ssl=1 2x"},"classes":[]}],"_links":{"self":[{"href":"https:\/\/www.grieta.org.mx\/index.php\/wp-json\/wp\/v2\/posts\/60142","targetHints":{"allow":["GET"]}}],"collection":[{"href":"https:\/\/www.grieta.org.mx\/index.php\/wp-json\/wp\/v2\/posts"}],"about":[{"href":"https:\/\/www.grieta.org.mx\/index.php\/wp-json\/wp\/v2\/types\/post"}],"author":[{"embeddable":true,"href":"https:\/\/www.grieta.org.mx\/index.php\/wp-json\/wp\/v2\/users\/2"}],"replies":[{"embeddable":true,"href":"https:\/\/www.grieta.org.mx\/index.php\/wp-json\/wp\/v2\/comments?post=60142"}],"version-history":[{"count":1,"href":"https:\/\/www.grieta.org.mx\/index.php\/wp-json\/wp\/v2\/posts\/60142\/revisions"}],"predecessor-version":[{"id":60144,"href":"https:\/\/www.grieta.org.mx\/index.php\/wp-json\/wp\/v2\/posts\/60142\/revisions\/60144"}],"wp:featuredmedia":[{"embeddable":true,"href":"https:\/\/www.grieta.org.mx\/index.php\/wp-json\/wp\/v2\/media\/60143"}],"wp:attachment":[{"href":"https:\/\/www.grieta.org.mx\/index.php\/wp-json\/wp\/v2\/media?parent=60142"}],"wp:term":[{"taxonomy":"category","embeddable":true,"href":"https:\/\/www.grieta.org.mx\/index.php\/wp-json\/wp\/v2\/categories?post=60142"},{"taxonomy":"post_tag","embeddable":true,"href":"https:\/\/www.grieta.org.mx\/index.php\/wp-json\/wp\/v2\/tags?post=60142"}],"curies":[{"name":"wp","href":"https:\/\/api.w.org\/{rel}","templated":true}]}}