{"id":6014,"date":"2015-10-08T02:38:02","date_gmt":"2015-10-08T02:38:02","guid":{"rendered":"http:\/\/50.22.11.12\/~grietaor\/?p=6014"},"modified":"2016-03-28T02:40:12","modified_gmt":"2016-03-28T02:40:12","slug":"se-manifiestan-en-guanajuato-los-padres-de-los-normalistas-desaparecidos-en-ayotzinapa","status":"publish","type":"post","link":"https:\/\/www.grieta.org.mx\/index.php\/2015\/10\/08\/se-manifiestan-en-guanajuato-los-padres-de-los-normalistas-desaparecidos-en-ayotzinapa\/","title":{"rendered":"Se manifiestan en Guanajuato los padres de los normalistas desaparecidos en Ayotzinapa"},"content":{"rendered":"<p>Aldabi Olvera,  Guanajuato, Gto. <\/p>\n<p> El n\u00famero 43 es ya un s\u00edmbolo en todo M\u00e9xico y se mostr\u00f3 de manera curiosa hasta en el Festival Cervantino de Guanajuato. Casi un mes despu\u00e9s de que se cumpliera un a\u00f1o de la desaparici\u00f3n forzada de los 43 normalistas de Ayotzinapa, se inaugura la 43 edici\u00f3n de este festival cultural con un contraste: el atosigamiento comercial y la denuncia callejera.<\/p>\n<p>Cientos de turistas mexicanos y extranjeros recorren los callejones centrales de esta ciudad en busca de un caf\u00e9, de un hostal; estudiantes se toman fotos con polic\u00edas de la Gendarmer\u00eda Nacional; como siempre, la fila para mirar el espect\u00e1culo inaugural de la Alh\u00f3ndiga de Granaditas no tiene fin.<\/p>\n<p>En la \u201cPlaza de La Paz\u201d, frente al Congreso del estado, un acto cultural es presidido por Bertha Nava, madre del normalista asesinado Julio C\u00e9sar Ram\u00edrez Nava, y Omar Garc\u00eda, sobreviviente de la noche en la que polic\u00edas y narcotraficantes desaparecieran a j\u00f3venes estudiantes con conocimiento del Ej\u00e9rcito.<\/p>\n<p>\u201cEl n\u00famero de nuestros compa\u00f1eros desaparecidos se convirti\u00f3 ya en un s\u00edmbolo que las autoridades de este festival oficial no quieren que se sepa\u201d, cuenta Omar Garc\u00eda al hacer referencia a algunos anuncios del festival que colocaron el n\u00famero de la edici\u00f3n 43 en n\u00fameros romanos.<\/p>\n<p>\u201cLa desaparici\u00f3n forzada no es algo que nos pas\u00f3 a nosotros, ocurre en todo el pa\u00eds\u201d, dice Garc\u00eda ante guanajuatenses y turistas que recorren las calles y que ofrecen un o\u00eddo o una mirada de reojo.<\/p>\n<p>Mientras tanto, maestros del estado reparten carteles con el n\u00famero 43 y la Organizaci\u00f3n Pol\u00edtico Cultural Centro Libre de Experimentaci\u00f3n Teatral y Art\u00edstica (OPC CLETA), quienes ofrecen una alternativa al cervantino comercial y oficial desde 1974, preparan su intervenci\u00f3n:<\/p>\n<p>\u201cNo le pregunten a la tele, aqu\u00ed est\u00e1n los protagonistas de la historia. Ellos les pueden contar qu\u00e9 fue lo que pas\u00f3\u201c, dice El Llanero Solitito, teatrero ya veterano del Cervantino Callejero.<\/p>\n<p>Las actividades de este Cervantino Callejero 2015 tienen como lema la frase \u201cNos faltan m\u00e1s de 43 quijotes y muchas dulcineas\u201d, pues en este a\u00f1o se han registrado m\u00e1s de 45 feminicidios en Guanajuato ante el silencio de las autoridades del estado.<\/p>\n<p>El normalista Omar Garc\u00eda cuenta que habr\u00e1 presencia de Ayotzinapa en el festival alternativo hasta el d\u00eda 22 de octubre.<\/p>\n<p>Oficialmente, las actividades culturales de OPC CLETA comenzar\u00e1n el d\u00eda 10 de octubre. El 12 a las 2:00 pm habr\u00e1 un Foro Debate entre integrantes de la Normal de Ayotzinapa y la Universidad de Guanajuato en el Sal\u00f3n de Actos de la DDPG en el Edificio Central de esta universidad. A las 4:00 pm se realizar\u00e1 una marcha estatal en \u201cLos pastitos\u201d.<\/p>\n<p>El 22 de octubre a las 9:00am habr\u00e1 tambi\u00e9n un paro simb\u00f3lico en las escalinatas de la Universidad para recordar la suspensi\u00f3n de actividades que realizaron hace un a\u00f1o por Ayotzinapa.<\/p>\n<p><a href=\"http:\/\/www.masde131.com\/2015\/10\/ayotzinapa-callejonea-en-la-43-edicion-del-festival-cervantino\/\" target=\"_blank\">www.masde131.com\/2015\/10\/ayotzinapa-callejonea-en-la-43-edicion-del-festival-cervantino\/<\/a><\/p>\n","protected":false},"excerpt":{"rendered":"<p>Aldabi Olvera, Guanajuato, Gto. El n\u00famero 43 es ya un s\u00edmbolo en todo M\u00e9xico y se mostr\u00f3 de manera curiosa hasta en el Festival Cervantino de Guanajuato. Casi un mes &hellip; <a href=\"https:\/\/www.grieta.org.mx\/index.php\/2015\/10\/08\/se-manifiestan-en-guanajuato-los-padres-de-los-normalistas-desaparecidos-en-ayotzinapa\/\" class=\"more-link\">Leer m\u00e1s<\/a><\/p>\n","protected":false},"author":2,"featured_media":21928,"comment_status":"closed","ping_status":"open","sticky":false,"template":"","format":"standard","meta":{"ngg_post_thumbnail":0,"_jetpack_newsletter_access":"","_jetpack_dont_email_post_to_subs":false,"_jetpack_newsletter_tier_id":0,"_jetpack_memberships_contains_paywalled_content":false,"_jetpack_memberships_contains_paid_content":false,"footnotes":""},"categories":[80],"tags":[],"class_list":["post-6014","post","type-post","status-publish","format-standard","has-post-thumbnail","hentry","category-cintillo","entry"],"jetpack_featured_media_url":"https:\/\/www.grieta.org.mx\/wp-content\/uploads\/2018\/03\/14524434_1106112876131411_958039263622046936_o.jpg","jetpack_sharing_enabled":true,"jetpack_shortlink":"https:\/\/wp.me\/p7ZJR4-1z0","jetpack_likes_enabled":false,"jetpack-related-posts":[{"id":5995,"url":"https:\/\/www.grieta.org.mx\/index.php\/2016\/05\/01\/movilizaciones-por-ayotzinapa-en-guanajuato\/","url_meta":{"origin":6014,"position":0},"title":"Movilizaciones por Ayotzinapa en Guanajuato","author":"grieta","date":"1 mayo, 2016","format":false,"excerpt":"01\/05\/2016. Se manifiestan por los 43 normalistas de Ayotzinapa durante Marcha por el D\u00eda del Trabajo en Le\u00f3nZona Franca 26\/11\/2015. Se manifiestan colectivos en Le\u00f3n para recordar a los 43 estudiantes de AyotzinapaZona Franca 26\/10\/2015. Estudiantes y padres de familia de Ayotzinapa se manifiestan en el Cervantino en GuanajuatoAM 12\/10\/2015.\u2026","rel":"","context":"En &quot;Guanajuato&quot;","block_context":{"text":"Guanajuato","link":"https:\/\/www.grieta.org.mx\/index.php\/category\/noticias-nacionales\/guanajuato\/"},"img":{"alt_text":"","src":"https:\/\/i0.wp.com\/www.grieta.org.mx\/wp-content\/uploads\/2018\/03\/14524434_1106112876131411_958039263622046936_o.jpg?resize=350%2C200&ssl=1","width":350,"height":200,"srcset":"https:\/\/i0.wp.com\/www.grieta.org.mx\/wp-content\/uploads\/2018\/03\/14524434_1106112876131411_958039263622046936_o.jpg?resize=350%2C200&ssl=1 1x, https:\/\/i0.wp.com\/www.grieta.org.mx\/wp-content\/uploads\/2018\/03\/14524434_1106112876131411_958039263622046936_o.jpg?resize=525%2C300&ssl=1 1.5x, https:\/\/i0.wp.com\/www.grieta.org.mx\/wp-content\/uploads\/2018\/03\/14524434_1106112876131411_958039263622046936_o.jpg?resize=700%2C400&ssl=1 2x"},"classes":[]},{"id":6016,"url":"https:\/\/www.grieta.org.mx\/index.php\/2015\/09\/27\/se-manifiestan-en-guanajuato-a-un-ano-de-la-desaparicion-de-los-43-normalistas-en-ayotzinapa\/","url_meta":{"origin":6014,"position":1},"title":"Se manifiestan en Guanajuato a un a\u00f1o de la desaparici\u00f3n de los 43 normalistas en Ayotzinapa","author":"grieta","date":"27 septiembre, 2015","format":false,"excerpt":"Jorge Hern\u00e1ndez, Luis Garc\u00eda y Roberto Guti\u00e9rrez, Le\u00f3n\/Celaya\/San Miguel de Allende, Gto. Ciudadanos, activistas y miembros de asociaciones civiles guanajuatenses marcharon en protesta por la desaparici\u00f3n de los 43 estudiantes normalistas de Guerrero. El 26 de septiembre de 2014, estudiantes de la Normal de Ayotzinapa fueron atacados por polic\u00edas municipales\u2026","rel":"","context":"En &quot;CINTILLO&quot;","block_context":{"text":"CINTILLO","link":"https:\/\/www.grieta.org.mx\/index.php\/category\/cintillo\/"},"img":{"alt_text":"","src":"https:\/\/i0.wp.com\/www.grieta.org.mx\/wp-content\/uploads\/2018\/03\/14524434_1106112876131411_958039263622046936_o.jpg?resize=350%2C200&ssl=1","width":350,"height":200,"srcset":"https:\/\/i0.wp.com\/www.grieta.org.mx\/wp-content\/uploads\/2018\/03\/14524434_1106112876131411_958039263622046936_o.jpg?resize=350%2C200&ssl=1 1x, https:\/\/i0.wp.com\/www.grieta.org.mx\/wp-content\/uploads\/2018\/03\/14524434_1106112876131411_958039263622046936_o.jpg?resize=525%2C300&ssl=1 1.5x, https:\/\/i0.wp.com\/www.grieta.org.mx\/wp-content\/uploads\/2018\/03\/14524434_1106112876131411_958039263622046936_o.jpg?resize=700%2C400&ssl=1 2x"},"classes":[]},{"id":6003,"url":"https:\/\/www.grieta.org.mx\/index.php\/2015\/10\/26\/estudiantes-y-padres-de-familia-de-ayotzinapa-se-manifiestan-en-el-cervantino-en-guanajuato\/","url_meta":{"origin":6014,"position":2},"title":"Estudiantes y padres de familia de Ayotzinapa se manifiestan en el Cervantino en Guanajuato","author":"grieta","date":"26 octubre, 2015","format":false,"excerpt":"Gilberto Navarro AM Normalistas y padres de los 43 estudiantes desaparecidos marcharon por el Centro Hist\u00f3rico, acompa\u00f1ados de estudiantes y ciudadanos para exigir justicia. Cerca de las 5:30 de la tarde, alrededor de 200 personas se congregaron en el Jard\u00edn de Embajadoras para recorrer las calles de la ciudad con\u2026","rel":"","context":"En &quot;CINTILLO&quot;","block_context":{"text":"CINTILLO","link":"https:\/\/www.grieta.org.mx\/index.php\/category\/cintillo\/"},"img":{"alt_text":"","src":"https:\/\/i0.wp.com\/www.grieta.org.mx\/wp-content\/uploads\/2018\/03\/14524434_1106112876131411_958039263622046936_o.jpg?resize=350%2C200&ssl=1","width":350,"height":200,"srcset":"https:\/\/i0.wp.com\/www.grieta.org.mx\/wp-content\/uploads\/2018\/03\/14524434_1106112876131411_958039263622046936_o.jpg?resize=350%2C200&ssl=1 1x, https:\/\/i0.wp.com\/www.grieta.org.mx\/wp-content\/uploads\/2018\/03\/14524434_1106112876131411_958039263622046936_o.jpg?resize=525%2C300&ssl=1 1.5x, https:\/\/i0.wp.com\/www.grieta.org.mx\/wp-content\/uploads\/2018\/03\/14524434_1106112876131411_958039263622046936_o.jpg?resize=700%2C400&ssl=1 2x"},"classes":[]},{"id":6027,"url":"https:\/\/www.grieta.org.mx\/index.php\/2015\/08\/07\/se-manifiestan-padres-de-los-43-normalistas-en-guanajuato-gto\/","url_meta":{"origin":6014,"position":3},"title":"Se manifiestan padres de los 43 normalistas en Guanajuato, Gto","author":"grieta","date":"7 agosto, 2015","format":false,"excerpt":"Carmen Pizano , Guanajuato, Gto. Familiares de los normalistas de Ayotizanapa, Guerrero, marcharon por las calles de Guanajuato invitando a la gente a que se sume al movimiento para exigir a las autoridades federales que revelen la verdad sobre la desaparici\u00f3n y que los estudiantes regresen. Melit\u00f3n Ortega, t\u00edo de\u2026","rel":"","context":"En &quot;CINTILLO&quot;","block_context":{"text":"CINTILLO","link":"https:\/\/www.grieta.org.mx\/index.php\/category\/cintillo\/"},"img":{"alt_text":"","src":"https:\/\/i0.wp.com\/www.grieta.org.mx\/wp-content\/uploads\/2018\/03\/14524434_1106112876131411_958039263622046936_o.jpg?resize=350%2C200&ssl=1","width":350,"height":200,"srcset":"https:\/\/i0.wp.com\/www.grieta.org.mx\/wp-content\/uploads\/2018\/03\/14524434_1106112876131411_958039263622046936_o.jpg?resize=350%2C200&ssl=1 1x, https:\/\/i0.wp.com\/www.grieta.org.mx\/wp-content\/uploads\/2018\/03\/14524434_1106112876131411_958039263622046936_o.jpg?resize=525%2C300&ssl=1 1.5x, https:\/\/i0.wp.com\/www.grieta.org.mx\/wp-content\/uploads\/2018\/03\/14524434_1106112876131411_958039263622046936_o.jpg?resize=700%2C400&ssl=1 2x"},"classes":[]},{"id":11650,"url":"https:\/\/www.grieta.org.mx\/index.php\/2016\/05\/01\/se-manifiestan-por-los-43-normalistas-de-ayotzinapa-durante-marcha-del-dia-del-trabajo\/","url_meta":{"origin":6014,"position":4},"title":"Se manifiestan por los 43 normalistas de Ayotzinapa durante Marcha por el  D\u00eda del Trabajo en Le\u00f3n","author":"grieta","date":"1 mayo, 2016","format":false,"excerpt":"Carmen Mart\u00ednez, Le\u00f3n, Gto. Las consignas para hacer justicia a los 43 normalistas de Ayotzinapa llegaron hasta el Desfile Conmemorativo del D\u00eda del Trabajo en el municipio de Le\u00f3n. En medio de los contingentes, un grupo de manifestantes clam\u00f3 por esta y otras solicitudes ciudadanas. Integrantes de diferentes organizaciones adscritas\u2026","rel":"","context":"En &quot;CINTILLO&quot;","block_context":{"text":"CINTILLO","link":"https:\/\/www.grieta.org.mx\/index.php\/category\/cintillo\/"},"img":{"alt_text":"","src":"https:\/\/i0.wp.com\/www.grieta.org.mx\/wp-content\/uploads\/2018\/03\/14524434_1106112876131411_958039263622046936_o.jpg?resize=350%2C200&ssl=1","width":350,"height":200,"srcset":"https:\/\/i0.wp.com\/www.grieta.org.mx\/wp-content\/uploads\/2018\/03\/14524434_1106112876131411_958039263622046936_o.jpg?resize=350%2C200&ssl=1 1x, https:\/\/i0.wp.com\/www.grieta.org.mx\/wp-content\/uploads\/2018\/03\/14524434_1106112876131411_958039263622046936_o.jpg?resize=525%2C300&ssl=1 1.5x, https:\/\/i0.wp.com\/www.grieta.org.mx\/wp-content\/uploads\/2018\/03\/14524434_1106112876131411_958039263622046936_o.jpg?resize=700%2C400&ssl=1 2x"},"classes":[]},{"id":6032,"url":"https:\/\/www.grieta.org.mx\/index.php\/2015\/03\/27\/marchan-en-guanajuato-estudiantes-y-familiares-de-desparecidos-de-ayotzinapa\/","url_meta":{"origin":6014,"position":5},"title":"Marchan en Guanajuato estudiantes y familiares de desparecidos de Ayotzinapa","author":"grieta","date":"27 marzo, 2015","format":false,"excerpt":"Jorge Escalante, Guanajuato, Gto. Encabezados por seis familiares de normalistas de Ayotzinapa, unos 300 estudiantes de la Universidad de Guanajuato realizaron ayer una marcha exigiendo al gobierno federal encontrar con vida a los estudiantes que cumplieron seis meses desaparecidos. Francisco Lauro, Nicasio Garc\u00eda, las hermanas Isabel y Luz Mar\u00eda Pelumbre,\u2026","rel":"","context":"En &quot;CINTILLO&quot;","block_context":{"text":"CINTILLO","link":"https:\/\/www.grieta.org.mx\/index.php\/category\/cintillo\/"},"img":{"alt_text":"","src":"https:\/\/i0.wp.com\/www.grieta.org.mx\/wp-content\/uploads\/2018\/03\/14524434_1106112876131411_958039263622046936_o.jpg?resize=350%2C200&ssl=1","width":350,"height":200,"srcset":"https:\/\/i0.wp.com\/www.grieta.org.mx\/wp-content\/uploads\/2018\/03\/14524434_1106112876131411_958039263622046936_o.jpg?resize=350%2C200&ssl=1 1x, https:\/\/i0.wp.com\/www.grieta.org.mx\/wp-content\/uploads\/2018\/03\/14524434_1106112876131411_958039263622046936_o.jpg?resize=525%2C300&ssl=1 1.5x, https:\/\/i0.wp.com\/www.grieta.org.mx\/wp-content\/uploads\/2018\/03\/14524434_1106112876131411_958039263622046936_o.jpg?resize=700%2C400&ssl=1 2x"},"classes":[]}],"_links":{"self":[{"href":"https:\/\/www.grieta.org.mx\/index.php\/wp-json\/wp\/v2\/posts\/6014","targetHints":{"allow":["GET"]}}],"collection":[{"href":"https:\/\/www.grieta.org.mx\/index.php\/wp-json\/wp\/v2\/posts"}],"about":[{"href":"https:\/\/www.grieta.org.mx\/index.php\/wp-json\/wp\/v2\/types\/post"}],"author":[{"embeddable":true,"href":"https:\/\/www.grieta.org.mx\/index.php\/wp-json\/wp\/v2\/users\/2"}],"replies":[{"embeddable":true,"href":"https:\/\/www.grieta.org.mx\/index.php\/wp-json\/wp\/v2\/comments?post=6014"}],"version-history":[{"count":1,"href":"https:\/\/www.grieta.org.mx\/index.php\/wp-json\/wp\/v2\/posts\/6014\/revisions"}],"predecessor-version":[{"id":6015,"href":"https:\/\/www.grieta.org.mx\/index.php\/wp-json\/wp\/v2\/posts\/6014\/revisions\/6015"}],"wp:featuredmedia":[{"embeddable":true,"href":"https:\/\/www.grieta.org.mx\/index.php\/wp-json\/wp\/v2\/media\/21928"}],"wp:attachment":[{"href":"https:\/\/www.grieta.org.mx\/index.php\/wp-json\/wp\/v2\/media?parent=6014"}],"wp:term":[{"taxonomy":"category","embeddable":true,"href":"https:\/\/www.grieta.org.mx\/index.php\/wp-json\/wp\/v2\/categories?post=6014"},{"taxonomy":"post_tag","embeddable":true,"href":"https:\/\/www.grieta.org.mx\/index.php\/wp-json\/wp\/v2\/tags?post=6014"}],"curies":[{"name":"wp","href":"https:\/\/api.w.org\/{rel}","templated":true}]}}