{"id":60084,"date":"2021-06-24T21:29:56","date_gmt":"2021-06-25T02:29:56","guid":{"rendered":"http:\/\/www.grieta.org.mx\/?p=60084"},"modified":"2021-06-24T21:29:56","modified_gmt":"2021-06-25T02:29:56","slug":"destrozan-casa-del-gobierno-autonomo-en-nahuatzen-responsabilizan-a-partidos-politicos-michoacan","status":"publish","type":"post","link":"https:\/\/www.grieta.org.mx\/index.php\/2021\/06\/24\/destrozan-casa-del-gobierno-autonomo-en-nahuatzen-responsabilizan-a-partidos-politicos-michoacan\/","title":{"rendered":"Destrozan casa del gobierno aut\u00f3nomo en Nahuatzen; responsabilizan a partidos pol\u00edticos (Michoac\u00e1n)"},"content":{"rendered":"<p><strong>Desde 2019 y tras muchas dificultades, Nahuatzen, Michoac\u00e1n, se rige por usos y costumbres. Aquel a\u00f1o logr\u00f3 el reconocimiento de su gobierno aut\u00f3nomo y desterr\u00f3 as\u00ed a los partidos pol\u00edticos; este es un ataque a su autonom\u00eda, acusan.\u00a0<\/strong><\/p>\n<p>Texto: Arturo Contreras Camero<\/p>\n<p>Fotos: Cortes\u00eda Concejo de Gobierno de Nahuatzen.<\/p>\n<p>Pie de p\u00e1gina, 8 de mayo de 2021<\/p>\n<p>Una turba de personas irrumpi\u00f3 en la Casa Comunal de Nahuatzen e hizo destrozos; los hechos sucedieron la noche del viernes. La Casa Comunal es el centro del poder pol\u00edtico del Concejo Ciudadano Ind\u00edgena de Nahuatzen, el organismo de gobierno ind\u00edgena y aut\u00f3nomo de esa comunidad. Las agresiones fueron encabezadas y realizadas por simpatizantes a Morena y al Partido Verde Ecologista de M\u00e9xico que destruyeron los registros del uso de recursos p\u00fablicos as\u00ed como con propiedad patrimonio de la comunidad.<\/p>\n<p>\u201cEl d\u00eda de ayer, como Concejo tuvimos la asamblea de todos los viernes, en esa asamblea se notific\u00f3 que ya se hab\u00eda presentado la solicitud ante el IEM \u2013el Instituto Electoral de Michoac\u00e1n\u2013 para elegir nuevos concejales para la administraci\u00f3n 2021-2024\u201d, cuenta Yanitzia Ju\u00e1rez Avil\u00e9s, una de las concejales actuales.<\/p>\n<p>Desde 2019 el Instituto Electoral de Michoac\u00e1n reconoci\u00f3 la autonom\u00eda gestiva de esta comunidad, por lo que se les permiti\u00f3 organizar sus propios procesos para definir a sus autoridades, las cuales, cada tres a\u00f1os nombran un Concejo conformado por cuatro representantes de cada uno de los barrios de Nahuatzen, dos mujeres y dos hombres. En total, 16 personas llevan el gobierno de la comunidad.<\/p>\n<p>\u201cM\u00e1s o menos unos 40 minutos despu\u00e9s de que nos retiramos empezaron a entrar llamadas de que en la Casa Comunal hab\u00eda destrozos. Pintarrajearon la fachada, quemaron la documentaci\u00f3n de las oficinas, destrozaron computadoras y veh\u00edculos: la patrullita, una camioneta Ford que se usaban para protecci\u00f3n civil y un Tsurito; despu\u00e9s fueron a la casas de las personas del Concejo, y les destrozaron las ventanas, rompieron los espejos de los carros, por suerte no hubo ning\u00fan lesionado ayer\u201d, contin\u00faa Yanitzia en una entrevista telef\u00f3nica.<\/p>\n<figure id=\"attachment_60085\" aria-describedby=\"caption-attachment-60085\" style=\"width: 750px\" class=\"wp-caption alignnone\"><img loading=\"lazy\" decoding=\"async\" data-attachment-id=\"60085\" data-permalink=\"https:\/\/www.grieta.org.mx\/index.php\/2021\/06\/24\/destrozan-casa-del-gobierno-autonomo-en-nahuatzen-responsabilizan-a-partidos-politicos-michoacan\/partidos2_michoacan_especial_pdp\/\" data-orig-file=\"https:\/\/www.grieta.org.mx\/wp-content\/uploads\/2021\/06\/partidos2_Michoacan_especial_pDp.jpg\" data-orig-size=\"1200,800\" data-comments-opened=\"0\" data-image-meta=\"{&quot;aperture&quot;:&quot;0&quot;,&quot;credit&quot;:&quot;&quot;,&quot;camera&quot;:&quot;&quot;,&quot;caption&quot;:&quot;&quot;,&quot;created_timestamp&quot;:&quot;0&quot;,&quot;copyright&quot;:&quot;&quot;,&quot;focal_length&quot;:&quot;0&quot;,&quot;iso&quot;:&quot;0&quot;,&quot;shutter_speed&quot;:&quot;0&quot;,&quot;title&quot;:&quot;&quot;,&quot;orientation&quot;:&quot;1&quot;}\" data-image-title=\"partidos2_Michoacan_especial_pDp\" data-image-description=\"\" data-image-caption=\"&lt;p&gt;Foto: Cortes\u00eda Concejo de Gobierno de Nahuatzen. &lt;\/p&gt;\n\" data-medium-file=\"https:\/\/www.grieta.org.mx\/wp-content\/uploads\/2021\/06\/partidos2_Michoacan_especial_pDp-300x200.jpg\" data-large-file=\"https:\/\/www.grieta.org.mx\/wp-content\/uploads\/2021\/06\/partidos2_Michoacan_especial_pDp-1024x683.jpg\" class=\"wp-image-60085\" src=\"http:\/\/www.grieta.org.mx\/wp-content\/uploads\/2021\/06\/partidos2_Michoacan_especial_pDp.jpg\" alt=\"\" width=\"750\" height=\"500\" srcset=\"https:\/\/www.grieta.org.mx\/wp-content\/uploads\/2021\/06\/partidos2_Michoacan_especial_pDp.jpg 1200w, https:\/\/www.grieta.org.mx\/wp-content\/uploads\/2021\/06\/partidos2_Michoacan_especial_pDp-300x200.jpg 300w, https:\/\/www.grieta.org.mx\/wp-content\/uploads\/2021\/06\/partidos2_Michoacan_especial_pDp-1024x683.jpg 1024w, https:\/\/www.grieta.org.mx\/wp-content\/uploads\/2021\/06\/partidos2_Michoacan_especial_pDp-768x512.jpg 768w\" sizes=\"auto, (max-width: 750px) 100vw, 750px\" \/><figcaption id=\"caption-attachment-60085\" class=\"wp-caption-text\">Foto: Cortes\u00eda Concejo de Gobierno de Nahuatzen.<\/figcaption><\/figure>\n<p>A pesar de que la manera de gobernar en Nahuatzen est\u00e1 reconocida por las autoridades electorales, el sistema de partidos ha intentado recuperar el poder en la entidad impulsado diversos ataques en contra de la comunidad, a veces, con anuencia del gobierno estatal, refiere Yanitzia.<\/p>\n<p>Este a\u00f1o, que se deben renovar las concejal\u00edas locales, un grupo de personas, afiliadas a partidos pol\u00edticos buscan tirar el reconocimiento del autogobierno en la comunidad y restaurar el control de los partidos pol\u00edticos.<\/p>\n<p>\u201cEl gobierno del estado, a trav\u00e9s de la vieja estructura de partidos, lanz\u00f3 convocatorias a j\u00f3venes para presidente municipal\u201d. Yanitizia cuenta que durante una asamblea el pasado febrero, este grupo que promueve los partidos pol\u00edticos intent\u00f3 desconocer la figura del concejo, pero no lo lograron por no tener la convocatoria requerida. \u201cEs que manejaron un c\u00famulo de 800 credenciales, pero las impugnamos porque hab\u00eda como 40 difuntos, credenciales dobles, tarjetas del Inapam y licencias de conducir. Y al parecer, en la listas de personas aparec\u00edan algunas que a las que les hab\u00edan dado una despensa, que no fueron a la asamblea, pero aparec\u00edan como si hubieran estado ah\u00ed\u201d.<\/p>\n<p>Actualmente la validez de esa asamblea est\u00e1 bajo revisi\u00f3n en el Tribunal Superior Electoral de la Ciudad de M\u00e9xico, pues las autoridades locales no han sido capaces de determinarlo. Con la esperanza de que la decisi\u00f3n del Tribunal eche abajo el gobierno aut\u00f3nomo, los partidos pol\u00edticos erigieron a 8 aspirantes a la presidencia municipal, a pesar de contravenir el sistema de usos y costumbres<\/p>\n<p>En un acercamiento previo, el Concejo Ciudadano de Nahuatzen se reuni\u00f3 con los candidatos de los partidos pol\u00edticos. \u201cSolo quer\u00edan que supedit\u00e1ramos el Concejo Ind\u00edgena, que es aut\u00f3nomo, a su sistema de partidos. Les dijimos que no, que eso era imposible\u201d, cuenta al respecto Yanitzia.<\/p>\n<p>A las 10 de la ma\u00f1ana del s\u00e1bado, cuando los miembros del Concejo limpiaban la Casa Comunal, un grupo de cerca de sesenta personas, encabezados por los familiares de Antonio Antuchi, candidato del Partido Verde a la presidencia Municipal de Nahuatzen. Cuando los integrantes del Concejo intentaron hablar con ellos, los acorralaron al interior de la Casa y amenazaron con quemarlos vivos. Horas despu\u00e9s, cuando los agresores se retiraron, el Concejo pudo dejar la Casa. Inmediatamente se dirigieron a la Fiscal\u00eda Especializada de Paracho a denunciar las agresiones.<\/p>\n<p>Entre la documentaci\u00f3n perdida se encuentran los comprobantes del ejercicio de los recursos p\u00fablicos de julio a diciembre de 2018 as\u00ed como de los primeros meses de 2019. Adem\u00e1s, los invasores destruyeron y se robaron los documentos del departamento de Conciliaci\u00f3n, entre ellos el dinero correspondiente al pago de pensiones alimentarias de adultos mayores y madres solteras y el dep\u00f3sito de un choque automovil\u00edstico.<\/p>\n<figure id=\"attachment_60086\" aria-describedby=\"caption-attachment-60086\" style=\"width: 750px\" class=\"wp-caption alignnone\"><img loading=\"lazy\" decoding=\"async\" data-attachment-id=\"60086\" data-permalink=\"https:\/\/www.grieta.org.mx\/index.php\/2021\/06\/24\/destrozan-casa-del-gobierno-autonomo-en-nahuatzen-responsabilizan-a-partidos-politicos-michoacan\/partidos1_michoacan_especial_pdp\/\" data-orig-file=\"https:\/\/www.grieta.org.mx\/wp-content\/uploads\/2021\/06\/partidos1_Michoacan_especial_pDp.jpg\" data-orig-size=\"1200,800\" data-comments-opened=\"0\" data-image-meta=\"{&quot;aperture&quot;:&quot;0&quot;,&quot;credit&quot;:&quot;&quot;,&quot;camera&quot;:&quot;&quot;,&quot;caption&quot;:&quot;&quot;,&quot;created_timestamp&quot;:&quot;0&quot;,&quot;copyright&quot;:&quot;&quot;,&quot;focal_length&quot;:&quot;0&quot;,&quot;iso&quot;:&quot;0&quot;,&quot;shutter_speed&quot;:&quot;0&quot;,&quot;title&quot;:&quot;&quot;,&quot;orientation&quot;:&quot;1&quot;}\" data-image-title=\"partidos1_Michoacan_especial_pDp\" data-image-description=\"\" data-image-caption=\"&lt;p&gt;Fotos: Cortes\u00eda Concejo de Gobierno de Nahuatzen. &lt;\/p&gt;\n\" data-medium-file=\"https:\/\/www.grieta.org.mx\/wp-content\/uploads\/2021\/06\/partidos1_Michoacan_especial_pDp-300x200.jpg\" data-large-file=\"https:\/\/www.grieta.org.mx\/wp-content\/uploads\/2021\/06\/partidos1_Michoacan_especial_pDp-1024x683.jpg\" class=\"wp-image-60086\" src=\"http:\/\/www.grieta.org.mx\/wp-content\/uploads\/2021\/06\/partidos1_Michoacan_especial_pDp.jpg\" alt=\"\" width=\"750\" height=\"500\" srcset=\"https:\/\/www.grieta.org.mx\/wp-content\/uploads\/2021\/06\/partidos1_Michoacan_especial_pDp.jpg 1200w, https:\/\/www.grieta.org.mx\/wp-content\/uploads\/2021\/06\/partidos1_Michoacan_especial_pDp-300x200.jpg 300w, https:\/\/www.grieta.org.mx\/wp-content\/uploads\/2021\/06\/partidos1_Michoacan_especial_pDp-1024x683.jpg 1024w, https:\/\/www.grieta.org.mx\/wp-content\/uploads\/2021\/06\/partidos1_Michoacan_especial_pDp-768x512.jpg 768w\" sizes=\"auto, (max-width: 750px) 100vw, 750px\" \/><figcaption id=\"caption-attachment-60086\" class=\"wp-caption-text\">Fotos: Cortes\u00eda Concejo de Gobierno de Nahuatzen.<\/figcaption><\/figure>\n<p><em>\u201cEstamos intentando tomarlo lo m\u00e1s ligero posible, porque duele mucho, sin embargo para nosotros esta agresi\u00f3n es muy fuerte. Nos dejan sin dinero para responder ante la confianza de la gente que acudi\u00f3 para que se le resolvieran sus problemas; sin un peso para mantener el gobierno comunitario; nos dejan sin veh\u00edculos, nos amenazan de muerte y lo peor del asunto es que la Polic\u00eda Estatal y Municipal encabezaron estos da\u00f1os, hay testimonios que lo corroboran\u201d, asegura Yanitz<\/em><\/p>\n<p><a href=\"https:\/\/piedepagina.mx\/destrozan-casa-del-gobierno-autonomo-en-nahuatzen-responsabilizan-a-partidos-politicos\/\">https:\/\/piedepagina.mx\/destrozan-casa-del-gobierno-autonomo-en-nahuatzen-responsabilizan-a-partidos-politicos\/<\/a><\/p>\n","protected":false},"excerpt":{"rendered":"<p>Desde 2019 y tras muchas dificultades, Nahuatzen, Michoac\u00e1n, se rige por usos y costumbres. Aquel a\u00f1o logr\u00f3 el reconocimiento de su gobierno aut\u00f3nomo y desterr\u00f3 as\u00ed a los partidos pol\u00edticos; &hellip; <a href=\"https:\/\/www.grieta.org.mx\/index.php\/2021\/06\/24\/destrozan-casa-del-gobierno-autonomo-en-nahuatzen-responsabilizan-a-partidos-politicos-michoacan\/\" class=\"more-link\">Leer m\u00e1s<\/a><\/p>\n","protected":false},"author":2,"featured_media":60087,"comment_status":"closed","ping_status":"closed","sticky":false,"template":"","format":"standard","meta":{"ngg_post_thumbnail":0,"_jetpack_newsletter_access":"","_jetpack_dont_email_post_to_subs":false,"_jetpack_newsletter_tier_id":0,"_jetpack_memberships_contains_paywalled_content":false,"_jetpack_memberships_contains_paid_content":false,"footnotes":""},"categories":[80,1467,995,2934],"tags":[3483,474,2466],"class_list":["post-60084","post","type-post","status-publish","format-standard","has-post-thumbnail","hentry","category-cintillo","category-lucha-y-resistencia-de-la-comunidad-de-nahuatzen","category-resistencia-y-construccion-de-autonomia-de-las-comunidades-rurales-en-michoacan","category-resistencias-en-michoacan","tag-ataques-contra-la-poblacion-civil","tag-autonomia","tag-luchas-y-resistencias-de-pueblos-originarios","entry"],"jetpack_featured_media_url":"https:\/\/www.grieta.org.mx\/wp-content\/uploads\/2021\/06\/partidos_Michoacan_especial_pDp.jpg","jetpack_sharing_enabled":true,"jetpack_shortlink":"https:\/\/wp.me\/p7ZJR4-fD6","jetpack_likes_enabled":false,"jetpack-related-posts":[{"id":43391,"url":"https:\/\/www.grieta.org.mx\/index.php\/2020\/01\/23\/desmiente-concejo-indigena-a-alcaldesa-de-nahuatzen-y-la-retan-a-que-muestre-pruebas-michoacan\/","url_meta":{"origin":60084,"position":0},"title":"Desmiente Concejo Ind\u00edgena a alcaldesa de Nahuatzen y la retan a que muestre pruebas (Michoac\u00e1n)","author":"grieta","date":"23 enero, 2020","format":false,"excerpt":"Por Patricia Torres \/ Noventa Grados, 21 de enerp de 2020 Morelia, mich., a 21 de enero del 2020. Pavel Ulianov Guzm\u00e1n Macario, integrante del Concejo Ind\u00edgena de Michoac\u00e1n lament\u00f3 en rueda de prensa que la presidenta municipal de Nahuatzen los haya acusado como culpables por la violencia ocasionada en\u2026","rel":"","context":"En &quot;CINTILLO&quot;","block_context":{"text":"CINTILLO","link":"https:\/\/www.grieta.org.mx\/index.php\/category\/cintillo\/"},"img":{"alt_text":"","src":"https:\/\/i0.wp.com\/www.grieta.org.mx\/wp-content\/uploads\/2020\/01\/0-grande-1.jpg?resize=350%2C200&ssl=1","width":350,"height":200,"srcset":"https:\/\/i0.wp.com\/www.grieta.org.mx\/wp-content\/uploads\/2020\/01\/0-grande-1.jpg?resize=350%2C200&ssl=1 1x, https:\/\/i0.wp.com\/www.grieta.org.mx\/wp-content\/uploads\/2020\/01\/0-grande-1.jpg?resize=525%2C300&ssl=1 1.5x, https:\/\/i0.wp.com\/www.grieta.org.mx\/wp-content\/uploads\/2020\/01\/0-grande-1.jpg?resize=700%2C400&ssl=1 2x"},"classes":[]},{"id":43137,"url":"https:\/\/www.grieta.org.mx\/index.php\/2020\/01\/15\/consejo-supremo-indigena-de-michoacan-denuncia-represion-y-amenazas-de-muerte-en-contra-de-concejos-comunales-de-comachuen-sevina-y-nahuatzen\/","url_meta":{"origin":60084,"position":1},"title":"Consejo Supremo Ind\u00edgena de Michoac\u00e1n denuncia represi\u00f3n y amenazas de muerte en contra de Concejos Comunales de Comachu\u00e9n, Sevina y Nahuatzen","author":"grieta","date":"15 enero, 2020","format":false,"excerpt":"Por:Patricia Torres \/ Noventa Grados, 15 de Enero de 2020 Comunidades P`urh\u00e9pecha a 15 de enero del 2020. A trav\u00e9s de un comunicado, el Consejo Supremo Ind\u00edgena de Michoac\u00e1n (CSIM), consejo de autoridades civiles, comunales y tradicionales que agrupa alrededor de 60 comunidades, denunci\u00f3 la represi\u00f3n de comuneros, mujeres y\u2026","rel":"","context":"En &quot;CINTILLO&quot;","block_context":{"text":"CINTILLO","link":"https:\/\/www.grieta.org.mx\/index.php\/category\/cintillo\/"},"img":{"alt_text":"","src":"https:\/\/i0.wp.com\/www.grieta.org.mx\/wp-content\/uploads\/2020\/01\/0-grande.jpg?resize=350%2C200&ssl=1","width":350,"height":200,"srcset":"https:\/\/i0.wp.com\/www.grieta.org.mx\/wp-content\/uploads\/2020\/01\/0-grande.jpg?resize=350%2C200&ssl=1 1x, https:\/\/i0.wp.com\/www.grieta.org.mx\/wp-content\/uploads\/2020\/01\/0-grande.jpg?resize=525%2C300&ssl=1 1.5x, https:\/\/i0.wp.com\/www.grieta.org.mx\/wp-content\/uploads\/2020\/01\/0-grande.jpg?resize=700%2C400&ssl=1 2x"},"classes":[]},{"id":59220,"url":"https:\/\/www.grieta.org.mx\/index.php\/2021\/04\/06\/exigen-libertad-a-presos-politicos-en-michoacan-afuera-de-scjn\/","url_meta":{"origin":60084,"position":2},"title":"Exigen libertad a presos pol\u00edticos en Michoac\u00e1n afuera de SCJN","author":"grieta","date":"6 abril, 2021","format":false,"excerpt":"Los integrantes del Concejo se dieron cita en el lugar para exigir la liberaci\u00f3n de los concejales Jos\u00e9 Luis Jim\u00e9nez y Jos\u00e9 Antonio Arreola, Nora Bucio, MVS Noticias, 06 de abril de 2021 Integrantes del Concejo Ciudadano Ind\u00edgena de Nahuatzen, se manifestaron afuera de la sede de la Suprema Corte\u2026","rel":"","context":"En &quot;Autonom\u00edas&quot;","block_context":{"text":"Autonom\u00edas","link":"https:\/\/www.grieta.org.mx\/index.php\/category\/resistencias\/autonomias\/"},"img":{"alt_text":"","src":"https:\/\/i0.wp.com\/www.grieta.org.mx\/wp-content\/uploads\/2021\/05\/ccdcd426-whatsapp-image-2021-04-06-at-13.38.21.jpeg?resize=350%2C200&ssl=1","width":350,"height":200,"srcset":"https:\/\/i0.wp.com\/www.grieta.org.mx\/wp-content\/uploads\/2021\/05\/ccdcd426-whatsapp-image-2021-04-06-at-13.38.21.jpeg?resize=350%2C200&ssl=1 1x, https:\/\/i0.wp.com\/www.grieta.org.mx\/wp-content\/uploads\/2021\/05\/ccdcd426-whatsapp-image-2021-04-06-at-13.38.21.jpeg?resize=525%2C300&ssl=1 1.5x, https:\/\/i0.wp.com\/www.grieta.org.mx\/wp-content\/uploads\/2021\/05\/ccdcd426-whatsapp-image-2021-04-06-at-13.38.21.jpeg?resize=700%2C400&ssl=1 2x"},"classes":[]},{"id":35868,"url":"https:\/\/www.grieta.org.mx\/index.php\/2019\/07\/03\/serapaz-denuncia-el-encarcelamiento-de-tres-activistas-de-la-comunidad-indigena-de-nahuatzen-michoacan\/","url_meta":{"origin":60084,"position":3},"title":"Serapaz denuncia el encarcelamiento de tres activistas de la comunidad ind\u00edgena de Nahuatzen (Michoac\u00e1n)","author":"grieta","date":"3 julio, 2019","format":false,"excerpt":"Por Ixtlix\u00f3chitl L\u00f3pez \/ Proceso, 3 de julio de 2019 CIUDAD DE M\u00c9XICO (apro).- La organizaci\u00f3n Servicios y Asesor\u00eda para la Paz (Serapaz) denunci\u00f3 el injusto encarcelamiento de Jos\u00e9 Antonio Arreola, Jos\u00e9 Luis Jim\u00e9nez y Jos\u00e9 Gerardo Talavera, miembros de la comunidad ind\u00edgena pur\u00e9pecha de Nahuatzen, Michoac\u00e1n, privados de la\u2026","rel":"","context":"En &quot;CINTILLO&quot;","block_context":{"text":"CINTILLO","link":"https:\/\/www.grieta.org.mx\/index.php\/category\/cintillo\/"},"img":{"alt_text":"","src":"https:\/\/i0.wp.com\/www.grieta.org.mx\/wp-content\/uploads\/2019\/07\/Nahua-1078x808.jpg?resize=350%2C200&ssl=1","width":350,"height":200,"srcset":"https:\/\/i0.wp.com\/www.grieta.org.mx\/wp-content\/uploads\/2019\/07\/Nahua-1078x808.jpg?resize=350%2C200&ssl=1 1x, https:\/\/i0.wp.com\/www.grieta.org.mx\/wp-content\/uploads\/2019\/07\/Nahua-1078x808.jpg?resize=525%2C300&ssl=1 1.5x, https:\/\/i0.wp.com\/www.grieta.org.mx\/wp-content\/uploads\/2019\/07\/Nahua-1078x808.jpg?resize=700%2C400&ssl=1 2x, https:\/\/i0.wp.com\/www.grieta.org.mx\/wp-content\/uploads\/2019\/07\/Nahua-1078x808.jpg?resize=1050%2C600&ssl=1 3x"},"classes":[]},{"id":24033,"url":"https:\/\/www.grieta.org.mx\/index.php\/2018\/06\/29\/comunicado-de-prensa-declaracion-de-alerta-roja-en-la-comunidad-de-nahuatzen-michoacan\/","url_meta":{"origin":60084,"position":4},"title":"COMUNICADO DE PRENSA: DECLARACI\u00d3N DE ALERTA ROJA EN LA COMUNIDAD DE NAHUATZ\u00c9N (Michoac\u00e1n)","author":"grieta","date":"29 junio, 2018","format":false,"excerpt":"Nahuatz\u00e9n, Michoac\u00e1n. 29 de junio de 2018 COMUNICADO DE PRENSA: DECLARACI\u00d3N DE ALERTA ROJA EN LA COMUNIDAD DE NAHUATZ\u00c9N A TODOS LOS PUEBLOS DE LA MESETA P\u2019URH\u00c9PECHA AL CONCEJO IND\u00cdGENA DE GOBIERNO DEL CONGRESO NACIONAL IND\u00cdGENA A LOS CONCEJOS COMUNITARIOS, COMUNALES Y AUT\u00d3NOMOS DE MICHOAC\u00c1N Y M\u00c9XICO A LOS DEFENSORES\u2026","rel":"","context":"En &quot;CINTILLO&quot;","block_context":{"text":"CINTILLO","link":"https:\/\/www.grieta.org.mx\/index.php\/category\/cintillo\/"},"img":{"alt_text":"","src":"https:\/\/i0.wp.com\/www.grieta.org.mx\/wp-content\/uploads\/2018\/03\/14524434_1106112876131411_958039263622046936_o.jpg?resize=350%2C200&ssl=1","width":350,"height":200,"srcset":"https:\/\/i0.wp.com\/www.grieta.org.mx\/wp-content\/uploads\/2018\/03\/14524434_1106112876131411_958039263622046936_o.jpg?resize=350%2C200&ssl=1 1x, https:\/\/i0.wp.com\/www.grieta.org.mx\/wp-content\/uploads\/2018\/03\/14524434_1106112876131411_958039263622046936_o.jpg?resize=525%2C300&ssl=1 1.5x, https:\/\/i0.wp.com\/www.grieta.org.mx\/wp-content\/uploads\/2018\/03\/14524434_1106112876131411_958039263622046936_o.jpg?resize=700%2C400&ssl=1 2x"},"classes":[]},{"id":57157,"url":"https:\/\/www.grieta.org.mx\/index.php\/2021\/02\/18\/iden-a-la-corte-libertad-de-concejales-que-luchan-por-la-autonomia-purepecha-michoacan\/","url_meta":{"origin":60084,"position":5},"title":"iden a la Corte libertad de concejales que luchan por la autonom\u00eda pur\u00e9pecha (Michoac\u00e1n)","author":"grieta","date":"18 febrero, 2021","format":false,"excerpt":"El Concejo Ciudadano Ind\u00edgena de Nahuatzen, en la meseta pur\u00e9pecha de Michoac\u00e1n, promovi\u00f3 un recurso de reclamaci\u00f3n con el que esperan que la Suprema Corte ayude a liberar a dos autoridades ind\u00edgenas de la comunidad que fueron aprehendidos en 2018 para reprimir la construcci\u00f3n de un gobierno aut\u00f3nomo en la\u2026","rel":"","context":"En &quot;CINTILLO&quot;","block_context":{"text":"CINTILLO","link":"https:\/\/www.grieta.org.mx\/index.php\/category\/cintillo\/"},"img":{"alt_text":"","src":"https:\/\/i0.wp.com\/www.grieta.org.mx\/wp-content\/uploads\/2021\/02\/Nahuatzen_Mario-Marlo_Zona_Docs.jpg?resize=350%2C200&ssl=1","width":350,"height":200,"srcset":"https:\/\/i0.wp.com\/www.grieta.org.mx\/wp-content\/uploads\/2021\/02\/Nahuatzen_Mario-Marlo_Zona_Docs.jpg?resize=350%2C200&ssl=1 1x, https:\/\/i0.wp.com\/www.grieta.org.mx\/wp-content\/uploads\/2021\/02\/Nahuatzen_Mario-Marlo_Zona_Docs.jpg?resize=525%2C300&ssl=1 1.5x, https:\/\/i0.wp.com\/www.grieta.org.mx\/wp-content\/uploads\/2021\/02\/Nahuatzen_Mario-Marlo_Zona_Docs.jpg?resize=700%2C400&ssl=1 2x"},"classes":[]}],"_links":{"self":[{"href":"https:\/\/www.grieta.org.mx\/index.php\/wp-json\/wp\/v2\/posts\/60084","targetHints":{"allow":["GET"]}}],"collection":[{"href":"https:\/\/www.grieta.org.mx\/index.php\/wp-json\/wp\/v2\/posts"}],"about":[{"href":"https:\/\/www.grieta.org.mx\/index.php\/wp-json\/wp\/v2\/types\/post"}],"author":[{"embeddable":true,"href":"https:\/\/www.grieta.org.mx\/index.php\/wp-json\/wp\/v2\/users\/2"}],"replies":[{"embeddable":true,"href":"https:\/\/www.grieta.org.mx\/index.php\/wp-json\/wp\/v2\/comments?post=60084"}],"version-history":[{"count":1,"href":"https:\/\/www.grieta.org.mx\/index.php\/wp-json\/wp\/v2\/posts\/60084\/revisions"}],"predecessor-version":[{"id":60088,"href":"https:\/\/www.grieta.org.mx\/index.php\/wp-json\/wp\/v2\/posts\/60084\/revisions\/60088"}],"wp:featuredmedia":[{"embeddable":true,"href":"https:\/\/www.grieta.org.mx\/index.php\/wp-json\/wp\/v2\/media\/60087"}],"wp:attachment":[{"href":"https:\/\/www.grieta.org.mx\/index.php\/wp-json\/wp\/v2\/media?parent=60084"}],"wp:term":[{"taxonomy":"category","embeddable":true,"href":"https:\/\/www.grieta.org.mx\/index.php\/wp-json\/wp\/v2\/categories?post=60084"},{"taxonomy":"post_tag","embeddable":true,"href":"https:\/\/www.grieta.org.mx\/index.php\/wp-json\/wp\/v2\/tags?post=60084"}],"curies":[{"name":"wp","href":"https:\/\/api.w.org\/{rel}","templated":true}]}}